{"id":3421,"date":"2023-02-09T08:05:25","date_gmt":"2023-02-09T08:05:25","guid":{"rendered":"https:\/\/augustaabogados.com\/alumni\/?p=3421"},"modified":"2023-12-20T16:52:05","modified_gmt":"2023-12-20T16:52:05","slug":"webinar-directo-tendencias-laborables-2023","status":"publish","type":"post","link":"https:\/\/augustaabogados.com\/alumni\/webinar-directo-tendencias-laborables-2023\/","title":{"rendered":"Webinar en directo \u201cTendencias laborales en cumplimiento normativo laboral para el 2023\u201d"},"content":{"rendered":"<p>Con el comienzo del a\u00f1o, las empresas deben revisar o acometer m\u00faltiples obligaciones en el \u00e1mbito laboral. Algunas de ellas, como son la adecuaci\u00f3n a las nuevas modalidades de contrataci\u00f3n temporal contenidas en la reforma laboral o la adopci\u00f3n de planes de igualdad en aquellas compa\u00f1\u00edas de m\u00e1s de 50 trabajadores, ya fueron abordadas en el 2022.<\/p>\n<p>Asimismo, el 2023 no ser\u00e1 un ejercicio en el que las empresas puedan pasar de puntillas por las nuevas exigencias en las relaciones laborales. Por ejemplo, en materia de <strong>despido en situaci\u00f3n de incapacidad temporal<\/strong>, \u00bfcu\u00e1l es nuevo escenario tras la aprobaci\u00f3n de la Ley 15\/2022? Por otro lado, respecto a la obligaci\u00f3n de las compa\u00f1\u00edas a implantar un <strong>canal de denuncias<\/strong> para que los empleados informen sobre los comportamientos irregulares o il\u00edcitos en el seno de la organizaci\u00f3n, \u00bfqu\u00e9 supondr\u00e1 la inmediata transposici\u00f3n de la conocida como Directiva <i>Whistleblowing<\/i> a nuestro ordenamiento?<\/p>\n<p>Jueves 2 de marzo a las 11: horas (sesi\u00f3n de 2 horas) por Zoom.<\/p>\n<p>Inscr\u00edbete de manera gratuita a este webinar haciendo clic en el <a href=\"https:\/\/us02web.zoom.us\/webinar\/register\/WN_f_2ntp6vTeC6-xLXq2un-w\" target=\"_blank\" rel=\"noopener\">siguiente enlace<\/a>.<\/p>\n","protected":false},"excerpt":{"rendered":"<p>Con el fin de realizar una radiograf\u00eda de los principales retos laborales, <i>Economist &#038; Jurist<\/i> y  <u><strong>Augusta Abogados<\/strong><\/u>, te invitan a asistir al nuevo webinar.<\/p>\n","protected":false},"author":2,"featured_media":6482,"comment_status":"closed","ping_status":"open","sticky":false,"template":"","format":"standard","meta":{"site-sidebar-layout":"default","site-content-layout":"","ast-site-content-layout":"default","site-content-style":"default","site-sidebar-style":"default","ast-global-header-display":"","ast-banner-title-visibility":"","ast-main-header-display":"","ast-hfb-above-header-display":"","ast-hfb-below-header-display":"","ast-hfb-mobile-header-display":"","site-post-title":"","ast-breadcrumbs-content":"","ast-featured-img":"","footer-sml-layout":"","ast-disable-related-posts":"","theme-transparent-header-meta":"","adv-header-id-meta":"","stick-header-meta":"","header-above-stick-meta":"","header-main-stick-meta":"","header-below-stick-meta":"","astra-migrate-meta-layouts":"default","ast-page-background-enabled":"default","ast-page-background-meta":{"desktop":{"background-color":"var(--ast-global-color-4)","background-image":"","background-repeat":"repeat","background-position":"center center","background-size":"auto","background-attachment":"scroll","background-type":"","background-media":"","overlay-type":"","overlay-color":"","overlay-opacity":"","overlay-gradient":""},"tablet":{"background-color":"","background-image":"","background-repeat":"repeat","background-position":"center center","background-size":"auto","background-attachment":"scroll","background-type":"","background-media":"","overlay-type":"","overlay-color":"","overlay-opacity":"","overlay-gradient":""},"mobile":{"background-color":"","background-image":"","background-repeat":"repeat","background-position":"center center","background-size":"auto","background-attachment":"scroll","background-type":"","background-media":"","overlay-type":"","overlay-color":"","overlay-opacity":"","overlay-gradient":""}},"ast-content-background-meta":{"desktop":{"background-color":"var(--ast-global-color-5)","background-image":"","background-repeat":"repeat","background-position":"center center","background-size":"auto","background-attachment":"scroll","background-type":"","background-media":"","overlay-type":"","overlay-color":"","overlay-opacity":"","overlay-gradient":""},"tablet":{"background-color":"var(--ast-global-color-5)","background-image":"","background-repeat":"repeat","background-position":"center center","background-size":"auto","background-attachment":"scroll","background-type":"","background-media":"","overlay-type":"","overlay-color":"","overlay-opacity":"","overlay-gradient":""},"mobile":{"background-color":"var(--ast-global-color-5)","background-image":"","background-repeat":"repeat","background-position":"center center","background-size":"auto","background-attachment":"scroll","background-type":"","background-media":"","overlay-type":"","overlay-color":"","overlay-opacity":"","overlay-gradient":""}},"footnotes":""},"categories":[77],"tags":[920,921,922,528,548],"class_list":["post-3421","post","type-post","status-publish","format-standard","has-post-thumbnail","hentry","category-noticias","tag-cumplimientonormativolaboral","tag-desafiolaboral","tag-tendenciaslaborales","tag-augustaabogados","tag-derecholaboral"],"acf":[],"yoast_head":"<!-- This site is optimized with the Yoast SEO plugin v27.4 - https:\/\/yoast.com\/product\/yoast-seo-wordpress\/ -->\n<title>Webinar en directo \u201cTendencias laborales en cumplimiento normativo laboral para el 2023\u201d - Augusta Alumni<\/title>\n<meta name=\"robots\" content=\"index, follow, max-snippet:-1, max-image-preview:large, max-video-preview:-1\" \/>\n<link rel=\"canonical\" href=\"https:\/\/augustaabogados.com\/alumni\/webinar-directo-tendencias-laborables-2023\/\" \/>\n<meta property=\"og:locale\" content=\"es_ES\" \/>\n<meta property=\"og:type\" content=\"article\" \/>\n<meta property=\"og:title\" content=\"Webinar en directo \u201cTendencias laborales en cumplimiento normativo laboral para el 2023\u201d - Augusta Alumni\" \/>\n<meta property=\"og:description\" content=\"Con el fin de realizar una radiograf\u00eda de los principales retos laborales, Economist &amp; Jurist y Augusta Abogados, te invitan a asistir al nuevo webinar.\" \/>\n<meta property=\"og:url\" content=\"https:\/\/augustaabogados.com\/alumni\/webinar-directo-tendencias-laborables-2023\/\" \/>\n<meta property=\"og:site_name\" content=\"Augusta Alumni\" \/>\n<meta property=\"article:published_time\" content=\"2023-02-09T08:05:25+00:00\" \/>\n<meta property=\"article:modified_time\" content=\"2023-12-20T16:52:05+00:00\" \/>\n<meta property=\"og:image\" content=\"https:\/\/augustaabogados.com\/alumni\/wp-content\/uploads\/2023\/12\/actualidad-actualitat-news-augusta-abogados-509.jpg\" \/>\n\t<meta property=\"og:image:width\" content=\"800\" \/>\n\t<meta property=\"og:image:height\" content=\"418\" \/>\n\t<meta property=\"og:image:type\" content=\"image\/jpeg\" \/>\n<meta name=\"author\" content=\"david\" \/>\n<meta name=\"twitter:card\" content=\"summary_large_image\" \/>\n<meta name=\"twitter:label1\" content=\"Escrito por\" \/>\n\t<meta name=\"twitter:data1\" content=\"david\" \/>\n\t<meta name=\"twitter:label2\" content=\"Tiempo de lectura\" \/>\n\t<meta name=\"twitter:data2\" content=\"1 minuto\" \/>\n<script type=\"application\/ld+json\" class=\"yoast-schema-graph\">{\"@context\":\"https:\\\/\\\/schema.org\",\"@graph\":[{\"@type\":\"Article\",\"@id\":\"https:\\\/\\\/augustaabogados.com\\\/alumni\\\/webinar-directo-tendencias-laborables-2023\\\/#article\",\"isPartOf\":{\"@id\":\"https:\\\/\\\/augustaabogados.com\\\/alumni\\\/webinar-directo-tendencias-laborables-2023\\\/\"},\"author\":{\"name\":\"david\",\"@id\":\"https:\\\/\\\/augustaabogados.com\\\/alumni\\\/#\\\/schema\\\/person\\\/64a55191ed4f0d9c65699d1455fbb051\"},\"headline\":\"Webinar en directo \u201cTendencias laborales en cumplimiento normativo laboral para el 2023\u201d\",\"datePublished\":\"2023-02-09T08:05:25+00:00\",\"dateModified\":\"2023-12-20T16:52:05+00:00\",\"mainEntityOfPage\":{\"@id\":\"https:\\\/\\\/augustaabogados.com\\\/alumni\\\/webinar-directo-tendencias-laborables-2023\\\/\"},\"wordCount\":198,\"publisher\":{\"@id\":\"https:\\\/\\\/augustaabogados.com\\\/alumni\\\/#organization\"},\"image\":{\"@id\":\"https:\\\/\\\/augustaabogados.com\\\/alumni\\\/webinar-directo-tendencias-laborables-2023\\\/#primaryimage\"},\"thumbnailUrl\":\"https:\\\/\\\/augustaabogados.com\\\/alumni\\\/wp-content\\\/uploads\\\/2023\\\/12\\\/actualidad-actualitat-news-augusta-abogados-509.jpg\",\"keywords\":[\"#cumplimientonormativolaboral\",\"#desaf\u00edolaboral\",\"#tendenciaslaborales\",\"augustaabogados\",\"derecholaboral\"],\"articleSection\":[\"Noticias\"],\"inLanguage\":\"es\"},{\"@type\":\"WebPage\",\"@id\":\"https:\\\/\\\/augustaabogados.com\\\/alumni\\\/webinar-directo-tendencias-laborables-2023\\\/\",\"url\":\"https:\\\/\\\/augustaabogados.com\\\/alumni\\\/webinar-directo-tendencias-laborables-2023\\\/\",\"name\":\"Webinar en directo \u201cTendencias laborales en cumplimiento normativo laboral para el 2023\u201d - Augusta Alumni\",\"isPartOf\":{\"@id\":\"https:\\\/\\\/augustaabogados.com\\\/alumni\\\/#website\"},\"primaryImageOfPage\":{\"@id\":\"https:\\\/\\\/augustaabogados.com\\\/alumni\\\/webinar-directo-tendencias-laborables-2023\\\/#primaryimage\"},\"image\":{\"@id\":\"https:\\\/\\\/augustaabogados.com\\\/alumni\\\/webinar-directo-tendencias-laborables-2023\\\/#primaryimage\"},\"thumbnailUrl\":\"https:\\\/\\\/augustaabogados.com\\\/alumni\\\/wp-content\\\/uploads\\\/2023\\\/12\\\/actualidad-actualitat-news-augusta-abogados-509.jpg\",\"datePublished\":\"2023-02-09T08:05:25+00:00\",\"dateModified\":\"2023-12-20T16:52:05+00:00\",\"breadcrumb\":{\"@id\":\"https:\\\/\\\/augustaabogados.com\\\/alumni\\\/webinar-directo-tendencias-laborables-2023\\\/#breadcrumb\"},\"inLanguage\":\"es\",\"potentialAction\":[{\"@type\":\"ReadAction\",\"target\":[\"https:\\\/\\\/augustaabogados.com\\\/alumni\\\/webinar-directo-tendencias-laborables-2023\\\/\"]}]},{\"@type\":\"ImageObject\",\"inLanguage\":\"es\",\"@id\":\"https:\\\/\\\/augustaabogados.com\\\/alumni\\\/webinar-directo-tendencias-laborables-2023\\\/#primaryimage\",\"url\":\"https:\\\/\\\/augustaabogados.com\\\/alumni\\\/wp-content\\\/uploads\\\/2023\\\/12\\\/actualidad-actualitat-news-augusta-abogados-509.jpg\",\"contentUrl\":\"https:\\\/\\\/augustaabogados.com\\\/alumni\\\/wp-content\\\/uploads\\\/2023\\\/12\\\/actualidad-actualitat-news-augusta-abogados-509.jpg\",\"width\":800,\"height\":418},{\"@type\":\"BreadcrumbList\",\"@id\":\"https:\\\/\\\/augustaabogados.com\\\/alumni\\\/webinar-directo-tendencias-laborables-2023\\\/#breadcrumb\",\"itemListElement\":[{\"@type\":\"ListItem\",\"position\":1,\"name\":\"Portada\",\"item\":\"https:\\\/\\\/augustaabogados.com\\\/alumni\\\/\"},{\"@type\":\"ListItem\",\"position\":2,\"name\":\"Webinar en directo \u201cTendencias laborales en cumplimiento normativo laboral para el 2023\u201d\"}]},{\"@type\":\"WebSite\",\"@id\":\"https:\\\/\\\/augustaabogados.com\\\/alumni\\\/#website\",\"url\":\"https:\\\/\\\/augustaabogados.com\\\/alumni\\\/\",\"name\":\"augusta abogados\",\"description\":\"\",\"publisher\":{\"@id\":\"https:\\\/\\\/augustaabogados.com\\\/alumni\\\/#organization\"},\"potentialAction\":[{\"@type\":\"SearchAction\",\"target\":{\"@type\":\"EntryPoint\",\"urlTemplate\":\"https:\\\/\\\/augustaabogados.com\\\/alumni\\\/?s={search_term_string}\"},\"query-input\":{\"@type\":\"PropertyValueSpecification\",\"valueRequired\":true,\"valueName\":\"search_term_string\"}}],\"inLanguage\":\"es\"},{\"@type\":\"Organization\",\"@id\":\"https:\\\/\\\/augustaabogados.com\\\/alumni\\\/#organization\",\"name\":\"augusta abogados\",\"url\":\"https:\\\/\\\/augustaabogados.com\\\/alumni\\\/\",\"logo\":{\"@type\":\"ImageObject\",\"inLanguage\":\"es\",\"@id\":\"https:\\\/\\\/augustaabogados.com\\\/alumni\\\/#\\\/schema\\\/logo\\\/image\\\/\",\"url\":\"https:\\\/\\\/augustaabogados.com\\\/alumni\\\/wp-content\\\/uploads\\\/2023\\\/12\\\/A_ALUMNI_VERT_2TINTAS-1.svg\",\"contentUrl\":\"https:\\\/\\\/augustaabogados.com\\\/alumni\\\/wp-content\\\/uploads\\\/2023\\\/12\\\/A_ALUMNI_VERT_2TINTAS-1.svg\",\"width\":239,\"height\":87,\"caption\":\"augusta abogados\"},\"image\":{\"@id\":\"https:\\\/\\\/augustaabogados.com\\\/alumni\\\/#\\\/schema\\\/logo\\\/image\\\/\"}},{\"@type\":\"Person\",\"@id\":\"https:\\\/\\\/augustaabogados.com\\\/alumni\\\/#\\\/schema\\\/person\\\/64a55191ed4f0d9c65699d1455fbb051\",\"name\":\"david\",\"image\":{\"@type\":\"ImageObject\",\"inLanguage\":\"es\",\"@id\":\"https:\\\/\\\/secure.gravatar.com\\\/avatar\\\/7239c726335dbdff32790e5c7b8b984cbe00f5a1c2465bc42ab52343c935f3ed?s=96&d=mm&r=g\",\"url\":\"https:\\\/\\\/secure.gravatar.com\\\/avatar\\\/7239c726335dbdff32790e5c7b8b984cbe00f5a1c2465bc42ab52343c935f3ed?s=96&d=mm&r=g\",\"contentUrl\":\"https:\\\/\\\/secure.gravatar.com\\\/avatar\\\/7239c726335dbdff32790e5c7b8b984cbe00f5a1c2465bc42ab52343c935f3ed?s=96&d=mm&r=g\",\"caption\":\"david\"},\"url\":\"https:\\\/\\\/augustaabogados.com\\\/alumni\\\/author\\\/david\\\/\"}]}<\/script>\n<!-- \/ Yoast SEO plugin. -->","yoast_head_json":{"title":"Webinar en directo \u201cTendencias laborales en cumplimiento normativo laboral para el 2023\u201d - Augusta Alumni","robots":{"index":"index","follow":"follow","max-snippet":"max-snippet:-1","max-image-preview":"max-image-preview:large","max-video-preview":"max-video-preview:-1"},"canonical":"https:\/\/augustaabogados.com\/alumni\/webinar-directo-tendencias-laborables-2023\/","og_locale":"es_ES","og_type":"article","og_title":"Webinar en directo \u201cTendencias laborales en cumplimiento normativo laboral para el 2023\u201d - Augusta Alumni","og_description":"Con el fin de realizar una radiograf\u00eda de los principales retos laborales, Economist & Jurist y Augusta Abogados, te invitan a asistir al nuevo webinar.","og_url":"https:\/\/augustaabogados.com\/alumni\/webinar-directo-tendencias-laborables-2023\/","og_site_name":"Augusta Alumni","article_published_time":"2023-02-09T08:05:25+00:00","article_modified_time":"2023-12-20T16:52:05+00:00","og_image":[{"width":800,"height":418,"url":"https:\/\/augustaabogados.com\/alumni\/wp-content\/uploads\/2023\/12\/actualidad-actualitat-news-augusta-abogados-509.jpg","type":"image\/jpeg"}],"author":"david","twitter_card":"summary_large_image","twitter_misc":{"Escrito por":"david","Tiempo de lectura":"1 minuto"},"schema":{"@context":"https:\/\/schema.org","@graph":[{"@type":"Article","@id":"https:\/\/augustaabogados.com\/alumni\/webinar-directo-tendencias-laborables-2023\/#article","isPartOf":{"@id":"https:\/\/augustaabogados.com\/alumni\/webinar-directo-tendencias-laborables-2023\/"},"author":{"name":"david","@id":"https:\/\/augustaabogados.com\/alumni\/#\/schema\/person\/64a55191ed4f0d9c65699d1455fbb051"},"headline":"Webinar en directo \u201cTendencias laborales en cumplimiento normativo laboral para el 2023\u201d","datePublished":"2023-02-09T08:05:25+00:00","dateModified":"2023-12-20T16:52:05+00:00","mainEntityOfPage":{"@id":"https:\/\/augustaabogados.com\/alumni\/webinar-directo-tendencias-laborables-2023\/"},"wordCount":198,"publisher":{"@id":"https:\/\/augustaabogados.com\/alumni\/#organization"},"image":{"@id":"https:\/\/augustaabogados.com\/alumni\/webinar-directo-tendencias-laborables-2023\/#primaryimage"},"thumbnailUrl":"https:\/\/augustaabogados.com\/alumni\/wp-content\/uploads\/2023\/12\/actualidad-actualitat-news-augusta-abogados-509.jpg","keywords":["#cumplimientonormativolaboral","#desaf\u00edolaboral","#tendenciaslaborales","augustaabogados","derecholaboral"],"articleSection":["Noticias"],"inLanguage":"es"},{"@type":"WebPage","@id":"https:\/\/augustaabogados.com\/alumni\/webinar-directo-tendencias-laborables-2023\/","url":"https:\/\/augustaabogados.com\/alumni\/webinar-directo-tendencias-laborables-2023\/","name":"Webinar en directo \u201cTendencias laborales en cumplimiento normativo laboral para el 2023\u201d - Augusta Alumni","isPartOf":{"@id":"https:\/\/augustaabogados.com\/alumni\/#website"},"primaryImageOfPage":{"@id":"https:\/\/augustaabogados.com\/alumni\/webinar-directo-tendencias-laborables-2023\/#primaryimage"},"image":{"@id":"https:\/\/augustaabogados.com\/alumni\/webinar-directo-tendencias-laborables-2023\/#primaryimage"},"thumbnailUrl":"https:\/\/augustaabogados.com\/alumni\/wp-content\/uploads\/2023\/12\/actualidad-actualitat-news-augusta-abogados-509.jpg","datePublished":"2023-02-09T08:05:25+00:00","dateModified":"2023-12-20T16:52:05+00:00","breadcrumb":{"@id":"https:\/\/augustaabogados.com\/alumni\/webinar-directo-tendencias-laborables-2023\/#breadcrumb"},"inLanguage":"es","potentialAction":[{"@type":"ReadAction","target":["https:\/\/augustaabogados.com\/alumni\/webinar-directo-tendencias-laborables-2023\/"]}]},{"@type":"ImageObject","inLanguage":"es","@id":"https:\/\/augustaabogados.com\/alumni\/webinar-directo-tendencias-laborables-2023\/#primaryimage","url":"https:\/\/augustaabogados.com\/alumni\/wp-content\/uploads\/2023\/12\/actualidad-actualitat-news-augusta-abogados-509.jpg","contentUrl":"https:\/\/augustaabogados.com\/alumni\/wp-content\/uploads\/2023\/12\/actualidad-actualitat-news-augusta-abogados-509.jpg","width":800,"height":418},{"@type":"BreadcrumbList","@id":"https:\/\/augustaabogados.com\/alumni\/webinar-directo-tendencias-laborables-2023\/#breadcrumb","itemListElement":[{"@type":"ListItem","position":1,"name":"Portada","item":"https:\/\/augustaabogados.com\/alumni\/"},{"@type":"ListItem","position":2,"name":"Webinar en directo \u201cTendencias laborales en cumplimiento normativo laboral para el 2023\u201d"}]},{"@type":"WebSite","@id":"https:\/\/augustaabogados.com\/alumni\/#website","url":"https:\/\/augustaabogados.com\/alumni\/","name":"augusta abogados","description":"","publisher":{"@id":"https:\/\/augustaabogados.com\/alumni\/#organization"},"potentialAction":[{"@type":"SearchAction","target":{"@type":"EntryPoint","urlTemplate":"https:\/\/augustaabogados.com\/alumni\/?s={search_term_string}"},"query-input":{"@type":"PropertyValueSpecification","valueRequired":true,"valueName":"search_term_string"}}],"inLanguage":"es"},{"@type":"Organization","@id":"https:\/\/augustaabogados.com\/alumni\/#organization","name":"augusta abogados","url":"https:\/\/augustaabogados.com\/alumni\/","logo":{"@type":"ImageObject","inLanguage":"es","@id":"https:\/\/augustaabogados.com\/alumni\/#\/schema\/logo\/image\/","url":"https:\/\/augustaabogados.com\/alumni\/wp-content\/uploads\/2023\/12\/A_ALUMNI_VERT_2TINTAS-1.svg","contentUrl":"https:\/\/augustaabogados.com\/alumni\/wp-content\/uploads\/2023\/12\/A_ALUMNI_VERT_2TINTAS-1.svg","width":239,"height":87,"caption":"augusta abogados"},"image":{"@id":"https:\/\/augustaabogados.com\/alumni\/#\/schema\/logo\/image\/"}},{"@type":"Person","@id":"https:\/\/augustaabogados.com\/alumni\/#\/schema\/person\/64a55191ed4f0d9c65699d1455fbb051","name":"david","image":{"@type":"ImageObject","inLanguage":"es","@id":"https:\/\/secure.gravatar.com\/avatar\/7239c726335dbdff32790e5c7b8b984cbe00f5a1c2465bc42ab52343c935f3ed?s=96&d=mm&r=g","url":"https:\/\/secure.gravatar.com\/avatar\/7239c726335dbdff32790e5c7b8b984cbe00f5a1c2465bc42ab52343c935f3ed?s=96&d=mm&r=g","contentUrl":"https:\/\/secure.gravatar.com\/avatar\/7239c726335dbdff32790e5c7b8b984cbe00f5a1c2465bc42ab52343c935f3ed?s=96&d=mm&r=g","caption":"david"},"url":"https:\/\/augustaabogados.com\/alumni\/author\/david\/"}]}},"_links":{"self":[{"href":"https:\/\/augustaabogados.com\/alumni\/wp-json\/wp\/v2\/posts\/3421","targetHints":{"allow":["GET"]}}],"collection":[{"href":"https:\/\/augustaabogados.com\/alumni\/wp-json\/wp\/v2\/posts"}],"about":[{"href":"https:\/\/augustaabogados.com\/alumni\/wp-json\/wp\/v2\/types\/post"}],"author":[{"embeddable":true,"href":"https:\/\/augustaabogados.com\/alumni\/wp-json\/wp\/v2\/users\/2"}],"replies":[{"embeddable":true,"href":"https:\/\/augustaabogados.com\/alumni\/wp-json\/wp\/v2\/comments?post=3421"}],"version-history":[{"count":1,"href":"https:\/\/augustaabogados.com\/alumni\/wp-json\/wp\/v2\/posts\/3421\/revisions"}],"predecessor-version":[{"id":4607,"href":"https:\/\/augustaabogados.com\/alumni\/wp-json\/wp\/v2\/posts\/3421\/revisions\/4607"}],"wp:featuredmedia":[{"embeddable":true,"href":"https:\/\/augustaabogados.com\/alumni\/wp-json\/wp\/v2\/media\/6482"}],"wp:attachment":[{"href":"https:\/\/augustaabogados.com\/alumni\/wp-json\/wp\/v2\/media?parent=3421"}],"wp:term":[{"taxonomy":"category","embeddable":true,"href":"https:\/\/augustaabogados.com\/alumni\/wp-json\/wp\/v2\/categories?post=3421"},{"taxonomy":"post_tag","embeddable":true,"href":"https:\/\/augustaabogados.com\/alumni\/wp-json\/wp\/v2\/tags?post=3421"}],"curies":[{"name":"wp","href":"https:\/\/api.w.org\/{rel}","templated":true}]}}