{"id":3425,"date":"2023-03-20T13:58:09","date_gmt":"2023-03-20T13:58:09","guid":{"rendered":"https:\/\/augustaabogados.com\/alumni\/?p=3425"},"modified":"2023-12-20T16:52:00","modified_gmt":"2023-12-20T16:52:00","slug":"propuesta-reforma-fiscal-joe-biden","status":"publish","type":"post","link":"https:\/\/augustaabogados.com\/alumni\/propuesta-reforma-fiscal-joe-biden\/","title":{"rendered":"LA SORPRENDENTE PROPUESTA DE REFORMA FISCAL DE JOE BIDEN"},"content":{"rendered":"<p><strong>TRIBUNA OPINI\u00d3N<\/strong><\/p>\n<p><strong>Juan Jos\u00e9 Terraza.<\/strong> Abogado | <strong>Augusta Abogados<\/strong><br \/>\n<em>*Abogado fiscalista que ha ejercido en Barcelona y Nueva York<\/em><\/p>\n<p><strong>LA SORPRENDENTE PROPUESTA DE REFORMA FISCAL DE JOE BIDEN<\/strong><\/p>\n<p>En Espa\u00f1a existe una tendencia a idealizar lo que pasa en el extranjero cuando lo comparamos con nuestra propia realidad. Ahora estamos todos especialmente atosigados por la carest\u00eda de la vida y por la presi\u00f3n fiscal que padecemos. Tenemos impuestos sobre la renta altos, contribuciones sociales importantes, un IVA sobre todo lo que consumimos e impuestos especiales sobre las gasolinas y otros consumos adem\u00e1s de impuestos patrimoniales considerables sobre los activos que poseemos y heredamos.<br \/>\nEn Estados Unidos, el sistema fiscal se basa mucho menos sobre la imposici\u00f3n al consumo, carecen de IVA, aunque cuentan con un impuesto sobre las ventas minoristas que s\u00f3lo aplica en algunos estados. El gravamen sobre ciertos consumos como la gasolina es considerablemente m\u00e1s bajo que el europeo. Del mismo modo, no existe un impuesto sobre el patrimonio.<br \/>\nComo contraposici\u00f3n a esta realidad, el sistema fiscal americano cuenta con un impuesto sobre la renta y un impuesto sobre sociedades considerable, en ciertas partes del pa\u00eds perfectamente comparable a los niveles de imposici\u00f3n europeos.<br \/>\nEl pasado 9 de marzo el Presidente Biden anunci\u00f3 un proyecto de ley de presupuestos para el a\u00f1o fiscal 2024 en el que se proponen una serie de medidas cuando menos sorprendentes y que podr\u00edan ser del agrado de alguno de los partidos que conforman el actual Gobierno espa\u00f1ol.<br \/>\nEn dicho proyecto se propone una subida del Impuesto sobre sociedades a nivel federal hasta el 28% (del 21% actual), a lo que hay que a\u00f1adir los recargos estatales y municipales de hasta un 12% adicional. Teniendo en cuenta que en Espa\u00f1a tenemos una imposici\u00f3n sobre sociedades del 25% a tipo general, la diferencia es considerable.<br \/>\nA nivel personal destaca la propuesta del Presidente Biden de gravar las rentas del capital al tipo progresivo general y no al tipo reducido para aquellos contribuyentes cuyos ingresos excedan del mill\u00f3n de d\u00f3lares. Estas fuentes de renta pasar\u00edan a ser gravadas a un tipo marginal del 39,6% (44,6% junto con el impuesto sobre las inversiones netas), a lo que a su vez habr\u00eda que sumar los recargos sobre la renta estatales y municipales en aquellos lugares en que aplica.<br \/>\nEl Presidente tambi\u00e9n pretende eliminar el tratamiento como rentas del capital del <em>carried interest<\/em> de financieros que promueven fondos de inversi\u00f3n y <em>private equities<\/em>. Estos pasar\u00edan a tributar como renta ordinaria.<br \/>\nSin embargo, uno de los aspectos m\u00e1s chocantes de la reforma es la tributaci\u00f3n de las ganancias de capital no realizadas, que en caso de patrimonios altos (definidos como de m\u00e1s de 100 millones) pasan a ser, en algunos casos, gravadas como si hubieran sido realmente cristalizadas.<br \/>\nEste aspecto es realmente llamativo desde la perspectiva espa\u00f1ola, puesto que una ganancia de capital no realizada no supone una manifestaci\u00f3n de renta y del mismo modo que la valoraci\u00f3n de un activo puede subir tambi\u00e9n puede bajar. Es decir, una persona puede tener que pagar impuestos por una plusval\u00eda no realizada en cierto a\u00f1o mientras que el a\u00f1o siguiente podr\u00eda solicitar una devoluci\u00f3n pues la valoraci\u00f3n ha cambiado.  Esto dar\u00eda lugar en nuestro contexto a numerosa controversia.<br \/>\nOtra cuesti\u00f3n es la capacidad del Presidente de imponer estas reformas en un Congreso dominado por los republicanos y un Senado que controla por un solo voto.<\/p>\n<p><strong>Publicado en Expansi\u00f3n el 18 de marzo de 2023<\/strong><\/p>\n","protected":false},"excerpt":{"rendered":"<p>En Espa\u00f1a existe una tendencia a idealizar lo que pasa en el extranjero cuando lo comparamos con nuestra propia realidad. Ahora estamos todos especialmente atosigados por la carest\u00eda de la vida y por la presi\u00f3n fiscal que padecemos. Tenemos impuestos sobre la renta altos, contribuciones sociales importantes, un IVA sobre todo lo que consumimos e impuestos especiales sobre las gasolinas y otros consumos adem\u00e1s de impuestos patrimoniales considerables sobre los activos que poseemos y heredamos.<\/p>\n","protected":false},"author":2,"featured_media":6484,"comment_status":"closed","ping_status":"open","sticky":false,"template":"","format":"standard","meta":{"site-sidebar-layout":"default","site-content-layout":"","ast-site-content-layout":"default","site-content-style":"default","site-sidebar-style":"default","ast-global-header-display":"","ast-banner-title-visibility":"","ast-main-header-display":"","ast-hfb-above-header-display":"","ast-hfb-below-header-display":"","ast-hfb-mobile-header-display":"","site-post-title":"","ast-breadcrumbs-content":"","ast-featured-img":"","footer-sml-layout":"","ast-disable-related-posts":"","theme-transparent-header-meta":"","adv-header-id-meta":"","stick-header-meta":"","header-above-stick-meta":"","header-main-stick-meta":"","header-below-stick-meta":"","astra-migrate-meta-layouts":"default","ast-page-background-enabled":"default","ast-page-background-meta":{"desktop":{"background-color":"var(--ast-global-color-4)","background-image":"","background-repeat":"repeat","background-position":"center center","background-size":"auto","background-attachment":"scroll","background-type":"","background-media":"","overlay-type":"","overlay-color":"","overlay-opacity":"","overlay-gradient":""},"tablet":{"background-color":"","background-image":"","background-repeat":"repeat","background-position":"center center","background-size":"auto","background-attachment":"scroll","background-type":"","background-media":"","overlay-type":"","overlay-color":"","overlay-opacity":"","overlay-gradient":""},"mobile":{"background-color":"","background-image":"","background-repeat":"repeat","background-position":"center center","background-size":"auto","background-attachment":"scroll","background-type":"","background-media":"","overlay-type":"","overlay-color":"","overlay-opacity":"","overlay-gradient":""}},"ast-content-background-meta":{"desktop":{"background-color":"var(--ast-global-color-5)","background-image":"","background-repeat":"repeat","background-position":"center center","background-size":"auto","background-attachment":"scroll","background-type":"","background-media":"","overlay-type":"","overlay-color":"","overlay-opacity":"","overlay-gradient":""},"tablet":{"background-color":"var(--ast-global-color-5)","background-image":"","background-repeat":"repeat","background-position":"center center","background-size":"auto","background-attachment":"scroll","background-type":"","background-media":"","overlay-type":"","overlay-color":"","overlay-opacity":"","overlay-gradient":""},"mobile":{"background-color":"var(--ast-global-color-5)","background-image":"","background-repeat":"repeat","background-position":"center center","background-size":"auto","background-attachment":"scroll","background-type":"","background-media":"","overlay-type":"","overlay-color":"","overlay-opacity":"","overlay-gradient":""}},"footnotes":""},"categories":[77],"tags":[926,927,528,622,855],"class_list":["post-3425","post","type-post","status-publish","format-standard","has-post-thumbnail","hentry","category-noticias","tag-impuestos-especiales","tag-joe-biden","tag-augustaabogados","tag-expansion","tag-reforma-fiscal"],"acf":[],"yoast_head":"<!-- This site is optimized with the Yoast SEO plugin v27.4 - https:\/\/yoast.com\/product\/yoast-seo-wordpress\/ -->\n<title>LA SORPRENDENTE PROPUESTA DE REFORMA FISCAL DE JOE BIDEN - Augusta Alumni<\/title>\n<meta name=\"robots\" content=\"index, follow, max-snippet:-1, max-image-preview:large, max-video-preview:-1\" \/>\n<link rel=\"canonical\" href=\"https:\/\/augustaabogados.com\/alumni\/propuesta-reforma-fiscal-joe-biden\/\" \/>\n<meta property=\"og:locale\" content=\"es_ES\" \/>\n<meta property=\"og:type\" content=\"article\" \/>\n<meta property=\"og:title\" content=\"LA SORPRENDENTE PROPUESTA DE REFORMA FISCAL DE JOE BIDEN - Augusta Alumni\" \/>\n<meta property=\"og:description\" content=\"En Espa\u00f1a existe una tendencia a idealizar lo que pasa en el extranjero cuando lo comparamos con nuestra propia realidad. Ahora estamos todos especialmente atosigados por la carest\u00eda de la vida y por la presi\u00f3n fiscal que padecemos. Tenemos impuestos sobre la renta altos, contribuciones sociales importantes, un IVA sobre todo lo que consumimos e impuestos especiales sobre las gasolinas y otros consumos adem\u00e1s de impuestos patrimoniales considerables sobre los activos que poseemos y heredamos.\" \/>\n<meta property=\"og:url\" content=\"https:\/\/augustaabogados.com\/alumni\/propuesta-reforma-fiscal-joe-biden\/\" \/>\n<meta property=\"og:site_name\" content=\"Augusta Alumni\" \/>\n<meta property=\"article:published_time\" content=\"2023-03-20T13:58:09+00:00\" \/>\n<meta property=\"article:modified_time\" content=\"2023-12-20T16:52:00+00:00\" \/>\n<meta property=\"og:image\" content=\"https:\/\/augustaabogados.com\/alumni\/wp-content\/uploads\/2023\/12\/actualidad-actualitat-news-augusta-abogados-510.jpg\" \/>\n\t<meta property=\"og:image:width\" content=\"800\" \/>\n\t<meta property=\"og:image:height\" content=\"418\" \/>\n\t<meta property=\"og:image:type\" content=\"image\/jpeg\" \/>\n<meta name=\"author\" content=\"david\" \/>\n<meta name=\"twitter:card\" content=\"summary_large_image\" \/>\n<meta name=\"twitter:label1\" content=\"Escrito por\" \/>\n\t<meta name=\"twitter:data1\" content=\"david\" \/>\n\t<meta name=\"twitter:label2\" content=\"Tiempo de lectura\" \/>\n\t<meta name=\"twitter:data2\" content=\"3 minutos\" \/>\n<script type=\"application\/ld+json\" class=\"yoast-schema-graph\">{\"@context\":\"https:\\\/\\\/schema.org\",\"@graph\":[{\"@type\":\"Article\",\"@id\":\"https:\\\/\\\/augustaabogados.com\\\/alumni\\\/propuesta-reforma-fiscal-joe-biden\\\/#article\",\"isPartOf\":{\"@id\":\"https:\\\/\\\/augustaabogados.com\\\/alumni\\\/propuesta-reforma-fiscal-joe-biden\\\/\"},\"author\":{\"name\":\"david\",\"@id\":\"https:\\\/\\\/augustaabogados.com\\\/alumni\\\/#\\\/schema\\\/person\\\/64a55191ed4f0d9c65699d1455fbb051\"},\"headline\":\"LA SORPRENDENTE PROPUESTA DE REFORMA FISCAL DE JOE BIDEN\",\"datePublished\":\"2023-03-20T13:58:09+00:00\",\"dateModified\":\"2023-12-20T16:52:00+00:00\",\"mainEntityOfPage\":{\"@id\":\"https:\\\/\\\/augustaabogados.com\\\/alumni\\\/propuesta-reforma-fiscal-joe-biden\\\/\"},\"wordCount\":610,\"publisher\":{\"@id\":\"https:\\\/\\\/augustaabogados.com\\\/alumni\\\/#organization\"},\"image\":{\"@id\":\"https:\\\/\\\/augustaabogados.com\\\/alumni\\\/propuesta-reforma-fiscal-joe-biden\\\/#primaryimage\"},\"thumbnailUrl\":\"https:\\\/\\\/augustaabogados.com\\\/alumni\\\/wp-content\\\/uploads\\\/2023\\\/12\\\/actualidad-actualitat-news-augusta-abogados-510.jpg\",\"keywords\":[\"#impuestos especiales\",\"#joe biden\",\"augustaabogados\",\"Expansi\u00f3n\",\"reforma fiscal\"],\"articleSection\":[\"Noticias\"],\"inLanguage\":\"es\"},{\"@type\":\"WebPage\",\"@id\":\"https:\\\/\\\/augustaabogados.com\\\/alumni\\\/propuesta-reforma-fiscal-joe-biden\\\/\",\"url\":\"https:\\\/\\\/augustaabogados.com\\\/alumni\\\/propuesta-reforma-fiscal-joe-biden\\\/\",\"name\":\"LA SORPRENDENTE PROPUESTA DE REFORMA FISCAL DE JOE BIDEN - Augusta Alumni\",\"isPartOf\":{\"@id\":\"https:\\\/\\\/augustaabogados.com\\\/alumni\\\/#website\"},\"primaryImageOfPage\":{\"@id\":\"https:\\\/\\\/augustaabogados.com\\\/alumni\\\/propuesta-reforma-fiscal-joe-biden\\\/#primaryimage\"},\"image\":{\"@id\":\"https:\\\/\\\/augustaabogados.com\\\/alumni\\\/propuesta-reforma-fiscal-joe-biden\\\/#primaryimage\"},\"thumbnailUrl\":\"https:\\\/\\\/augustaabogados.com\\\/alumni\\\/wp-content\\\/uploads\\\/2023\\\/12\\\/actualidad-actualitat-news-augusta-abogados-510.jpg\",\"datePublished\":\"2023-03-20T13:58:09+00:00\",\"dateModified\":\"2023-12-20T16:52:00+00:00\",\"breadcrumb\":{\"@id\":\"https:\\\/\\\/augustaabogados.com\\\/alumni\\\/propuesta-reforma-fiscal-joe-biden\\\/#breadcrumb\"},\"inLanguage\":\"es\",\"potentialAction\":[{\"@type\":\"ReadAction\",\"target\":[\"https:\\\/\\\/augustaabogados.com\\\/alumni\\\/propuesta-reforma-fiscal-joe-biden\\\/\"]}]},{\"@type\":\"ImageObject\",\"inLanguage\":\"es\",\"@id\":\"https:\\\/\\\/augustaabogados.com\\\/alumni\\\/propuesta-reforma-fiscal-joe-biden\\\/#primaryimage\",\"url\":\"https:\\\/\\\/augustaabogados.com\\\/alumni\\\/wp-content\\\/uploads\\\/2023\\\/12\\\/actualidad-actualitat-news-augusta-abogados-510.jpg\",\"contentUrl\":\"https:\\\/\\\/augustaabogados.com\\\/alumni\\\/wp-content\\\/uploads\\\/2023\\\/12\\\/actualidad-actualitat-news-augusta-abogados-510.jpg\",\"width\":800,\"height\":418},{\"@type\":\"BreadcrumbList\",\"@id\":\"https:\\\/\\\/augustaabogados.com\\\/alumni\\\/propuesta-reforma-fiscal-joe-biden\\\/#breadcrumb\",\"itemListElement\":[{\"@type\":\"ListItem\",\"position\":1,\"name\":\"Portada\",\"item\":\"https:\\\/\\\/augustaabogados.com\\\/alumni\\\/\"},{\"@type\":\"ListItem\",\"position\":2,\"name\":\"LA SORPRENDENTE PROPUESTA DE REFORMA FISCAL DE JOE BIDEN\"}]},{\"@type\":\"WebSite\",\"@id\":\"https:\\\/\\\/augustaabogados.com\\\/alumni\\\/#website\",\"url\":\"https:\\\/\\\/augustaabogados.com\\\/alumni\\\/\",\"name\":\"augusta abogados\",\"description\":\"\",\"publisher\":{\"@id\":\"https:\\\/\\\/augustaabogados.com\\\/alumni\\\/#organization\"},\"potentialAction\":[{\"@type\":\"SearchAction\",\"target\":{\"@type\":\"EntryPoint\",\"urlTemplate\":\"https:\\\/\\\/augustaabogados.com\\\/alumni\\\/?s={search_term_string}\"},\"query-input\":{\"@type\":\"PropertyValueSpecification\",\"valueRequired\":true,\"valueName\":\"search_term_string\"}}],\"inLanguage\":\"es\"},{\"@type\":\"Organization\",\"@id\":\"https:\\\/\\\/augustaabogados.com\\\/alumni\\\/#organization\",\"name\":\"augusta abogados\",\"url\":\"https:\\\/\\\/augustaabogados.com\\\/alumni\\\/\",\"logo\":{\"@type\":\"ImageObject\",\"inLanguage\":\"es\",\"@id\":\"https:\\\/\\\/augustaabogados.com\\\/alumni\\\/#\\\/schema\\\/logo\\\/image\\\/\",\"url\":\"https:\\\/\\\/augustaabogados.com\\\/alumni\\\/wp-content\\\/uploads\\\/2023\\\/12\\\/A_ALUMNI_VERT_2TINTAS-1.svg\",\"contentUrl\":\"https:\\\/\\\/augustaabogados.com\\\/alumni\\\/wp-content\\\/uploads\\\/2023\\\/12\\\/A_ALUMNI_VERT_2TINTAS-1.svg\",\"width\":239,\"height\":87,\"caption\":\"augusta abogados\"},\"image\":{\"@id\":\"https:\\\/\\\/augustaabogados.com\\\/alumni\\\/#\\\/schema\\\/logo\\\/image\\\/\"}},{\"@type\":\"Person\",\"@id\":\"https:\\\/\\\/augustaabogados.com\\\/alumni\\\/#\\\/schema\\\/person\\\/64a55191ed4f0d9c65699d1455fbb051\",\"name\":\"david\",\"image\":{\"@type\":\"ImageObject\",\"inLanguage\":\"es\",\"@id\":\"https:\\\/\\\/secure.gravatar.com\\\/avatar\\\/7239c726335dbdff32790e5c7b8b984cbe00f5a1c2465bc42ab52343c935f3ed?s=96&d=mm&r=g\",\"url\":\"https:\\\/\\\/secure.gravatar.com\\\/avatar\\\/7239c726335dbdff32790e5c7b8b984cbe00f5a1c2465bc42ab52343c935f3ed?s=96&d=mm&r=g\",\"contentUrl\":\"https:\\\/\\\/secure.gravatar.com\\\/avatar\\\/7239c726335dbdff32790e5c7b8b984cbe00f5a1c2465bc42ab52343c935f3ed?s=96&d=mm&r=g\",\"caption\":\"david\"},\"url\":\"https:\\\/\\\/augustaabogados.com\\\/alumni\\\/author\\\/david\\\/\"}]}<\/script>\n<!-- \/ Yoast SEO plugin. -->","yoast_head_json":{"title":"LA SORPRENDENTE PROPUESTA DE REFORMA FISCAL DE JOE BIDEN - Augusta Alumni","robots":{"index":"index","follow":"follow","max-snippet":"max-snippet:-1","max-image-preview":"max-image-preview:large","max-video-preview":"max-video-preview:-1"},"canonical":"https:\/\/augustaabogados.com\/alumni\/propuesta-reforma-fiscal-joe-biden\/","og_locale":"es_ES","og_type":"article","og_title":"LA SORPRENDENTE PROPUESTA DE REFORMA FISCAL DE JOE BIDEN - Augusta Alumni","og_description":"En Espa\u00f1a existe una tendencia a idealizar lo que pasa en el extranjero cuando lo comparamos con nuestra propia realidad. Ahora estamos todos especialmente atosigados por la carest\u00eda de la vida y por la presi\u00f3n fiscal que padecemos. Tenemos impuestos sobre la renta altos, contribuciones sociales importantes, un IVA sobre todo lo que consumimos e impuestos especiales sobre las gasolinas y otros consumos adem\u00e1s de impuestos patrimoniales considerables sobre los activos que poseemos y heredamos.","og_url":"https:\/\/augustaabogados.com\/alumni\/propuesta-reforma-fiscal-joe-biden\/","og_site_name":"Augusta Alumni","article_published_time":"2023-03-20T13:58:09+00:00","article_modified_time":"2023-12-20T16:52:00+00:00","og_image":[{"width":800,"height":418,"url":"https:\/\/augustaabogados.com\/alumni\/wp-content\/uploads\/2023\/12\/actualidad-actualitat-news-augusta-abogados-510.jpg","type":"image\/jpeg"}],"author":"david","twitter_card":"summary_large_image","twitter_misc":{"Escrito por":"david","Tiempo de lectura":"3 minutos"},"schema":{"@context":"https:\/\/schema.org","@graph":[{"@type":"Article","@id":"https:\/\/augustaabogados.com\/alumni\/propuesta-reforma-fiscal-joe-biden\/#article","isPartOf":{"@id":"https:\/\/augustaabogados.com\/alumni\/propuesta-reforma-fiscal-joe-biden\/"},"author":{"name":"david","@id":"https:\/\/augustaabogados.com\/alumni\/#\/schema\/person\/64a55191ed4f0d9c65699d1455fbb051"},"headline":"LA SORPRENDENTE PROPUESTA DE REFORMA FISCAL DE JOE BIDEN","datePublished":"2023-03-20T13:58:09+00:00","dateModified":"2023-12-20T16:52:00+00:00","mainEntityOfPage":{"@id":"https:\/\/augustaabogados.com\/alumni\/propuesta-reforma-fiscal-joe-biden\/"},"wordCount":610,"publisher":{"@id":"https:\/\/augustaabogados.com\/alumni\/#organization"},"image":{"@id":"https:\/\/augustaabogados.com\/alumni\/propuesta-reforma-fiscal-joe-biden\/#primaryimage"},"thumbnailUrl":"https:\/\/augustaabogados.com\/alumni\/wp-content\/uploads\/2023\/12\/actualidad-actualitat-news-augusta-abogados-510.jpg","keywords":["#impuestos especiales","#joe biden","augustaabogados","Expansi\u00f3n","reforma fiscal"],"articleSection":["Noticias"],"inLanguage":"es"},{"@type":"WebPage","@id":"https:\/\/augustaabogados.com\/alumni\/propuesta-reforma-fiscal-joe-biden\/","url":"https:\/\/augustaabogados.com\/alumni\/propuesta-reforma-fiscal-joe-biden\/","name":"LA SORPRENDENTE PROPUESTA DE REFORMA FISCAL DE JOE BIDEN - Augusta Alumni","isPartOf":{"@id":"https:\/\/augustaabogados.com\/alumni\/#website"},"primaryImageOfPage":{"@id":"https:\/\/augustaabogados.com\/alumni\/propuesta-reforma-fiscal-joe-biden\/#primaryimage"},"image":{"@id":"https:\/\/augustaabogados.com\/alumni\/propuesta-reforma-fiscal-joe-biden\/#primaryimage"},"thumbnailUrl":"https:\/\/augustaabogados.com\/alumni\/wp-content\/uploads\/2023\/12\/actualidad-actualitat-news-augusta-abogados-510.jpg","datePublished":"2023-03-20T13:58:09+00:00","dateModified":"2023-12-20T16:52:00+00:00","breadcrumb":{"@id":"https:\/\/augustaabogados.com\/alumni\/propuesta-reforma-fiscal-joe-biden\/#breadcrumb"},"inLanguage":"es","potentialAction":[{"@type":"ReadAction","target":["https:\/\/augustaabogados.com\/alumni\/propuesta-reforma-fiscal-joe-biden\/"]}]},{"@type":"ImageObject","inLanguage":"es","@id":"https:\/\/augustaabogados.com\/alumni\/propuesta-reforma-fiscal-joe-biden\/#primaryimage","url":"https:\/\/augustaabogados.com\/alumni\/wp-content\/uploads\/2023\/12\/actualidad-actualitat-news-augusta-abogados-510.jpg","contentUrl":"https:\/\/augustaabogados.com\/alumni\/wp-content\/uploads\/2023\/12\/actualidad-actualitat-news-augusta-abogados-510.jpg","width":800,"height":418},{"@type":"BreadcrumbList","@id":"https:\/\/augustaabogados.com\/alumni\/propuesta-reforma-fiscal-joe-biden\/#breadcrumb","itemListElement":[{"@type":"ListItem","position":1,"name":"Portada","item":"https:\/\/augustaabogados.com\/alumni\/"},{"@type":"ListItem","position":2,"name":"LA SORPRENDENTE PROPUESTA DE REFORMA FISCAL DE JOE BIDEN"}]},{"@type":"WebSite","@id":"https:\/\/augustaabogados.com\/alumni\/#website","url":"https:\/\/augustaabogados.com\/alumni\/","name":"augusta abogados","description":"","publisher":{"@id":"https:\/\/augustaabogados.com\/alumni\/#organization"},"potentialAction":[{"@type":"SearchAction","target":{"@type":"EntryPoint","urlTemplate":"https:\/\/augustaabogados.com\/alumni\/?s={search_term_string}"},"query-input":{"@type":"PropertyValueSpecification","valueRequired":true,"valueName":"search_term_string"}}],"inLanguage":"es"},{"@type":"Organization","@id":"https:\/\/augustaabogados.com\/alumni\/#organization","name":"augusta abogados","url":"https:\/\/augustaabogados.com\/alumni\/","logo":{"@type":"ImageObject","inLanguage":"es","@id":"https:\/\/augustaabogados.com\/alumni\/#\/schema\/logo\/image\/","url":"https:\/\/augustaabogados.com\/alumni\/wp-content\/uploads\/2023\/12\/A_ALUMNI_VERT_2TINTAS-1.svg","contentUrl":"https:\/\/augustaabogados.com\/alumni\/wp-content\/uploads\/2023\/12\/A_ALUMNI_VERT_2TINTAS-1.svg","width":239,"height":87,"caption":"augusta abogados"},"image":{"@id":"https:\/\/augustaabogados.com\/alumni\/#\/schema\/logo\/image\/"}},{"@type":"Person","@id":"https:\/\/augustaabogados.com\/alumni\/#\/schema\/person\/64a55191ed4f0d9c65699d1455fbb051","name":"david","image":{"@type":"ImageObject","inLanguage":"es","@id":"https:\/\/secure.gravatar.com\/avatar\/7239c726335dbdff32790e5c7b8b984cbe00f5a1c2465bc42ab52343c935f3ed?s=96&d=mm&r=g","url":"https:\/\/secure.gravatar.com\/avatar\/7239c726335dbdff32790e5c7b8b984cbe00f5a1c2465bc42ab52343c935f3ed?s=96&d=mm&r=g","contentUrl":"https:\/\/secure.gravatar.com\/avatar\/7239c726335dbdff32790e5c7b8b984cbe00f5a1c2465bc42ab52343c935f3ed?s=96&d=mm&r=g","caption":"david"},"url":"https:\/\/augustaabogados.com\/alumni\/author\/david\/"}]}},"_links":{"self":[{"href":"https:\/\/augustaabogados.com\/alumni\/wp-json\/wp\/v2\/posts\/3425","targetHints":{"allow":["GET"]}}],"collection":[{"href":"https:\/\/augustaabogados.com\/alumni\/wp-json\/wp\/v2\/posts"}],"about":[{"href":"https:\/\/augustaabogados.com\/alumni\/wp-json\/wp\/v2\/types\/post"}],"author":[{"embeddable":true,"href":"https:\/\/augustaabogados.com\/alumni\/wp-json\/wp\/v2\/users\/2"}],"replies":[{"embeddable":true,"href":"https:\/\/augustaabogados.com\/alumni\/wp-json\/wp\/v2\/comments?post=3425"}],"version-history":[{"count":1,"href":"https:\/\/augustaabogados.com\/alumni\/wp-json\/wp\/v2\/posts\/3425\/revisions"}],"predecessor-version":[{"id":4611,"href":"https:\/\/augustaabogados.com\/alumni\/wp-json\/wp\/v2\/posts\/3425\/revisions\/4611"}],"wp:featuredmedia":[{"embeddable":true,"href":"https:\/\/augustaabogados.com\/alumni\/wp-json\/wp\/v2\/media\/6484"}],"wp:attachment":[{"href":"https:\/\/augustaabogados.com\/alumni\/wp-json\/wp\/v2\/media?parent=3425"}],"wp:term":[{"taxonomy":"category","embeddable":true,"href":"https:\/\/augustaabogados.com\/alumni\/wp-json\/wp\/v2\/categories?post=3425"},{"taxonomy":"post_tag","embeddable":true,"href":"https:\/\/augustaabogados.com\/alumni\/wp-json\/wp\/v2\/tags?post=3425"}],"curies":[{"name":"wp","href":"https:\/\/api.w.org\/{rel}","templated":true}]}}