{"id":3431,"date":"2023-03-21T11:12:52","date_gmt":"2023-03-21T11:12:52","guid":{"rendered":"https:\/\/augustaabogados.com\/alumni\/?p=3431"},"modified":"2023-12-20T16:51:37","modified_gmt":"2023-12-20T16:51:37","slug":"cuenta-atras-implementar-canal-denuncia-antes-13-junio","status":"publish","type":"post","link":"https:\/\/augustaabogados.com\/alumni\/cuenta-atras-implementar-canal-denuncia-antes-13-junio\/","title":{"rendered":"CUENTA ATR\u00c1S PARA IMPLANTAR EL CANAL DE DENUNCIAS ANTES DEL 13 DE JUNIO"},"content":{"rendered":"<blockquote><p><strong>Desayuno de trabajo<\/strong><br \/>\nFecha: <strong>jueves, 30 de marzo de 2023<\/strong><br \/>\nHora: <strong>De 9:30h a 11h<\/strong><br \/>\nLugar: <strong>Augusta Abogados. Barcelona.<\/strong><br \/>\n<a href=\"https:\/\/www.google.es\/maps\/dir\/Augusta+Abogados,+Via+Augusta,+252,+4%C2%AA+Planta,+08017+Barcelona\/@41.398107,2.1323184,17z\/data=!4m8!4m7!1m0!1m5!1m1!1s0x12a4986d939030af:0xe04f8cf3eb73319!2m2!1d2.1345124!2d41.398107\" rel=\"noopener\" target=\"_blank\"><strong>C\u00f3mo llegar<\/strong><\/a><strong> | V\u00eda Augusta 252, 4\u00aa \u00b7 08017 Barcelona<\/strong><br \/>\n<a href=\"https:\/\/forms.office.com\/pages\/responsepage.aspx?id=9Hm_eKQtUUGWudlE88oN3m2ZksJmkYNGl-P2AU2lDU1UMFlYSlhNNEZPTEdJUDI4ME5TR0k0VUw3Ni4u\" rel=\"noopener\" target=\"_blank\"><button>\u00a1INSCR\u00cdBETE!<\/button><\/a>\n<\/p><\/blockquote>\n<p><!--more--><\/p>\n<p>Las empresas han sufrido muchos cambios en los \u00faltimos a\u00f1os, la gran mayor\u00eda gener\u00e1ndoles nuevas obligaciones y exigencias legales. <\/p>\n<p>Una de las m\u00e1s recientes es la obligaci\u00f3n de la denominada <strong>Directiva Europea<\/strong> de <strong>\u201cWhistleblowing\u201d<\/strong> que, <strong>antes del 13 de junio<\/strong>, impondr\u00e1 la obligaci\u00f3n a las empresas p\u00fablicas y privadas (con m\u00e1s de 50 trabajadores) a implantar en sus organizaciones un <strong>Sistema Interno de comunicaciones<\/strong>, m\u00e1s conocido como <strong>\u2018Canal de denuncias\u2019<\/strong>. Aquellas empresas que no cumplan con la Ley 2\/2023, de 20 de febrero, correr\u00e1n el riesgo de ser sancionadas econ\u00f3micamente con <strong>multas<\/strong> de <strong>hasta un mill\u00f3n de euros<\/strong>. <\/p>\n<p>Desde <strong>Augusta Abogados<\/strong>, creemos que esta normativa supone una buena <strong>oportunidad<\/strong> para las empresas de establecer un mecanismo s\u00f3lido de protecci\u00f3n interna como es un canal interno de informaci\u00f3n que les proteja frente a toda una serie de cuestiones muy estrat\u00e9gicas y con gran incidencia, <strong>no s\u00f3lo en los aspectos jur\u00eddicos y econ\u00f3micos, sino tambi\u00e9n reputacionales<\/strong>.<\/p>\n<p>Por este motivo, <strong>queremos invitarle al desayuno<\/strong> que hemos organizado, el pr\u00f3ximo 30 de marzo, para dar las claves del nuevo escenario normativo en materia de regulaci\u00f3n de la protecci\u00f3n de las personas que informen sobre infracciones normativas y de lucha contra la corrupci\u00f3n, y que impartir\u00e1 el socio de Regulatorio y Derecho P\u00fablico, <strong>Miquel \u00c0ngel Alonso<\/strong> y el consejero del departamento laboral, <strong>Jordi Garc\u00eda<\/strong>.<\/p>\n<p>Ponentes:<br \/>\n<a href=\"https:\/\/augustaabogados.com\/equipo\/miquel-angel-alonso-latorre\/\" rel=\"noopener\" target=\"_blank\">Miquel \u00c0ngel Alonso<\/a><br \/>\n<a href=\"\" rel=\"noopener\" target=\"_blank\">Jordi Garc\u00eda<\/a><\/p>\n","protected":false},"excerpt":{"rendered":"<p>Desde Augusta Abogados, creemos que esta normativa supone una buena oportunidad para las empresas de establecer un mecanismo s\u00f3lido de protecci\u00f3n interna como es un canal interno de informaci\u00f3n que les proteja frente a toda una serie de cuestiones muy estrat\u00e9gicas y con gran incidencia, no s\u00f3lo en los aspectos jur\u00eddicos y econ\u00f3micos, sino tambi\u00e9n reputacionales.<\/p>\n","protected":false},"author":2,"featured_media":6489,"comment_status":"closed","ping_status":"open","sticky":false,"template":"","format":"standard","meta":{"site-sidebar-layout":"default","site-content-layout":"","ast-site-content-layout":"default","site-content-style":"default","site-sidebar-style":"default","ast-global-header-display":"","ast-banner-title-visibility":"","ast-main-header-display":"","ast-hfb-above-header-display":"","ast-hfb-below-header-display":"","ast-hfb-mobile-header-display":"","site-post-title":"","ast-breadcrumbs-content":"","ast-featured-img":"","footer-sml-layout":"","ast-disable-related-posts":"","theme-transparent-header-meta":"","adv-header-id-meta":"","stick-header-meta":"","header-above-stick-meta":"","header-main-stick-meta":"","header-below-stick-meta":"","astra-migrate-meta-layouts":"default","ast-page-background-enabled":"default","ast-page-background-meta":{"desktop":{"background-color":"var(--ast-global-color-4)","background-image":"","background-repeat":"repeat","background-position":"center center","background-size":"auto","background-attachment":"scroll","background-type":"","background-media":"","overlay-type":"","overlay-color":"","overlay-opacity":"","overlay-gradient":""},"tablet":{"background-color":"","background-image":"","background-repeat":"repeat","background-position":"center center","background-size":"auto","background-attachment":"scroll","background-type":"","background-media":"","overlay-type":"","overlay-color":"","overlay-opacity":"","overlay-gradient":""},"mobile":{"background-color":"","background-image":"","background-repeat":"repeat","background-position":"center center","background-size":"auto","background-attachment":"scroll","background-type":"","background-media":"","overlay-type":"","overlay-color":"","overlay-opacity":"","overlay-gradient":""}},"ast-content-background-meta":{"desktop":{"background-color":"var(--ast-global-color-5)","background-image":"","background-repeat":"repeat","background-position":"center center","background-size":"auto","background-attachment":"scroll","background-type":"","background-media":"","overlay-type":"","overlay-color":"","overlay-opacity":"","overlay-gradient":""},"tablet":{"background-color":"var(--ast-global-color-5)","background-image":"","background-repeat":"repeat","background-position":"center center","background-size":"auto","background-attachment":"scroll","background-type":"","background-media":"","overlay-type":"","overlay-color":"","overlay-opacity":"","overlay-gradient":""},"mobile":{"background-color":"var(--ast-global-color-5)","background-image":"","background-repeat":"repeat","background-position":"center center","background-size":"auto","background-attachment":"scroll","background-type":"","background-media":"","overlay-type":"","overlay-color":"","overlay-opacity":"","overlay-gradient":""}},"footnotes":""},"categories":[77],"tags":[931,932,933,528,732,302],"class_list":["post-3431","post","type-post","status-publish","format-standard","has-post-thumbnail","hentry","category-noticias","tag-canaldenuncias","tag-derechopublico","tag-formacion","tag-augustaabogados","tag-empresa","tag-laboral"],"acf":[],"yoast_head":"<!-- This site is optimized with the Yoast SEO plugin v27.4 - https:\/\/yoast.com\/product\/yoast-seo-wordpress\/ -->\n<title>CUENTA ATR\u00c1S PARA IMPLANTAR EL CANAL DE DENUNCIAS ANTES DEL 13 DE JUNIO - Augusta Alumni<\/title>\n<meta name=\"robots\" content=\"index, follow, max-snippet:-1, max-image-preview:large, max-video-preview:-1\" \/>\n<link rel=\"canonical\" href=\"https:\/\/augustaabogados.com\/alumni\/cuenta-atras-implementar-canal-denuncia-antes-13-junio\/\" \/>\n<meta property=\"og:locale\" content=\"es_ES\" \/>\n<meta property=\"og:type\" content=\"article\" \/>\n<meta property=\"og:title\" content=\"CUENTA ATR\u00c1S PARA IMPLANTAR EL CANAL DE DENUNCIAS ANTES DEL 13 DE JUNIO - Augusta Alumni\" \/>\n<meta property=\"og:description\" content=\"Desde Augusta Abogados, creemos que esta normativa supone una buena oportunidad para las empresas de establecer un mecanismo s\u00f3lido de protecci\u00f3n interna como es un canal interno de informaci\u00f3n que les proteja frente a toda una serie de cuestiones muy estrat\u00e9gicas y con gran incidencia, no s\u00f3lo en los aspectos jur\u00eddicos y econ\u00f3micos, sino tambi\u00e9n reputacionales.\" \/>\n<meta property=\"og:url\" content=\"https:\/\/augustaabogados.com\/alumni\/cuenta-atras-implementar-canal-denuncia-antes-13-junio\/\" \/>\n<meta property=\"og:site_name\" content=\"Augusta Alumni\" \/>\n<meta property=\"article:published_time\" content=\"2023-03-21T11:12:52+00:00\" \/>\n<meta property=\"article:modified_time\" content=\"2023-12-20T16:51:37+00:00\" \/>\n<meta property=\"og:image\" content=\"https:\/\/augustaabogados.com\/alumni\/wp-content\/uploads\/2023\/12\/actualidad-actualitat-news-augusta-abogados-512.jpg\" \/>\n\t<meta property=\"og:image:width\" content=\"800\" \/>\n\t<meta property=\"og:image:height\" content=\"418\" \/>\n\t<meta property=\"og:image:type\" content=\"image\/jpeg\" \/>\n<meta name=\"author\" content=\"david\" \/>\n<meta name=\"twitter:card\" content=\"summary_large_image\" \/>\n<meta name=\"twitter:label1\" content=\"Escrito por\" \/>\n\t<meta name=\"twitter:data1\" content=\"david\" \/>\n\t<meta name=\"twitter:label2\" content=\"Tiempo de lectura\" \/>\n\t<meta name=\"twitter:data2\" content=\"1 minuto\" \/>\n<script type=\"application\/ld+json\" class=\"yoast-schema-graph\">{\"@context\":\"https:\\\/\\\/schema.org\",\"@graph\":[{\"@type\":\"Article\",\"@id\":\"https:\\\/\\\/augustaabogados.com\\\/alumni\\\/cuenta-atras-implementar-canal-denuncia-antes-13-junio\\\/#article\",\"isPartOf\":{\"@id\":\"https:\\\/\\\/augustaabogados.com\\\/alumni\\\/cuenta-atras-implementar-canal-denuncia-antes-13-junio\\\/\"},\"author\":{\"name\":\"david\",\"@id\":\"https:\\\/\\\/augustaabogados.com\\\/alumni\\\/#\\\/schema\\\/person\\\/64a55191ed4f0d9c65699d1455fbb051\"},\"headline\":\"CUENTA ATR\u00c1S PARA IMPLANTAR EL CANAL DE DENUNCIAS ANTES DEL 13 DE JUNIO\",\"datePublished\":\"2023-03-21T11:12:52+00:00\",\"dateModified\":\"2023-12-20T16:51:37+00:00\",\"mainEntityOfPage\":{\"@id\":\"https:\\\/\\\/augustaabogados.com\\\/alumni\\\/cuenta-atras-implementar-canal-denuncia-antes-13-junio\\\/\"},\"wordCount\":286,\"publisher\":{\"@id\":\"https:\\\/\\\/augustaabogados.com\\\/alumni\\\/#organization\"},\"image\":{\"@id\":\"https:\\\/\\\/augustaabogados.com\\\/alumni\\\/cuenta-atras-implementar-canal-denuncia-antes-13-junio\\\/#primaryimage\"},\"thumbnailUrl\":\"https:\\\/\\\/augustaabogados.com\\\/alumni\\\/wp-content\\\/uploads\\\/2023\\\/12\\\/actualidad-actualitat-news-augusta-abogados-512.jpg\",\"keywords\":[\"#canaldenuncias\",\"#derechopublico\",\"#formaci\u00f3n\",\"augustaabogados\",\"Empresa\",\"laboral\"],\"articleSection\":[\"Noticias\"],\"inLanguage\":\"es\"},{\"@type\":\"WebPage\",\"@id\":\"https:\\\/\\\/augustaabogados.com\\\/alumni\\\/cuenta-atras-implementar-canal-denuncia-antes-13-junio\\\/\",\"url\":\"https:\\\/\\\/augustaabogados.com\\\/alumni\\\/cuenta-atras-implementar-canal-denuncia-antes-13-junio\\\/\",\"name\":\"CUENTA ATR\u00c1S PARA IMPLANTAR EL CANAL DE DENUNCIAS ANTES DEL 13 DE JUNIO - Augusta Alumni\",\"isPartOf\":{\"@id\":\"https:\\\/\\\/augustaabogados.com\\\/alumni\\\/#website\"},\"primaryImageOfPage\":{\"@id\":\"https:\\\/\\\/augustaabogados.com\\\/alumni\\\/cuenta-atras-implementar-canal-denuncia-antes-13-junio\\\/#primaryimage\"},\"image\":{\"@id\":\"https:\\\/\\\/augustaabogados.com\\\/alumni\\\/cuenta-atras-implementar-canal-denuncia-antes-13-junio\\\/#primaryimage\"},\"thumbnailUrl\":\"https:\\\/\\\/augustaabogados.com\\\/alumni\\\/wp-content\\\/uploads\\\/2023\\\/12\\\/actualidad-actualitat-news-augusta-abogados-512.jpg\",\"datePublished\":\"2023-03-21T11:12:52+00:00\",\"dateModified\":\"2023-12-20T16:51:37+00:00\",\"breadcrumb\":{\"@id\":\"https:\\\/\\\/augustaabogados.com\\\/alumni\\\/cuenta-atras-implementar-canal-denuncia-antes-13-junio\\\/#breadcrumb\"},\"inLanguage\":\"es\",\"potentialAction\":[{\"@type\":\"ReadAction\",\"target\":[\"https:\\\/\\\/augustaabogados.com\\\/alumni\\\/cuenta-atras-implementar-canal-denuncia-antes-13-junio\\\/\"]}]},{\"@type\":\"ImageObject\",\"inLanguage\":\"es\",\"@id\":\"https:\\\/\\\/augustaabogados.com\\\/alumni\\\/cuenta-atras-implementar-canal-denuncia-antes-13-junio\\\/#primaryimage\",\"url\":\"https:\\\/\\\/augustaabogados.com\\\/alumni\\\/wp-content\\\/uploads\\\/2023\\\/12\\\/actualidad-actualitat-news-augusta-abogados-512.jpg\",\"contentUrl\":\"https:\\\/\\\/augustaabogados.com\\\/alumni\\\/wp-content\\\/uploads\\\/2023\\\/12\\\/actualidad-actualitat-news-augusta-abogados-512.jpg\",\"width\":800,\"height\":418},{\"@type\":\"BreadcrumbList\",\"@id\":\"https:\\\/\\\/augustaabogados.com\\\/alumni\\\/cuenta-atras-implementar-canal-denuncia-antes-13-junio\\\/#breadcrumb\",\"itemListElement\":[{\"@type\":\"ListItem\",\"position\":1,\"name\":\"Portada\",\"item\":\"https:\\\/\\\/augustaabogados.com\\\/alumni\\\/\"},{\"@type\":\"ListItem\",\"position\":2,\"name\":\"CUENTA ATR\u00c1S PARA IMPLANTAR EL CANAL DE DENUNCIAS ANTES DEL 13 DE JUNIO\"}]},{\"@type\":\"WebSite\",\"@id\":\"https:\\\/\\\/augustaabogados.com\\\/alumni\\\/#website\",\"url\":\"https:\\\/\\\/augustaabogados.com\\\/alumni\\\/\",\"name\":\"augusta abogados\",\"description\":\"\",\"publisher\":{\"@id\":\"https:\\\/\\\/augustaabogados.com\\\/alumni\\\/#organization\"},\"potentialAction\":[{\"@type\":\"SearchAction\",\"target\":{\"@type\":\"EntryPoint\",\"urlTemplate\":\"https:\\\/\\\/augustaabogados.com\\\/alumni\\\/?s={search_term_string}\"},\"query-input\":{\"@type\":\"PropertyValueSpecification\",\"valueRequired\":true,\"valueName\":\"search_term_string\"}}],\"inLanguage\":\"es\"},{\"@type\":\"Organization\",\"@id\":\"https:\\\/\\\/augustaabogados.com\\\/alumni\\\/#organization\",\"name\":\"augusta abogados\",\"url\":\"https:\\\/\\\/augustaabogados.com\\\/alumni\\\/\",\"logo\":{\"@type\":\"ImageObject\",\"inLanguage\":\"es\",\"@id\":\"https:\\\/\\\/augustaabogados.com\\\/alumni\\\/#\\\/schema\\\/logo\\\/image\\\/\",\"url\":\"https:\\\/\\\/augustaabogados.com\\\/alumni\\\/wp-content\\\/uploads\\\/2023\\\/12\\\/A_ALUMNI_VERT_2TINTAS-1.svg\",\"contentUrl\":\"https:\\\/\\\/augustaabogados.com\\\/alumni\\\/wp-content\\\/uploads\\\/2023\\\/12\\\/A_ALUMNI_VERT_2TINTAS-1.svg\",\"width\":239,\"height\":87,\"caption\":\"augusta abogados\"},\"image\":{\"@id\":\"https:\\\/\\\/augustaabogados.com\\\/alumni\\\/#\\\/schema\\\/logo\\\/image\\\/\"}},{\"@type\":\"Person\",\"@id\":\"https:\\\/\\\/augustaabogados.com\\\/alumni\\\/#\\\/schema\\\/person\\\/64a55191ed4f0d9c65699d1455fbb051\",\"name\":\"david\",\"image\":{\"@type\":\"ImageObject\",\"inLanguage\":\"es\",\"@id\":\"https:\\\/\\\/secure.gravatar.com\\\/avatar\\\/7239c726335dbdff32790e5c7b8b984cbe00f5a1c2465bc42ab52343c935f3ed?s=96&d=mm&r=g\",\"url\":\"https:\\\/\\\/secure.gravatar.com\\\/avatar\\\/7239c726335dbdff32790e5c7b8b984cbe00f5a1c2465bc42ab52343c935f3ed?s=96&d=mm&r=g\",\"contentUrl\":\"https:\\\/\\\/secure.gravatar.com\\\/avatar\\\/7239c726335dbdff32790e5c7b8b984cbe00f5a1c2465bc42ab52343c935f3ed?s=96&d=mm&r=g\",\"caption\":\"david\"},\"url\":\"https:\\\/\\\/augustaabogados.com\\\/alumni\\\/author\\\/david\\\/\"}]}<\/script>\n<!-- \/ Yoast SEO plugin. -->","yoast_head_json":{"title":"CUENTA ATR\u00c1S PARA IMPLANTAR EL CANAL DE DENUNCIAS ANTES DEL 13 DE JUNIO - Augusta Alumni","robots":{"index":"index","follow":"follow","max-snippet":"max-snippet:-1","max-image-preview":"max-image-preview:large","max-video-preview":"max-video-preview:-1"},"canonical":"https:\/\/augustaabogados.com\/alumni\/cuenta-atras-implementar-canal-denuncia-antes-13-junio\/","og_locale":"es_ES","og_type":"article","og_title":"CUENTA ATR\u00c1S PARA IMPLANTAR EL CANAL DE DENUNCIAS ANTES DEL 13 DE JUNIO - Augusta Alumni","og_description":"Desde Augusta Abogados, creemos que esta normativa supone una buena oportunidad para las empresas de establecer un mecanismo s\u00f3lido de protecci\u00f3n interna como es un canal interno de informaci\u00f3n que les proteja frente a toda una serie de cuestiones muy estrat\u00e9gicas y con gran incidencia, no s\u00f3lo en los aspectos jur\u00eddicos y econ\u00f3micos, sino tambi\u00e9n reputacionales.","og_url":"https:\/\/augustaabogados.com\/alumni\/cuenta-atras-implementar-canal-denuncia-antes-13-junio\/","og_site_name":"Augusta Alumni","article_published_time":"2023-03-21T11:12:52+00:00","article_modified_time":"2023-12-20T16:51:37+00:00","og_image":[{"width":800,"height":418,"url":"https:\/\/augustaabogados.com\/alumni\/wp-content\/uploads\/2023\/12\/actualidad-actualitat-news-augusta-abogados-512.jpg","type":"image\/jpeg"}],"author":"david","twitter_card":"summary_large_image","twitter_misc":{"Escrito por":"david","Tiempo de lectura":"1 minuto"},"schema":{"@context":"https:\/\/schema.org","@graph":[{"@type":"Article","@id":"https:\/\/augustaabogados.com\/alumni\/cuenta-atras-implementar-canal-denuncia-antes-13-junio\/#article","isPartOf":{"@id":"https:\/\/augustaabogados.com\/alumni\/cuenta-atras-implementar-canal-denuncia-antes-13-junio\/"},"author":{"name":"david","@id":"https:\/\/augustaabogados.com\/alumni\/#\/schema\/person\/64a55191ed4f0d9c65699d1455fbb051"},"headline":"CUENTA ATR\u00c1S PARA IMPLANTAR EL CANAL DE DENUNCIAS ANTES DEL 13 DE JUNIO","datePublished":"2023-03-21T11:12:52+00:00","dateModified":"2023-12-20T16:51:37+00:00","mainEntityOfPage":{"@id":"https:\/\/augustaabogados.com\/alumni\/cuenta-atras-implementar-canal-denuncia-antes-13-junio\/"},"wordCount":286,"publisher":{"@id":"https:\/\/augustaabogados.com\/alumni\/#organization"},"image":{"@id":"https:\/\/augustaabogados.com\/alumni\/cuenta-atras-implementar-canal-denuncia-antes-13-junio\/#primaryimage"},"thumbnailUrl":"https:\/\/augustaabogados.com\/alumni\/wp-content\/uploads\/2023\/12\/actualidad-actualitat-news-augusta-abogados-512.jpg","keywords":["#canaldenuncias","#derechopublico","#formaci\u00f3n","augustaabogados","Empresa","laboral"],"articleSection":["Noticias"],"inLanguage":"es"},{"@type":"WebPage","@id":"https:\/\/augustaabogados.com\/alumni\/cuenta-atras-implementar-canal-denuncia-antes-13-junio\/","url":"https:\/\/augustaabogados.com\/alumni\/cuenta-atras-implementar-canal-denuncia-antes-13-junio\/","name":"CUENTA ATR\u00c1S PARA IMPLANTAR EL CANAL DE DENUNCIAS ANTES DEL 13 DE JUNIO - Augusta Alumni","isPartOf":{"@id":"https:\/\/augustaabogados.com\/alumni\/#website"},"primaryImageOfPage":{"@id":"https:\/\/augustaabogados.com\/alumni\/cuenta-atras-implementar-canal-denuncia-antes-13-junio\/#primaryimage"},"image":{"@id":"https:\/\/augustaabogados.com\/alumni\/cuenta-atras-implementar-canal-denuncia-antes-13-junio\/#primaryimage"},"thumbnailUrl":"https:\/\/augustaabogados.com\/alumni\/wp-content\/uploads\/2023\/12\/actualidad-actualitat-news-augusta-abogados-512.jpg","datePublished":"2023-03-21T11:12:52+00:00","dateModified":"2023-12-20T16:51:37+00:00","breadcrumb":{"@id":"https:\/\/augustaabogados.com\/alumni\/cuenta-atras-implementar-canal-denuncia-antes-13-junio\/#breadcrumb"},"inLanguage":"es","potentialAction":[{"@type":"ReadAction","target":["https:\/\/augustaabogados.com\/alumni\/cuenta-atras-implementar-canal-denuncia-antes-13-junio\/"]}]},{"@type":"ImageObject","inLanguage":"es","@id":"https:\/\/augustaabogados.com\/alumni\/cuenta-atras-implementar-canal-denuncia-antes-13-junio\/#primaryimage","url":"https:\/\/augustaabogados.com\/alumni\/wp-content\/uploads\/2023\/12\/actualidad-actualitat-news-augusta-abogados-512.jpg","contentUrl":"https:\/\/augustaabogados.com\/alumni\/wp-content\/uploads\/2023\/12\/actualidad-actualitat-news-augusta-abogados-512.jpg","width":800,"height":418},{"@type":"BreadcrumbList","@id":"https:\/\/augustaabogados.com\/alumni\/cuenta-atras-implementar-canal-denuncia-antes-13-junio\/#breadcrumb","itemListElement":[{"@type":"ListItem","position":1,"name":"Portada","item":"https:\/\/augustaabogados.com\/alumni\/"},{"@type":"ListItem","position":2,"name":"CUENTA ATR\u00c1S PARA IMPLANTAR EL CANAL DE DENUNCIAS ANTES DEL 13 DE JUNIO"}]},{"@type":"WebSite","@id":"https:\/\/augustaabogados.com\/alumni\/#website","url":"https:\/\/augustaabogados.com\/alumni\/","name":"augusta abogados","description":"","publisher":{"@id":"https:\/\/augustaabogados.com\/alumni\/#organization"},"potentialAction":[{"@type":"SearchAction","target":{"@type":"EntryPoint","urlTemplate":"https:\/\/augustaabogados.com\/alumni\/?s={search_term_string}"},"query-input":{"@type":"PropertyValueSpecification","valueRequired":true,"valueName":"search_term_string"}}],"inLanguage":"es"},{"@type":"Organization","@id":"https:\/\/augustaabogados.com\/alumni\/#organization","name":"augusta abogados","url":"https:\/\/augustaabogados.com\/alumni\/","logo":{"@type":"ImageObject","inLanguage":"es","@id":"https:\/\/augustaabogados.com\/alumni\/#\/schema\/logo\/image\/","url":"https:\/\/augustaabogados.com\/alumni\/wp-content\/uploads\/2023\/12\/A_ALUMNI_VERT_2TINTAS-1.svg","contentUrl":"https:\/\/augustaabogados.com\/alumni\/wp-content\/uploads\/2023\/12\/A_ALUMNI_VERT_2TINTAS-1.svg","width":239,"height":87,"caption":"augusta abogados"},"image":{"@id":"https:\/\/augustaabogados.com\/alumni\/#\/schema\/logo\/image\/"}},{"@type":"Person","@id":"https:\/\/augustaabogados.com\/alumni\/#\/schema\/person\/64a55191ed4f0d9c65699d1455fbb051","name":"david","image":{"@type":"ImageObject","inLanguage":"es","@id":"https:\/\/secure.gravatar.com\/avatar\/7239c726335dbdff32790e5c7b8b984cbe00f5a1c2465bc42ab52343c935f3ed?s=96&d=mm&r=g","url":"https:\/\/secure.gravatar.com\/avatar\/7239c726335dbdff32790e5c7b8b984cbe00f5a1c2465bc42ab52343c935f3ed?s=96&d=mm&r=g","contentUrl":"https:\/\/secure.gravatar.com\/avatar\/7239c726335dbdff32790e5c7b8b984cbe00f5a1c2465bc42ab52343c935f3ed?s=96&d=mm&r=g","caption":"david"},"url":"https:\/\/augustaabogados.com\/alumni\/author\/david\/"}]}},"_links":{"self":[{"href":"https:\/\/augustaabogados.com\/alumni\/wp-json\/wp\/v2\/posts\/3431","targetHints":{"allow":["GET"]}}],"collection":[{"href":"https:\/\/augustaabogados.com\/alumni\/wp-json\/wp\/v2\/posts"}],"about":[{"href":"https:\/\/augustaabogados.com\/alumni\/wp-json\/wp\/v2\/types\/post"}],"author":[{"embeddable":true,"href":"https:\/\/augustaabogados.com\/alumni\/wp-json\/wp\/v2\/users\/2"}],"replies":[{"embeddable":true,"href":"https:\/\/augustaabogados.com\/alumni\/wp-json\/wp\/v2\/comments?post=3431"}],"version-history":[{"count":1,"href":"https:\/\/augustaabogados.com\/alumni\/wp-json\/wp\/v2\/posts\/3431\/revisions"}],"predecessor-version":[{"id":4617,"href":"https:\/\/augustaabogados.com\/alumni\/wp-json\/wp\/v2\/posts\/3431\/revisions\/4617"}],"wp:featuredmedia":[{"embeddable":true,"href":"https:\/\/augustaabogados.com\/alumni\/wp-json\/wp\/v2\/media\/6489"}],"wp:attachment":[{"href":"https:\/\/augustaabogados.com\/alumni\/wp-json\/wp\/v2\/media?parent=3431"}],"wp:term":[{"taxonomy":"category","embeddable":true,"href":"https:\/\/augustaabogados.com\/alumni\/wp-json\/wp\/v2\/categories?post=3431"},{"taxonomy":"post_tag","embeddable":true,"href":"https:\/\/augustaabogados.com\/alumni\/wp-json\/wp\/v2\/tags?post=3431"}],"curies":[{"name":"wp","href":"https:\/\/api.w.org\/{rel}","templated":true}]}}