{"id":3433,"date":"2023-03-21T11:11:11","date_gmt":"2023-03-21T11:11:11","guid":{"rendered":"https:\/\/augustaabogados.com\/alumni\/?p=3433"},"modified":"2023-12-20T16:51:49","modified_gmt":"2023-12-20T16:51:49","slug":"empresarios-catalanes-precedieron-a-del-pino","status":"publish","type":"post","link":"https:\/\/augustaabogados.com\/alumni\/empresarios-catalanes-precedieron-a-del-pino\/","title":{"rendered":"Grifols, Carulla, Carceller, Roures&#8230; los empresarios &#8216;catalanes&#8217; que precedieron a Del Pino"},"content":{"rendered":"<p>Rafael Del Pino, que ya posee su participaci\u00f3n en Ferrovial a trav\u00e9s de una firma holandesa, no fue el primero en beneficiarse del r\u00e9gimen de los Pa\u00edses Bajos. En las \u00faltimas semanas, el movimiento de Ferrovial para trasladar su sede a \u00c1msterdam ha sido duramente criticado por el Gobierno, pero no es ni de lejos el \u00fanico en operar desde la regi\u00f3n. Aunque la pr\u00e1ctica parece haber retrocedido en los \u00faltimos a\u00f1os -son muchos los que optaron por repatriar sus sociedades- en Catalu\u00f1a fue habitual durante d\u00e9cadas. <strong>Apellidos ilustres como los Grifols, los Carulla, los Puig o los Rod\u00e9s cogieron el avi\u00f3n desde Barcelona para constituir una BV<\/strong>, como se denominan all\u00ed las sociedades limitadas.<\/p>\n<p>\u00abA d\u00eda de hoy ya no hay tantas diferencias en la fiscalidad entre Espa\u00f1a y los Pa\u00edses Bajos\u00bb, recuerda <a href=\"https:\/\/augustaabogados.com\/equipo\/juan-jose-terraza-torra\/\" rel=\"noopener\" target=\"_blank\">Juan Jos\u00e9 Terraza<\/a>, <strong>socio de fiscalidad internacional<\/strong> en Augusta Abogados. M\u00e1s all\u00e1 del sandwich holand\u00e9s, que permite enviar dividendos a para\u00edsos fiscales sin apenas tributar. Como ya explic\u00f3 <em>elEconomista.es<\/em>, la estructura actual hace que, con el sistema del sandwich holand\u00e9s, una firma pueda obtener beneficios en toda Europa y luego trasladarlos a un para\u00edso fiscal con una tasa efectiva del 8%.<\/p>\n<p>\u00abEspa\u00f1a ya cuenta con convenios de doble imposici\u00f3n con la mayor\u00eda de los pa\u00edses, por lo que ha avanzado en este campo, aunque la red de los Pa\u00edses Bajos es todav\u00eda superior\u00bb, compara. La sensaci\u00f3n es que las ventajas de anta\u00f1o ya no son tantas, aunque s\u00ed es cierto que Espa\u00f1a redujo la bonificaci\u00f3n de dividendos del extranjero del 100% al 95% en 2021. \u00abAdem\u00e1s, hay que tener en cuenta la seguridad jur\u00eddica del pa\u00eds\u00bb, se\u00f1ala el letrado.<\/p>\n<p>Seguir leyendo: <a href=\"https:\/\/www.eleconomista.es\/actualidad\/noticias\/12192909\/03\/23\/Grifols-Carulla-Carceller-Roures-los-empresarios-catalanes-que-precedieron-a-Del-Pino-.html\" rel=\"noopener\" target=\"_blank\">Grifols, Carulla, Carceller, Roures&#8230; los empresarios &#8216;catalanes&#8217; que precedieron a Del Pino (eleconomista.es)<\/a><br \/>\n<em><\/p>\n<p style=\"text-align: right;\">Publicado en El Economista el 18 de marzo de 2023<\/p>\n<p><\/em><\/p>\n","protected":false},"excerpt":{"rendered":"<p>Rafael Del Pino, que ya posee su participaci\u00f3n en Ferrovial a trav\u00e9s de una firma holandesa, no fue el primero en beneficiarse del r\u00e9gimen de los Pa\u00edses Bajos.<\/p>\n","protected":false},"author":2,"featured_media":6490,"comment_status":"closed","ping_status":"open","sticky":false,"template":"","format":"standard","meta":{"site-sidebar-layout":"default","site-content-layout":"","ast-site-content-layout":"default","site-content-style":"default","site-sidebar-style":"default","ast-global-header-display":"","ast-banner-title-visibility":"","ast-main-header-display":"","ast-hfb-above-header-display":"","ast-hfb-below-header-display":"","ast-hfb-mobile-header-display":"","site-post-title":"","ast-breadcrumbs-content":"","ast-featured-img":"","footer-sml-layout":"","ast-disable-related-posts":"","theme-transparent-header-meta":"","adv-header-id-meta":"","stick-header-meta":"","header-above-stick-meta":"","header-main-stick-meta":"","header-below-stick-meta":"","astra-migrate-meta-layouts":"default","ast-page-background-enabled":"default","ast-page-background-meta":{"desktop":{"background-color":"var(--ast-global-color-4)","background-image":"","background-repeat":"repeat","background-position":"center center","background-size":"auto","background-attachment":"scroll","background-type":"","background-media":"","overlay-type":"","overlay-color":"","overlay-opacity":"","overlay-gradient":""},"tablet":{"background-color":"","background-image":"","background-repeat":"repeat","background-position":"center center","background-size":"auto","background-attachment":"scroll","background-type":"","background-media":"","overlay-type":"","overlay-color":"","overlay-opacity":"","overlay-gradient":""},"mobile":{"background-color":"","background-image":"","background-repeat":"repeat","background-position":"center center","background-size":"auto","background-attachment":"scroll","background-type":"","background-media":"","overlay-type":"","overlay-color":"","overlay-opacity":"","overlay-gradient":""}},"ast-content-background-meta":{"desktop":{"background-color":"var(--ast-global-color-5)","background-image":"","background-repeat":"repeat","background-position":"center center","background-size":"auto","background-attachment":"scroll","background-type":"","background-media":"","overlay-type":"","overlay-color":"","overlay-opacity":"","overlay-gradient":""},"tablet":{"background-color":"var(--ast-global-color-5)","background-image":"","background-repeat":"repeat","background-position":"center center","background-size":"auto","background-attachment":"scroll","background-type":"","background-media":"","overlay-type":"","overlay-color":"","overlay-opacity":"","overlay-gradient":""},"mobile":{"background-color":"var(--ast-global-color-5)","background-image":"","background-repeat":"repeat","background-position":"center center","background-size":"auto","background-attachment":"scroll","background-type":"","background-media":"","overlay-type":"","overlay-color":"","overlay-opacity":"","overlay-gradient":""}},"footnotes":""},"categories":[77],"tags":[934,732,703,474,401],"class_list":["post-3433","post","type-post","status-publish","format-standard","has-post-thumbnail","hentry","category-noticias","tag-estadosunidos","tag-empresa","tag-fiscal","tag-fiscalidad","tag-internacional"],"acf":[],"yoast_head":"<!-- This site is optimized with the Yoast SEO plugin v27.4 - https:\/\/yoast.com\/product\/yoast-seo-wordpress\/ -->\n<title>Grifols, Carulla, Carceller, Roures... los empresarios &#039;catalanes&#039; que precedieron a Del Pino - Augusta Alumni<\/title>\n<meta name=\"robots\" content=\"index, follow, max-snippet:-1, max-image-preview:large, max-video-preview:-1\" \/>\n<link rel=\"canonical\" href=\"https:\/\/augustaabogados.com\/alumni\/empresarios-catalanes-precedieron-a-del-pino\/\" \/>\n<meta property=\"og:locale\" content=\"es_ES\" \/>\n<meta property=\"og:type\" content=\"article\" \/>\n<meta property=\"og:title\" content=\"Grifols, Carulla, Carceller, Roures... los empresarios &#039;catalanes&#039; que precedieron a Del Pino - Augusta Alumni\" \/>\n<meta property=\"og:description\" content=\"Rafael Del Pino, que ya posee su participaci\u00f3n en Ferrovial a trav\u00e9s de una firma holandesa, no fue el primero en beneficiarse del r\u00e9gimen de los Pa\u00edses Bajos.\" \/>\n<meta property=\"og:url\" content=\"https:\/\/augustaabogados.com\/alumni\/empresarios-catalanes-precedieron-a-del-pino\/\" \/>\n<meta property=\"og:site_name\" content=\"Augusta Alumni\" \/>\n<meta property=\"article:published_time\" content=\"2023-03-21T11:11:11+00:00\" \/>\n<meta property=\"article:modified_time\" content=\"2023-12-20T16:51:49+00:00\" \/>\n<meta property=\"og:image\" content=\"https:\/\/augustaabogados.com\/alumni\/wp-content\/uploads\/2023\/12\/actualidad-actualitat-news-augusta-abogados-513.jpg\" \/>\n\t<meta property=\"og:image:width\" content=\"800\" \/>\n\t<meta property=\"og:image:height\" content=\"418\" \/>\n\t<meta property=\"og:image:type\" content=\"image\/jpeg\" \/>\n<meta name=\"author\" content=\"david\" \/>\n<meta name=\"twitter:card\" content=\"summary_large_image\" \/>\n<meta name=\"twitter:label1\" content=\"Escrito por\" \/>\n\t<meta name=\"twitter:data1\" content=\"david\" \/>\n\t<meta name=\"twitter:label2\" content=\"Tiempo de lectura\" \/>\n\t<meta name=\"twitter:data2\" content=\"2 minutos\" \/>\n<script type=\"application\/ld+json\" class=\"yoast-schema-graph\">{\"@context\":\"https:\\\/\\\/schema.org\",\"@graph\":[{\"@type\":\"Article\",\"@id\":\"https:\\\/\\\/augustaabogados.com\\\/alumni\\\/empresarios-catalanes-precedieron-a-del-pino\\\/#article\",\"isPartOf\":{\"@id\":\"https:\\\/\\\/augustaabogados.com\\\/alumni\\\/empresarios-catalanes-precedieron-a-del-pino\\\/\"},\"author\":{\"name\":\"david\",\"@id\":\"https:\\\/\\\/augustaabogados.com\\\/alumni\\\/#\\\/schema\\\/person\\\/64a55191ed4f0d9c65699d1455fbb051\"},\"headline\":\"Grifols, Carulla, Carceller, Roures&#8230; los empresarios &#8216;catalanes&#8217; que precedieron a Del Pino\",\"datePublished\":\"2023-03-21T11:11:11+00:00\",\"dateModified\":\"2023-12-20T16:51:49+00:00\",\"mainEntityOfPage\":{\"@id\":\"https:\\\/\\\/augustaabogados.com\\\/alumni\\\/empresarios-catalanes-precedieron-a-del-pino\\\/\"},\"wordCount\":339,\"publisher\":{\"@id\":\"https:\\\/\\\/augustaabogados.com\\\/alumni\\\/#organization\"},\"image\":{\"@id\":\"https:\\\/\\\/augustaabogados.com\\\/alumni\\\/empresarios-catalanes-precedieron-a-del-pino\\\/#primaryimage\"},\"thumbnailUrl\":\"https:\\\/\\\/augustaabogados.com\\\/alumni\\\/wp-content\\\/uploads\\\/2023\\\/12\\\/actualidad-actualitat-news-augusta-abogados-513.jpg\",\"keywords\":[\"#estadosunidos\",\"Empresa\",\"Fiscal\",\"Fiscalidad\",\"internacional\"],\"articleSection\":[\"Noticias\"],\"inLanguage\":\"es\"},{\"@type\":\"WebPage\",\"@id\":\"https:\\\/\\\/augustaabogados.com\\\/alumni\\\/empresarios-catalanes-precedieron-a-del-pino\\\/\",\"url\":\"https:\\\/\\\/augustaabogados.com\\\/alumni\\\/empresarios-catalanes-precedieron-a-del-pino\\\/\",\"name\":\"Grifols, Carulla, Carceller, Roures... los empresarios 'catalanes' que precedieron a Del Pino - Augusta Alumni\",\"isPartOf\":{\"@id\":\"https:\\\/\\\/augustaabogados.com\\\/alumni\\\/#website\"},\"primaryImageOfPage\":{\"@id\":\"https:\\\/\\\/augustaabogados.com\\\/alumni\\\/empresarios-catalanes-precedieron-a-del-pino\\\/#primaryimage\"},\"image\":{\"@id\":\"https:\\\/\\\/augustaabogados.com\\\/alumni\\\/empresarios-catalanes-precedieron-a-del-pino\\\/#primaryimage\"},\"thumbnailUrl\":\"https:\\\/\\\/augustaabogados.com\\\/alumni\\\/wp-content\\\/uploads\\\/2023\\\/12\\\/actualidad-actualitat-news-augusta-abogados-513.jpg\",\"datePublished\":\"2023-03-21T11:11:11+00:00\",\"dateModified\":\"2023-12-20T16:51:49+00:00\",\"breadcrumb\":{\"@id\":\"https:\\\/\\\/augustaabogados.com\\\/alumni\\\/empresarios-catalanes-precedieron-a-del-pino\\\/#breadcrumb\"},\"inLanguage\":\"es\",\"potentialAction\":[{\"@type\":\"ReadAction\",\"target\":[\"https:\\\/\\\/augustaabogados.com\\\/alumni\\\/empresarios-catalanes-precedieron-a-del-pino\\\/\"]}]},{\"@type\":\"ImageObject\",\"inLanguage\":\"es\",\"@id\":\"https:\\\/\\\/augustaabogados.com\\\/alumni\\\/empresarios-catalanes-precedieron-a-del-pino\\\/#primaryimage\",\"url\":\"https:\\\/\\\/augustaabogados.com\\\/alumni\\\/wp-content\\\/uploads\\\/2023\\\/12\\\/actualidad-actualitat-news-augusta-abogados-513.jpg\",\"contentUrl\":\"https:\\\/\\\/augustaabogados.com\\\/alumni\\\/wp-content\\\/uploads\\\/2023\\\/12\\\/actualidad-actualitat-news-augusta-abogados-513.jpg\",\"width\":800,\"height\":418},{\"@type\":\"BreadcrumbList\",\"@id\":\"https:\\\/\\\/augustaabogados.com\\\/alumni\\\/empresarios-catalanes-precedieron-a-del-pino\\\/#breadcrumb\",\"itemListElement\":[{\"@type\":\"ListItem\",\"position\":1,\"name\":\"Portada\",\"item\":\"https:\\\/\\\/augustaabogados.com\\\/alumni\\\/\"},{\"@type\":\"ListItem\",\"position\":2,\"name\":\"Grifols, Carulla, Carceller, Roures&#8230; los empresarios &#8216;catalanes&#8217; que precedieron a Del Pino\"}]},{\"@type\":\"WebSite\",\"@id\":\"https:\\\/\\\/augustaabogados.com\\\/alumni\\\/#website\",\"url\":\"https:\\\/\\\/augustaabogados.com\\\/alumni\\\/\",\"name\":\"augusta abogados\",\"description\":\"\",\"publisher\":{\"@id\":\"https:\\\/\\\/augustaabogados.com\\\/alumni\\\/#organization\"},\"potentialAction\":[{\"@type\":\"SearchAction\",\"target\":{\"@type\":\"EntryPoint\",\"urlTemplate\":\"https:\\\/\\\/augustaabogados.com\\\/alumni\\\/?s={search_term_string}\"},\"query-input\":{\"@type\":\"PropertyValueSpecification\",\"valueRequired\":true,\"valueName\":\"search_term_string\"}}],\"inLanguage\":\"es\"},{\"@type\":\"Organization\",\"@id\":\"https:\\\/\\\/augustaabogados.com\\\/alumni\\\/#organization\",\"name\":\"augusta abogados\",\"url\":\"https:\\\/\\\/augustaabogados.com\\\/alumni\\\/\",\"logo\":{\"@type\":\"ImageObject\",\"inLanguage\":\"es\",\"@id\":\"https:\\\/\\\/augustaabogados.com\\\/alumni\\\/#\\\/schema\\\/logo\\\/image\\\/\",\"url\":\"https:\\\/\\\/augustaabogados.com\\\/alumni\\\/wp-content\\\/uploads\\\/2023\\\/12\\\/A_ALUMNI_VERT_2TINTAS-1.svg\",\"contentUrl\":\"https:\\\/\\\/augustaabogados.com\\\/alumni\\\/wp-content\\\/uploads\\\/2023\\\/12\\\/A_ALUMNI_VERT_2TINTAS-1.svg\",\"width\":239,\"height\":87,\"caption\":\"augusta abogados\"},\"image\":{\"@id\":\"https:\\\/\\\/augustaabogados.com\\\/alumni\\\/#\\\/schema\\\/logo\\\/image\\\/\"}},{\"@type\":\"Person\",\"@id\":\"https:\\\/\\\/augustaabogados.com\\\/alumni\\\/#\\\/schema\\\/person\\\/64a55191ed4f0d9c65699d1455fbb051\",\"name\":\"david\",\"image\":{\"@type\":\"ImageObject\",\"inLanguage\":\"es\",\"@id\":\"https:\\\/\\\/secure.gravatar.com\\\/avatar\\\/7239c726335dbdff32790e5c7b8b984cbe00f5a1c2465bc42ab52343c935f3ed?s=96&d=mm&r=g\",\"url\":\"https:\\\/\\\/secure.gravatar.com\\\/avatar\\\/7239c726335dbdff32790e5c7b8b984cbe00f5a1c2465bc42ab52343c935f3ed?s=96&d=mm&r=g\",\"contentUrl\":\"https:\\\/\\\/secure.gravatar.com\\\/avatar\\\/7239c726335dbdff32790e5c7b8b984cbe00f5a1c2465bc42ab52343c935f3ed?s=96&d=mm&r=g\",\"caption\":\"david\"},\"url\":\"https:\\\/\\\/augustaabogados.com\\\/alumni\\\/author\\\/david\\\/\"}]}<\/script>\n<!-- \/ Yoast SEO plugin. -->","yoast_head_json":{"title":"Grifols, Carulla, Carceller, Roures... los empresarios 'catalanes' que precedieron a Del Pino - Augusta Alumni","robots":{"index":"index","follow":"follow","max-snippet":"max-snippet:-1","max-image-preview":"max-image-preview:large","max-video-preview":"max-video-preview:-1"},"canonical":"https:\/\/augustaabogados.com\/alumni\/empresarios-catalanes-precedieron-a-del-pino\/","og_locale":"es_ES","og_type":"article","og_title":"Grifols, Carulla, Carceller, Roures... los empresarios 'catalanes' que precedieron a Del Pino - Augusta Alumni","og_description":"Rafael Del Pino, que ya posee su participaci\u00f3n en Ferrovial a trav\u00e9s de una firma holandesa, no fue el primero en beneficiarse del r\u00e9gimen de los Pa\u00edses Bajos.","og_url":"https:\/\/augustaabogados.com\/alumni\/empresarios-catalanes-precedieron-a-del-pino\/","og_site_name":"Augusta Alumni","article_published_time":"2023-03-21T11:11:11+00:00","article_modified_time":"2023-12-20T16:51:49+00:00","og_image":[{"width":800,"height":418,"url":"https:\/\/augustaabogados.com\/alumni\/wp-content\/uploads\/2023\/12\/actualidad-actualitat-news-augusta-abogados-513.jpg","type":"image\/jpeg"}],"author":"david","twitter_card":"summary_large_image","twitter_misc":{"Escrito por":"david","Tiempo de lectura":"2 minutos"},"schema":{"@context":"https:\/\/schema.org","@graph":[{"@type":"Article","@id":"https:\/\/augustaabogados.com\/alumni\/empresarios-catalanes-precedieron-a-del-pino\/#article","isPartOf":{"@id":"https:\/\/augustaabogados.com\/alumni\/empresarios-catalanes-precedieron-a-del-pino\/"},"author":{"name":"david","@id":"https:\/\/augustaabogados.com\/alumni\/#\/schema\/person\/64a55191ed4f0d9c65699d1455fbb051"},"headline":"Grifols, Carulla, Carceller, Roures&#8230; los empresarios &#8216;catalanes&#8217; que precedieron a Del Pino","datePublished":"2023-03-21T11:11:11+00:00","dateModified":"2023-12-20T16:51:49+00:00","mainEntityOfPage":{"@id":"https:\/\/augustaabogados.com\/alumni\/empresarios-catalanes-precedieron-a-del-pino\/"},"wordCount":339,"publisher":{"@id":"https:\/\/augustaabogados.com\/alumni\/#organization"},"image":{"@id":"https:\/\/augustaabogados.com\/alumni\/empresarios-catalanes-precedieron-a-del-pino\/#primaryimage"},"thumbnailUrl":"https:\/\/augustaabogados.com\/alumni\/wp-content\/uploads\/2023\/12\/actualidad-actualitat-news-augusta-abogados-513.jpg","keywords":["#estadosunidos","Empresa","Fiscal","Fiscalidad","internacional"],"articleSection":["Noticias"],"inLanguage":"es"},{"@type":"WebPage","@id":"https:\/\/augustaabogados.com\/alumni\/empresarios-catalanes-precedieron-a-del-pino\/","url":"https:\/\/augustaabogados.com\/alumni\/empresarios-catalanes-precedieron-a-del-pino\/","name":"Grifols, Carulla, Carceller, Roures... los empresarios 'catalanes' que precedieron a Del Pino - Augusta Alumni","isPartOf":{"@id":"https:\/\/augustaabogados.com\/alumni\/#website"},"primaryImageOfPage":{"@id":"https:\/\/augustaabogados.com\/alumni\/empresarios-catalanes-precedieron-a-del-pino\/#primaryimage"},"image":{"@id":"https:\/\/augustaabogados.com\/alumni\/empresarios-catalanes-precedieron-a-del-pino\/#primaryimage"},"thumbnailUrl":"https:\/\/augustaabogados.com\/alumni\/wp-content\/uploads\/2023\/12\/actualidad-actualitat-news-augusta-abogados-513.jpg","datePublished":"2023-03-21T11:11:11+00:00","dateModified":"2023-12-20T16:51:49+00:00","breadcrumb":{"@id":"https:\/\/augustaabogados.com\/alumni\/empresarios-catalanes-precedieron-a-del-pino\/#breadcrumb"},"inLanguage":"es","potentialAction":[{"@type":"ReadAction","target":["https:\/\/augustaabogados.com\/alumni\/empresarios-catalanes-precedieron-a-del-pino\/"]}]},{"@type":"ImageObject","inLanguage":"es","@id":"https:\/\/augustaabogados.com\/alumni\/empresarios-catalanes-precedieron-a-del-pino\/#primaryimage","url":"https:\/\/augustaabogados.com\/alumni\/wp-content\/uploads\/2023\/12\/actualidad-actualitat-news-augusta-abogados-513.jpg","contentUrl":"https:\/\/augustaabogados.com\/alumni\/wp-content\/uploads\/2023\/12\/actualidad-actualitat-news-augusta-abogados-513.jpg","width":800,"height":418},{"@type":"BreadcrumbList","@id":"https:\/\/augustaabogados.com\/alumni\/empresarios-catalanes-precedieron-a-del-pino\/#breadcrumb","itemListElement":[{"@type":"ListItem","position":1,"name":"Portada","item":"https:\/\/augustaabogados.com\/alumni\/"},{"@type":"ListItem","position":2,"name":"Grifols, Carulla, Carceller, Roures&#8230; los empresarios &#8216;catalanes&#8217; que precedieron a Del Pino"}]},{"@type":"WebSite","@id":"https:\/\/augustaabogados.com\/alumni\/#website","url":"https:\/\/augustaabogados.com\/alumni\/","name":"augusta abogados","description":"","publisher":{"@id":"https:\/\/augustaabogados.com\/alumni\/#organization"},"potentialAction":[{"@type":"SearchAction","target":{"@type":"EntryPoint","urlTemplate":"https:\/\/augustaabogados.com\/alumni\/?s={search_term_string}"},"query-input":{"@type":"PropertyValueSpecification","valueRequired":true,"valueName":"search_term_string"}}],"inLanguage":"es"},{"@type":"Organization","@id":"https:\/\/augustaabogados.com\/alumni\/#organization","name":"augusta abogados","url":"https:\/\/augustaabogados.com\/alumni\/","logo":{"@type":"ImageObject","inLanguage":"es","@id":"https:\/\/augustaabogados.com\/alumni\/#\/schema\/logo\/image\/","url":"https:\/\/augustaabogados.com\/alumni\/wp-content\/uploads\/2023\/12\/A_ALUMNI_VERT_2TINTAS-1.svg","contentUrl":"https:\/\/augustaabogados.com\/alumni\/wp-content\/uploads\/2023\/12\/A_ALUMNI_VERT_2TINTAS-1.svg","width":239,"height":87,"caption":"augusta abogados"},"image":{"@id":"https:\/\/augustaabogados.com\/alumni\/#\/schema\/logo\/image\/"}},{"@type":"Person","@id":"https:\/\/augustaabogados.com\/alumni\/#\/schema\/person\/64a55191ed4f0d9c65699d1455fbb051","name":"david","image":{"@type":"ImageObject","inLanguage":"es","@id":"https:\/\/secure.gravatar.com\/avatar\/7239c726335dbdff32790e5c7b8b984cbe00f5a1c2465bc42ab52343c935f3ed?s=96&d=mm&r=g","url":"https:\/\/secure.gravatar.com\/avatar\/7239c726335dbdff32790e5c7b8b984cbe00f5a1c2465bc42ab52343c935f3ed?s=96&d=mm&r=g","contentUrl":"https:\/\/secure.gravatar.com\/avatar\/7239c726335dbdff32790e5c7b8b984cbe00f5a1c2465bc42ab52343c935f3ed?s=96&d=mm&r=g","caption":"david"},"url":"https:\/\/augustaabogados.com\/alumni\/author\/david\/"}]}},"_links":{"self":[{"href":"https:\/\/augustaabogados.com\/alumni\/wp-json\/wp\/v2\/posts\/3433","targetHints":{"allow":["GET"]}}],"collection":[{"href":"https:\/\/augustaabogados.com\/alumni\/wp-json\/wp\/v2\/posts"}],"about":[{"href":"https:\/\/augustaabogados.com\/alumni\/wp-json\/wp\/v2\/types\/post"}],"author":[{"embeddable":true,"href":"https:\/\/augustaabogados.com\/alumni\/wp-json\/wp\/v2\/users\/2"}],"replies":[{"embeddable":true,"href":"https:\/\/augustaabogados.com\/alumni\/wp-json\/wp\/v2\/comments?post=3433"}],"version-history":[{"count":1,"href":"https:\/\/augustaabogados.com\/alumni\/wp-json\/wp\/v2\/posts\/3433\/revisions"}],"predecessor-version":[{"id":4619,"href":"https:\/\/augustaabogados.com\/alumni\/wp-json\/wp\/v2\/posts\/3433\/revisions\/4619"}],"wp:featuredmedia":[{"embeddable":true,"href":"https:\/\/augustaabogados.com\/alumni\/wp-json\/wp\/v2\/media\/6490"}],"wp:attachment":[{"href":"https:\/\/augustaabogados.com\/alumni\/wp-json\/wp\/v2\/media?parent=3433"}],"wp:term":[{"taxonomy":"category","embeddable":true,"href":"https:\/\/augustaabogados.com\/alumni\/wp-json\/wp\/v2\/categories?post=3433"},{"taxonomy":"post_tag","embeddable":true,"href":"https:\/\/augustaabogados.com\/alumni\/wp-json\/wp\/v2\/tags?post=3433"}],"curies":[{"name":"wp","href":"https:\/\/api.w.org\/{rel}","templated":true}]}}