{"id":3439,"date":"2023-04-14T06:12:55","date_gmt":"2023-04-14T06:12:55","guid":{"rendered":"https:\/\/augustaabogados.com\/alumni\/?p=3439"},"modified":"2023-12-20T16:51:16","modified_gmt":"2023-12-20T16:51:16","slug":"club-augusta-retos-oportunidades-mediterraneo","status":"publish","type":"post","link":"https:\/\/augustaabogados.com\/alumni\/club-augusta-retos-oportunidades-mediterraneo\/","title":{"rendered":"CLUB AUGUSTA: Retos y oportunidades en el Mediterr\u00e1neo"},"content":{"rendered":"<blockquote><p><strong>4 de mayo de 2023 | De 9:30h a 11:00h<\/strong><br \/>\nAugusta Abogados (Via Augusta 252, 4\u00aa &#8211; 08017 <strong>Barcelona<\/strong>)<br \/>\n<a href=\"https:\/\/forms.office.com\/e\/wGYTkXJrU7\" target=\"_blank\" rel=\"noopener\"><strong>Formulario de inscripci\u00f3n<\/strong><\/a><\/p><\/blockquote>\n<p>Diplom\u00e1tico de carrera del Gobierno franc\u00e9s, Julian Clec&#8217;h es director del Gabinete del secretario general de la Uni\u00f3n por el Mediterr\u00e1neo desde septiembre de 2021.<\/p>\n<p>Anteriormente, ocup\u00f3 el cargo de consejero Pol\u00edtico en la Embajada de Francia en Jordania (2017-2021) y consejero de Cooperaci\u00f3n en la Embajada de Francia en Yemen (2013-2014), as\u00ed como en Kuwait (2010-2013). Tambi\u00e9n fue consejero Pol\u00edtico en el gabinete del secretario de Estado franc\u00e9s para el Desarrollo (2016-2017). Especializado en la regi\u00f3n de Oriente Medio y Norte de \u00c1frica, el Sr. Clec&#8217;h es licenciado en Literatura \u00c1rabe y tiene un M\u00e1ster en Geopol\u00edtica.<\/p>\n<p>Durante su presentaci\u00f3n en el CLUB AUGUSTA, Julian Clec&#8217;h aprovechar\u00e1 la oportunidad para repasar los principales logros de la UfM y su estrategia a seguir en los pr\u00f3ximos a\u00f1os, en un contexto regional complejo, ya que celebra 15 a\u00f1os en 2023. Ser\u00e1 tambi\u00e9n la ocasi\u00f3n de un debate aut\u00e9ntico y abierto sobre los retos y oportunidades de la regi\u00f3n euro mediterr\u00e1nea.<\/p>\n<p><em>*Aforo limitado. Se requiere inscripci\u00f3n. <\/em><\/p>\n","protected":false},"excerpt":{"rendered":"<p>Diplom\u00e1tico de carrera del Gobierno franc\u00e9s, Julian Clec&#8217;h es director del Gabinete del secretario general de la Uni\u00f3n por el Mediterr\u00e1neo desde septiembre de 2021.<\/p>\n","protected":false},"author":2,"featured_media":6493,"comment_status":"closed","ping_status":"open","sticky":false,"template":"","format":"standard","meta":{"site-sidebar-layout":"default","site-content-layout":"","ast-site-content-layout":"default","site-content-style":"default","site-sidebar-style":"default","ast-global-header-display":"","ast-banner-title-visibility":"","ast-main-header-display":"","ast-hfb-above-header-display":"","ast-hfb-below-header-display":"","ast-hfb-mobile-header-display":"","site-post-title":"","ast-breadcrumbs-content":"","ast-featured-img":"","footer-sml-layout":"","ast-disable-related-posts":"","theme-transparent-header-meta":"default","adv-header-id-meta":"","stick-header-meta":"","header-above-stick-meta":"","header-main-stick-meta":"","header-below-stick-meta":"","astra-migrate-meta-layouts":"set","ast-page-background-enabled":"default","ast-page-background-meta":{"desktop":{"background-color":"var(--ast-global-color-4)","background-image":"","background-repeat":"repeat","background-position":"center center","background-size":"auto","background-attachment":"scroll","background-type":"","background-media":"","overlay-type":"","overlay-color":"","overlay-opacity":"","overlay-gradient":""},"tablet":{"background-color":"","background-image":"","background-repeat":"repeat","background-position":"center center","background-size":"auto","background-attachment":"scroll","background-type":"","background-media":"","overlay-type":"","overlay-color":"","overlay-opacity":"","overlay-gradient":""},"mobile":{"background-color":"","background-image":"","background-repeat":"repeat","background-position":"center center","background-size":"auto","background-attachment":"scroll","background-type":"","background-media":"","overlay-type":"","overlay-color":"","overlay-opacity":"","overlay-gradient":""}},"ast-content-background-meta":{"desktop":{"background-color":"var(--ast-global-color-5)","background-image":"","background-repeat":"repeat","background-position":"center center","background-size":"auto","background-attachment":"scroll","background-type":"","background-media":"","overlay-type":"","overlay-color":"","overlay-opacity":"","overlay-gradient":""},"tablet":{"background-color":"var(--ast-global-color-5)","background-image":"","background-repeat":"repeat","background-position":"center center","background-size":"auto","background-attachment":"scroll","background-type":"","background-media":"","overlay-type":"","overlay-color":"","overlay-opacity":"","overlay-gradient":""},"mobile":{"background-color":"var(--ast-global-color-5)","background-image":"","background-repeat":"repeat","background-position":"center center","background-size":"auto","background-attachment":"scroll","background-type":"","background-media":"","overlay-type":"","overlay-color":"","overlay-opacity":"","overlay-gradient":""}},"footnotes":""},"categories":[77],"tags":[936,937,528,509,732],"class_list":["post-3439","post","type-post","status-publish","format-standard","has-post-thumbnail","hentry","category-noticias","tag-talento","tag-vipedition","tag-augustaabogados","tag-clubaugusta","tag-empresa"],"acf":[],"yoast_head":"<!-- This site is optimized with the Yoast SEO plugin v27.4 - https:\/\/yoast.com\/product\/yoast-seo-wordpress\/ -->\n<title>CLUB AUGUSTA: Retos y oportunidades en el Mediterr\u00e1neo - Augusta Alumni<\/title>\n<meta name=\"robots\" content=\"index, follow, max-snippet:-1, max-image-preview:large, max-video-preview:-1\" \/>\n<link rel=\"canonical\" href=\"https:\/\/augustaabogados.com\/alumni\/club-augusta-retos-oportunidades-mediterraneo\/\" \/>\n<meta property=\"og:locale\" content=\"es_ES\" \/>\n<meta property=\"og:type\" content=\"article\" \/>\n<meta property=\"og:title\" content=\"CLUB AUGUSTA: Retos y oportunidades en el Mediterr\u00e1neo - Augusta Alumni\" \/>\n<meta property=\"og:description\" content=\"Diplom\u00e1tico de carrera del Gobierno franc\u00e9s, Julian Clec&#039;h es director del Gabinete del secretario general de la Uni\u00f3n por el Mediterr\u00e1neo desde septiembre de 2021.\" \/>\n<meta property=\"og:url\" content=\"https:\/\/augustaabogados.com\/alumni\/club-augusta-retos-oportunidades-mediterraneo\/\" \/>\n<meta property=\"og:site_name\" content=\"Augusta Alumni\" \/>\n<meta property=\"article:published_time\" content=\"2023-04-14T06:12:55+00:00\" \/>\n<meta property=\"article:modified_time\" content=\"2023-12-20T16:51:16+00:00\" \/>\n<meta property=\"og:image\" content=\"https:\/\/augustaabogados.com\/alumni\/wp-content\/uploads\/2023\/12\/CabeceraClubAugusta-4-75.jpg\" \/>\n\t<meta property=\"og:image:width\" content=\"800\" \/>\n\t<meta property=\"og:image:height\" content=\"418\" \/>\n\t<meta property=\"og:image:type\" content=\"image\/jpeg\" \/>\n<meta name=\"author\" content=\"david\" \/>\n<meta name=\"twitter:card\" content=\"summary_large_image\" \/>\n<meta name=\"twitter:label1\" content=\"Escrito por\" \/>\n\t<meta name=\"twitter:data1\" content=\"david\" \/>\n\t<meta name=\"twitter:label2\" content=\"Tiempo de lectura\" \/>\n\t<meta name=\"twitter:data2\" content=\"1 minuto\" \/>\n<script type=\"application\/ld+json\" class=\"yoast-schema-graph\">{\"@context\":\"https:\\\/\\\/schema.org\",\"@graph\":[{\"@type\":\"Article\",\"@id\":\"https:\\\/\\\/augustaabogados.com\\\/alumni\\\/club-augusta-retos-oportunidades-mediterraneo\\\/#article\",\"isPartOf\":{\"@id\":\"https:\\\/\\\/augustaabogados.com\\\/alumni\\\/club-augusta-retos-oportunidades-mediterraneo\\\/\"},\"author\":{\"name\":\"david\",\"@id\":\"https:\\\/\\\/augustaabogados.com\\\/alumni\\\/#\\\/schema\\\/person\\\/64a55191ed4f0d9c65699d1455fbb051\"},\"headline\":\"CLUB AUGUSTA: Retos y oportunidades en el Mediterr\u00e1neo\",\"datePublished\":\"2023-04-14T06:12:55+00:00\",\"dateModified\":\"2023-12-20T16:51:16+00:00\",\"mainEntityOfPage\":{\"@id\":\"https:\\\/\\\/augustaabogados.com\\\/alumni\\\/club-augusta-retos-oportunidades-mediterraneo\\\/\"},\"wordCount\":212,\"publisher\":{\"@id\":\"https:\\\/\\\/augustaabogados.com\\\/alumni\\\/#organization\"},\"image\":{\"@id\":\"https:\\\/\\\/augustaabogados.com\\\/alumni\\\/club-augusta-retos-oportunidades-mediterraneo\\\/#primaryimage\"},\"thumbnailUrl\":\"https:\\\/\\\/augustaabogados.com\\\/alumni\\\/wp-content\\\/uploads\\\/2023\\\/12\\\/CabeceraClubAugusta-4-75.jpg\",\"keywords\":[\"#talento\",\"#vipedition\",\"augustaabogados\",\"ClubAugusta\",\"Empresa\"],\"articleSection\":[\"Noticias\"],\"inLanguage\":\"es\"},{\"@type\":\"WebPage\",\"@id\":\"https:\\\/\\\/augustaabogados.com\\\/alumni\\\/club-augusta-retos-oportunidades-mediterraneo\\\/\",\"url\":\"https:\\\/\\\/augustaabogados.com\\\/alumni\\\/club-augusta-retos-oportunidades-mediterraneo\\\/\",\"name\":\"CLUB AUGUSTA: Retos y oportunidades en el Mediterr\u00e1neo - Augusta Alumni\",\"isPartOf\":{\"@id\":\"https:\\\/\\\/augustaabogados.com\\\/alumni\\\/#website\"},\"primaryImageOfPage\":{\"@id\":\"https:\\\/\\\/augustaabogados.com\\\/alumni\\\/club-augusta-retos-oportunidades-mediterraneo\\\/#primaryimage\"},\"image\":{\"@id\":\"https:\\\/\\\/augustaabogados.com\\\/alumni\\\/club-augusta-retos-oportunidades-mediterraneo\\\/#primaryimage\"},\"thumbnailUrl\":\"https:\\\/\\\/augustaabogados.com\\\/alumni\\\/wp-content\\\/uploads\\\/2023\\\/12\\\/CabeceraClubAugusta-4-75.jpg\",\"datePublished\":\"2023-04-14T06:12:55+00:00\",\"dateModified\":\"2023-12-20T16:51:16+00:00\",\"breadcrumb\":{\"@id\":\"https:\\\/\\\/augustaabogados.com\\\/alumni\\\/club-augusta-retos-oportunidades-mediterraneo\\\/#breadcrumb\"},\"inLanguage\":\"es\",\"potentialAction\":[{\"@type\":\"ReadAction\",\"target\":[\"https:\\\/\\\/augustaabogados.com\\\/alumni\\\/club-augusta-retos-oportunidades-mediterraneo\\\/\"]}]},{\"@type\":\"ImageObject\",\"inLanguage\":\"es\",\"@id\":\"https:\\\/\\\/augustaabogados.com\\\/alumni\\\/club-augusta-retos-oportunidades-mediterraneo\\\/#primaryimage\",\"url\":\"https:\\\/\\\/augustaabogados.com\\\/alumni\\\/wp-content\\\/uploads\\\/2023\\\/12\\\/CabeceraClubAugusta-4-75.jpg\",\"contentUrl\":\"https:\\\/\\\/augustaabogados.com\\\/alumni\\\/wp-content\\\/uploads\\\/2023\\\/12\\\/CabeceraClubAugusta-4-75.jpg\",\"width\":800,\"height\":418},{\"@type\":\"BreadcrumbList\",\"@id\":\"https:\\\/\\\/augustaabogados.com\\\/alumni\\\/club-augusta-retos-oportunidades-mediterraneo\\\/#breadcrumb\",\"itemListElement\":[{\"@type\":\"ListItem\",\"position\":1,\"name\":\"Portada\",\"item\":\"https:\\\/\\\/augustaabogados.com\\\/alumni\\\/\"},{\"@type\":\"ListItem\",\"position\":2,\"name\":\"CLUB AUGUSTA: Retos y oportunidades en el Mediterr\u00e1neo\"}]},{\"@type\":\"WebSite\",\"@id\":\"https:\\\/\\\/augustaabogados.com\\\/alumni\\\/#website\",\"url\":\"https:\\\/\\\/augustaabogados.com\\\/alumni\\\/\",\"name\":\"augusta abogados\",\"description\":\"\",\"publisher\":{\"@id\":\"https:\\\/\\\/augustaabogados.com\\\/alumni\\\/#organization\"},\"potentialAction\":[{\"@type\":\"SearchAction\",\"target\":{\"@type\":\"EntryPoint\",\"urlTemplate\":\"https:\\\/\\\/augustaabogados.com\\\/alumni\\\/?s={search_term_string}\"},\"query-input\":{\"@type\":\"PropertyValueSpecification\",\"valueRequired\":true,\"valueName\":\"search_term_string\"}}],\"inLanguage\":\"es\"},{\"@type\":\"Organization\",\"@id\":\"https:\\\/\\\/augustaabogados.com\\\/alumni\\\/#organization\",\"name\":\"augusta abogados\",\"url\":\"https:\\\/\\\/augustaabogados.com\\\/alumni\\\/\",\"logo\":{\"@type\":\"ImageObject\",\"inLanguage\":\"es\",\"@id\":\"https:\\\/\\\/augustaabogados.com\\\/alumni\\\/#\\\/schema\\\/logo\\\/image\\\/\",\"url\":\"https:\\\/\\\/augustaabogados.com\\\/alumni\\\/wp-content\\\/uploads\\\/2023\\\/12\\\/A_ALUMNI_VERT_2TINTAS-1.svg\",\"contentUrl\":\"https:\\\/\\\/augustaabogados.com\\\/alumni\\\/wp-content\\\/uploads\\\/2023\\\/12\\\/A_ALUMNI_VERT_2TINTAS-1.svg\",\"width\":239,\"height\":87,\"caption\":\"augusta abogados\"},\"image\":{\"@id\":\"https:\\\/\\\/augustaabogados.com\\\/alumni\\\/#\\\/schema\\\/logo\\\/image\\\/\"}},{\"@type\":\"Person\",\"@id\":\"https:\\\/\\\/augustaabogados.com\\\/alumni\\\/#\\\/schema\\\/person\\\/64a55191ed4f0d9c65699d1455fbb051\",\"name\":\"david\",\"image\":{\"@type\":\"ImageObject\",\"inLanguage\":\"es\",\"@id\":\"https:\\\/\\\/secure.gravatar.com\\\/avatar\\\/7239c726335dbdff32790e5c7b8b984cbe00f5a1c2465bc42ab52343c935f3ed?s=96&d=mm&r=g\",\"url\":\"https:\\\/\\\/secure.gravatar.com\\\/avatar\\\/7239c726335dbdff32790e5c7b8b984cbe00f5a1c2465bc42ab52343c935f3ed?s=96&d=mm&r=g\",\"contentUrl\":\"https:\\\/\\\/secure.gravatar.com\\\/avatar\\\/7239c726335dbdff32790e5c7b8b984cbe00f5a1c2465bc42ab52343c935f3ed?s=96&d=mm&r=g\",\"caption\":\"david\"},\"url\":\"https:\\\/\\\/augustaabogados.com\\\/alumni\\\/author\\\/david\\\/\"}]}<\/script>\n<!-- \/ Yoast SEO plugin. -->","yoast_head_json":{"title":"CLUB AUGUSTA: Retos y oportunidades en el Mediterr\u00e1neo - Augusta Alumni","robots":{"index":"index","follow":"follow","max-snippet":"max-snippet:-1","max-image-preview":"max-image-preview:large","max-video-preview":"max-video-preview:-1"},"canonical":"https:\/\/augustaabogados.com\/alumni\/club-augusta-retos-oportunidades-mediterraneo\/","og_locale":"es_ES","og_type":"article","og_title":"CLUB AUGUSTA: Retos y oportunidades en el Mediterr\u00e1neo - Augusta Alumni","og_description":"Diplom\u00e1tico de carrera del Gobierno franc\u00e9s, Julian Clec'h es director del Gabinete del secretario general de la Uni\u00f3n por el Mediterr\u00e1neo desde septiembre de 2021.","og_url":"https:\/\/augustaabogados.com\/alumni\/club-augusta-retos-oportunidades-mediterraneo\/","og_site_name":"Augusta Alumni","article_published_time":"2023-04-14T06:12:55+00:00","article_modified_time":"2023-12-20T16:51:16+00:00","og_image":[{"width":800,"height":418,"url":"https:\/\/augustaabogados.com\/alumni\/wp-content\/uploads\/2023\/12\/CabeceraClubAugusta-4-75.jpg","type":"image\/jpeg"}],"author":"david","twitter_card":"summary_large_image","twitter_misc":{"Escrito por":"david","Tiempo de lectura":"1 minuto"},"schema":{"@context":"https:\/\/schema.org","@graph":[{"@type":"Article","@id":"https:\/\/augustaabogados.com\/alumni\/club-augusta-retos-oportunidades-mediterraneo\/#article","isPartOf":{"@id":"https:\/\/augustaabogados.com\/alumni\/club-augusta-retos-oportunidades-mediterraneo\/"},"author":{"name":"david","@id":"https:\/\/augustaabogados.com\/alumni\/#\/schema\/person\/64a55191ed4f0d9c65699d1455fbb051"},"headline":"CLUB AUGUSTA: Retos y oportunidades en el Mediterr\u00e1neo","datePublished":"2023-04-14T06:12:55+00:00","dateModified":"2023-12-20T16:51:16+00:00","mainEntityOfPage":{"@id":"https:\/\/augustaabogados.com\/alumni\/club-augusta-retos-oportunidades-mediterraneo\/"},"wordCount":212,"publisher":{"@id":"https:\/\/augustaabogados.com\/alumni\/#organization"},"image":{"@id":"https:\/\/augustaabogados.com\/alumni\/club-augusta-retos-oportunidades-mediterraneo\/#primaryimage"},"thumbnailUrl":"https:\/\/augustaabogados.com\/alumni\/wp-content\/uploads\/2023\/12\/CabeceraClubAugusta-4-75.jpg","keywords":["#talento","#vipedition","augustaabogados","ClubAugusta","Empresa"],"articleSection":["Noticias"],"inLanguage":"es"},{"@type":"WebPage","@id":"https:\/\/augustaabogados.com\/alumni\/club-augusta-retos-oportunidades-mediterraneo\/","url":"https:\/\/augustaabogados.com\/alumni\/club-augusta-retos-oportunidades-mediterraneo\/","name":"CLUB AUGUSTA: Retos y oportunidades en el Mediterr\u00e1neo - Augusta Alumni","isPartOf":{"@id":"https:\/\/augustaabogados.com\/alumni\/#website"},"primaryImageOfPage":{"@id":"https:\/\/augustaabogados.com\/alumni\/club-augusta-retos-oportunidades-mediterraneo\/#primaryimage"},"image":{"@id":"https:\/\/augustaabogados.com\/alumni\/club-augusta-retos-oportunidades-mediterraneo\/#primaryimage"},"thumbnailUrl":"https:\/\/augustaabogados.com\/alumni\/wp-content\/uploads\/2023\/12\/CabeceraClubAugusta-4-75.jpg","datePublished":"2023-04-14T06:12:55+00:00","dateModified":"2023-12-20T16:51:16+00:00","breadcrumb":{"@id":"https:\/\/augustaabogados.com\/alumni\/club-augusta-retos-oportunidades-mediterraneo\/#breadcrumb"},"inLanguage":"es","potentialAction":[{"@type":"ReadAction","target":["https:\/\/augustaabogados.com\/alumni\/club-augusta-retos-oportunidades-mediterraneo\/"]}]},{"@type":"ImageObject","inLanguage":"es","@id":"https:\/\/augustaabogados.com\/alumni\/club-augusta-retos-oportunidades-mediterraneo\/#primaryimage","url":"https:\/\/augustaabogados.com\/alumni\/wp-content\/uploads\/2023\/12\/CabeceraClubAugusta-4-75.jpg","contentUrl":"https:\/\/augustaabogados.com\/alumni\/wp-content\/uploads\/2023\/12\/CabeceraClubAugusta-4-75.jpg","width":800,"height":418},{"@type":"BreadcrumbList","@id":"https:\/\/augustaabogados.com\/alumni\/club-augusta-retos-oportunidades-mediterraneo\/#breadcrumb","itemListElement":[{"@type":"ListItem","position":1,"name":"Portada","item":"https:\/\/augustaabogados.com\/alumni\/"},{"@type":"ListItem","position":2,"name":"CLUB AUGUSTA: Retos y oportunidades en el Mediterr\u00e1neo"}]},{"@type":"WebSite","@id":"https:\/\/augustaabogados.com\/alumni\/#website","url":"https:\/\/augustaabogados.com\/alumni\/","name":"augusta abogados","description":"","publisher":{"@id":"https:\/\/augustaabogados.com\/alumni\/#organization"},"potentialAction":[{"@type":"SearchAction","target":{"@type":"EntryPoint","urlTemplate":"https:\/\/augustaabogados.com\/alumni\/?s={search_term_string}"},"query-input":{"@type":"PropertyValueSpecification","valueRequired":true,"valueName":"search_term_string"}}],"inLanguage":"es"},{"@type":"Organization","@id":"https:\/\/augustaabogados.com\/alumni\/#organization","name":"augusta abogados","url":"https:\/\/augustaabogados.com\/alumni\/","logo":{"@type":"ImageObject","inLanguage":"es","@id":"https:\/\/augustaabogados.com\/alumni\/#\/schema\/logo\/image\/","url":"https:\/\/augustaabogados.com\/alumni\/wp-content\/uploads\/2023\/12\/A_ALUMNI_VERT_2TINTAS-1.svg","contentUrl":"https:\/\/augustaabogados.com\/alumni\/wp-content\/uploads\/2023\/12\/A_ALUMNI_VERT_2TINTAS-1.svg","width":239,"height":87,"caption":"augusta abogados"},"image":{"@id":"https:\/\/augustaabogados.com\/alumni\/#\/schema\/logo\/image\/"}},{"@type":"Person","@id":"https:\/\/augustaabogados.com\/alumni\/#\/schema\/person\/64a55191ed4f0d9c65699d1455fbb051","name":"david","image":{"@type":"ImageObject","inLanguage":"es","@id":"https:\/\/secure.gravatar.com\/avatar\/7239c726335dbdff32790e5c7b8b984cbe00f5a1c2465bc42ab52343c935f3ed?s=96&d=mm&r=g","url":"https:\/\/secure.gravatar.com\/avatar\/7239c726335dbdff32790e5c7b8b984cbe00f5a1c2465bc42ab52343c935f3ed?s=96&d=mm&r=g","contentUrl":"https:\/\/secure.gravatar.com\/avatar\/7239c726335dbdff32790e5c7b8b984cbe00f5a1c2465bc42ab52343c935f3ed?s=96&d=mm&r=g","caption":"david"},"url":"https:\/\/augustaabogados.com\/alumni\/author\/david\/"}]}},"_links":{"self":[{"href":"https:\/\/augustaabogados.com\/alumni\/wp-json\/wp\/v2\/posts\/3439","targetHints":{"allow":["GET"]}}],"collection":[{"href":"https:\/\/augustaabogados.com\/alumni\/wp-json\/wp\/v2\/posts"}],"about":[{"href":"https:\/\/augustaabogados.com\/alumni\/wp-json\/wp\/v2\/types\/post"}],"author":[{"embeddable":true,"href":"https:\/\/augustaabogados.com\/alumni\/wp-json\/wp\/v2\/users\/2"}],"replies":[{"embeddable":true,"href":"https:\/\/augustaabogados.com\/alumni\/wp-json\/wp\/v2\/comments?post=3439"}],"version-history":[{"count":2,"href":"https:\/\/augustaabogados.com\/alumni\/wp-json\/wp\/v2\/posts\/3439\/revisions"}],"predecessor-version":[{"id":7978,"href":"https:\/\/augustaabogados.com\/alumni\/wp-json\/wp\/v2\/posts\/3439\/revisions\/7978"}],"wp:featuredmedia":[{"embeddable":true,"href":"https:\/\/augustaabogados.com\/alumni\/wp-json\/wp\/v2\/media\/6493"}],"wp:attachment":[{"href":"https:\/\/augustaabogados.com\/alumni\/wp-json\/wp\/v2\/media?parent=3439"}],"wp:term":[{"taxonomy":"category","embeddable":true,"href":"https:\/\/augustaabogados.com\/alumni\/wp-json\/wp\/v2\/categories?post=3439"},{"taxonomy":"post_tag","embeddable":true,"href":"https:\/\/augustaabogados.com\/alumni\/wp-json\/wp\/v2\/tags?post=3439"}],"curies":[{"name":"wp","href":"https:\/\/api.w.org\/{rel}","templated":true}]}}