{"id":3441,"date":"2023-04-14T09:30:11","date_gmt":"2023-04-14T09:30:11","guid":{"rendered":"https:\/\/augustaabogados.com\/alumni\/?p=3441"},"modified":"2023-12-20T16:51:08","modified_gmt":"2023-12-20T16:51:08","slug":"augusta-abogados-reconocida-otra-vez-por-the-legal-emea-2023","status":"publish","type":"post","link":"https:\/\/augustaabogados.com\/alumni\/augusta-abogados-reconocida-otra-vez-por-the-legal-emea-2023\/","title":{"rendered":"Augusta Abogados reconocida, un a\u00f1o m\u00e1s, por The Legal EMEA 2023"},"content":{"rendered":"<p>Augusta Abogados ha sido reconocida, de nuevo, como una de las firmas l\u00edderes en Espa\u00f1a en las \u00e1reas de Transport: Other transport (Tier 1) y Employment (Tier 4) seg\u00fan The Legal 500 EMEA 2023.<\/p>\n<p>A nivel individual, <a href=\"https:\/\/augustaabogados.com\/en\/team\/sergi-gimenez-binder\/\" target=\"_blank\" rel=\"noopener\"><strong>Sergi Gim\u00e9nez<\/strong><\/a>  y <a href=\"https:\/\/augustaabogados.com\/en\/team\/jaime-fernandez-cortes\/\" rel=\"noopener\" target=\"_blank\"><strong>Jaime Fern\u00e1ndez<\/strong><\/a> destacan como <em>&#8216;Leading individuals&#8217;<\/em> en el \u00e1rea de Transport, y David Casta\u00f1o, abogado del Departamento de Aviaci\u00f3n de la firma, como <em>\u2018Rising Star\u2019<\/em>.<\/p>\n","protected":false},"excerpt":{"rendered":"<p>Augusta Abogados ha sido reconocida, de nuevo, como una de las firmas l\u00edderes en Espa\u00f1a en las \u00e1reas de Transport: Other transport (Tier 1) y Employment (Tier 4) seg\u00fan The Legal 500 EMEA 2023.<\/p>\n","protected":false},"author":2,"featured_media":6494,"comment_status":"closed","ping_status":"open","sticky":false,"template":"","format":"standard","meta":{"site-sidebar-layout":"default","site-content-layout":"","ast-site-content-layout":"default","site-content-style":"default","site-sidebar-style":"default","ast-global-header-display":"","ast-banner-title-visibility":"","ast-main-header-display":"","ast-hfb-above-header-display":"","ast-hfb-below-header-display":"","ast-hfb-mobile-header-display":"","site-post-title":"","ast-breadcrumbs-content":"","ast-featured-img":"","footer-sml-layout":"","ast-disable-related-posts":"","theme-transparent-header-meta":"","adv-header-id-meta":"","stick-header-meta":"","header-above-stick-meta":"","header-main-stick-meta":"","header-below-stick-meta":"","astra-migrate-meta-layouts":"default","ast-page-background-enabled":"default","ast-page-background-meta":{"desktop":{"background-color":"var(--ast-global-color-4)","background-image":"","background-repeat":"repeat","background-position":"center center","background-size":"auto","background-attachment":"scroll","background-type":"","background-media":"","overlay-type":"","overlay-color":"","overlay-opacity":"","overlay-gradient":""},"tablet":{"background-color":"","background-image":"","background-repeat":"repeat","background-position":"center center","background-size":"auto","background-attachment":"scroll","background-type":"","background-media":"","overlay-type":"","overlay-color":"","overlay-opacity":"","overlay-gradient":""},"mobile":{"background-color":"","background-image":"","background-repeat":"repeat","background-position":"center center","background-size":"auto","background-attachment":"scroll","background-type":"","background-media":"","overlay-type":"","overlay-color":"","overlay-opacity":"","overlay-gradient":""}},"ast-content-background-meta":{"desktop":{"background-color":"var(--ast-global-color-5)","background-image":"","background-repeat":"repeat","background-position":"center center","background-size":"auto","background-attachment":"scroll","background-type":"","background-media":"","overlay-type":"","overlay-color":"","overlay-opacity":"","overlay-gradient":""},"tablet":{"background-color":"var(--ast-global-color-5)","background-image":"","background-repeat":"repeat","background-position":"center center","background-size":"auto","background-attachment":"scroll","background-type":"","background-media":"","overlay-type":"","overlay-color":"","overlay-opacity":"","overlay-gradient":""},"mobile":{"background-color":"var(--ast-global-color-5)","background-image":"","background-repeat":"repeat","background-position":"center center","background-size":"auto","background-attachment":"scroll","background-type":"","background-media":"","overlay-type":"","overlay-color":"","overlay-opacity":"","overlay-gradient":""}},"footnotes":""},"categories":[77],"tags":[928,930,938,528,732],"class_list":["post-3441","post","type-post","status-publish","format-standard","has-post-thumbnail","hentry","category-noticias","tag-abogados","tag-directorios","tag-thelegal500","tag-augustaabogados","tag-empresa"],"acf":[],"yoast_head":"<!-- This site is optimized with the Yoast SEO plugin v27.4 - https:\/\/yoast.com\/product\/yoast-seo-wordpress\/ -->\n<title>Augusta Abogados reconocida, un a\u00f1o m\u00e1s, por The Legal EMEA 2023 - Augusta Alumni<\/title>\n<meta name=\"robots\" content=\"index, follow, max-snippet:-1, max-image-preview:large, max-video-preview:-1\" \/>\n<link rel=\"canonical\" href=\"https:\/\/augustaabogados.com\/alumni\/augusta-abogados-reconocida-otra-vez-por-the-legal-emea-2023\/\" \/>\n<meta property=\"og:locale\" content=\"es_ES\" \/>\n<meta property=\"og:type\" content=\"article\" \/>\n<meta property=\"og:title\" content=\"Augusta Abogados reconocida, un a\u00f1o m\u00e1s, por The Legal EMEA 2023 - Augusta Alumni\" \/>\n<meta property=\"og:description\" content=\"Augusta Abogados ha sido reconocida, de nuevo, como una de las firmas l\u00edderes en Espa\u00f1a en las \u00e1reas de Transport: Other transport (Tier 1) y Employment (Tier 4) seg\u00fan The Legal 500 EMEA 2023.\" \/>\n<meta property=\"og:url\" content=\"https:\/\/augustaabogados.com\/alumni\/augusta-abogados-reconocida-otra-vez-por-the-legal-emea-2023\/\" \/>\n<meta property=\"og:site_name\" content=\"Augusta Alumni\" \/>\n<meta property=\"article:published_time\" content=\"2023-04-14T09:30:11+00:00\" \/>\n<meta property=\"article:modified_time\" content=\"2023-12-20T16:51:08+00:00\" \/>\n<meta property=\"og:image\" content=\"https:\/\/augustaabogados.com\/alumni\/wp-content\/uploads\/2023\/12\/actualidad-actualitat-news-augusta-abogados-516.jpg\" \/>\n\t<meta property=\"og:image:width\" content=\"800\" \/>\n\t<meta property=\"og:image:height\" content=\"418\" \/>\n\t<meta property=\"og:image:type\" content=\"image\/jpeg\" \/>\n<meta name=\"author\" content=\"david\" \/>\n<meta name=\"twitter:card\" content=\"summary_large_image\" \/>\n<meta name=\"twitter:label1\" content=\"Escrito por\" \/>\n\t<meta name=\"twitter:data1\" content=\"david\" \/>\n<script type=\"application\/ld+json\" class=\"yoast-schema-graph\">{\"@context\":\"https:\\\/\\\/schema.org\",\"@graph\":[{\"@type\":\"Article\",\"@id\":\"https:\\\/\\\/augustaabogados.com\\\/alumni\\\/augusta-abogados-reconocida-otra-vez-por-the-legal-emea-2023\\\/#article\",\"isPartOf\":{\"@id\":\"https:\\\/\\\/augustaabogados.com\\\/alumni\\\/augusta-abogados-reconocida-otra-vez-por-the-legal-emea-2023\\\/\"},\"author\":{\"name\":\"david\",\"@id\":\"https:\\\/\\\/augustaabogados.com\\\/alumni\\\/#\\\/schema\\\/person\\\/64a55191ed4f0d9c65699d1455fbb051\"},\"headline\":\"Augusta Abogados reconocida, un a\u00f1o m\u00e1s, por The Legal EMEA 2023\",\"datePublished\":\"2023-04-14T09:30:11+00:00\",\"dateModified\":\"2023-12-20T16:51:08+00:00\",\"mainEntityOfPage\":{\"@id\":\"https:\\\/\\\/augustaabogados.com\\\/alumni\\\/augusta-abogados-reconocida-otra-vez-por-the-legal-emea-2023\\\/\"},\"wordCount\":80,\"publisher\":{\"@id\":\"https:\\\/\\\/augustaabogados.com\\\/alumni\\\/#organization\"},\"image\":{\"@id\":\"https:\\\/\\\/augustaabogados.com\\\/alumni\\\/augusta-abogados-reconocida-otra-vez-por-the-legal-emea-2023\\\/#primaryimage\"},\"thumbnailUrl\":\"https:\\\/\\\/augustaabogados.com\\\/alumni\\\/wp-content\\\/uploads\\\/2023\\\/12\\\/actualidad-actualitat-news-augusta-abogados-516.jpg\",\"keywords\":[\"#abogados\",\"#directorios\",\"#Thelegal500\",\"augustaabogados\",\"Empresa\"],\"articleSection\":[\"Noticias\"],\"inLanguage\":\"es\"},{\"@type\":\"WebPage\",\"@id\":\"https:\\\/\\\/augustaabogados.com\\\/alumni\\\/augusta-abogados-reconocida-otra-vez-por-the-legal-emea-2023\\\/\",\"url\":\"https:\\\/\\\/augustaabogados.com\\\/alumni\\\/augusta-abogados-reconocida-otra-vez-por-the-legal-emea-2023\\\/\",\"name\":\"Augusta Abogados reconocida, un a\u00f1o m\u00e1s, por The Legal EMEA 2023 - Augusta Alumni\",\"isPartOf\":{\"@id\":\"https:\\\/\\\/augustaabogados.com\\\/alumni\\\/#website\"},\"primaryImageOfPage\":{\"@id\":\"https:\\\/\\\/augustaabogados.com\\\/alumni\\\/augusta-abogados-reconocida-otra-vez-por-the-legal-emea-2023\\\/#primaryimage\"},\"image\":{\"@id\":\"https:\\\/\\\/augustaabogados.com\\\/alumni\\\/augusta-abogados-reconocida-otra-vez-por-the-legal-emea-2023\\\/#primaryimage\"},\"thumbnailUrl\":\"https:\\\/\\\/augustaabogados.com\\\/alumni\\\/wp-content\\\/uploads\\\/2023\\\/12\\\/actualidad-actualitat-news-augusta-abogados-516.jpg\",\"datePublished\":\"2023-04-14T09:30:11+00:00\",\"dateModified\":\"2023-12-20T16:51:08+00:00\",\"breadcrumb\":{\"@id\":\"https:\\\/\\\/augustaabogados.com\\\/alumni\\\/augusta-abogados-reconocida-otra-vez-por-the-legal-emea-2023\\\/#breadcrumb\"},\"inLanguage\":\"es\",\"potentialAction\":[{\"@type\":\"ReadAction\",\"target\":[\"https:\\\/\\\/augustaabogados.com\\\/alumni\\\/augusta-abogados-reconocida-otra-vez-por-the-legal-emea-2023\\\/\"]}]},{\"@type\":\"ImageObject\",\"inLanguage\":\"es\",\"@id\":\"https:\\\/\\\/augustaabogados.com\\\/alumni\\\/augusta-abogados-reconocida-otra-vez-por-the-legal-emea-2023\\\/#primaryimage\",\"url\":\"https:\\\/\\\/augustaabogados.com\\\/alumni\\\/wp-content\\\/uploads\\\/2023\\\/12\\\/actualidad-actualitat-news-augusta-abogados-516.jpg\",\"contentUrl\":\"https:\\\/\\\/augustaabogados.com\\\/alumni\\\/wp-content\\\/uploads\\\/2023\\\/12\\\/actualidad-actualitat-news-augusta-abogados-516.jpg\",\"width\":800,\"height\":418},{\"@type\":\"BreadcrumbList\",\"@id\":\"https:\\\/\\\/augustaabogados.com\\\/alumni\\\/augusta-abogados-reconocida-otra-vez-por-the-legal-emea-2023\\\/#breadcrumb\",\"itemListElement\":[{\"@type\":\"ListItem\",\"position\":1,\"name\":\"Portada\",\"item\":\"https:\\\/\\\/augustaabogados.com\\\/alumni\\\/\"},{\"@type\":\"ListItem\",\"position\":2,\"name\":\"Augusta Abogados reconocida, un a\u00f1o m\u00e1s, por The Legal EMEA 2023\"}]},{\"@type\":\"WebSite\",\"@id\":\"https:\\\/\\\/augustaabogados.com\\\/alumni\\\/#website\",\"url\":\"https:\\\/\\\/augustaabogados.com\\\/alumni\\\/\",\"name\":\"augusta abogados\",\"description\":\"\",\"publisher\":{\"@id\":\"https:\\\/\\\/augustaabogados.com\\\/alumni\\\/#organization\"},\"potentialAction\":[{\"@type\":\"SearchAction\",\"target\":{\"@type\":\"EntryPoint\",\"urlTemplate\":\"https:\\\/\\\/augustaabogados.com\\\/alumni\\\/?s={search_term_string}\"},\"query-input\":{\"@type\":\"PropertyValueSpecification\",\"valueRequired\":true,\"valueName\":\"search_term_string\"}}],\"inLanguage\":\"es\"},{\"@type\":\"Organization\",\"@id\":\"https:\\\/\\\/augustaabogados.com\\\/alumni\\\/#organization\",\"name\":\"augusta abogados\",\"url\":\"https:\\\/\\\/augustaabogados.com\\\/alumni\\\/\",\"logo\":{\"@type\":\"ImageObject\",\"inLanguage\":\"es\",\"@id\":\"https:\\\/\\\/augustaabogados.com\\\/alumni\\\/#\\\/schema\\\/logo\\\/image\\\/\",\"url\":\"https:\\\/\\\/augustaabogados.com\\\/alumni\\\/wp-content\\\/uploads\\\/2023\\\/12\\\/A_ALUMNI_VERT_2TINTAS-1.svg\",\"contentUrl\":\"https:\\\/\\\/augustaabogados.com\\\/alumni\\\/wp-content\\\/uploads\\\/2023\\\/12\\\/A_ALUMNI_VERT_2TINTAS-1.svg\",\"width\":239,\"height\":87,\"caption\":\"augusta abogados\"},\"image\":{\"@id\":\"https:\\\/\\\/augustaabogados.com\\\/alumni\\\/#\\\/schema\\\/logo\\\/image\\\/\"}},{\"@type\":\"Person\",\"@id\":\"https:\\\/\\\/augustaabogados.com\\\/alumni\\\/#\\\/schema\\\/person\\\/64a55191ed4f0d9c65699d1455fbb051\",\"name\":\"david\",\"image\":{\"@type\":\"ImageObject\",\"inLanguage\":\"es\",\"@id\":\"https:\\\/\\\/secure.gravatar.com\\\/avatar\\\/7239c726335dbdff32790e5c7b8b984cbe00f5a1c2465bc42ab52343c935f3ed?s=96&d=mm&r=g\",\"url\":\"https:\\\/\\\/secure.gravatar.com\\\/avatar\\\/7239c726335dbdff32790e5c7b8b984cbe00f5a1c2465bc42ab52343c935f3ed?s=96&d=mm&r=g\",\"contentUrl\":\"https:\\\/\\\/secure.gravatar.com\\\/avatar\\\/7239c726335dbdff32790e5c7b8b984cbe00f5a1c2465bc42ab52343c935f3ed?s=96&d=mm&r=g\",\"caption\":\"david\"},\"url\":\"https:\\\/\\\/augustaabogados.com\\\/alumni\\\/author\\\/david\\\/\"}]}<\/script>\n<!-- \/ Yoast SEO plugin. -->","yoast_head_json":{"title":"Augusta Abogados reconocida, un a\u00f1o m\u00e1s, por The Legal EMEA 2023 - Augusta Alumni","robots":{"index":"index","follow":"follow","max-snippet":"max-snippet:-1","max-image-preview":"max-image-preview:large","max-video-preview":"max-video-preview:-1"},"canonical":"https:\/\/augustaabogados.com\/alumni\/augusta-abogados-reconocida-otra-vez-por-the-legal-emea-2023\/","og_locale":"es_ES","og_type":"article","og_title":"Augusta Abogados reconocida, un a\u00f1o m\u00e1s, por The Legal EMEA 2023 - Augusta Alumni","og_description":"Augusta Abogados ha sido reconocida, de nuevo, como una de las firmas l\u00edderes en Espa\u00f1a en las \u00e1reas de Transport: Other transport (Tier 1) y Employment (Tier 4) seg\u00fan The Legal 500 EMEA 2023.","og_url":"https:\/\/augustaabogados.com\/alumni\/augusta-abogados-reconocida-otra-vez-por-the-legal-emea-2023\/","og_site_name":"Augusta Alumni","article_published_time":"2023-04-14T09:30:11+00:00","article_modified_time":"2023-12-20T16:51:08+00:00","og_image":[{"width":800,"height":418,"url":"https:\/\/augustaabogados.com\/alumni\/wp-content\/uploads\/2023\/12\/actualidad-actualitat-news-augusta-abogados-516.jpg","type":"image\/jpeg"}],"author":"david","twitter_card":"summary_large_image","twitter_misc":{"Escrito por":"david"},"schema":{"@context":"https:\/\/schema.org","@graph":[{"@type":"Article","@id":"https:\/\/augustaabogados.com\/alumni\/augusta-abogados-reconocida-otra-vez-por-the-legal-emea-2023\/#article","isPartOf":{"@id":"https:\/\/augustaabogados.com\/alumni\/augusta-abogados-reconocida-otra-vez-por-the-legal-emea-2023\/"},"author":{"name":"david","@id":"https:\/\/augustaabogados.com\/alumni\/#\/schema\/person\/64a55191ed4f0d9c65699d1455fbb051"},"headline":"Augusta Abogados reconocida, un a\u00f1o m\u00e1s, por The Legal EMEA 2023","datePublished":"2023-04-14T09:30:11+00:00","dateModified":"2023-12-20T16:51:08+00:00","mainEntityOfPage":{"@id":"https:\/\/augustaabogados.com\/alumni\/augusta-abogados-reconocida-otra-vez-por-the-legal-emea-2023\/"},"wordCount":80,"publisher":{"@id":"https:\/\/augustaabogados.com\/alumni\/#organization"},"image":{"@id":"https:\/\/augustaabogados.com\/alumni\/augusta-abogados-reconocida-otra-vez-por-the-legal-emea-2023\/#primaryimage"},"thumbnailUrl":"https:\/\/augustaabogados.com\/alumni\/wp-content\/uploads\/2023\/12\/actualidad-actualitat-news-augusta-abogados-516.jpg","keywords":["#abogados","#directorios","#Thelegal500","augustaabogados","Empresa"],"articleSection":["Noticias"],"inLanguage":"es"},{"@type":"WebPage","@id":"https:\/\/augustaabogados.com\/alumni\/augusta-abogados-reconocida-otra-vez-por-the-legal-emea-2023\/","url":"https:\/\/augustaabogados.com\/alumni\/augusta-abogados-reconocida-otra-vez-por-the-legal-emea-2023\/","name":"Augusta Abogados reconocida, un a\u00f1o m\u00e1s, por The Legal EMEA 2023 - Augusta Alumni","isPartOf":{"@id":"https:\/\/augustaabogados.com\/alumni\/#website"},"primaryImageOfPage":{"@id":"https:\/\/augustaabogados.com\/alumni\/augusta-abogados-reconocida-otra-vez-por-the-legal-emea-2023\/#primaryimage"},"image":{"@id":"https:\/\/augustaabogados.com\/alumni\/augusta-abogados-reconocida-otra-vez-por-the-legal-emea-2023\/#primaryimage"},"thumbnailUrl":"https:\/\/augustaabogados.com\/alumni\/wp-content\/uploads\/2023\/12\/actualidad-actualitat-news-augusta-abogados-516.jpg","datePublished":"2023-04-14T09:30:11+00:00","dateModified":"2023-12-20T16:51:08+00:00","breadcrumb":{"@id":"https:\/\/augustaabogados.com\/alumni\/augusta-abogados-reconocida-otra-vez-por-the-legal-emea-2023\/#breadcrumb"},"inLanguage":"es","potentialAction":[{"@type":"ReadAction","target":["https:\/\/augustaabogados.com\/alumni\/augusta-abogados-reconocida-otra-vez-por-the-legal-emea-2023\/"]}]},{"@type":"ImageObject","inLanguage":"es","@id":"https:\/\/augustaabogados.com\/alumni\/augusta-abogados-reconocida-otra-vez-por-the-legal-emea-2023\/#primaryimage","url":"https:\/\/augustaabogados.com\/alumni\/wp-content\/uploads\/2023\/12\/actualidad-actualitat-news-augusta-abogados-516.jpg","contentUrl":"https:\/\/augustaabogados.com\/alumni\/wp-content\/uploads\/2023\/12\/actualidad-actualitat-news-augusta-abogados-516.jpg","width":800,"height":418},{"@type":"BreadcrumbList","@id":"https:\/\/augustaabogados.com\/alumni\/augusta-abogados-reconocida-otra-vez-por-the-legal-emea-2023\/#breadcrumb","itemListElement":[{"@type":"ListItem","position":1,"name":"Portada","item":"https:\/\/augustaabogados.com\/alumni\/"},{"@type":"ListItem","position":2,"name":"Augusta Abogados reconocida, un a\u00f1o m\u00e1s, por The Legal EMEA 2023"}]},{"@type":"WebSite","@id":"https:\/\/augustaabogados.com\/alumni\/#website","url":"https:\/\/augustaabogados.com\/alumni\/","name":"augusta abogados","description":"","publisher":{"@id":"https:\/\/augustaabogados.com\/alumni\/#organization"},"potentialAction":[{"@type":"SearchAction","target":{"@type":"EntryPoint","urlTemplate":"https:\/\/augustaabogados.com\/alumni\/?s={search_term_string}"},"query-input":{"@type":"PropertyValueSpecification","valueRequired":true,"valueName":"search_term_string"}}],"inLanguage":"es"},{"@type":"Organization","@id":"https:\/\/augustaabogados.com\/alumni\/#organization","name":"augusta abogados","url":"https:\/\/augustaabogados.com\/alumni\/","logo":{"@type":"ImageObject","inLanguage":"es","@id":"https:\/\/augustaabogados.com\/alumni\/#\/schema\/logo\/image\/","url":"https:\/\/augustaabogados.com\/alumni\/wp-content\/uploads\/2023\/12\/A_ALUMNI_VERT_2TINTAS-1.svg","contentUrl":"https:\/\/augustaabogados.com\/alumni\/wp-content\/uploads\/2023\/12\/A_ALUMNI_VERT_2TINTAS-1.svg","width":239,"height":87,"caption":"augusta abogados"},"image":{"@id":"https:\/\/augustaabogados.com\/alumni\/#\/schema\/logo\/image\/"}},{"@type":"Person","@id":"https:\/\/augustaabogados.com\/alumni\/#\/schema\/person\/64a55191ed4f0d9c65699d1455fbb051","name":"david","image":{"@type":"ImageObject","inLanguage":"es","@id":"https:\/\/secure.gravatar.com\/avatar\/7239c726335dbdff32790e5c7b8b984cbe00f5a1c2465bc42ab52343c935f3ed?s=96&d=mm&r=g","url":"https:\/\/secure.gravatar.com\/avatar\/7239c726335dbdff32790e5c7b8b984cbe00f5a1c2465bc42ab52343c935f3ed?s=96&d=mm&r=g","contentUrl":"https:\/\/secure.gravatar.com\/avatar\/7239c726335dbdff32790e5c7b8b984cbe00f5a1c2465bc42ab52343c935f3ed?s=96&d=mm&r=g","caption":"david"},"url":"https:\/\/augustaabogados.com\/alumni\/author\/david\/"}]}},"_links":{"self":[{"href":"https:\/\/augustaabogados.com\/alumni\/wp-json\/wp\/v2\/posts\/3441","targetHints":{"allow":["GET"]}}],"collection":[{"href":"https:\/\/augustaabogados.com\/alumni\/wp-json\/wp\/v2\/posts"}],"about":[{"href":"https:\/\/augustaabogados.com\/alumni\/wp-json\/wp\/v2\/types\/post"}],"author":[{"embeddable":true,"href":"https:\/\/augustaabogados.com\/alumni\/wp-json\/wp\/v2\/users\/2"}],"replies":[{"embeddable":true,"href":"https:\/\/augustaabogados.com\/alumni\/wp-json\/wp\/v2\/comments?post=3441"}],"version-history":[{"count":1,"href":"https:\/\/augustaabogados.com\/alumni\/wp-json\/wp\/v2\/posts\/3441\/revisions"}],"predecessor-version":[{"id":4627,"href":"https:\/\/augustaabogados.com\/alumni\/wp-json\/wp\/v2\/posts\/3441\/revisions\/4627"}],"wp:featuredmedia":[{"embeddable":true,"href":"https:\/\/augustaabogados.com\/alumni\/wp-json\/wp\/v2\/media\/6494"}],"wp:attachment":[{"href":"https:\/\/augustaabogados.com\/alumni\/wp-json\/wp\/v2\/media?parent=3441"}],"wp:term":[{"taxonomy":"category","embeddable":true,"href":"https:\/\/augustaabogados.com\/alumni\/wp-json\/wp\/v2\/categories?post=3441"},{"taxonomy":"post_tag","embeddable":true,"href":"https:\/\/augustaabogados.com\/alumni\/wp-json\/wp\/v2\/tags?post=3441"}],"curies":[{"name":"wp","href":"https:\/\/api.w.org\/{rel}","templated":true}]}}