{"id":3457,"date":"2023-06-14T12:15:47","date_gmt":"2023-06-14T12:15:47","guid":{"rendered":"https:\/\/augustaabogados.com\/alumni\/?p=3457"},"modified":"2023-12-18T17:58:26","modified_gmt":"2023-12-18T17:58:26","slug":"ley-para-la-igualdad-real-y-efectiva-de-las-personas-trans-y-para-la-garantia-de-los-derechos-de-las-personas-lgtbi","status":"publish","type":"post","link":"https:\/\/augustaabogados.com\/alumni\/ley-para-la-igualdad-real-y-efectiva-de-las-personas-trans-y-para-la-garantia-de-los-derechos-de-las-personas-lgtbi\/","title":{"rendered":"Ley para la igualdad real y efectiva de las personas trans y para la garant\u00eda de los derechos de las personas \u00abLGTBI\u00bb"},"content":{"rendered":"<p>La\u00a0<a href=\"https:\/\/www.boe.es\/diario_boe\/txt.php?id=BOE-A-2023-5366\">Ley 4\/2023, de 28 de febrero, para la igualdad real y efectiva de las personas trans y para la garant\u00eda de los derechos de las personas \u201cLGTBI<\/a>\u201d, alberga relevantes implicaciones para el \u00e1mbito de las relaciones laborales, especialmente, en la reconfiguraci\u00f3n de las pol\u00edticas de recursos humanos de miles de entidades y empresas.<\/p>\n<p>La extensa Ley, que entr\u00f3 en vigor el pasado 2 de marzo, vuelca un especial esfuerzo y atenci\u00f3n en garantizar y promover el derecho a la igualdad real y efectiva de las personas lesbianas, gais, trans, bisexuales e intersexuales (en adelante \u201cLGTBI\u201d), as\u00ed como de sus familias.<\/p>\n<p>Desde un prisma social, la norma supone un importante avance en el camino recorrido hacia la igualdad y la justicia social que permite consolidar el cambio de concepci\u00f3n social sobre las personas LGTBI. Ello pasa sin duda, por crear referentes positivos, por entender la diversidad como un valor, por asegurar la cohesi\u00f3n social promoviendo los valores de igualdad y respeto y por extender la cultura de la no discriminaci\u00f3n frente a la del odio y el prejuicio.<\/p>\n<p>Esta nueva Ley, supone la cristalizaci\u00f3n normativa de un conjunto de previsiones internacionales y nacionales a favor de la protecci\u00f3n de las personas LGTBI, como por ejemplo, las recomendaciones de la Organizaci\u00f3n de las Naciones Unidas, los art\u00edculos 2 y 3 del Tratado de la Uni\u00f3n Europea que establece la no discriminaci\u00f3n como uno de los principales valores comunitarios, \u00a0el propio art\u00edculo 14 del Convenio Europeo de Derechos Humanos, que proh\u00edbe la discriminaci\u00f3n, as\u00ed como, el art\u00edculo 14\u00a0de la Constituci\u00f3n Espa\u00f1ola, que proclama el derecho a la igualdad de trato y a la no discriminaci\u00f3n por raz\u00f3n de nacimiento, raza, sexo, religi\u00f3n, opini\u00f3n o cualquier otra condici\u00f3n o circunstancia personal o social, todos ellos, se unifican para producir esta normativa protectora y espec\u00edfica.<\/p>\n<p>Entre las principales novedades que recoge esta ley en el \u00e1mbito laboral destacar\u00edamos las siguientes:<\/p>\n<ul>\n<li>Impone a las\u00a0<strong>empresas de m\u00e1s de 50 trabajadores<\/strong>\u00a0la obligaci\u00f3n de contar, en el plazo de doce meses a partir de la entrada en vigor de la ley, con un conjunto planificado de medidas y recursos para alcanzar la igualdad real y efectiva de las personas LGTBI, que incluya un protocolo de actuaci\u00f3n para la atenci\u00f3n del acoso o la violencia contra las personas \u201cLGTBI\u201d.<\/li>\n<\/ul>\n<p>En este punto, debemos recordar que las Pol\u00edticas de Acoso Laboral son obligatorios para todas las empresas, con independencia de su volumen de plantilla, pues debe diferenciarse, de los Planes de Igualdad (obligatorio a partir de 50 trabajadores), no obstante, la recomendaci\u00f3n m\u00e1s garantista para la aplicaci\u00f3n normativa ser\u00eda adaptar las medidas espec\u00edficas contempladas en la Ley \u201cLGTBI\u201d dentro de los Planes de igualdad y no discriminaci\u00f3n, as\u00ed como los Protocolos contra el Acoso Laboral.<\/p>\n<ul>\n<li>A trav\u00e9s del Consejo de Participaci\u00f3n de las personas LGTBI se recopilar\u00e1n y difundir\u00e1n las buenas pr\u00e1cticas realizadas por las empresas en materia de inclusi\u00f3n de colectivos LGBTI y de promoci\u00f3n y garant\u00eda de igualdad y no discriminaci\u00f3n por raz\u00f3n de las causas contenidas en esta ley<\/li>\n<li>Incluye entre las posibles\u00a0<strong>causas de discriminaci\u00f3n<\/strong>\u00a0de los trabajadores por cuenta ajena la \u201corientaci\u00f3n e identidad sexual\u201d,\u00a0la \u201cexpresi\u00f3n de g\u00e9nero\u201d y las \u201ccaracter\u00edsticas sexuales\u201d.<\/li>\n<li>Establece un abanico de\u00a0<strong>infracciones<\/strong>\u00a0en materia de igualdad de trato y no discriminaci\u00f3n por raz\u00f3n de orientaci\u00f3n e identidad sexual, expresi\u00f3n de g\u00e9nero o caracter\u00edsticas sexuales, que se califican como leves, graves y muy graves en funci\u00f3n de la naturaleza de la obligaci\u00f3n incumplida. Las sanciones en este sentido pueden llegar hasta un m\u00e1ximo de 150.000 euros.<\/li>\n<li>Para lograrlo, las medidas ser\u00e1n <strong>pactadas<\/strong> a trav\u00e9s de la negociaci\u00f3n colectiva y acordadas con los representantes legales de los trabajadores.<\/li>\n<\/ul>\n<p>&nbsp;<\/p>\n<p><a href=\"https:\/\/augustaabogados.com\/equipo\/\">Omar Molina<\/a> | Director del \u00e1rea laboral | Augusta Abogados<\/p>\n","protected":false},"excerpt":{"rendered":"<p>La\u00a0Ley 4\/2023, de 28 de febrero, para la igualdad real y efectiva de las personas trans y para la garant\u00eda de los derechos de las personas \u201cLGTBI\u201d, alberga relevantes implicaciones para el \u00e1mbito de las relaciones laborales, especialmente, en la reconfiguraci\u00f3n de las pol\u00edticas de recursos humanos de miles de entidades y empresas. La extensa [&hellip;]<\/p>\n","protected":false},"author":2,"featured_media":6798,"comment_status":"closed","ping_status":"open","sticky":false,"template":"","format":"standard","meta":{"site-sidebar-layout":"default","site-content-layout":"","ast-site-content-layout":"default","site-content-style":"default","site-sidebar-style":"default","ast-global-header-display":"","ast-banner-title-visibility":"","ast-main-header-display":"","ast-hfb-above-header-display":"","ast-hfb-below-header-display":"","ast-hfb-mobile-header-display":"","site-post-title":"","ast-breadcrumbs-content":"","ast-featured-img":"","footer-sml-layout":"","ast-disable-related-posts":"","theme-transparent-header-meta":"default","adv-header-id-meta":"","stick-header-meta":"","header-above-stick-meta":"","header-main-stick-meta":"","header-below-stick-meta":"","astra-migrate-meta-layouts":"set","ast-page-background-enabled":"default","ast-page-background-meta":{"desktop":{"background-color":"var(--ast-global-color-4)","background-image":"","background-repeat":"repeat","background-position":"center center","background-size":"auto","background-attachment":"scroll","background-type":"","background-media":"","overlay-type":"","overlay-color":"","overlay-opacity":"","overlay-gradient":""},"tablet":{"background-color":"","background-image":"","background-repeat":"repeat","background-position":"center center","background-size":"auto","background-attachment":"scroll","background-type":"","background-media":"","overlay-type":"","overlay-color":"","overlay-opacity":"","overlay-gradient":""},"mobile":{"background-color":"","background-image":"","background-repeat":"repeat","background-position":"center center","background-size":"auto","background-attachment":"scroll","background-type":"","background-media":"","overlay-type":"","overlay-color":"","overlay-opacity":"","overlay-gradient":""}},"ast-content-background-meta":{"desktop":{"background-color":"var(--ast-global-color-5)","background-image":"","background-repeat":"repeat","background-position":"center center","background-size":"auto","background-attachment":"scroll","background-type":"","background-media":"","overlay-type":"","overlay-color":"","overlay-opacity":"","overlay-gradient":""},"tablet":{"background-color":"var(--ast-global-color-5)","background-image":"","background-repeat":"repeat","background-position":"center center","background-size":"auto","background-attachment":"scroll","background-type":"","background-media":"","overlay-type":"","overlay-color":"","overlay-opacity":"","overlay-gradient":""},"mobile":{"background-color":"var(--ast-global-color-5)","background-image":"","background-repeat":"repeat","background-position":"center center","background-size":"auto","background-attachment":"scroll","background-type":"","background-media":"","overlay-type":"","overlay-color":"","overlay-opacity":"","overlay-gradient":""}},"footnotes":""},"categories":[77],"tags":[302,511,946,947],"class_list":["post-3457","post","type-post","status-publish","format-standard","has-post-thumbnail","hentry","category-noticias","tag-laboral","tag-ley","tag-lgtbi","tag-personas-trans"],"acf":[],"yoast_head":"<!-- This site is optimized with the Yoast SEO plugin v27.4 - https:\/\/yoast.com\/product\/yoast-seo-wordpress\/ -->\n<title>Ley para la igualdad real y efectiva de las personas trans y para la garant\u00eda de los derechos de las personas &quot;LGTBI&quot; - Augusta Alumni<\/title>\n<meta name=\"description\" content=\"La\u00a0Ley 4\/2023, de 28 de febrero, para la igualdad real y efectiva de las personas trans y para la garant\u00eda de los derechos de las personas \u201cLGTBI\u201d, alberga relevantes implicaciones para el \u00e1mbito de las relaciones laborales, especialmente, en la reconfiguraci\u00f3n de las pol\u00edticas de recursos humanos de miles de entidades y empresas.La extensa Ley, que entr\u00f3 en vigor el pasado 2 de marzo, vuelca un especial esfuerzo y atenci\u00f3n en garantizar y promover el derecho a la igualdad real y efectiva de las personas lesbianas, gais, trans, bisexuales e intersexuales (en adelante \u201cLGTBI\u201d), as\u00ed como de sus familias.\" \/>\n<meta name=\"robots\" content=\"index, follow, max-snippet:-1, max-image-preview:large, max-video-preview:-1\" \/>\n<link rel=\"canonical\" href=\"https:\/\/augustaabogados.com\/alumni\/ley-para-la-igualdad-real-y-efectiva-de-las-personas-trans-y-para-la-garantia-de-los-derechos-de-las-personas-lgtbi\/\" \/>\n<meta property=\"og:locale\" content=\"es_ES\" \/>\n<meta property=\"og:type\" content=\"article\" \/>\n<meta property=\"og:title\" content=\"Ley para la igualdad real y efectiva de las personas trans y para la garant\u00eda de los derechos de las personas &quot;LGTBI&quot; - Augusta Alumni\" \/>\n<meta property=\"og:description\" content=\"La\u00a0Ley 4\/2023, de 28 de febrero, para la igualdad real y efectiva de las personas trans y para la garant\u00eda de los derechos de las personas \u201cLGTBI\u201d, alberga relevantes implicaciones para el \u00e1mbito de las relaciones laborales, especialmente, en la reconfiguraci\u00f3n de las pol\u00edticas de recursos humanos de miles de entidades y empresas.La extensa Ley, que entr\u00f3 en vigor el pasado 2 de marzo, vuelca un especial esfuerzo y atenci\u00f3n en garantizar y promover el derecho a la igualdad real y efectiva de las personas lesbianas, gais, trans, bisexuales e intersexuales (en adelante \u201cLGTBI\u201d), as\u00ed como de sus familias.\" \/>\n<meta property=\"og:url\" content=\"https:\/\/augustaabogados.com\/alumni\/ley-para-la-igualdad-real-y-efectiva-de-las-personas-trans-y-para-la-garantia-de-los-derechos-de-las-personas-lgtbi\/\" \/>\n<meta property=\"og:site_name\" content=\"Augusta Alumni\" \/>\n<meta property=\"article:published_time\" content=\"2023-06-14T12:15:47+00:00\" \/>\n<meta property=\"article:modified_time\" content=\"2023-12-18T17:58:26+00:00\" \/>\n<meta property=\"og:image\" content=\"https:\/\/augustaabogados.com\/alumni\/wp-content\/uploads\/2023\/06\/Ley-para-la-igualdad-real-y-efectiva-de-las-personas-trans-y-para-la-garantia-de-los-derechos-de-las-personas-LGTBI-scaled.jpg\" \/>\n\t<meta property=\"og:image:width\" content=\"2560\" \/>\n\t<meta property=\"og:image:height\" content=\"1440\" \/>\n\t<meta property=\"og:image:type\" content=\"image\/jpeg\" \/>\n<meta name=\"author\" content=\"david\" \/>\n<meta name=\"twitter:card\" content=\"summary_large_image\" \/>\n<meta name=\"twitter:label1\" content=\"Escrito por\" \/>\n\t<meta name=\"twitter:data1\" content=\"david\" \/>\n\t<meta name=\"twitter:label2\" content=\"Tiempo de lectura\" \/>\n\t<meta name=\"twitter:data2\" content=\"3 minutos\" \/>\n<script type=\"application\/ld+json\" class=\"yoast-schema-graph\">{\"@context\":\"https:\\\/\\\/schema.org\",\"@graph\":[{\"@type\":\"Article\",\"@id\":\"https:\\\/\\\/augustaabogados.com\\\/alumni\\\/ley-para-la-igualdad-real-y-efectiva-de-las-personas-trans-y-para-la-garantia-de-los-derechos-de-las-personas-lgtbi\\\/#article\",\"isPartOf\":{\"@id\":\"https:\\\/\\\/augustaabogados.com\\\/alumni\\\/ley-para-la-igualdad-real-y-efectiva-de-las-personas-trans-y-para-la-garantia-de-los-derechos-de-las-personas-lgtbi\\\/\"},\"author\":{\"name\":\"david\",\"@id\":\"https:\\\/\\\/augustaabogados.com\\\/alumni\\\/#\\\/schema\\\/person\\\/64a55191ed4f0d9c65699d1455fbb051\"},\"headline\":\"Ley para la igualdad real y efectiva de las personas trans y para la garant\u00eda de los derechos de las personas \u00abLGTBI\u00bb\",\"datePublished\":\"2023-06-14T12:15:47+00:00\",\"dateModified\":\"2023-12-18T17:58:26+00:00\",\"mainEntityOfPage\":{\"@id\":\"https:\\\/\\\/augustaabogados.com\\\/alumni\\\/ley-para-la-igualdad-real-y-efectiva-de-las-personas-trans-y-para-la-garantia-de-los-derechos-de-las-personas-lgtbi\\\/\"},\"wordCount\":696,\"publisher\":{\"@id\":\"https:\\\/\\\/augustaabogados.com\\\/alumni\\\/#organization\"},\"image\":{\"@id\":\"https:\\\/\\\/augustaabogados.com\\\/alumni\\\/ley-para-la-igualdad-real-y-efectiva-de-las-personas-trans-y-para-la-garantia-de-los-derechos-de-las-personas-lgtbi\\\/#primaryimage\"},\"thumbnailUrl\":\"https:\\\/\\\/augustaabogados.com\\\/alumni\\\/wp-content\\\/uploads\\\/2023\\\/06\\\/Ley-para-la-igualdad-real-y-efectiva-de-las-personas-trans-y-para-la-garantia-de-los-derechos-de-las-personas-LGTBI-scaled.jpg\",\"keywords\":[\"laboral\",\"ley\",\"LGTBI\",\"personas Trans\"],\"articleSection\":[\"Noticias\"],\"inLanguage\":\"es\"},{\"@type\":\"WebPage\",\"@id\":\"https:\\\/\\\/augustaabogados.com\\\/alumni\\\/ley-para-la-igualdad-real-y-efectiva-de-las-personas-trans-y-para-la-garantia-de-los-derechos-de-las-personas-lgtbi\\\/\",\"url\":\"https:\\\/\\\/augustaabogados.com\\\/alumni\\\/ley-para-la-igualdad-real-y-efectiva-de-las-personas-trans-y-para-la-garantia-de-los-derechos-de-las-personas-lgtbi\\\/\",\"name\":\"Ley para la igualdad real y efectiva de las personas trans y para la garant\u00eda de los derechos de las personas \\\"LGTBI\\\" - Augusta Alumni\",\"isPartOf\":{\"@id\":\"https:\\\/\\\/augustaabogados.com\\\/alumni\\\/#website\"},\"primaryImageOfPage\":{\"@id\":\"https:\\\/\\\/augustaabogados.com\\\/alumni\\\/ley-para-la-igualdad-real-y-efectiva-de-las-personas-trans-y-para-la-garantia-de-los-derechos-de-las-personas-lgtbi\\\/#primaryimage\"},\"image\":{\"@id\":\"https:\\\/\\\/augustaabogados.com\\\/alumni\\\/ley-para-la-igualdad-real-y-efectiva-de-las-personas-trans-y-para-la-garantia-de-los-derechos-de-las-personas-lgtbi\\\/#primaryimage\"},\"thumbnailUrl\":\"https:\\\/\\\/augustaabogados.com\\\/alumni\\\/wp-content\\\/uploads\\\/2023\\\/06\\\/Ley-para-la-igualdad-real-y-efectiva-de-las-personas-trans-y-para-la-garantia-de-los-derechos-de-las-personas-LGTBI-scaled.jpg\",\"datePublished\":\"2023-06-14T12:15:47+00:00\",\"dateModified\":\"2023-12-18T17:58:26+00:00\",\"description\":\"La\u00a0Ley 4\\\/2023, de 28 de febrero, para la igualdad real y efectiva de las personas trans y para la garant\u00eda de los derechos de las personas \u201cLGTBI\u201d, alberga relevantes implicaciones para el \u00e1mbito de las relaciones laborales, especialmente, en la reconfiguraci\u00f3n de las pol\u00edticas de recursos humanos de miles de entidades y empresas.La extensa Ley, que entr\u00f3 en vigor el pasado 2 de marzo, vuelca un especial esfuerzo y atenci\u00f3n en garantizar y promover el derecho a la igualdad real y efectiva de las personas lesbianas, gais, trans, bisexuales e intersexuales (en adelante \u201cLGTBI\u201d), as\u00ed como de sus familias.\",\"breadcrumb\":{\"@id\":\"https:\\\/\\\/augustaabogados.com\\\/alumni\\\/ley-para-la-igualdad-real-y-efectiva-de-las-personas-trans-y-para-la-garantia-de-los-derechos-de-las-personas-lgtbi\\\/#breadcrumb\"},\"inLanguage\":\"es\",\"potentialAction\":[{\"@type\":\"ReadAction\",\"target\":[\"https:\\\/\\\/augustaabogados.com\\\/alumni\\\/ley-para-la-igualdad-real-y-efectiva-de-las-personas-trans-y-para-la-garantia-de-los-derechos-de-las-personas-lgtbi\\\/\"]}]},{\"@type\":\"ImageObject\",\"inLanguage\":\"es\",\"@id\":\"https:\\\/\\\/augustaabogados.com\\\/alumni\\\/ley-para-la-igualdad-real-y-efectiva-de-las-personas-trans-y-para-la-garantia-de-los-derechos-de-las-personas-lgtbi\\\/#primaryimage\",\"url\":\"https:\\\/\\\/augustaabogados.com\\\/alumni\\\/wp-content\\\/uploads\\\/2023\\\/06\\\/Ley-para-la-igualdad-real-y-efectiva-de-las-personas-trans-y-para-la-garantia-de-los-derechos-de-las-personas-LGTBI-scaled.jpg\",\"contentUrl\":\"https:\\\/\\\/augustaabogados.com\\\/alumni\\\/wp-content\\\/uploads\\\/2023\\\/06\\\/Ley-para-la-igualdad-real-y-efectiva-de-las-personas-trans-y-para-la-garantia-de-los-derechos-de-las-personas-LGTBI-scaled.jpg\",\"width\":2560,\"height\":1440},{\"@type\":\"BreadcrumbList\",\"@id\":\"https:\\\/\\\/augustaabogados.com\\\/alumni\\\/ley-para-la-igualdad-real-y-efectiva-de-las-personas-trans-y-para-la-garantia-de-los-derechos-de-las-personas-lgtbi\\\/#breadcrumb\",\"itemListElement\":[{\"@type\":\"ListItem\",\"position\":1,\"name\":\"Portada\",\"item\":\"https:\\\/\\\/augustaabogados.com\\\/alumni\\\/\"},{\"@type\":\"ListItem\",\"position\":2,\"name\":\"Ley para la igualdad real y efectiva de las personas trans y para la garant\u00eda de los derechos de las personas \u00abLGTBI\u00bb\"}]},{\"@type\":\"WebSite\",\"@id\":\"https:\\\/\\\/augustaabogados.com\\\/alumni\\\/#website\",\"url\":\"https:\\\/\\\/augustaabogados.com\\\/alumni\\\/\",\"name\":\"augusta abogados\",\"description\":\"\",\"publisher\":{\"@id\":\"https:\\\/\\\/augustaabogados.com\\\/alumni\\\/#organization\"},\"potentialAction\":[{\"@type\":\"SearchAction\",\"target\":{\"@type\":\"EntryPoint\",\"urlTemplate\":\"https:\\\/\\\/augustaabogados.com\\\/alumni\\\/?s={search_term_string}\"},\"query-input\":{\"@type\":\"PropertyValueSpecification\",\"valueRequired\":true,\"valueName\":\"search_term_string\"}}],\"inLanguage\":\"es\"},{\"@type\":\"Organization\",\"@id\":\"https:\\\/\\\/augustaabogados.com\\\/alumni\\\/#organization\",\"name\":\"augusta abogados\",\"url\":\"https:\\\/\\\/augustaabogados.com\\\/alumni\\\/\",\"logo\":{\"@type\":\"ImageObject\",\"inLanguage\":\"es\",\"@id\":\"https:\\\/\\\/augustaabogados.com\\\/alumni\\\/#\\\/schema\\\/logo\\\/image\\\/\",\"url\":\"https:\\\/\\\/augustaabogados.com\\\/alumni\\\/wp-content\\\/uploads\\\/2023\\\/12\\\/A_ALUMNI_VERT_2TINTAS-1.svg\",\"contentUrl\":\"https:\\\/\\\/augustaabogados.com\\\/alumni\\\/wp-content\\\/uploads\\\/2023\\\/12\\\/A_ALUMNI_VERT_2TINTAS-1.svg\",\"width\":239,\"height\":87,\"caption\":\"augusta abogados\"},\"image\":{\"@id\":\"https:\\\/\\\/augustaabogados.com\\\/alumni\\\/#\\\/schema\\\/logo\\\/image\\\/\"}},{\"@type\":\"Person\",\"@id\":\"https:\\\/\\\/augustaabogados.com\\\/alumni\\\/#\\\/schema\\\/person\\\/64a55191ed4f0d9c65699d1455fbb051\",\"name\":\"david\",\"image\":{\"@type\":\"ImageObject\",\"inLanguage\":\"es\",\"@id\":\"https:\\\/\\\/secure.gravatar.com\\\/avatar\\\/7239c726335dbdff32790e5c7b8b984cbe00f5a1c2465bc42ab52343c935f3ed?s=96&d=mm&r=g\",\"url\":\"https:\\\/\\\/secure.gravatar.com\\\/avatar\\\/7239c726335dbdff32790e5c7b8b984cbe00f5a1c2465bc42ab52343c935f3ed?s=96&d=mm&r=g\",\"contentUrl\":\"https:\\\/\\\/secure.gravatar.com\\\/avatar\\\/7239c726335dbdff32790e5c7b8b984cbe00f5a1c2465bc42ab52343c935f3ed?s=96&d=mm&r=g\",\"caption\":\"david\"},\"url\":\"https:\\\/\\\/augustaabogados.com\\\/alumni\\\/author\\\/david\\\/\"}]}<\/script>\n<!-- \/ Yoast SEO plugin. -->","yoast_head_json":{"title":"Ley para la igualdad real y efectiva de las personas trans y para la garant\u00eda de los derechos de las personas \"LGTBI\" - Augusta Alumni","description":"La\u00a0Ley 4\/2023, de 28 de febrero, para la igualdad real y efectiva de las personas trans y para la garant\u00eda de los derechos de las personas \u201cLGTBI\u201d, alberga relevantes implicaciones para el \u00e1mbito de las relaciones laborales, especialmente, en la reconfiguraci\u00f3n de las pol\u00edticas de recursos humanos de miles de entidades y empresas.La extensa Ley, que entr\u00f3 en vigor el pasado 2 de marzo, vuelca un especial esfuerzo y atenci\u00f3n en garantizar y promover el derecho a la igualdad real y efectiva de las personas lesbianas, gais, trans, bisexuales e intersexuales (en adelante \u201cLGTBI\u201d), as\u00ed como de sus familias.","robots":{"index":"index","follow":"follow","max-snippet":"max-snippet:-1","max-image-preview":"max-image-preview:large","max-video-preview":"max-video-preview:-1"},"canonical":"https:\/\/augustaabogados.com\/alumni\/ley-para-la-igualdad-real-y-efectiva-de-las-personas-trans-y-para-la-garantia-de-los-derechos-de-las-personas-lgtbi\/","og_locale":"es_ES","og_type":"article","og_title":"Ley para la igualdad real y efectiva de las personas trans y para la garant\u00eda de los derechos de las personas \"LGTBI\" - Augusta Alumni","og_description":"La\u00a0Ley 4\/2023, de 28 de febrero, para la igualdad real y efectiva de las personas trans y para la garant\u00eda de los derechos de las personas \u201cLGTBI\u201d, alberga relevantes implicaciones para el \u00e1mbito de las relaciones laborales, especialmente, en la reconfiguraci\u00f3n de las pol\u00edticas de recursos humanos de miles de entidades y empresas.La extensa Ley, que entr\u00f3 en vigor el pasado 2 de marzo, vuelca un especial esfuerzo y atenci\u00f3n en garantizar y promover el derecho a la igualdad real y efectiva de las personas lesbianas, gais, trans, bisexuales e intersexuales (en adelante \u201cLGTBI\u201d), as\u00ed como de sus familias.","og_url":"https:\/\/augustaabogados.com\/alumni\/ley-para-la-igualdad-real-y-efectiva-de-las-personas-trans-y-para-la-garantia-de-los-derechos-de-las-personas-lgtbi\/","og_site_name":"Augusta Alumni","article_published_time":"2023-06-14T12:15:47+00:00","article_modified_time":"2023-12-18T17:58:26+00:00","og_image":[{"width":2560,"height":1440,"url":"https:\/\/augustaabogados.com\/alumni\/wp-content\/uploads\/2023\/06\/Ley-para-la-igualdad-real-y-efectiva-de-las-personas-trans-y-para-la-garantia-de-los-derechos-de-las-personas-LGTBI-scaled.jpg","type":"image\/jpeg"}],"author":"david","twitter_card":"summary_large_image","twitter_misc":{"Escrito por":"david","Tiempo de lectura":"3 minutos"},"schema":{"@context":"https:\/\/schema.org","@graph":[{"@type":"Article","@id":"https:\/\/augustaabogados.com\/alumni\/ley-para-la-igualdad-real-y-efectiva-de-las-personas-trans-y-para-la-garantia-de-los-derechos-de-las-personas-lgtbi\/#article","isPartOf":{"@id":"https:\/\/augustaabogados.com\/alumni\/ley-para-la-igualdad-real-y-efectiva-de-las-personas-trans-y-para-la-garantia-de-los-derechos-de-las-personas-lgtbi\/"},"author":{"name":"david","@id":"https:\/\/augustaabogados.com\/alumni\/#\/schema\/person\/64a55191ed4f0d9c65699d1455fbb051"},"headline":"Ley para la igualdad real y efectiva de las personas trans y para la garant\u00eda de los derechos de las personas \u00abLGTBI\u00bb","datePublished":"2023-06-14T12:15:47+00:00","dateModified":"2023-12-18T17:58:26+00:00","mainEntityOfPage":{"@id":"https:\/\/augustaabogados.com\/alumni\/ley-para-la-igualdad-real-y-efectiva-de-las-personas-trans-y-para-la-garantia-de-los-derechos-de-las-personas-lgtbi\/"},"wordCount":696,"publisher":{"@id":"https:\/\/augustaabogados.com\/alumni\/#organization"},"image":{"@id":"https:\/\/augustaabogados.com\/alumni\/ley-para-la-igualdad-real-y-efectiva-de-las-personas-trans-y-para-la-garantia-de-los-derechos-de-las-personas-lgtbi\/#primaryimage"},"thumbnailUrl":"https:\/\/augustaabogados.com\/alumni\/wp-content\/uploads\/2023\/06\/Ley-para-la-igualdad-real-y-efectiva-de-las-personas-trans-y-para-la-garantia-de-los-derechos-de-las-personas-LGTBI-scaled.jpg","keywords":["laboral","ley","LGTBI","personas Trans"],"articleSection":["Noticias"],"inLanguage":"es"},{"@type":"WebPage","@id":"https:\/\/augustaabogados.com\/alumni\/ley-para-la-igualdad-real-y-efectiva-de-las-personas-trans-y-para-la-garantia-de-los-derechos-de-las-personas-lgtbi\/","url":"https:\/\/augustaabogados.com\/alumni\/ley-para-la-igualdad-real-y-efectiva-de-las-personas-trans-y-para-la-garantia-de-los-derechos-de-las-personas-lgtbi\/","name":"Ley para la igualdad real y efectiva de las personas trans y para la garant\u00eda de los derechos de las personas \"LGTBI\" - Augusta Alumni","isPartOf":{"@id":"https:\/\/augustaabogados.com\/alumni\/#website"},"primaryImageOfPage":{"@id":"https:\/\/augustaabogados.com\/alumni\/ley-para-la-igualdad-real-y-efectiva-de-las-personas-trans-y-para-la-garantia-de-los-derechos-de-las-personas-lgtbi\/#primaryimage"},"image":{"@id":"https:\/\/augustaabogados.com\/alumni\/ley-para-la-igualdad-real-y-efectiva-de-las-personas-trans-y-para-la-garantia-de-los-derechos-de-las-personas-lgtbi\/#primaryimage"},"thumbnailUrl":"https:\/\/augustaabogados.com\/alumni\/wp-content\/uploads\/2023\/06\/Ley-para-la-igualdad-real-y-efectiva-de-las-personas-trans-y-para-la-garantia-de-los-derechos-de-las-personas-LGTBI-scaled.jpg","datePublished":"2023-06-14T12:15:47+00:00","dateModified":"2023-12-18T17:58:26+00:00","description":"La\u00a0Ley 4\/2023, de 28 de febrero, para la igualdad real y efectiva de las personas trans y para la garant\u00eda de los derechos de las personas \u201cLGTBI\u201d, alberga relevantes implicaciones para el \u00e1mbito de las relaciones laborales, especialmente, en la reconfiguraci\u00f3n de las pol\u00edticas de recursos humanos de miles de entidades y empresas.La extensa Ley, que entr\u00f3 en vigor el pasado 2 de marzo, vuelca un especial esfuerzo y atenci\u00f3n en garantizar y promover el derecho a la igualdad real y efectiva de las personas lesbianas, gais, trans, bisexuales e intersexuales (en adelante \u201cLGTBI\u201d), as\u00ed como de sus familias.","breadcrumb":{"@id":"https:\/\/augustaabogados.com\/alumni\/ley-para-la-igualdad-real-y-efectiva-de-las-personas-trans-y-para-la-garantia-de-los-derechos-de-las-personas-lgtbi\/#breadcrumb"},"inLanguage":"es","potentialAction":[{"@type":"ReadAction","target":["https:\/\/augustaabogados.com\/alumni\/ley-para-la-igualdad-real-y-efectiva-de-las-personas-trans-y-para-la-garantia-de-los-derechos-de-las-personas-lgtbi\/"]}]},{"@type":"ImageObject","inLanguage":"es","@id":"https:\/\/augustaabogados.com\/alumni\/ley-para-la-igualdad-real-y-efectiva-de-las-personas-trans-y-para-la-garantia-de-los-derechos-de-las-personas-lgtbi\/#primaryimage","url":"https:\/\/augustaabogados.com\/alumni\/wp-content\/uploads\/2023\/06\/Ley-para-la-igualdad-real-y-efectiva-de-las-personas-trans-y-para-la-garantia-de-los-derechos-de-las-personas-LGTBI-scaled.jpg","contentUrl":"https:\/\/augustaabogados.com\/alumni\/wp-content\/uploads\/2023\/06\/Ley-para-la-igualdad-real-y-efectiva-de-las-personas-trans-y-para-la-garantia-de-los-derechos-de-las-personas-LGTBI-scaled.jpg","width":2560,"height":1440},{"@type":"BreadcrumbList","@id":"https:\/\/augustaabogados.com\/alumni\/ley-para-la-igualdad-real-y-efectiva-de-las-personas-trans-y-para-la-garantia-de-los-derechos-de-las-personas-lgtbi\/#breadcrumb","itemListElement":[{"@type":"ListItem","position":1,"name":"Portada","item":"https:\/\/augustaabogados.com\/alumni\/"},{"@type":"ListItem","position":2,"name":"Ley para la igualdad real y efectiva de las personas trans y para la garant\u00eda de los derechos de las personas \u00abLGTBI\u00bb"}]},{"@type":"WebSite","@id":"https:\/\/augustaabogados.com\/alumni\/#website","url":"https:\/\/augustaabogados.com\/alumni\/","name":"augusta abogados","description":"","publisher":{"@id":"https:\/\/augustaabogados.com\/alumni\/#organization"},"potentialAction":[{"@type":"SearchAction","target":{"@type":"EntryPoint","urlTemplate":"https:\/\/augustaabogados.com\/alumni\/?s={search_term_string}"},"query-input":{"@type":"PropertyValueSpecification","valueRequired":true,"valueName":"search_term_string"}}],"inLanguage":"es"},{"@type":"Organization","@id":"https:\/\/augustaabogados.com\/alumni\/#organization","name":"augusta abogados","url":"https:\/\/augustaabogados.com\/alumni\/","logo":{"@type":"ImageObject","inLanguage":"es","@id":"https:\/\/augustaabogados.com\/alumni\/#\/schema\/logo\/image\/","url":"https:\/\/augustaabogados.com\/alumni\/wp-content\/uploads\/2023\/12\/A_ALUMNI_VERT_2TINTAS-1.svg","contentUrl":"https:\/\/augustaabogados.com\/alumni\/wp-content\/uploads\/2023\/12\/A_ALUMNI_VERT_2TINTAS-1.svg","width":239,"height":87,"caption":"augusta abogados"},"image":{"@id":"https:\/\/augustaabogados.com\/alumni\/#\/schema\/logo\/image\/"}},{"@type":"Person","@id":"https:\/\/augustaabogados.com\/alumni\/#\/schema\/person\/64a55191ed4f0d9c65699d1455fbb051","name":"david","image":{"@type":"ImageObject","inLanguage":"es","@id":"https:\/\/secure.gravatar.com\/avatar\/7239c726335dbdff32790e5c7b8b984cbe00f5a1c2465bc42ab52343c935f3ed?s=96&d=mm&r=g","url":"https:\/\/secure.gravatar.com\/avatar\/7239c726335dbdff32790e5c7b8b984cbe00f5a1c2465bc42ab52343c935f3ed?s=96&d=mm&r=g","contentUrl":"https:\/\/secure.gravatar.com\/avatar\/7239c726335dbdff32790e5c7b8b984cbe00f5a1c2465bc42ab52343c935f3ed?s=96&d=mm&r=g","caption":"david"},"url":"https:\/\/augustaabogados.com\/alumni\/author\/david\/"}]}},"_links":{"self":[{"href":"https:\/\/augustaabogados.com\/alumni\/wp-json\/wp\/v2\/posts\/3457","targetHints":{"allow":["GET"]}}],"collection":[{"href":"https:\/\/augustaabogados.com\/alumni\/wp-json\/wp\/v2\/posts"}],"about":[{"href":"https:\/\/augustaabogados.com\/alumni\/wp-json\/wp\/v2\/types\/post"}],"author":[{"embeddable":true,"href":"https:\/\/augustaabogados.com\/alumni\/wp-json\/wp\/v2\/users\/2"}],"replies":[{"embeddable":true,"href":"https:\/\/augustaabogados.com\/alumni\/wp-json\/wp\/v2\/comments?post=3457"}],"version-history":[{"count":1,"href":"https:\/\/augustaabogados.com\/alumni\/wp-json\/wp\/v2\/posts\/3457\/revisions"}],"predecessor-version":[{"id":4644,"href":"https:\/\/augustaabogados.com\/alumni\/wp-json\/wp\/v2\/posts\/3457\/revisions\/4644"}],"wp:featuredmedia":[{"embeddable":true,"href":"https:\/\/augustaabogados.com\/alumni\/wp-json\/wp\/v2\/media\/6798"}],"wp:attachment":[{"href":"https:\/\/augustaabogados.com\/alumni\/wp-json\/wp\/v2\/media?parent=3457"}],"wp:term":[{"taxonomy":"category","embeddable":true,"href":"https:\/\/augustaabogados.com\/alumni\/wp-json\/wp\/v2\/categories?post=3457"},{"taxonomy":"post_tag","embeddable":true,"href":"https:\/\/augustaabogados.com\/alumni\/wp-json\/wp\/v2\/tags?post=3457"}],"curies":[{"name":"wp","href":"https:\/\/api.w.org\/{rel}","templated":true}]}}