{"id":3462,"date":"2023-07-07T07:51:57","date_gmt":"2023-07-07T07:51:57","guid":{"rendered":"https:\/\/augustaabogados.com\/alumni\/?p=3462"},"modified":"2023-12-18T10:44:06","modified_gmt":"2023-12-18T10:44:06","slug":"novedades-laborales-del-real-decreto-ley-5-2023-de-28-de-junio-modificacion-del-concepto-de-discriminacion-nuevos-permisos-y-adaptacion-de-jornada-y-horario","status":"publish","type":"post","link":"https:\/\/augustaabogados.com\/alumni\/novedades-laborales-del-real-decreto-ley-5-2023-de-28-de-junio-modificacion-del-concepto-de-discriminacion-nuevos-permisos-y-adaptacion-de-jornada-y-horario\/","title":{"rendered":"Novedades laborales del Real Decreto-Ley 5\/2023, de 28 de junio. Modificaci\u00f3n del concepto de discriminaci\u00f3n, nuevos permisos y adaptaci\u00f3n de jornada y horario"},"content":{"rendered":"<p><strong>Introducci\u00f3n<\/strong><\/p>\n<p><strong>\u00a0<\/strong><\/p>\n<p>El Real Decreto-Ley 5\/2023 (\u201c<strong>RD Conciliaci\u00f3n<\/strong>\u201d) introduce importantes modificaciones estructurales que afectan a determinados derechos laborales de las personas trabajadoras, con la pretensi\u00f3n de concluir el proceso de trasposici\u00f3n de la Directiva UE 2019\/1158, de 20 de junio de 2019 (\u201c<strong>Directiva Conciliaci\u00f3n<\/strong>\u201d), cuyo objetivo principal es dar respuesta a una realidad social concreta, a saber, la eliminaci\u00f3n de cualquier desventaja o merma que pueda afectar a las carreras profesionales de las personas que se ocupan de manera informal de las tareas de cuidado de familiares y dependientes <strong>(se introduce as\u00ed de forma clara un concepto de corresponsabilidad<\/strong> <strong>respecto a las responsabilidad familiares, enriqueciendo las mejoras ya introducidas en el Real Decreto-Ley 6\/2019, de 1 de marzo).<\/strong><\/p>\n<p>&nbsp;<\/p>\n<p>El RD Conciliaci\u00f3n entr\u00f3 en vigor el pasado d\u00eda 30 de junio de 2023.<\/p>\n<p>&nbsp;<\/p>\n<p>Desde el \u00c1rea Laboral de <strong>Augusta Abogados<\/strong> hemos preparado esta \u2018Alerta\u2019 que incorpora las principales novedades introducidas:<\/p>\n<p><strong>\u00a0<\/strong><\/p>\n<p><strong>Modificaci\u00f3n del concepto de discriminaci\u00f3n<\/strong><\/p>\n<p><strong><u>\u00a0<\/u><\/strong><\/p>\n<p>Se incluye dentro de la denominaci\u00f3n de la discriminaci\u00f3n el trato desfavorable dispensado a mujeres u hombres por el ejercicio de los derechos de conciliaci\u00f3n o corresponsabilidad de la vida familiar y laboral, de manera que garantiza que mujeres y hombres puedan disfrutar de una protecci\u00f3n al m\u00e1ximo nivel cuando ejercen dichos permisos, con independencia de la literalidad de las normas o convenios.<\/p>\n<p><strong>\u00a0<\/strong><\/p>\n<p><strong>Adaptaciones a la duraci\u00f3n y distribuci\u00f3n de la jornada de trabajo<\/strong><\/p>\n<p><strong>\u00a0<\/strong><\/p>\n<p>Se ampl\u00edan los supuestos para ejercitar estos derechos a aquellas personas trabajadoras que tengan necesidades de cuidado respecto de los hijos e hijas mayores de 12 a\u00f1os, el c\u00f3nyuge o pareja de hecho, familiares por consanguinidad hasta el segundo grado de la persona trabajadora, as\u00ed como de otras personas dependientes cuando, en este \u00faltimo caso, convivan en el mismo domicilio, y que por razones de edad, accidente o enfermedad no puedan valerse por s\u00ed mismos, debiendo justificar las circunstancias en las que fundamenta su petici\u00f3n.<\/p>\n<p><strong>\u00a0<\/strong><\/p>\n<p>Se agiliza el proceso de petici\u00f3n de adaptaciones y modificaciones, que pasa de 30 a 15 d\u00edas. Igualmente, la posible denegaci\u00f3n de la petici\u00f3n ser\u00e1 m\u00e1s exigente, ya que se presumir\u00e1 la concesi\u00f3n de la medida solicitada si no concurre oposici\u00f3n motivada expresa en los 15 d\u00edas indicados. Asimismo, la empresa deber\u00e1 justificar su decisi\u00f3n siempre que no sea estimatoria, teniendo en cuenta que hasta ahora esta obligaci\u00f3n solo estaba prevista cuando se denegaba la petici\u00f3n, pero no si se propon\u00edan alternativas.<\/p>\n<p><strong>\u00a0<\/strong><\/p>\n<p>Adem\u00e1s, se concreta que la persona trabajadora tendr\u00e1 derecho a regresar a la situaci\u00f3n anterior a la adaptaci\u00f3n una vez concluido el per\u00edodo acordado o previsto o cuando decaigan las causas que motivaron la solicitud.<\/p>\n<p>&nbsp;<\/p>\n<p>La empresa no podr\u00e1 negarse una vez concluido el per\u00edodo acordado o previsto o cuando decaigan las causas que motivaron la solicitud, mientras que, en el resto de los supuestos, s\u00f3lo podr\u00e1 denegar el regreso cuando existan razones objetivas motivadas para ello.<\/p>\n<p><strong>\u00a0<\/strong><\/p>\n<p><strong>Nuevos permisos para progenitores y cuidadores relativos a la conciliaci\u00f3n de la vida familiar y profesional<\/strong><\/p>\n<p>&nbsp;<\/p>\n<p><u>Permisos retribuidos:<\/u><\/p>\n<p>&nbsp;<\/p>\n<ol>\n<li>Se ampl\u00eda de los 2 d\u00edas actuales a 5 d\u00edas de permiso retribuido por accidente o enfermedad grave, hospitalizaci\u00f3n o intervenci\u00f3n quir\u00fargica sin hospitalizaci\u00f3n que precise reposo domiciliario del c\u00f3nyuge, pareja de hecho o parientes hasta el segundo grado por consanguineidad o afinidad, incluido el familiar consangu\u00edneo de la pareja de hecho, as\u00ed como de cualquier otra persona distinta de las anteriores, que conviva con la persona trabajadora en el mismo domicilio y que requiere el cuidado efectivo de aquella. (art. 37.3 b) del ET).<\/li>\n<\/ol>\n<p>&nbsp;<\/p>\n<p>Para acogerse a este permiso, no hay ning\u00fan l\u00edmite anual y, por tanto, si se cumplen los requisitos, la persona trabajadora tendr\u00e1 derecho a los 5 d\u00edas cada vez que se produzca una hospitalizaci\u00f3n, enfermedad grave sin ning\u00fan l\u00edmite anual.<\/p>\n<p>&nbsp;<\/p>\n<ol start=\"2\">\n<li>Se ampl\u00eda el permiso retribuido de 15 d\u00edas naturales por matrimonio al registro de parejas de hecho. (art. 37.3 a) ET).<\/li>\n<\/ol>\n<p>&nbsp;<\/p>\n<ol start=\"3\">\n<li>Permiso retribuido de hasta 4 d\u00edas por \u201ccausas de fuerza mayor\u201d que permite a las personas trabajadoras ausentarse cuando haya motivos que requieran atenci\u00f3n inmediata. Se tendr\u00e1 derecho a ausentarse del trabajo por causa de fuerza mayor cuando sea necesario por motivos familiares urgentes e imprevisibles, en caso de enfermedad o accidente que hagan indispensable la presencia inmediata. Este derecho se podr\u00e1 disfrutar por horas (art. 37.9 ET).<\/li>\n<\/ol>\n<p>&nbsp;<\/p>\n<ol start=\"4\">\n<li>Permiso de 2 d\u00edas por fallecimiento del c\u00f3nyuge, pareja de hecho o parientes hasta el 2\u00ba grado de consanguinidad o afinidad. En caso de tener que desplazarse al efecto, el plazo se ampliar\u00e1 2 d\u00edas m\u00e1s.<\/li>\n<\/ol>\n<p>&nbsp;<\/p>\n<p><u>Permisos no retribuidos:<\/u><\/p>\n<p>&nbsp;<\/p>\n<p>Se introduce un nuevo permiso parental para el cuidado de hijo, hija o menor acogido por tiempo superior a un a\u00f1o, hasta el momento en que el menor cumpla ocho a\u00f1os. Este permiso, que tendr\u00e1 una duraci\u00f3n no superior a 8 semanas, continuas o discontinuas, podr\u00e1 disfrutarse a tiempo completo, o en r\u00e9gimen de jornada a tiempo parcial conforme a lo establecido reglamentariamente. (art. 48 bis ET).<\/p>\n<p>&nbsp;<\/p>\n<p>Corresponder\u00e1 a la persona trabajadora especificar la fecha de inicio y fin del disfrute o, en su caso, de los per\u00edodos de disfrute, debiendo comunicarlo a la empresa con una antelaci\u00f3n de 10 d\u00edas o la concretada por los convenios colectivos, salvo fuerza mayor, teniendo en cuenta la situaci\u00f3n de aquella y las necesidades organizativas de la empresa.<\/p>\n<p>&nbsp;<\/p>\n<p>En caso de que dos personas trabajadoras soliciten esta excedencia en la empresa por el mismo sujeto causante, se exige una motivaci\u00f3n clara en la respuesta, en caso de que no sea posible su concesi\u00f3n, y se exige tambi\u00e9n un plan alternativo para garantizar el disfrute del derecho.<\/p>\n<p>&nbsp;<\/p>\n<p>Finalmente, debe tenerse en cuenta que este permiso se incorpora a la DA 19 ET, relativa al c\u00e1lculo de indemnizaciones en determinados supuestos de jornada reducida.<\/p>\n<p>&nbsp;<\/p>\n<p><u>Permiso por lactancia:<\/u><\/p>\n<p>&nbsp;<\/p>\n<p>En caso de que dos personas trabajadoras soliciten este permiso en la empresa por el mismo sujeto causante, la empresa s\u00f3lo podr\u00e1 limitar su ejercicio simult\u00e1neo por razones fundadas y objetivas de funcionamiento de la empresa, debidamente motivadas por escrito, debiendo en tal caso ofrecer un plan alternativo que asegure el disfrute de ambas personas trabajadoras y que posibilite el ejercicio de los derechos de conciliaci\u00f3n. Esta es una clara referencia a un ofrecimiento de un plan alternativo que tome en consideraci\u00f3n los principios de corresponsabilidad familiar.<\/p>\n<p>&nbsp;<\/p>\n<p><strong>Solicitud de adaptaci\u00f3n de jornada<\/strong><\/p>\n<p>&nbsp;<\/p>\n<p>El plazo para negociar la adaptaci\u00f3n de jornada entre empresa y persona trabajadora se reduce de 30 a 15 d\u00edas; y si la empresa no motiva su oposici\u00f3n en ese plazo, se presumir\u00e1 que la adaptaci\u00f3n se ha concedido.<\/p>\n<p>&nbsp;<\/p>\n<p>Adem\u00e1s, se ampl\u00eda el derecho a la reducci\u00f3n de jornada (art 37.6 ET):<\/p>\n<p>&nbsp;<\/p>\n<ul>\n<li>A quienes precisen encargarse del cuidado directo del c\u00f3nyuge o pareja de hecho, o un familiar hasta el 2\u00ba grado de consanguinidad o afinidad, incluido el familiar consangu\u00edneo de la pareja de hecho, que por razones de edad, accidente o enfermedad no pueda valerse por s\u00ed mismo, y que no desempe\u00f1e actividad retribuida.<\/li>\n<\/ul>\n<p>&nbsp;<\/p>\n<ul>\n<li>Para el cuidado de hijos o personas a cargo con discapacidad que sean menores de 26 a\u00f1os y que tengan c\u00e1ncer u otra enfermedad grave, cuando el grado de discapacidad supere el 65%, siempre que esta condici\u00f3n se acredite antes de cumplir los 23 a\u00f1os.<\/li>\n<\/ul>\n<p>&nbsp;<\/p>\n<p><strong>Ampliaci\u00f3n del alcance de la excedencia<\/strong><\/p>\n<p>&nbsp;<\/p>\n<p>Se extiende el derecho a un periodo de excedencia de duraci\u00f3n no superior a 2 a\u00f1os para atender al cuidado del c\u00f3nyuge o la pareja de hecho, o de un familiar hasta el segundo grado por consanguinidad y por afinidad, incluido el familiar consangu\u00edneo de la pareja de hecho, que por razones de edad, accidente, enfermedad o discapacidad no pueda valerse por s\u00ed mismo y no desempe\u00f1e actividad retribuida.<\/p>\n<p>&nbsp;<\/p>\n<p><strong>Ampliaci\u00f3n causas de nulidad de los despidos<\/strong><\/p>\n<p>&nbsp;<\/p>\n<p>Se modifican el art. 53.4 ET (en relaci\u00f3n con el despido objetivo) y el art. 55.5 ET (en relaci\u00f3n con el despido disciplinario) del Estatuto de los Trabajadores.<\/p>\n<p>&nbsp;<\/p>\n<p>En este sentido, se protege a la persona trabajadora contra el despido derivado del disfrute de permisos en materia de conciliaci\u00f3n y concretamente se considera nulo el despido objetivo\/disciplinario realizado durante los periodos de suspensi\u00f3n del contrato de trabajo por nacimiento, disfrute de <u>permiso parental<\/u>, enfermedades causadas por embarazo, parto o lactancia natural. As\u00ed como tambi\u00e9n, el despido objetivo\/disciplinario de las personas trabajadoras que hayan solicitado o est\u00e9n disfrutando de permisos en relaci\u00f3n con la conciliaci\u00f3n de la vida familiar y laboral, as\u00ed como las que hayan solicitado o est\u00e9n disfrutando de las <u>adaptaciones de jornada<\/u> en relaci\u00f3n con la conciliaci\u00f3n de la vida familiar y laboral.<\/p>\n<p>En definitiva, se trata de nuevos supuestos de nulidad que podemos calificar como de nulidad \u201c<em>objetiva<\/em>\u201d y que ampl\u00edan de forma notable los que ya exist\u00edan, de manera que, una vez constatadas las situaciones descritas en el precepto (a modo de ejemplo: haber solicitado o estar disfrutando de una adaptaci\u00f3n de jornada de las previstas en el art. 34.8 ET (incluyendo el trabajo a distancia), del permiso parental del art. 48 Bis ET,\u00a0 de los nuevos permisos del art. 37.3 b) ET), el despido ser\u00e1 declarado autom\u00e1ticamente nulo a no ser que el despido objetivo o disciplinario sea declarado como procedente.<\/p>\n<p>&nbsp;<\/p>\n<p><strong>Alta becarios en Seguridad Social<\/strong><\/p>\n<p>&nbsp;<\/p>\n<p>Se demora la obligaci\u00f3n de dar de alta en Seguridad Social a todos los becarios.<\/p>\n<p>&nbsp;<\/p>\n<p><strong>En conclusi\u00f3n, se trata de una norma que entr\u00f3 en vigor el pasado 30 de junio de 2023, que introduce relevantes cambios en materia de conciliaci\u00f3n de la vida familiar y laboral y que han de tener en cuenta las empresas, para una mejor gesti\u00f3n de sus recursos humanos. <\/strong><\/p>\n<p><strong>\u00a0<\/strong><strong>\u00c1rea laboral | <\/strong><strong>Augusta Abogados<\/strong><\/p>\n<p><a href=\"mailto:info@augustaabogados.com\">info@augustaabogados.com<\/a><\/p>\n","protected":false},"excerpt":{"rendered":"<p>Introducci\u00f3n \u00a0 El Real Decreto-Ley 5\/2023 (\u201cRD Conciliaci\u00f3n\u201d) introduce importantes modificaciones estructurales que afectan a determinados derechos laborales de las personas trabajadoras, con la pretensi\u00f3n de concluir el proceso de trasposici\u00f3n de la Directiva UE 2019\/1158, de 20 de junio de 2019 (\u201cDirectiva Conciliaci\u00f3n\u201d), cuyo objetivo principal es dar respuesta a una realidad social concreta, [&hellip;]<\/p>\n","protected":false},"author":2,"featured_media":6503,"comment_status":"closed","ping_status":"open","sticky":false,"template":"","format":"standard","meta":{"site-sidebar-layout":"default","site-content-layout":"","ast-site-content-layout":"default","site-content-style":"default","site-sidebar-style":"default","ast-global-header-display":"","ast-banner-title-visibility":"","ast-main-header-display":"","ast-hfb-above-header-display":"","ast-hfb-below-header-display":"","ast-hfb-mobile-header-display":"","site-post-title":"","ast-breadcrumbs-content":"","ast-featured-img":"","footer-sml-layout":"","ast-disable-related-posts":"","theme-transparent-header-meta":"","adv-header-id-meta":"","stick-header-meta":"","header-above-stick-meta":"","header-main-stick-meta":"","header-below-stick-meta":"","astra-migrate-meta-layouts":"default","ast-page-background-enabled":"default","ast-page-background-meta":{"desktop":{"background-color":"var(--ast-global-color-4)","background-image":"","background-repeat":"repeat","background-position":"center center","background-size":"auto","background-attachment":"scroll","background-type":"","background-media":"","overlay-type":"","overlay-color":"","overlay-opacity":"","overlay-gradient":""},"tablet":{"background-color":"","background-image":"","background-repeat":"repeat","background-position":"center center","background-size":"auto","background-attachment":"scroll","background-type":"","background-media":"","overlay-type":"","overlay-color":"","overlay-opacity":"","overlay-gradient":""},"mobile":{"background-color":"","background-image":"","background-repeat":"repeat","background-position":"center center","background-size":"auto","background-attachment":"scroll","background-type":"","background-media":"","overlay-type":"","overlay-color":"","overlay-opacity":"","overlay-gradient":""}},"ast-content-background-meta":{"desktop":{"background-color":"var(--ast-global-color-5)","background-image":"","background-repeat":"repeat","background-position":"center center","background-size":"auto","background-attachment":"scroll","background-type":"","background-media":"","overlay-type":"","overlay-color":"","overlay-opacity":"","overlay-gradient":""},"tablet":{"background-color":"var(--ast-global-color-5)","background-image":"","background-repeat":"repeat","background-position":"center center","background-size":"auto","background-attachment":"scroll","background-type":"","background-media":"","overlay-type":"","overlay-color":"","overlay-opacity":"","overlay-gradient":""},"mobile":{"background-color":"var(--ast-global-color-5)","background-image":"","background-repeat":"repeat","background-position":"center center","background-size":"auto","background-attachment":"scroll","background-type":"","background-media":"","overlay-type":"","overlay-color":"","overlay-opacity":"","overlay-gradient":""}},"footnotes":""},"categories":[77],"tags":[81,952,953],"class_list":["post-3462","post","type-post","status-publish","format-standard","has-post-thumbnail","hentry","category-noticias","tag-area-laboral","tag-conciliacion","tag-rdl-15-2023"],"acf":[],"yoast_head":"<!-- This site is optimized with the Yoast SEO plugin v27.4 - https:\/\/yoast.com\/product\/yoast-seo-wordpress\/ -->\n<title>Novedades laborales del Real Decreto-Ley 5\/2023, de 28 de junio. Modificaci\u00f3n del concepto de discriminaci\u00f3n, nuevos permisos y adaptaci\u00f3n de jornada y horario - Augusta Alumni<\/title>\n<meta name=\"description\" content=\"El Real Decreto-Ley 5\/2023 (\u201cRD Conciliaci\u00f3n\u201d) introduce importantes modificaciones estructurales que afectan a determinados derechos laborales de las personas trabajadoras, con la pretensi\u00f3n de concluir el proceso de trasposici\u00f3n de la Directiva UE 2019\/1158, de 20 de junio de 2019 (\u201cDirectiva Conciliaci\u00f3n\u201d), cuyo objetivo principal es dar respuesta a una realidad social concreta, a saber, la eliminaci\u00f3n de cualquier desventaja o merma que pueda afectar a las carreras profesionales de las personas que se ocupan de manera informal de las tareas de cuidado de familiares y dependientes (se introduce as\u00ed de forma clara un concepto de corresponsabilidad respecto a las responsabilidad familiares, enriqueciendo las mejoras ya introducidas en el Real Decreto-Ley 6\/2019, de 1 de marzo).\" \/>\n<meta name=\"robots\" content=\"index, follow, max-snippet:-1, max-image-preview:large, max-video-preview:-1\" \/>\n<link rel=\"canonical\" href=\"https:\/\/augustaabogados.com\/alumni\/novedades-laborales-del-real-decreto-ley-5-2023-de-28-de-junio-modificacion-del-concepto-de-discriminacion-nuevos-permisos-y-adaptacion-de-jornada-y-horario\/\" \/>\n<meta property=\"og:locale\" content=\"es_ES\" \/>\n<meta property=\"og:type\" content=\"article\" \/>\n<meta property=\"og:title\" content=\"Novedades laborales del Real Decreto-Ley 5\/2023, de 28 de junio. Modificaci\u00f3n del concepto de discriminaci\u00f3n, nuevos permisos y adaptaci\u00f3n de jornada y horario - Augusta Alumni\" \/>\n<meta property=\"og:description\" content=\"El Real Decreto-Ley 5\/2023 (\u201cRD Conciliaci\u00f3n\u201d) introduce importantes modificaciones estructurales que afectan a determinados derechos laborales de las personas trabajadoras, con la pretensi\u00f3n de concluir el proceso de trasposici\u00f3n de la Directiva UE 2019\/1158, de 20 de junio de 2019 (\u201cDirectiva Conciliaci\u00f3n\u201d), cuyo objetivo principal es dar respuesta a una realidad social concreta, a saber, la eliminaci\u00f3n de cualquier desventaja o merma que pueda afectar a las carreras profesionales de las personas que se ocupan de manera informal de las tareas de cuidado de familiares y dependientes (se introduce as\u00ed de forma clara un concepto de corresponsabilidad respecto a las responsabilidad familiares, enriqueciendo las mejoras ya introducidas en el Real Decreto-Ley 6\/2019, de 1 de marzo).\" \/>\n<meta property=\"og:url\" content=\"https:\/\/augustaabogados.com\/alumni\/novedades-laborales-del-real-decreto-ley-5-2023-de-28-de-junio-modificacion-del-concepto-de-discriminacion-nuevos-permisos-y-adaptacion-de-jornada-y-horario\/\" \/>\n<meta property=\"og:site_name\" content=\"Augusta Alumni\" \/>\n<meta property=\"article:published_time\" content=\"2023-07-07T07:51:57+00:00\" \/>\n<meta property=\"article:modified_time\" content=\"2023-12-18T10:44:06+00:00\" \/>\n<meta property=\"og:image\" content=\"https:\/\/augustaabogados.com\/alumni\/wp-content\/uploads\/2023\/12\/job-gbf9763ae9_1280-3.jpg\" \/>\n\t<meta property=\"og:image:width\" content=\"1280\" \/>\n\t<meta property=\"og:image:height\" content=\"771\" \/>\n\t<meta property=\"og:image:type\" content=\"image\/jpeg\" \/>\n<meta name=\"author\" content=\"david\" \/>\n<meta name=\"twitter:card\" content=\"summary_large_image\" \/>\n<meta name=\"twitter:label1\" content=\"Escrito por\" \/>\n\t<meta name=\"twitter:data1\" content=\"david\" \/>\n\t<meta name=\"twitter:label2\" content=\"Tiempo de lectura\" \/>\n\t<meta name=\"twitter:data2\" content=\"8 minutos\" \/>\n<script type=\"application\/ld+json\" class=\"yoast-schema-graph\">{\"@context\":\"https:\\\/\\\/schema.org\",\"@graph\":[{\"@type\":\"Article\",\"@id\":\"https:\\\/\\\/augustaabogados.com\\\/alumni\\\/novedades-laborales-del-real-decreto-ley-5-2023-de-28-de-junio-modificacion-del-concepto-de-discriminacion-nuevos-permisos-y-adaptacion-de-jornada-y-horario\\\/#article\",\"isPartOf\":{\"@id\":\"https:\\\/\\\/augustaabogados.com\\\/alumni\\\/novedades-laborales-del-real-decreto-ley-5-2023-de-28-de-junio-modificacion-del-concepto-de-discriminacion-nuevos-permisos-y-adaptacion-de-jornada-y-horario\\\/\"},\"author\":{\"name\":\"david\",\"@id\":\"https:\\\/\\\/augustaabogados.com\\\/alumni\\\/#\\\/schema\\\/person\\\/64a55191ed4f0d9c65699d1455fbb051\"},\"headline\":\"Novedades laborales del Real Decreto-Ley 5\\\/2023, de 28 de junio. Modificaci\u00f3n del concepto de discriminaci\u00f3n, nuevos permisos y adaptaci\u00f3n de jornada y horario\",\"datePublished\":\"2023-07-07T07:51:57+00:00\",\"dateModified\":\"2023-12-18T10:44:06+00:00\",\"mainEntityOfPage\":{\"@id\":\"https:\\\/\\\/augustaabogados.com\\\/alumni\\\/novedades-laborales-del-real-decreto-ley-5-2023-de-28-de-junio-modificacion-del-concepto-de-discriminacion-nuevos-permisos-y-adaptacion-de-jornada-y-horario\\\/\"},\"wordCount\":1713,\"publisher\":{\"@id\":\"https:\\\/\\\/augustaabogados.com\\\/alumni\\\/#organization\"},\"image\":{\"@id\":\"https:\\\/\\\/augustaabogados.com\\\/alumni\\\/novedades-laborales-del-real-decreto-ley-5-2023-de-28-de-junio-modificacion-del-concepto-de-discriminacion-nuevos-permisos-y-adaptacion-de-jornada-y-horario\\\/#primaryimage\"},\"thumbnailUrl\":\"https:\\\/\\\/augustaabogados.com\\\/alumni\\\/wp-content\\\/uploads\\\/2023\\\/12\\\/job-gbf9763ae9_1280-3.jpg\",\"keywords\":[\"\u00c1rea Laboral\",\"conciliaci\u00f3n\",\"RDL 15\\\/2023\"],\"articleSection\":[\"Noticias\"],\"inLanguage\":\"es\"},{\"@type\":\"WebPage\",\"@id\":\"https:\\\/\\\/augustaabogados.com\\\/alumni\\\/novedades-laborales-del-real-decreto-ley-5-2023-de-28-de-junio-modificacion-del-concepto-de-discriminacion-nuevos-permisos-y-adaptacion-de-jornada-y-horario\\\/\",\"url\":\"https:\\\/\\\/augustaabogados.com\\\/alumni\\\/novedades-laborales-del-real-decreto-ley-5-2023-de-28-de-junio-modificacion-del-concepto-de-discriminacion-nuevos-permisos-y-adaptacion-de-jornada-y-horario\\\/\",\"name\":\"Novedades laborales del Real Decreto-Ley 5\\\/2023, de 28 de junio. Modificaci\u00f3n del concepto de discriminaci\u00f3n, nuevos permisos y adaptaci\u00f3n de jornada y horario - Augusta Alumni\",\"isPartOf\":{\"@id\":\"https:\\\/\\\/augustaabogados.com\\\/alumni\\\/#website\"},\"primaryImageOfPage\":{\"@id\":\"https:\\\/\\\/augustaabogados.com\\\/alumni\\\/novedades-laborales-del-real-decreto-ley-5-2023-de-28-de-junio-modificacion-del-concepto-de-discriminacion-nuevos-permisos-y-adaptacion-de-jornada-y-horario\\\/#primaryimage\"},\"image\":{\"@id\":\"https:\\\/\\\/augustaabogados.com\\\/alumni\\\/novedades-laborales-del-real-decreto-ley-5-2023-de-28-de-junio-modificacion-del-concepto-de-discriminacion-nuevos-permisos-y-adaptacion-de-jornada-y-horario\\\/#primaryimage\"},\"thumbnailUrl\":\"https:\\\/\\\/augustaabogados.com\\\/alumni\\\/wp-content\\\/uploads\\\/2023\\\/12\\\/job-gbf9763ae9_1280-3.jpg\",\"datePublished\":\"2023-07-07T07:51:57+00:00\",\"dateModified\":\"2023-12-18T10:44:06+00:00\",\"description\":\"El Real Decreto-Ley 5\\\/2023 (\u201cRD Conciliaci\u00f3n\u201d) introduce importantes modificaciones estructurales que afectan a determinados derechos laborales de las personas trabajadoras, con la pretensi\u00f3n de concluir el proceso de trasposici\u00f3n de la Directiva UE 2019\\\/1158, de 20 de junio de 2019 (\u201cDirectiva Conciliaci\u00f3n\u201d), cuyo objetivo principal es dar respuesta a una realidad social concreta, a saber, la eliminaci\u00f3n de cualquier desventaja o merma que pueda afectar a las carreras profesionales de las personas que se ocupan de manera informal de las tareas de cuidado de familiares y dependientes (se introduce as\u00ed de forma clara un concepto de corresponsabilidad respecto a las responsabilidad familiares, enriqueciendo las mejoras ya introducidas en el Real Decreto-Ley 6\\\/2019, de 1 de marzo).\",\"breadcrumb\":{\"@id\":\"https:\\\/\\\/augustaabogados.com\\\/alumni\\\/novedades-laborales-del-real-decreto-ley-5-2023-de-28-de-junio-modificacion-del-concepto-de-discriminacion-nuevos-permisos-y-adaptacion-de-jornada-y-horario\\\/#breadcrumb\"},\"inLanguage\":\"es\",\"potentialAction\":[{\"@type\":\"ReadAction\",\"target\":[\"https:\\\/\\\/augustaabogados.com\\\/alumni\\\/novedades-laborales-del-real-decreto-ley-5-2023-de-28-de-junio-modificacion-del-concepto-de-discriminacion-nuevos-permisos-y-adaptacion-de-jornada-y-horario\\\/\"]}]},{\"@type\":\"ImageObject\",\"inLanguage\":\"es\",\"@id\":\"https:\\\/\\\/augustaabogados.com\\\/alumni\\\/novedades-laborales-del-real-decreto-ley-5-2023-de-28-de-junio-modificacion-del-concepto-de-discriminacion-nuevos-permisos-y-adaptacion-de-jornada-y-horario\\\/#primaryimage\",\"url\":\"https:\\\/\\\/augustaabogados.com\\\/alumni\\\/wp-content\\\/uploads\\\/2023\\\/12\\\/job-gbf9763ae9_1280-3.jpg\",\"contentUrl\":\"https:\\\/\\\/augustaabogados.com\\\/alumni\\\/wp-content\\\/uploads\\\/2023\\\/12\\\/job-gbf9763ae9_1280-3.jpg\",\"width\":1280,\"height\":771},{\"@type\":\"BreadcrumbList\",\"@id\":\"https:\\\/\\\/augustaabogados.com\\\/alumni\\\/novedades-laborales-del-real-decreto-ley-5-2023-de-28-de-junio-modificacion-del-concepto-de-discriminacion-nuevos-permisos-y-adaptacion-de-jornada-y-horario\\\/#breadcrumb\",\"itemListElement\":[{\"@type\":\"ListItem\",\"position\":1,\"name\":\"Portada\",\"item\":\"https:\\\/\\\/augustaabogados.com\\\/alumni\\\/\"},{\"@type\":\"ListItem\",\"position\":2,\"name\":\"Novedades laborales del Real Decreto-Ley 5\\\/2023, de 28 de junio. Modificaci\u00f3n del concepto de discriminaci\u00f3n, nuevos permisos y adaptaci\u00f3n de jornada y horario\"}]},{\"@type\":\"WebSite\",\"@id\":\"https:\\\/\\\/augustaabogados.com\\\/alumni\\\/#website\",\"url\":\"https:\\\/\\\/augustaabogados.com\\\/alumni\\\/\",\"name\":\"augusta abogados\",\"description\":\"\",\"publisher\":{\"@id\":\"https:\\\/\\\/augustaabogados.com\\\/alumni\\\/#organization\"},\"potentialAction\":[{\"@type\":\"SearchAction\",\"target\":{\"@type\":\"EntryPoint\",\"urlTemplate\":\"https:\\\/\\\/augustaabogados.com\\\/alumni\\\/?s={search_term_string}\"},\"query-input\":{\"@type\":\"PropertyValueSpecification\",\"valueRequired\":true,\"valueName\":\"search_term_string\"}}],\"inLanguage\":\"es\"},{\"@type\":\"Organization\",\"@id\":\"https:\\\/\\\/augustaabogados.com\\\/alumni\\\/#organization\",\"name\":\"augusta abogados\",\"url\":\"https:\\\/\\\/augustaabogados.com\\\/alumni\\\/\",\"logo\":{\"@type\":\"ImageObject\",\"inLanguage\":\"es\",\"@id\":\"https:\\\/\\\/augustaabogados.com\\\/alumni\\\/#\\\/schema\\\/logo\\\/image\\\/\",\"url\":\"https:\\\/\\\/augustaabogados.com\\\/alumni\\\/wp-content\\\/uploads\\\/2023\\\/12\\\/A_ALUMNI_VERT_2TINTAS-1.svg\",\"contentUrl\":\"https:\\\/\\\/augustaabogados.com\\\/alumni\\\/wp-content\\\/uploads\\\/2023\\\/12\\\/A_ALUMNI_VERT_2TINTAS-1.svg\",\"width\":239,\"height\":87,\"caption\":\"augusta abogados\"},\"image\":{\"@id\":\"https:\\\/\\\/augustaabogados.com\\\/alumni\\\/#\\\/schema\\\/logo\\\/image\\\/\"}},{\"@type\":\"Person\",\"@id\":\"https:\\\/\\\/augustaabogados.com\\\/alumni\\\/#\\\/schema\\\/person\\\/64a55191ed4f0d9c65699d1455fbb051\",\"name\":\"david\",\"image\":{\"@type\":\"ImageObject\",\"inLanguage\":\"es\",\"@id\":\"https:\\\/\\\/secure.gravatar.com\\\/avatar\\\/7239c726335dbdff32790e5c7b8b984cbe00f5a1c2465bc42ab52343c935f3ed?s=96&d=mm&r=g\",\"url\":\"https:\\\/\\\/secure.gravatar.com\\\/avatar\\\/7239c726335dbdff32790e5c7b8b984cbe00f5a1c2465bc42ab52343c935f3ed?s=96&d=mm&r=g\",\"contentUrl\":\"https:\\\/\\\/secure.gravatar.com\\\/avatar\\\/7239c726335dbdff32790e5c7b8b984cbe00f5a1c2465bc42ab52343c935f3ed?s=96&d=mm&r=g\",\"caption\":\"david\"},\"url\":\"https:\\\/\\\/augustaabogados.com\\\/alumni\\\/author\\\/david\\\/\"}]}<\/script>\n<!-- \/ Yoast SEO plugin. -->","yoast_head_json":{"title":"Novedades laborales del Real Decreto-Ley 5\/2023, de 28 de junio. Modificaci\u00f3n del concepto de discriminaci\u00f3n, nuevos permisos y adaptaci\u00f3n de jornada y horario - Augusta Alumni","description":"El Real Decreto-Ley 5\/2023 (\u201cRD Conciliaci\u00f3n\u201d) introduce importantes modificaciones estructurales que afectan a determinados derechos laborales de las personas trabajadoras, con la pretensi\u00f3n de concluir el proceso de trasposici\u00f3n de la Directiva UE 2019\/1158, de 20 de junio de 2019 (\u201cDirectiva Conciliaci\u00f3n\u201d), cuyo objetivo principal es dar respuesta a una realidad social concreta, a saber, la eliminaci\u00f3n de cualquier desventaja o merma que pueda afectar a las carreras profesionales de las personas que se ocupan de manera informal de las tareas de cuidado de familiares y dependientes (se introduce as\u00ed de forma clara un concepto de corresponsabilidad respecto a las responsabilidad familiares, enriqueciendo las mejoras ya introducidas en el Real Decreto-Ley 6\/2019, de 1 de marzo).","robots":{"index":"index","follow":"follow","max-snippet":"max-snippet:-1","max-image-preview":"max-image-preview:large","max-video-preview":"max-video-preview:-1"},"canonical":"https:\/\/augustaabogados.com\/alumni\/novedades-laborales-del-real-decreto-ley-5-2023-de-28-de-junio-modificacion-del-concepto-de-discriminacion-nuevos-permisos-y-adaptacion-de-jornada-y-horario\/","og_locale":"es_ES","og_type":"article","og_title":"Novedades laborales del Real Decreto-Ley 5\/2023, de 28 de junio. Modificaci\u00f3n del concepto de discriminaci\u00f3n, nuevos permisos y adaptaci\u00f3n de jornada y horario - Augusta Alumni","og_description":"El Real Decreto-Ley 5\/2023 (\u201cRD Conciliaci\u00f3n\u201d) introduce importantes modificaciones estructurales que afectan a determinados derechos laborales de las personas trabajadoras, con la pretensi\u00f3n de concluir el proceso de trasposici\u00f3n de la Directiva UE 2019\/1158, de 20 de junio de 2019 (\u201cDirectiva Conciliaci\u00f3n\u201d), cuyo objetivo principal es dar respuesta a una realidad social concreta, a saber, la eliminaci\u00f3n de cualquier desventaja o merma que pueda afectar a las carreras profesionales de las personas que se ocupan de manera informal de las tareas de cuidado de familiares y dependientes (se introduce as\u00ed de forma clara un concepto de corresponsabilidad respecto a las responsabilidad familiares, enriqueciendo las mejoras ya introducidas en el Real Decreto-Ley 6\/2019, de 1 de marzo).","og_url":"https:\/\/augustaabogados.com\/alumni\/novedades-laborales-del-real-decreto-ley-5-2023-de-28-de-junio-modificacion-del-concepto-de-discriminacion-nuevos-permisos-y-adaptacion-de-jornada-y-horario\/","og_site_name":"Augusta Alumni","article_published_time":"2023-07-07T07:51:57+00:00","article_modified_time":"2023-12-18T10:44:06+00:00","og_image":[{"width":1280,"height":771,"url":"https:\/\/augustaabogados.com\/alumni\/wp-content\/uploads\/2023\/12\/job-gbf9763ae9_1280-3.jpg","type":"image\/jpeg"}],"author":"david","twitter_card":"summary_large_image","twitter_misc":{"Escrito por":"david","Tiempo de lectura":"8 minutos"},"schema":{"@context":"https:\/\/schema.org","@graph":[{"@type":"Article","@id":"https:\/\/augustaabogados.com\/alumni\/novedades-laborales-del-real-decreto-ley-5-2023-de-28-de-junio-modificacion-del-concepto-de-discriminacion-nuevos-permisos-y-adaptacion-de-jornada-y-horario\/#article","isPartOf":{"@id":"https:\/\/augustaabogados.com\/alumni\/novedades-laborales-del-real-decreto-ley-5-2023-de-28-de-junio-modificacion-del-concepto-de-discriminacion-nuevos-permisos-y-adaptacion-de-jornada-y-horario\/"},"author":{"name":"david","@id":"https:\/\/augustaabogados.com\/alumni\/#\/schema\/person\/64a55191ed4f0d9c65699d1455fbb051"},"headline":"Novedades laborales del Real Decreto-Ley 5\/2023, de 28 de junio. Modificaci\u00f3n del concepto de discriminaci\u00f3n, nuevos permisos y adaptaci\u00f3n de jornada y horario","datePublished":"2023-07-07T07:51:57+00:00","dateModified":"2023-12-18T10:44:06+00:00","mainEntityOfPage":{"@id":"https:\/\/augustaabogados.com\/alumni\/novedades-laborales-del-real-decreto-ley-5-2023-de-28-de-junio-modificacion-del-concepto-de-discriminacion-nuevos-permisos-y-adaptacion-de-jornada-y-horario\/"},"wordCount":1713,"publisher":{"@id":"https:\/\/augustaabogados.com\/alumni\/#organization"},"image":{"@id":"https:\/\/augustaabogados.com\/alumni\/novedades-laborales-del-real-decreto-ley-5-2023-de-28-de-junio-modificacion-del-concepto-de-discriminacion-nuevos-permisos-y-adaptacion-de-jornada-y-horario\/#primaryimage"},"thumbnailUrl":"https:\/\/augustaabogados.com\/alumni\/wp-content\/uploads\/2023\/12\/job-gbf9763ae9_1280-3.jpg","keywords":["\u00c1rea Laboral","conciliaci\u00f3n","RDL 15\/2023"],"articleSection":["Noticias"],"inLanguage":"es"},{"@type":"WebPage","@id":"https:\/\/augustaabogados.com\/alumni\/novedades-laborales-del-real-decreto-ley-5-2023-de-28-de-junio-modificacion-del-concepto-de-discriminacion-nuevos-permisos-y-adaptacion-de-jornada-y-horario\/","url":"https:\/\/augustaabogados.com\/alumni\/novedades-laborales-del-real-decreto-ley-5-2023-de-28-de-junio-modificacion-del-concepto-de-discriminacion-nuevos-permisos-y-adaptacion-de-jornada-y-horario\/","name":"Novedades laborales del Real Decreto-Ley 5\/2023, de 28 de junio. Modificaci\u00f3n del concepto de discriminaci\u00f3n, nuevos permisos y adaptaci\u00f3n de jornada y horario - Augusta Alumni","isPartOf":{"@id":"https:\/\/augustaabogados.com\/alumni\/#website"},"primaryImageOfPage":{"@id":"https:\/\/augustaabogados.com\/alumni\/novedades-laborales-del-real-decreto-ley-5-2023-de-28-de-junio-modificacion-del-concepto-de-discriminacion-nuevos-permisos-y-adaptacion-de-jornada-y-horario\/#primaryimage"},"image":{"@id":"https:\/\/augustaabogados.com\/alumni\/novedades-laborales-del-real-decreto-ley-5-2023-de-28-de-junio-modificacion-del-concepto-de-discriminacion-nuevos-permisos-y-adaptacion-de-jornada-y-horario\/#primaryimage"},"thumbnailUrl":"https:\/\/augustaabogados.com\/alumni\/wp-content\/uploads\/2023\/12\/job-gbf9763ae9_1280-3.jpg","datePublished":"2023-07-07T07:51:57+00:00","dateModified":"2023-12-18T10:44:06+00:00","description":"El Real Decreto-Ley 5\/2023 (\u201cRD Conciliaci\u00f3n\u201d) introduce importantes modificaciones estructurales que afectan a determinados derechos laborales de las personas trabajadoras, con la pretensi\u00f3n de concluir el proceso de trasposici\u00f3n de la Directiva UE 2019\/1158, de 20 de junio de 2019 (\u201cDirectiva Conciliaci\u00f3n\u201d), cuyo objetivo principal es dar respuesta a una realidad social concreta, a saber, la eliminaci\u00f3n de cualquier desventaja o merma que pueda afectar a las carreras profesionales de las personas que se ocupan de manera informal de las tareas de cuidado de familiares y dependientes (se introduce as\u00ed de forma clara un concepto de corresponsabilidad respecto a las responsabilidad familiares, enriqueciendo las mejoras ya introducidas en el Real Decreto-Ley 6\/2019, de 1 de marzo).","breadcrumb":{"@id":"https:\/\/augustaabogados.com\/alumni\/novedades-laborales-del-real-decreto-ley-5-2023-de-28-de-junio-modificacion-del-concepto-de-discriminacion-nuevos-permisos-y-adaptacion-de-jornada-y-horario\/#breadcrumb"},"inLanguage":"es","potentialAction":[{"@type":"ReadAction","target":["https:\/\/augustaabogados.com\/alumni\/novedades-laborales-del-real-decreto-ley-5-2023-de-28-de-junio-modificacion-del-concepto-de-discriminacion-nuevos-permisos-y-adaptacion-de-jornada-y-horario\/"]}]},{"@type":"ImageObject","inLanguage":"es","@id":"https:\/\/augustaabogados.com\/alumni\/novedades-laborales-del-real-decreto-ley-5-2023-de-28-de-junio-modificacion-del-concepto-de-discriminacion-nuevos-permisos-y-adaptacion-de-jornada-y-horario\/#primaryimage","url":"https:\/\/augustaabogados.com\/alumni\/wp-content\/uploads\/2023\/12\/job-gbf9763ae9_1280-3.jpg","contentUrl":"https:\/\/augustaabogados.com\/alumni\/wp-content\/uploads\/2023\/12\/job-gbf9763ae9_1280-3.jpg","width":1280,"height":771},{"@type":"BreadcrumbList","@id":"https:\/\/augustaabogados.com\/alumni\/novedades-laborales-del-real-decreto-ley-5-2023-de-28-de-junio-modificacion-del-concepto-de-discriminacion-nuevos-permisos-y-adaptacion-de-jornada-y-horario\/#breadcrumb","itemListElement":[{"@type":"ListItem","position":1,"name":"Portada","item":"https:\/\/augustaabogados.com\/alumni\/"},{"@type":"ListItem","position":2,"name":"Novedades laborales del Real Decreto-Ley 5\/2023, de 28 de junio. Modificaci\u00f3n del concepto de discriminaci\u00f3n, nuevos permisos y adaptaci\u00f3n de jornada y horario"}]},{"@type":"WebSite","@id":"https:\/\/augustaabogados.com\/alumni\/#website","url":"https:\/\/augustaabogados.com\/alumni\/","name":"augusta abogados","description":"","publisher":{"@id":"https:\/\/augustaabogados.com\/alumni\/#organization"},"potentialAction":[{"@type":"SearchAction","target":{"@type":"EntryPoint","urlTemplate":"https:\/\/augustaabogados.com\/alumni\/?s={search_term_string}"},"query-input":{"@type":"PropertyValueSpecification","valueRequired":true,"valueName":"search_term_string"}}],"inLanguage":"es"},{"@type":"Organization","@id":"https:\/\/augustaabogados.com\/alumni\/#organization","name":"augusta abogados","url":"https:\/\/augustaabogados.com\/alumni\/","logo":{"@type":"ImageObject","inLanguage":"es","@id":"https:\/\/augustaabogados.com\/alumni\/#\/schema\/logo\/image\/","url":"https:\/\/augustaabogados.com\/alumni\/wp-content\/uploads\/2023\/12\/A_ALUMNI_VERT_2TINTAS-1.svg","contentUrl":"https:\/\/augustaabogados.com\/alumni\/wp-content\/uploads\/2023\/12\/A_ALUMNI_VERT_2TINTAS-1.svg","width":239,"height":87,"caption":"augusta abogados"},"image":{"@id":"https:\/\/augustaabogados.com\/alumni\/#\/schema\/logo\/image\/"}},{"@type":"Person","@id":"https:\/\/augustaabogados.com\/alumni\/#\/schema\/person\/64a55191ed4f0d9c65699d1455fbb051","name":"david","image":{"@type":"ImageObject","inLanguage":"es","@id":"https:\/\/secure.gravatar.com\/avatar\/7239c726335dbdff32790e5c7b8b984cbe00f5a1c2465bc42ab52343c935f3ed?s=96&d=mm&r=g","url":"https:\/\/secure.gravatar.com\/avatar\/7239c726335dbdff32790e5c7b8b984cbe00f5a1c2465bc42ab52343c935f3ed?s=96&d=mm&r=g","contentUrl":"https:\/\/secure.gravatar.com\/avatar\/7239c726335dbdff32790e5c7b8b984cbe00f5a1c2465bc42ab52343c935f3ed?s=96&d=mm&r=g","caption":"david"},"url":"https:\/\/augustaabogados.com\/alumni\/author\/david\/"}]}},"_links":{"self":[{"href":"https:\/\/augustaabogados.com\/alumni\/wp-json\/wp\/v2\/posts\/3462","targetHints":{"allow":["GET"]}}],"collection":[{"href":"https:\/\/augustaabogados.com\/alumni\/wp-json\/wp\/v2\/posts"}],"about":[{"href":"https:\/\/augustaabogados.com\/alumni\/wp-json\/wp\/v2\/types\/post"}],"author":[{"embeddable":true,"href":"https:\/\/augustaabogados.com\/alumni\/wp-json\/wp\/v2\/users\/2"}],"replies":[{"embeddable":true,"href":"https:\/\/augustaabogados.com\/alumni\/wp-json\/wp\/v2\/comments?post=3462"}],"version-history":[{"count":1,"href":"https:\/\/augustaabogados.com\/alumni\/wp-json\/wp\/v2\/posts\/3462\/revisions"}],"predecessor-version":[{"id":4649,"href":"https:\/\/augustaabogados.com\/alumni\/wp-json\/wp\/v2\/posts\/3462\/revisions\/4649"}],"wp:featuredmedia":[{"embeddable":true,"href":"https:\/\/augustaabogados.com\/alumni\/wp-json\/wp\/v2\/media\/6503"}],"wp:attachment":[{"href":"https:\/\/augustaabogados.com\/alumni\/wp-json\/wp\/v2\/media?parent=3462"}],"wp:term":[{"taxonomy":"category","embeddable":true,"href":"https:\/\/augustaabogados.com\/alumni\/wp-json\/wp\/v2\/categories?post=3462"},{"taxonomy":"post_tag","embeddable":true,"href":"https:\/\/augustaabogados.com\/alumni\/wp-json\/wp\/v2\/tags?post=3462"}],"curies":[{"name":"wp","href":"https:\/\/api.w.org\/{rel}","templated":true}]}}