{"id":3466,"date":"2023-09-12T07:56:27","date_gmt":"2023-09-12T07:56:27","guid":{"rendered":"https:\/\/augustaabogados.com\/alumni\/?p=3466"},"modified":"2023-12-18T17:58:29","modified_gmt":"2023-12-18T17:58:29","slug":"the-new-frontier-la-fiscalidad-de-la-fabricacion-en-el-espacio","status":"publish","type":"post","link":"https:\/\/augustaabogados.com\/alumni\/the-new-frontier-la-fiscalidad-de-la-fabricacion-en-el-espacio\/","title":{"rendered":"The new frontier: la fiscalidad de la fabricaci\u00f3n en el espacio"},"content":{"rendered":"<p><strong>TRIBUNA OPINI\u00d3N<\/strong><\/p>\n<p><strong>Juan Jos\u00e9 Terraza.<\/strong> Abogado | <strong>Augusta Abogados<\/strong><\/p>\n<p>Un famoso emprendedor norteamericano manifest\u00f3 recientemente su intenci\u00f3n de poner en marcha una f\u00e1brica en el espacio exterior. La gravedad comparativamente menor ofrece ventajas en ciertos procesos industriales a la vez que el espacio exterior ofrece posibilidades de ensamblaje de naves y sat\u00e9lites que por su masa no podr\u00edan ser lanzados desde la Tierra.<\/p>\n<p>Esta emergente actividad econ\u00f3mica genera much\u00edsimas cuestiones de car\u00e1cter jur\u00eddico. Como principio general, debemos destacar que las cuestiones espaciales est\u00e1n b\u00e1sicamente reguladas por tratados internacionales impulsados por la ONU que pretenden evitar la apropiaci\u00f3n del espacio exterior por Estados o particulares.<\/p>\n<p>En concreto, cabe destacar el Tratado sobre los principios que deben regir las actividades de los Estados en la exploraci\u00f3n y utilizaci\u00f3n del espacio ultraterrestre, incluso la Luna y otros cuerpos celestes (resoluci\u00f3n 2222 (XXI) de la Asamblea General) en vigor desde el 10 de octubre de 1967.<\/p>\n<p>La primera cuesti\u00f3n que delimitar es si una nave en el espacio deber ser reconocida como territorio nacional, como en el caso de los barcos, seg\u00fan su abanderamiento. Pero las naves, como objetos espaciales, no tienen abanderamiento. Su nacionalidad, a efectos de responsabilidades y otros aspectos jur\u00eddicos, viene determinada por el estado de lanzamiento o por el estado del promotor del mismo, pero no son en s\u00ed mismas parte del territorio nacional.<\/p>\n<p>La indefinici\u00f3n de ciertos aspectos jur\u00eddicos espaciales disminuye cuando se abordan los aspectos fiscales, siempre mucho m\u00e1s concretos.<\/p>\n<p>Imaginemos por un momento que el objeto espacial en el que se efect\u00faa el proceso industrial ahora discutido est\u00e1 operado por una sociedad espa\u00f1ola. En la medida en que las actividades se reconozcan en los libros de dicha sociedad, las rentas derivadas de la misma estar\u00e1n gravadas por el impuesto sobre sociedades. Esa renta no se le escapa al fisco.<\/p>\n<p>Al mismo tiempo, si la operativa se llevara desde una sociedad extranjera deber\u00edamos analizar las circunstancias de la misma, tales como actividades desarrolladas, estructura empresarial y sujeci\u00f3n a impuestos a fin determinar si las rentas extranjeras deben transparentarse a la sociedad espa\u00f1ola. Esto es, la actividad econ\u00f3mica espacial pagar\u00e1 impuestos en el pa\u00eds de residencia de la operadora del objeto espacial y, de no ser el caso, las rentas tributar\u00edan en Espa\u00f1a por aplicaci\u00f3n de diversas normas antiabuso como la transparencia fiscal internacional u otras.<\/p>\n<p>Desde la perspectiva de la tributaci\u00f3n indirecta y en la medida en que las actividades industriales tienen lugar fuera del territorio de aplicaci\u00f3n del IVA (Impuesto sobre el Valor A\u00f1adido), su tributaci\u00f3n por este impuesto se diferir\u00e1 al momento en que los productos fabricados entren en el territorio de aplicaci\u00f3n del impuesto, si es que lo hacen alguna vez. Los bienes se considerar\u00e1n importados y satisfar\u00e1n el IVA y los aranceles correspondientes en aduana.<\/p>\n<p>Si, por el contrario, el bien producido en el espacio nunca se introduce en el territorio de aplicaci\u00f3n del IVA, ese impuesto no se meritar\u00e1.<\/p>\n<p><strong>Publicado en <a href=\"https:\/\/www.avionrevue.com\/espacio\/the-new-frontier-la-fiscalidad-de-la-fabricacion-en-el-espacio\/\">Avion Revue<\/a> el 12 de septiembre de 2023\u00a0<\/strong><\/p>\n","protected":false},"excerpt":{"rendered":"<p>TRIBUNA OPINI\u00d3N Juan Jos\u00e9 Terraza. Abogado | Augusta Abogados Un famoso emprendedor norteamericano manifest\u00f3 recientemente su intenci\u00f3n de poner en marcha una f\u00e1brica en el espacio exterior. La gravedad comparativamente menor ofrece ventajas en ciertos procesos industriales a la vez que el espacio exterior ofrece posibilidades de ensamblaje de naves y sat\u00e9lites que por su [&hellip;]<\/p>\n","protected":false},"author":2,"featured_media":6797,"comment_status":"closed","ping_status":"open","sticky":false,"template":"","format":"standard","meta":{"site-sidebar-layout":"default","site-content-layout":"","ast-site-content-layout":"default","site-content-style":"default","site-sidebar-style":"default","ast-global-header-display":"","ast-banner-title-visibility":"","ast-main-header-display":"","ast-hfb-above-header-display":"","ast-hfb-below-header-display":"","ast-hfb-mobile-header-display":"","site-post-title":"","ast-breadcrumbs-content":"","ast-featured-img":"","footer-sml-layout":"","ast-disable-related-posts":"","theme-transparent-header-meta":"default","adv-header-id-meta":"","stick-header-meta":"","header-above-stick-meta":"","header-main-stick-meta":"","header-below-stick-meta":"","astra-migrate-meta-layouts":"set","ast-page-background-enabled":"default","ast-page-background-meta":{"desktop":{"background-color":"var(--ast-global-color-4)","background-image":"","background-repeat":"repeat","background-position":"center center","background-size":"auto","background-attachment":"scroll","background-type":"","background-media":"","overlay-type":"","overlay-color":"","overlay-opacity":"","overlay-gradient":""},"tablet":{"background-color":"","background-image":"","background-repeat":"repeat","background-position":"center center","background-size":"auto","background-attachment":"scroll","background-type":"","background-media":"","overlay-type":"","overlay-color":"","overlay-opacity":"","overlay-gradient":""},"mobile":{"background-color":"","background-image":"","background-repeat":"repeat","background-position":"center center","background-size":"auto","background-attachment":"scroll","background-type":"","background-media":"","overlay-type":"","overlay-color":"","overlay-opacity":"","overlay-gradient":""}},"ast-content-background-meta":{"desktop":{"background-color":"var(--ast-global-color-5)","background-image":"","background-repeat":"repeat","background-position":"center center","background-size":"auto","background-attachment":"scroll","background-type":"","background-media":"","overlay-type":"","overlay-color":"","overlay-opacity":"","overlay-gradient":""},"tablet":{"background-color":"var(--ast-global-color-5)","background-image":"","background-repeat":"repeat","background-position":"center center","background-size":"auto","background-attachment":"scroll","background-type":"","background-media":"","overlay-type":"","overlay-color":"","overlay-opacity":"","overlay-gradient":""},"mobile":{"background-color":"var(--ast-global-color-5)","background-image":"","background-repeat":"repeat","background-position":"center center","background-size":"auto","background-attachment":"scroll","background-type":"","background-media":"","overlay-type":"","overlay-color":"","overlay-opacity":"","overlay-gradient":""}},"footnotes":""},"categories":[77],"tags":[908,356,958,474,487],"class_list":["post-3466","post","type-post","status-publish","format-standard","has-post-thumbnail","hentry","category-noticias","tag-derechoaeronauticoyespacial","tag-aeroespacial","tag-espacio","tag-fiscalidad","tag-fiscalidad-internacional"],"acf":[],"yoast_head":"<!-- This site is optimized with the Yoast SEO plugin v27.4 - https:\/\/yoast.com\/product\/yoast-seo-wordpress\/ -->\n<title>The new frontier: la fiscalidad de la fabricaci\u00f3n en el espacio - Augusta Alumni<\/title>\n<meta name=\"robots\" content=\"index, follow, max-snippet:-1, max-image-preview:large, max-video-preview:-1\" \/>\n<link rel=\"canonical\" href=\"https:\/\/augustaabogados.com\/alumni\/the-new-frontier-la-fiscalidad-de-la-fabricacion-en-el-espacio\/\" \/>\n<meta property=\"og:locale\" content=\"es_ES\" \/>\n<meta property=\"og:type\" content=\"article\" \/>\n<meta property=\"og:title\" content=\"The new frontier: la fiscalidad de la fabricaci\u00f3n en el espacio - Augusta Alumni\" \/>\n<meta property=\"og:description\" content=\"TRIBUNA OPINI\u00d3N Juan Jos\u00e9 Terraza. Abogado | Augusta Abogados Un famoso emprendedor norteamericano manifest\u00f3 recientemente su intenci\u00f3n de poner en marcha una f\u00e1brica en el espacio exterior. La gravedad comparativamente menor ofrece ventajas en ciertos procesos industriales a la vez que el espacio exterior ofrece posibilidades de ensamblaje de naves y sat\u00e9lites que por su [&hellip;]\" \/>\n<meta property=\"og:url\" content=\"https:\/\/augustaabogados.com\/alumni\/the-new-frontier-la-fiscalidad-de-la-fabricacion-en-el-espacio\/\" \/>\n<meta property=\"og:site_name\" content=\"Augusta Alumni\" \/>\n<meta property=\"article:published_time\" content=\"2023-09-12T07:56:27+00:00\" \/>\n<meta property=\"article:modified_time\" content=\"2023-12-18T17:58:29+00:00\" \/>\n<meta property=\"og:image\" content=\"https:\/\/augustaabogados.com\/alumni\/wp-content\/uploads\/2023\/09\/The-new-frontier-la-fiscalidad-de-la-fabricacion-en-el-espacio.jpg\" \/>\n\t<meta property=\"og:image:width\" content=\"1024\" \/>\n\t<meta property=\"og:image:height\" content=\"678\" \/>\n\t<meta property=\"og:image:type\" content=\"image\/jpeg\" \/>\n<meta name=\"author\" content=\"david\" \/>\n<meta name=\"twitter:card\" content=\"summary_large_image\" \/>\n<meta name=\"twitter:label1\" content=\"Escrito por\" \/>\n\t<meta name=\"twitter:data1\" content=\"david\" \/>\n\t<meta name=\"twitter:label2\" content=\"Tiempo de lectura\" \/>\n\t<meta name=\"twitter:data2\" content=\"3 minutos\" \/>\n<script type=\"application\/ld+json\" class=\"yoast-schema-graph\">{\"@context\":\"https:\\\/\\\/schema.org\",\"@graph\":[{\"@type\":\"Article\",\"@id\":\"https:\\\/\\\/augustaabogados.com\\\/alumni\\\/the-new-frontier-la-fiscalidad-de-la-fabricacion-en-el-espacio\\\/#article\",\"isPartOf\":{\"@id\":\"https:\\\/\\\/augustaabogados.com\\\/alumni\\\/the-new-frontier-la-fiscalidad-de-la-fabricacion-en-el-espacio\\\/\"},\"author\":{\"name\":\"david\",\"@id\":\"https:\\\/\\\/augustaabogados.com\\\/alumni\\\/#\\\/schema\\\/person\\\/64a55191ed4f0d9c65699d1455fbb051\"},\"headline\":\"The new frontier: la fiscalidad de la fabricaci\u00f3n en el espacio\",\"datePublished\":\"2023-09-12T07:56:27+00:00\",\"dateModified\":\"2023-12-18T17:58:29+00:00\",\"mainEntityOfPage\":{\"@id\":\"https:\\\/\\\/augustaabogados.com\\\/alumni\\\/the-new-frontier-la-fiscalidad-de-la-fabricacion-en-el-espacio\\\/\"},\"wordCount\":542,\"publisher\":{\"@id\":\"https:\\\/\\\/augustaabogados.com\\\/alumni\\\/#organization\"},\"image\":{\"@id\":\"https:\\\/\\\/augustaabogados.com\\\/alumni\\\/the-new-frontier-la-fiscalidad-de-la-fabricacion-en-el-espacio\\\/#primaryimage\"},\"thumbnailUrl\":\"https:\\\/\\\/augustaabogados.com\\\/alumni\\\/wp-content\\\/uploads\\\/2023\\\/09\\\/The-new-frontier-la-fiscalidad-de-la-fabricacion-en-el-espacio.jpg\",\"keywords\":[\"#derechoaeronauticoyespacial\",\"aeroespacial\",\"espacio\",\"Fiscalidad\",\"Fiscalidad internacional\"],\"articleSection\":[\"Noticias\"],\"inLanguage\":\"es\"},{\"@type\":\"WebPage\",\"@id\":\"https:\\\/\\\/augustaabogados.com\\\/alumni\\\/the-new-frontier-la-fiscalidad-de-la-fabricacion-en-el-espacio\\\/\",\"url\":\"https:\\\/\\\/augustaabogados.com\\\/alumni\\\/the-new-frontier-la-fiscalidad-de-la-fabricacion-en-el-espacio\\\/\",\"name\":\"The new frontier: la fiscalidad de la fabricaci\u00f3n en el espacio - Augusta Alumni\",\"isPartOf\":{\"@id\":\"https:\\\/\\\/augustaabogados.com\\\/alumni\\\/#website\"},\"primaryImageOfPage\":{\"@id\":\"https:\\\/\\\/augustaabogados.com\\\/alumni\\\/the-new-frontier-la-fiscalidad-de-la-fabricacion-en-el-espacio\\\/#primaryimage\"},\"image\":{\"@id\":\"https:\\\/\\\/augustaabogados.com\\\/alumni\\\/the-new-frontier-la-fiscalidad-de-la-fabricacion-en-el-espacio\\\/#primaryimage\"},\"thumbnailUrl\":\"https:\\\/\\\/augustaabogados.com\\\/alumni\\\/wp-content\\\/uploads\\\/2023\\\/09\\\/The-new-frontier-la-fiscalidad-de-la-fabricacion-en-el-espacio.jpg\",\"datePublished\":\"2023-09-12T07:56:27+00:00\",\"dateModified\":\"2023-12-18T17:58:29+00:00\",\"breadcrumb\":{\"@id\":\"https:\\\/\\\/augustaabogados.com\\\/alumni\\\/the-new-frontier-la-fiscalidad-de-la-fabricacion-en-el-espacio\\\/#breadcrumb\"},\"inLanguage\":\"es\",\"potentialAction\":[{\"@type\":\"ReadAction\",\"target\":[\"https:\\\/\\\/augustaabogados.com\\\/alumni\\\/the-new-frontier-la-fiscalidad-de-la-fabricacion-en-el-espacio\\\/\"]}]},{\"@type\":\"ImageObject\",\"inLanguage\":\"es\",\"@id\":\"https:\\\/\\\/augustaabogados.com\\\/alumni\\\/the-new-frontier-la-fiscalidad-de-la-fabricacion-en-el-espacio\\\/#primaryimage\",\"url\":\"https:\\\/\\\/augustaabogados.com\\\/alumni\\\/wp-content\\\/uploads\\\/2023\\\/09\\\/The-new-frontier-la-fiscalidad-de-la-fabricacion-en-el-espacio.jpg\",\"contentUrl\":\"https:\\\/\\\/augustaabogados.com\\\/alumni\\\/wp-content\\\/uploads\\\/2023\\\/09\\\/The-new-frontier-la-fiscalidad-de-la-fabricacion-en-el-espacio.jpg\",\"width\":1024,\"height\":678},{\"@type\":\"BreadcrumbList\",\"@id\":\"https:\\\/\\\/augustaabogados.com\\\/alumni\\\/the-new-frontier-la-fiscalidad-de-la-fabricacion-en-el-espacio\\\/#breadcrumb\",\"itemListElement\":[{\"@type\":\"ListItem\",\"position\":1,\"name\":\"Portada\",\"item\":\"https:\\\/\\\/augustaabogados.com\\\/alumni\\\/\"},{\"@type\":\"ListItem\",\"position\":2,\"name\":\"The new frontier: la fiscalidad de la fabricaci\u00f3n en el espacio\"}]},{\"@type\":\"WebSite\",\"@id\":\"https:\\\/\\\/augustaabogados.com\\\/alumni\\\/#website\",\"url\":\"https:\\\/\\\/augustaabogados.com\\\/alumni\\\/\",\"name\":\"augusta abogados\",\"description\":\"\",\"publisher\":{\"@id\":\"https:\\\/\\\/augustaabogados.com\\\/alumni\\\/#organization\"},\"potentialAction\":[{\"@type\":\"SearchAction\",\"target\":{\"@type\":\"EntryPoint\",\"urlTemplate\":\"https:\\\/\\\/augustaabogados.com\\\/alumni\\\/?s={search_term_string}\"},\"query-input\":{\"@type\":\"PropertyValueSpecification\",\"valueRequired\":true,\"valueName\":\"search_term_string\"}}],\"inLanguage\":\"es\"},{\"@type\":\"Organization\",\"@id\":\"https:\\\/\\\/augustaabogados.com\\\/alumni\\\/#organization\",\"name\":\"augusta abogados\",\"url\":\"https:\\\/\\\/augustaabogados.com\\\/alumni\\\/\",\"logo\":{\"@type\":\"ImageObject\",\"inLanguage\":\"es\",\"@id\":\"https:\\\/\\\/augustaabogados.com\\\/alumni\\\/#\\\/schema\\\/logo\\\/image\\\/\",\"url\":\"https:\\\/\\\/augustaabogados.com\\\/alumni\\\/wp-content\\\/uploads\\\/2023\\\/12\\\/A_ALUMNI_VERT_2TINTAS-1.svg\",\"contentUrl\":\"https:\\\/\\\/augustaabogados.com\\\/alumni\\\/wp-content\\\/uploads\\\/2023\\\/12\\\/A_ALUMNI_VERT_2TINTAS-1.svg\",\"width\":239,\"height\":87,\"caption\":\"augusta abogados\"},\"image\":{\"@id\":\"https:\\\/\\\/augustaabogados.com\\\/alumni\\\/#\\\/schema\\\/logo\\\/image\\\/\"}},{\"@type\":\"Person\",\"@id\":\"https:\\\/\\\/augustaabogados.com\\\/alumni\\\/#\\\/schema\\\/person\\\/64a55191ed4f0d9c65699d1455fbb051\",\"name\":\"david\",\"image\":{\"@type\":\"ImageObject\",\"inLanguage\":\"es\",\"@id\":\"https:\\\/\\\/secure.gravatar.com\\\/avatar\\\/7239c726335dbdff32790e5c7b8b984cbe00f5a1c2465bc42ab52343c935f3ed?s=96&d=mm&r=g\",\"url\":\"https:\\\/\\\/secure.gravatar.com\\\/avatar\\\/7239c726335dbdff32790e5c7b8b984cbe00f5a1c2465bc42ab52343c935f3ed?s=96&d=mm&r=g\",\"contentUrl\":\"https:\\\/\\\/secure.gravatar.com\\\/avatar\\\/7239c726335dbdff32790e5c7b8b984cbe00f5a1c2465bc42ab52343c935f3ed?s=96&d=mm&r=g\",\"caption\":\"david\"},\"url\":\"https:\\\/\\\/augustaabogados.com\\\/alumni\\\/author\\\/david\\\/\"}]}<\/script>\n<!-- \/ Yoast SEO plugin. -->","yoast_head_json":{"title":"The new frontier: la fiscalidad de la fabricaci\u00f3n en el espacio - Augusta Alumni","robots":{"index":"index","follow":"follow","max-snippet":"max-snippet:-1","max-image-preview":"max-image-preview:large","max-video-preview":"max-video-preview:-1"},"canonical":"https:\/\/augustaabogados.com\/alumni\/the-new-frontier-la-fiscalidad-de-la-fabricacion-en-el-espacio\/","og_locale":"es_ES","og_type":"article","og_title":"The new frontier: la fiscalidad de la fabricaci\u00f3n en el espacio - Augusta Alumni","og_description":"TRIBUNA OPINI\u00d3N Juan Jos\u00e9 Terraza. Abogado | Augusta Abogados Un famoso emprendedor norteamericano manifest\u00f3 recientemente su intenci\u00f3n de poner en marcha una f\u00e1brica en el espacio exterior. La gravedad comparativamente menor ofrece ventajas en ciertos procesos industriales a la vez que el espacio exterior ofrece posibilidades de ensamblaje de naves y sat\u00e9lites que por su [&hellip;]","og_url":"https:\/\/augustaabogados.com\/alumni\/the-new-frontier-la-fiscalidad-de-la-fabricacion-en-el-espacio\/","og_site_name":"Augusta Alumni","article_published_time":"2023-09-12T07:56:27+00:00","article_modified_time":"2023-12-18T17:58:29+00:00","og_image":[{"width":1024,"height":678,"url":"https:\/\/augustaabogados.com\/alumni\/wp-content\/uploads\/2023\/09\/The-new-frontier-la-fiscalidad-de-la-fabricacion-en-el-espacio.jpg","type":"image\/jpeg"}],"author":"david","twitter_card":"summary_large_image","twitter_misc":{"Escrito por":"david","Tiempo de lectura":"3 minutos"},"schema":{"@context":"https:\/\/schema.org","@graph":[{"@type":"Article","@id":"https:\/\/augustaabogados.com\/alumni\/the-new-frontier-la-fiscalidad-de-la-fabricacion-en-el-espacio\/#article","isPartOf":{"@id":"https:\/\/augustaabogados.com\/alumni\/the-new-frontier-la-fiscalidad-de-la-fabricacion-en-el-espacio\/"},"author":{"name":"david","@id":"https:\/\/augustaabogados.com\/alumni\/#\/schema\/person\/64a55191ed4f0d9c65699d1455fbb051"},"headline":"The new frontier: la fiscalidad de la fabricaci\u00f3n en el espacio","datePublished":"2023-09-12T07:56:27+00:00","dateModified":"2023-12-18T17:58:29+00:00","mainEntityOfPage":{"@id":"https:\/\/augustaabogados.com\/alumni\/the-new-frontier-la-fiscalidad-de-la-fabricacion-en-el-espacio\/"},"wordCount":542,"publisher":{"@id":"https:\/\/augustaabogados.com\/alumni\/#organization"},"image":{"@id":"https:\/\/augustaabogados.com\/alumni\/the-new-frontier-la-fiscalidad-de-la-fabricacion-en-el-espacio\/#primaryimage"},"thumbnailUrl":"https:\/\/augustaabogados.com\/alumni\/wp-content\/uploads\/2023\/09\/The-new-frontier-la-fiscalidad-de-la-fabricacion-en-el-espacio.jpg","keywords":["#derechoaeronauticoyespacial","aeroespacial","espacio","Fiscalidad","Fiscalidad internacional"],"articleSection":["Noticias"],"inLanguage":"es"},{"@type":"WebPage","@id":"https:\/\/augustaabogados.com\/alumni\/the-new-frontier-la-fiscalidad-de-la-fabricacion-en-el-espacio\/","url":"https:\/\/augustaabogados.com\/alumni\/the-new-frontier-la-fiscalidad-de-la-fabricacion-en-el-espacio\/","name":"The new frontier: la fiscalidad de la fabricaci\u00f3n en el espacio - Augusta Alumni","isPartOf":{"@id":"https:\/\/augustaabogados.com\/alumni\/#website"},"primaryImageOfPage":{"@id":"https:\/\/augustaabogados.com\/alumni\/the-new-frontier-la-fiscalidad-de-la-fabricacion-en-el-espacio\/#primaryimage"},"image":{"@id":"https:\/\/augustaabogados.com\/alumni\/the-new-frontier-la-fiscalidad-de-la-fabricacion-en-el-espacio\/#primaryimage"},"thumbnailUrl":"https:\/\/augustaabogados.com\/alumni\/wp-content\/uploads\/2023\/09\/The-new-frontier-la-fiscalidad-de-la-fabricacion-en-el-espacio.jpg","datePublished":"2023-09-12T07:56:27+00:00","dateModified":"2023-12-18T17:58:29+00:00","breadcrumb":{"@id":"https:\/\/augustaabogados.com\/alumni\/the-new-frontier-la-fiscalidad-de-la-fabricacion-en-el-espacio\/#breadcrumb"},"inLanguage":"es","potentialAction":[{"@type":"ReadAction","target":["https:\/\/augustaabogados.com\/alumni\/the-new-frontier-la-fiscalidad-de-la-fabricacion-en-el-espacio\/"]}]},{"@type":"ImageObject","inLanguage":"es","@id":"https:\/\/augustaabogados.com\/alumni\/the-new-frontier-la-fiscalidad-de-la-fabricacion-en-el-espacio\/#primaryimage","url":"https:\/\/augustaabogados.com\/alumni\/wp-content\/uploads\/2023\/09\/The-new-frontier-la-fiscalidad-de-la-fabricacion-en-el-espacio.jpg","contentUrl":"https:\/\/augustaabogados.com\/alumni\/wp-content\/uploads\/2023\/09\/The-new-frontier-la-fiscalidad-de-la-fabricacion-en-el-espacio.jpg","width":1024,"height":678},{"@type":"BreadcrumbList","@id":"https:\/\/augustaabogados.com\/alumni\/the-new-frontier-la-fiscalidad-de-la-fabricacion-en-el-espacio\/#breadcrumb","itemListElement":[{"@type":"ListItem","position":1,"name":"Portada","item":"https:\/\/augustaabogados.com\/alumni\/"},{"@type":"ListItem","position":2,"name":"The new frontier: la fiscalidad de la fabricaci\u00f3n en el espacio"}]},{"@type":"WebSite","@id":"https:\/\/augustaabogados.com\/alumni\/#website","url":"https:\/\/augustaabogados.com\/alumni\/","name":"augusta abogados","description":"","publisher":{"@id":"https:\/\/augustaabogados.com\/alumni\/#organization"},"potentialAction":[{"@type":"SearchAction","target":{"@type":"EntryPoint","urlTemplate":"https:\/\/augustaabogados.com\/alumni\/?s={search_term_string}"},"query-input":{"@type":"PropertyValueSpecification","valueRequired":true,"valueName":"search_term_string"}}],"inLanguage":"es"},{"@type":"Organization","@id":"https:\/\/augustaabogados.com\/alumni\/#organization","name":"augusta abogados","url":"https:\/\/augustaabogados.com\/alumni\/","logo":{"@type":"ImageObject","inLanguage":"es","@id":"https:\/\/augustaabogados.com\/alumni\/#\/schema\/logo\/image\/","url":"https:\/\/augustaabogados.com\/alumni\/wp-content\/uploads\/2023\/12\/A_ALUMNI_VERT_2TINTAS-1.svg","contentUrl":"https:\/\/augustaabogados.com\/alumni\/wp-content\/uploads\/2023\/12\/A_ALUMNI_VERT_2TINTAS-1.svg","width":239,"height":87,"caption":"augusta abogados"},"image":{"@id":"https:\/\/augustaabogados.com\/alumni\/#\/schema\/logo\/image\/"}},{"@type":"Person","@id":"https:\/\/augustaabogados.com\/alumni\/#\/schema\/person\/64a55191ed4f0d9c65699d1455fbb051","name":"david","image":{"@type":"ImageObject","inLanguage":"es","@id":"https:\/\/secure.gravatar.com\/avatar\/7239c726335dbdff32790e5c7b8b984cbe00f5a1c2465bc42ab52343c935f3ed?s=96&d=mm&r=g","url":"https:\/\/secure.gravatar.com\/avatar\/7239c726335dbdff32790e5c7b8b984cbe00f5a1c2465bc42ab52343c935f3ed?s=96&d=mm&r=g","contentUrl":"https:\/\/secure.gravatar.com\/avatar\/7239c726335dbdff32790e5c7b8b984cbe00f5a1c2465bc42ab52343c935f3ed?s=96&d=mm&r=g","caption":"david"},"url":"https:\/\/augustaabogados.com\/alumni\/author\/david\/"}]}},"_links":{"self":[{"href":"https:\/\/augustaabogados.com\/alumni\/wp-json\/wp\/v2\/posts\/3466","targetHints":{"allow":["GET"]}}],"collection":[{"href":"https:\/\/augustaabogados.com\/alumni\/wp-json\/wp\/v2\/posts"}],"about":[{"href":"https:\/\/augustaabogados.com\/alumni\/wp-json\/wp\/v2\/types\/post"}],"author":[{"embeddable":true,"href":"https:\/\/augustaabogados.com\/alumni\/wp-json\/wp\/v2\/users\/2"}],"replies":[{"embeddable":true,"href":"https:\/\/augustaabogados.com\/alumni\/wp-json\/wp\/v2\/comments?post=3466"}],"version-history":[{"count":2,"href":"https:\/\/augustaabogados.com\/alumni\/wp-json\/wp\/v2\/posts\/3466\/revisions"}],"predecessor-version":[{"id":6796,"href":"https:\/\/augustaabogados.com\/alumni\/wp-json\/wp\/v2\/posts\/3466\/revisions\/6796"}],"wp:featuredmedia":[{"embeddable":true,"href":"https:\/\/augustaabogados.com\/alumni\/wp-json\/wp\/v2\/media\/6797"}],"wp:attachment":[{"href":"https:\/\/augustaabogados.com\/alumni\/wp-json\/wp\/v2\/media?parent=3466"}],"wp:term":[{"taxonomy":"category","embeddable":true,"href":"https:\/\/augustaabogados.com\/alumni\/wp-json\/wp\/v2\/categories?post=3466"},{"taxonomy":"post_tag","embeddable":true,"href":"https:\/\/augustaabogados.com\/alumni\/wp-json\/wp\/v2\/tags?post=3466"}],"curies":[{"name":"wp","href":"https:\/\/api.w.org\/{rel}","templated":true}]}}