{"id":3469,"date":"2023-12-07T09:17:19","date_gmt":"2023-12-07T09:17:19","guid":{"rendered":"https:\/\/augustaabogados.com\/alumni\/?p=3469"},"modified":"2023-12-20T16:02:23","modified_gmt":"2023-12-20T16:02:23","slug":"innangard-y-augusta-abogados-comparten-su-experiencia-colectiva-en-cuestiones-de-legislacion-laboral-y-de-empleo-en-el-sector-de-la-aviacion","status":"publish","type":"post","link":"https:\/\/augustaabogados.com\/alumni\/innangard-y-augusta-abogados-comparten-su-experiencia-colectiva-en-cuestiones-de-legislacion-laboral-y-de-empleo-en-el-sector-de-la-aviacion\/","title":{"rendered":"Innangard y Augusta Abogados comparten su experiencia colectiva en cuestiones de legislaci\u00f3n laboral y de empleo en el sector de la aviaci\u00f3n"},"content":{"rendered":"<p>Augusta Abogados, en colaboraci\u00f3n con Innangardglobal (red internacional de abogados especializados en derecho laboral) han lanzado una serie de p\u00edldoras informativas sobre aspectos importantes en determinados sectores de actividad en los que estamos presentes como firma de abogados.<\/p>\n<p>Iniciamos esta seria de videoblogs con uno especifico sobre los aspectos laborales m\u00e1s importantes en el sector de la aviaci\u00f3n. Nuestro socio <a href=\"https:\/\/augustaabogados.com\/equipo\/juan-jose-hita-fernandez\/\" target=\"_blank\" rel=\"noopener\">Juan Jose Hita<\/a> realiza una revisi\u00f3n interesant\u00edsima sobre aspectos tan significativos como las diferencias entre el colectivo de tierra y aire (con especial incidencia en TCPs y pilotos), la situaci\u00f3n actual de las licencias de handling en Espa\u00f1a, aspectos relativos a la contrataci\u00f3n laboral, tiempo de trabajo (con especial referencia a las limitaciones en tiempo de vuelo \u00abFTL\u00bb), aspectos relativos a la seguridad social de las tripulaciones o aspectos m\u00e1s de negocio como son la recuperaci\u00f3n de los factores carga en el sector, el impacto de la posible fusi\u00f3n entre Air Europa e Iberia en el mercado y las tendencias en nuevos combustibles respetuosos con el medioambiente.<\/p>\n<p>&nbsp;<\/p>\n<p><a href=\"https:\/\/youtu.be\/19oTKpJ1v9o\" target=\"_blank\" rel=\"noopener\"><img fetchpriority=\"high\" decoding=\"async\" class=\"alignnone wp-image-18237\" src=\"https:\/\/augustaabogados.com\/alumni\/wp-content\/uploads\/2023\/12\/Innangard_Juanjo-Aviation-6-300x157.png\" alt=\"\" width=\"373\" height=\"195\" \/><\/a><\/p>\n<p><a href=\"https:\/\/youtu.be\/19oTKpJ1v9o\" target=\"_blank\" rel=\"noopener\">Ver v\u00eddeo<\/a><\/p>\n<p>&nbsp;<\/p>\n","protected":false},"excerpt":{"rendered":"<p>Augusta Abogados, en colaboraci\u00f3n con Innangardglobal (red internacional de abogados especializados en derecho laboral) han lanzado una serie de p\u00edldoras informativas sobre aspectos importantes en determinados sectores de actividad en los que estamos presentes como firma de abogados. Iniciamos esta seria de videoblogs con uno especifico sobre los aspectos laborales m\u00e1s importantes en el sector [&hellip;]<\/p>\n","protected":false},"author":2,"featured_media":7971,"comment_status":"closed","ping_status":"open","sticky":false,"template":"","format":"standard","meta":{"site-sidebar-layout":"default","site-content-layout":"","ast-site-content-layout":"default","site-content-style":"default","site-sidebar-style":"default","ast-global-header-display":"","ast-banner-title-visibility":"","ast-main-header-display":"","ast-hfb-above-header-display":"","ast-hfb-below-header-display":"","ast-hfb-mobile-header-display":"","site-post-title":"","ast-breadcrumbs-content":"","ast-featured-img":"","footer-sml-layout":"","ast-disable-related-posts":"","theme-transparent-header-meta":"default","adv-header-id-meta":"","stick-header-meta":"","header-above-stick-meta":"","header-main-stick-meta":"","header-below-stick-meta":"","astra-migrate-meta-layouts":"set","ast-page-background-enabled":"default","ast-page-background-meta":{"desktop":{"background-color":"var(--ast-global-color-4)","background-image":"","background-repeat":"repeat","background-position":"center center","background-size":"auto","background-attachment":"scroll","background-type":"","background-media":"","overlay-type":"","overlay-color":"","overlay-opacity":"","overlay-gradient":""},"tablet":{"background-color":"","background-image":"","background-repeat":"repeat","background-position":"center center","background-size":"auto","background-attachment":"scroll","background-type":"","background-media":"","overlay-type":"","overlay-color":"","overlay-opacity":"","overlay-gradient":""},"mobile":{"background-color":"","background-image":"","background-repeat":"repeat","background-position":"center center","background-size":"auto","background-attachment":"scroll","background-type":"","background-media":"","overlay-type":"","overlay-color":"","overlay-opacity":"","overlay-gradient":""}},"ast-content-background-meta":{"desktop":{"background-color":"var(--ast-global-color-5)","background-image":"","background-repeat":"repeat","background-position":"center center","background-size":"auto","background-attachment":"scroll","background-type":"","background-media":"","overlay-type":"","overlay-color":"","overlay-opacity":"","overlay-gradient":""},"tablet":{"background-color":"var(--ast-global-color-5)","background-image":"","background-repeat":"repeat","background-position":"center center","background-size":"auto","background-attachment":"scroll","background-type":"","background-media":"","overlay-type":"","overlay-color":"","overlay-opacity":"","overlay-gradient":""},"mobile":{"background-color":"var(--ast-global-color-5)","background-image":"","background-repeat":"repeat","background-position":"center center","background-size":"auto","background-attachment":"scroll","background-type":"","background-media":"","overlay-type":"","overlay-color":"","overlay-opacity":"","overlay-gradient":""}},"footnotes":""},"categories":[77],"tags":[],"class_list":["post-3469","post","type-post","status-publish","format-standard","has-post-thumbnail","hentry","category-noticias"],"acf":[],"yoast_head":"<!-- This site is optimized with the Yoast SEO plugin v27.4 - https:\/\/yoast.com\/product\/yoast-seo-wordpress\/ -->\n<title>Innangard y Augusta Abogados comparten su experiencia colectiva en cuestiones de legislaci\u00f3n laboral y de empleo en el sector de la aviaci\u00f3n - Augusta Alumni<\/title>\n<meta name=\"robots\" content=\"index, follow, max-snippet:-1, max-image-preview:large, max-video-preview:-1\" \/>\n<link rel=\"canonical\" href=\"https:\/\/augustaabogados.com\/alumni\/innangard-y-augusta-abogados-comparten-su-experiencia-colectiva-en-cuestiones-de-legislacion-laboral-y-de-empleo-en-el-sector-de-la-aviacion\/\" \/>\n<meta property=\"og:locale\" content=\"es_ES\" \/>\n<meta property=\"og:type\" content=\"article\" \/>\n<meta property=\"og:title\" content=\"Innangard y Augusta Abogados comparten su experiencia colectiva en cuestiones de legislaci\u00f3n laboral y de empleo en el sector de la aviaci\u00f3n - Augusta Alumni\" \/>\n<meta property=\"og:description\" content=\"Augusta Abogados, en colaboraci\u00f3n con Innangardglobal (red internacional de abogados especializados en derecho laboral) han lanzado una serie de p\u00edldoras informativas sobre aspectos importantes en determinados sectores de actividad en los que estamos presentes como firma de abogados. Iniciamos esta seria de videoblogs con uno especifico sobre los aspectos laborales m\u00e1s importantes en el sector [&hellip;]\" \/>\n<meta property=\"og:url\" content=\"https:\/\/augustaabogados.com\/alumni\/innangard-y-augusta-abogados-comparten-su-experiencia-colectiva-en-cuestiones-de-legislacion-laboral-y-de-empleo-en-el-sector-de-la-aviacion\/\" \/>\n<meta property=\"og:site_name\" content=\"Augusta Alumni\" \/>\n<meta property=\"article:published_time\" content=\"2023-12-07T09:17:19+00:00\" \/>\n<meta property=\"article:modified_time\" content=\"2023-12-20T16:02:23+00:00\" \/>\n<meta property=\"og:image\" content=\"https:\/\/augustaabogados.com\/alumni\/wp-content\/uploads\/2023\/12\/Innangard_Juanjo-Aviation-8-1024x576.png\" \/>\n\t<meta property=\"og:image:width\" content=\"1024\" \/>\n\t<meta property=\"og:image:height\" content=\"576\" \/>\n\t<meta property=\"og:image:type\" content=\"image\/png\" \/>\n<meta name=\"author\" content=\"david\" \/>\n<meta name=\"twitter:card\" content=\"summary_large_image\" \/>\n<meta name=\"twitter:label1\" content=\"Escrito por\" \/>\n\t<meta name=\"twitter:data1\" content=\"david\" \/>\n\t<meta name=\"twitter:label2\" content=\"Tiempo de lectura\" \/>\n\t<meta name=\"twitter:data2\" content=\"2 minutos\" \/>\n<script type=\"application\/ld+json\" class=\"yoast-schema-graph\">{\"@context\":\"https:\\\/\\\/schema.org\",\"@graph\":[{\"@type\":\"Article\",\"@id\":\"https:\\\/\\\/augustaabogados.com\\\/alumni\\\/innangard-y-augusta-abogados-comparten-su-experiencia-colectiva-en-cuestiones-de-legislacion-laboral-y-de-empleo-en-el-sector-de-la-aviacion\\\/#article\",\"isPartOf\":{\"@id\":\"https:\\\/\\\/augustaabogados.com\\\/alumni\\\/innangard-y-augusta-abogados-comparten-su-experiencia-colectiva-en-cuestiones-de-legislacion-laboral-y-de-empleo-en-el-sector-de-la-aviacion\\\/\"},\"author\":{\"name\":\"david\",\"@id\":\"https:\\\/\\\/augustaabogados.com\\\/alumni\\\/#\\\/schema\\\/person\\\/64a55191ed4f0d9c65699d1455fbb051\"},\"headline\":\"Innangard y Augusta Abogados comparten su experiencia colectiva en cuestiones de legislaci\u00f3n laboral y de empleo en el sector de la aviaci\u00f3n\",\"datePublished\":\"2023-12-07T09:17:19+00:00\",\"dateModified\":\"2023-12-20T16:02:23+00:00\",\"mainEntityOfPage\":{\"@id\":\"https:\\\/\\\/augustaabogados.com\\\/alumni\\\/innangard-y-augusta-abogados-comparten-su-experiencia-colectiva-en-cuestiones-de-legislacion-laboral-y-de-empleo-en-el-sector-de-la-aviacion\\\/\"},\"wordCount\":208,\"publisher\":{\"@id\":\"https:\\\/\\\/augustaabogados.com\\\/alumni\\\/#organization\"},\"image\":{\"@id\":\"https:\\\/\\\/augustaabogados.com\\\/alumni\\\/innangard-y-augusta-abogados-comparten-su-experiencia-colectiva-en-cuestiones-de-legislacion-laboral-y-de-empleo-en-el-sector-de-la-aviacion\\\/#primaryimage\"},\"thumbnailUrl\":\"https:\\\/\\\/augustaabogados.com\\\/alumni\\\/wp-content\\\/uploads\\\/2023\\\/12\\\/Innangard_Juanjo-Aviation-8.png\",\"articleSection\":[\"Noticias\"],\"inLanguage\":\"es\"},{\"@type\":\"WebPage\",\"@id\":\"https:\\\/\\\/augustaabogados.com\\\/alumni\\\/innangard-y-augusta-abogados-comparten-su-experiencia-colectiva-en-cuestiones-de-legislacion-laboral-y-de-empleo-en-el-sector-de-la-aviacion\\\/\",\"url\":\"https:\\\/\\\/augustaabogados.com\\\/alumni\\\/innangard-y-augusta-abogados-comparten-su-experiencia-colectiva-en-cuestiones-de-legislacion-laboral-y-de-empleo-en-el-sector-de-la-aviacion\\\/\",\"name\":\"Innangard y Augusta Abogados comparten su experiencia colectiva en cuestiones de legislaci\u00f3n laboral y de empleo en el sector de la aviaci\u00f3n - Augusta Alumni\",\"isPartOf\":{\"@id\":\"https:\\\/\\\/augustaabogados.com\\\/alumni\\\/#website\"},\"primaryImageOfPage\":{\"@id\":\"https:\\\/\\\/augustaabogados.com\\\/alumni\\\/innangard-y-augusta-abogados-comparten-su-experiencia-colectiva-en-cuestiones-de-legislacion-laboral-y-de-empleo-en-el-sector-de-la-aviacion\\\/#primaryimage\"},\"image\":{\"@id\":\"https:\\\/\\\/augustaabogados.com\\\/alumni\\\/innangard-y-augusta-abogados-comparten-su-experiencia-colectiva-en-cuestiones-de-legislacion-laboral-y-de-empleo-en-el-sector-de-la-aviacion\\\/#primaryimage\"},\"thumbnailUrl\":\"https:\\\/\\\/augustaabogados.com\\\/alumni\\\/wp-content\\\/uploads\\\/2023\\\/12\\\/Innangard_Juanjo-Aviation-8.png\",\"datePublished\":\"2023-12-07T09:17:19+00:00\",\"dateModified\":\"2023-12-20T16:02:23+00:00\",\"breadcrumb\":{\"@id\":\"https:\\\/\\\/augustaabogados.com\\\/alumni\\\/innangard-y-augusta-abogados-comparten-su-experiencia-colectiva-en-cuestiones-de-legislacion-laboral-y-de-empleo-en-el-sector-de-la-aviacion\\\/#breadcrumb\"},\"inLanguage\":\"es\",\"potentialAction\":[{\"@type\":\"ReadAction\",\"target\":[\"https:\\\/\\\/augustaabogados.com\\\/alumni\\\/innangard-y-augusta-abogados-comparten-su-experiencia-colectiva-en-cuestiones-de-legislacion-laboral-y-de-empleo-en-el-sector-de-la-aviacion\\\/\"]}]},{\"@type\":\"ImageObject\",\"inLanguage\":\"es\",\"@id\":\"https:\\\/\\\/augustaabogados.com\\\/alumni\\\/innangard-y-augusta-abogados-comparten-su-experiencia-colectiva-en-cuestiones-de-legislacion-laboral-y-de-empleo-en-el-sector-de-la-aviacion\\\/#primaryimage\",\"url\":\"https:\\\/\\\/augustaabogados.com\\\/alumni\\\/wp-content\\\/uploads\\\/2023\\\/12\\\/Innangard_Juanjo-Aviation-8.png\",\"contentUrl\":\"https:\\\/\\\/augustaabogados.com\\\/alumni\\\/wp-content\\\/uploads\\\/2023\\\/12\\\/Innangard_Juanjo-Aviation-8.png\",\"width\":3840,\"height\":2160},{\"@type\":\"BreadcrumbList\",\"@id\":\"https:\\\/\\\/augustaabogados.com\\\/alumni\\\/innangard-y-augusta-abogados-comparten-su-experiencia-colectiva-en-cuestiones-de-legislacion-laboral-y-de-empleo-en-el-sector-de-la-aviacion\\\/#breadcrumb\",\"itemListElement\":[{\"@type\":\"ListItem\",\"position\":1,\"name\":\"Portada\",\"item\":\"https:\\\/\\\/augustaabogados.com\\\/alumni\\\/\"},{\"@type\":\"ListItem\",\"position\":2,\"name\":\"Innangard y Augusta Abogados comparten su experiencia colectiva en cuestiones de legislaci\u00f3n laboral y de empleo en el sector de la aviaci\u00f3n\"}]},{\"@type\":\"WebSite\",\"@id\":\"https:\\\/\\\/augustaabogados.com\\\/alumni\\\/#website\",\"url\":\"https:\\\/\\\/augustaabogados.com\\\/alumni\\\/\",\"name\":\"augusta abogados\",\"description\":\"\",\"publisher\":{\"@id\":\"https:\\\/\\\/augustaabogados.com\\\/alumni\\\/#organization\"},\"potentialAction\":[{\"@type\":\"SearchAction\",\"target\":{\"@type\":\"EntryPoint\",\"urlTemplate\":\"https:\\\/\\\/augustaabogados.com\\\/alumni\\\/?s={search_term_string}\"},\"query-input\":{\"@type\":\"PropertyValueSpecification\",\"valueRequired\":true,\"valueName\":\"search_term_string\"}}],\"inLanguage\":\"es\"},{\"@type\":\"Organization\",\"@id\":\"https:\\\/\\\/augustaabogados.com\\\/alumni\\\/#organization\",\"name\":\"augusta abogados\",\"url\":\"https:\\\/\\\/augustaabogados.com\\\/alumni\\\/\",\"logo\":{\"@type\":\"ImageObject\",\"inLanguage\":\"es\",\"@id\":\"https:\\\/\\\/augustaabogados.com\\\/alumni\\\/#\\\/schema\\\/logo\\\/image\\\/\",\"url\":\"https:\\\/\\\/augustaabogados.com\\\/alumni\\\/wp-content\\\/uploads\\\/2023\\\/12\\\/A_ALUMNI_VERT_2TINTAS-1.svg\",\"contentUrl\":\"https:\\\/\\\/augustaabogados.com\\\/alumni\\\/wp-content\\\/uploads\\\/2023\\\/12\\\/A_ALUMNI_VERT_2TINTAS-1.svg\",\"width\":239,\"height\":87,\"caption\":\"augusta abogados\"},\"image\":{\"@id\":\"https:\\\/\\\/augustaabogados.com\\\/alumni\\\/#\\\/schema\\\/logo\\\/image\\\/\"}},{\"@type\":\"Person\",\"@id\":\"https:\\\/\\\/augustaabogados.com\\\/alumni\\\/#\\\/schema\\\/person\\\/64a55191ed4f0d9c65699d1455fbb051\",\"name\":\"david\",\"image\":{\"@type\":\"ImageObject\",\"inLanguage\":\"es\",\"@id\":\"https:\\\/\\\/secure.gravatar.com\\\/avatar\\\/7239c726335dbdff32790e5c7b8b984cbe00f5a1c2465bc42ab52343c935f3ed?s=96&d=mm&r=g\",\"url\":\"https:\\\/\\\/secure.gravatar.com\\\/avatar\\\/7239c726335dbdff32790e5c7b8b984cbe00f5a1c2465bc42ab52343c935f3ed?s=96&d=mm&r=g\",\"contentUrl\":\"https:\\\/\\\/secure.gravatar.com\\\/avatar\\\/7239c726335dbdff32790e5c7b8b984cbe00f5a1c2465bc42ab52343c935f3ed?s=96&d=mm&r=g\",\"caption\":\"david\"},\"url\":\"https:\\\/\\\/augustaabogados.com\\\/alumni\\\/author\\\/david\\\/\"}]}<\/script>\n<!-- \/ Yoast SEO plugin. -->","yoast_head_json":{"title":"Innangard y Augusta Abogados comparten su experiencia colectiva en cuestiones de legislaci\u00f3n laboral y de empleo en el sector de la aviaci\u00f3n - Augusta Alumni","robots":{"index":"index","follow":"follow","max-snippet":"max-snippet:-1","max-image-preview":"max-image-preview:large","max-video-preview":"max-video-preview:-1"},"canonical":"https:\/\/augustaabogados.com\/alumni\/innangard-y-augusta-abogados-comparten-su-experiencia-colectiva-en-cuestiones-de-legislacion-laboral-y-de-empleo-en-el-sector-de-la-aviacion\/","og_locale":"es_ES","og_type":"article","og_title":"Innangard y Augusta Abogados comparten su experiencia colectiva en cuestiones de legislaci\u00f3n laboral y de empleo en el sector de la aviaci\u00f3n - Augusta Alumni","og_description":"Augusta Abogados, en colaboraci\u00f3n con Innangardglobal (red internacional de abogados especializados en derecho laboral) han lanzado una serie de p\u00edldoras informativas sobre aspectos importantes en determinados sectores de actividad en los que estamos presentes como firma de abogados. Iniciamos esta seria de videoblogs con uno especifico sobre los aspectos laborales m\u00e1s importantes en el sector [&hellip;]","og_url":"https:\/\/augustaabogados.com\/alumni\/innangard-y-augusta-abogados-comparten-su-experiencia-colectiva-en-cuestiones-de-legislacion-laboral-y-de-empleo-en-el-sector-de-la-aviacion\/","og_site_name":"Augusta Alumni","article_published_time":"2023-12-07T09:17:19+00:00","article_modified_time":"2023-12-20T16:02:23+00:00","og_image":[{"width":1024,"height":576,"url":"https:\/\/augustaabogados.com\/alumni\/wp-content\/uploads\/2023\/12\/Innangard_Juanjo-Aviation-8-1024x576.png","type":"image\/png"}],"author":"david","twitter_card":"summary_large_image","twitter_misc":{"Escrito por":"david","Tiempo de lectura":"2 minutos"},"schema":{"@context":"https:\/\/schema.org","@graph":[{"@type":"Article","@id":"https:\/\/augustaabogados.com\/alumni\/innangard-y-augusta-abogados-comparten-su-experiencia-colectiva-en-cuestiones-de-legislacion-laboral-y-de-empleo-en-el-sector-de-la-aviacion\/#article","isPartOf":{"@id":"https:\/\/augustaabogados.com\/alumni\/innangard-y-augusta-abogados-comparten-su-experiencia-colectiva-en-cuestiones-de-legislacion-laboral-y-de-empleo-en-el-sector-de-la-aviacion\/"},"author":{"name":"david","@id":"https:\/\/augustaabogados.com\/alumni\/#\/schema\/person\/64a55191ed4f0d9c65699d1455fbb051"},"headline":"Innangard y Augusta Abogados comparten su experiencia colectiva en cuestiones de legislaci\u00f3n laboral y de empleo en el sector de la aviaci\u00f3n","datePublished":"2023-12-07T09:17:19+00:00","dateModified":"2023-12-20T16:02:23+00:00","mainEntityOfPage":{"@id":"https:\/\/augustaabogados.com\/alumni\/innangard-y-augusta-abogados-comparten-su-experiencia-colectiva-en-cuestiones-de-legislacion-laboral-y-de-empleo-en-el-sector-de-la-aviacion\/"},"wordCount":208,"publisher":{"@id":"https:\/\/augustaabogados.com\/alumni\/#organization"},"image":{"@id":"https:\/\/augustaabogados.com\/alumni\/innangard-y-augusta-abogados-comparten-su-experiencia-colectiva-en-cuestiones-de-legislacion-laboral-y-de-empleo-en-el-sector-de-la-aviacion\/#primaryimage"},"thumbnailUrl":"https:\/\/augustaabogados.com\/alumni\/wp-content\/uploads\/2023\/12\/Innangard_Juanjo-Aviation-8.png","articleSection":["Noticias"],"inLanguage":"es"},{"@type":"WebPage","@id":"https:\/\/augustaabogados.com\/alumni\/innangard-y-augusta-abogados-comparten-su-experiencia-colectiva-en-cuestiones-de-legislacion-laboral-y-de-empleo-en-el-sector-de-la-aviacion\/","url":"https:\/\/augustaabogados.com\/alumni\/innangard-y-augusta-abogados-comparten-su-experiencia-colectiva-en-cuestiones-de-legislacion-laboral-y-de-empleo-en-el-sector-de-la-aviacion\/","name":"Innangard y Augusta Abogados comparten su experiencia colectiva en cuestiones de legislaci\u00f3n laboral y de empleo en el sector de la aviaci\u00f3n - Augusta Alumni","isPartOf":{"@id":"https:\/\/augustaabogados.com\/alumni\/#website"},"primaryImageOfPage":{"@id":"https:\/\/augustaabogados.com\/alumni\/innangard-y-augusta-abogados-comparten-su-experiencia-colectiva-en-cuestiones-de-legislacion-laboral-y-de-empleo-en-el-sector-de-la-aviacion\/#primaryimage"},"image":{"@id":"https:\/\/augustaabogados.com\/alumni\/innangard-y-augusta-abogados-comparten-su-experiencia-colectiva-en-cuestiones-de-legislacion-laboral-y-de-empleo-en-el-sector-de-la-aviacion\/#primaryimage"},"thumbnailUrl":"https:\/\/augustaabogados.com\/alumni\/wp-content\/uploads\/2023\/12\/Innangard_Juanjo-Aviation-8.png","datePublished":"2023-12-07T09:17:19+00:00","dateModified":"2023-12-20T16:02:23+00:00","breadcrumb":{"@id":"https:\/\/augustaabogados.com\/alumni\/innangard-y-augusta-abogados-comparten-su-experiencia-colectiva-en-cuestiones-de-legislacion-laboral-y-de-empleo-en-el-sector-de-la-aviacion\/#breadcrumb"},"inLanguage":"es","potentialAction":[{"@type":"ReadAction","target":["https:\/\/augustaabogados.com\/alumni\/innangard-y-augusta-abogados-comparten-su-experiencia-colectiva-en-cuestiones-de-legislacion-laboral-y-de-empleo-en-el-sector-de-la-aviacion\/"]}]},{"@type":"ImageObject","inLanguage":"es","@id":"https:\/\/augustaabogados.com\/alumni\/innangard-y-augusta-abogados-comparten-su-experiencia-colectiva-en-cuestiones-de-legislacion-laboral-y-de-empleo-en-el-sector-de-la-aviacion\/#primaryimage","url":"https:\/\/augustaabogados.com\/alumni\/wp-content\/uploads\/2023\/12\/Innangard_Juanjo-Aviation-8.png","contentUrl":"https:\/\/augustaabogados.com\/alumni\/wp-content\/uploads\/2023\/12\/Innangard_Juanjo-Aviation-8.png","width":3840,"height":2160},{"@type":"BreadcrumbList","@id":"https:\/\/augustaabogados.com\/alumni\/innangard-y-augusta-abogados-comparten-su-experiencia-colectiva-en-cuestiones-de-legislacion-laboral-y-de-empleo-en-el-sector-de-la-aviacion\/#breadcrumb","itemListElement":[{"@type":"ListItem","position":1,"name":"Portada","item":"https:\/\/augustaabogados.com\/alumni\/"},{"@type":"ListItem","position":2,"name":"Innangard y Augusta Abogados comparten su experiencia colectiva en cuestiones de legislaci\u00f3n laboral y de empleo en el sector de la aviaci\u00f3n"}]},{"@type":"WebSite","@id":"https:\/\/augustaabogados.com\/alumni\/#website","url":"https:\/\/augustaabogados.com\/alumni\/","name":"augusta abogados","description":"","publisher":{"@id":"https:\/\/augustaabogados.com\/alumni\/#organization"},"potentialAction":[{"@type":"SearchAction","target":{"@type":"EntryPoint","urlTemplate":"https:\/\/augustaabogados.com\/alumni\/?s={search_term_string}"},"query-input":{"@type":"PropertyValueSpecification","valueRequired":true,"valueName":"search_term_string"}}],"inLanguage":"es"},{"@type":"Organization","@id":"https:\/\/augustaabogados.com\/alumni\/#organization","name":"augusta abogados","url":"https:\/\/augustaabogados.com\/alumni\/","logo":{"@type":"ImageObject","inLanguage":"es","@id":"https:\/\/augustaabogados.com\/alumni\/#\/schema\/logo\/image\/","url":"https:\/\/augustaabogados.com\/alumni\/wp-content\/uploads\/2023\/12\/A_ALUMNI_VERT_2TINTAS-1.svg","contentUrl":"https:\/\/augustaabogados.com\/alumni\/wp-content\/uploads\/2023\/12\/A_ALUMNI_VERT_2TINTAS-1.svg","width":239,"height":87,"caption":"augusta abogados"},"image":{"@id":"https:\/\/augustaabogados.com\/alumni\/#\/schema\/logo\/image\/"}},{"@type":"Person","@id":"https:\/\/augustaabogados.com\/alumni\/#\/schema\/person\/64a55191ed4f0d9c65699d1455fbb051","name":"david","image":{"@type":"ImageObject","inLanguage":"es","@id":"https:\/\/secure.gravatar.com\/avatar\/7239c726335dbdff32790e5c7b8b984cbe00f5a1c2465bc42ab52343c935f3ed?s=96&d=mm&r=g","url":"https:\/\/secure.gravatar.com\/avatar\/7239c726335dbdff32790e5c7b8b984cbe00f5a1c2465bc42ab52343c935f3ed?s=96&d=mm&r=g","contentUrl":"https:\/\/secure.gravatar.com\/avatar\/7239c726335dbdff32790e5c7b8b984cbe00f5a1c2465bc42ab52343c935f3ed?s=96&d=mm&r=g","caption":"david"},"url":"https:\/\/augustaabogados.com\/alumni\/author\/david\/"}]}},"_links":{"self":[{"href":"https:\/\/augustaabogados.com\/alumni\/wp-json\/wp\/v2\/posts\/3469","targetHints":{"allow":["GET"]}}],"collection":[{"href":"https:\/\/augustaabogados.com\/alumni\/wp-json\/wp\/v2\/posts"}],"about":[{"href":"https:\/\/augustaabogados.com\/alumni\/wp-json\/wp\/v2\/types\/post"}],"author":[{"embeddable":true,"href":"https:\/\/augustaabogados.com\/alumni\/wp-json\/wp\/v2\/users\/2"}],"replies":[{"embeddable":true,"href":"https:\/\/augustaabogados.com\/alumni\/wp-json\/wp\/v2\/comments?post=3469"}],"version-history":[{"count":7,"href":"https:\/\/augustaabogados.com\/alumni\/wp-json\/wp\/v2\/posts\/3469\/revisions"}],"predecessor-version":[{"id":6508,"href":"https:\/\/augustaabogados.com\/alumni\/wp-json\/wp\/v2\/posts\/3469\/revisions\/6508"}],"wp:featuredmedia":[{"embeddable":true,"href":"https:\/\/augustaabogados.com\/alumni\/wp-json\/wp\/v2\/media\/7971"}],"wp:attachment":[{"href":"https:\/\/augustaabogados.com\/alumni\/wp-json\/wp\/v2\/media?parent=3469"}],"wp:term":[{"taxonomy":"category","embeddable":true,"href":"https:\/\/augustaabogados.com\/alumni\/wp-json\/wp\/v2\/categories?post=3469"},{"taxonomy":"post_tag","embeddable":true,"href":"https:\/\/augustaabogados.com\/alumni\/wp-json\/wp\/v2\/tags?post=3469"}],"curies":[{"name":"wp","href":"https:\/\/api.w.org\/{rel}","templated":true}]}}