{"id":36026,"date":"2016-02-01T00:00:00","date_gmt":"2016-02-01T00:00:00","guid":{"rendered":"https:\/\/augustaabogados.com\/innangard-neix-lalianca-internacional-de-despatxos-especialitzats-en-dret-laboral\/"},"modified":"2024-02-06T11:30:49","modified_gmt":"2024-02-06T11:30:49","slug":"innangard-neix-lalianca-internacional-de-despatxos-especialitzats-en-dret-laboral","status":"publish","type":"post","link":"https:\/\/augustaabogados.com\/ca\/innangard-neix-lalianca-internacional-de-despatxos-especialitzats-en-dret-laboral\/","title":{"rendered":"INNANGARD \u0096 NEIX L\u0092ALIAN\u00c7A INTERNACIONAL DE DESPATXOS ESPECIALITZATS EN DRET LABORAL"},"content":{"rendered":"<p>25 de gener de 2016.- FORNESA ABOGADOS ha decidit incorporar-se a Innangard, la reconeguda alian\u00e7a internacional de despatxos d\u0092advocats especialitzats en Dret Laboral.<\/p>\n<p><a title=\"www.innangardglobal.com\" href=\"http:\/\/www.innangardglobal.com\" target=\"_blank\" rel=\"noopener\"><img fetchpriority=\"high\" decoding=\"async\" class=\"size-full wp-image-4905 aligncenter\" alt=\"photo01_innangard_fornesa-abogados\" src=\"https:\/\/augustaabogados.com\/wp-content\/uploads\/2024\/02\/photo01_innangard_fornesa-abogados-25.jpg\" width=\"620\" height=\"279\" \/><\/a><\/p>\n<p>Innangard, l\u0092alian\u00e7a de despatxos especialitzada en dret laboral internacional, reuneix firmes de reconegut prestigi en l\u0092assessorament laboral. L\u0092alian\u00e7a est\u00e0 actualment integrada per 6 despatxos \u0096 Weil &#038; Associ\u00e9s (Fran\u00e7a), Studio Legale Daverio &#038; Florio (It\u00e0lia), CM Murray LLP (Regne Unit), Colleen Cleary Solicitors (Irlanda), Van Hall Advocaten Arbeidsrecht (Holanda) y FORNESA ABOGADOS (Espanya).<\/p>\n<p><img decoding=\"async\" class=\"size-full wp-image-4904 aligncenter\" style=\"font-size: 1rem; line-height: 1;\" alt=\"photo02_innangard_fornesa-abogados\" src=\"https:\/\/augustaabogados.com\/wp-content\/uploads\/2024\/02\/photo02_innangard_fornesa-abogados-25.jpg\" width=\"620\" height=\"367\" \/>L\u0092alian\u00e7a t\u00e9 com objectiu oferir una cobertura internacional a aquelles empreses que requereixin de serveis d\u0092assessorament en mat\u00e8ria laboral, en les diferents jurisdiccions en les quals desenvolupen els seus negocis. <\/p>\n<p><img decoding=\"async\" class=\"size-full wp-image-4903 aligncenter\" style=\"font-size: 1rem; line-height: 1;\" alt=\"photo03_innangard_fornesa-abogados\" src=\"https:\/\/augustaabogados.com\/wp-content\/uploads\/2024\/02\/photo03_innangard_fornesa-abogados-25.jpg\" width=\"620\" height=\"367\" \/>Tots els despatxos que integren Innangard s\u00f3n firmes de reconegut prestigi en l\u0092\u00e0rea laboral. La finalitat que els integrants persegueixen \u00e9s poder oferir als seus clients una xarxa de professionals altament qualificats amb experi\u00e8ncia contrastada en la gesti\u00f3 d\u0092assumptes laborals complexos i, particularment, els de naturalesa transfronterera. Innangard \u00e9s una xarxa de despatxos no exclusiva amb pres\u00e8ncia en les principals confer\u00e8ncies i seminaris internacionals en mat\u00e8ria laboral, de Seguretat Social i Recursos Humans. <\/p>\n<p><img loading=\"lazy\" decoding=\"async\" class=\"size-full wp-image-4902 aligncenter\" style=\"font-size: 1rem; line-height: 1;\" alt=\"photo04_innangard_fornesa-abogados\" src=\"https:\/\/augustaabogados.com\/wp-content\/uploads\/2024\/02\/photo04_innangard_fornesa-abogados-25.jpg\" width=\"620\" height=\"367\" \/>Innangard neix amb la vocaci\u00f3 de convertir-se en un interlocutor destacat en el mercat laboral internacional, oferint formaci\u00f3 continuada als nostres clients sobre mat\u00e8ries de caire laboral en les diferents jurisdiccions. <\/p>\n<p><a title=\"www.innangardglobal.com\" href=\"http:\/\/www.innangardglobal.com\" target=\"_blank\" rel=\"noopener\"><img decoding=\"async\" class=\"aligncenter\" alt=\"\" src=\"http:\/\/innangardglobal.com\/wp-content\/themes\/innangardglobal\/img\/logo.png\" \/><\/a><\/p>\n<p>Per a m\u00e9s informaci\u00f3, poden dirigir-se a: <a title=\"www.innangardglobal.com\" href=\"http:\/\/www.innangardglobal.com\" target=\"_blank\" rel=\"noopener\">www.innangardglobal.com<\/a> o <a href=\"mailto:jj.hita@jordim52.sg-host.com\">jj.hita@jordim52.sg-host.com<\/a>.<\/p>\n","protected":false},"excerpt":{"rendered":"<p>25 de gener de 2016.- FORNESA ABOGADOS ha decidit incorporar-se a Innangard, la reconeguda alian\u00e7a internacional de despatxos d\u0092advocats especialitzats en Dret Laboral. Innangard, l\u0092alian\u00e7a de despatxos especialitzada en dret laboral internacional, reuneix firmes de reconegut prestigi en l\u0092assessorament laboral. L\u0092alian\u00e7a est\u00e0 actualment integrada per 6 despatxos \u0096 Weil &#038; Associ\u00e9s (Fran\u00e7a), Studio Legale Daverio [&hellip;]<\/p>\n","protected":false},"author":8,"featured_media":33794,"comment_status":"closed","ping_status":"open","sticky":false,"template":"","format":"standard","meta":{"content-type":"","site-sidebar-layout":"no-sidebar","site-content-layout":"page-builder","ast-site-content-layout":"default","site-content-style":"default","site-sidebar-style":"default","ast-global-header-display":"","ast-banner-title-visibility":"","ast-main-header-display":"","ast-hfb-above-header-display":"","ast-hfb-below-header-display":"","ast-hfb-mobile-header-display":"","site-post-title":"","ast-breadcrumbs-content":"","ast-featured-img":"","footer-sml-layout":"","ast-disable-related-posts":"","theme-transparent-header-meta":"disabled","adv-header-id-meta":"","stick-header-meta":"","header-above-stick-meta":"","header-main-stick-meta":"","header-below-stick-meta":"","astra-migrate-meta-layouts":"set","ast-page-background-enabled":"default","ast-page-background-meta":{"desktop":{"background-color":"var(--ast-global-color-4)","background-image":"","background-repeat":"repeat","background-position":"center center","background-size":"auto","background-attachment":"scroll","background-type":"","background-media":"","overlay-type":"","overlay-color":"","overlay-opacity":"","overlay-gradient":""},"tablet":{"background-color":"","background-image":"","background-repeat":"repeat","background-position":"center center","background-size":"auto","background-attachment":"scroll","background-type":"","background-media":"","overlay-type":"","overlay-color":"","overlay-opacity":"","overlay-gradient":""},"mobile":{"background-color":"","background-image":"","background-repeat":"repeat","background-position":"center center","background-size":"auto","background-attachment":"scroll","background-type":"","background-media":"","overlay-type":"","overlay-color":"","overlay-opacity":"","overlay-gradient":""}},"ast-content-background-meta":{"desktop":{"background-color":"var(--ast-global-color-5)","background-image":"","background-repeat":"repeat","background-position":"center center","background-size":"auto","background-attachment":"scroll","background-type":"","background-media":"","overlay-type":"","overlay-color":"","overlay-opacity":"","overlay-gradient":""},"tablet":{"background-color":"var(--ast-global-color-5)","background-image":"","background-repeat":"repeat","background-position":"center center","background-size":"auto","background-attachment":"scroll","background-type":"","background-media":"","overlay-type":"","overlay-color":"","overlay-opacity":"","overlay-gradient":""},"mobile":{"background-color":"var(--ast-global-color-5)","background-image":"","background-repeat":"repeat","background-position":"center center","background-size":"auto","background-attachment":"scroll","background-type":"","background-media":"","overlay-type":"","overlay-color":"","overlay-opacity":"","overlay-gradient":""}},"footnotes":""},"categories":[],"tags":[151],"servicio-asociado":[],"class_list":["post-36026","post","type-post","status-publish","format-standard","has-post-thumbnail","hentry","tag-innangard"],"acf":[],"yoast_head":"<!-- This site is optimized with the Yoast SEO plugin v27.4 - https:\/\/yoast.com\/product\/yoast-seo-wordpress\/ -->\n<title>Informaci\u00f3n sobre la modificaci\u00f3n de la Ley catalana del Impuesto sobre Sucesiones y Donaciones|Informaci\u00f3n sobre la modificaci\u00f3n de la Ley catalana del Impuesto sobre Sucesiones y Donaciones<\/title>\n<meta name=\"description\" content=\"La modificaci\u00f3n de la Ley catalana del Impuesto sobre Sucesiones y Donaciones obliga a reevaluar las planificaciones fiscales de la sucesi\u00f3n familiar y empresarial.|La modificaci\u00f3n de la Ley catalana del Impuesto sobre Sucesiones y Donaciones obliga a reevaluar las planificaciones fiscales de la sucesi\u00f3n familiar y empresarial.\" \/>\n<meta name=\"robots\" content=\"index, follow, max-snippet:-1, max-image-preview:large, max-video-preview:-1\" \/>\n<link rel=\"canonical\" href=\"https:\/\/augustaabogados.com\/nota-de-prensa-innangard-alianza-internacional-de-despachos-especializada-en-derecho-laboral\/\" \/>\n<meta property=\"og:locale\" content=\"ca_ES\" \/>\n<meta property=\"og:type\" content=\"article\" \/>\n<meta property=\"og:title\" content=\"Informaci\u00f3n sobre la modificaci\u00f3n de la Ley catalana del Impuesto sobre Sucesiones y Donaciones|Informaci\u00f3n sobre la modificaci\u00f3n de la Ley catalana del Impuesto sobre Sucesiones y Donaciones\" \/>\n<meta property=\"og:description\" content=\"La modificaci\u00f3n de la Ley catalana del Impuesto sobre Sucesiones y Donaciones obliga a reevaluar las planificaciones fiscales de la sucesi\u00f3n familiar y empresarial.|La modificaci\u00f3n de la Ley catalana del Impuesto sobre Sucesiones y Donaciones obliga a reevaluar las planificaciones fiscales de la sucesi\u00f3n familiar y empresarial.\" \/>\n<meta property=\"og:url\" content=\"https:\/\/augustaabogados.com\/nota-de-prensa-innangard-alianza-internacional-de-despachos-especializada-en-derecho-laboral\/\" \/>\n<meta property=\"og:site_name\" content=\"Augusta Abogados\" \/>\n<meta property=\"article:published_time\" content=\"2016-02-01T00:00:00+00:00\" \/>\n<meta property=\"article:modified_time\" content=\"2024-02-06T11:30:49+00:00\" \/>\n<meta property=\"og:image\" content=\"https:\/\/augustaabogados.com\/wp-content\/uploads\/2024\/02\/photo01_innangard_fornesa-abogados-22.jpg\" \/>\n\t<meta property=\"og:image:width\" content=\"620\" \/>\n\t<meta property=\"og:image:height\" content=\"279\" \/>\n\t<meta property=\"og:image:type\" content=\"image\/jpeg\" \/>\n<meta name=\"author\" content=\"Augusta Abogados\" \/>\n<meta name=\"twitter:card\" content=\"summary_large_image\" \/>\n<meta name=\"twitter:label1\" content=\"Escrit per\" \/>\n\t<meta name=\"twitter:data1\" content=\"Augusta Abogados\" \/>\n\t<meta name=\"twitter:label2\" content=\"Temps estimat de lectura\" \/>\n\t<meta name=\"twitter:data2\" content=\"3 minuts\" \/>\n<script type=\"application\/ld+json\" class=\"yoast-schema-graph\">{\"@context\":\"https:\\\/\\\/schema.org\",\"@graph\":[{\"@type\":\"Article\",\"@id\":\"https:\\\/\\\/augustaabogados.com\\\/nota-de-prensa-innangard-alianza-internacional-de-despachos-especializada-en-derecho-laboral\\\/#article\",\"isPartOf\":{\"@id\":\"https:\\\/\\\/augustaabogados.com\\\/nota-de-prensa-innangard-alianza-internacional-de-despachos-especializada-en-derecho-laboral\\\/\"},\"author\":{\"name\":\"Augusta Abogados\",\"@id\":\"https:\\\/\\\/augustaabogados.com\\\/#\\\/schema\\\/person\\\/8c5e230eb6ed47cdd14ee188eb04a753\"},\"headline\":\"INNANGARD \u0096 NEIX L\u0092ALIAN\u00c7A INTERNACIONAL DE DESPATXOS ESPECIALITZATS EN DRET LABORAL\",\"datePublished\":\"2016-02-01T00:00:00+00:00\",\"dateModified\":\"2024-02-06T11:30:49+00:00\",\"mainEntityOfPage\":{\"@id\":\"https:\\\/\\\/augustaabogados.com\\\/nota-de-prensa-innangard-alianza-internacional-de-despachos-especializada-en-derecho-laboral\\\/\"},\"wordCount\":256,\"publisher\":{\"@id\":\"https:\\\/\\\/augustaabogados.com\\\/#organization\"},\"image\":{\"@id\":\"https:\\\/\\\/augustaabogados.com\\\/nota-de-prensa-innangard-alianza-internacional-de-despachos-especializada-en-derecho-laboral\\\/#primaryimage\"},\"thumbnailUrl\":\"https:\\\/\\\/augustaabogados.com\\\/wp-content\\\/uploads\\\/2024\\\/02\\\/photo01_innangard_fornesa-abogados-22.jpg\",\"keywords\":[\"Innangard\"],\"inLanguage\":\"ca\"},{\"@type\":[\"WebPage\",\"ItemPage\"],\"@id\":\"https:\\\/\\\/augustaabogados.com\\\/nota-de-prensa-innangard-alianza-internacional-de-despachos-especializada-en-derecho-laboral\\\/\",\"url\":\"https:\\\/\\\/augustaabogados.com\\\/nota-de-prensa-innangard-alianza-internacional-de-despachos-especializada-en-derecho-laboral\\\/\",\"name\":\"Informaci\u00f3n sobre la modificaci\u00f3n de la Ley catalana del Impuesto sobre Sucesiones y Donaciones|Informaci\u00f3n sobre la modificaci\u00f3n de la Ley catalana del Impuesto sobre Sucesiones y Donaciones\",\"isPartOf\":{\"@id\":\"https:\\\/\\\/augustaabogados.com\\\/#website\"},\"primaryImageOfPage\":{\"@id\":\"https:\\\/\\\/augustaabogados.com\\\/nota-de-prensa-innangard-alianza-internacional-de-despachos-especializada-en-derecho-laboral\\\/#primaryimage\"},\"image\":{\"@id\":\"https:\\\/\\\/augustaabogados.com\\\/nota-de-prensa-innangard-alianza-internacional-de-despachos-especializada-en-derecho-laboral\\\/#primaryimage\"},\"thumbnailUrl\":\"https:\\\/\\\/augustaabogados.com\\\/wp-content\\\/uploads\\\/2024\\\/02\\\/photo01_innangard_fornesa-abogados-22.jpg\",\"datePublished\":\"2016-02-01T00:00:00+00:00\",\"dateModified\":\"2024-02-06T11:30:49+00:00\",\"description\":\"La modificaci\u00f3n de la Ley catalana del Impuesto sobre Sucesiones y Donaciones obliga a reevaluar las planificaciones fiscales de la sucesi\u00f3n familiar y empresarial.|La modificaci\u00f3n de la Ley catalana del Impuesto sobre Sucesiones y Donaciones obliga a reevaluar las planificaciones fiscales de la sucesi\u00f3n familiar y empresarial.\",\"breadcrumb\":{\"@id\":\"https:\\\/\\\/augustaabogados.com\\\/nota-de-prensa-innangard-alianza-internacional-de-despachos-especializada-en-derecho-laboral\\\/#breadcrumb\"},\"inLanguage\":\"ca\",\"potentialAction\":[{\"@type\":\"ReadAction\",\"target\":[\"https:\\\/\\\/augustaabogados.com\\\/nota-de-prensa-innangard-alianza-internacional-de-despachos-especializada-en-derecho-laboral\\\/\"]}]},{\"@type\":\"ImageObject\",\"inLanguage\":\"ca\",\"@id\":\"https:\\\/\\\/augustaabogados.com\\\/nota-de-prensa-innangard-alianza-internacional-de-despachos-especializada-en-derecho-laboral\\\/#primaryimage\",\"url\":\"https:\\\/\\\/augustaabogados.com\\\/wp-content\\\/uploads\\\/2024\\\/02\\\/photo01_innangard_fornesa-abogados-22.jpg\",\"contentUrl\":\"https:\\\/\\\/augustaabogados.com\\\/wp-content\\\/uploads\\\/2024\\\/02\\\/photo01_innangard_fornesa-abogados-22.jpg\",\"width\":620,\"height\":279},{\"@type\":\"BreadcrumbList\",\"@id\":\"https:\\\/\\\/augustaabogados.com\\\/nota-de-prensa-innangard-alianza-internacional-de-despachos-especializada-en-derecho-laboral\\\/#breadcrumb\",\"itemListElement\":[{\"@type\":\"ListItem\",\"position\":1,\"name\":\"Portada\",\"item\":\"https:\\\/\\\/augustaabogados.com\\\/ca\\\/\"},{\"@type\":\"ListItem\",\"position\":2,\"name\":\"INNANGARD \u0096 NEIX L\u0092ALIAN\u00c7A INTERNACIONAL DE DESPATXOS ESPECIALITZATS EN DRET LABORAL\"}]},{\"@type\":\"WebSite\",\"@id\":\"https:\\\/\\\/augustaabogados.com\\\/#website\",\"url\":\"https:\\\/\\\/augustaabogados.com\\\/\",\"name\":\"Augusta Abogados\",\"description\":\"\",\"publisher\":{\"@id\":\"https:\\\/\\\/augustaabogados.com\\\/#organization\"},\"potentialAction\":[{\"@type\":\"SearchAction\",\"target\":{\"@type\":\"EntryPoint\",\"urlTemplate\":\"https:\\\/\\\/augustaabogados.com\\\/?s={search_term_string}\"},\"query-input\":{\"@type\":\"PropertyValueSpecification\",\"valueRequired\":true,\"valueName\":\"search_term_string\"}}],\"inLanguage\":\"ca\"},{\"@type\":\"Organization\",\"@id\":\"https:\\\/\\\/augustaabogados.com\\\/#organization\",\"name\":\"Augusta Abogados\",\"url\":\"https:\\\/\\\/augustaabogados.com\\\/\",\"logo\":{\"@type\":\"ImageObject\",\"inLanguage\":\"ca\",\"@id\":\"https:\\\/\\\/augustaabogados.com\\\/#\\\/schema\\\/logo\\\/image\\\/\",\"url\":\"https:\\\/\\\/augustaabogados.com\\\/wp-content\\\/uploads\\\/2023\\\/11\\\/LOGO-AUGUSTA.svg\",\"contentUrl\":\"https:\\\/\\\/augustaabogados.com\\\/wp-content\\\/uploads\\\/2023\\\/11\\\/LOGO-AUGUSTA.svg\",\"caption\":\"Augusta Abogados\"},\"image\":{\"@id\":\"https:\\\/\\\/augustaabogados.com\\\/#\\\/schema\\\/logo\\\/image\\\/\"}},{\"@type\":\"Person\",\"@id\":\"https:\\\/\\\/augustaabogados.com\\\/#\\\/schema\\\/person\\\/8c5e230eb6ed47cdd14ee188eb04a753\",\"name\":\"Augusta Abogados\",\"image\":{\"@type\":\"ImageObject\",\"inLanguage\":\"ca\",\"@id\":\"https:\\\/\\\/secure.gravatar.com\\\/avatar\\\/09e6ceb5fccff542915602bda752518fa959b0df2d103d929aefa74c2909a4bc?s=96&d=mm&r=g\",\"url\":\"https:\\\/\\\/secure.gravatar.com\\\/avatar\\\/09e6ceb5fccff542915602bda752518fa959b0df2d103d929aefa74c2909a4bc?s=96&d=mm&r=g\",\"contentUrl\":\"https:\\\/\\\/secure.gravatar.com\\\/avatar\\\/09e6ceb5fccff542915602bda752518fa959b0df2d103d929aefa74c2909a4bc?s=96&d=mm&r=g\",\"caption\":\"Augusta Abogados\"}}]}<\/script>\n<!-- \/ Yoast SEO plugin. -->","yoast_head_json":{"title":"Informaci\u00f3n sobre la modificaci\u00f3n de la Ley catalana del Impuesto sobre Sucesiones y Donaciones|Informaci\u00f3n sobre la modificaci\u00f3n de la Ley catalana del Impuesto sobre Sucesiones y Donaciones","description":"La modificaci\u00f3n de la Ley catalana del Impuesto sobre Sucesiones y Donaciones obliga a reevaluar las planificaciones fiscales de la sucesi\u00f3n familiar y empresarial.|La modificaci\u00f3n de la Ley catalana del Impuesto sobre Sucesiones y Donaciones obliga a reevaluar las planificaciones fiscales de la sucesi\u00f3n familiar y empresarial.","robots":{"index":"index","follow":"follow","max-snippet":"max-snippet:-1","max-image-preview":"max-image-preview:large","max-video-preview":"max-video-preview:-1"},"canonical":"https:\/\/augustaabogados.com\/nota-de-prensa-innangard-alianza-internacional-de-despachos-especializada-en-derecho-laboral\/","og_locale":"ca_ES","og_type":"article","og_title":"Informaci\u00f3n sobre la modificaci\u00f3n de la Ley catalana del Impuesto sobre Sucesiones y Donaciones|Informaci\u00f3n sobre la modificaci\u00f3n de la Ley catalana del Impuesto sobre Sucesiones y Donaciones","og_description":"La modificaci\u00f3n de la Ley catalana del Impuesto sobre Sucesiones y Donaciones obliga a reevaluar las planificaciones fiscales de la sucesi\u00f3n familiar y empresarial.|La modificaci\u00f3n de la Ley catalana del Impuesto sobre Sucesiones y Donaciones obliga a reevaluar las planificaciones fiscales de la sucesi\u00f3n familiar y empresarial.","og_url":"https:\/\/augustaabogados.com\/nota-de-prensa-innangard-alianza-internacional-de-despachos-especializada-en-derecho-laboral\/","og_site_name":"Augusta Abogados","article_published_time":"2016-02-01T00:00:00+00:00","article_modified_time":"2024-02-06T11:30:49+00:00","og_image":[{"width":620,"height":279,"url":"https:\/\/augustaabogados.com\/wp-content\/uploads\/2024\/02\/photo01_innangard_fornesa-abogados-22.jpg","type":"image\/jpeg"}],"author":"Augusta Abogados","twitter_card":"summary_large_image","twitter_misc":{"Escrit per":"Augusta Abogados","Temps estimat de lectura":"3 minuts"},"schema":{"@context":"https:\/\/schema.org","@graph":[{"@type":"Article","@id":"https:\/\/augustaabogados.com\/nota-de-prensa-innangard-alianza-internacional-de-despachos-especializada-en-derecho-laboral\/#article","isPartOf":{"@id":"https:\/\/augustaabogados.com\/nota-de-prensa-innangard-alianza-internacional-de-despachos-especializada-en-derecho-laboral\/"},"author":{"name":"Augusta Abogados","@id":"https:\/\/augustaabogados.com\/#\/schema\/person\/8c5e230eb6ed47cdd14ee188eb04a753"},"headline":"INNANGARD \u0096 NEIX L\u0092ALIAN\u00c7A INTERNACIONAL DE DESPATXOS ESPECIALITZATS EN DRET LABORAL","datePublished":"2016-02-01T00:00:00+00:00","dateModified":"2024-02-06T11:30:49+00:00","mainEntityOfPage":{"@id":"https:\/\/augustaabogados.com\/nota-de-prensa-innangard-alianza-internacional-de-despachos-especializada-en-derecho-laboral\/"},"wordCount":256,"publisher":{"@id":"https:\/\/augustaabogados.com\/#organization"},"image":{"@id":"https:\/\/augustaabogados.com\/nota-de-prensa-innangard-alianza-internacional-de-despachos-especializada-en-derecho-laboral\/#primaryimage"},"thumbnailUrl":"https:\/\/augustaabogados.com\/wp-content\/uploads\/2024\/02\/photo01_innangard_fornesa-abogados-22.jpg","keywords":["Innangard"],"inLanguage":"ca"},{"@type":["WebPage","ItemPage"],"@id":"https:\/\/augustaabogados.com\/nota-de-prensa-innangard-alianza-internacional-de-despachos-especializada-en-derecho-laboral\/","url":"https:\/\/augustaabogados.com\/nota-de-prensa-innangard-alianza-internacional-de-despachos-especializada-en-derecho-laboral\/","name":"Informaci\u00f3n sobre la modificaci\u00f3n de la Ley catalana del Impuesto sobre Sucesiones y Donaciones|Informaci\u00f3n sobre la modificaci\u00f3n de la Ley catalana del Impuesto sobre Sucesiones y Donaciones","isPartOf":{"@id":"https:\/\/augustaabogados.com\/#website"},"primaryImageOfPage":{"@id":"https:\/\/augustaabogados.com\/nota-de-prensa-innangard-alianza-internacional-de-despachos-especializada-en-derecho-laboral\/#primaryimage"},"image":{"@id":"https:\/\/augustaabogados.com\/nota-de-prensa-innangard-alianza-internacional-de-despachos-especializada-en-derecho-laboral\/#primaryimage"},"thumbnailUrl":"https:\/\/augustaabogados.com\/wp-content\/uploads\/2024\/02\/photo01_innangard_fornesa-abogados-22.jpg","datePublished":"2016-02-01T00:00:00+00:00","dateModified":"2024-02-06T11:30:49+00:00","description":"La modificaci\u00f3n de la Ley catalana del Impuesto sobre Sucesiones y Donaciones obliga a reevaluar las planificaciones fiscales de la sucesi\u00f3n familiar y empresarial.|La modificaci\u00f3n de la Ley catalana del Impuesto sobre Sucesiones y Donaciones obliga a reevaluar las planificaciones fiscales de la sucesi\u00f3n familiar y empresarial.","breadcrumb":{"@id":"https:\/\/augustaabogados.com\/nota-de-prensa-innangard-alianza-internacional-de-despachos-especializada-en-derecho-laboral\/#breadcrumb"},"inLanguage":"ca","potentialAction":[{"@type":"ReadAction","target":["https:\/\/augustaabogados.com\/nota-de-prensa-innangard-alianza-internacional-de-despachos-especializada-en-derecho-laboral\/"]}]},{"@type":"ImageObject","inLanguage":"ca","@id":"https:\/\/augustaabogados.com\/nota-de-prensa-innangard-alianza-internacional-de-despachos-especializada-en-derecho-laboral\/#primaryimage","url":"https:\/\/augustaabogados.com\/wp-content\/uploads\/2024\/02\/photo01_innangard_fornesa-abogados-22.jpg","contentUrl":"https:\/\/augustaabogados.com\/wp-content\/uploads\/2024\/02\/photo01_innangard_fornesa-abogados-22.jpg","width":620,"height":279},{"@type":"BreadcrumbList","@id":"https:\/\/augustaabogados.com\/nota-de-prensa-innangard-alianza-internacional-de-despachos-especializada-en-derecho-laboral\/#breadcrumb","itemListElement":[{"@type":"ListItem","position":1,"name":"Portada","item":"https:\/\/augustaabogados.com\/ca\/"},{"@type":"ListItem","position":2,"name":"INNANGARD \u0096 NEIX L\u0092ALIAN\u00c7A INTERNACIONAL DE DESPATXOS ESPECIALITZATS EN DRET LABORAL"}]},{"@type":"WebSite","@id":"https:\/\/augustaabogados.com\/#website","url":"https:\/\/augustaabogados.com\/","name":"Augusta Abogados","description":"","publisher":{"@id":"https:\/\/augustaabogados.com\/#organization"},"potentialAction":[{"@type":"SearchAction","target":{"@type":"EntryPoint","urlTemplate":"https:\/\/augustaabogados.com\/?s={search_term_string}"},"query-input":{"@type":"PropertyValueSpecification","valueRequired":true,"valueName":"search_term_string"}}],"inLanguage":"ca"},{"@type":"Organization","@id":"https:\/\/augustaabogados.com\/#organization","name":"Augusta Abogados","url":"https:\/\/augustaabogados.com\/","logo":{"@type":"ImageObject","inLanguage":"ca","@id":"https:\/\/augustaabogados.com\/#\/schema\/logo\/image\/","url":"https:\/\/augustaabogados.com\/wp-content\/uploads\/2023\/11\/LOGO-AUGUSTA.svg","contentUrl":"https:\/\/augustaabogados.com\/wp-content\/uploads\/2023\/11\/LOGO-AUGUSTA.svg","caption":"Augusta Abogados"},"image":{"@id":"https:\/\/augustaabogados.com\/#\/schema\/logo\/image\/"}},{"@type":"Person","@id":"https:\/\/augustaabogados.com\/#\/schema\/person\/8c5e230eb6ed47cdd14ee188eb04a753","name":"Augusta Abogados","image":{"@type":"ImageObject","inLanguage":"ca","@id":"https:\/\/secure.gravatar.com\/avatar\/09e6ceb5fccff542915602bda752518fa959b0df2d103d929aefa74c2909a4bc?s=96&d=mm&r=g","url":"https:\/\/secure.gravatar.com\/avatar\/09e6ceb5fccff542915602bda752518fa959b0df2d103d929aefa74c2909a4bc?s=96&d=mm&r=g","contentUrl":"https:\/\/secure.gravatar.com\/avatar\/09e6ceb5fccff542915602bda752518fa959b0df2d103d929aefa74c2909a4bc?s=96&d=mm&r=g","caption":"Augusta Abogados"}}]}},"_links":{"self":[{"href":"https:\/\/augustaabogados.com\/ca\/wp-json\/wp\/v2\/posts\/36026","targetHints":{"allow":["GET"]}}],"collection":[{"href":"https:\/\/augustaabogados.com\/ca\/wp-json\/wp\/v2\/posts"}],"about":[{"href":"https:\/\/augustaabogados.com\/ca\/wp-json\/wp\/v2\/types\/post"}],"author":[{"embeddable":true,"href":"https:\/\/augustaabogados.com\/ca\/wp-json\/wp\/v2\/users\/8"}],"replies":[{"embeddable":true,"href":"https:\/\/augustaabogados.com\/ca\/wp-json\/wp\/v2\/comments?post=36026"}],"version-history":[{"count":1,"href":"https:\/\/augustaabogados.com\/ca\/wp-json\/wp\/v2\/posts\/36026\/revisions"}],"predecessor-version":[{"id":36039,"href":"https:\/\/augustaabogados.com\/ca\/wp-json\/wp\/v2\/posts\/36026\/revisions\/36039"}],"wp:featuredmedia":[{"embeddable":true,"href":"https:\/\/augustaabogados.com\/ca\/wp-json\/wp\/v2\/media\/33794"}],"wp:attachment":[{"href":"https:\/\/augustaabogados.com\/ca\/wp-json\/wp\/v2\/media?parent=36026"}],"wp:term":[{"taxonomy":"category","embeddable":true,"href":"https:\/\/augustaabogados.com\/ca\/wp-json\/wp\/v2\/categories?post=36026"},{"taxonomy":"post_tag","embeddable":true,"href":"https:\/\/augustaabogados.com\/ca\/wp-json\/wp\/v2\/tags?post=36026"},{"taxonomy":"servicio-asociado","embeddable":true,"href":"https:\/\/augustaabogados.com\/ca\/wp-json\/wp\/v2\/servicio-asociado?post=36026"}],"curies":[{"name":"wp","href":"https:\/\/api.w.org\/{rel}","templated":true}]}}