{"id":36060,"date":"2015-01-19T00:00:00","date_gmt":"2015-01-19T00:00:00","guid":{"rendered":"https:\/\/augustaabogados.com\/seminario-la-reforma-fiscal-y-las-nuevas-tendencias-salariales-claves-para-establecer-la-politica-retributiva-del-2015\/"},"modified":"2024-02-06T12:17:16","modified_gmt":"2024-02-06T12:17:16","slug":"seminario-la-reforma-fiscal-y-las-nuevas-tendencias-salariales-claves-para-establecer-la-politica-retributiva-del-2015","status":"publish","type":"post","link":"https:\/\/augustaabogados.com\/ca\/seminario-la-reforma-fiscal-y-las-nuevas-tendencias-salariales-claves-para-establecer-la-politica-retributiva-del-2015\/","title":{"rendered":"Seminario: La Reforma fiscal y las nuevas tendencias salariales &#8211; Claves para establecer la pol\u00edtica retributiva del 2015"},"content":{"rendered":"<h5>SEMINARIO AON \/ FORNESA ABOGADOS<br \/>\nFecha: 30 de enero de 2105<br \/>\nHora: 9h00<br \/>\nLugar: Hotel HUSA ILLA<\/h5>\n<p><a href=\"http:\/\/jordim52.sg-host.com\/wp-content\/uploads\/2015\/01\/Seminario_30_01_2014_Reforma_Fiscal_AON_FORNESA_ABOGADOS.pdf\">Ver \/ Descargar PDF completo del programa<\/a><\/p>\n<p>La Reforma Fiscal, en vigor desde el 1 de enero de 2015, incide de una forma directa en la pol\u00edtica retributiva, afectando a incentivos fiscales utilizados por las empresas como medidas de fidelizaci\u00f3n y retenci\u00f3n de sus trabajadores. As\u00ed, se hace necesario replantear tanto la vigencia de esquemas retributivos utilizados hasta ahora como la posibilidad de aprovechar nuevas oportunidades que ofrece la nueva regulaci\u00f3n.<\/p>\n<p>Asimismo, las nuevas tendencias en la negociaci\u00f3n colectiva y la vinculaci\u00f3n de los aumentos salariales a indicadores de productividad obligan a replantear la tradicional vinculaci\u00f3n e indexaci\u00f3n de \u00e9stos al IPC y considerar nuevas pautas de negociaci\u00f3n tanto de convenios colectivos como de acuerdos de empresa.<\/p>\n<p>Este entorno aparece complementado con las novedades introducidas por diversas normas aprobadas recientemente que tendr\u00e1n, sin duda, incidencia en la gesti\u00f3n de RRHH a lo largo del 2015 (Ley 36\/2014, de 26 de Diciembre, Real Decreto-Ley 17\/2014 \u0093Tarifa Plana\u0094 y Ley 35\/2014, de 26 de diciembre sobre el r\u00e9gimen aplicable a las Mutuas colaboradoras con la Seguridad Social).<\/p>\n<p>Esta jornada, dirigida a Directores Generales y Gerentes de empresas, Directores de Recursos Humanos, Responsables de Compensaci\u00f3n y Beneficios, Gerentes de Relaciones Laborales y responsables Financieros pretende dar respuesta pr\u00e1ctica a las cuestiones que suscitan tanto la Reforma Fiscal como las nuevas tendencias salariales y ayudar a enfocar una correcta pol\u00edtica retributiva en el ejercicio 2015, contando con la participaci\u00f3n de expertos en asesoramiento fiscal y laboral, consultores en recursos humanos y en productos de previsi\u00f3n social.<\/p>\n<p><a href=\"http:\/\/jordim52.sg-host.com\/wp-content\/uploads\/2015\/01\/Seminario_30_01_2014_Reforma_Fiscal_AON_FORNESA_ABOGADOS.pdf\"><img decoding=\"async\" alt=\"Seminario: La Reforma fiscal y las nuevas tendencias salariales - Claves para establecer la pol\u00edtica retributiva del 2015\" src=\"https:\/\/augustaabogados.com\/wp-content\/uploads\/2024\/02\/programa-seminario-9.png\" \/><\/a><\/p>\n<p>Aforo limitado. Se ruega confirmaci\u00f3n de asistencia a:<br \/>\nAnna Martinez &#8211; <a href=\"mailto:a.martinez@jordim52.sg-host.com\">a.martinez@jordim52.sg-host.com<\/a> &#8211; Tel.: +34 933 621 620<\/p>\n","protected":false},"excerpt":{"rendered":"<p>SEMINARIO AON \/ FORNESA ABOGADOS Fecha: 30 de enero de 2105 Hora: 9h00 Lugar: Hotel HUSA ILLA Ver \/ Descargar PDF completo del programa La Reforma Fiscal, en vigor desde el 1 de enero de 2015, incide de una forma directa en la pol\u00edtica retributiva, afectando a incentivos fiscales utilizados por las empresas como medidas [&hellip;]<\/p>\n","protected":false},"author":8,"featured_media":33764,"comment_status":"closed","ping_status":"open","sticky":false,"template":"","format":"standard","meta":{"content-type":"","site-sidebar-layout":"no-sidebar","site-content-layout":"page-builder","ast-site-content-layout":"default","site-content-style":"default","site-sidebar-style":"default","ast-global-header-display":"","ast-banner-title-visibility":"","ast-main-header-display":"","ast-hfb-above-header-display":"","ast-hfb-below-header-display":"","ast-hfb-mobile-header-display":"","site-post-title":"","ast-breadcrumbs-content":"","ast-featured-img":"","footer-sml-layout":"","ast-disable-related-posts":"","theme-transparent-header-meta":"disabled","adv-header-id-meta":"","stick-header-meta":"","header-above-stick-meta":"","header-main-stick-meta":"","header-below-stick-meta":"","astra-migrate-meta-layouts":"set","ast-page-background-enabled":"default","ast-page-background-meta":{"desktop":{"background-color":"var(--ast-global-color-4)","background-image":"","background-repeat":"repeat","background-position":"center center","background-size":"auto","background-attachment":"scroll","background-type":"","background-media":"","overlay-type":"","overlay-color":"","overlay-opacity":"","overlay-gradient":""},"tablet":{"background-color":"","background-image":"","background-repeat":"repeat","background-position":"center center","background-size":"auto","background-attachment":"scroll","background-type":"","background-media":"","overlay-type":"","overlay-color":"","overlay-opacity":"","overlay-gradient":""},"mobile":{"background-color":"","background-image":"","background-repeat":"repeat","background-position":"center center","background-size":"auto","background-attachment":"scroll","background-type":"","background-media":"","overlay-type":"","overlay-color":"","overlay-opacity":"","overlay-gradient":""}},"ast-content-background-meta":{"desktop":{"background-color":"var(--ast-global-color-5)","background-image":"","background-repeat":"repeat","background-position":"center center","background-size":"auto","background-attachment":"scroll","background-type":"","background-media":"","overlay-type":"","overlay-color":"","overlay-opacity":"","overlay-gradient":""},"tablet":{"background-color":"var(--ast-global-color-5)","background-image":"","background-repeat":"repeat","background-position":"center center","background-size":"auto","background-attachment":"scroll","background-type":"","background-media":"","overlay-type":"","overlay-color":"","overlay-opacity":"","overlay-gradient":""},"mobile":{"background-color":"var(--ast-global-color-5)","background-image":"","background-repeat":"repeat","background-position":"center center","background-size":"auto","background-attachment":"scroll","background-type":"","background-media":"","overlay-type":"","overlay-color":"","overlay-opacity":"","overlay-gradient":""}},"footnotes":""},"categories":[],"tags":[123,124],"servicio-asociado":[],"class_list":["post-36060","post","type-post","status-publish","format-standard","has-post-thumbnail","hentry","tag-juan-jose-hita","tag-seminario-reforma-fiscal"],"acf":[],"yoast_head":"<!-- This site is optimized with the Yoast SEO plugin v27.4 - https:\/\/yoast.com\/product\/yoast-seo-wordpress\/ -->\n<title>Informaci\u00f3n sobre la modificaci\u00f3n de la Ley catalana del Impuesto sobre Sucesiones y Donaciones|Informaci\u00f3n sobre la modificaci\u00f3n de la Ley catalana del Impuesto sobre Sucesiones y Donaciones<\/title>\n<meta name=\"description\" content=\"La modificaci\u00f3n de la Ley catalana del Impuesto sobre Sucesiones y Donaciones obliga a reevaluar las planificaciones fiscales de la sucesi\u00f3n familiar y empresarial.|La modificaci\u00f3n de la Ley catalana del Impuesto sobre Sucesiones y Donaciones obliga a reevaluar las planificaciones fiscales de la sucesi\u00f3n familiar y empresarial.\" \/>\n<meta name=\"robots\" content=\"index, follow, max-snippet:-1, max-image-preview:large, max-video-preview:-1\" \/>\n<link rel=\"canonical\" href=\"https:\/\/augustaabogados.com\/ca\/seminario-la-reforma-fiscal-y-las-nuevas-tendencias-salariales-claves-para-establecer-la-politica-retributiva-del-2015\/\" \/>\n<meta property=\"og:locale\" content=\"ca_ES\" \/>\n<meta property=\"og:type\" content=\"article\" \/>\n<meta property=\"og:title\" content=\"Informaci\u00f3n sobre la modificaci\u00f3n de la Ley catalana del Impuesto sobre Sucesiones y Donaciones|Informaci\u00f3n sobre la modificaci\u00f3n de la Ley catalana del Impuesto sobre Sucesiones y Donaciones\" \/>\n<meta property=\"og:description\" content=\"La modificaci\u00f3n de la Ley catalana del Impuesto sobre Sucesiones y Donaciones obliga a reevaluar las planificaciones fiscales de la sucesi\u00f3n familiar y empresarial.|La modificaci\u00f3n de la Ley catalana del Impuesto sobre Sucesiones y Donaciones obliga a reevaluar las planificaciones fiscales de la sucesi\u00f3n familiar y empresarial.\" \/>\n<meta property=\"og:url\" content=\"https:\/\/augustaabogados.com\/ca\/seminario-la-reforma-fiscal-y-las-nuevas-tendencias-salariales-claves-para-establecer-la-politica-retributiva-del-2015\/\" \/>\n<meta property=\"og:site_name\" content=\"Augusta Abogados\" \/>\n<meta property=\"article:published_time\" content=\"2015-01-19T00:00:00+00:00\" \/>\n<meta property=\"article:modified_time\" content=\"2024-02-06T12:17:16+00:00\" \/>\n<meta property=\"og:image\" content=\"https:\/\/augustaabogados.com\/wp-content\/uploads\/2024\/02\/programa-seminario-8.png\" \/>\n\t<meta property=\"og:image:width\" content=\"1240\" \/>\n\t<meta property=\"og:image:height\" content=\"615\" \/>\n\t<meta property=\"og:image:type\" content=\"image\/png\" \/>\n<meta name=\"author\" content=\"Augusta Abogados\" \/>\n<meta name=\"twitter:card\" content=\"summary_large_image\" \/>\n<meta name=\"twitter:label1\" content=\"Escrit per\" \/>\n\t<meta name=\"twitter:data1\" content=\"Augusta Abogados\" \/>\n\t<meta name=\"twitter:label2\" content=\"Temps estimat de lectura\" \/>\n\t<meta name=\"twitter:data2\" content=\"3 minuts\" \/>\n<script type=\"application\/ld+json\" class=\"yoast-schema-graph\">{\"@context\":\"https:\\\/\\\/schema.org\",\"@graph\":[{\"@type\":\"Article\",\"@id\":\"https:\\\/\\\/augustaabogados.com\\\/ca\\\/seminario-la-reforma-fiscal-y-las-nuevas-tendencias-salariales-claves-para-establecer-la-politica-retributiva-del-2015\\\/#article\",\"isPartOf\":{\"@id\":\"https:\\\/\\\/augustaabogados.com\\\/ca\\\/seminario-la-reforma-fiscal-y-las-nuevas-tendencias-salariales-claves-para-establecer-la-politica-retributiva-del-2015\\\/\"},\"author\":{\"name\":\"Augusta Abogados\",\"@id\":\"https:\\\/\\\/augustaabogados.com\\\/#\\\/schema\\\/person\\\/8c5e230eb6ed47cdd14ee188eb04a753\"},\"headline\":\"Seminario: La Reforma fiscal y las nuevas tendencias salariales &#8211; Claves para establecer la pol\u00edtica retributiva del 2015\",\"datePublished\":\"2015-01-19T00:00:00+00:00\",\"dateModified\":\"2024-02-06T12:17:16+00:00\",\"mainEntityOfPage\":{\"@id\":\"https:\\\/\\\/augustaabogados.com\\\/ca\\\/seminario-la-reforma-fiscal-y-las-nuevas-tendencias-salariales-claves-para-establecer-la-politica-retributiva-del-2015\\\/\"},\"wordCount\":310,\"publisher\":{\"@id\":\"https:\\\/\\\/augustaabogados.com\\\/#organization\"},\"image\":{\"@id\":\"https:\\\/\\\/augustaabogados.com\\\/ca\\\/seminario-la-reforma-fiscal-y-las-nuevas-tendencias-salariales-claves-para-establecer-la-politica-retributiva-del-2015\\\/#primaryimage\"},\"thumbnailUrl\":\"https:\\\/\\\/augustaabogados.com\\\/wp-content\\\/uploads\\\/2024\\\/02\\\/programa-seminario-8.png\",\"keywords\":[\"Juan Jos\u00e9 Hita\",\"Seminario Reforma Fiscal\"],\"inLanguage\":\"ca\"},{\"@type\":[\"WebPage\",\"ItemPage\"],\"@id\":\"https:\\\/\\\/augustaabogados.com\\\/ca\\\/seminario-la-reforma-fiscal-y-las-nuevas-tendencias-salariales-claves-para-establecer-la-politica-retributiva-del-2015\\\/\",\"url\":\"https:\\\/\\\/augustaabogados.com\\\/ca\\\/seminario-la-reforma-fiscal-y-las-nuevas-tendencias-salariales-claves-para-establecer-la-politica-retributiva-del-2015\\\/\",\"name\":\"Informaci\u00f3n sobre la modificaci\u00f3n de la Ley catalana del Impuesto sobre Sucesiones y Donaciones|Informaci\u00f3n sobre la modificaci\u00f3n de la Ley catalana del Impuesto sobre Sucesiones y Donaciones\",\"isPartOf\":{\"@id\":\"https:\\\/\\\/augustaabogados.com\\\/#website\"},\"primaryImageOfPage\":{\"@id\":\"https:\\\/\\\/augustaabogados.com\\\/ca\\\/seminario-la-reforma-fiscal-y-las-nuevas-tendencias-salariales-claves-para-establecer-la-politica-retributiva-del-2015\\\/#primaryimage\"},\"image\":{\"@id\":\"https:\\\/\\\/augustaabogados.com\\\/ca\\\/seminario-la-reforma-fiscal-y-las-nuevas-tendencias-salariales-claves-para-establecer-la-politica-retributiva-del-2015\\\/#primaryimage\"},\"thumbnailUrl\":\"https:\\\/\\\/augustaabogados.com\\\/wp-content\\\/uploads\\\/2024\\\/02\\\/programa-seminario-8.png\",\"datePublished\":\"2015-01-19T00:00:00+00:00\",\"dateModified\":\"2024-02-06T12:17:16+00:00\",\"description\":\"La modificaci\u00f3n de la Ley catalana del Impuesto sobre Sucesiones y Donaciones obliga a reevaluar las planificaciones fiscales de la sucesi\u00f3n familiar y empresarial.|La modificaci\u00f3n de la Ley catalana del Impuesto sobre Sucesiones y Donaciones obliga a reevaluar las planificaciones fiscales de la sucesi\u00f3n familiar y empresarial.\",\"breadcrumb\":{\"@id\":\"https:\\\/\\\/augustaabogados.com\\\/ca\\\/seminario-la-reforma-fiscal-y-las-nuevas-tendencias-salariales-claves-para-establecer-la-politica-retributiva-del-2015\\\/#breadcrumb\"},\"inLanguage\":\"ca\",\"potentialAction\":[{\"@type\":\"ReadAction\",\"target\":[\"https:\\\/\\\/augustaabogados.com\\\/ca\\\/seminario-la-reforma-fiscal-y-las-nuevas-tendencias-salariales-claves-para-establecer-la-politica-retributiva-del-2015\\\/\"]}]},{\"@type\":\"ImageObject\",\"inLanguage\":\"ca\",\"@id\":\"https:\\\/\\\/augustaabogados.com\\\/ca\\\/seminario-la-reforma-fiscal-y-las-nuevas-tendencias-salariales-claves-para-establecer-la-politica-retributiva-del-2015\\\/#primaryimage\",\"url\":\"https:\\\/\\\/augustaabogados.com\\\/wp-content\\\/uploads\\\/2024\\\/02\\\/programa-seminario-8.png\",\"contentUrl\":\"https:\\\/\\\/augustaabogados.com\\\/wp-content\\\/uploads\\\/2024\\\/02\\\/programa-seminario-8.png\",\"width\":1240,\"height\":615},{\"@type\":\"BreadcrumbList\",\"@id\":\"https:\\\/\\\/augustaabogados.com\\\/ca\\\/seminario-la-reforma-fiscal-y-las-nuevas-tendencias-salariales-claves-para-establecer-la-politica-retributiva-del-2015\\\/#breadcrumb\",\"itemListElement\":[{\"@type\":\"ListItem\",\"position\":1,\"name\":\"Portada\",\"item\":\"https:\\\/\\\/augustaabogados.com\\\/ca\\\/\"},{\"@type\":\"ListItem\",\"position\":2,\"name\":\"Seminario: La Reforma fiscal y las nuevas tendencias salariales &#8211; Claves para establecer la pol\u00edtica retributiva del 2015\"}]},{\"@type\":\"WebSite\",\"@id\":\"https:\\\/\\\/augustaabogados.com\\\/#website\",\"url\":\"https:\\\/\\\/augustaabogados.com\\\/\",\"name\":\"Augusta Abogados\",\"description\":\"\",\"publisher\":{\"@id\":\"https:\\\/\\\/augustaabogados.com\\\/#organization\"},\"potentialAction\":[{\"@type\":\"SearchAction\",\"target\":{\"@type\":\"EntryPoint\",\"urlTemplate\":\"https:\\\/\\\/augustaabogados.com\\\/?s={search_term_string}\"},\"query-input\":{\"@type\":\"PropertyValueSpecification\",\"valueRequired\":true,\"valueName\":\"search_term_string\"}}],\"inLanguage\":\"ca\"},{\"@type\":\"Organization\",\"@id\":\"https:\\\/\\\/augustaabogados.com\\\/#organization\",\"name\":\"Augusta Abogados\",\"url\":\"https:\\\/\\\/augustaabogados.com\\\/\",\"logo\":{\"@type\":\"ImageObject\",\"inLanguage\":\"ca\",\"@id\":\"https:\\\/\\\/augustaabogados.com\\\/#\\\/schema\\\/logo\\\/image\\\/\",\"url\":\"https:\\\/\\\/augustaabogados.com\\\/wp-content\\\/uploads\\\/2023\\\/11\\\/LOGO-AUGUSTA.svg\",\"contentUrl\":\"https:\\\/\\\/augustaabogados.com\\\/wp-content\\\/uploads\\\/2023\\\/11\\\/LOGO-AUGUSTA.svg\",\"caption\":\"Augusta Abogados\"},\"image\":{\"@id\":\"https:\\\/\\\/augustaabogados.com\\\/#\\\/schema\\\/logo\\\/image\\\/\"}},{\"@type\":\"Person\",\"@id\":\"https:\\\/\\\/augustaabogados.com\\\/#\\\/schema\\\/person\\\/8c5e230eb6ed47cdd14ee188eb04a753\",\"name\":\"Augusta Abogados\",\"image\":{\"@type\":\"ImageObject\",\"inLanguage\":\"ca\",\"@id\":\"https:\\\/\\\/secure.gravatar.com\\\/avatar\\\/09e6ceb5fccff542915602bda752518fa959b0df2d103d929aefa74c2909a4bc?s=96&d=mm&r=g\",\"url\":\"https:\\\/\\\/secure.gravatar.com\\\/avatar\\\/09e6ceb5fccff542915602bda752518fa959b0df2d103d929aefa74c2909a4bc?s=96&d=mm&r=g\",\"contentUrl\":\"https:\\\/\\\/secure.gravatar.com\\\/avatar\\\/09e6ceb5fccff542915602bda752518fa959b0df2d103d929aefa74c2909a4bc?s=96&d=mm&r=g\",\"caption\":\"Augusta Abogados\"}}]}<\/script>\n<!-- \/ Yoast SEO plugin. -->","yoast_head_json":{"title":"Informaci\u00f3n sobre la modificaci\u00f3n de la Ley catalana del Impuesto sobre Sucesiones y Donaciones|Informaci\u00f3n sobre la modificaci\u00f3n de la Ley catalana del Impuesto sobre Sucesiones y Donaciones","description":"La modificaci\u00f3n de la Ley catalana del Impuesto sobre Sucesiones y Donaciones obliga a reevaluar las planificaciones fiscales de la sucesi\u00f3n familiar y empresarial.|La modificaci\u00f3n de la Ley catalana del Impuesto sobre Sucesiones y Donaciones obliga a reevaluar las planificaciones fiscales de la sucesi\u00f3n familiar y empresarial.","robots":{"index":"index","follow":"follow","max-snippet":"max-snippet:-1","max-image-preview":"max-image-preview:large","max-video-preview":"max-video-preview:-1"},"canonical":"https:\/\/augustaabogados.com\/ca\/seminario-la-reforma-fiscal-y-las-nuevas-tendencias-salariales-claves-para-establecer-la-politica-retributiva-del-2015\/","og_locale":"ca_ES","og_type":"article","og_title":"Informaci\u00f3n sobre la modificaci\u00f3n de la Ley catalana del Impuesto sobre Sucesiones y Donaciones|Informaci\u00f3n sobre la modificaci\u00f3n de la Ley catalana del Impuesto sobre Sucesiones y Donaciones","og_description":"La modificaci\u00f3n de la Ley catalana del Impuesto sobre Sucesiones y Donaciones obliga a reevaluar las planificaciones fiscales de la sucesi\u00f3n familiar y empresarial.|La modificaci\u00f3n de la Ley catalana del Impuesto sobre Sucesiones y Donaciones obliga a reevaluar las planificaciones fiscales de la sucesi\u00f3n familiar y empresarial.","og_url":"https:\/\/augustaabogados.com\/ca\/seminario-la-reforma-fiscal-y-las-nuevas-tendencias-salariales-claves-para-establecer-la-politica-retributiva-del-2015\/","og_site_name":"Augusta Abogados","article_published_time":"2015-01-19T00:00:00+00:00","article_modified_time":"2024-02-06T12:17:16+00:00","og_image":[{"width":1240,"height":615,"url":"https:\/\/augustaabogados.com\/wp-content\/uploads\/2024\/02\/programa-seminario-8.png","type":"image\/png"}],"author":"Augusta Abogados","twitter_card":"summary_large_image","twitter_misc":{"Escrit per":"Augusta Abogados","Temps estimat de lectura":"3 minuts"},"schema":{"@context":"https:\/\/schema.org","@graph":[{"@type":"Article","@id":"https:\/\/augustaabogados.com\/ca\/seminario-la-reforma-fiscal-y-las-nuevas-tendencias-salariales-claves-para-establecer-la-politica-retributiva-del-2015\/#article","isPartOf":{"@id":"https:\/\/augustaabogados.com\/ca\/seminario-la-reforma-fiscal-y-las-nuevas-tendencias-salariales-claves-para-establecer-la-politica-retributiva-del-2015\/"},"author":{"name":"Augusta Abogados","@id":"https:\/\/augustaabogados.com\/#\/schema\/person\/8c5e230eb6ed47cdd14ee188eb04a753"},"headline":"Seminario: La Reforma fiscal y las nuevas tendencias salariales &#8211; Claves para establecer la pol\u00edtica retributiva del 2015","datePublished":"2015-01-19T00:00:00+00:00","dateModified":"2024-02-06T12:17:16+00:00","mainEntityOfPage":{"@id":"https:\/\/augustaabogados.com\/ca\/seminario-la-reforma-fiscal-y-las-nuevas-tendencias-salariales-claves-para-establecer-la-politica-retributiva-del-2015\/"},"wordCount":310,"publisher":{"@id":"https:\/\/augustaabogados.com\/#organization"},"image":{"@id":"https:\/\/augustaabogados.com\/ca\/seminario-la-reforma-fiscal-y-las-nuevas-tendencias-salariales-claves-para-establecer-la-politica-retributiva-del-2015\/#primaryimage"},"thumbnailUrl":"https:\/\/augustaabogados.com\/wp-content\/uploads\/2024\/02\/programa-seminario-8.png","keywords":["Juan Jos\u00e9 Hita","Seminario Reforma Fiscal"],"inLanguage":"ca"},{"@type":["WebPage","ItemPage"],"@id":"https:\/\/augustaabogados.com\/ca\/seminario-la-reforma-fiscal-y-las-nuevas-tendencias-salariales-claves-para-establecer-la-politica-retributiva-del-2015\/","url":"https:\/\/augustaabogados.com\/ca\/seminario-la-reforma-fiscal-y-las-nuevas-tendencias-salariales-claves-para-establecer-la-politica-retributiva-del-2015\/","name":"Informaci\u00f3n sobre la modificaci\u00f3n de la Ley catalana del Impuesto sobre Sucesiones y Donaciones|Informaci\u00f3n sobre la modificaci\u00f3n de la Ley catalana del Impuesto sobre Sucesiones y Donaciones","isPartOf":{"@id":"https:\/\/augustaabogados.com\/#website"},"primaryImageOfPage":{"@id":"https:\/\/augustaabogados.com\/ca\/seminario-la-reforma-fiscal-y-las-nuevas-tendencias-salariales-claves-para-establecer-la-politica-retributiva-del-2015\/#primaryimage"},"image":{"@id":"https:\/\/augustaabogados.com\/ca\/seminario-la-reforma-fiscal-y-las-nuevas-tendencias-salariales-claves-para-establecer-la-politica-retributiva-del-2015\/#primaryimage"},"thumbnailUrl":"https:\/\/augustaabogados.com\/wp-content\/uploads\/2024\/02\/programa-seminario-8.png","datePublished":"2015-01-19T00:00:00+00:00","dateModified":"2024-02-06T12:17:16+00:00","description":"La modificaci\u00f3n de la Ley catalana del Impuesto sobre Sucesiones y Donaciones obliga a reevaluar las planificaciones fiscales de la sucesi\u00f3n familiar y empresarial.|La modificaci\u00f3n de la Ley catalana del Impuesto sobre Sucesiones y Donaciones obliga a reevaluar las planificaciones fiscales de la sucesi\u00f3n familiar y empresarial.","breadcrumb":{"@id":"https:\/\/augustaabogados.com\/ca\/seminario-la-reforma-fiscal-y-las-nuevas-tendencias-salariales-claves-para-establecer-la-politica-retributiva-del-2015\/#breadcrumb"},"inLanguage":"ca","potentialAction":[{"@type":"ReadAction","target":["https:\/\/augustaabogados.com\/ca\/seminario-la-reforma-fiscal-y-las-nuevas-tendencias-salariales-claves-para-establecer-la-politica-retributiva-del-2015\/"]}]},{"@type":"ImageObject","inLanguage":"ca","@id":"https:\/\/augustaabogados.com\/ca\/seminario-la-reforma-fiscal-y-las-nuevas-tendencias-salariales-claves-para-establecer-la-politica-retributiva-del-2015\/#primaryimage","url":"https:\/\/augustaabogados.com\/wp-content\/uploads\/2024\/02\/programa-seminario-8.png","contentUrl":"https:\/\/augustaabogados.com\/wp-content\/uploads\/2024\/02\/programa-seminario-8.png","width":1240,"height":615},{"@type":"BreadcrumbList","@id":"https:\/\/augustaabogados.com\/ca\/seminario-la-reforma-fiscal-y-las-nuevas-tendencias-salariales-claves-para-establecer-la-politica-retributiva-del-2015\/#breadcrumb","itemListElement":[{"@type":"ListItem","position":1,"name":"Portada","item":"https:\/\/augustaabogados.com\/ca\/"},{"@type":"ListItem","position":2,"name":"Seminario: La Reforma fiscal y las nuevas tendencias salariales &#8211; Claves para establecer la pol\u00edtica retributiva del 2015"}]},{"@type":"WebSite","@id":"https:\/\/augustaabogados.com\/#website","url":"https:\/\/augustaabogados.com\/","name":"Augusta Abogados","description":"","publisher":{"@id":"https:\/\/augustaabogados.com\/#organization"},"potentialAction":[{"@type":"SearchAction","target":{"@type":"EntryPoint","urlTemplate":"https:\/\/augustaabogados.com\/?s={search_term_string}"},"query-input":{"@type":"PropertyValueSpecification","valueRequired":true,"valueName":"search_term_string"}}],"inLanguage":"ca"},{"@type":"Organization","@id":"https:\/\/augustaabogados.com\/#organization","name":"Augusta Abogados","url":"https:\/\/augustaabogados.com\/","logo":{"@type":"ImageObject","inLanguage":"ca","@id":"https:\/\/augustaabogados.com\/#\/schema\/logo\/image\/","url":"https:\/\/augustaabogados.com\/wp-content\/uploads\/2023\/11\/LOGO-AUGUSTA.svg","contentUrl":"https:\/\/augustaabogados.com\/wp-content\/uploads\/2023\/11\/LOGO-AUGUSTA.svg","caption":"Augusta Abogados"},"image":{"@id":"https:\/\/augustaabogados.com\/#\/schema\/logo\/image\/"}},{"@type":"Person","@id":"https:\/\/augustaabogados.com\/#\/schema\/person\/8c5e230eb6ed47cdd14ee188eb04a753","name":"Augusta Abogados","image":{"@type":"ImageObject","inLanguage":"ca","@id":"https:\/\/secure.gravatar.com\/avatar\/09e6ceb5fccff542915602bda752518fa959b0df2d103d929aefa74c2909a4bc?s=96&d=mm&r=g","url":"https:\/\/secure.gravatar.com\/avatar\/09e6ceb5fccff542915602bda752518fa959b0df2d103d929aefa74c2909a4bc?s=96&d=mm&r=g","contentUrl":"https:\/\/secure.gravatar.com\/avatar\/09e6ceb5fccff542915602bda752518fa959b0df2d103d929aefa74c2909a4bc?s=96&d=mm&r=g","caption":"Augusta Abogados"}}]}},"_links":{"self":[{"href":"https:\/\/augustaabogados.com\/ca\/wp-json\/wp\/v2\/posts\/36060","targetHints":{"allow":["GET"]}}],"collection":[{"href":"https:\/\/augustaabogados.com\/ca\/wp-json\/wp\/v2\/posts"}],"about":[{"href":"https:\/\/augustaabogados.com\/ca\/wp-json\/wp\/v2\/types\/post"}],"author":[{"embeddable":true,"href":"https:\/\/augustaabogados.com\/ca\/wp-json\/wp\/v2\/users\/8"}],"replies":[{"embeddable":true,"href":"https:\/\/augustaabogados.com\/ca\/wp-json\/wp\/v2\/comments?post=36060"}],"version-history":[{"count":1,"href":"https:\/\/augustaabogados.com\/ca\/wp-json\/wp\/v2\/posts\/36060\/revisions"}],"predecessor-version":[{"id":36064,"href":"https:\/\/augustaabogados.com\/ca\/wp-json\/wp\/v2\/posts\/36060\/revisions\/36064"}],"wp:featuredmedia":[{"embeddable":true,"href":"https:\/\/augustaabogados.com\/ca\/wp-json\/wp\/v2\/media\/33764"}],"wp:attachment":[{"href":"https:\/\/augustaabogados.com\/ca\/wp-json\/wp\/v2\/media?parent=36060"}],"wp:term":[{"taxonomy":"category","embeddable":true,"href":"https:\/\/augustaabogados.com\/ca\/wp-json\/wp\/v2\/categories?post=36060"},{"taxonomy":"post_tag","embeddable":true,"href":"https:\/\/augustaabogados.com\/ca\/wp-json\/wp\/v2\/tags?post=36060"},{"taxonomy":"servicio-asociado","embeddable":true,"href":"https:\/\/augustaabogados.com\/ca\/wp-json\/wp\/v2\/servicio-asociado?post=36060"}],"curies":[{"name":"wp","href":"https:\/\/api.w.org\/{rel}","templated":true}]}}