{"id":36077,"date":"2014-10-06T00:00:00","date_gmt":"2014-10-06T00:00:00","guid":{"rendered":"https:\/\/augustaabogados.com\/nota-de-carlos-valls-sobre-la-sentencia-del-tribunal-superior-de-justicia-de-cataluna-sala-de-lo-civil-y-penal-seccion-primera-52014-de-23-enero-de-2014\/"},"modified":"2024-02-06T12:17:40","modified_gmt":"2024-02-06T12:17:40","slug":"nota-de-carlos-valls-sobre-la-sentencia-del-tribunal-superior-de-justicia-de-cataluna-sala-de-lo-civil-y-penal-seccion-primera-52014-de-23-enero-de-2014__trashed-2__trashed","status":"publish","type":"post","link":"https:\/\/augustaabogados.com\/ca\/nota-de-carlos-valls-sobre-la-sentencia-del-tribunal-superior-de-justicia-de-cataluna-sala-de-lo-civil-y-penal-seccion-primera-52014-de-23-enero-de-2014__trashed-2__trashed\/","title":{"rendered":"Nota de Carlos Valls, sobre la Sentencia del Tribunal Superior de Justicia de Catalu\u00f1a (Sala de lo Civil y Penal, Secci\u00f3n Primera) n\u00ba 5\/2014, de 23 enero de 2014"},"content":{"rendered":"<p>La revista &#8220;ARBITRAJE. REVISTA DE ARBITRAJE COMERCIAL Y DE INVERSIONES&#8221; publica, en su edici\u00f3n n\u00ba 2 de 2014, la nota de Carlos Valls, sobre la Sentencia del Tribunal Superior de Justicia de Catalu\u00f1a (Sala de lo Civil y Penal, Secci\u00f3n Primera) n\u00ba 5\/2014, de 23 enero de 2014, que desestim\u00f3 la demanda de anulaci\u00f3n de laudo, basada en que el laudo era contrario al orden p\u00fablico.<\/p>\n<p>Si est\u00e1 interesado en leer el art\u00edculo completo, puede descargarse el archivo PDF desde <a title=\"Nota de Carlos Valls, sobre la Sentencia del Tribunal Superior de Justicia de Catalu\u00f1a (Sala de lo Civil y Penal, Secci\u00f3n Primera) n\u00ba 5\/2014, de 23 enero de 2014\" href=\"http:\/\/jordim52.sg-host.com\/wp-content\/uploads\/2014\/10\/Arbitraje-2014-n\u00ba-2-VALLS-Carlos.pdf\" target=\"_blank\" rel=\"noopener\">aqu\u00ed<\/a>.<\/p>\n","protected":false},"excerpt":{"rendered":"<p>La revista &#8220;ARBITRAJE. REVISTA DE ARBITRAJE COMERCIAL Y DE INVERSIONES&#8221; publica, en su edici\u00f3n n\u00ba 2 de 2014, la nota de Carlos Valls, sobre la Sentencia del Tribunal Superior de Justicia de Catalu\u00f1a (Sala de lo Civil y Penal, Secci\u00f3n Primera) n\u00ba 5\/2014, de 23 enero de 2014, que desestim\u00f3 la demanda de anulaci\u00f3n de [&hellip;]<\/p>\n","protected":false},"author":8,"featured_media":0,"comment_status":"closed","ping_status":"open","sticky":false,"template":"","format":"standard","meta":{"content-type":"","site-sidebar-layout":"no-sidebar","site-content-layout":"page-builder","ast-site-content-layout":"default","site-content-style":"default","site-sidebar-style":"default","ast-global-header-display":"","ast-banner-title-visibility":"","ast-main-header-display":"","ast-hfb-above-header-display":"","ast-hfb-below-header-display":"","ast-hfb-mobile-header-display":"","site-post-title":"","ast-breadcrumbs-content":"","ast-featured-img":"","footer-sml-layout":"","ast-disable-related-posts":"","theme-transparent-header-meta":"disabled","adv-header-id-meta":"","stick-header-meta":"","header-above-stick-meta":"","header-main-stick-meta":"","header-below-stick-meta":"","astra-migrate-meta-layouts":"set","ast-page-background-enabled":"default","ast-page-background-meta":{"desktop":{"background-color":"var(--ast-global-color-4)","background-image":"","background-repeat":"repeat","background-position":"center center","background-size":"auto","background-attachment":"scroll","background-type":"","background-media":"","overlay-type":"","overlay-color":"","overlay-opacity":"","overlay-gradient":""},"tablet":{"background-color":"","background-image":"","background-repeat":"repeat","background-position":"center center","background-size":"auto","background-attachment":"scroll","background-type":"","background-media":"","overlay-type":"","overlay-color":"","overlay-opacity":"","overlay-gradient":""},"mobile":{"background-color":"","background-image":"","background-repeat":"repeat","background-position":"center center","background-size":"auto","background-attachment":"scroll","background-type":"","background-media":"","overlay-type":"","overlay-color":"","overlay-opacity":"","overlay-gradient":""}},"ast-content-background-meta":{"desktop":{"background-color":"var(--ast-global-color-5)","background-image":"","background-repeat":"repeat","background-position":"center center","background-size":"auto","background-attachment":"scroll","background-type":"","background-media":"","overlay-type":"","overlay-color":"","overlay-opacity":"","overlay-gradient":""},"tablet":{"background-color":"var(--ast-global-color-5)","background-image":"","background-repeat":"repeat","background-position":"center center","background-size":"auto","background-attachment":"scroll","background-type":"","background-media":"","overlay-type":"","overlay-color":"","overlay-opacity":"","overlay-gradient":""},"mobile":{"background-color":"var(--ast-global-color-5)","background-image":"","background-repeat":"repeat","background-position":"center center","background-size":"auto","background-attachment":"scroll","background-type":"","background-media":"","overlay-type":"","overlay-color":"","overlay-opacity":"","overlay-gradient":""}},"footnotes":""},"categories":[],"tags":[],"servicio-asociado":[],"class_list":["post-36077","post","type-post","status-publish","format-standard","hentry"],"acf":[],"yoast_head":"<!-- This site is optimized with the Yoast SEO plugin v27.4 - https:\/\/yoast.com\/product\/yoast-seo-wordpress\/ -->\n<title>Informaci\u00f3n sobre la modificaci\u00f3n de la Ley catalana del Impuesto sobre Sucesiones y Donaciones|Informaci\u00f3n sobre la modificaci\u00f3n de la Ley catalana del Impuesto sobre Sucesiones y Donaciones<\/title>\n<meta name=\"description\" content=\"La modificaci\u00f3n de la Ley catalana del Impuesto sobre Sucesiones y Donaciones obliga a reevaluar las planificaciones fiscales de la sucesi\u00f3n familiar y empresarial.|La modificaci\u00f3n de la Ley catalana del Impuesto sobre Sucesiones y Donaciones obliga a reevaluar las planificaciones fiscales de la sucesi\u00f3n familiar y empresarial.\" \/>\n<meta name=\"robots\" content=\"index, follow, max-snippet:-1, max-image-preview:large, max-video-preview:-1\" \/>\n<link rel=\"canonical\" href=\"https:\/\/augustaabogados.com\/ca\/nota-de-carlos-valls-sobre-la-sentencia-del-tribunal-superior-de-justicia-de-cataluna-sala-de-lo-civil-y-penal-seccion-primera-52014-de-23-enero-de-2014__trashed-2__trashed\/\" \/>\n<meta property=\"og:locale\" content=\"ca_ES\" \/>\n<meta property=\"og:type\" content=\"article\" \/>\n<meta property=\"og:title\" content=\"Informaci\u00f3n sobre la modificaci\u00f3n de la Ley catalana del Impuesto sobre Sucesiones y Donaciones|Informaci\u00f3n sobre la modificaci\u00f3n de la Ley catalana del Impuesto sobre Sucesiones y Donaciones\" \/>\n<meta property=\"og:description\" content=\"La modificaci\u00f3n de la Ley catalana del Impuesto sobre Sucesiones y Donaciones obliga a reevaluar las planificaciones fiscales de la sucesi\u00f3n familiar y empresarial.|La modificaci\u00f3n de la Ley catalana del Impuesto sobre Sucesiones y Donaciones obliga a reevaluar las planificaciones fiscales de la sucesi\u00f3n familiar y empresarial.\" \/>\n<meta property=\"og:url\" content=\"https:\/\/augustaabogados.com\/ca\/nota-de-carlos-valls-sobre-la-sentencia-del-tribunal-superior-de-justicia-de-cataluna-sala-de-lo-civil-y-penal-seccion-primera-52014-de-23-enero-de-2014__trashed-2__trashed\/\" \/>\n<meta property=\"og:site_name\" content=\"Augusta Abogados\" \/>\n<meta property=\"article:published_time\" content=\"2014-10-06T00:00:00+00:00\" \/>\n<meta property=\"article:modified_time\" content=\"2024-02-06T12:17:40+00:00\" \/>\n<meta name=\"author\" content=\"Augusta Abogados\" \/>\n<meta name=\"twitter:card\" content=\"summary_large_image\" \/>\n<meta name=\"twitter:label1\" content=\"Escrit per\" \/>\n\t<meta name=\"twitter:data1\" content=\"Augusta Abogados\" \/>\n\t<meta name=\"twitter:label2\" content=\"Temps estimat de lectura\" \/>\n\t<meta name=\"twitter:data2\" content=\"3 minuts\" \/>\n<script type=\"application\/ld+json\" class=\"yoast-schema-graph\">{\"@context\":\"https:\\\/\\\/schema.org\",\"@graph\":[{\"@type\":\"Article\",\"@id\":\"https:\\\/\\\/augustaabogados.com\\\/ca\\\/nota-de-carlos-valls-sobre-la-sentencia-del-tribunal-superior-de-justicia-de-cataluna-sala-de-lo-civil-y-penal-seccion-primera-52014-de-23-enero-de-2014__trashed-2__trashed\\\/#article\",\"isPartOf\":{\"@id\":\"https:\\\/\\\/augustaabogados.com\\\/ca\\\/nota-de-carlos-valls-sobre-la-sentencia-del-tribunal-superior-de-justicia-de-cataluna-sala-de-lo-civil-y-penal-seccion-primera-52014-de-23-enero-de-2014__trashed-2__trashed\\\/\"},\"author\":{\"name\":\"Augusta Abogados\",\"@id\":\"https:\\\/\\\/augustaabogados.com\\\/#\\\/schema\\\/person\\\/8c5e230eb6ed47cdd14ee188eb04a753\"},\"headline\":\"Nota de Carlos Valls, sobre la Sentencia del Tribunal Superior de Justicia de Catalu\u00f1a (Sala de lo Civil y Penal, Secci\u00f3n Primera) n\u00ba 5\\\/2014, de 23 enero de 2014\",\"datePublished\":\"2014-10-06T00:00:00+00:00\",\"dateModified\":\"2024-02-06T12:17:40+00:00\",\"mainEntityOfPage\":{\"@id\":\"https:\\\/\\\/augustaabogados.com\\\/ca\\\/nota-de-carlos-valls-sobre-la-sentencia-del-tribunal-superior-de-justicia-de-cataluna-sala-de-lo-civil-y-penal-seccion-primera-52014-de-23-enero-de-2014__trashed-2__trashed\\\/\"},\"wordCount\":110,\"publisher\":{\"@id\":\"https:\\\/\\\/augustaabogados.com\\\/#organization\"},\"inLanguage\":\"ca\"},{\"@type\":[\"WebPage\",\"ItemPage\"],\"@id\":\"https:\\\/\\\/augustaabogados.com\\\/ca\\\/nota-de-carlos-valls-sobre-la-sentencia-del-tribunal-superior-de-justicia-de-cataluna-sala-de-lo-civil-y-penal-seccion-primera-52014-de-23-enero-de-2014__trashed-2__trashed\\\/\",\"url\":\"https:\\\/\\\/augustaabogados.com\\\/ca\\\/nota-de-carlos-valls-sobre-la-sentencia-del-tribunal-superior-de-justicia-de-cataluna-sala-de-lo-civil-y-penal-seccion-primera-52014-de-23-enero-de-2014__trashed-2__trashed\\\/\",\"name\":\"Informaci\u00f3n sobre la modificaci\u00f3n de la Ley catalana del Impuesto sobre Sucesiones y Donaciones|Informaci\u00f3n sobre la modificaci\u00f3n de la Ley catalana del Impuesto sobre Sucesiones y Donaciones\",\"isPartOf\":{\"@id\":\"https:\\\/\\\/augustaabogados.com\\\/#website\"},\"datePublished\":\"2014-10-06T00:00:00+00:00\",\"dateModified\":\"2024-02-06T12:17:40+00:00\",\"description\":\"La modificaci\u00f3n de la Ley catalana del Impuesto sobre Sucesiones y Donaciones obliga a reevaluar las planificaciones fiscales de la sucesi\u00f3n familiar y empresarial.|La modificaci\u00f3n de la Ley catalana del Impuesto sobre Sucesiones y Donaciones obliga a reevaluar las planificaciones fiscales de la sucesi\u00f3n familiar y empresarial.\",\"breadcrumb\":{\"@id\":\"https:\\\/\\\/augustaabogados.com\\\/ca\\\/nota-de-carlos-valls-sobre-la-sentencia-del-tribunal-superior-de-justicia-de-cataluna-sala-de-lo-civil-y-penal-seccion-primera-52014-de-23-enero-de-2014__trashed-2__trashed\\\/#breadcrumb\"},\"inLanguage\":\"ca\",\"potentialAction\":[{\"@type\":\"ReadAction\",\"target\":[\"https:\\\/\\\/augustaabogados.com\\\/ca\\\/nota-de-carlos-valls-sobre-la-sentencia-del-tribunal-superior-de-justicia-de-cataluna-sala-de-lo-civil-y-penal-seccion-primera-52014-de-23-enero-de-2014__trashed-2__trashed\\\/\"]}]},{\"@type\":\"BreadcrumbList\",\"@id\":\"https:\\\/\\\/augustaabogados.com\\\/ca\\\/nota-de-carlos-valls-sobre-la-sentencia-del-tribunal-superior-de-justicia-de-cataluna-sala-de-lo-civil-y-penal-seccion-primera-52014-de-23-enero-de-2014__trashed-2__trashed\\\/#breadcrumb\",\"itemListElement\":[{\"@type\":\"ListItem\",\"position\":1,\"name\":\"Portada\",\"item\":\"https:\\\/\\\/augustaabogados.com\\\/ca\\\/\"},{\"@type\":\"ListItem\",\"position\":2,\"name\":\"Nota de Carlos Valls, sobre la Sentencia del Tribunal Superior de Justicia de Catalu\u00f1a (Sala de lo Civil y Penal, Secci\u00f3n Primera) n\u00ba 5\\\/2014, de 23 enero de 2014\"}]},{\"@type\":\"WebSite\",\"@id\":\"https:\\\/\\\/augustaabogados.com\\\/#website\",\"url\":\"https:\\\/\\\/augustaabogados.com\\\/\",\"name\":\"Augusta Abogados\",\"description\":\"\",\"publisher\":{\"@id\":\"https:\\\/\\\/augustaabogados.com\\\/#organization\"},\"potentialAction\":[{\"@type\":\"SearchAction\",\"target\":{\"@type\":\"EntryPoint\",\"urlTemplate\":\"https:\\\/\\\/augustaabogados.com\\\/?s={search_term_string}\"},\"query-input\":{\"@type\":\"PropertyValueSpecification\",\"valueRequired\":true,\"valueName\":\"search_term_string\"}}],\"inLanguage\":\"ca\"},{\"@type\":\"Organization\",\"@id\":\"https:\\\/\\\/augustaabogados.com\\\/#organization\",\"name\":\"Augusta Abogados\",\"url\":\"https:\\\/\\\/augustaabogados.com\\\/\",\"logo\":{\"@type\":\"ImageObject\",\"inLanguage\":\"ca\",\"@id\":\"https:\\\/\\\/augustaabogados.com\\\/#\\\/schema\\\/logo\\\/image\\\/\",\"url\":\"https:\\\/\\\/augustaabogados.com\\\/wp-content\\\/uploads\\\/2023\\\/11\\\/LOGO-AUGUSTA.svg\",\"contentUrl\":\"https:\\\/\\\/augustaabogados.com\\\/wp-content\\\/uploads\\\/2023\\\/11\\\/LOGO-AUGUSTA.svg\",\"caption\":\"Augusta Abogados\"},\"image\":{\"@id\":\"https:\\\/\\\/augustaabogados.com\\\/#\\\/schema\\\/logo\\\/image\\\/\"}},{\"@type\":\"Person\",\"@id\":\"https:\\\/\\\/augustaabogados.com\\\/#\\\/schema\\\/person\\\/8c5e230eb6ed47cdd14ee188eb04a753\",\"name\":\"Augusta Abogados\",\"image\":{\"@type\":\"ImageObject\",\"inLanguage\":\"ca\",\"@id\":\"https:\\\/\\\/secure.gravatar.com\\\/avatar\\\/09e6ceb5fccff542915602bda752518fa959b0df2d103d929aefa74c2909a4bc?s=96&d=mm&r=g\",\"url\":\"https:\\\/\\\/secure.gravatar.com\\\/avatar\\\/09e6ceb5fccff542915602bda752518fa959b0df2d103d929aefa74c2909a4bc?s=96&d=mm&r=g\",\"contentUrl\":\"https:\\\/\\\/secure.gravatar.com\\\/avatar\\\/09e6ceb5fccff542915602bda752518fa959b0df2d103d929aefa74c2909a4bc?s=96&d=mm&r=g\",\"caption\":\"Augusta Abogados\"}}]}<\/script>\n<!-- \/ Yoast SEO plugin. -->","yoast_head_json":{"title":"Informaci\u00f3n sobre la modificaci\u00f3n de la Ley catalana del Impuesto sobre Sucesiones y Donaciones|Informaci\u00f3n sobre la modificaci\u00f3n de la Ley catalana del Impuesto sobre Sucesiones y Donaciones","description":"La modificaci\u00f3n de la Ley catalana del Impuesto sobre Sucesiones y Donaciones obliga a reevaluar las planificaciones fiscales de la sucesi\u00f3n familiar y empresarial.|La modificaci\u00f3n de la Ley catalana del Impuesto sobre Sucesiones y Donaciones obliga a reevaluar las planificaciones fiscales de la sucesi\u00f3n familiar y empresarial.","robots":{"index":"index","follow":"follow","max-snippet":"max-snippet:-1","max-image-preview":"max-image-preview:large","max-video-preview":"max-video-preview:-1"},"canonical":"https:\/\/augustaabogados.com\/ca\/nota-de-carlos-valls-sobre-la-sentencia-del-tribunal-superior-de-justicia-de-cataluna-sala-de-lo-civil-y-penal-seccion-primera-52014-de-23-enero-de-2014__trashed-2__trashed\/","og_locale":"ca_ES","og_type":"article","og_title":"Informaci\u00f3n sobre la modificaci\u00f3n de la Ley catalana del Impuesto sobre Sucesiones y Donaciones|Informaci\u00f3n sobre la modificaci\u00f3n de la Ley catalana del Impuesto sobre Sucesiones y Donaciones","og_description":"La modificaci\u00f3n de la Ley catalana del Impuesto sobre Sucesiones y Donaciones obliga a reevaluar las planificaciones fiscales de la sucesi\u00f3n familiar y empresarial.|La modificaci\u00f3n de la Ley catalana del Impuesto sobre Sucesiones y Donaciones obliga a reevaluar las planificaciones fiscales de la sucesi\u00f3n familiar y empresarial.","og_url":"https:\/\/augustaabogados.com\/ca\/nota-de-carlos-valls-sobre-la-sentencia-del-tribunal-superior-de-justicia-de-cataluna-sala-de-lo-civil-y-penal-seccion-primera-52014-de-23-enero-de-2014__trashed-2__trashed\/","og_site_name":"Augusta Abogados","article_published_time":"2014-10-06T00:00:00+00:00","article_modified_time":"2024-02-06T12:17:40+00:00","author":"Augusta Abogados","twitter_card":"summary_large_image","twitter_misc":{"Escrit per":"Augusta Abogados","Temps estimat de lectura":"3 minuts"},"schema":{"@context":"https:\/\/schema.org","@graph":[{"@type":"Article","@id":"https:\/\/augustaabogados.com\/ca\/nota-de-carlos-valls-sobre-la-sentencia-del-tribunal-superior-de-justicia-de-cataluna-sala-de-lo-civil-y-penal-seccion-primera-52014-de-23-enero-de-2014__trashed-2__trashed\/#article","isPartOf":{"@id":"https:\/\/augustaabogados.com\/ca\/nota-de-carlos-valls-sobre-la-sentencia-del-tribunal-superior-de-justicia-de-cataluna-sala-de-lo-civil-y-penal-seccion-primera-52014-de-23-enero-de-2014__trashed-2__trashed\/"},"author":{"name":"Augusta Abogados","@id":"https:\/\/augustaabogados.com\/#\/schema\/person\/8c5e230eb6ed47cdd14ee188eb04a753"},"headline":"Nota de Carlos Valls, sobre la Sentencia del Tribunal Superior de Justicia de Catalu\u00f1a (Sala de lo Civil y Penal, Secci\u00f3n Primera) n\u00ba 5\/2014, de 23 enero de 2014","datePublished":"2014-10-06T00:00:00+00:00","dateModified":"2024-02-06T12:17:40+00:00","mainEntityOfPage":{"@id":"https:\/\/augustaabogados.com\/ca\/nota-de-carlos-valls-sobre-la-sentencia-del-tribunal-superior-de-justicia-de-cataluna-sala-de-lo-civil-y-penal-seccion-primera-52014-de-23-enero-de-2014__trashed-2__trashed\/"},"wordCount":110,"publisher":{"@id":"https:\/\/augustaabogados.com\/#organization"},"inLanguage":"ca"},{"@type":["WebPage","ItemPage"],"@id":"https:\/\/augustaabogados.com\/ca\/nota-de-carlos-valls-sobre-la-sentencia-del-tribunal-superior-de-justicia-de-cataluna-sala-de-lo-civil-y-penal-seccion-primera-52014-de-23-enero-de-2014__trashed-2__trashed\/","url":"https:\/\/augustaabogados.com\/ca\/nota-de-carlos-valls-sobre-la-sentencia-del-tribunal-superior-de-justicia-de-cataluna-sala-de-lo-civil-y-penal-seccion-primera-52014-de-23-enero-de-2014__trashed-2__trashed\/","name":"Informaci\u00f3n sobre la modificaci\u00f3n de la Ley catalana del Impuesto sobre Sucesiones y Donaciones|Informaci\u00f3n sobre la modificaci\u00f3n de la Ley catalana del Impuesto sobre Sucesiones y Donaciones","isPartOf":{"@id":"https:\/\/augustaabogados.com\/#website"},"datePublished":"2014-10-06T00:00:00+00:00","dateModified":"2024-02-06T12:17:40+00:00","description":"La modificaci\u00f3n de la Ley catalana del Impuesto sobre Sucesiones y Donaciones obliga a reevaluar las planificaciones fiscales de la sucesi\u00f3n familiar y empresarial.|La modificaci\u00f3n de la Ley catalana del Impuesto sobre Sucesiones y Donaciones obliga a reevaluar las planificaciones fiscales de la sucesi\u00f3n familiar y empresarial.","breadcrumb":{"@id":"https:\/\/augustaabogados.com\/ca\/nota-de-carlos-valls-sobre-la-sentencia-del-tribunal-superior-de-justicia-de-cataluna-sala-de-lo-civil-y-penal-seccion-primera-52014-de-23-enero-de-2014__trashed-2__trashed\/#breadcrumb"},"inLanguage":"ca","potentialAction":[{"@type":"ReadAction","target":["https:\/\/augustaabogados.com\/ca\/nota-de-carlos-valls-sobre-la-sentencia-del-tribunal-superior-de-justicia-de-cataluna-sala-de-lo-civil-y-penal-seccion-primera-52014-de-23-enero-de-2014__trashed-2__trashed\/"]}]},{"@type":"BreadcrumbList","@id":"https:\/\/augustaabogados.com\/ca\/nota-de-carlos-valls-sobre-la-sentencia-del-tribunal-superior-de-justicia-de-cataluna-sala-de-lo-civil-y-penal-seccion-primera-52014-de-23-enero-de-2014__trashed-2__trashed\/#breadcrumb","itemListElement":[{"@type":"ListItem","position":1,"name":"Portada","item":"https:\/\/augustaabogados.com\/ca\/"},{"@type":"ListItem","position":2,"name":"Nota de Carlos Valls, sobre la Sentencia del Tribunal Superior de Justicia de Catalu\u00f1a (Sala de lo Civil y Penal, Secci\u00f3n Primera) n\u00ba 5\/2014, de 23 enero de 2014"}]},{"@type":"WebSite","@id":"https:\/\/augustaabogados.com\/#website","url":"https:\/\/augustaabogados.com\/","name":"Augusta Abogados","description":"","publisher":{"@id":"https:\/\/augustaabogados.com\/#organization"},"potentialAction":[{"@type":"SearchAction","target":{"@type":"EntryPoint","urlTemplate":"https:\/\/augustaabogados.com\/?s={search_term_string}"},"query-input":{"@type":"PropertyValueSpecification","valueRequired":true,"valueName":"search_term_string"}}],"inLanguage":"ca"},{"@type":"Organization","@id":"https:\/\/augustaabogados.com\/#organization","name":"Augusta Abogados","url":"https:\/\/augustaabogados.com\/","logo":{"@type":"ImageObject","inLanguage":"ca","@id":"https:\/\/augustaabogados.com\/#\/schema\/logo\/image\/","url":"https:\/\/augustaabogados.com\/wp-content\/uploads\/2023\/11\/LOGO-AUGUSTA.svg","contentUrl":"https:\/\/augustaabogados.com\/wp-content\/uploads\/2023\/11\/LOGO-AUGUSTA.svg","caption":"Augusta Abogados"},"image":{"@id":"https:\/\/augustaabogados.com\/#\/schema\/logo\/image\/"}},{"@type":"Person","@id":"https:\/\/augustaabogados.com\/#\/schema\/person\/8c5e230eb6ed47cdd14ee188eb04a753","name":"Augusta Abogados","image":{"@type":"ImageObject","inLanguage":"ca","@id":"https:\/\/secure.gravatar.com\/avatar\/09e6ceb5fccff542915602bda752518fa959b0df2d103d929aefa74c2909a4bc?s=96&d=mm&r=g","url":"https:\/\/secure.gravatar.com\/avatar\/09e6ceb5fccff542915602bda752518fa959b0df2d103d929aefa74c2909a4bc?s=96&d=mm&r=g","contentUrl":"https:\/\/secure.gravatar.com\/avatar\/09e6ceb5fccff542915602bda752518fa959b0df2d103d929aefa74c2909a4bc?s=96&d=mm&r=g","caption":"Augusta Abogados"}}]}},"_links":{"self":[{"href":"https:\/\/augustaabogados.com\/ca\/wp-json\/wp\/v2\/posts\/36077","targetHints":{"allow":["GET"]}}],"collection":[{"href":"https:\/\/augustaabogados.com\/ca\/wp-json\/wp\/v2\/posts"}],"about":[{"href":"https:\/\/augustaabogados.com\/ca\/wp-json\/wp\/v2\/types\/post"}],"author":[{"embeddable":true,"href":"https:\/\/augustaabogados.com\/ca\/wp-json\/wp\/v2\/users\/8"}],"replies":[{"embeddable":true,"href":"https:\/\/augustaabogados.com\/ca\/wp-json\/wp\/v2\/comments?post=36077"}],"version-history":[{"count":1,"href":"https:\/\/augustaabogados.com\/ca\/wp-json\/wp\/v2\/posts\/36077\/revisions"}],"predecessor-version":[{"id":41158,"href":"https:\/\/augustaabogados.com\/ca\/wp-json\/wp\/v2\/posts\/36077\/revisions\/41158"}],"wp:attachment":[{"href":"https:\/\/augustaabogados.com\/ca\/wp-json\/wp\/v2\/media?parent=36077"}],"wp:term":[{"taxonomy":"category","embeddable":true,"href":"https:\/\/augustaabogados.com\/ca\/wp-json\/wp\/v2\/categories?post=36077"},{"taxonomy":"post_tag","embeddable":true,"href":"https:\/\/augustaabogados.com\/ca\/wp-json\/wp\/v2\/tags?post=36077"},{"taxonomy":"servicio-asociado","embeddable":true,"href":"https:\/\/augustaabogados.com\/ca\/wp-json\/wp\/v2\/servicio-asociado?post=36077"}],"curies":[{"name":"wp","href":"https:\/\/api.w.org\/{rel}","templated":true}]}}