{"id":36100,"date":"2014-03-12T00:00:00","date_gmt":"2014-03-12T00:00:00","guid":{"rendered":"https:\/\/augustaabogados.com\/el-derecho-al-olvido-en-europa\/"},"modified":"2024-02-06T12:17:56","modified_gmt":"2024-02-06T12:17:56","slug":"el-derecho-al-olvido-en-europa__trashed-2__trashed","status":"publish","type":"post","link":"https:\/\/augustaabogados.com\/ca\/el-derecho-al-olvido-en-europa__trashed-2__trashed\/","title":{"rendered":"El Derecho al Olvido en Europa"},"content":{"rendered":"<p>El d\u00eda 28 de enero de 2014 tuvo lugar una jornada organizada por la Autoridad Catalana de Protecci\u00f3n de Datos que llevaba por nombre <b><i>El Derecho al Olvido en Europa<\/i><\/b>. A continuaci\u00f3n, hacemos un breve resumen de lo que all\u00ed se trat\u00f3.<!--more--><\/p>\n<p>Actualmente, la informaci\u00f3n puede quedar para siempre en la red y los buscadores tienen un efecto multiplicador de la misma. En este contexto, el derecho al olvido pretende ser una barrera y se define como aqu\u00e9l que permite que se pueda suprimir informaci\u00f3n cuando hay una finalidad leg\u00edtima y si la misma puede condicionar el futuro de las personas.<\/p>\n<p>La primera ponencia, a cargo de Pere Sim\u00f3n, profesor e investigador de Derecho Constitucional en la Universidad de Girona, lleva por t\u00edtulo: <i>El reto del derecho al olvido en internet<\/i>.<\/p>\n<p>En primer lugar, determina cu\u00e1l es el contexto en que el conflicto se produce, esto es, internet. Hoy en d\u00eda, todo el mundo tiene acceso a la informaci\u00f3n y puede participar de ella. \u00a0Adem\u00e1s, la perennidad de la informaci\u00f3n tambi\u00e9n ha cambiado, ya que en la red \u00e9sta es conservada por defecto y la misma es f\u00e1cilmente accesible a trav\u00e9s de motores de b\u00fasqueda. Desde el punto de vista jur\u00eddico, en la actualidad, las libertades informativas &#8211; libertad de expresi\u00f3n, de informaci\u00f3n y participaci\u00f3n ciudadana &#8211; est\u00e1n en alza, mientras que otros derechos, como el de la propiedad intelectual, se ven vulnerados.<\/p>\n<p>En segundo lugar, destaca que la legislaci\u00f3n aplicable, esto es, la Ley Org\u00e1nica de Protecci\u00f3n de Datos es del a\u00f1o 1999 y, en este sentido, recuerda que las normas deben interpretarse de acuerdo con la realidad social.<\/p>\n<p>En tercer lugar, Sim\u00f3n defiende que el derecho al olvido tiene cabida constitucional. \u00a0La base jur\u00eddica de este derecho es la identidad personal; los individuos pueden controlar lo que se sabe de ellos. Nuestro sistema es un sistema proteccionista en el que la dignidad humana y el libre desarrollo de la personalidad est\u00e1n contemplados en el art\u00edculo 10 de la Constituci\u00f3n.<\/p>\n<p>Este sistema entra en contradicci\u00f3n con el del <i>commonlaw, <\/i>donde se defiende la h\u00edper publicidad. Por ello, ante esta contradicci\u00f3n, la posibilidad de llegar a acuerdos internacionales se complica.<\/p>\n<p>En su opini\u00f3n, la mejor forma de proteger a los usuarios de internet es buscar alternativas metajur\u00eddicas: (i) desde la \u00f3ptica de la persona que divulga la informaci\u00f3n existen los robots txt, que no sirven para que la informaci\u00f3n no sea indexada, sino para que la misma no sea rastreada; (ii) las etiquetas meta, que son las de <i>no-index<\/i> y no las de <i>no-follow<\/i> y, por ello, las mismas son realmente efectivas si lo que se pretende es que la informaci\u00f3n no sea indexada.<\/p>\n<p>Desde la perspectiva de la persona afectada, tambi\u00e9n existen herramientas de protecci\u00f3n online, aunque no es m\u00e1s que una soluci\u00f3n parcial y no siempre satisfactoria. Una reflexi\u00f3n que Sim\u00f3n nos hace es que el da\u00f1o se produce sobre el honor y la intimidad. Por eso, deber\u00eda unirse el derecho al olvido (vertiente administrativa) y el derecho al honor (vertiente civil).<\/p>\n<p>En conclusi\u00f3n, el derecho al olvido no existe como tal, pero Espa\u00f1a tiene pilares jur\u00eddicos para poder desarrollarlo. En cualquier caso, no se trata de un derecho absoluto y deber\u00e1 ponderarse de acuerdo con el principio de proporcionalidad, el inter\u00e9s p\u00fablico y su duraci\u00f3n. Esta ponderaci\u00f3n deber\u00e1 realizarse en origen, de tal manera que los motores de b\u00fasqueda tendr\u00e1n una responsabilidad limitada. Sim\u00f3n propone los sistemas de privacidad por defecto como soluci\u00f3n al problema de la hiperpublicidad en internet.<\/p>\n<p>Le segunda ponencia fue a cargo del jefe de la asesor\u00eda jur\u00eddica de la Autoridad Catalana de Protecci\u00f3n de Datos, Santiago Farr\u00e9, y a trav\u00e9s de la misma quer\u00eda dar respuesta a dos preguntas: \u00bfes un derecho nuevo? \u00bfVendr\u00e1 de Europa?<\/p>\n<p>Tradicionalmente el olvido se produc\u00eda de forma natural por las limitaciones de los medios de comunicaci\u00f3n, el paso del tiempo, etc. Solo quedaban en la memoria aquellas informaciones que pod\u00edan tener un valor muy especial. Tambi\u00e9n hab\u00eda instituciones tendentes a hacer olvidar, como el indulto.<\/p>\n<p>El problema arranca con internet y los buscadores que otorgan a la informaci\u00f3n un car\u00e1cter de permanencia. Cuando se aprob\u00f3 la normativa vigente para proteger a los ciudadanos, internet a\u00fan no hab\u00eda crecido.<\/p>\n<p>Hasta ahora los robots txt nos han permitido solucionar muchos problemas en la red. Adem\u00e1s, no ha habido muchos pronunciamientos al respecto ni en los tribunales espa\u00f1oles ni en los de otros Estados miembros de la Uni\u00f3n Europea, y en las escasas sentencias que se han dictado los mismos se han decantado por la v\u00eda de la prevalencia de la libertad de informaci\u00f3n.<\/p>\n<p>A nivel europeo, el Tribunal de Justicia de la Uni\u00f3n Europea est\u00e1 a punto \u0096la resoluci\u00f3n se esperaba para diciembre- de dictar sentencia en el caso Google Spain, Google Inc. contra la AEPD y Mario Costeja. De hecho, hay m\u00e1s de 200 casos suspendidos en la audiencia nacional a la espera de lo esta resoluci\u00f3n.<\/p>\n<p>En conclusi\u00f3n, no parece que el nuevo Reglamento que debe aprobarse en la Uni\u00f3n Europea \u0096hecho ya dudoso- traiga una definici\u00f3n satisfactoria del derecho al olvido, pues los \u00faltimos datos que han sido publicados son que el Informe LIBE<a title=\"\" href=\"#_ftn1\">[1]<\/a> elaborado en el Parlamento ha suprimido la terminolog\u00eda \u0093derecho al olvido\u0094, circunscribiendo los casos en los que ser\u00e1 de aplicaci\u00f3n el derecho de supresi\u00f3n.<\/p>\n<p>En definitiva, se trata de un tema muy cambiante y din\u00e1mico, con muchas lagunas y, adem\u00e1s, poco desarrollado jur\u00eddicamente. La mayor\u00eda de los usuarios de internet, infravalora el valor de sus datos personales y de las consecuencias de colgarlos en la red. A d\u00eda de hoy seguimos sin ser conscientes de las consecuencias reales de compartir datos en internet. Si las predicciones son ciertas y los datos se convierten en el \u0093nuevo petr\u00f3leo\u0094, el derecho a la protecci\u00f3n de datos del siglo XXI ser\u00e1 tan importante como fue el derecho de los consumidores el siglo pasado.<\/p>\n<p>Hoy es un d\u00eda muy importante para el Derecho al Olvido a nivel europeo, pues se ha aprobado en el Parlamento el Reglamento de Protecci\u00f3n de Datos. Queda por ver sus consecuencias en la pr\u00e1ctica. Sin embargo, una regulaci\u00f3n a nivel global \u0096hoy por hoy inviable- ser\u00eda la \u00fanica soluci\u00f3n posible para evitar la fragmentaci\u00f3n jur\u00eddica y ofrecer una mayor seguridad a los usuarios de la red, adem\u00e1s de mejorar la protecci\u00f3n de los derechos fundamentales y contribuir al funcionamiento del mercado interior. Sin embargo, no existe un organismo supranacional con capacidad legislativa. Y, como hemos visto con la reciente problem\u00e1tica del espionaje, los Estados se aferran a poder tener un control sobre la informaci\u00f3n.<\/p>\n<p>Autor: Mar\u00eda Muro<\/p>\n<div>\n<hr align=\"left\" size=\"1\" width=\"33%\" \/>\n<\/div>\n","protected":false},"excerpt":{"rendered":"<p>El d\u00eda 28 de enero de 2014 tuvo lugar una jornada organizada por la Autoridad Catalana de Protecci\u00f3n de Datos que llevaba por nombre El Derecho al Olvido en Europa. A continuaci\u00f3n, hacemos un breve resumen de lo que all\u00ed se trat\u00f3.<\/p>\n","protected":false},"author":8,"featured_media":0,"comment_status":"closed","ping_status":"open","sticky":false,"template":"","format":"standard","meta":{"content-type":"","site-sidebar-layout":"no-sidebar","site-content-layout":"page-builder","ast-site-content-layout":"default","site-content-style":"default","site-sidebar-style":"default","ast-global-header-display":"","ast-banner-title-visibility":"","ast-main-header-display":"","ast-hfb-above-header-display":"","ast-hfb-below-header-display":"","ast-hfb-mobile-header-display":"","site-post-title":"","ast-breadcrumbs-content":"","ast-featured-img":"","footer-sml-layout":"","ast-disable-related-posts":"","theme-transparent-header-meta":"disabled","adv-header-id-meta":"","stick-header-meta":"","header-above-stick-meta":"","header-main-stick-meta":"","header-below-stick-meta":"","astra-migrate-meta-layouts":"set","ast-page-background-enabled":"default","ast-page-background-meta":{"desktop":{"background-color":"var(--ast-global-color-4)","background-image":"","background-repeat":"repeat","background-position":"center center","background-size":"auto","background-attachment":"scroll","background-type":"","background-media":"","overlay-type":"","overlay-color":"","overlay-opacity":"","overlay-gradient":""},"tablet":{"background-color":"","background-image":"","background-repeat":"repeat","background-position":"center center","background-size":"auto","background-attachment":"scroll","background-type":"","background-media":"","overlay-type":"","overlay-color":"","overlay-opacity":"","overlay-gradient":""},"mobile":{"background-color":"","background-image":"","background-repeat":"repeat","background-position":"center center","background-size":"auto","background-attachment":"scroll","background-type":"","background-media":"","overlay-type":"","overlay-color":"","overlay-opacity":"","overlay-gradient":""}},"ast-content-background-meta":{"desktop":{"background-color":"var(--ast-global-color-5)","background-image":"","background-repeat":"repeat","background-position":"center center","background-size":"auto","background-attachment":"scroll","background-type":"","background-media":"","overlay-type":"","overlay-color":"","overlay-opacity":"","overlay-gradient":""},"tablet":{"background-color":"var(--ast-global-color-5)","background-image":"","background-repeat":"repeat","background-position":"center center","background-size":"auto","background-attachment":"scroll","background-type":"","background-media":"","overlay-type":"","overlay-color":"","overlay-opacity":"","overlay-gradient":""},"mobile":{"background-color":"var(--ast-global-color-5)","background-image":"","background-repeat":"repeat","background-position":"center center","background-size":"auto","background-attachment":"scroll","background-type":"","background-media":"","overlay-type":"","overlay-color":"","overlay-opacity":"","overlay-gradient":""}},"footnotes":""},"categories":[],"tags":[],"servicio-asociado":[],"class_list":["post-36100","post","type-post","status-publish","format-standard","hentry"],"acf":[],"yoast_head":"<!-- This site is optimized with the Yoast SEO plugin v27.4 - https:\/\/yoast.com\/product\/yoast-seo-wordpress\/ -->\n<title>Informaci\u00f3n sobre la modificaci\u00f3n de la Ley catalana del Impuesto sobre Sucesiones y Donaciones|Informaci\u00f3n sobre la modificaci\u00f3n de la Ley catalana del Impuesto sobre Sucesiones y Donaciones<\/title>\n<meta name=\"description\" content=\"La modificaci\u00f3n de la Ley catalana del Impuesto sobre Sucesiones y Donaciones obliga a reevaluar las planificaciones fiscales de la sucesi\u00f3n familiar y empresarial.|La modificaci\u00f3n de la Ley catalana del Impuesto sobre Sucesiones y Donaciones obliga a reevaluar las planificaciones fiscales de la sucesi\u00f3n familiar y empresarial.\" \/>\n<meta name=\"robots\" content=\"index, follow, max-snippet:-1, max-image-preview:large, max-video-preview:-1\" \/>\n<link rel=\"canonical\" href=\"https:\/\/augustaabogados.com\/ca\/el-derecho-al-olvido-en-europa__trashed-2__trashed\/\" \/>\n<meta property=\"og:locale\" content=\"ca_ES\" \/>\n<meta property=\"og:type\" content=\"article\" \/>\n<meta property=\"og:title\" content=\"Informaci\u00f3n sobre la modificaci\u00f3n de la Ley catalana del Impuesto sobre Sucesiones y Donaciones|Informaci\u00f3n sobre la modificaci\u00f3n de la Ley catalana del Impuesto sobre Sucesiones y Donaciones\" \/>\n<meta property=\"og:description\" content=\"La modificaci\u00f3n de la Ley catalana del Impuesto sobre Sucesiones y Donaciones obliga a reevaluar las planificaciones fiscales de la sucesi\u00f3n familiar y empresarial.|La modificaci\u00f3n de la Ley catalana del Impuesto sobre Sucesiones y Donaciones obliga a reevaluar las planificaciones fiscales de la sucesi\u00f3n familiar y empresarial.\" \/>\n<meta property=\"og:url\" content=\"https:\/\/augustaabogados.com\/ca\/el-derecho-al-olvido-en-europa__trashed-2__trashed\/\" \/>\n<meta property=\"og:site_name\" content=\"Augusta Abogados\" \/>\n<meta property=\"article:published_time\" content=\"2014-03-12T00:00:00+00:00\" \/>\n<meta property=\"article:modified_time\" content=\"2024-02-06T12:17:56+00:00\" \/>\n<meta name=\"author\" content=\"Augusta Abogados\" \/>\n<meta name=\"twitter:card\" content=\"summary_large_image\" \/>\n<meta name=\"twitter:label1\" content=\"Escrit per\" \/>\n\t<meta name=\"twitter:data1\" content=\"Augusta Abogados\" \/>\n\t<meta name=\"twitter:label2\" content=\"Temps estimat de lectura\" \/>\n\t<meta name=\"twitter:data2\" content=\"3 minuts\" \/>\n<script type=\"application\/ld+json\" class=\"yoast-schema-graph\">{\"@context\":\"https:\\\/\\\/schema.org\",\"@graph\":[{\"@type\":\"Article\",\"@id\":\"https:\\\/\\\/augustaabogados.com\\\/ca\\\/el-derecho-al-olvido-en-europa__trashed-2__trashed\\\/#article\",\"isPartOf\":{\"@id\":\"https:\\\/\\\/augustaabogados.com\\\/ca\\\/el-derecho-al-olvido-en-europa__trashed-2__trashed\\\/\"},\"author\":{\"name\":\"Augusta Abogados\",\"@id\":\"https:\\\/\\\/augustaabogados.com\\\/#\\\/schema\\\/person\\\/8c5e230eb6ed47cdd14ee188eb04a753\"},\"headline\":\"El Derecho al Olvido en Europa\",\"datePublished\":\"2014-03-12T00:00:00+00:00\",\"dateModified\":\"2024-02-06T12:17:56+00:00\",\"mainEntityOfPage\":{\"@id\":\"https:\\\/\\\/augustaabogados.com\\\/ca\\\/el-derecho-al-olvido-en-europa__trashed-2__trashed\\\/\"},\"wordCount\":1206,\"publisher\":{\"@id\":\"https:\\\/\\\/augustaabogados.com\\\/#organization\"},\"inLanguage\":\"ca\"},{\"@type\":[\"WebPage\",\"ItemPage\"],\"@id\":\"https:\\\/\\\/augustaabogados.com\\\/ca\\\/el-derecho-al-olvido-en-europa__trashed-2__trashed\\\/\",\"url\":\"https:\\\/\\\/augustaabogados.com\\\/ca\\\/el-derecho-al-olvido-en-europa__trashed-2__trashed\\\/\",\"name\":\"Informaci\u00f3n sobre la modificaci\u00f3n de la Ley catalana del Impuesto sobre Sucesiones y Donaciones|Informaci\u00f3n sobre la modificaci\u00f3n de la Ley catalana del Impuesto sobre Sucesiones y Donaciones\",\"isPartOf\":{\"@id\":\"https:\\\/\\\/augustaabogados.com\\\/#website\"},\"datePublished\":\"2014-03-12T00:00:00+00:00\",\"dateModified\":\"2024-02-06T12:17:56+00:00\",\"description\":\"La modificaci\u00f3n de la Ley catalana del Impuesto sobre Sucesiones y Donaciones obliga a reevaluar las planificaciones fiscales de la sucesi\u00f3n familiar y empresarial.|La modificaci\u00f3n de la Ley catalana del Impuesto sobre Sucesiones y Donaciones obliga a reevaluar las planificaciones fiscales de la sucesi\u00f3n familiar y empresarial.\",\"breadcrumb\":{\"@id\":\"https:\\\/\\\/augustaabogados.com\\\/ca\\\/el-derecho-al-olvido-en-europa__trashed-2__trashed\\\/#breadcrumb\"},\"inLanguage\":\"ca\",\"potentialAction\":[{\"@type\":\"ReadAction\",\"target\":[\"https:\\\/\\\/augustaabogados.com\\\/ca\\\/el-derecho-al-olvido-en-europa__trashed-2__trashed\\\/\"]}]},{\"@type\":\"BreadcrumbList\",\"@id\":\"https:\\\/\\\/augustaabogados.com\\\/ca\\\/el-derecho-al-olvido-en-europa__trashed-2__trashed\\\/#breadcrumb\",\"itemListElement\":[{\"@type\":\"ListItem\",\"position\":1,\"name\":\"Portada\",\"item\":\"https:\\\/\\\/augustaabogados.com\\\/ca\\\/\"},{\"@type\":\"ListItem\",\"position\":2,\"name\":\"El Derecho al Olvido en Europa\"}]},{\"@type\":\"WebSite\",\"@id\":\"https:\\\/\\\/augustaabogados.com\\\/#website\",\"url\":\"https:\\\/\\\/augustaabogados.com\\\/\",\"name\":\"Augusta Abogados\",\"description\":\"\",\"publisher\":{\"@id\":\"https:\\\/\\\/augustaabogados.com\\\/#organization\"},\"potentialAction\":[{\"@type\":\"SearchAction\",\"target\":{\"@type\":\"EntryPoint\",\"urlTemplate\":\"https:\\\/\\\/augustaabogados.com\\\/?s={search_term_string}\"},\"query-input\":{\"@type\":\"PropertyValueSpecification\",\"valueRequired\":true,\"valueName\":\"search_term_string\"}}],\"inLanguage\":\"ca\"},{\"@type\":\"Organization\",\"@id\":\"https:\\\/\\\/augustaabogados.com\\\/#organization\",\"name\":\"Augusta Abogados\",\"url\":\"https:\\\/\\\/augustaabogados.com\\\/\",\"logo\":{\"@type\":\"ImageObject\",\"inLanguage\":\"ca\",\"@id\":\"https:\\\/\\\/augustaabogados.com\\\/#\\\/schema\\\/logo\\\/image\\\/\",\"url\":\"https:\\\/\\\/augustaabogados.com\\\/wp-content\\\/uploads\\\/2023\\\/11\\\/LOGO-AUGUSTA.svg\",\"contentUrl\":\"https:\\\/\\\/augustaabogados.com\\\/wp-content\\\/uploads\\\/2023\\\/11\\\/LOGO-AUGUSTA.svg\",\"caption\":\"Augusta Abogados\"},\"image\":{\"@id\":\"https:\\\/\\\/augustaabogados.com\\\/#\\\/schema\\\/logo\\\/image\\\/\"}},{\"@type\":\"Person\",\"@id\":\"https:\\\/\\\/augustaabogados.com\\\/#\\\/schema\\\/person\\\/8c5e230eb6ed47cdd14ee188eb04a753\",\"name\":\"Augusta Abogados\",\"image\":{\"@type\":\"ImageObject\",\"inLanguage\":\"ca\",\"@id\":\"https:\\\/\\\/secure.gravatar.com\\\/avatar\\\/09e6ceb5fccff542915602bda752518fa959b0df2d103d929aefa74c2909a4bc?s=96&d=mm&r=g\",\"url\":\"https:\\\/\\\/secure.gravatar.com\\\/avatar\\\/09e6ceb5fccff542915602bda752518fa959b0df2d103d929aefa74c2909a4bc?s=96&d=mm&r=g\",\"contentUrl\":\"https:\\\/\\\/secure.gravatar.com\\\/avatar\\\/09e6ceb5fccff542915602bda752518fa959b0df2d103d929aefa74c2909a4bc?s=96&d=mm&r=g\",\"caption\":\"Augusta Abogados\"}}]}<\/script>\n<!-- \/ Yoast SEO plugin. -->","yoast_head_json":{"title":"Informaci\u00f3n sobre la modificaci\u00f3n de la Ley catalana del Impuesto sobre Sucesiones y Donaciones|Informaci\u00f3n sobre la modificaci\u00f3n de la Ley catalana del Impuesto sobre Sucesiones y Donaciones","description":"La modificaci\u00f3n de la Ley catalana del Impuesto sobre Sucesiones y Donaciones obliga a reevaluar las planificaciones fiscales de la sucesi\u00f3n familiar y empresarial.|La modificaci\u00f3n de la Ley catalana del Impuesto sobre Sucesiones y Donaciones obliga a reevaluar las planificaciones fiscales de la sucesi\u00f3n familiar y empresarial.","robots":{"index":"index","follow":"follow","max-snippet":"max-snippet:-1","max-image-preview":"max-image-preview:large","max-video-preview":"max-video-preview:-1"},"canonical":"https:\/\/augustaabogados.com\/ca\/el-derecho-al-olvido-en-europa__trashed-2__trashed\/","og_locale":"ca_ES","og_type":"article","og_title":"Informaci\u00f3n sobre la modificaci\u00f3n de la Ley catalana del Impuesto sobre Sucesiones y Donaciones|Informaci\u00f3n sobre la modificaci\u00f3n de la Ley catalana del Impuesto sobre Sucesiones y Donaciones","og_description":"La modificaci\u00f3n de la Ley catalana del Impuesto sobre Sucesiones y Donaciones obliga a reevaluar las planificaciones fiscales de la sucesi\u00f3n familiar y empresarial.|La modificaci\u00f3n de la Ley catalana del Impuesto sobre Sucesiones y Donaciones obliga a reevaluar las planificaciones fiscales de la sucesi\u00f3n familiar y empresarial.","og_url":"https:\/\/augustaabogados.com\/ca\/el-derecho-al-olvido-en-europa__trashed-2__trashed\/","og_site_name":"Augusta Abogados","article_published_time":"2014-03-12T00:00:00+00:00","article_modified_time":"2024-02-06T12:17:56+00:00","author":"Augusta Abogados","twitter_card":"summary_large_image","twitter_misc":{"Escrit per":"Augusta Abogados","Temps estimat de lectura":"3 minuts"},"schema":{"@context":"https:\/\/schema.org","@graph":[{"@type":"Article","@id":"https:\/\/augustaabogados.com\/ca\/el-derecho-al-olvido-en-europa__trashed-2__trashed\/#article","isPartOf":{"@id":"https:\/\/augustaabogados.com\/ca\/el-derecho-al-olvido-en-europa__trashed-2__trashed\/"},"author":{"name":"Augusta Abogados","@id":"https:\/\/augustaabogados.com\/#\/schema\/person\/8c5e230eb6ed47cdd14ee188eb04a753"},"headline":"El Derecho al Olvido en Europa","datePublished":"2014-03-12T00:00:00+00:00","dateModified":"2024-02-06T12:17:56+00:00","mainEntityOfPage":{"@id":"https:\/\/augustaabogados.com\/ca\/el-derecho-al-olvido-en-europa__trashed-2__trashed\/"},"wordCount":1206,"publisher":{"@id":"https:\/\/augustaabogados.com\/#organization"},"inLanguage":"ca"},{"@type":["WebPage","ItemPage"],"@id":"https:\/\/augustaabogados.com\/ca\/el-derecho-al-olvido-en-europa__trashed-2__trashed\/","url":"https:\/\/augustaabogados.com\/ca\/el-derecho-al-olvido-en-europa__trashed-2__trashed\/","name":"Informaci\u00f3n sobre la modificaci\u00f3n de la Ley catalana del Impuesto sobre Sucesiones y Donaciones|Informaci\u00f3n sobre la modificaci\u00f3n de la Ley catalana del Impuesto sobre Sucesiones y Donaciones","isPartOf":{"@id":"https:\/\/augustaabogados.com\/#website"},"datePublished":"2014-03-12T00:00:00+00:00","dateModified":"2024-02-06T12:17:56+00:00","description":"La modificaci\u00f3n de la Ley catalana del Impuesto sobre Sucesiones y Donaciones obliga a reevaluar las planificaciones fiscales de la sucesi\u00f3n familiar y empresarial.|La modificaci\u00f3n de la Ley catalana del Impuesto sobre Sucesiones y Donaciones obliga a reevaluar las planificaciones fiscales de la sucesi\u00f3n familiar y empresarial.","breadcrumb":{"@id":"https:\/\/augustaabogados.com\/ca\/el-derecho-al-olvido-en-europa__trashed-2__trashed\/#breadcrumb"},"inLanguage":"ca","potentialAction":[{"@type":"ReadAction","target":["https:\/\/augustaabogados.com\/ca\/el-derecho-al-olvido-en-europa__trashed-2__trashed\/"]}]},{"@type":"BreadcrumbList","@id":"https:\/\/augustaabogados.com\/ca\/el-derecho-al-olvido-en-europa__trashed-2__trashed\/#breadcrumb","itemListElement":[{"@type":"ListItem","position":1,"name":"Portada","item":"https:\/\/augustaabogados.com\/ca\/"},{"@type":"ListItem","position":2,"name":"El Derecho al Olvido en Europa"}]},{"@type":"WebSite","@id":"https:\/\/augustaabogados.com\/#website","url":"https:\/\/augustaabogados.com\/","name":"Augusta Abogados","description":"","publisher":{"@id":"https:\/\/augustaabogados.com\/#organization"},"potentialAction":[{"@type":"SearchAction","target":{"@type":"EntryPoint","urlTemplate":"https:\/\/augustaabogados.com\/?s={search_term_string}"},"query-input":{"@type":"PropertyValueSpecification","valueRequired":true,"valueName":"search_term_string"}}],"inLanguage":"ca"},{"@type":"Organization","@id":"https:\/\/augustaabogados.com\/#organization","name":"Augusta Abogados","url":"https:\/\/augustaabogados.com\/","logo":{"@type":"ImageObject","inLanguage":"ca","@id":"https:\/\/augustaabogados.com\/#\/schema\/logo\/image\/","url":"https:\/\/augustaabogados.com\/wp-content\/uploads\/2023\/11\/LOGO-AUGUSTA.svg","contentUrl":"https:\/\/augustaabogados.com\/wp-content\/uploads\/2023\/11\/LOGO-AUGUSTA.svg","caption":"Augusta Abogados"},"image":{"@id":"https:\/\/augustaabogados.com\/#\/schema\/logo\/image\/"}},{"@type":"Person","@id":"https:\/\/augustaabogados.com\/#\/schema\/person\/8c5e230eb6ed47cdd14ee188eb04a753","name":"Augusta Abogados","image":{"@type":"ImageObject","inLanguage":"ca","@id":"https:\/\/secure.gravatar.com\/avatar\/09e6ceb5fccff542915602bda752518fa959b0df2d103d929aefa74c2909a4bc?s=96&d=mm&r=g","url":"https:\/\/secure.gravatar.com\/avatar\/09e6ceb5fccff542915602bda752518fa959b0df2d103d929aefa74c2909a4bc?s=96&d=mm&r=g","contentUrl":"https:\/\/secure.gravatar.com\/avatar\/09e6ceb5fccff542915602bda752518fa959b0df2d103d929aefa74c2909a4bc?s=96&d=mm&r=g","caption":"Augusta Abogados"}}]}},"_links":{"self":[{"href":"https:\/\/augustaabogados.com\/ca\/wp-json\/wp\/v2\/posts\/36100","targetHints":{"allow":["GET"]}}],"collection":[{"href":"https:\/\/augustaabogados.com\/ca\/wp-json\/wp\/v2\/posts"}],"about":[{"href":"https:\/\/augustaabogados.com\/ca\/wp-json\/wp\/v2\/types\/post"}],"author":[{"embeddable":true,"href":"https:\/\/augustaabogados.com\/ca\/wp-json\/wp\/v2\/users\/8"}],"replies":[{"embeddable":true,"href":"https:\/\/augustaabogados.com\/ca\/wp-json\/wp\/v2\/comments?post=36100"}],"version-history":[{"count":1,"href":"https:\/\/augustaabogados.com\/ca\/wp-json\/wp\/v2\/posts\/36100\/revisions"}],"predecessor-version":[{"id":41181,"href":"https:\/\/augustaabogados.com\/ca\/wp-json\/wp\/v2\/posts\/36100\/revisions\/41181"}],"wp:attachment":[{"href":"https:\/\/augustaabogados.com\/ca\/wp-json\/wp\/v2\/media?parent=36100"}],"wp:term":[{"taxonomy":"category","embeddable":true,"href":"https:\/\/augustaabogados.com\/ca\/wp-json\/wp\/v2\/categories?post=36100"},{"taxonomy":"post_tag","embeddable":true,"href":"https:\/\/augustaabogados.com\/ca\/wp-json\/wp\/v2\/tags?post=36100"},{"taxonomy":"servicio-asociado","embeddable":true,"href":"https:\/\/augustaabogados.com\/ca\/wp-json\/wp\/v2\/servicio-asociado?post=36100"}],"curies":[{"name":"wp","href":"https:\/\/api.w.org\/{rel}","templated":true}]}}