{"id":36131,"date":"2017-04-24T00:00:00","date_gmt":"2017-04-24T00:00:00","guid":{"rendered":"https:\/\/augustaabogados.com\/fornesa-abogados-ha-estat-distingida-per-chambers-i-legal500\/"},"modified":"2024-02-06T11:30:01","modified_gmt":"2024-02-06T11:30:01","slug":"fornesa-abogados-ha-estat-distingida-per-chambers-i-legal500","status":"publish","type":"post","link":"https:\/\/augustaabogados.com\/ca\/fornesa-abogados-ha-estat-distingida-per-chambers-i-legal500\/","title":{"rendered":"FORNESA ABOGADOS ha estat distingida per Chambers i Legal500"},"content":{"rendered":"<p><img decoding=\"async\" src=\"https:\/\/augustaabogados.com\/wp-content\/uploads\/2024\/02\/Recommended-firm-fornesa-abogados-18.jpg\" alt=\"\" width=\"100%\" \/><\/p>\n<blockquote><p>Els prestigiosos directoris de firmes\u00a0d&#8217;advocats \u0093<a href=\"http:\/\/www.chambersandpartners.com\" target=\"_blank\" rel=\"noopener noreferrer\">Chambers And Partners<\/a>\u0094\u00a0i \u0093<a href=\"http:\/\/www.legal500.com\" target=\"_blank\" rel=\"noopener noreferrer\">Legal 500<\/a>\u0094\u00a0han decidit distingir al nostre Despatx entre els millors d&#8217;Espanya en determinades \u00e0rees de pr\u00e0ctica.<\/p><\/blockquote>\n<p>[gap height=&#8221;25&#8243;]<\/p>\n<p>El directori \u0093<strong>Chambers And Partners<\/strong>\u0094 enumera des de l&#8217;any 1990 als millors despatxos i advocats en m\u00e9s de 180 pa\u00efsos. Des de les oficines centrals a Londres, el seu equip de m\u00e9s de 170 editors investiga de forma independent, mitjan\u00e7ant entrevistes amb professionals del sector i clients, als despatxos capdavanters en les respectives jurisdiccions i \u00e0rees de pr\u00e0ctica.<\/p>\n<p>\u0093<strong>Chambers And Partners<\/strong>\u0094 relaciona al nostre Despatx com a referent a l&#8217;\u00e0rea de \u0093<a href=\"http:\/\/jordim52.sg-host.com\/ca\/arees-de-practica\/juridiques\/propietat-industrial-i-intel%c2%b7lectual\/\">Intellectual Property<\/a>\u0094 para tota Espanya, situant al nostre soci <a href=\"http:\/\/jordim52.sg-host.com\/ca\/equip\/socis\/carlos-valls-martinez\/\"><strong>Carlos Valls<\/strong><\/a> en la <em>Banda 4<\/em> d&#8217;advocats recomanats per a q\u00fcestions de patents i marques. El mateix directori considera que el nostre Despatx \u00e9s capdavanter a Barcelona a les \u00e0rees de \u0093<a href=\"http:\/\/jordim52.sg-host.com\/ca\/arees-de-practica\/juridiques\/laboral\/\">Employment<\/a>\u0094 (destacant a <a href=\"http:\/\/jordim52.sg-host.com\/ca\/equip\/socis\/juan-jose-hita-fernandez\/\"><strong>Juan Jos\u00e9 Hita<\/strong><\/a> en la <em>Banda 3<\/em> d&#8217;advocats recomanats), \u0093<a href=\"http:\/\/jordim52.sg-host.com\/ca\/arees-de-practica\/juridiques\/reestructuracions-i-insolvencies\/\">Restructuring \/ Insolvency<\/a>\u0094 (amb <a href=\"http:\/\/jordim52.sg-host.com\/ca\/equip\/socis\/alicia-herrador-munoz\/\"><strong>Alicia Herrador<\/strong><\/a> en la <em>Banda 3<\/em>) i \u0093<a href=\"http:\/\/jordim52.sg-host.com\/ca\/arees-de-practica\/juridiques\/mercantil-i-societari\/\">Corporate \/ Commercial<\/a>\u0094 (amb <a href=\"http:\/\/jordim52.sg-host.com\/ca\/equip\/socis\/tomas-fornesa-rebes\/\"><strong>Tom\u00e1s Fornesa<\/strong><\/a> en la <em>Banda 4<\/em>).<\/p>\n<p>[hr style=&#8221;1&#8243;]<\/p>\n<p>Per la seva banda, <strong>The Legal 500 Europe, Middle East and Africa (EMEA)<\/strong> ve oferint des de 1991 de forma anual opinions imparcials sobre les firmes i advocats capdavanters a tot el m\u00f3n. En l&#8217;actualitat, la zona EMEA compr\u00e8n 81 pa\u00efsos i relaciona a m\u00e9s de 2.700 despatxos d&#8217;advocats. El directori tamb\u00e9 basa les seves recomanacions en recerques realitzades de forma independent, i t\u00e9 en compte les operacions realitzades pels despatxos durant l&#8217;any anterior, l&#8217;experi\u00e8ncia i tamany dels equips, les especialitats de les diverses \u00e0rees de pr\u00e0ctica i, molt especialment, les opinions dels clients de les firmes d&#8217;advocats.<\/p>\n<p>En la present edici\u00f3, Legal 500 considera que FORNESA ABOGADOS es troba en la banda m\u00e9s alta (\u0093<strong>Top Tier<\/strong>\u0094) a l&#8217;\u00e0rea de pr\u00e0ctica de \u0093Transport \u0096 Altres Mitjans de Transport\u0094, reconeixent aix\u00ed l&#8217;experi\u00e8ncia i alt coneixement del mercat del nostre equip de <a href=\"http:\/\/jordim52.sg-host.com\/ca\/arees-de-practica\/sectors\/aviacio\/\">Dret Aeron\u00e0utic<\/a>. El Directori recomana als dos socis responsables del Departament, <a href=\"http:\/\/jordim52.sg-host.com\/ca\/equip\/socis\/jaime-fernandez-cortes\/\"><strong>Jaime Fern\u00e1ndez <\/strong><\/a>i <a href=\"http:\/\/jordim52.sg-host.com\/ca\/equip\/socis\/sergi-gimenez-binder\/\"><strong>Sergi Gim\u00e9nez<\/strong><\/a> i distingeix a aquest \u00faltim com un dels cinc \u0093Leading Individuals\u0094 d&#8217;aquest sector.<\/p>\n<p>[hr style=&#8221;1&#8243;]<\/p>\n<p><strong>FORNESA ABOGADOS<\/strong> tamb\u00e9 ha obtingut reconeixement a les \u00e0rees de \u0093<a href=\"http:\/\/jordim52.sg-host.com\/ca\/arees-de-practica\/juridiques\/mercantil-i-societari\/\">Commercial, Corporate &amp; M&amp;A<\/a>\u0094 i de \u0093<a href=\"http:\/\/jordim52.sg-host.com\/ca\/arees-de-practica\/juridiques\/propietat-industrial-i-intel%c2%b7lectual\/\">Intellectual Property<\/a>\u0094, a c\u00e0rrec de <a href=\"http:\/\/jordim52.sg-host.com\/ca\/equip\/socis\/tomas-fornesa-rebes\/\"><strong>Tom\u00e1s Fornesa<\/strong><\/a> i <a href=\"http:\/\/jordim52.sg-host.com\/ca\/equip\/socis\/carlos-valls-martinez\/\"><strong>Carlos Valls<\/strong><\/a> respectivament. Tots dos figuren tamb\u00e9 entre l&#8217;elenc d&#8217;advocats especialistes recomanats a Espanya.<\/p>\n<p>Aquests reconeixements no serien possibles sense el suport constant de tots els membres del Despatx i sense les nostres pol\u00edtiques de formaci\u00f3 continuada. Suposen un esper\u00f3 per continuar en la l\u00ednia d&#8217;oferir serveis jur\u00eddics d&#8217;alt valor afegit en \u00e0rees que requereixen una gran especialitzaci\u00f3 i respostes \u00e0gils i eficaces en inter\u00e8s dels nostres clients, als quals sens dubte hem d&#8217;agrair la confian\u00e7a dipositada en el nostre Despatx.<\/p>\n","protected":false},"excerpt":{"rendered":"<p>Els prestigiosos directoris de firmes\u00a0d&#8217;advocats \u0093Chambers And Partners\u0094\u00a0i \u0093Legal 500\u0094\u00a0han decidit distingir al nostre Despatx entre els millors d&#8217;Espanya en determinades \u00e0rees de pr\u00e0ctica. [gap height=&#8221;25&#8243;] El directori \u0093Chambers And Partners\u0094 enumera des de l&#8217;any 1990 als millors despatxos i advocats en m\u00e9s de 180 pa\u00efsos. Des de les oficines centrals a Londres, el seu [&hellip;]<\/p>\n","protected":false},"author":8,"featured_media":33899,"comment_status":"closed","ping_status":"open","sticky":false,"template":"","format":"standard","meta":{"content-type":"","site-sidebar-layout":"no-sidebar","site-content-layout":"page-builder","ast-site-content-layout":"default","site-content-style":"default","site-sidebar-style":"default","ast-global-header-display":"","ast-banner-title-visibility":"","ast-main-header-display":"","ast-hfb-above-header-display":"","ast-hfb-below-header-display":"","ast-hfb-mobile-header-display":"","site-post-title":"","ast-breadcrumbs-content":"","ast-featured-img":"","footer-sml-layout":"","ast-disable-related-posts":"","theme-transparent-header-meta":"disabled","adv-header-id-meta":"","stick-header-meta":"","header-above-stick-meta":"","header-main-stick-meta":"","header-below-stick-meta":"","astra-migrate-meta-layouts":"set","ast-page-background-enabled":"default","ast-page-background-meta":{"desktop":{"background-color":"var(--ast-global-color-4)","background-image":"","background-repeat":"repeat","background-position":"center center","background-size":"auto","background-attachment":"scroll","background-type":"","background-media":"","overlay-type":"","overlay-color":"","overlay-opacity":"","overlay-gradient":""},"tablet":{"background-color":"","background-image":"","background-repeat":"repeat","background-position":"center center","background-size":"auto","background-attachment":"scroll","background-type":"","background-media":"","overlay-type":"","overlay-color":"","overlay-opacity":"","overlay-gradient":""},"mobile":{"background-color":"","background-image":"","background-repeat":"repeat","background-position":"center center","background-size":"auto","background-attachment":"scroll","background-type":"","background-media":"","overlay-type":"","overlay-color":"","overlay-opacity":"","overlay-gradient":""}},"ast-content-background-meta":{"desktop":{"background-color":"var(--ast-global-color-5)","background-image":"","background-repeat":"repeat","background-position":"center center","background-size":"auto","background-attachment":"scroll","background-type":"","background-media":"","overlay-type":"","overlay-color":"","overlay-opacity":"","overlay-gradient":""},"tablet":{"background-color":"var(--ast-global-color-5)","background-image":"","background-repeat":"repeat","background-position":"center center","background-size":"auto","background-attachment":"scroll","background-type":"","background-media":"","overlay-type":"","overlay-color":"","overlay-opacity":"","overlay-gradient":""},"mobile":{"background-color":"var(--ast-global-color-5)","background-image":"","background-repeat":"repeat","background-position":"center center","background-size":"auto","background-attachment":"scroll","background-type":"","background-media":"","overlay-type":"","overlay-color":"","overlay-opacity":"","overlay-gradient":""}},"footnotes":""},"categories":[1895],"tags":[3927,200],"servicio-asociado":[1850,1858,1864],"class_list":["post-36131","post","type-post","status-publish","format-standard","has-post-thumbnail","hentry","category-nota-propia-comunicat","tag-chambers-and-partners","tag-legal500","servicio-asociado-aviacion-ca","servicio-asociado-laboral-ca","servicio-asociado-reestructuraciones-e-insolvencias-ca"],"acf":[],"yoast_head":"<!-- This site is optimized with the Yoast SEO plugin v27.4 - https:\/\/yoast.com\/product\/yoast-seo-wordpress\/ -->\n<title>Informaci\u00f3n sobre la modificaci\u00f3n de la Ley catalana del Impuesto sobre Sucesiones y Donaciones|Informaci\u00f3n sobre la modificaci\u00f3n de la Ley catalana del Impuesto sobre Sucesiones y Donaciones<\/title>\n<meta name=\"description\" content=\"La modificaci\u00f3n de la Ley catalana del Impuesto sobre Sucesiones y Donaciones obliga a reevaluar las planificaciones fiscales de la sucesi\u00f3n familiar y empresarial.|La modificaci\u00f3n de la Ley catalana del Impuesto sobre Sucesiones y Donaciones obliga a reevaluar las planificaciones fiscales de la sucesi\u00f3n familiar y empresarial.\" \/>\n<meta name=\"robots\" content=\"index, follow, max-snippet:-1, max-image-preview:large, max-video-preview:-1\" \/>\n<link rel=\"canonical\" href=\"https:\/\/augustaabogados.com\/ca\/fornesa-abogados-ha-estat-distingida-per-chambers-i-legal500\/\" \/>\n<meta property=\"og:locale\" content=\"ca_ES\" \/>\n<meta property=\"og:type\" content=\"article\" \/>\n<meta property=\"og:title\" content=\"Informaci\u00f3n sobre la modificaci\u00f3n de la Ley catalana del Impuesto sobre Sucesiones y Donaciones|Informaci\u00f3n sobre la modificaci\u00f3n de la Ley catalana del Impuesto sobre Sucesiones y Donaciones\" \/>\n<meta property=\"og:description\" content=\"La modificaci\u00f3n de la Ley catalana del Impuesto sobre Sucesiones y Donaciones obliga a reevaluar las planificaciones fiscales de la sucesi\u00f3n familiar y empresarial.|La modificaci\u00f3n de la Ley catalana del Impuesto sobre Sucesiones y Donaciones obliga a reevaluar las planificaciones fiscales de la sucesi\u00f3n familiar y empresarial.\" \/>\n<meta property=\"og:url\" content=\"https:\/\/augustaabogados.com\/ca\/fornesa-abogados-ha-estat-distingida-per-chambers-i-legal500\/\" \/>\n<meta property=\"og:site_name\" content=\"Augusta Abogados\" \/>\n<meta property=\"article:published_time\" content=\"2017-04-24T00:00:00+00:00\" \/>\n<meta property=\"article:modified_time\" content=\"2024-02-06T11:30:01+00:00\" \/>\n<meta property=\"og:image\" content=\"https:\/\/augustaabogados.com\/wp-content\/uploads\/2024\/02\/Recommended-firm-fornesa-abogados-17.jpg\" \/>\n\t<meta property=\"og:image:width\" content=\"1460\" \/>\n\t<meta property=\"og:image:height\" content=\"413\" \/>\n\t<meta property=\"og:image:type\" content=\"image\/jpeg\" \/>\n<meta name=\"author\" content=\"Augusta Abogados\" \/>\n<meta name=\"twitter:card\" content=\"summary_large_image\" \/>\n<meta name=\"twitter:label1\" content=\"Escrit per\" \/>\n\t<meta name=\"twitter:data1\" content=\"Augusta Abogados\" \/>\n\t<meta name=\"twitter:label2\" content=\"Temps estimat de lectura\" \/>\n\t<meta name=\"twitter:data2\" content=\"3 minuts\" \/>\n<script type=\"application\/ld+json\" class=\"yoast-schema-graph\">{\"@context\":\"https:\\\/\\\/schema.org\",\"@graph\":[{\"@type\":\"Article\",\"@id\":\"https:\\\/\\\/augustaabogados.com\\\/ca\\\/fornesa-abogados-ha-estat-distingida-per-chambers-i-legal500\\\/#article\",\"isPartOf\":{\"@id\":\"https:\\\/\\\/augustaabogados.com\\\/ca\\\/fornesa-abogados-ha-estat-distingida-per-chambers-i-legal500\\\/\"},\"author\":{\"name\":\"Augusta Abogados\",\"@id\":\"https:\\\/\\\/augustaabogados.com\\\/#\\\/schema\\\/person\\\/8c5e230eb6ed47cdd14ee188eb04a753\"},\"headline\":\"FORNESA ABOGADOS ha estat distingida per Chambers i Legal500\",\"datePublished\":\"2017-04-24T00:00:00+00:00\",\"dateModified\":\"2024-02-06T11:30:01+00:00\",\"mainEntityOfPage\":{\"@id\":\"https:\\\/\\\/augustaabogados.com\\\/ca\\\/fornesa-abogados-ha-estat-distingida-per-chambers-i-legal500\\\/\"},\"wordCount\":492,\"publisher\":{\"@id\":\"https:\\\/\\\/augustaabogados.com\\\/#organization\"},\"image\":{\"@id\":\"https:\\\/\\\/augustaabogados.com\\\/ca\\\/fornesa-abogados-ha-estat-distingida-per-chambers-i-legal500\\\/#primaryimage\"},\"thumbnailUrl\":\"https:\\\/\\\/augustaabogados.com\\\/wp-content\\\/uploads\\\/2024\\\/02\\\/Recommended-firm-fornesa-abogados-17.jpg\",\"keywords\":[\"Chambers and Partners\",\"Legal500\"],\"articleSection\":[\"NOTA DE PREMSA\"],\"inLanguage\":\"ca\"},{\"@type\":[\"WebPage\",\"ItemPage\"],\"@id\":\"https:\\\/\\\/augustaabogados.com\\\/ca\\\/fornesa-abogados-ha-estat-distingida-per-chambers-i-legal500\\\/\",\"url\":\"https:\\\/\\\/augustaabogados.com\\\/ca\\\/fornesa-abogados-ha-estat-distingida-per-chambers-i-legal500\\\/\",\"name\":\"Informaci\u00f3n sobre la modificaci\u00f3n de la Ley catalana del Impuesto sobre Sucesiones y Donaciones|Informaci\u00f3n sobre la modificaci\u00f3n de la Ley catalana del Impuesto sobre Sucesiones y Donaciones\",\"isPartOf\":{\"@id\":\"https:\\\/\\\/augustaabogados.com\\\/#website\"},\"primaryImageOfPage\":{\"@id\":\"https:\\\/\\\/augustaabogados.com\\\/ca\\\/fornesa-abogados-ha-estat-distingida-per-chambers-i-legal500\\\/#primaryimage\"},\"image\":{\"@id\":\"https:\\\/\\\/augustaabogados.com\\\/ca\\\/fornesa-abogados-ha-estat-distingida-per-chambers-i-legal500\\\/#primaryimage\"},\"thumbnailUrl\":\"https:\\\/\\\/augustaabogados.com\\\/wp-content\\\/uploads\\\/2024\\\/02\\\/Recommended-firm-fornesa-abogados-17.jpg\",\"datePublished\":\"2017-04-24T00:00:00+00:00\",\"dateModified\":\"2024-02-06T11:30:01+00:00\",\"description\":\"La modificaci\u00f3n de la Ley catalana del Impuesto sobre Sucesiones y Donaciones obliga a reevaluar las planificaciones fiscales de la sucesi\u00f3n familiar y empresarial.|La modificaci\u00f3n de la Ley catalana del Impuesto sobre Sucesiones y Donaciones obliga a reevaluar las planificaciones fiscales de la sucesi\u00f3n familiar y empresarial.\",\"breadcrumb\":{\"@id\":\"https:\\\/\\\/augustaabogados.com\\\/ca\\\/fornesa-abogados-ha-estat-distingida-per-chambers-i-legal500\\\/#breadcrumb\"},\"inLanguage\":\"ca\",\"potentialAction\":[{\"@type\":\"ReadAction\",\"target\":[\"https:\\\/\\\/augustaabogados.com\\\/ca\\\/fornesa-abogados-ha-estat-distingida-per-chambers-i-legal500\\\/\"]}]},{\"@type\":\"ImageObject\",\"inLanguage\":\"ca\",\"@id\":\"https:\\\/\\\/augustaabogados.com\\\/ca\\\/fornesa-abogados-ha-estat-distingida-per-chambers-i-legal500\\\/#primaryimage\",\"url\":\"https:\\\/\\\/augustaabogados.com\\\/wp-content\\\/uploads\\\/2024\\\/02\\\/Recommended-firm-fornesa-abogados-17.jpg\",\"contentUrl\":\"https:\\\/\\\/augustaabogados.com\\\/wp-content\\\/uploads\\\/2024\\\/02\\\/Recommended-firm-fornesa-abogados-17.jpg\",\"width\":1460,\"height\":413},{\"@type\":\"BreadcrumbList\",\"@id\":\"https:\\\/\\\/augustaabogados.com\\\/ca\\\/fornesa-abogados-ha-estat-distingida-per-chambers-i-legal500\\\/#breadcrumb\",\"itemListElement\":[{\"@type\":\"ListItem\",\"position\":1,\"name\":\"Portada\",\"item\":\"https:\\\/\\\/augustaabogados.com\\\/ca\\\/\"},{\"@type\":\"ListItem\",\"position\":2,\"name\":\"FORNESA ABOGADOS ha estat distingida per Chambers i Legal500\"}]},{\"@type\":\"WebSite\",\"@id\":\"https:\\\/\\\/augustaabogados.com\\\/#website\",\"url\":\"https:\\\/\\\/augustaabogados.com\\\/\",\"name\":\"Augusta Abogados\",\"description\":\"\",\"publisher\":{\"@id\":\"https:\\\/\\\/augustaabogados.com\\\/#organization\"},\"potentialAction\":[{\"@type\":\"SearchAction\",\"target\":{\"@type\":\"EntryPoint\",\"urlTemplate\":\"https:\\\/\\\/augustaabogados.com\\\/?s={search_term_string}\"},\"query-input\":{\"@type\":\"PropertyValueSpecification\",\"valueRequired\":true,\"valueName\":\"search_term_string\"}}],\"inLanguage\":\"ca\"},{\"@type\":\"Organization\",\"@id\":\"https:\\\/\\\/augustaabogados.com\\\/#organization\",\"name\":\"Augusta Abogados\",\"url\":\"https:\\\/\\\/augustaabogados.com\\\/\",\"logo\":{\"@type\":\"ImageObject\",\"inLanguage\":\"ca\",\"@id\":\"https:\\\/\\\/augustaabogados.com\\\/#\\\/schema\\\/logo\\\/image\\\/\",\"url\":\"https:\\\/\\\/augustaabogados.com\\\/wp-content\\\/uploads\\\/2023\\\/11\\\/LOGO-AUGUSTA.svg\",\"contentUrl\":\"https:\\\/\\\/augustaabogados.com\\\/wp-content\\\/uploads\\\/2023\\\/11\\\/LOGO-AUGUSTA.svg\",\"caption\":\"Augusta Abogados\"},\"image\":{\"@id\":\"https:\\\/\\\/augustaabogados.com\\\/#\\\/schema\\\/logo\\\/image\\\/\"}},{\"@type\":\"Person\",\"@id\":\"https:\\\/\\\/augustaabogados.com\\\/#\\\/schema\\\/person\\\/8c5e230eb6ed47cdd14ee188eb04a753\",\"name\":\"Augusta Abogados\",\"image\":{\"@type\":\"ImageObject\",\"inLanguage\":\"ca\",\"@id\":\"https:\\\/\\\/secure.gravatar.com\\\/avatar\\\/09e6ceb5fccff542915602bda752518fa959b0df2d103d929aefa74c2909a4bc?s=96&d=mm&r=g\",\"url\":\"https:\\\/\\\/secure.gravatar.com\\\/avatar\\\/09e6ceb5fccff542915602bda752518fa959b0df2d103d929aefa74c2909a4bc?s=96&d=mm&r=g\",\"contentUrl\":\"https:\\\/\\\/secure.gravatar.com\\\/avatar\\\/09e6ceb5fccff542915602bda752518fa959b0df2d103d929aefa74c2909a4bc?s=96&d=mm&r=g\",\"caption\":\"Augusta Abogados\"}}]}<\/script>\n<!-- \/ Yoast SEO plugin. -->","yoast_head_json":{"title":"Informaci\u00f3n sobre la modificaci\u00f3n de la Ley catalana del Impuesto sobre Sucesiones y Donaciones|Informaci\u00f3n sobre la modificaci\u00f3n de la Ley catalana del Impuesto sobre Sucesiones y Donaciones","description":"La modificaci\u00f3n de la Ley catalana del Impuesto sobre Sucesiones y Donaciones obliga a reevaluar las planificaciones fiscales de la sucesi\u00f3n familiar y empresarial.|La modificaci\u00f3n de la Ley catalana del Impuesto sobre Sucesiones y Donaciones obliga a reevaluar las planificaciones fiscales de la sucesi\u00f3n familiar y empresarial.","robots":{"index":"index","follow":"follow","max-snippet":"max-snippet:-1","max-image-preview":"max-image-preview:large","max-video-preview":"max-video-preview:-1"},"canonical":"https:\/\/augustaabogados.com\/ca\/fornesa-abogados-ha-estat-distingida-per-chambers-i-legal500\/","og_locale":"ca_ES","og_type":"article","og_title":"Informaci\u00f3n sobre la modificaci\u00f3n de la Ley catalana del Impuesto sobre Sucesiones y Donaciones|Informaci\u00f3n sobre la modificaci\u00f3n de la Ley catalana del Impuesto sobre Sucesiones y Donaciones","og_description":"La modificaci\u00f3n de la Ley catalana del Impuesto sobre Sucesiones y Donaciones obliga a reevaluar las planificaciones fiscales de la sucesi\u00f3n familiar y empresarial.|La modificaci\u00f3n de la Ley catalana del Impuesto sobre Sucesiones y Donaciones obliga a reevaluar las planificaciones fiscales de la sucesi\u00f3n familiar y empresarial.","og_url":"https:\/\/augustaabogados.com\/ca\/fornesa-abogados-ha-estat-distingida-per-chambers-i-legal500\/","og_site_name":"Augusta Abogados","article_published_time":"2017-04-24T00:00:00+00:00","article_modified_time":"2024-02-06T11:30:01+00:00","og_image":[{"width":1460,"height":413,"url":"https:\/\/augustaabogados.com\/wp-content\/uploads\/2024\/02\/Recommended-firm-fornesa-abogados-17.jpg","type":"image\/jpeg"}],"author":"Augusta Abogados","twitter_card":"summary_large_image","twitter_misc":{"Escrit per":"Augusta Abogados","Temps estimat de lectura":"3 minuts"},"schema":{"@context":"https:\/\/schema.org","@graph":[{"@type":"Article","@id":"https:\/\/augustaabogados.com\/ca\/fornesa-abogados-ha-estat-distingida-per-chambers-i-legal500\/#article","isPartOf":{"@id":"https:\/\/augustaabogados.com\/ca\/fornesa-abogados-ha-estat-distingida-per-chambers-i-legal500\/"},"author":{"name":"Augusta Abogados","@id":"https:\/\/augustaabogados.com\/#\/schema\/person\/8c5e230eb6ed47cdd14ee188eb04a753"},"headline":"FORNESA ABOGADOS ha estat distingida per Chambers i Legal500","datePublished":"2017-04-24T00:00:00+00:00","dateModified":"2024-02-06T11:30:01+00:00","mainEntityOfPage":{"@id":"https:\/\/augustaabogados.com\/ca\/fornesa-abogados-ha-estat-distingida-per-chambers-i-legal500\/"},"wordCount":492,"publisher":{"@id":"https:\/\/augustaabogados.com\/#organization"},"image":{"@id":"https:\/\/augustaabogados.com\/ca\/fornesa-abogados-ha-estat-distingida-per-chambers-i-legal500\/#primaryimage"},"thumbnailUrl":"https:\/\/augustaabogados.com\/wp-content\/uploads\/2024\/02\/Recommended-firm-fornesa-abogados-17.jpg","keywords":["Chambers and Partners","Legal500"],"articleSection":["NOTA DE PREMSA"],"inLanguage":"ca"},{"@type":["WebPage","ItemPage"],"@id":"https:\/\/augustaabogados.com\/ca\/fornesa-abogados-ha-estat-distingida-per-chambers-i-legal500\/","url":"https:\/\/augustaabogados.com\/ca\/fornesa-abogados-ha-estat-distingida-per-chambers-i-legal500\/","name":"Informaci\u00f3n sobre la modificaci\u00f3n de la Ley catalana del Impuesto sobre Sucesiones y Donaciones|Informaci\u00f3n sobre la modificaci\u00f3n de la Ley catalana del Impuesto sobre Sucesiones y Donaciones","isPartOf":{"@id":"https:\/\/augustaabogados.com\/#website"},"primaryImageOfPage":{"@id":"https:\/\/augustaabogados.com\/ca\/fornesa-abogados-ha-estat-distingida-per-chambers-i-legal500\/#primaryimage"},"image":{"@id":"https:\/\/augustaabogados.com\/ca\/fornesa-abogados-ha-estat-distingida-per-chambers-i-legal500\/#primaryimage"},"thumbnailUrl":"https:\/\/augustaabogados.com\/wp-content\/uploads\/2024\/02\/Recommended-firm-fornesa-abogados-17.jpg","datePublished":"2017-04-24T00:00:00+00:00","dateModified":"2024-02-06T11:30:01+00:00","description":"La modificaci\u00f3n de la Ley catalana del Impuesto sobre Sucesiones y Donaciones obliga a reevaluar las planificaciones fiscales de la sucesi\u00f3n familiar y empresarial.|La modificaci\u00f3n de la Ley catalana del Impuesto sobre Sucesiones y Donaciones obliga a reevaluar las planificaciones fiscales de la sucesi\u00f3n familiar y empresarial.","breadcrumb":{"@id":"https:\/\/augustaabogados.com\/ca\/fornesa-abogados-ha-estat-distingida-per-chambers-i-legal500\/#breadcrumb"},"inLanguage":"ca","potentialAction":[{"@type":"ReadAction","target":["https:\/\/augustaabogados.com\/ca\/fornesa-abogados-ha-estat-distingida-per-chambers-i-legal500\/"]}]},{"@type":"ImageObject","inLanguage":"ca","@id":"https:\/\/augustaabogados.com\/ca\/fornesa-abogados-ha-estat-distingida-per-chambers-i-legal500\/#primaryimage","url":"https:\/\/augustaabogados.com\/wp-content\/uploads\/2024\/02\/Recommended-firm-fornesa-abogados-17.jpg","contentUrl":"https:\/\/augustaabogados.com\/wp-content\/uploads\/2024\/02\/Recommended-firm-fornesa-abogados-17.jpg","width":1460,"height":413},{"@type":"BreadcrumbList","@id":"https:\/\/augustaabogados.com\/ca\/fornesa-abogados-ha-estat-distingida-per-chambers-i-legal500\/#breadcrumb","itemListElement":[{"@type":"ListItem","position":1,"name":"Portada","item":"https:\/\/augustaabogados.com\/ca\/"},{"@type":"ListItem","position":2,"name":"FORNESA ABOGADOS ha estat distingida per Chambers i Legal500"}]},{"@type":"WebSite","@id":"https:\/\/augustaabogados.com\/#website","url":"https:\/\/augustaabogados.com\/","name":"Augusta Abogados","description":"","publisher":{"@id":"https:\/\/augustaabogados.com\/#organization"},"potentialAction":[{"@type":"SearchAction","target":{"@type":"EntryPoint","urlTemplate":"https:\/\/augustaabogados.com\/?s={search_term_string}"},"query-input":{"@type":"PropertyValueSpecification","valueRequired":true,"valueName":"search_term_string"}}],"inLanguage":"ca"},{"@type":"Organization","@id":"https:\/\/augustaabogados.com\/#organization","name":"Augusta Abogados","url":"https:\/\/augustaabogados.com\/","logo":{"@type":"ImageObject","inLanguage":"ca","@id":"https:\/\/augustaabogados.com\/#\/schema\/logo\/image\/","url":"https:\/\/augustaabogados.com\/wp-content\/uploads\/2023\/11\/LOGO-AUGUSTA.svg","contentUrl":"https:\/\/augustaabogados.com\/wp-content\/uploads\/2023\/11\/LOGO-AUGUSTA.svg","caption":"Augusta Abogados"},"image":{"@id":"https:\/\/augustaabogados.com\/#\/schema\/logo\/image\/"}},{"@type":"Person","@id":"https:\/\/augustaabogados.com\/#\/schema\/person\/8c5e230eb6ed47cdd14ee188eb04a753","name":"Augusta Abogados","image":{"@type":"ImageObject","inLanguage":"ca","@id":"https:\/\/secure.gravatar.com\/avatar\/09e6ceb5fccff542915602bda752518fa959b0df2d103d929aefa74c2909a4bc?s=96&d=mm&r=g","url":"https:\/\/secure.gravatar.com\/avatar\/09e6ceb5fccff542915602bda752518fa959b0df2d103d929aefa74c2909a4bc?s=96&d=mm&r=g","contentUrl":"https:\/\/secure.gravatar.com\/avatar\/09e6ceb5fccff542915602bda752518fa959b0df2d103d929aefa74c2909a4bc?s=96&d=mm&r=g","caption":"Augusta Abogados"}}]}},"_links":{"self":[{"href":"https:\/\/augustaabogados.com\/ca\/wp-json\/wp\/v2\/posts\/36131","targetHints":{"allow":["GET"]}}],"collection":[{"href":"https:\/\/augustaabogados.com\/ca\/wp-json\/wp\/v2\/posts"}],"about":[{"href":"https:\/\/augustaabogados.com\/ca\/wp-json\/wp\/v2\/types\/post"}],"author":[{"embeddable":true,"href":"https:\/\/augustaabogados.com\/ca\/wp-json\/wp\/v2\/users\/8"}],"replies":[{"embeddable":true,"href":"https:\/\/augustaabogados.com\/ca\/wp-json\/wp\/v2\/comments?post=36131"}],"version-history":[{"count":1,"href":"https:\/\/augustaabogados.com\/ca\/wp-json\/wp\/v2\/posts\/36131\/revisions"}],"predecessor-version":[{"id":36135,"href":"https:\/\/augustaabogados.com\/ca\/wp-json\/wp\/v2\/posts\/36131\/revisions\/36135"}],"wp:featuredmedia":[{"embeddable":true,"href":"https:\/\/augustaabogados.com\/ca\/wp-json\/wp\/v2\/media\/33899"}],"wp:attachment":[{"href":"https:\/\/augustaabogados.com\/ca\/wp-json\/wp\/v2\/media?parent=36131"}],"wp:term":[{"taxonomy":"category","embeddable":true,"href":"https:\/\/augustaabogados.com\/ca\/wp-json\/wp\/v2\/categories?post=36131"},{"taxonomy":"post_tag","embeddable":true,"href":"https:\/\/augustaabogados.com\/ca\/wp-json\/wp\/v2\/tags?post=36131"},{"taxonomy":"servicio-asociado","embeddable":true,"href":"https:\/\/augustaabogados.com\/ca\/wp-json\/wp\/v2\/servicio-asociado?post=36131"}],"curies":[{"name":"wp","href":"https:\/\/api.w.org\/{rel}","templated":true}]}}