{"id":36139,"date":"2017-05-15T00:00:00","date_gmt":"2017-05-15T00:00:00","guid":{"rendered":"https:\/\/augustaabogados.com\/fornesa-abogados-incorpora-la-maria-jose-sanchez-com-socia-de-laboral\/"},"modified":"2024-02-06T11:29:58","modified_gmt":"2024-02-06T11:29:58","slug":"fornesa-abogados-incorpora-la-maria-jose-sanchez-com-socia-de-laboral","status":"publish","type":"post","link":"https:\/\/augustaabogados.com\/ca\/fornesa-abogados-incorpora-la-maria-jose-sanchez-com-socia-de-laboral\/","title":{"rendered":"FORNESA ABOGADOS incorpora la Mar\u00eda Jos\u00e9 S\u00e1nchez com s\u00f2cia de laboral"},"content":{"rendered":"<p><a href=\"http:\/\/jordim52.sg-host.com\/ca\/arees-de-practica\/juridiques\/laboral\/\">L\u0092\u00c0rea Laboral<\/a> de FORNESA ABOGADOS ha incorporat la <a href=\"http:\/\/jordim52.sg-host.com\/ca\/equip\/socis\/maria-jose-sanchez\/\">Mar\u00eda Jos\u00e9 S\u00e1nchez<\/a> com a s\u00f2cia de la firma. La Mar\u00eda Jos\u00e9, despr\u00e9s d\u0092un stage a Clifford Chance es va incorporar com a advocada del departament laboral de Landwell-PWC Tax&amp;Legal al 2001, on ha exercit la major part de la seva brillant carrera professional aconseguint la categoria de Directora a l\u0092\u00c0rea Laboral de l\u0092oficina de Barcelona.<\/p>\n<p>La Mar\u00eda Jos\u00e9 compta amb una s\u00f2lida reputaci\u00f3 al mercat laboral catal\u00e0 i ha participat en assumptes de rellev\u00e0ncia per clients tant nacionals com internacionals, en tot tipus d\u0092assumptes en mat\u00e8ria de relacions laborals, al sector p\u00fablic i privat. Compta amb una s\u00f2lida experi\u00e8ncia en litigis davant la Jurisdicci\u00f3 Social, en processos d\u0092acomiadament col\u00b7lectiu i racionalitzaci\u00f3 de costos salarials, en negociaci\u00f3 col\u00b7lectiva i en l\u0092assessorament laboral en processos de reestructuracions mercantils i societ\u00e0ries. Aix\u00ed mateix, \u00e9s experta en l\u0092assessorament jur\u00eddic-laboral i de Seguretat Social en mat\u00e8ria d\u0092expatriats\/impatriats, aix\u00ed com en l\u0092assessorament jur\u00eddic-laboral en mat\u00e8ria de Prevenci\u00f3 de Riscos Laborals. La Mar\u00eda Jos\u00e9 \u00e9s Llicenciada en Dret per la Universitat de Sevilla, M\u00e0ster en Assessoria Jur\u00eddica d\u0092Empreses per l\u0092IE, EMBA per ESADE i col\u00b7laboradora acad\u00e8mica a diverses entitats formatives.<\/p>\n<p>La Mar\u00eda Jos\u00e9 s\u0092uneix a l\u0092equip d\u0092advocats del departament laboral de FORNESA ABOGADOS liderat per en Juan Jos\u00e9 Hita, qui ha destacat la qualitat professional i humana de la Mar\u00eda Jos\u00e9. Aquesta incorporaci\u00f3 suposa una fita significativa a la l\u00ednia de creixement i consolidaci\u00f3 de l\u0092\u00e0rea i del despatx en general, que el seu objectiu \u00e9s ser un dels referents en l\u0092assessorament laboral. La Mar\u00eda Jos\u00e9 contribuir\u00e0 aix\u00ed mateix al desenvolupament de la xarxa internacional d\u0092advocats laboralistes Innangard (<a href=\"http:\/\/www.innangardglobal.com\" target=\"_blank\" rel=\"noopener noreferrer\">www.innangardglobal.com<\/a>) de la qual FORNESA ABOGADOS en forma part des dels seus or\u00edgens.<\/p>\n","protected":false},"excerpt":{"rendered":"<p>L\u0092\u00c0rea Laboral de FORNESA ABOGADOS ha incorporat la Mar\u00eda Jos\u00e9 S\u00e1nchez com a s\u00f2cia de la firma. La Mar\u00eda Jos\u00e9, despr\u00e9s d\u0092un stage a Clifford Chance es va incorporar com a advocada del departament laboral de Landwell-PWC Tax&amp;Legal al 2001, on ha exercit la major part de la seva brillant carrera professional aconseguint la categoria [&hellip;]<\/p>\n","protected":false},"author":8,"featured_media":0,"comment_status":"closed","ping_status":"open","sticky":false,"template":"","format":"standard","meta":{"content-type":"","site-sidebar-layout":"no-sidebar","site-content-layout":"page-builder","ast-site-content-layout":"default","site-content-style":"default","site-sidebar-style":"default","ast-global-header-display":"","ast-banner-title-visibility":"","ast-main-header-display":"","ast-hfb-above-header-display":"","ast-hfb-below-header-display":"","ast-hfb-mobile-header-display":"","site-post-title":"","ast-breadcrumbs-content":"","ast-featured-img":"","footer-sml-layout":"","ast-disable-related-posts":"","theme-transparent-header-meta":"disabled","adv-header-id-meta":"","stick-header-meta":"","header-above-stick-meta":"","header-main-stick-meta":"","header-below-stick-meta":"","astra-migrate-meta-layouts":"set","ast-page-background-enabled":"default","ast-page-background-meta":{"desktop":{"background-color":"var(--ast-global-color-4)","background-image":"","background-repeat":"repeat","background-position":"center center","background-size":"auto","background-attachment":"scroll","background-type":"","background-media":"","overlay-type":"","overlay-color":"","overlay-opacity":"","overlay-gradient":""},"tablet":{"background-color":"","background-image":"","background-repeat":"repeat","background-position":"center center","background-size":"auto","background-attachment":"scroll","background-type":"","background-media":"","overlay-type":"","overlay-color":"","overlay-opacity":"","overlay-gradient":""},"mobile":{"background-color":"","background-image":"","background-repeat":"repeat","background-position":"center center","background-size":"auto","background-attachment":"scroll","background-type":"","background-media":"","overlay-type":"","overlay-color":"","overlay-opacity":"","overlay-gradient":""}},"ast-content-background-meta":{"desktop":{"background-color":"var(--ast-global-color-5)","background-image":"","background-repeat":"repeat","background-position":"center center","background-size":"auto","background-attachment":"scroll","background-type":"","background-media":"","overlay-type":"","overlay-color":"","overlay-opacity":"","overlay-gradient":""},"tablet":{"background-color":"var(--ast-global-color-5)","background-image":"","background-repeat":"repeat","background-position":"center center","background-size":"auto","background-attachment":"scroll","background-type":"","background-media":"","overlay-type":"","overlay-color":"","overlay-opacity":"","overlay-gradient":""},"mobile":{"background-color":"var(--ast-global-color-5)","background-image":"","background-repeat":"repeat","background-position":"center center","background-size":"auto","background-attachment":"scroll","background-type":"","background-media":"","overlay-type":"","overlay-color":"","overlay-opacity":"","overlay-gradient":""}},"footnotes":""},"categories":[],"tags":[201],"servicio-asociado":[],"class_list":["post-36139","post","type-post","status-publish","format-standard","hentry","tag-maria-jose-sanchez"],"acf":[],"yoast_head":"<!-- This site is optimized with the Yoast SEO plugin v27.4 - https:\/\/yoast.com\/product\/yoast-seo-wordpress\/ -->\n<title>Informaci\u00f3n sobre la modificaci\u00f3n de la Ley catalana del Impuesto sobre Sucesiones y Donaciones|Informaci\u00f3n sobre la modificaci\u00f3n de la Ley catalana del Impuesto sobre Sucesiones y Donaciones<\/title>\n<meta name=\"description\" content=\"La modificaci\u00f3n de la Ley catalana del Impuesto sobre Sucesiones y Donaciones obliga a reevaluar las planificaciones fiscales de la sucesi\u00f3n familiar y empresarial.|La modificaci\u00f3n de la Ley catalana del Impuesto sobre Sucesiones y Donaciones obliga a reevaluar las planificaciones fiscales de la sucesi\u00f3n familiar y empresarial.\" \/>\n<meta name=\"robots\" content=\"index, follow, max-snippet:-1, max-image-preview:large, max-video-preview:-1\" \/>\n<link rel=\"canonical\" href=\"https:\/\/augustaabogados.com\/ca\/fornesa-abogados-incorpora-la-maria-jose-sanchez-com-socia-de-laboral\/\" \/>\n<meta property=\"og:locale\" content=\"ca_ES\" \/>\n<meta property=\"og:type\" content=\"article\" \/>\n<meta property=\"og:title\" content=\"Informaci\u00f3n sobre la modificaci\u00f3n de la Ley catalana del Impuesto sobre Sucesiones y Donaciones|Informaci\u00f3n sobre la modificaci\u00f3n de la Ley catalana del Impuesto sobre Sucesiones y Donaciones\" \/>\n<meta property=\"og:description\" content=\"La modificaci\u00f3n de la Ley catalana del Impuesto sobre Sucesiones y Donaciones obliga a reevaluar las planificaciones fiscales de la sucesi\u00f3n familiar y empresarial.|La modificaci\u00f3n de la Ley catalana del Impuesto sobre Sucesiones y Donaciones obliga a reevaluar las planificaciones fiscales de la sucesi\u00f3n familiar y empresarial.\" \/>\n<meta property=\"og:url\" content=\"https:\/\/augustaabogados.com\/ca\/fornesa-abogados-incorpora-la-maria-jose-sanchez-com-socia-de-laboral\/\" \/>\n<meta property=\"og:site_name\" content=\"Augusta Abogados\" \/>\n<meta property=\"article:published_time\" content=\"2017-05-15T00:00:00+00:00\" \/>\n<meta property=\"article:modified_time\" content=\"2024-02-06T11:29:58+00:00\" \/>\n<meta name=\"author\" content=\"Augusta Abogados\" \/>\n<meta name=\"twitter:card\" content=\"summary_large_image\" \/>\n<meta name=\"twitter:label1\" content=\"Escrit per\" \/>\n\t<meta name=\"twitter:data1\" content=\"Augusta Abogados\" \/>\n\t<meta name=\"twitter:label2\" content=\"Temps estimat de lectura\" \/>\n\t<meta name=\"twitter:data2\" content=\"3 minuts\" \/>\n<script type=\"application\/ld+json\" class=\"yoast-schema-graph\">{\"@context\":\"https:\\\/\\\/schema.org\",\"@graph\":[{\"@type\":\"Article\",\"@id\":\"https:\\\/\\\/augustaabogados.com\\\/ca\\\/fornesa-abogados-incorpora-la-maria-jose-sanchez-com-socia-de-laboral\\\/#article\",\"isPartOf\":{\"@id\":\"https:\\\/\\\/augustaabogados.com\\\/ca\\\/fornesa-abogados-incorpora-la-maria-jose-sanchez-com-socia-de-laboral\\\/\"},\"author\":{\"name\":\"Augusta Abogados\",\"@id\":\"https:\\\/\\\/augustaabogados.com\\\/#\\\/schema\\\/person\\\/8c5e230eb6ed47cdd14ee188eb04a753\"},\"headline\":\"FORNESA ABOGADOS incorpora la Mar\u00eda Jos\u00e9 S\u00e1nchez com s\u00f2cia de laboral\",\"datePublished\":\"2017-05-15T00:00:00+00:00\",\"dateModified\":\"2024-02-06T11:29:58+00:00\",\"mainEntityOfPage\":{\"@id\":\"https:\\\/\\\/augustaabogados.com\\\/ca\\\/fornesa-abogados-incorpora-la-maria-jose-sanchez-com-socia-de-laboral\\\/\"},\"wordCount\":348,\"publisher\":{\"@id\":\"https:\\\/\\\/augustaabogados.com\\\/#organization\"},\"keywords\":[\"Mar\u00eda Jos\u00e9 S\u00e1nchez\"],\"inLanguage\":\"ca\"},{\"@type\":[\"WebPage\",\"ItemPage\"],\"@id\":\"https:\\\/\\\/augustaabogados.com\\\/ca\\\/fornesa-abogados-incorpora-la-maria-jose-sanchez-com-socia-de-laboral\\\/\",\"url\":\"https:\\\/\\\/augustaabogados.com\\\/ca\\\/fornesa-abogados-incorpora-la-maria-jose-sanchez-com-socia-de-laboral\\\/\",\"name\":\"Informaci\u00f3n sobre la modificaci\u00f3n de la Ley catalana del Impuesto sobre Sucesiones y Donaciones|Informaci\u00f3n sobre la modificaci\u00f3n de la Ley catalana del Impuesto sobre Sucesiones y Donaciones\",\"isPartOf\":{\"@id\":\"https:\\\/\\\/augustaabogados.com\\\/#website\"},\"datePublished\":\"2017-05-15T00:00:00+00:00\",\"dateModified\":\"2024-02-06T11:29:58+00:00\",\"description\":\"La modificaci\u00f3n de la Ley catalana del Impuesto sobre Sucesiones y Donaciones obliga a reevaluar las planificaciones fiscales de la sucesi\u00f3n familiar y empresarial.|La modificaci\u00f3n de la Ley catalana del Impuesto sobre Sucesiones y Donaciones obliga a reevaluar las planificaciones fiscales de la sucesi\u00f3n familiar y empresarial.\",\"breadcrumb\":{\"@id\":\"https:\\\/\\\/augustaabogados.com\\\/ca\\\/fornesa-abogados-incorpora-la-maria-jose-sanchez-com-socia-de-laboral\\\/#breadcrumb\"},\"inLanguage\":\"ca\",\"potentialAction\":[{\"@type\":\"ReadAction\",\"target\":[\"https:\\\/\\\/augustaabogados.com\\\/ca\\\/fornesa-abogados-incorpora-la-maria-jose-sanchez-com-socia-de-laboral\\\/\"]}]},{\"@type\":\"BreadcrumbList\",\"@id\":\"https:\\\/\\\/augustaabogados.com\\\/ca\\\/fornesa-abogados-incorpora-la-maria-jose-sanchez-com-socia-de-laboral\\\/#breadcrumb\",\"itemListElement\":[{\"@type\":\"ListItem\",\"position\":1,\"name\":\"Portada\",\"item\":\"https:\\\/\\\/augustaabogados.com\\\/ca\\\/\"},{\"@type\":\"ListItem\",\"position\":2,\"name\":\"FORNESA ABOGADOS incorpora la Mar\u00eda Jos\u00e9 S\u00e1nchez com s\u00f2cia de laboral\"}]},{\"@type\":\"WebSite\",\"@id\":\"https:\\\/\\\/augustaabogados.com\\\/#website\",\"url\":\"https:\\\/\\\/augustaabogados.com\\\/\",\"name\":\"Augusta Abogados\",\"description\":\"\",\"publisher\":{\"@id\":\"https:\\\/\\\/augustaabogados.com\\\/#organization\"},\"potentialAction\":[{\"@type\":\"SearchAction\",\"target\":{\"@type\":\"EntryPoint\",\"urlTemplate\":\"https:\\\/\\\/augustaabogados.com\\\/?s={search_term_string}\"},\"query-input\":{\"@type\":\"PropertyValueSpecification\",\"valueRequired\":true,\"valueName\":\"search_term_string\"}}],\"inLanguage\":\"ca\"},{\"@type\":\"Organization\",\"@id\":\"https:\\\/\\\/augustaabogados.com\\\/#organization\",\"name\":\"Augusta Abogados\",\"url\":\"https:\\\/\\\/augustaabogados.com\\\/\",\"logo\":{\"@type\":\"ImageObject\",\"inLanguage\":\"ca\",\"@id\":\"https:\\\/\\\/augustaabogados.com\\\/#\\\/schema\\\/logo\\\/image\\\/\",\"url\":\"https:\\\/\\\/augustaabogados.com\\\/wp-content\\\/uploads\\\/2023\\\/11\\\/LOGO-AUGUSTA.svg\",\"contentUrl\":\"https:\\\/\\\/augustaabogados.com\\\/wp-content\\\/uploads\\\/2023\\\/11\\\/LOGO-AUGUSTA.svg\",\"caption\":\"Augusta Abogados\"},\"image\":{\"@id\":\"https:\\\/\\\/augustaabogados.com\\\/#\\\/schema\\\/logo\\\/image\\\/\"}},{\"@type\":\"Person\",\"@id\":\"https:\\\/\\\/augustaabogados.com\\\/#\\\/schema\\\/person\\\/8c5e230eb6ed47cdd14ee188eb04a753\",\"name\":\"Augusta Abogados\",\"image\":{\"@type\":\"ImageObject\",\"inLanguage\":\"ca\",\"@id\":\"https:\\\/\\\/secure.gravatar.com\\\/avatar\\\/09e6ceb5fccff542915602bda752518fa959b0df2d103d929aefa74c2909a4bc?s=96&d=mm&r=g\",\"url\":\"https:\\\/\\\/secure.gravatar.com\\\/avatar\\\/09e6ceb5fccff542915602bda752518fa959b0df2d103d929aefa74c2909a4bc?s=96&d=mm&r=g\",\"contentUrl\":\"https:\\\/\\\/secure.gravatar.com\\\/avatar\\\/09e6ceb5fccff542915602bda752518fa959b0df2d103d929aefa74c2909a4bc?s=96&d=mm&r=g\",\"caption\":\"Augusta Abogados\"}}]}<\/script>\n<!-- \/ Yoast SEO plugin. -->","yoast_head_json":{"title":"Informaci\u00f3n sobre la modificaci\u00f3n de la Ley catalana del Impuesto sobre Sucesiones y Donaciones|Informaci\u00f3n sobre la modificaci\u00f3n de la Ley catalana del Impuesto sobre Sucesiones y Donaciones","description":"La modificaci\u00f3n de la Ley catalana del Impuesto sobre Sucesiones y Donaciones obliga a reevaluar las planificaciones fiscales de la sucesi\u00f3n familiar y empresarial.|La modificaci\u00f3n de la Ley catalana del Impuesto sobre Sucesiones y Donaciones obliga a reevaluar las planificaciones fiscales de la sucesi\u00f3n familiar y empresarial.","robots":{"index":"index","follow":"follow","max-snippet":"max-snippet:-1","max-image-preview":"max-image-preview:large","max-video-preview":"max-video-preview:-1"},"canonical":"https:\/\/augustaabogados.com\/ca\/fornesa-abogados-incorpora-la-maria-jose-sanchez-com-socia-de-laboral\/","og_locale":"ca_ES","og_type":"article","og_title":"Informaci\u00f3n sobre la modificaci\u00f3n de la Ley catalana del Impuesto sobre Sucesiones y Donaciones|Informaci\u00f3n sobre la modificaci\u00f3n de la Ley catalana del Impuesto sobre Sucesiones y Donaciones","og_description":"La modificaci\u00f3n de la Ley catalana del Impuesto sobre Sucesiones y Donaciones obliga a reevaluar las planificaciones fiscales de la sucesi\u00f3n familiar y empresarial.|La modificaci\u00f3n de la Ley catalana del Impuesto sobre Sucesiones y Donaciones obliga a reevaluar las planificaciones fiscales de la sucesi\u00f3n familiar y empresarial.","og_url":"https:\/\/augustaabogados.com\/ca\/fornesa-abogados-incorpora-la-maria-jose-sanchez-com-socia-de-laboral\/","og_site_name":"Augusta Abogados","article_published_time":"2017-05-15T00:00:00+00:00","article_modified_time":"2024-02-06T11:29:58+00:00","author":"Augusta Abogados","twitter_card":"summary_large_image","twitter_misc":{"Escrit per":"Augusta Abogados","Temps estimat de lectura":"3 minuts"},"schema":{"@context":"https:\/\/schema.org","@graph":[{"@type":"Article","@id":"https:\/\/augustaabogados.com\/ca\/fornesa-abogados-incorpora-la-maria-jose-sanchez-com-socia-de-laboral\/#article","isPartOf":{"@id":"https:\/\/augustaabogados.com\/ca\/fornesa-abogados-incorpora-la-maria-jose-sanchez-com-socia-de-laboral\/"},"author":{"name":"Augusta Abogados","@id":"https:\/\/augustaabogados.com\/#\/schema\/person\/8c5e230eb6ed47cdd14ee188eb04a753"},"headline":"FORNESA ABOGADOS incorpora la Mar\u00eda Jos\u00e9 S\u00e1nchez com s\u00f2cia de laboral","datePublished":"2017-05-15T00:00:00+00:00","dateModified":"2024-02-06T11:29:58+00:00","mainEntityOfPage":{"@id":"https:\/\/augustaabogados.com\/ca\/fornesa-abogados-incorpora-la-maria-jose-sanchez-com-socia-de-laboral\/"},"wordCount":348,"publisher":{"@id":"https:\/\/augustaabogados.com\/#organization"},"keywords":["Mar\u00eda Jos\u00e9 S\u00e1nchez"],"inLanguage":"ca"},{"@type":["WebPage","ItemPage"],"@id":"https:\/\/augustaabogados.com\/ca\/fornesa-abogados-incorpora-la-maria-jose-sanchez-com-socia-de-laboral\/","url":"https:\/\/augustaabogados.com\/ca\/fornesa-abogados-incorpora-la-maria-jose-sanchez-com-socia-de-laboral\/","name":"Informaci\u00f3n sobre la modificaci\u00f3n de la Ley catalana del Impuesto sobre Sucesiones y Donaciones|Informaci\u00f3n sobre la modificaci\u00f3n de la Ley catalana del Impuesto sobre Sucesiones y Donaciones","isPartOf":{"@id":"https:\/\/augustaabogados.com\/#website"},"datePublished":"2017-05-15T00:00:00+00:00","dateModified":"2024-02-06T11:29:58+00:00","description":"La modificaci\u00f3n de la Ley catalana del Impuesto sobre Sucesiones y Donaciones obliga a reevaluar las planificaciones fiscales de la sucesi\u00f3n familiar y empresarial.|La modificaci\u00f3n de la Ley catalana del Impuesto sobre Sucesiones y Donaciones obliga a reevaluar las planificaciones fiscales de la sucesi\u00f3n familiar y empresarial.","breadcrumb":{"@id":"https:\/\/augustaabogados.com\/ca\/fornesa-abogados-incorpora-la-maria-jose-sanchez-com-socia-de-laboral\/#breadcrumb"},"inLanguage":"ca","potentialAction":[{"@type":"ReadAction","target":["https:\/\/augustaabogados.com\/ca\/fornesa-abogados-incorpora-la-maria-jose-sanchez-com-socia-de-laboral\/"]}]},{"@type":"BreadcrumbList","@id":"https:\/\/augustaabogados.com\/ca\/fornesa-abogados-incorpora-la-maria-jose-sanchez-com-socia-de-laboral\/#breadcrumb","itemListElement":[{"@type":"ListItem","position":1,"name":"Portada","item":"https:\/\/augustaabogados.com\/ca\/"},{"@type":"ListItem","position":2,"name":"FORNESA ABOGADOS incorpora la Mar\u00eda Jos\u00e9 S\u00e1nchez com s\u00f2cia de laboral"}]},{"@type":"WebSite","@id":"https:\/\/augustaabogados.com\/#website","url":"https:\/\/augustaabogados.com\/","name":"Augusta Abogados","description":"","publisher":{"@id":"https:\/\/augustaabogados.com\/#organization"},"potentialAction":[{"@type":"SearchAction","target":{"@type":"EntryPoint","urlTemplate":"https:\/\/augustaabogados.com\/?s={search_term_string}"},"query-input":{"@type":"PropertyValueSpecification","valueRequired":true,"valueName":"search_term_string"}}],"inLanguage":"ca"},{"@type":"Organization","@id":"https:\/\/augustaabogados.com\/#organization","name":"Augusta Abogados","url":"https:\/\/augustaabogados.com\/","logo":{"@type":"ImageObject","inLanguage":"ca","@id":"https:\/\/augustaabogados.com\/#\/schema\/logo\/image\/","url":"https:\/\/augustaabogados.com\/wp-content\/uploads\/2023\/11\/LOGO-AUGUSTA.svg","contentUrl":"https:\/\/augustaabogados.com\/wp-content\/uploads\/2023\/11\/LOGO-AUGUSTA.svg","caption":"Augusta Abogados"},"image":{"@id":"https:\/\/augustaabogados.com\/#\/schema\/logo\/image\/"}},{"@type":"Person","@id":"https:\/\/augustaabogados.com\/#\/schema\/person\/8c5e230eb6ed47cdd14ee188eb04a753","name":"Augusta Abogados","image":{"@type":"ImageObject","inLanguage":"ca","@id":"https:\/\/secure.gravatar.com\/avatar\/09e6ceb5fccff542915602bda752518fa959b0df2d103d929aefa74c2909a4bc?s=96&d=mm&r=g","url":"https:\/\/secure.gravatar.com\/avatar\/09e6ceb5fccff542915602bda752518fa959b0df2d103d929aefa74c2909a4bc?s=96&d=mm&r=g","contentUrl":"https:\/\/secure.gravatar.com\/avatar\/09e6ceb5fccff542915602bda752518fa959b0df2d103d929aefa74c2909a4bc?s=96&d=mm&r=g","caption":"Augusta Abogados"}}]}},"_links":{"self":[{"href":"https:\/\/augustaabogados.com\/ca\/wp-json\/wp\/v2\/posts\/36139","targetHints":{"allow":["GET"]}}],"collection":[{"href":"https:\/\/augustaabogados.com\/ca\/wp-json\/wp\/v2\/posts"}],"about":[{"href":"https:\/\/augustaabogados.com\/ca\/wp-json\/wp\/v2\/types\/post"}],"author":[{"embeddable":true,"href":"https:\/\/augustaabogados.com\/ca\/wp-json\/wp\/v2\/users\/8"}],"replies":[{"embeddable":true,"href":"https:\/\/augustaabogados.com\/ca\/wp-json\/wp\/v2\/comments?post=36139"}],"version-history":[{"count":1,"href":"https:\/\/augustaabogados.com\/ca\/wp-json\/wp\/v2\/posts\/36139\/revisions"}],"predecessor-version":[{"id":40978,"href":"https:\/\/augustaabogados.com\/ca\/wp-json\/wp\/v2\/posts\/36139\/revisions\/40978"}],"wp:attachment":[{"href":"https:\/\/augustaabogados.com\/ca\/wp-json\/wp\/v2\/media?parent=36139"}],"wp:term":[{"taxonomy":"category","embeddable":true,"href":"https:\/\/augustaabogados.com\/ca\/wp-json\/wp\/v2\/categories?post=36139"},{"taxonomy":"post_tag","embeddable":true,"href":"https:\/\/augustaabogados.com\/ca\/wp-json\/wp\/v2\/tags?post=36139"},{"taxonomy":"servicio-asociado","embeddable":true,"href":"https:\/\/augustaabogados.com\/ca\/wp-json\/wp\/v2\/servicio-asociado?post=36139"}],"curies":[{"name":"wp","href":"https:\/\/api.w.org\/{rel}","templated":true}]}}