{"id":36182,"date":"2018-02-22T00:00:00","date_gmt":"2018-02-22T00:00:00","guid":{"rendered":"https:\/\/augustaabogados.com\/vaga-general-8-de-marc-de-2018\/"},"modified":"2024-02-06T11:29:41","modified_gmt":"2024-02-06T11:29:41","slug":"vaga-general-8-de-marc-de-2018","status":"publish","type":"post","link":"https:\/\/augustaabogados.com\/ca\/vaga-general-8-de-marc-de-2018\/","title":{"rendered":"Vaga general 8 de mar\u00e7 de 2018"},"content":{"rendered":"<p class=\"p5\"><span class=\"s1\">Oficialment, per al proper dia 8 de mar\u00e7 de 2018, s&#8217;han convocat les seg\u00fcents jornades de vaga general a nivell estatal: <\/span><\/p>\n<ul>\n<li class=\"li5\"><span class=\"s1\"><b>Vaga general de 24 hores, convocada pel sindicat Confederaci\u00f3n General del Trabajo (CGT).<\/b> <\/span><\/li>\n<\/ul>\n<p class=\"p5\"><span class=\"s1\">Convocat\u00f2ria de vaga laboral general \u0093que afectar\u00e0 tots els treballadors i treballadores de tots els \u00e0mbits sectorials, p\u00fablics i privats, funcionaris (\u0085) en l&#8217;\u00e0mbit territorial de l&#8217;estat espanyol\u0094 per al proper dia 8 de mar\u00e7 de 2018, comprensiva de les 24 hores d&#8217;aquest dia. <\/span><\/p>\n<ul>\n<li class=\"li5\"><span class=\"s1\"><b>Vaga general de 2 hores per torn, convocada pel sindicat Comisiones Obreras (CCOO) i pel sindicat UGT.<\/b><\/span><\/li>\n<\/ul>\n<p class=\"p5\"><span class=\"s1\">Convocat\u00f2ria de vaga laboral general \u0093que afectar\u00e0 totes les activitats laborals i funcionarials (\u0085) dins l&#8217;\u00e0mbit geogr\u00e0fic i jur\u00eddic de l&#8217;estat espanyol\u0094. La vaga convocada \u0093ser\u00e0 de 2 hores en cada torn de treball\u0094. <\/span><\/p>\n<p class=\"p5\"><span class=\"s1\">En concret, per a les jornades partides i continuades de torn de mat\u00ed, la vaga ser\u00e0 d&#8217;11:30 a 13:30h; per a les jornades continuades en el torn de tarda ser\u00e0 de 16:00 a 18:00 h i per a les jornades continuades en torn de nit, la vaga es far\u00e0 durant les dues primeres hores del torn que comenci en la jornada del dia 8, tret en aquells \u00e0mbits, sectors o empreses en qu\u00e8 es notifiqui de forma expressa un horari diferent.<\/span><\/p>\n","protected":false},"excerpt":{"rendered":"<p>Oficialment, per al proper dia 8 de mar\u00e7 de 2018, s&#8217;han convocat les seg\u00fcents jornades de vaga general a nivell estatal: Vaga general de 24 hores, convocada pel sindicat Confederaci\u00f3n General del Trabajo (CGT). Convocat\u00f2ria de vaga laboral general \u0093que afectar\u00e0 tots els treballadors i treballadores de tots els \u00e0mbits sectorials, p\u00fablics i privats, funcionaris [&hellip;]<\/p>\n","protected":false},"author":8,"featured_media":36183,"comment_status":"closed","ping_status":"open","sticky":false,"template":"","format":"standard","meta":{"content-type":"","site-sidebar-layout":"no-sidebar","site-content-layout":"page-builder","ast-site-content-layout":"default","site-content-style":"default","site-sidebar-style":"default","ast-global-header-display":"","ast-banner-title-visibility":"","ast-main-header-display":"","ast-hfb-above-header-display":"","ast-hfb-below-header-display":"","ast-hfb-mobile-header-display":"","site-post-title":"","ast-breadcrumbs-content":"","ast-featured-img":"","footer-sml-layout":"","ast-disable-related-posts":"","theme-transparent-header-meta":"disabled","adv-header-id-meta":"","stick-header-meta":"","header-above-stick-meta":"","header-main-stick-meta":"","header-below-stick-meta":"","astra-migrate-meta-layouts":"set","ast-page-background-enabled":"default","ast-page-background-meta":{"desktop":{"background-color":"var(--ast-global-color-4)","background-image":"","background-repeat":"repeat","background-position":"center center","background-size":"auto","background-attachment":"scroll","background-type":"","background-media":"","overlay-type":"","overlay-color":"","overlay-opacity":"","overlay-gradient":""},"tablet":{"background-color":"","background-image":"","background-repeat":"repeat","background-position":"center center","background-size":"auto","background-attachment":"scroll","background-type":"","background-media":"","overlay-type":"","overlay-color":"","overlay-opacity":"","overlay-gradient":""},"mobile":{"background-color":"","background-image":"","background-repeat":"repeat","background-position":"center center","background-size":"auto","background-attachment":"scroll","background-type":"","background-media":"","overlay-type":"","overlay-color":"","overlay-opacity":"","overlay-gradient":""}},"ast-content-background-meta":{"desktop":{"background-color":"var(--ast-global-color-5)","background-image":"","background-repeat":"repeat","background-position":"center center","background-size":"auto","background-attachment":"scroll","background-type":"","background-media":"","overlay-type":"","overlay-color":"","overlay-opacity":"","overlay-gradient":""},"tablet":{"background-color":"var(--ast-global-color-5)","background-image":"","background-repeat":"repeat","background-position":"center center","background-size":"auto","background-attachment":"scroll","background-type":"","background-media":"","overlay-type":"","overlay-color":"","overlay-opacity":"","overlay-gradient":""},"mobile":{"background-color":"var(--ast-global-color-5)","background-image":"","background-repeat":"repeat","background-position":"center center","background-size":"auto","background-attachment":"scroll","background-type":"","background-media":"","overlay-type":"","overlay-color":"","overlay-opacity":"","overlay-gradient":""}},"footnotes":""},"categories":[1886],"tags":[1060,227,228,3936,1061],"servicio-asociado":[],"class_list":["post-36182","post","type-post","status-publish","format-standard","has-post-thumbnail","hentry","category-alerta-ca","tag-8-de-marc","tag-8-de-marzo","tag-huelga","tag-legal","tag-vaga"],"acf":[],"yoast_head":"<!-- This site is optimized with the Yoast SEO plugin v27.4 - https:\/\/yoast.com\/product\/yoast-seo-wordpress\/ -->\n<title>Informaci\u00f3n sobre la modificaci\u00f3n de la Ley catalana del Impuesto sobre Sucesiones y Donaciones|Informaci\u00f3n sobre la modificaci\u00f3n de la Ley catalana del Impuesto sobre Sucesiones y Donaciones<\/title>\n<meta name=\"description\" content=\"La modificaci\u00f3n de la Ley catalana del Impuesto sobre Sucesiones y Donaciones obliga a reevaluar las planificaciones fiscales de la sucesi\u00f3n familiar y empresarial.|La modificaci\u00f3n de la Ley catalana del Impuesto sobre Sucesiones y Donaciones obliga a reevaluar las planificaciones fiscales de la sucesi\u00f3n familiar y empresarial.\" \/>\n<meta name=\"robots\" content=\"index, follow, max-snippet:-1, max-image-preview:large, max-video-preview:-1\" \/>\n<link rel=\"canonical\" href=\"https:\/\/augustaabogados.com\/ca\/vaga-general-8-de-marc-de-2018\/\" \/>\n<meta property=\"og:locale\" content=\"ca_ES\" \/>\n<meta property=\"og:type\" content=\"article\" \/>\n<meta property=\"og:title\" content=\"Informaci\u00f3n sobre la modificaci\u00f3n de la Ley catalana del Impuesto sobre Sucesiones y Donaciones|Informaci\u00f3n sobre la modificaci\u00f3n de la Ley catalana del Impuesto sobre Sucesiones y Donaciones\" \/>\n<meta property=\"og:description\" content=\"La modificaci\u00f3n de la Ley catalana del Impuesto sobre Sucesiones y Donaciones obliga a reevaluar las planificaciones fiscales de la sucesi\u00f3n familiar y empresarial.|La modificaci\u00f3n de la Ley catalana del Impuesto sobre Sucesiones y Donaciones obliga a reevaluar las planificaciones fiscales de la sucesi\u00f3n familiar y empresarial.\" \/>\n<meta property=\"og:url\" content=\"https:\/\/augustaabogados.com\/ca\/vaga-general-8-de-marc-de-2018\/\" \/>\n<meta property=\"og:site_name\" content=\"Augusta Abogados\" \/>\n<meta property=\"article:published_time\" content=\"2018-02-22T00:00:00+00:00\" \/>\n<meta property=\"article:modified_time\" content=\"2024-02-06T11:29:41+00:00\" \/>\n<meta property=\"og:image\" content=\"https:\/\/augustaabogados.com\/wp-content\/uploads\/2024\/02\/NOTA-INFORMATIVA-AUGUSTA-ABOGADOS-351.jpg\" \/>\n\t<meta property=\"og:image:width\" content=\"800\" \/>\n\t<meta property=\"og:image:height\" content=\"418\" \/>\n\t<meta property=\"og:image:type\" content=\"image\/jpeg\" \/>\n<meta name=\"author\" content=\"Augusta Abogados\" \/>\n<meta name=\"twitter:card\" content=\"summary_large_image\" \/>\n<meta name=\"twitter:label1\" content=\"Escrit per\" \/>\n\t<meta name=\"twitter:data1\" content=\"Augusta Abogados\" \/>\n\t<meta name=\"twitter:label2\" content=\"Temps estimat de lectura\" \/>\n\t<meta name=\"twitter:data2\" content=\"3 minuts\" \/>\n<script type=\"application\/ld+json\" class=\"yoast-schema-graph\">{\"@context\":\"https:\\\/\\\/schema.org\",\"@graph\":[{\"@type\":\"Article\",\"@id\":\"https:\\\/\\\/augustaabogados.com\\\/ca\\\/vaga-general-8-de-marc-de-2018\\\/#article\",\"isPartOf\":{\"@id\":\"https:\\\/\\\/augustaabogados.com\\\/ca\\\/vaga-general-8-de-marc-de-2018\\\/\"},\"author\":{\"name\":\"Augusta Abogados\",\"@id\":\"https:\\\/\\\/augustaabogados.com\\\/#\\\/schema\\\/person\\\/8c5e230eb6ed47cdd14ee188eb04a753\"},\"headline\":\"Vaga general 8 de mar\u00e7 de 2018\",\"datePublished\":\"2018-02-22T00:00:00+00:00\",\"dateModified\":\"2024-02-06T11:29:41+00:00\",\"mainEntityOfPage\":{\"@id\":\"https:\\\/\\\/augustaabogados.com\\\/ca\\\/vaga-general-8-de-marc-de-2018\\\/\"},\"wordCount\":215,\"publisher\":{\"@id\":\"https:\\\/\\\/augustaabogados.com\\\/#organization\"},\"image\":{\"@id\":\"https:\\\/\\\/augustaabogados.com\\\/ca\\\/vaga-general-8-de-marc-de-2018\\\/#primaryimage\"},\"thumbnailUrl\":\"https:\\\/\\\/augustaabogados.com\\\/wp-content\\\/uploads\\\/2024\\\/02\\\/NOTA-INFORMATIVA-AUGUSTA-ABOGADOS-351.jpg\",\"keywords\":[\"8 de mar\u00e7\",\"8 de marzo\",\"huelga\",\"legal\",\"vaga\"],\"articleSection\":[\"ALERTA\"],\"inLanguage\":\"ca\"},{\"@type\":[\"WebPage\",\"ItemPage\"],\"@id\":\"https:\\\/\\\/augustaabogados.com\\\/ca\\\/vaga-general-8-de-marc-de-2018\\\/\",\"url\":\"https:\\\/\\\/augustaabogados.com\\\/ca\\\/vaga-general-8-de-marc-de-2018\\\/\",\"name\":\"Informaci\u00f3n sobre la modificaci\u00f3n de la Ley catalana del Impuesto sobre Sucesiones y Donaciones|Informaci\u00f3n sobre la modificaci\u00f3n de la Ley catalana del Impuesto sobre Sucesiones y Donaciones\",\"isPartOf\":{\"@id\":\"https:\\\/\\\/augustaabogados.com\\\/#website\"},\"primaryImageOfPage\":{\"@id\":\"https:\\\/\\\/augustaabogados.com\\\/ca\\\/vaga-general-8-de-marc-de-2018\\\/#primaryimage\"},\"image\":{\"@id\":\"https:\\\/\\\/augustaabogados.com\\\/ca\\\/vaga-general-8-de-marc-de-2018\\\/#primaryimage\"},\"thumbnailUrl\":\"https:\\\/\\\/augustaabogados.com\\\/wp-content\\\/uploads\\\/2024\\\/02\\\/NOTA-INFORMATIVA-AUGUSTA-ABOGADOS-351.jpg\",\"datePublished\":\"2018-02-22T00:00:00+00:00\",\"dateModified\":\"2024-02-06T11:29:41+00:00\",\"description\":\"La modificaci\u00f3n de la Ley catalana del Impuesto sobre Sucesiones y Donaciones obliga a reevaluar las planificaciones fiscales de la sucesi\u00f3n familiar y empresarial.|La modificaci\u00f3n de la Ley catalana del Impuesto sobre Sucesiones y Donaciones obliga a reevaluar las planificaciones fiscales de la sucesi\u00f3n familiar y empresarial.\",\"breadcrumb\":{\"@id\":\"https:\\\/\\\/augustaabogados.com\\\/ca\\\/vaga-general-8-de-marc-de-2018\\\/#breadcrumb\"},\"inLanguage\":\"ca\",\"potentialAction\":[{\"@type\":\"ReadAction\",\"target\":[\"https:\\\/\\\/augustaabogados.com\\\/ca\\\/vaga-general-8-de-marc-de-2018\\\/\"]}]},{\"@type\":\"ImageObject\",\"inLanguage\":\"ca\",\"@id\":\"https:\\\/\\\/augustaabogados.com\\\/ca\\\/vaga-general-8-de-marc-de-2018\\\/#primaryimage\",\"url\":\"https:\\\/\\\/augustaabogados.com\\\/wp-content\\\/uploads\\\/2024\\\/02\\\/NOTA-INFORMATIVA-AUGUSTA-ABOGADOS-351.jpg\",\"contentUrl\":\"https:\\\/\\\/augustaabogados.com\\\/wp-content\\\/uploads\\\/2024\\\/02\\\/NOTA-INFORMATIVA-AUGUSTA-ABOGADOS-351.jpg\",\"width\":800,\"height\":418},{\"@type\":\"BreadcrumbList\",\"@id\":\"https:\\\/\\\/augustaabogados.com\\\/ca\\\/vaga-general-8-de-marc-de-2018\\\/#breadcrumb\",\"itemListElement\":[{\"@type\":\"ListItem\",\"position\":1,\"name\":\"Portada\",\"item\":\"https:\\\/\\\/augustaabogados.com\\\/ca\\\/\"},{\"@type\":\"ListItem\",\"position\":2,\"name\":\"Vaga general 8 de mar\u00e7 de 2018\"}]},{\"@type\":\"WebSite\",\"@id\":\"https:\\\/\\\/augustaabogados.com\\\/#website\",\"url\":\"https:\\\/\\\/augustaabogados.com\\\/\",\"name\":\"Augusta Abogados\",\"description\":\"\",\"publisher\":{\"@id\":\"https:\\\/\\\/augustaabogados.com\\\/#organization\"},\"potentialAction\":[{\"@type\":\"SearchAction\",\"target\":{\"@type\":\"EntryPoint\",\"urlTemplate\":\"https:\\\/\\\/augustaabogados.com\\\/?s={search_term_string}\"},\"query-input\":{\"@type\":\"PropertyValueSpecification\",\"valueRequired\":true,\"valueName\":\"search_term_string\"}}],\"inLanguage\":\"ca\"},{\"@type\":\"Organization\",\"@id\":\"https:\\\/\\\/augustaabogados.com\\\/#organization\",\"name\":\"Augusta Abogados\",\"url\":\"https:\\\/\\\/augustaabogados.com\\\/\",\"logo\":{\"@type\":\"ImageObject\",\"inLanguage\":\"ca\",\"@id\":\"https:\\\/\\\/augustaabogados.com\\\/#\\\/schema\\\/logo\\\/image\\\/\",\"url\":\"https:\\\/\\\/augustaabogados.com\\\/wp-content\\\/uploads\\\/2023\\\/11\\\/LOGO-AUGUSTA.svg\",\"contentUrl\":\"https:\\\/\\\/augustaabogados.com\\\/wp-content\\\/uploads\\\/2023\\\/11\\\/LOGO-AUGUSTA.svg\",\"caption\":\"Augusta Abogados\"},\"image\":{\"@id\":\"https:\\\/\\\/augustaabogados.com\\\/#\\\/schema\\\/logo\\\/image\\\/\"}},{\"@type\":\"Person\",\"@id\":\"https:\\\/\\\/augustaabogados.com\\\/#\\\/schema\\\/person\\\/8c5e230eb6ed47cdd14ee188eb04a753\",\"name\":\"Augusta Abogados\",\"image\":{\"@type\":\"ImageObject\",\"inLanguage\":\"ca\",\"@id\":\"https:\\\/\\\/secure.gravatar.com\\\/avatar\\\/09e6ceb5fccff542915602bda752518fa959b0df2d103d929aefa74c2909a4bc?s=96&d=mm&r=g\",\"url\":\"https:\\\/\\\/secure.gravatar.com\\\/avatar\\\/09e6ceb5fccff542915602bda752518fa959b0df2d103d929aefa74c2909a4bc?s=96&d=mm&r=g\",\"contentUrl\":\"https:\\\/\\\/secure.gravatar.com\\\/avatar\\\/09e6ceb5fccff542915602bda752518fa959b0df2d103d929aefa74c2909a4bc?s=96&d=mm&r=g\",\"caption\":\"Augusta Abogados\"}}]}<\/script>\n<!-- \/ Yoast SEO plugin. -->","yoast_head_json":{"title":"Informaci\u00f3n sobre la modificaci\u00f3n de la Ley catalana del Impuesto sobre Sucesiones y Donaciones|Informaci\u00f3n sobre la modificaci\u00f3n de la Ley catalana del Impuesto sobre Sucesiones y Donaciones","description":"La modificaci\u00f3n de la Ley catalana del Impuesto sobre Sucesiones y Donaciones obliga a reevaluar las planificaciones fiscales de la sucesi\u00f3n familiar y empresarial.|La modificaci\u00f3n de la Ley catalana del Impuesto sobre Sucesiones y Donaciones obliga a reevaluar las planificaciones fiscales de la sucesi\u00f3n familiar y empresarial.","robots":{"index":"index","follow":"follow","max-snippet":"max-snippet:-1","max-image-preview":"max-image-preview:large","max-video-preview":"max-video-preview:-1"},"canonical":"https:\/\/augustaabogados.com\/ca\/vaga-general-8-de-marc-de-2018\/","og_locale":"ca_ES","og_type":"article","og_title":"Informaci\u00f3n sobre la modificaci\u00f3n de la Ley catalana del Impuesto sobre Sucesiones y Donaciones|Informaci\u00f3n sobre la modificaci\u00f3n de la Ley catalana del Impuesto sobre Sucesiones y Donaciones","og_description":"La modificaci\u00f3n de la Ley catalana del Impuesto sobre Sucesiones y Donaciones obliga a reevaluar las planificaciones fiscales de la sucesi\u00f3n familiar y empresarial.|La modificaci\u00f3n de la Ley catalana del Impuesto sobre Sucesiones y Donaciones obliga a reevaluar las planificaciones fiscales de la sucesi\u00f3n familiar y empresarial.","og_url":"https:\/\/augustaabogados.com\/ca\/vaga-general-8-de-marc-de-2018\/","og_site_name":"Augusta Abogados","article_published_time":"2018-02-22T00:00:00+00:00","article_modified_time":"2024-02-06T11:29:41+00:00","og_image":[{"width":800,"height":418,"url":"https:\/\/augustaabogados.com\/wp-content\/uploads\/2024\/02\/NOTA-INFORMATIVA-AUGUSTA-ABOGADOS-351.jpg","type":"image\/jpeg"}],"author":"Augusta Abogados","twitter_card":"summary_large_image","twitter_misc":{"Escrit per":"Augusta Abogados","Temps estimat de lectura":"3 minuts"},"schema":{"@context":"https:\/\/schema.org","@graph":[{"@type":"Article","@id":"https:\/\/augustaabogados.com\/ca\/vaga-general-8-de-marc-de-2018\/#article","isPartOf":{"@id":"https:\/\/augustaabogados.com\/ca\/vaga-general-8-de-marc-de-2018\/"},"author":{"name":"Augusta Abogados","@id":"https:\/\/augustaabogados.com\/#\/schema\/person\/8c5e230eb6ed47cdd14ee188eb04a753"},"headline":"Vaga general 8 de mar\u00e7 de 2018","datePublished":"2018-02-22T00:00:00+00:00","dateModified":"2024-02-06T11:29:41+00:00","mainEntityOfPage":{"@id":"https:\/\/augustaabogados.com\/ca\/vaga-general-8-de-marc-de-2018\/"},"wordCount":215,"publisher":{"@id":"https:\/\/augustaabogados.com\/#organization"},"image":{"@id":"https:\/\/augustaabogados.com\/ca\/vaga-general-8-de-marc-de-2018\/#primaryimage"},"thumbnailUrl":"https:\/\/augustaabogados.com\/wp-content\/uploads\/2024\/02\/NOTA-INFORMATIVA-AUGUSTA-ABOGADOS-351.jpg","keywords":["8 de mar\u00e7","8 de marzo","huelga","legal","vaga"],"articleSection":["ALERTA"],"inLanguage":"ca"},{"@type":["WebPage","ItemPage"],"@id":"https:\/\/augustaabogados.com\/ca\/vaga-general-8-de-marc-de-2018\/","url":"https:\/\/augustaabogados.com\/ca\/vaga-general-8-de-marc-de-2018\/","name":"Informaci\u00f3n sobre la modificaci\u00f3n de la Ley catalana del Impuesto sobre Sucesiones y Donaciones|Informaci\u00f3n sobre la modificaci\u00f3n de la Ley catalana del Impuesto sobre Sucesiones y Donaciones","isPartOf":{"@id":"https:\/\/augustaabogados.com\/#website"},"primaryImageOfPage":{"@id":"https:\/\/augustaabogados.com\/ca\/vaga-general-8-de-marc-de-2018\/#primaryimage"},"image":{"@id":"https:\/\/augustaabogados.com\/ca\/vaga-general-8-de-marc-de-2018\/#primaryimage"},"thumbnailUrl":"https:\/\/augustaabogados.com\/wp-content\/uploads\/2024\/02\/NOTA-INFORMATIVA-AUGUSTA-ABOGADOS-351.jpg","datePublished":"2018-02-22T00:00:00+00:00","dateModified":"2024-02-06T11:29:41+00:00","description":"La modificaci\u00f3n de la Ley catalana del Impuesto sobre Sucesiones y Donaciones obliga a reevaluar las planificaciones fiscales de la sucesi\u00f3n familiar y empresarial.|La modificaci\u00f3n de la Ley catalana del Impuesto sobre Sucesiones y Donaciones obliga a reevaluar las planificaciones fiscales de la sucesi\u00f3n familiar y empresarial.","breadcrumb":{"@id":"https:\/\/augustaabogados.com\/ca\/vaga-general-8-de-marc-de-2018\/#breadcrumb"},"inLanguage":"ca","potentialAction":[{"@type":"ReadAction","target":["https:\/\/augustaabogados.com\/ca\/vaga-general-8-de-marc-de-2018\/"]}]},{"@type":"ImageObject","inLanguage":"ca","@id":"https:\/\/augustaabogados.com\/ca\/vaga-general-8-de-marc-de-2018\/#primaryimage","url":"https:\/\/augustaabogados.com\/wp-content\/uploads\/2024\/02\/NOTA-INFORMATIVA-AUGUSTA-ABOGADOS-351.jpg","contentUrl":"https:\/\/augustaabogados.com\/wp-content\/uploads\/2024\/02\/NOTA-INFORMATIVA-AUGUSTA-ABOGADOS-351.jpg","width":800,"height":418},{"@type":"BreadcrumbList","@id":"https:\/\/augustaabogados.com\/ca\/vaga-general-8-de-marc-de-2018\/#breadcrumb","itemListElement":[{"@type":"ListItem","position":1,"name":"Portada","item":"https:\/\/augustaabogados.com\/ca\/"},{"@type":"ListItem","position":2,"name":"Vaga general 8 de mar\u00e7 de 2018"}]},{"@type":"WebSite","@id":"https:\/\/augustaabogados.com\/#website","url":"https:\/\/augustaabogados.com\/","name":"Augusta Abogados","description":"","publisher":{"@id":"https:\/\/augustaabogados.com\/#organization"},"potentialAction":[{"@type":"SearchAction","target":{"@type":"EntryPoint","urlTemplate":"https:\/\/augustaabogados.com\/?s={search_term_string}"},"query-input":{"@type":"PropertyValueSpecification","valueRequired":true,"valueName":"search_term_string"}}],"inLanguage":"ca"},{"@type":"Organization","@id":"https:\/\/augustaabogados.com\/#organization","name":"Augusta Abogados","url":"https:\/\/augustaabogados.com\/","logo":{"@type":"ImageObject","inLanguage":"ca","@id":"https:\/\/augustaabogados.com\/#\/schema\/logo\/image\/","url":"https:\/\/augustaabogados.com\/wp-content\/uploads\/2023\/11\/LOGO-AUGUSTA.svg","contentUrl":"https:\/\/augustaabogados.com\/wp-content\/uploads\/2023\/11\/LOGO-AUGUSTA.svg","caption":"Augusta Abogados"},"image":{"@id":"https:\/\/augustaabogados.com\/#\/schema\/logo\/image\/"}},{"@type":"Person","@id":"https:\/\/augustaabogados.com\/#\/schema\/person\/8c5e230eb6ed47cdd14ee188eb04a753","name":"Augusta Abogados","image":{"@type":"ImageObject","inLanguage":"ca","@id":"https:\/\/secure.gravatar.com\/avatar\/09e6ceb5fccff542915602bda752518fa959b0df2d103d929aefa74c2909a4bc?s=96&d=mm&r=g","url":"https:\/\/secure.gravatar.com\/avatar\/09e6ceb5fccff542915602bda752518fa959b0df2d103d929aefa74c2909a4bc?s=96&d=mm&r=g","contentUrl":"https:\/\/secure.gravatar.com\/avatar\/09e6ceb5fccff542915602bda752518fa959b0df2d103d929aefa74c2909a4bc?s=96&d=mm&r=g","caption":"Augusta Abogados"}}]}},"_links":{"self":[{"href":"https:\/\/augustaabogados.com\/ca\/wp-json\/wp\/v2\/posts\/36182","targetHints":{"allow":["GET"]}}],"collection":[{"href":"https:\/\/augustaabogados.com\/ca\/wp-json\/wp\/v2\/posts"}],"about":[{"href":"https:\/\/augustaabogados.com\/ca\/wp-json\/wp\/v2\/types\/post"}],"author":[{"embeddable":true,"href":"https:\/\/augustaabogados.com\/ca\/wp-json\/wp\/v2\/users\/8"}],"replies":[{"embeddable":true,"href":"https:\/\/augustaabogados.com\/ca\/wp-json\/wp\/v2\/comments?post=36182"}],"version-history":[{"count":1,"href":"https:\/\/augustaabogados.com\/ca\/wp-json\/wp\/v2\/posts\/36182\/revisions"}],"predecessor-version":[{"id":40949,"href":"https:\/\/augustaabogados.com\/ca\/wp-json\/wp\/v2\/posts\/36182\/revisions\/40949"}],"wp:featuredmedia":[{"embeddable":true,"href":"https:\/\/augustaabogados.com\/ca\/wp-json\/wp\/v2\/media\/36183"}],"wp:attachment":[{"href":"https:\/\/augustaabogados.com\/ca\/wp-json\/wp\/v2\/media?parent=36182"}],"wp:term":[{"taxonomy":"category","embeddable":true,"href":"https:\/\/augustaabogados.com\/ca\/wp-json\/wp\/v2\/categories?post=36182"},{"taxonomy":"post_tag","embeddable":true,"href":"https:\/\/augustaabogados.com\/ca\/wp-json\/wp\/v2\/tags?post=36182"},{"taxonomy":"servicio-asociado","embeddable":true,"href":"https:\/\/augustaabogados.com\/ca\/wp-json\/wp\/v2\/servicio-asociado?post=36182"}],"curies":[{"name":"wp","href":"https:\/\/api.w.org\/{rel}","templated":true}]}}