{"id":36246,"date":"2018-05-24T00:00:00","date_gmt":"2018-05-24T00:00:00","guid":{"rendered":"https:\/\/augustaabogados.com\/flash-mercantil-entrada-en-vigor-del-nou-reglament-europeu-de-proteccio-de-dades-estem-realment-preparats\/"},"modified":"2024-02-06T11:29:16","modified_gmt":"2024-02-06T11:29:16","slug":"flash-mercantil-entrada-en-vigor-del-nou-reglament-europeu-de-proteccio-de-dades-estem-realment-preparats","status":"publish","type":"post","link":"https:\/\/augustaabogados.com\/ca\/flash-mercantil-entrada-en-vigor-del-nou-reglament-europeu-de-proteccio-de-dades-estem-realment-preparats\/","title":{"rendered":"FLASH MERCANTIL &#8211; Entrada en vigor del nou Reglament Europeu de Protecci\u00f3 de Dades: Estem realment preparats?"},"content":{"rendered":"<h3><strong>ENTRADA EN VIGOR DEL NOU REGLAMENT EUROPEU DE PROTECCI\u00d3 DE DADES: ESTEM REALMENT PREPARATS? <\/strong><\/h3>\n<p>Porta temps anunciant-se i estem a les portes, despr\u00e9s del transcurs dels dos anys disposats perqu\u00e8 les empreses i ens p\u00fablics s&#8217;adaptessin a la norma: a partir del dia 25 de maig de 2018 ser\u00e0 aplicable el Reglament (UE) 2016\/679 del Parlament Europeu i del Consell, de 27 d&#8217;abril de 2016, relatiu a la protecci\u00f3 de les persones f\u00edsiques pel que fa al tractament de dades personals i a la lliure circulaci\u00f3 d&#8217;aquestes dades (\u0093<strong>RGPD<\/strong>\u0094 o \u0093<strong>Reglament<\/strong>\u0094).<\/p>\n<p><a href=\"http:\/\/jordim52.sg-host.com\/wp-content\/uploads\/2018\/05\/2018-05-16-AA.-FLASH-MERCANTIL-INFORMATIU-Proteccio?-de-dades.pdf\"><img decoding=\"async\" src=\"https:\/\/augustaabogados.com\/wp-content\/uploads\/2024\/02\/Augusta_Abogados_GDPR_Europe-27.jpg\" alt=\"Entrada en vigor del nou Reglament Europeu de Protecci\u00f3 de Dades: Estem realment preparats?\" width=\"100%\" \/><\/a><\/p>\n<p>L&#8217;entrada en vigor del Reglament suposa un clar canvi de paradigma: des del divendres que ve s\u0092unificar\u00e0 la regulaci\u00f3 de la protecci\u00f3 de dades a nivell europeu. A partir de llavors el sistema passar\u00e0 a basar-se en la responsabilitat activa, sistema que trasllada als responsables i encarregats del tractament l&#8217;obligaci\u00f3 de valorar les mesures que resulten oportunes per tal de garantir davant qualsevol tractament de dades els drets que el Reglament atorga als titulars d&#8217;aquestes dades. El canvi \u00e9s substancial, ja que suposa la conscienciaci\u00f3 de tota la poblaci\u00f3 de que<strong> les dades personals s\u00f3n propietat del seu titular<\/strong> i que, per tant, aquestes no poden recollir-se sense informar i recaptar el seu consentiment per a la realitzaci\u00f3 de totes les accions que vulguin realitzar-se amb aquests, incentivant als titulars a exercitar els seus drets en el cas que sofreixin qualsevol vulneraci\u00f3.<\/p>\n<p>[box style=&#8221;1&#8243;]<br \/>\n<em>A efectes merament recordatoris\u0085<\/em><\/p>\n<p><em>La protecci\u00f3 de dades \u00e9s un concepte creat per a la salvaguarda de les dades que permeten identificar a una persona f\u00edsica. Aquestes dades inclouen: nom, cognoms, correus electr\u00f2nics, domicili personal, data i lloc de naixement, DNI, veu i imatge, signatura manuscrita i electr\u00f2nica, targeta sanit\u00e0ria, empremta i altres dades biom\u00e8triques, n\u00famero de tel\u00e8fon, adre\u00e7es IP, matricules de vehicles, marques i altres caracter\u00edstiques f\u00edsiques, entre d\u0092altres.<\/em><\/p>\n<p><em>A Espanya es configura com un dret fonamental que reconeix al ciutad\u00e0 la facultat de controlar les seves dades personals i la capacitat de disposar i decidir sobre aquestes. La Constituci\u00f3 Espanyola reflecteix aquest dret en el seu article 10, relatiu a la dignitat de les persones i en el seu article 18.4, en el qual es disposa que la llei limitar\u00e0 l\u0092\u00fas de la inform\u00e0tica per garantir l\u0092honor i la intimitat personal i familiar dels ciutadans aix\u00ed com el ple exercici dels seus drets. <\/em><br \/>\n[\/box]<\/p>\n<p>Les properes passes per a la completa adaptaci\u00f3 normativa els hi correspon als Parlaments dels Estats Membres, els quals han d\u0092acordar les modificacions oportunes sobre la normativa vigent per tal d\u0092evitar possibles confrontacions amb les previsions del RGPD. Amb aquesta finalitat, el Parlament espanyol es troba actualment desenvolupant el Projecte de Llei Org\u00e0nica de Protecci\u00f3 de Dades de Car\u00e0cter Personal (\u0093<strong>Projecte<\/strong>\u0094), normativa mitjan\u00e7ant la qual es derogar\u00e0 la LOPD i el seu reglament complementari i introduir\u00e0 un nou marc pel desenvolupament de les mesures de protecci\u00f3 de dades de conformitat amb el que s\u0092estableix en el RGPD<\/p>\n<p>Ara mateix sembla que l&#8217;Ag\u00e8ncia Espanyola de Protecci\u00f3 de Dades (\u0093<strong>AEPD<\/strong>\u0094) continuar\u00e0 sent l&#8217;organisme de refer\u00e8ncia supervisor del compliment de la nova normativa a Espanya, sent tamb\u00e9 l&#8217;encarregada de dur a terme les tasques de conscienciaci\u00f3 de la poblaci\u00f3. Per a aix\u00f2, l&#8217;AEPD est\u00e0 publicant a trav\u00e9s de la seva p\u00e0gina web una s\u00e8rie de guies i eines per a l&#8217;aplicaci\u00f3 d&#8217;aquesta normativa i aix\u00ed facilitar a empresaris i aut\u00f2noms la identificaci\u00f3 de les mesures a adoptar per acomplir a aquesta nova regulaci\u00f3.<\/p>\n<p><strong>Descrivim a continuaci\u00f3 els canvis m\u00e9s significatius: <\/strong><\/p>\n<ul>\n<li>&#8211; El canvi al <strong>sistema de responsabilitat activa<\/strong> dels responsables i encarregats del tractament, convertint aix\u00ed a tots els destinataris de la norma en col\u00b7laboradors implicats. Com s&#8217;ha indicat abans, aix\u00f2 implica l&#8217;an\u00e0lisi previ de qualsevol tractament i la conseg\u00fcent adopci\u00f3 de les mesures que es considerin adequats per tal de garantir el compliment de tots els requisits establerts pel marc regulador, responsabilitzant a l&#8217;empresa fins i tot de la selecci\u00f3 dels tercers prove\u00efdors. La realitzaci\u00f3 d&#8217;aquest exercici haur\u00e0 de dur-se a terme des de la perspectiva de l&#8217;inter\u00e8s del titular de les dades i no des de la perspectiva de l&#8217;inter\u00e8s de la companyia.<\/li>\n<li>L&#8217;obligaci\u00f3 de <strong>recaptar el consentiment espec\u00edfic, informat i inequ\u00edvoc<\/strong> pel tractament de qualsevol dada de car\u00e0cter personal, indicant-se pr\u00e8viament com a m\u00ednim: les finalitats del tractament, els destinataris de la informaci\u00f3 (identificaci\u00f3 del responsable i de l&#8217;encarregat en cas de cessi\u00f3 o transfer\u00e8ncies internacionals de dades), el termini o els criteris de conservaci\u00f3 de les dades, si escau, la indicaci\u00f3 de si existeixen decisions automatitzades o elaboracions de perfils i l&#8217;eventual exist\u00e8ncia d&#8217;un Delegat de Protecci\u00f3 de Dades, el car\u00e0cter obligatori i facultatiu de les respostes a les preguntes plantejades i les implicacions, la possibilitat d&#8217;exercir els drets del titular i el dret a presentar una reclamaci\u00f3 davant l&#8217;AEPD.<\/li>\n<li>Als drets dels titulars popularment coneguts com a ARCO, que s\u00f3n els d&#8217;<strong>acc\u00e9s<\/strong>, <strong>rectificaci\u00f3<\/strong>, cancel\u00b7laci\u00f3 (a partir d&#8217;ara tamb\u00e9 conegut com a dret a <strong>l&#8217;oblit<\/strong>) i <strong>oposici\u00f3<\/strong>, s&#8217;afegeixen els de <strong>limitaci\u00f3<\/strong>, referent a la impossibilitat de fer \u00fas de les dades per a finalitats de les quals no s&#8217;hagi informat, i el de <strong>portabilitat<\/strong> de les dades que es refereix al fet que l&#8217;interessat t\u00e9 dret a obtenir una c\u00f2pia de les dades que hagi facilitat.<\/li>\n<li>Les Administracions P\u00fabliques i les empreses del sector privat que realitzin tractaments que requereixin d&#8217;una observaci\u00f3 habitual o sistem\u00e0tica de les persones, o b\u00e9 tractin dades especialment protegides (ideologia, afiliaci\u00f3 sindical, religi\u00f3, creences, origen racial, salut o vida sexual), hauran de nomenar un Delegat de Protecci\u00f3 de Dades (conegut com a DPO). Aquesta figura podr\u00e0 estar representada per una persona interna o externa a l&#8217;empresa, resultant prec\u00eds que la persona encarregada d&#8217;aquesta funci\u00f3 tingui coneixements jur\u00eddics i pr\u00e0ctics en mat\u00e8ria de protecci\u00f3 de dades i no es trobi en cap conflicte d&#8217;inter\u00e8s.<\/li>\n<li>Estaran obligades a mantenir un <strong>registre d&#8217;activitats de tractament<\/strong> que indiqui l&#8217;origen de les dades, les categories de les dades (empleats, clients, prove\u00efdors, imatges\u0085), els fitxers o suports en els quals es contenen, la identificaci\u00f3 de les comunicacions de les dades, el temps de conservaci\u00f3 i la manera de destrucci\u00f3 d&#8217;aquests, aquelles empreses que comptin amb m\u00e9s de 250 treballadors o b\u00e9, malgrat emprar un nombre menor d&#8217;ells, realitzin un tractament de les dades que pugui comportar un risc pels drets i llibertats dels interessats o incloguin les categories de dades especialment protegides.<\/li>\n<li>S&#8217;introdueix <strong>un nou r\u00e8gim per a les sancions<\/strong> monet\u00e0ries, on es classifiquen en dues tipologies diferents en funci\u00f3 de la gravetat: les menys greus es sancionaran amb fins a 10 milions d&#8217;euros o el 2% del volum de la facturaci\u00f3 anual de l&#8217;empresa (aplicant la m\u00e9s alta de les dues) mentre que les m\u00e9s greus se sancionessin amb multes que poden aconseguir fins als 20 milions d&#8217;euros o el 4% del volum de la facturaci\u00f3 anual de l&#8217;empresa (aplicant tamb\u00e9, el nombre m\u00e9s alt dels dos).<\/li>\n<li>El RGPD tamb\u00e9 preveu la possibilitat que en alguns casos la sanci\u00f3 econ\u00f2mica pugui ser substitu\u00efda per la <strong>prevenci\u00f3<\/strong>: aix\u00f2 implicar\u00e0 l&#8217;obligatorietat de l&#8217;empresa d&#8217;adoptar les mesures correctores que s&#8217;indiquin per part de l&#8217;organisme de refer\u00e8ncia de cada pa\u00eds.<\/li>\n<li>Aix\u00ed mateix, cal tenir en compte que el RGPD preveu la possibilitat que l&#8217;afectat per la divulgaci\u00f3 de les seves dades pugui interposar la corresponent reclamaci\u00f3 judicial en reclamaci\u00f3 dels danys i perjudicis.<\/li>\n<\/ul>\n<p>Podem concloure que els grans canvis que hi ha en relaci\u00f3 amb la normativa vigent fins al moment s\u00f3n (i) el canvi en la responsabilitat, limitada fins al moment en el compliment de quant s&#8217;indicava en la LOPD; (ii) la no obligaci\u00f3 d&#8217;inscriure els fitxers de protecci\u00f3 de dades en l&#8217;AEPD; (iii) la impossibilitat de recaptar el consentiment per al tractament de les dades de manera t\u00e0cita i (iii) el fet que deixa de ser obligatori, encara que segueix sent recomanable la seva tinen\u00e7a i actualitzaci\u00f3, la tinen\u00e7a d&#8217;un document de seguretat.<\/p>\n<p>Com hem indicat anteriorment, els canvis que marca el Reglament constitueixen nom\u00e9s el principi del canvi normatiu que conclour\u00e0 amb l&#8217;entrada en vigor del nou Projecte. De moment, tot all\u00f2 que tenim s\u00f3n les directrius d&#8217;aplicaci\u00f3 i caldr\u00e0 veure l&#8217;abast final de cadascuna de les obligacions.<\/p>\n<p><a href=\"http:\/\/jordim52.sg-host.com\/wp-content\/uploads\/2018\/05\/2018-05-16-AA.-FLASH-MERCANTIL-INFORMATIU-Proteccio?-de-dades.pdf\" target=\"_blank\" rel=\"noopener\">Si est\u00e0 interessat a llegir l\u0092article complet, pot descarregar-se l\u0092arxiu PDF des d\u0092aqu\u00ed.<\/a><\/p>\n<h4><strong>Autora<\/strong>: Ana Mart\u00ednez Bonet.<\/h4>\n","protected":false},"excerpt":{"rendered":"<p>ENTRADA EN VIGOR DEL NOU REGLAMENT EUROPEU DE PROTECCI\u00d3 DE DADES: ESTEM REALMENT PREPARATS? Porta temps anunciant-se i estem a les portes, despr\u00e9s del transcurs dels dos anys disposats perqu\u00e8 les empreses i ens p\u00fablics s&#8217;adaptessin a la norma: a partir del dia 25 de maig de 2018 ser\u00e0 aplicable el Reglament (UE) 2016\/679 del [&hellip;]<\/p>\n","protected":false},"author":8,"featured_media":34039,"comment_status":"closed","ping_status":"open","sticky":false,"template":"","format":"standard","meta":{"content-type":"","site-sidebar-layout":"no-sidebar","site-content-layout":"page-builder","ast-site-content-layout":"default","site-content-style":"default","site-sidebar-style":"default","ast-global-header-display":"","ast-banner-title-visibility":"","ast-main-header-display":"","ast-hfb-above-header-display":"","ast-hfb-below-header-display":"","ast-hfb-mobile-header-display":"","site-post-title":"","ast-breadcrumbs-content":"","ast-featured-img":"","footer-sml-layout":"","ast-disable-related-posts":"","theme-transparent-header-meta":"disabled","adv-header-id-meta":"","stick-header-meta":"","header-above-stick-meta":"","header-main-stick-meta":"","header-below-stick-meta":"","astra-migrate-meta-layouts":"set","ast-page-background-enabled":"default","ast-page-background-meta":{"desktop":{"background-color":"var(--ast-global-color-4)","background-image":"","background-repeat":"repeat","background-position":"center center","background-size":"auto","background-attachment":"scroll","background-type":"","background-media":"","overlay-type":"","overlay-color":"","overlay-opacity":"","overlay-gradient":""},"tablet":{"background-color":"","background-image":"","background-repeat":"repeat","background-position":"center center","background-size":"auto","background-attachment":"scroll","background-type":"","background-media":"","overlay-type":"","overlay-color":"","overlay-opacity":"","overlay-gradient":""},"mobile":{"background-color":"","background-image":"","background-repeat":"repeat","background-position":"center center","background-size":"auto","background-attachment":"scroll","background-type":"","background-media":"","overlay-type":"","overlay-color":"","overlay-opacity":"","overlay-gradient":""}},"ast-content-background-meta":{"desktop":{"background-color":"var(--ast-global-color-5)","background-image":"","background-repeat":"repeat","background-position":"center center","background-size":"auto","background-attachment":"scroll","background-type":"","background-media":"","overlay-type":"","overlay-color":"","overlay-opacity":"","overlay-gradient":""},"tablet":{"background-color":"var(--ast-global-color-5)","background-image":"","background-repeat":"repeat","background-position":"center center","background-size":"auto","background-attachment":"scroll","background-type":"","background-media":"","overlay-type":"","overlay-color":"","overlay-opacity":"","overlay-gradient":""},"mobile":{"background-color":"var(--ast-global-color-5)","background-image":"","background-repeat":"repeat","background-position":"center center","background-size":"auto","background-attachment":"scroll","background-type":"","background-media":"","overlay-type":"","overlay-color":"","overlay-opacity":"","overlay-gradient":""}},"footnotes":""},"categories":[],"tags":[271,1082,121,279,1087,280,3942,184,281],"servicio-asociado":[],"class_list":["post-36246","post","type-post","status-publish","format-standard","has-post-thumbnail","hentry","tag-actualidad-mercantil","tag-actualitat-mercantil","tag-flash-mercantil","tag-lopd","tag-nou-reglament","tag-nuevo-reglamento","tag-proteccio-de-dades","tag-proteccion-de-datos","tag-rgpd"],"acf":[],"yoast_head":"<!-- This site is optimized with the Yoast SEO plugin v27.4 - https:\/\/yoast.com\/product\/yoast-seo-wordpress\/ -->\n<title>Informaci\u00f3n sobre la modificaci\u00f3n de la Ley catalana del Impuesto sobre Sucesiones y Donaciones|Informaci\u00f3n sobre la modificaci\u00f3n de la Ley catalana del Impuesto sobre Sucesiones y Donaciones<\/title>\n<meta name=\"description\" content=\"La modificaci\u00f3n de la Ley catalana del Impuesto sobre Sucesiones y Donaciones obliga a reevaluar las planificaciones fiscales de la sucesi\u00f3n familiar y empresarial.|La modificaci\u00f3n de la Ley catalana del Impuesto sobre Sucesiones y Donaciones obliga a reevaluar las planificaciones fiscales de la sucesi\u00f3n familiar y empresarial.\" \/>\n<meta name=\"robots\" content=\"index, follow, max-snippet:-1, max-image-preview:large, max-video-preview:-1\" \/>\n<link rel=\"canonical\" href=\"https:\/\/augustaabogados.com\/ca\/flash-mercantil-entrada-en-vigor-del-nou-reglament-europeu-de-proteccio-de-dades-estem-realment-preparats\/\" \/>\n<meta property=\"og:locale\" content=\"ca_ES\" \/>\n<meta property=\"og:type\" content=\"article\" \/>\n<meta property=\"og:title\" content=\"Informaci\u00f3n sobre la modificaci\u00f3n de la Ley catalana del Impuesto sobre Sucesiones y Donaciones|Informaci\u00f3n sobre la modificaci\u00f3n de la Ley catalana del Impuesto sobre Sucesiones y Donaciones\" \/>\n<meta property=\"og:description\" content=\"La modificaci\u00f3n de la Ley catalana del Impuesto sobre Sucesiones y Donaciones obliga a reevaluar las planificaciones fiscales de la sucesi\u00f3n familiar y empresarial.|La modificaci\u00f3n de la Ley catalana del Impuesto sobre Sucesiones y Donaciones obliga a reevaluar las planificaciones fiscales de la sucesi\u00f3n familiar y empresarial.\" \/>\n<meta property=\"og:url\" content=\"https:\/\/augustaabogados.com\/ca\/flash-mercantil-entrada-en-vigor-del-nou-reglament-europeu-de-proteccio-de-dades-estem-realment-preparats\/\" \/>\n<meta property=\"og:site_name\" content=\"Augusta Abogados\" \/>\n<meta property=\"article:published_time\" content=\"2018-05-24T00:00:00+00:00\" \/>\n<meta property=\"article:modified_time\" content=\"2024-02-06T11:29:16+00:00\" \/>\n<meta property=\"og:image\" content=\"https:\/\/augustaabogados.com\/wp-content\/uploads\/2024\/02\/Cabecera-Flash_Mercantil-15.jpg\" \/>\n\t<meta property=\"og:image:width\" content=\"800\" \/>\n\t<meta property=\"og:image:height\" content=\"418\" \/>\n\t<meta property=\"og:image:type\" content=\"image\/jpeg\" \/>\n<meta name=\"author\" content=\"Augusta Abogados\" \/>\n<meta name=\"twitter:card\" content=\"summary_large_image\" \/>\n<meta name=\"twitter:label1\" content=\"Escrit per\" \/>\n\t<meta name=\"twitter:data1\" content=\"Augusta Abogados\" \/>\n\t<meta name=\"twitter:label2\" content=\"Temps estimat de lectura\" \/>\n\t<meta name=\"twitter:data2\" content=\"3 minuts\" \/>\n<script type=\"application\/ld+json\" class=\"yoast-schema-graph\">{\"@context\":\"https:\\\/\\\/schema.org\",\"@graph\":[{\"@type\":\"Article\",\"@id\":\"https:\\\/\\\/augustaabogados.com\\\/ca\\\/flash-mercantil-entrada-en-vigor-del-nou-reglament-europeu-de-proteccio-de-dades-estem-realment-preparats\\\/#article\",\"isPartOf\":{\"@id\":\"https:\\\/\\\/augustaabogados.com\\\/ca\\\/flash-mercantil-entrada-en-vigor-del-nou-reglament-europeu-de-proteccio-de-dades-estem-realment-preparats\\\/\"},\"author\":{\"name\":\"Augusta Abogados\",\"@id\":\"https:\\\/\\\/augustaabogados.com\\\/#\\\/schema\\\/person\\\/8c5e230eb6ed47cdd14ee188eb04a753\"},\"headline\":\"FLASH MERCANTIL &#8211; Entrada en vigor del nou Reglament Europeu de Protecci\u00f3 de Dades: Estem realment preparats?\",\"datePublished\":\"2018-05-24T00:00:00+00:00\",\"dateModified\":\"2024-02-06T11:29:16+00:00\",\"mainEntityOfPage\":{\"@id\":\"https:\\\/\\\/augustaabogados.com\\\/ca\\\/flash-mercantil-entrada-en-vigor-del-nou-reglament-europeu-de-proteccio-de-dades-estem-realment-preparats\\\/\"},\"wordCount\":1505,\"publisher\":{\"@id\":\"https:\\\/\\\/augustaabogados.com\\\/#organization\"},\"image\":{\"@id\":\"https:\\\/\\\/augustaabogados.com\\\/ca\\\/flash-mercantil-entrada-en-vigor-del-nou-reglament-europeu-de-proteccio-de-dades-estem-realment-preparats\\\/#primaryimage\"},\"thumbnailUrl\":\"https:\\\/\\\/augustaabogados.com\\\/wp-content\\\/uploads\\\/2024\\\/02\\\/Cabecera-Flash_Mercantil-15.jpg\",\"keywords\":[\"Actualidad Mercantil\",\"Actualitat Mercantil\",\"Flash Mercantil\",\"LOPD\",\"Nou Reglament\",\"Nuevo Reglamento\",\"Protecci\u00f3 de Dades\",\"Protecci\u00f3n de datos\",\"RGPD\"],\"inLanguage\":\"ca\"},{\"@type\":[\"WebPage\",\"ItemPage\"],\"@id\":\"https:\\\/\\\/augustaabogados.com\\\/ca\\\/flash-mercantil-entrada-en-vigor-del-nou-reglament-europeu-de-proteccio-de-dades-estem-realment-preparats\\\/\",\"url\":\"https:\\\/\\\/augustaabogados.com\\\/ca\\\/flash-mercantil-entrada-en-vigor-del-nou-reglament-europeu-de-proteccio-de-dades-estem-realment-preparats\\\/\",\"name\":\"Informaci\u00f3n sobre la modificaci\u00f3n de la Ley catalana del Impuesto sobre Sucesiones y Donaciones|Informaci\u00f3n sobre la modificaci\u00f3n de la Ley catalana del Impuesto sobre Sucesiones y Donaciones\",\"isPartOf\":{\"@id\":\"https:\\\/\\\/augustaabogados.com\\\/#website\"},\"primaryImageOfPage\":{\"@id\":\"https:\\\/\\\/augustaabogados.com\\\/ca\\\/flash-mercantil-entrada-en-vigor-del-nou-reglament-europeu-de-proteccio-de-dades-estem-realment-preparats\\\/#primaryimage\"},\"image\":{\"@id\":\"https:\\\/\\\/augustaabogados.com\\\/ca\\\/flash-mercantil-entrada-en-vigor-del-nou-reglament-europeu-de-proteccio-de-dades-estem-realment-preparats\\\/#primaryimage\"},\"thumbnailUrl\":\"https:\\\/\\\/augustaabogados.com\\\/wp-content\\\/uploads\\\/2024\\\/02\\\/Cabecera-Flash_Mercantil-15.jpg\",\"datePublished\":\"2018-05-24T00:00:00+00:00\",\"dateModified\":\"2024-02-06T11:29:16+00:00\",\"description\":\"La modificaci\u00f3n de la Ley catalana del Impuesto sobre Sucesiones y Donaciones obliga a reevaluar las planificaciones fiscales de la sucesi\u00f3n familiar y empresarial.|La modificaci\u00f3n de la Ley catalana del Impuesto sobre Sucesiones y Donaciones obliga a reevaluar las planificaciones fiscales de la sucesi\u00f3n familiar y empresarial.\",\"breadcrumb\":{\"@id\":\"https:\\\/\\\/augustaabogados.com\\\/ca\\\/flash-mercantil-entrada-en-vigor-del-nou-reglament-europeu-de-proteccio-de-dades-estem-realment-preparats\\\/#breadcrumb\"},\"inLanguage\":\"ca\",\"potentialAction\":[{\"@type\":\"ReadAction\",\"target\":[\"https:\\\/\\\/augustaabogados.com\\\/ca\\\/flash-mercantil-entrada-en-vigor-del-nou-reglament-europeu-de-proteccio-de-dades-estem-realment-preparats\\\/\"]}]},{\"@type\":\"ImageObject\",\"inLanguage\":\"ca\",\"@id\":\"https:\\\/\\\/augustaabogados.com\\\/ca\\\/flash-mercantil-entrada-en-vigor-del-nou-reglament-europeu-de-proteccio-de-dades-estem-realment-preparats\\\/#primaryimage\",\"url\":\"https:\\\/\\\/augustaabogados.com\\\/wp-content\\\/uploads\\\/2024\\\/02\\\/Cabecera-Flash_Mercantil-15.jpg\",\"contentUrl\":\"https:\\\/\\\/augustaabogados.com\\\/wp-content\\\/uploads\\\/2024\\\/02\\\/Cabecera-Flash_Mercantil-15.jpg\",\"width\":800,\"height\":418},{\"@type\":\"BreadcrumbList\",\"@id\":\"https:\\\/\\\/augustaabogados.com\\\/ca\\\/flash-mercantil-entrada-en-vigor-del-nou-reglament-europeu-de-proteccio-de-dades-estem-realment-preparats\\\/#breadcrumb\",\"itemListElement\":[{\"@type\":\"ListItem\",\"position\":1,\"name\":\"Portada\",\"item\":\"https:\\\/\\\/augustaabogados.com\\\/ca\\\/\"},{\"@type\":\"ListItem\",\"position\":2,\"name\":\"FLASH MERCANTIL &#8211; Entrada en vigor del nou Reglament Europeu de Protecci\u00f3 de Dades: Estem realment preparats?\"}]},{\"@type\":\"WebSite\",\"@id\":\"https:\\\/\\\/augustaabogados.com\\\/#website\",\"url\":\"https:\\\/\\\/augustaabogados.com\\\/\",\"name\":\"Augusta Abogados\",\"description\":\"\",\"publisher\":{\"@id\":\"https:\\\/\\\/augustaabogados.com\\\/#organization\"},\"potentialAction\":[{\"@type\":\"SearchAction\",\"target\":{\"@type\":\"EntryPoint\",\"urlTemplate\":\"https:\\\/\\\/augustaabogados.com\\\/?s={search_term_string}\"},\"query-input\":{\"@type\":\"PropertyValueSpecification\",\"valueRequired\":true,\"valueName\":\"search_term_string\"}}],\"inLanguage\":\"ca\"},{\"@type\":\"Organization\",\"@id\":\"https:\\\/\\\/augustaabogados.com\\\/#organization\",\"name\":\"Augusta Abogados\",\"url\":\"https:\\\/\\\/augustaabogados.com\\\/\",\"logo\":{\"@type\":\"ImageObject\",\"inLanguage\":\"ca\",\"@id\":\"https:\\\/\\\/augustaabogados.com\\\/#\\\/schema\\\/logo\\\/image\\\/\",\"url\":\"https:\\\/\\\/augustaabogados.com\\\/wp-content\\\/uploads\\\/2023\\\/11\\\/LOGO-AUGUSTA.svg\",\"contentUrl\":\"https:\\\/\\\/augustaabogados.com\\\/wp-content\\\/uploads\\\/2023\\\/11\\\/LOGO-AUGUSTA.svg\",\"caption\":\"Augusta Abogados\"},\"image\":{\"@id\":\"https:\\\/\\\/augustaabogados.com\\\/#\\\/schema\\\/logo\\\/image\\\/\"}},{\"@type\":\"Person\",\"@id\":\"https:\\\/\\\/augustaabogados.com\\\/#\\\/schema\\\/person\\\/8c5e230eb6ed47cdd14ee188eb04a753\",\"name\":\"Augusta Abogados\",\"image\":{\"@type\":\"ImageObject\",\"inLanguage\":\"ca\",\"@id\":\"https:\\\/\\\/secure.gravatar.com\\\/avatar\\\/09e6ceb5fccff542915602bda752518fa959b0df2d103d929aefa74c2909a4bc?s=96&d=mm&r=g\",\"url\":\"https:\\\/\\\/secure.gravatar.com\\\/avatar\\\/09e6ceb5fccff542915602bda752518fa959b0df2d103d929aefa74c2909a4bc?s=96&d=mm&r=g\",\"contentUrl\":\"https:\\\/\\\/secure.gravatar.com\\\/avatar\\\/09e6ceb5fccff542915602bda752518fa959b0df2d103d929aefa74c2909a4bc?s=96&d=mm&r=g\",\"caption\":\"Augusta Abogados\"}}]}<\/script>\n<!-- \/ Yoast SEO plugin. -->","yoast_head_json":{"title":"Informaci\u00f3n sobre la modificaci\u00f3n de la Ley catalana del Impuesto sobre Sucesiones y Donaciones|Informaci\u00f3n sobre la modificaci\u00f3n de la Ley catalana del Impuesto sobre Sucesiones y Donaciones","description":"La modificaci\u00f3n de la Ley catalana del Impuesto sobre Sucesiones y Donaciones obliga a reevaluar las planificaciones fiscales de la sucesi\u00f3n familiar y empresarial.|La modificaci\u00f3n de la Ley catalana del Impuesto sobre Sucesiones y Donaciones obliga a reevaluar las planificaciones fiscales de la sucesi\u00f3n familiar y empresarial.","robots":{"index":"index","follow":"follow","max-snippet":"max-snippet:-1","max-image-preview":"max-image-preview:large","max-video-preview":"max-video-preview:-1"},"canonical":"https:\/\/augustaabogados.com\/ca\/flash-mercantil-entrada-en-vigor-del-nou-reglament-europeu-de-proteccio-de-dades-estem-realment-preparats\/","og_locale":"ca_ES","og_type":"article","og_title":"Informaci\u00f3n sobre la modificaci\u00f3n de la Ley catalana del Impuesto sobre Sucesiones y Donaciones|Informaci\u00f3n sobre la modificaci\u00f3n de la Ley catalana del Impuesto sobre Sucesiones y Donaciones","og_description":"La modificaci\u00f3n de la Ley catalana del Impuesto sobre Sucesiones y Donaciones obliga a reevaluar las planificaciones fiscales de la sucesi\u00f3n familiar y empresarial.|La modificaci\u00f3n de la Ley catalana del Impuesto sobre Sucesiones y Donaciones obliga a reevaluar las planificaciones fiscales de la sucesi\u00f3n familiar y empresarial.","og_url":"https:\/\/augustaabogados.com\/ca\/flash-mercantil-entrada-en-vigor-del-nou-reglament-europeu-de-proteccio-de-dades-estem-realment-preparats\/","og_site_name":"Augusta Abogados","article_published_time":"2018-05-24T00:00:00+00:00","article_modified_time":"2024-02-06T11:29:16+00:00","og_image":[{"width":800,"height":418,"url":"https:\/\/augustaabogados.com\/wp-content\/uploads\/2024\/02\/Cabecera-Flash_Mercantil-15.jpg","type":"image\/jpeg"}],"author":"Augusta Abogados","twitter_card":"summary_large_image","twitter_misc":{"Escrit per":"Augusta Abogados","Temps estimat de lectura":"3 minuts"},"schema":{"@context":"https:\/\/schema.org","@graph":[{"@type":"Article","@id":"https:\/\/augustaabogados.com\/ca\/flash-mercantil-entrada-en-vigor-del-nou-reglament-europeu-de-proteccio-de-dades-estem-realment-preparats\/#article","isPartOf":{"@id":"https:\/\/augustaabogados.com\/ca\/flash-mercantil-entrada-en-vigor-del-nou-reglament-europeu-de-proteccio-de-dades-estem-realment-preparats\/"},"author":{"name":"Augusta Abogados","@id":"https:\/\/augustaabogados.com\/#\/schema\/person\/8c5e230eb6ed47cdd14ee188eb04a753"},"headline":"FLASH MERCANTIL &#8211; Entrada en vigor del nou Reglament Europeu de Protecci\u00f3 de Dades: Estem realment preparats?","datePublished":"2018-05-24T00:00:00+00:00","dateModified":"2024-02-06T11:29:16+00:00","mainEntityOfPage":{"@id":"https:\/\/augustaabogados.com\/ca\/flash-mercantil-entrada-en-vigor-del-nou-reglament-europeu-de-proteccio-de-dades-estem-realment-preparats\/"},"wordCount":1505,"publisher":{"@id":"https:\/\/augustaabogados.com\/#organization"},"image":{"@id":"https:\/\/augustaabogados.com\/ca\/flash-mercantil-entrada-en-vigor-del-nou-reglament-europeu-de-proteccio-de-dades-estem-realment-preparats\/#primaryimage"},"thumbnailUrl":"https:\/\/augustaabogados.com\/wp-content\/uploads\/2024\/02\/Cabecera-Flash_Mercantil-15.jpg","keywords":["Actualidad Mercantil","Actualitat Mercantil","Flash Mercantil","LOPD","Nou Reglament","Nuevo Reglamento","Protecci\u00f3 de Dades","Protecci\u00f3n de datos","RGPD"],"inLanguage":"ca"},{"@type":["WebPage","ItemPage"],"@id":"https:\/\/augustaabogados.com\/ca\/flash-mercantil-entrada-en-vigor-del-nou-reglament-europeu-de-proteccio-de-dades-estem-realment-preparats\/","url":"https:\/\/augustaabogados.com\/ca\/flash-mercantil-entrada-en-vigor-del-nou-reglament-europeu-de-proteccio-de-dades-estem-realment-preparats\/","name":"Informaci\u00f3n sobre la modificaci\u00f3n de la Ley catalana del Impuesto sobre Sucesiones y Donaciones|Informaci\u00f3n sobre la modificaci\u00f3n de la Ley catalana del Impuesto sobre Sucesiones y Donaciones","isPartOf":{"@id":"https:\/\/augustaabogados.com\/#website"},"primaryImageOfPage":{"@id":"https:\/\/augustaabogados.com\/ca\/flash-mercantil-entrada-en-vigor-del-nou-reglament-europeu-de-proteccio-de-dades-estem-realment-preparats\/#primaryimage"},"image":{"@id":"https:\/\/augustaabogados.com\/ca\/flash-mercantil-entrada-en-vigor-del-nou-reglament-europeu-de-proteccio-de-dades-estem-realment-preparats\/#primaryimage"},"thumbnailUrl":"https:\/\/augustaabogados.com\/wp-content\/uploads\/2024\/02\/Cabecera-Flash_Mercantil-15.jpg","datePublished":"2018-05-24T00:00:00+00:00","dateModified":"2024-02-06T11:29:16+00:00","description":"La modificaci\u00f3n de la Ley catalana del Impuesto sobre Sucesiones y Donaciones obliga a reevaluar las planificaciones fiscales de la sucesi\u00f3n familiar y empresarial.|La modificaci\u00f3n de la Ley catalana del Impuesto sobre Sucesiones y Donaciones obliga a reevaluar las planificaciones fiscales de la sucesi\u00f3n familiar y empresarial.","breadcrumb":{"@id":"https:\/\/augustaabogados.com\/ca\/flash-mercantil-entrada-en-vigor-del-nou-reglament-europeu-de-proteccio-de-dades-estem-realment-preparats\/#breadcrumb"},"inLanguage":"ca","potentialAction":[{"@type":"ReadAction","target":["https:\/\/augustaabogados.com\/ca\/flash-mercantil-entrada-en-vigor-del-nou-reglament-europeu-de-proteccio-de-dades-estem-realment-preparats\/"]}]},{"@type":"ImageObject","inLanguage":"ca","@id":"https:\/\/augustaabogados.com\/ca\/flash-mercantil-entrada-en-vigor-del-nou-reglament-europeu-de-proteccio-de-dades-estem-realment-preparats\/#primaryimage","url":"https:\/\/augustaabogados.com\/wp-content\/uploads\/2024\/02\/Cabecera-Flash_Mercantil-15.jpg","contentUrl":"https:\/\/augustaabogados.com\/wp-content\/uploads\/2024\/02\/Cabecera-Flash_Mercantil-15.jpg","width":800,"height":418},{"@type":"BreadcrumbList","@id":"https:\/\/augustaabogados.com\/ca\/flash-mercantil-entrada-en-vigor-del-nou-reglament-europeu-de-proteccio-de-dades-estem-realment-preparats\/#breadcrumb","itemListElement":[{"@type":"ListItem","position":1,"name":"Portada","item":"https:\/\/augustaabogados.com\/ca\/"},{"@type":"ListItem","position":2,"name":"FLASH MERCANTIL &#8211; Entrada en vigor del nou Reglament Europeu de Protecci\u00f3 de Dades: Estem realment preparats?"}]},{"@type":"WebSite","@id":"https:\/\/augustaabogados.com\/#website","url":"https:\/\/augustaabogados.com\/","name":"Augusta Abogados","description":"","publisher":{"@id":"https:\/\/augustaabogados.com\/#organization"},"potentialAction":[{"@type":"SearchAction","target":{"@type":"EntryPoint","urlTemplate":"https:\/\/augustaabogados.com\/?s={search_term_string}"},"query-input":{"@type":"PropertyValueSpecification","valueRequired":true,"valueName":"search_term_string"}}],"inLanguage":"ca"},{"@type":"Organization","@id":"https:\/\/augustaabogados.com\/#organization","name":"Augusta Abogados","url":"https:\/\/augustaabogados.com\/","logo":{"@type":"ImageObject","inLanguage":"ca","@id":"https:\/\/augustaabogados.com\/#\/schema\/logo\/image\/","url":"https:\/\/augustaabogados.com\/wp-content\/uploads\/2023\/11\/LOGO-AUGUSTA.svg","contentUrl":"https:\/\/augustaabogados.com\/wp-content\/uploads\/2023\/11\/LOGO-AUGUSTA.svg","caption":"Augusta Abogados"},"image":{"@id":"https:\/\/augustaabogados.com\/#\/schema\/logo\/image\/"}},{"@type":"Person","@id":"https:\/\/augustaabogados.com\/#\/schema\/person\/8c5e230eb6ed47cdd14ee188eb04a753","name":"Augusta Abogados","image":{"@type":"ImageObject","inLanguage":"ca","@id":"https:\/\/secure.gravatar.com\/avatar\/09e6ceb5fccff542915602bda752518fa959b0df2d103d929aefa74c2909a4bc?s=96&d=mm&r=g","url":"https:\/\/secure.gravatar.com\/avatar\/09e6ceb5fccff542915602bda752518fa959b0df2d103d929aefa74c2909a4bc?s=96&d=mm&r=g","contentUrl":"https:\/\/secure.gravatar.com\/avatar\/09e6ceb5fccff542915602bda752518fa959b0df2d103d929aefa74c2909a4bc?s=96&d=mm&r=g","caption":"Augusta Abogados"}}]}},"_links":{"self":[{"href":"https:\/\/augustaabogados.com\/ca\/wp-json\/wp\/v2\/posts\/36246","targetHints":{"allow":["GET"]}}],"collection":[{"href":"https:\/\/augustaabogados.com\/ca\/wp-json\/wp\/v2\/posts"}],"about":[{"href":"https:\/\/augustaabogados.com\/ca\/wp-json\/wp\/v2\/types\/post"}],"author":[{"embeddable":true,"href":"https:\/\/augustaabogados.com\/ca\/wp-json\/wp\/v2\/users\/8"}],"replies":[{"embeddable":true,"href":"https:\/\/augustaabogados.com\/ca\/wp-json\/wp\/v2\/comments?post=36246"}],"version-history":[{"count":1,"href":"https:\/\/augustaabogados.com\/ca\/wp-json\/wp\/v2\/posts\/36246\/revisions"}],"predecessor-version":[{"id":36250,"href":"https:\/\/augustaabogados.com\/ca\/wp-json\/wp\/v2\/posts\/36246\/revisions\/36250"}],"wp:featuredmedia":[{"embeddable":true,"href":"https:\/\/augustaabogados.com\/ca\/wp-json\/wp\/v2\/media\/34039"}],"wp:attachment":[{"href":"https:\/\/augustaabogados.com\/ca\/wp-json\/wp\/v2\/media?parent=36246"}],"wp:term":[{"taxonomy":"category","embeddable":true,"href":"https:\/\/augustaabogados.com\/ca\/wp-json\/wp\/v2\/categories?post=36246"},{"taxonomy":"post_tag","embeddable":true,"href":"https:\/\/augustaabogados.com\/ca\/wp-json\/wp\/v2\/tags?post=36246"},{"taxonomy":"servicio-asociado","embeddable":true,"href":"https:\/\/augustaabogados.com\/ca\/wp-json\/wp\/v2\/servicio-asociado?post=36246"}],"curies":[{"name":"wp","href":"https:\/\/api.w.org\/{rel}","templated":true}]}}