{"id":36271,"date":"2018-07-02T00:00:00","date_gmt":"2018-07-02T00:00:00","guid":{"rendered":"https:\/\/augustaabogados.com\/la-nova-llei-5-2018-en-relacio-a-locupacio-il%c2%b7legal-dhabitatges-entra-en-vigor-avui-2-de-juliol\/"},"modified":"2024-02-06T11:29:06","modified_gmt":"2024-02-06T11:29:06","slug":"la-nova-llei-5-2018-en-relacio-a-locupacio-il%c2%b7legal-dhabitatges-entra-en-vigor-avui-2-de-juliol","status":"publish","type":"post","link":"https:\/\/augustaabogados.com\/ca\/la-nova-llei-5-2018-en-relacio-a-locupacio-il%c2%b7legal-dhabitatges-entra-en-vigor-avui-2-de-juliol\/","title":{"rendered":"La nova Llei 5\/2018, en relaci\u00f3 a l\u0092ocupaci\u00f3 il\u00b7legal d\u0092habitatges entra en vigor avu\u00ed, 2 de juliol"},"content":{"rendered":"<p>La Llei 5\/2018, la qual modifica algunes disposicions de la Llei 1\/2000 d\u0092Enjudiciament Civil, preveu la tramitaci\u00f3 de les demandes que tinguin per objecte la protecci\u00f3 d\u0092individus que hagin sigut privats del gaudi de les seves possessions (coses o drets), a m\u00e9s de la possibilitat de sol\u00b7licitar la immediata recuperaci\u00f3 de la possessi\u00f3 d\u0092un habitatge o part d\u0092ell. Aquesta tramitaci\u00f3, que es dur\u00e0 a terme mitjan\u00e7ant judici verbal, permetr\u00e0 que les demandes destinades a recuperar la possessi\u00f3 d\u0092un habitatge es dirigeixin de manera gen\u00e8rica als ocupants desconeguts de la mateixa, sense perdre de vista que aquesta demanda haur\u00e0 d\u0092incloure el t\u00edtol en que la part actora fonamenta el seu dret a posseir. Finalment, una vegada notificada la resoluci\u00f3 de desocupaci\u00f3 de l\u0092habitatge, la llei preveu la intervenci\u00f3 dels serveis socials per assegurar la protecci\u00f3 dels ocupants que necessitin una llar, tot aconseguint tant l\u0092execuci\u00f3 de la resoluci\u00f3 judicial com la prevenci\u00f3 de situacions d\u0092exclusi\u00f3 residencial.<\/p>\n<p><a href=\"https:\/\/www.boe.es\/boe\/dias\/2018\/06\/12\/pdfs\/BOE-A-2018-7833.pdf\" target=\"_blank\" rel=\"noopener\">https:\/\/www.boe.es\/boe\/dias\/2018\/06\/12\/pdfs\/BOE-A-2018-7833.pdf<\/a><\/p>\n","protected":false},"excerpt":{"rendered":"<p>La Llei 5\/2018, la qual modifica algunes disposicions de la Llei 1\/2000 d\u0092Enjudiciament Civil, preveu la tramitaci\u00f3 de les demandes que tinguin per objecte la protecci\u00f3 d\u0092individus que hagin sigut privats del gaudi de les seves possessions (coses o drets), a m\u00e9s de la possibilitat de sol\u00b7licitar la immediata recuperaci\u00f3 de la possessi\u00f3 d\u0092un habitatge [&hellip;]<\/p>\n","protected":false},"author":8,"featured_media":36272,"comment_status":"closed","ping_status":"open","sticky":false,"template":"","format":"standard","meta":{"content-type":"","site-sidebar-layout":"no-sidebar","site-content-layout":"page-builder","ast-site-content-layout":"default","site-content-style":"default","site-sidebar-style":"default","ast-global-header-display":"","ast-banner-title-visibility":"","ast-main-header-display":"","ast-hfb-above-header-display":"","ast-hfb-below-header-display":"","ast-hfb-mobile-header-display":"","site-post-title":"","ast-breadcrumbs-content":"","ast-featured-img":"","footer-sml-layout":"","ast-disable-related-posts":"","theme-transparent-header-meta":"disabled","adv-header-id-meta":"","stick-header-meta":"","header-above-stick-meta":"","header-main-stick-meta":"","header-below-stick-meta":"","astra-migrate-meta-layouts":"set","ast-page-background-enabled":"default","ast-page-background-meta":{"desktop":{"background-color":"var(--ast-global-color-4)","background-image":"","background-repeat":"repeat","background-position":"center center","background-size":"auto","background-attachment":"scroll","background-type":"","background-media":"","overlay-type":"","overlay-color":"","overlay-opacity":"","overlay-gradient":""},"tablet":{"background-color":"","background-image":"","background-repeat":"repeat","background-position":"center center","background-size":"auto","background-attachment":"scroll","background-type":"","background-media":"","overlay-type":"","overlay-color":"","overlay-opacity":"","overlay-gradient":""},"mobile":{"background-color":"","background-image":"","background-repeat":"repeat","background-position":"center center","background-size":"auto","background-attachment":"scroll","background-type":"","background-media":"","overlay-type":"","overlay-color":"","overlay-opacity":"","overlay-gradient":""}},"ast-content-background-meta":{"desktop":{"background-color":"var(--ast-global-color-5)","background-image":"","background-repeat":"repeat","background-position":"center center","background-size":"auto","background-attachment":"scroll","background-type":"","background-media":"","overlay-type":"","overlay-color":"","overlay-opacity":"","overlay-gradient":""},"tablet":{"background-color":"var(--ast-global-color-5)","background-image":"","background-repeat":"repeat","background-position":"center center","background-size":"auto","background-attachment":"scroll","background-type":"","background-media":"","overlay-type":"","overlay-color":"","overlay-opacity":"","overlay-gradient":""},"mobile":{"background-color":"var(--ast-global-color-5)","background-image":"","background-repeat":"repeat","background-position":"center center","background-size":"auto","background-attachment":"scroll","background-type":"","background-media":"","overlay-type":"","overlay-color":"","overlay-opacity":"","overlay-gradient":""}},"footnotes":""},"categories":[],"tags":[1092,1093,1094,1095,1096],"servicio-asociado":[],"class_list":["post-36271","post","type-post","status-publish","format-standard","has-post-thumbnail","hentry","tag-dret-inmobiliari","tag-habitatge","tag-llei-5-2018","tag-ocupacio-illegal","tag-ocupes"],"acf":[],"yoast_head":"<!-- This site is optimized with the Yoast SEO plugin v27.4 - https:\/\/yoast.com\/product\/yoast-seo-wordpress\/ -->\n<title>Informaci\u00f3n sobre la modificaci\u00f3n de la Ley catalana del Impuesto sobre Sucesiones y Donaciones|Informaci\u00f3n sobre la modificaci\u00f3n de la Ley catalana del Impuesto sobre Sucesiones y Donaciones<\/title>\n<meta name=\"description\" content=\"La modificaci\u00f3n de la Ley catalana del Impuesto sobre Sucesiones y Donaciones obliga a reevaluar las planificaciones fiscales de la sucesi\u00f3n familiar y empresarial.|La modificaci\u00f3n de la Ley catalana del Impuesto sobre Sucesiones y Donaciones obliga a reevaluar las planificaciones fiscales de la sucesi\u00f3n familiar y empresarial.\" \/>\n<meta name=\"robots\" content=\"index, follow, max-snippet:-1, max-image-preview:large, max-video-preview:-1\" \/>\n<link rel=\"canonical\" href=\"https:\/\/augustaabogados.com\/ca\/la-nova-llei-5-2018-en-relacio-a-locupacio-il\u00b7legal-dhabitatges-entra-en-vigor-avui-2-de-juliol\/\" \/>\n<meta property=\"og:locale\" content=\"ca_ES\" \/>\n<meta property=\"og:type\" content=\"article\" \/>\n<meta property=\"og:title\" content=\"Informaci\u00f3n sobre la modificaci\u00f3n de la Ley catalana del Impuesto sobre Sucesiones y Donaciones|Informaci\u00f3n sobre la modificaci\u00f3n de la Ley catalana del Impuesto sobre Sucesiones y Donaciones\" \/>\n<meta property=\"og:description\" content=\"La modificaci\u00f3n de la Ley catalana del Impuesto sobre Sucesiones y Donaciones obliga a reevaluar las planificaciones fiscales de la sucesi\u00f3n familiar y empresarial.|La modificaci\u00f3n de la Ley catalana del Impuesto sobre Sucesiones y Donaciones obliga a reevaluar las planificaciones fiscales de la sucesi\u00f3n familiar y empresarial.\" \/>\n<meta property=\"og:url\" content=\"https:\/\/augustaabogados.com\/ca\/la-nova-llei-5-2018-en-relacio-a-locupacio-il\u00b7legal-dhabitatges-entra-en-vigor-avui-2-de-juliol\/\" \/>\n<meta property=\"og:site_name\" content=\"Augusta Abogados\" \/>\n<meta property=\"article:published_time\" content=\"2018-07-02T00:00:00+00:00\" \/>\n<meta property=\"article:modified_time\" content=\"2024-02-06T11:29:06+00:00\" \/>\n<meta property=\"og:image\" content=\"https:\/\/augustaabogados.com\/wp-content\/uploads\/2024\/02\/NOTA-INFORMATIVA-AUGUSTA-ABOGADOS-361.jpg\" \/>\n\t<meta property=\"og:image:width\" content=\"800\" \/>\n\t<meta property=\"og:image:height\" content=\"418\" \/>\n\t<meta property=\"og:image:type\" content=\"image\/jpeg\" \/>\n<meta name=\"author\" content=\"Augusta Abogados\" \/>\n<meta name=\"twitter:card\" content=\"summary_large_image\" \/>\n<meta name=\"twitter:label1\" content=\"Escrit per\" \/>\n\t<meta name=\"twitter:data1\" content=\"Augusta Abogados\" \/>\n\t<meta name=\"twitter:label2\" content=\"Temps estimat de lectura\" \/>\n\t<meta name=\"twitter:data2\" content=\"3 minuts\" \/>\n<script type=\"application\/ld+json\" class=\"yoast-schema-graph\">{\"@context\":\"https:\\\/\\\/schema.org\",\"@graph\":[{\"@type\":\"Article\",\"@id\":\"https:\\\/\\\/augustaabogados.com\\\/ca\\\/la-nova-llei-5-2018-en-relacio-a-locupacio-il%c2%b7legal-dhabitatges-entra-en-vigor-avui-2-de-juliol\\\/#article\",\"isPartOf\":{\"@id\":\"https:\\\/\\\/augustaabogados.com\\\/ca\\\/la-nova-llei-5-2018-en-relacio-a-locupacio-il%c2%b7legal-dhabitatges-entra-en-vigor-avui-2-de-juliol\\\/\"},\"author\":{\"name\":\"Augusta Abogados\",\"@id\":\"https:\\\/\\\/augustaabogados.com\\\/#\\\/schema\\\/person\\\/8c5e230eb6ed47cdd14ee188eb04a753\"},\"headline\":\"La nova Llei 5\\\/2018, en relaci\u00f3 a l\u0092ocupaci\u00f3 il\u00b7legal d\u0092habitatges entra en vigor avu\u00ed, 2 de juliol\",\"datePublished\":\"2018-07-02T00:00:00+00:00\",\"dateModified\":\"2024-02-06T11:29:06+00:00\",\"mainEntityOfPage\":{\"@id\":\"https:\\\/\\\/augustaabogados.com\\\/ca\\\/la-nova-llei-5-2018-en-relacio-a-locupacio-il%c2%b7legal-dhabitatges-entra-en-vigor-avui-2-de-juliol\\\/\"},\"wordCount\":195,\"publisher\":{\"@id\":\"https:\\\/\\\/augustaabogados.com\\\/#organization\"},\"image\":{\"@id\":\"https:\\\/\\\/augustaabogados.com\\\/ca\\\/la-nova-llei-5-2018-en-relacio-a-locupacio-il%c2%b7legal-dhabitatges-entra-en-vigor-avui-2-de-juliol\\\/#primaryimage\"},\"thumbnailUrl\":\"https:\\\/\\\/augustaabogados.com\\\/wp-content\\\/uploads\\\/2024\\\/02\\\/NOTA-INFORMATIVA-AUGUSTA-ABOGADOS-361.jpg\",\"keywords\":[\"dret inmobiliari\",\"habitatge\",\"llei 5\\\/2018\",\"ocupaci\u00f3 il\u00b7legal\",\"ocupes\"],\"inLanguage\":\"ca\"},{\"@type\":[\"WebPage\",\"ItemPage\"],\"@id\":\"https:\\\/\\\/augustaabogados.com\\\/ca\\\/la-nova-llei-5-2018-en-relacio-a-locupacio-il%c2%b7legal-dhabitatges-entra-en-vigor-avui-2-de-juliol\\\/\",\"url\":\"https:\\\/\\\/augustaabogados.com\\\/ca\\\/la-nova-llei-5-2018-en-relacio-a-locupacio-il%c2%b7legal-dhabitatges-entra-en-vigor-avui-2-de-juliol\\\/\",\"name\":\"Informaci\u00f3n sobre la modificaci\u00f3n de la Ley catalana del Impuesto sobre Sucesiones y Donaciones|Informaci\u00f3n sobre la modificaci\u00f3n de la Ley catalana del Impuesto sobre Sucesiones y Donaciones\",\"isPartOf\":{\"@id\":\"https:\\\/\\\/augustaabogados.com\\\/#website\"},\"primaryImageOfPage\":{\"@id\":\"https:\\\/\\\/augustaabogados.com\\\/ca\\\/la-nova-llei-5-2018-en-relacio-a-locupacio-il%c2%b7legal-dhabitatges-entra-en-vigor-avui-2-de-juliol\\\/#primaryimage\"},\"image\":{\"@id\":\"https:\\\/\\\/augustaabogados.com\\\/ca\\\/la-nova-llei-5-2018-en-relacio-a-locupacio-il%c2%b7legal-dhabitatges-entra-en-vigor-avui-2-de-juliol\\\/#primaryimage\"},\"thumbnailUrl\":\"https:\\\/\\\/augustaabogados.com\\\/wp-content\\\/uploads\\\/2024\\\/02\\\/NOTA-INFORMATIVA-AUGUSTA-ABOGADOS-361.jpg\",\"datePublished\":\"2018-07-02T00:00:00+00:00\",\"dateModified\":\"2024-02-06T11:29:06+00:00\",\"description\":\"La modificaci\u00f3n de la Ley catalana del Impuesto sobre Sucesiones y Donaciones obliga a reevaluar las planificaciones fiscales de la sucesi\u00f3n familiar y empresarial.|La modificaci\u00f3n de la Ley catalana del Impuesto sobre Sucesiones y Donaciones obliga a reevaluar las planificaciones fiscales de la sucesi\u00f3n familiar y empresarial.\",\"breadcrumb\":{\"@id\":\"https:\\\/\\\/augustaabogados.com\\\/ca\\\/la-nova-llei-5-2018-en-relacio-a-locupacio-il%c2%b7legal-dhabitatges-entra-en-vigor-avui-2-de-juliol\\\/#breadcrumb\"},\"inLanguage\":\"ca\",\"potentialAction\":[{\"@type\":\"ReadAction\",\"target\":[\"https:\\\/\\\/augustaabogados.com\\\/ca\\\/la-nova-llei-5-2018-en-relacio-a-locupacio-il%c2%b7legal-dhabitatges-entra-en-vigor-avui-2-de-juliol\\\/\"]}]},{\"@type\":\"ImageObject\",\"inLanguage\":\"ca\",\"@id\":\"https:\\\/\\\/augustaabogados.com\\\/ca\\\/la-nova-llei-5-2018-en-relacio-a-locupacio-il%c2%b7legal-dhabitatges-entra-en-vigor-avui-2-de-juliol\\\/#primaryimage\",\"url\":\"https:\\\/\\\/augustaabogados.com\\\/wp-content\\\/uploads\\\/2024\\\/02\\\/NOTA-INFORMATIVA-AUGUSTA-ABOGADOS-361.jpg\",\"contentUrl\":\"https:\\\/\\\/augustaabogados.com\\\/wp-content\\\/uploads\\\/2024\\\/02\\\/NOTA-INFORMATIVA-AUGUSTA-ABOGADOS-361.jpg\",\"width\":800,\"height\":418},{\"@type\":\"BreadcrumbList\",\"@id\":\"https:\\\/\\\/augustaabogados.com\\\/ca\\\/la-nova-llei-5-2018-en-relacio-a-locupacio-il%c2%b7legal-dhabitatges-entra-en-vigor-avui-2-de-juliol\\\/#breadcrumb\",\"itemListElement\":[{\"@type\":\"ListItem\",\"position\":1,\"name\":\"Portada\",\"item\":\"https:\\\/\\\/augustaabogados.com\\\/ca\\\/\"},{\"@type\":\"ListItem\",\"position\":2,\"name\":\"La nova Llei 5\\\/2018, en relaci\u00f3 a l\u0092ocupaci\u00f3 il\u00b7legal d\u0092habitatges entra en vigor avu\u00ed, 2 de juliol\"}]},{\"@type\":\"WebSite\",\"@id\":\"https:\\\/\\\/augustaabogados.com\\\/#website\",\"url\":\"https:\\\/\\\/augustaabogados.com\\\/\",\"name\":\"Augusta Abogados\",\"description\":\"\",\"publisher\":{\"@id\":\"https:\\\/\\\/augustaabogados.com\\\/#organization\"},\"potentialAction\":[{\"@type\":\"SearchAction\",\"target\":{\"@type\":\"EntryPoint\",\"urlTemplate\":\"https:\\\/\\\/augustaabogados.com\\\/?s={search_term_string}\"},\"query-input\":{\"@type\":\"PropertyValueSpecification\",\"valueRequired\":true,\"valueName\":\"search_term_string\"}}],\"inLanguage\":\"ca\"},{\"@type\":\"Organization\",\"@id\":\"https:\\\/\\\/augustaabogados.com\\\/#organization\",\"name\":\"Augusta Abogados\",\"url\":\"https:\\\/\\\/augustaabogados.com\\\/\",\"logo\":{\"@type\":\"ImageObject\",\"inLanguage\":\"ca\",\"@id\":\"https:\\\/\\\/augustaabogados.com\\\/#\\\/schema\\\/logo\\\/image\\\/\",\"url\":\"https:\\\/\\\/augustaabogados.com\\\/wp-content\\\/uploads\\\/2023\\\/11\\\/LOGO-AUGUSTA.svg\",\"contentUrl\":\"https:\\\/\\\/augustaabogados.com\\\/wp-content\\\/uploads\\\/2023\\\/11\\\/LOGO-AUGUSTA.svg\",\"caption\":\"Augusta Abogados\"},\"image\":{\"@id\":\"https:\\\/\\\/augustaabogados.com\\\/#\\\/schema\\\/logo\\\/image\\\/\"}},{\"@type\":\"Person\",\"@id\":\"https:\\\/\\\/augustaabogados.com\\\/#\\\/schema\\\/person\\\/8c5e230eb6ed47cdd14ee188eb04a753\",\"name\":\"Augusta Abogados\",\"image\":{\"@type\":\"ImageObject\",\"inLanguage\":\"ca\",\"@id\":\"https:\\\/\\\/secure.gravatar.com\\\/avatar\\\/09e6ceb5fccff542915602bda752518fa959b0df2d103d929aefa74c2909a4bc?s=96&d=mm&r=g\",\"url\":\"https:\\\/\\\/secure.gravatar.com\\\/avatar\\\/09e6ceb5fccff542915602bda752518fa959b0df2d103d929aefa74c2909a4bc?s=96&d=mm&r=g\",\"contentUrl\":\"https:\\\/\\\/secure.gravatar.com\\\/avatar\\\/09e6ceb5fccff542915602bda752518fa959b0df2d103d929aefa74c2909a4bc?s=96&d=mm&r=g\",\"caption\":\"Augusta Abogados\"}}]}<\/script>\n<!-- \/ Yoast SEO plugin. -->","yoast_head_json":{"title":"Informaci\u00f3n sobre la modificaci\u00f3n de la Ley catalana del Impuesto sobre Sucesiones y Donaciones|Informaci\u00f3n sobre la modificaci\u00f3n de la Ley catalana del Impuesto sobre Sucesiones y Donaciones","description":"La modificaci\u00f3n de la Ley catalana del Impuesto sobre Sucesiones y Donaciones obliga a reevaluar las planificaciones fiscales de la sucesi\u00f3n familiar y empresarial.|La modificaci\u00f3n de la Ley catalana del Impuesto sobre Sucesiones y Donaciones obliga a reevaluar las planificaciones fiscales de la sucesi\u00f3n familiar y empresarial.","robots":{"index":"index","follow":"follow","max-snippet":"max-snippet:-1","max-image-preview":"max-image-preview:large","max-video-preview":"max-video-preview:-1"},"canonical":"https:\/\/augustaabogados.com\/ca\/la-nova-llei-5-2018-en-relacio-a-locupacio-il\u00b7legal-dhabitatges-entra-en-vigor-avui-2-de-juliol\/","og_locale":"ca_ES","og_type":"article","og_title":"Informaci\u00f3n sobre la modificaci\u00f3n de la Ley catalana del Impuesto sobre Sucesiones y Donaciones|Informaci\u00f3n sobre la modificaci\u00f3n de la Ley catalana del Impuesto sobre Sucesiones y Donaciones","og_description":"La modificaci\u00f3n de la Ley catalana del Impuesto sobre Sucesiones y Donaciones obliga a reevaluar las planificaciones fiscales de la sucesi\u00f3n familiar y empresarial.|La modificaci\u00f3n de la Ley catalana del Impuesto sobre Sucesiones y Donaciones obliga a reevaluar las planificaciones fiscales de la sucesi\u00f3n familiar y empresarial.","og_url":"https:\/\/augustaabogados.com\/ca\/la-nova-llei-5-2018-en-relacio-a-locupacio-il\u00b7legal-dhabitatges-entra-en-vigor-avui-2-de-juliol\/","og_site_name":"Augusta Abogados","article_published_time":"2018-07-02T00:00:00+00:00","article_modified_time":"2024-02-06T11:29:06+00:00","og_image":[{"width":800,"height":418,"url":"https:\/\/augustaabogados.com\/wp-content\/uploads\/2024\/02\/NOTA-INFORMATIVA-AUGUSTA-ABOGADOS-361.jpg","type":"image\/jpeg"}],"author":"Augusta Abogados","twitter_card":"summary_large_image","twitter_misc":{"Escrit per":"Augusta Abogados","Temps estimat de lectura":"3 minuts"},"schema":{"@context":"https:\/\/schema.org","@graph":[{"@type":"Article","@id":"https:\/\/augustaabogados.com\/ca\/la-nova-llei-5-2018-en-relacio-a-locupacio-il%c2%b7legal-dhabitatges-entra-en-vigor-avui-2-de-juliol\/#article","isPartOf":{"@id":"https:\/\/augustaabogados.com\/ca\/la-nova-llei-5-2018-en-relacio-a-locupacio-il%c2%b7legal-dhabitatges-entra-en-vigor-avui-2-de-juliol\/"},"author":{"name":"Augusta Abogados","@id":"https:\/\/augustaabogados.com\/#\/schema\/person\/8c5e230eb6ed47cdd14ee188eb04a753"},"headline":"La nova Llei 5\/2018, en relaci\u00f3 a l\u0092ocupaci\u00f3 il\u00b7legal d\u0092habitatges entra en vigor avu\u00ed, 2 de juliol","datePublished":"2018-07-02T00:00:00+00:00","dateModified":"2024-02-06T11:29:06+00:00","mainEntityOfPage":{"@id":"https:\/\/augustaabogados.com\/ca\/la-nova-llei-5-2018-en-relacio-a-locupacio-il%c2%b7legal-dhabitatges-entra-en-vigor-avui-2-de-juliol\/"},"wordCount":195,"publisher":{"@id":"https:\/\/augustaabogados.com\/#organization"},"image":{"@id":"https:\/\/augustaabogados.com\/ca\/la-nova-llei-5-2018-en-relacio-a-locupacio-il%c2%b7legal-dhabitatges-entra-en-vigor-avui-2-de-juliol\/#primaryimage"},"thumbnailUrl":"https:\/\/augustaabogados.com\/wp-content\/uploads\/2024\/02\/NOTA-INFORMATIVA-AUGUSTA-ABOGADOS-361.jpg","keywords":["dret inmobiliari","habitatge","llei 5\/2018","ocupaci\u00f3 il\u00b7legal","ocupes"],"inLanguage":"ca"},{"@type":["WebPage","ItemPage"],"@id":"https:\/\/augustaabogados.com\/ca\/la-nova-llei-5-2018-en-relacio-a-locupacio-il%c2%b7legal-dhabitatges-entra-en-vigor-avui-2-de-juliol\/","url":"https:\/\/augustaabogados.com\/ca\/la-nova-llei-5-2018-en-relacio-a-locupacio-il%c2%b7legal-dhabitatges-entra-en-vigor-avui-2-de-juliol\/","name":"Informaci\u00f3n sobre la modificaci\u00f3n de la Ley catalana del Impuesto sobre Sucesiones y Donaciones|Informaci\u00f3n sobre la modificaci\u00f3n de la Ley catalana del Impuesto sobre Sucesiones y Donaciones","isPartOf":{"@id":"https:\/\/augustaabogados.com\/#website"},"primaryImageOfPage":{"@id":"https:\/\/augustaabogados.com\/ca\/la-nova-llei-5-2018-en-relacio-a-locupacio-il%c2%b7legal-dhabitatges-entra-en-vigor-avui-2-de-juliol\/#primaryimage"},"image":{"@id":"https:\/\/augustaabogados.com\/ca\/la-nova-llei-5-2018-en-relacio-a-locupacio-il%c2%b7legal-dhabitatges-entra-en-vigor-avui-2-de-juliol\/#primaryimage"},"thumbnailUrl":"https:\/\/augustaabogados.com\/wp-content\/uploads\/2024\/02\/NOTA-INFORMATIVA-AUGUSTA-ABOGADOS-361.jpg","datePublished":"2018-07-02T00:00:00+00:00","dateModified":"2024-02-06T11:29:06+00:00","description":"La modificaci\u00f3n de la Ley catalana del Impuesto sobre Sucesiones y Donaciones obliga a reevaluar las planificaciones fiscales de la sucesi\u00f3n familiar y empresarial.|La modificaci\u00f3n de la Ley catalana del Impuesto sobre Sucesiones y Donaciones obliga a reevaluar las planificaciones fiscales de la sucesi\u00f3n familiar y empresarial.","breadcrumb":{"@id":"https:\/\/augustaabogados.com\/ca\/la-nova-llei-5-2018-en-relacio-a-locupacio-il%c2%b7legal-dhabitatges-entra-en-vigor-avui-2-de-juliol\/#breadcrumb"},"inLanguage":"ca","potentialAction":[{"@type":"ReadAction","target":["https:\/\/augustaabogados.com\/ca\/la-nova-llei-5-2018-en-relacio-a-locupacio-il%c2%b7legal-dhabitatges-entra-en-vigor-avui-2-de-juliol\/"]}]},{"@type":"ImageObject","inLanguage":"ca","@id":"https:\/\/augustaabogados.com\/ca\/la-nova-llei-5-2018-en-relacio-a-locupacio-il%c2%b7legal-dhabitatges-entra-en-vigor-avui-2-de-juliol\/#primaryimage","url":"https:\/\/augustaabogados.com\/wp-content\/uploads\/2024\/02\/NOTA-INFORMATIVA-AUGUSTA-ABOGADOS-361.jpg","contentUrl":"https:\/\/augustaabogados.com\/wp-content\/uploads\/2024\/02\/NOTA-INFORMATIVA-AUGUSTA-ABOGADOS-361.jpg","width":800,"height":418},{"@type":"BreadcrumbList","@id":"https:\/\/augustaabogados.com\/ca\/la-nova-llei-5-2018-en-relacio-a-locupacio-il%c2%b7legal-dhabitatges-entra-en-vigor-avui-2-de-juliol\/#breadcrumb","itemListElement":[{"@type":"ListItem","position":1,"name":"Portada","item":"https:\/\/augustaabogados.com\/ca\/"},{"@type":"ListItem","position":2,"name":"La nova Llei 5\/2018, en relaci\u00f3 a l\u0092ocupaci\u00f3 il\u00b7legal d\u0092habitatges entra en vigor avu\u00ed, 2 de juliol"}]},{"@type":"WebSite","@id":"https:\/\/augustaabogados.com\/#website","url":"https:\/\/augustaabogados.com\/","name":"Augusta Abogados","description":"","publisher":{"@id":"https:\/\/augustaabogados.com\/#organization"},"potentialAction":[{"@type":"SearchAction","target":{"@type":"EntryPoint","urlTemplate":"https:\/\/augustaabogados.com\/?s={search_term_string}"},"query-input":{"@type":"PropertyValueSpecification","valueRequired":true,"valueName":"search_term_string"}}],"inLanguage":"ca"},{"@type":"Organization","@id":"https:\/\/augustaabogados.com\/#organization","name":"Augusta Abogados","url":"https:\/\/augustaabogados.com\/","logo":{"@type":"ImageObject","inLanguage":"ca","@id":"https:\/\/augustaabogados.com\/#\/schema\/logo\/image\/","url":"https:\/\/augustaabogados.com\/wp-content\/uploads\/2023\/11\/LOGO-AUGUSTA.svg","contentUrl":"https:\/\/augustaabogados.com\/wp-content\/uploads\/2023\/11\/LOGO-AUGUSTA.svg","caption":"Augusta Abogados"},"image":{"@id":"https:\/\/augustaabogados.com\/#\/schema\/logo\/image\/"}},{"@type":"Person","@id":"https:\/\/augustaabogados.com\/#\/schema\/person\/8c5e230eb6ed47cdd14ee188eb04a753","name":"Augusta Abogados","image":{"@type":"ImageObject","inLanguage":"ca","@id":"https:\/\/secure.gravatar.com\/avatar\/09e6ceb5fccff542915602bda752518fa959b0df2d103d929aefa74c2909a4bc?s=96&d=mm&r=g","url":"https:\/\/secure.gravatar.com\/avatar\/09e6ceb5fccff542915602bda752518fa959b0df2d103d929aefa74c2909a4bc?s=96&d=mm&r=g","contentUrl":"https:\/\/secure.gravatar.com\/avatar\/09e6ceb5fccff542915602bda752518fa959b0df2d103d929aefa74c2909a4bc?s=96&d=mm&r=g","caption":"Augusta Abogados"}}]}},"_links":{"self":[{"href":"https:\/\/augustaabogados.com\/ca\/wp-json\/wp\/v2\/posts\/36271","targetHints":{"allow":["GET"]}}],"collection":[{"href":"https:\/\/augustaabogados.com\/ca\/wp-json\/wp\/v2\/posts"}],"about":[{"href":"https:\/\/augustaabogados.com\/ca\/wp-json\/wp\/v2\/types\/post"}],"author":[{"embeddable":true,"href":"https:\/\/augustaabogados.com\/ca\/wp-json\/wp\/v2\/users\/8"}],"replies":[{"embeddable":true,"href":"https:\/\/augustaabogados.com\/ca\/wp-json\/wp\/v2\/comments?post=36271"}],"version-history":[{"count":1,"href":"https:\/\/augustaabogados.com\/ca\/wp-json\/wp\/v2\/posts\/36271\/revisions"}],"predecessor-version":[{"id":40912,"href":"https:\/\/augustaabogados.com\/ca\/wp-json\/wp\/v2\/posts\/36271\/revisions\/40912"}],"wp:featuredmedia":[{"embeddable":true,"href":"https:\/\/augustaabogados.com\/ca\/wp-json\/wp\/v2\/media\/36272"}],"wp:attachment":[{"href":"https:\/\/augustaabogados.com\/ca\/wp-json\/wp\/v2\/media?parent=36271"}],"wp:term":[{"taxonomy":"category","embeddable":true,"href":"https:\/\/augustaabogados.com\/ca\/wp-json\/wp\/v2\/categories?post=36271"},{"taxonomy":"post_tag","embeddable":true,"href":"https:\/\/augustaabogados.com\/ca\/wp-json\/wp\/v2\/tags?post=36271"},{"taxonomy":"servicio-asociado","embeddable":true,"href":"https:\/\/augustaabogados.com\/ca\/wp-json\/wp\/v2\/servicio-asociado?post=36271"}],"curies":[{"name":"wp","href":"https:\/\/api.w.org\/{rel}","templated":true}]}}