{"id":36396,"date":"2018-11-20T00:00:00","date_gmt":"2018-11-20T00:00:00","guid":{"rendered":"https:\/\/augustaabogados.com\/10e-aniversari-augusta-abogados\/"},"modified":"2024-02-06T11:08:13","modified_gmt":"2024-02-06T11:08:13","slug":"10e-aniversari-augusta-abogados","status":"publish","type":"post","link":"https:\/\/augustaabogados.com\/ca\/10e-aniversari-augusta-abogados\/","title":{"rendered":"10\u00e8 Aniversari AUGUSTA ABOGADOS"},"content":{"rendered":"<p>El passat dijous 15 de novembre v\u00e0rem du a terme l&#8217;acte central de les celebracions pel nostre <strong>10\u00ba aniversari<\/strong> en l&#8217;incomparable marc de les Atarazanas Reials de Barcelona. Malgrat que la climatologia ens va ser adversa, <strong>vam poder comptar amb l&#8217;assist\u00e8ncia d&#8217;unes 400 persones, entre representants d&#8217;empreses, juristes i membres de la societat civil catalana.<\/strong> Al donar la benvinguda als convidats, els socis van recalcar els valors de la signatura que han perm\u00e8s la nostra<strong> consolidaci\u00f3 en els \u00faltims anys com un destacat actor en els cercles jur\u00eddics del mercat catal\u00e0 i espanyol en general.<\/strong><\/p>\n<p><img decoding=\"async\" class=\"aligncenter size-full wp-image-10416\" src=\"https:\/\/augustaabogados.com\/wp-content\/uploads\/2024\/02\/AA_10Aniversario-00-18.jpg\" alt=\"10 Aniversario Augusta abogados - 15-11-2018\" width=\"100%\" \/><\/p>\n<p><strong>Alicia Herrador<\/strong>, <strong>sobre qui ha recaigut el pes organitzatiu de l&#8217;esdeveniment<\/strong>, s&#8217;ha mostrat <strong>encantada per l&#8217;important nombre d&#8217;assistents<\/strong>: <em>\u0093Hem dedicat molt temps i esfor\u00e7 per aconseguir que l&#8217;esdeveniment sort\u00eds a satisfacci\u00f3 de tot el m\u00f3n. Ten\u00edem esperances que els nostres clients i contactes respondrien positivament a la convocat\u00f2ria, perqu\u00e8 durant tots aquests anys hem establert vincles molt forts amb tots ells. Per\u00f2 la veritat \u00e9s que les nostres expectatives han quedat desbordades &#8211; fins i tot han vingut clients i advocats des de l&#8217;estranger per acompanyar-nos aquesta nit! Per aix\u00f2, \u00fanicament podem donar les gr\u00e0cies a tots els assistents.\u0094<\/em><\/p>\n<p><img decoding=\"async\" src=\"https:\/\/augustaabogados.com\/wp-content\/uploads\/2024\/02\/AA_10Aniversario-03-18.jpg\" alt=\"Espacios 10 Aniversario Augusta abogados - 15-11-2018\" width=\"100%\" \/><\/p>\n<p><strong>Juanjo Hita<\/strong>,<strong> co-organitzador de la recepci\u00f3<\/strong>, ha insistit en aquest punt: <em>\u0093El nostre principal objectiu avui era agrair p\u00fablicament a totes les persones amb les quals ens relacionem habitualment la confian\u00e7a que venen dipositant en nosaltres. Som molt conscients que la nostra professi\u00f3 es fonamenta en la confian\u00e7a, i que aquesta no \u00e9s f\u00e0cil d&#8217;atorgar.\u0094<\/em><\/p>\n<p><img decoding=\"async\" src=\"https:\/\/augustaabogados.com\/wp-content\/uploads\/2024\/02\/AA_10Aniversario-02-18.jpg\" alt=\"Discursos 10 Aniversario Augusta abogados - 15-11-2018\" width=\"100%\" \/><\/p>\n<p>Aquest des\u00e8 aniversari \u00e9s motiu d&#8217;orgull, per\u00f2 es tracta \u00fanicament d&#8217;una fita interm\u00e8dia dins d&#8217;un projecte a llarg termini. <strong>El despatx va iniciar una decidida pol\u00edtica d&#8217;expansi\u00f3 a partir de 2013, que s&#8217;ha materialitzat en un increment significatiu del nombre de socis i advocats.<\/strong> Es preveu la incorporaci\u00f3 de nous socis en els propers mesos, i el despatx ha acordat recentment l&#8217;<strong>ampliaci\u00f3 de les seves oficines<\/strong> per gaireb\u00e9 duplicar l&#8217;espai que actualment ocupa.<\/p>\n<p><img decoding=\"async\" src=\"https:\/\/augustaabogados.com\/wp-content\/uploads\/2024\/02\/AA_10Aniversario-gracias-18.jpg\" alt=\"Gracias - Gr\u00e0cies - &lt;Thank you 10 Aniversario Augusta abogados - 15-11-2018\" width=\"100%\" \/><\/p>\n","protected":false},"excerpt":{"rendered":"<p>El passat dijous 15 de novembre v\u00e0rem du a terme l&#8217;acte central de les celebracions pel nostre 10\u00ba aniversari en l&#8217;incomparable marc de les Atarazanas Reials de Barcelona. Malgrat que la climatologia ens va ser adversa, vam poder comptar amb l&#8217;assist\u00e8ncia d&#8217;unes 400 persones, entre representants d&#8217;empreses, juristes i membres de la societat civil catalana. [&hellip;]<\/p>\n","protected":false},"author":8,"featured_media":34174,"comment_status":"closed","ping_status":"open","sticky":false,"template":"","format":"standard","meta":{"content-type":"","site-sidebar-layout":"no-sidebar","site-content-layout":"page-builder","ast-site-content-layout":"default","site-content-style":"default","site-sidebar-style":"default","ast-global-header-display":"","ast-banner-title-visibility":"","ast-main-header-display":"","ast-hfb-above-header-display":"","ast-hfb-below-header-display":"","ast-hfb-mobile-header-display":"","site-post-title":"","ast-breadcrumbs-content":"","ast-featured-img":"","footer-sml-layout":"","ast-disable-related-posts":"","theme-transparent-header-meta":"disabled","adv-header-id-meta":"","stick-header-meta":"","header-above-stick-meta":"","header-main-stick-meta":"","header-below-stick-meta":"","astra-migrate-meta-layouts":"set","ast-page-background-enabled":"default","ast-page-background-meta":{"desktop":{"background-color":"var(--ast-global-color-4)","background-image":"","background-repeat":"repeat","background-position":"center center","background-size":"auto","background-attachment":"scroll","background-type":"","background-media":"","overlay-type":"","overlay-color":"","overlay-opacity":"","overlay-gradient":""},"tablet":{"background-color":"","background-image":"","background-repeat":"repeat","background-position":"center center","background-size":"auto","background-attachment":"scroll","background-type":"","background-media":"","overlay-type":"","overlay-color":"","overlay-opacity":"","overlay-gradient":""},"mobile":{"background-color":"","background-image":"","background-repeat":"repeat","background-position":"center center","background-size":"auto","background-attachment":"scroll","background-type":"","background-media":"","overlay-type":"","overlay-color":"","overlay-opacity":"","overlay-gradient":""}},"ast-content-background-meta":{"desktop":{"background-color":"var(--ast-global-color-5)","background-image":"","background-repeat":"repeat","background-position":"center center","background-size":"auto","background-attachment":"scroll","background-type":"","background-media":"","overlay-type":"","overlay-color":"","overlay-opacity":"","overlay-gradient":""},"tablet":{"background-color":"var(--ast-global-color-5)","background-image":"","background-repeat":"repeat","background-position":"center center","background-size":"auto","background-attachment":"scroll","background-type":"","background-media":"","overlay-type":"","overlay-color":"","overlay-opacity":"","overlay-gradient":""},"mobile":{"background-color":"var(--ast-global-color-5)","background-image":"","background-repeat":"repeat","background-position":"center center","background-size":"auto","background-attachment":"scroll","background-type":"","background-media":"","overlay-type":"","overlay-color":"","overlay-opacity":"","overlay-gradient":""}},"footnotes":""},"categories":[1895],"tags":[365,1114,366,3925,367,88,84,368,201,369],"servicio-asociado":[],"class_list":["post-36396","post","type-post","status-publish","format-standard","has-post-thumbnail","hentry","category-nota-propia-comunicat","tag-alicia-herrador-munoz","tag-aniversari","tag-aniversario","tag-augusta-abogados","tag-carlos-valls-martinez","tag-jaime-fernandez-cortes","tag-juan-jose-hita-fernandez","tag-juan-jose-terraza-torra","tag-maria-jose-sanchez","tag-sergi-gimenez-binder"],"acf":[],"yoast_head":"<!-- This site is optimized with the Yoast SEO plugin v27.4 - https:\/\/yoast.com\/product\/yoast-seo-wordpress\/ -->\n<title>Informaci\u00f3n sobre la modificaci\u00f3n de la Ley catalana del Impuesto sobre Sucesiones y Donaciones|Informaci\u00f3n sobre la modificaci\u00f3n de la Ley catalana del Impuesto sobre Sucesiones y Donaciones<\/title>\n<meta name=\"description\" content=\"La modificaci\u00f3n de la Ley catalana del Impuesto sobre Sucesiones y Donaciones obliga a reevaluar las planificaciones fiscales de la sucesi\u00f3n familiar y empresarial.|La modificaci\u00f3n de la Ley catalana del Impuesto sobre Sucesiones y Donaciones obliga a reevaluar las planificaciones fiscales de la sucesi\u00f3n familiar y empresarial.\" \/>\n<meta name=\"robots\" content=\"index, follow, max-snippet:-1, max-image-preview:large, max-video-preview:-1\" \/>\n<link rel=\"canonical\" href=\"https:\/\/augustaabogados.com\/ca\/10e-aniversari-augusta-abogados\/\" \/>\n<meta property=\"og:locale\" content=\"ca_ES\" \/>\n<meta property=\"og:type\" content=\"article\" \/>\n<meta property=\"og:title\" content=\"Informaci\u00f3n sobre la modificaci\u00f3n de la Ley catalana del Impuesto sobre Sucesiones y Donaciones|Informaci\u00f3n sobre la modificaci\u00f3n de la Ley catalana del Impuesto sobre Sucesiones y Donaciones\" \/>\n<meta property=\"og:description\" content=\"La modificaci\u00f3n de la Ley catalana del Impuesto sobre Sucesiones y Donaciones obliga a reevaluar las planificaciones fiscales de la sucesi\u00f3n familiar y empresarial.|La modificaci\u00f3n de la Ley catalana del Impuesto sobre Sucesiones y Donaciones obliga a reevaluar las planificaciones fiscales de la sucesi\u00f3n familiar y empresarial.\" \/>\n<meta property=\"og:url\" content=\"https:\/\/augustaabogados.com\/ca\/10e-aniversari-augusta-abogados\/\" \/>\n<meta property=\"og:site_name\" content=\"Augusta Abogados\" \/>\n<meta property=\"article:published_time\" content=\"2018-11-20T00:00:00+00:00\" \/>\n<meta property=\"article:modified_time\" content=\"2024-02-06T11:08:13+00:00\" \/>\n<meta property=\"og:image\" content=\"https:\/\/augustaabogados.com\/wp-content\/uploads\/2024\/02\/AA_10Aniversario-10.jpg\" \/>\n\t<meta property=\"og:image:width\" content=\"800\" \/>\n\t<meta property=\"og:image:height\" content=\"418\" \/>\n\t<meta property=\"og:image:type\" content=\"image\/jpeg\" \/>\n<meta name=\"author\" content=\"Augusta Abogados\" \/>\n<meta name=\"twitter:card\" content=\"summary_large_image\" \/>\n<meta name=\"twitter:label1\" content=\"Escrit per\" \/>\n\t<meta name=\"twitter:data1\" content=\"Augusta Abogados\" \/>\n\t<meta name=\"twitter:label2\" content=\"Temps estimat de lectura\" \/>\n\t<meta name=\"twitter:data2\" content=\"3 minuts\" \/>\n<script type=\"application\/ld+json\" class=\"yoast-schema-graph\">{\"@context\":\"https:\\\/\\\/schema.org\",\"@graph\":[{\"@type\":\"Article\",\"@id\":\"https:\\\/\\\/augustaabogados.com\\\/ca\\\/10e-aniversari-augusta-abogados\\\/#article\",\"isPartOf\":{\"@id\":\"https:\\\/\\\/augustaabogados.com\\\/ca\\\/10e-aniversari-augusta-abogados\\\/\"},\"author\":{\"name\":\"Augusta Abogados\",\"@id\":\"https:\\\/\\\/augustaabogados.com\\\/#\\\/schema\\\/person\\\/8c5e230eb6ed47cdd14ee188eb04a753\"},\"headline\":\"10\u00e8 Aniversari AUGUSTA ABOGADOS\",\"datePublished\":\"2018-11-20T00:00:00+00:00\",\"dateModified\":\"2024-02-06T11:08:13+00:00\",\"mainEntityOfPage\":{\"@id\":\"https:\\\/\\\/augustaabogados.com\\\/ca\\\/10e-aniversari-augusta-abogados\\\/\"},\"wordCount\":355,\"publisher\":{\"@id\":\"https:\\\/\\\/augustaabogados.com\\\/#organization\"},\"image\":{\"@id\":\"https:\\\/\\\/augustaabogados.com\\\/ca\\\/10e-aniversari-augusta-abogados\\\/#primaryimage\"},\"thumbnailUrl\":\"https:\\\/\\\/augustaabogados.com\\\/wp-content\\\/uploads\\\/2024\\\/02\\\/AA_10Aniversario-10.jpg\",\"keywords\":[\"Alicia Herrador Mu\u00f1oz\",\"Aniversari\",\"Aniversario\",\"Augusta Abogados\",\"Carlos Valls Mart\u00ednez\",\"Jaime Fern\u00e1ndez Cort\u00e9s\",\"Juan Jos\u00e9 Hita Fern\u00e1ndez\",\"Juan Jos\u00e9 Terraza Torra\",\"Mar\u00eda Jos\u00e9 S\u00e1nchez\",\"Sergi Gim\u00e9nez Binder\"],\"articleSection\":[\"NOTA DE PREMSA\"],\"inLanguage\":\"ca\"},{\"@type\":[\"WebPage\",\"ItemPage\"],\"@id\":\"https:\\\/\\\/augustaabogados.com\\\/ca\\\/10e-aniversari-augusta-abogados\\\/\",\"url\":\"https:\\\/\\\/augustaabogados.com\\\/ca\\\/10e-aniversari-augusta-abogados\\\/\",\"name\":\"Informaci\u00f3n sobre la modificaci\u00f3n de la Ley catalana del Impuesto sobre Sucesiones y Donaciones|Informaci\u00f3n sobre la modificaci\u00f3n de la Ley catalana del Impuesto sobre Sucesiones y Donaciones\",\"isPartOf\":{\"@id\":\"https:\\\/\\\/augustaabogados.com\\\/#website\"},\"primaryImageOfPage\":{\"@id\":\"https:\\\/\\\/augustaabogados.com\\\/ca\\\/10e-aniversari-augusta-abogados\\\/#primaryimage\"},\"image\":{\"@id\":\"https:\\\/\\\/augustaabogados.com\\\/ca\\\/10e-aniversari-augusta-abogados\\\/#primaryimage\"},\"thumbnailUrl\":\"https:\\\/\\\/augustaabogados.com\\\/wp-content\\\/uploads\\\/2024\\\/02\\\/AA_10Aniversario-10.jpg\",\"datePublished\":\"2018-11-20T00:00:00+00:00\",\"dateModified\":\"2024-02-06T11:08:13+00:00\",\"description\":\"La modificaci\u00f3n de la Ley catalana del Impuesto sobre Sucesiones y Donaciones obliga a reevaluar las planificaciones fiscales de la sucesi\u00f3n familiar y empresarial.|La modificaci\u00f3n de la Ley catalana del Impuesto sobre Sucesiones y Donaciones obliga a reevaluar las planificaciones fiscales de la sucesi\u00f3n familiar y empresarial.\",\"breadcrumb\":{\"@id\":\"https:\\\/\\\/augustaabogados.com\\\/ca\\\/10e-aniversari-augusta-abogados\\\/#breadcrumb\"},\"inLanguage\":\"ca\",\"potentialAction\":[{\"@type\":\"ReadAction\",\"target\":[\"https:\\\/\\\/augustaabogados.com\\\/ca\\\/10e-aniversari-augusta-abogados\\\/\"]}]},{\"@type\":\"ImageObject\",\"inLanguage\":\"ca\",\"@id\":\"https:\\\/\\\/augustaabogados.com\\\/ca\\\/10e-aniversari-augusta-abogados\\\/#primaryimage\",\"url\":\"https:\\\/\\\/augustaabogados.com\\\/wp-content\\\/uploads\\\/2024\\\/02\\\/AA_10Aniversario-10.jpg\",\"contentUrl\":\"https:\\\/\\\/augustaabogados.com\\\/wp-content\\\/uploads\\\/2024\\\/02\\\/AA_10Aniversario-10.jpg\",\"width\":800,\"height\":418},{\"@type\":\"BreadcrumbList\",\"@id\":\"https:\\\/\\\/augustaabogados.com\\\/ca\\\/10e-aniversari-augusta-abogados\\\/#breadcrumb\",\"itemListElement\":[{\"@type\":\"ListItem\",\"position\":1,\"name\":\"Portada\",\"item\":\"https:\\\/\\\/augustaabogados.com\\\/ca\\\/\"},{\"@type\":\"ListItem\",\"position\":2,\"name\":\"10\u00e8 Aniversari AUGUSTA ABOGADOS\"}]},{\"@type\":\"WebSite\",\"@id\":\"https:\\\/\\\/augustaabogados.com\\\/#website\",\"url\":\"https:\\\/\\\/augustaabogados.com\\\/\",\"name\":\"Augusta Abogados\",\"description\":\"\",\"publisher\":{\"@id\":\"https:\\\/\\\/augustaabogados.com\\\/#organization\"},\"potentialAction\":[{\"@type\":\"SearchAction\",\"target\":{\"@type\":\"EntryPoint\",\"urlTemplate\":\"https:\\\/\\\/augustaabogados.com\\\/?s={search_term_string}\"},\"query-input\":{\"@type\":\"PropertyValueSpecification\",\"valueRequired\":true,\"valueName\":\"search_term_string\"}}],\"inLanguage\":\"ca\"},{\"@type\":\"Organization\",\"@id\":\"https:\\\/\\\/augustaabogados.com\\\/#organization\",\"name\":\"Augusta Abogados\",\"url\":\"https:\\\/\\\/augustaabogados.com\\\/\",\"logo\":{\"@type\":\"ImageObject\",\"inLanguage\":\"ca\",\"@id\":\"https:\\\/\\\/augustaabogados.com\\\/#\\\/schema\\\/logo\\\/image\\\/\",\"url\":\"https:\\\/\\\/augustaabogados.com\\\/wp-content\\\/uploads\\\/2023\\\/11\\\/LOGO-AUGUSTA.svg\",\"contentUrl\":\"https:\\\/\\\/augustaabogados.com\\\/wp-content\\\/uploads\\\/2023\\\/11\\\/LOGO-AUGUSTA.svg\",\"caption\":\"Augusta Abogados\"},\"image\":{\"@id\":\"https:\\\/\\\/augustaabogados.com\\\/#\\\/schema\\\/logo\\\/image\\\/\"}},{\"@type\":\"Person\",\"@id\":\"https:\\\/\\\/augustaabogados.com\\\/#\\\/schema\\\/person\\\/8c5e230eb6ed47cdd14ee188eb04a753\",\"name\":\"Augusta Abogados\",\"image\":{\"@type\":\"ImageObject\",\"inLanguage\":\"ca\",\"@id\":\"https:\\\/\\\/secure.gravatar.com\\\/avatar\\\/09e6ceb5fccff542915602bda752518fa959b0df2d103d929aefa74c2909a4bc?s=96&d=mm&r=g\",\"url\":\"https:\\\/\\\/secure.gravatar.com\\\/avatar\\\/09e6ceb5fccff542915602bda752518fa959b0df2d103d929aefa74c2909a4bc?s=96&d=mm&r=g\",\"contentUrl\":\"https:\\\/\\\/secure.gravatar.com\\\/avatar\\\/09e6ceb5fccff542915602bda752518fa959b0df2d103d929aefa74c2909a4bc?s=96&d=mm&r=g\",\"caption\":\"Augusta Abogados\"}}]}<\/script>\n<!-- \/ Yoast SEO plugin. -->","yoast_head_json":{"title":"Informaci\u00f3n sobre la modificaci\u00f3n de la Ley catalana del Impuesto sobre Sucesiones y Donaciones|Informaci\u00f3n sobre la modificaci\u00f3n de la Ley catalana del Impuesto sobre Sucesiones y Donaciones","description":"La modificaci\u00f3n de la Ley catalana del Impuesto sobre Sucesiones y Donaciones obliga a reevaluar las planificaciones fiscales de la sucesi\u00f3n familiar y empresarial.|La modificaci\u00f3n de la Ley catalana del Impuesto sobre Sucesiones y Donaciones obliga a reevaluar las planificaciones fiscales de la sucesi\u00f3n familiar y empresarial.","robots":{"index":"index","follow":"follow","max-snippet":"max-snippet:-1","max-image-preview":"max-image-preview:large","max-video-preview":"max-video-preview:-1"},"canonical":"https:\/\/augustaabogados.com\/ca\/10e-aniversari-augusta-abogados\/","og_locale":"ca_ES","og_type":"article","og_title":"Informaci\u00f3n sobre la modificaci\u00f3n de la Ley catalana del Impuesto sobre Sucesiones y Donaciones|Informaci\u00f3n sobre la modificaci\u00f3n de la Ley catalana del Impuesto sobre Sucesiones y Donaciones","og_description":"La modificaci\u00f3n de la Ley catalana del Impuesto sobre Sucesiones y Donaciones obliga a reevaluar las planificaciones fiscales de la sucesi\u00f3n familiar y empresarial.|La modificaci\u00f3n de la Ley catalana del Impuesto sobre Sucesiones y Donaciones obliga a reevaluar las planificaciones fiscales de la sucesi\u00f3n familiar y empresarial.","og_url":"https:\/\/augustaabogados.com\/ca\/10e-aniversari-augusta-abogados\/","og_site_name":"Augusta Abogados","article_published_time":"2018-11-20T00:00:00+00:00","article_modified_time":"2024-02-06T11:08:13+00:00","og_image":[{"width":800,"height":418,"url":"https:\/\/augustaabogados.com\/wp-content\/uploads\/2024\/02\/AA_10Aniversario-10.jpg","type":"image\/jpeg"}],"author":"Augusta Abogados","twitter_card":"summary_large_image","twitter_misc":{"Escrit per":"Augusta Abogados","Temps estimat de lectura":"3 minuts"},"schema":{"@context":"https:\/\/schema.org","@graph":[{"@type":"Article","@id":"https:\/\/augustaabogados.com\/ca\/10e-aniversari-augusta-abogados\/#article","isPartOf":{"@id":"https:\/\/augustaabogados.com\/ca\/10e-aniversari-augusta-abogados\/"},"author":{"name":"Augusta Abogados","@id":"https:\/\/augustaabogados.com\/#\/schema\/person\/8c5e230eb6ed47cdd14ee188eb04a753"},"headline":"10\u00e8 Aniversari AUGUSTA ABOGADOS","datePublished":"2018-11-20T00:00:00+00:00","dateModified":"2024-02-06T11:08:13+00:00","mainEntityOfPage":{"@id":"https:\/\/augustaabogados.com\/ca\/10e-aniversari-augusta-abogados\/"},"wordCount":355,"publisher":{"@id":"https:\/\/augustaabogados.com\/#organization"},"image":{"@id":"https:\/\/augustaabogados.com\/ca\/10e-aniversari-augusta-abogados\/#primaryimage"},"thumbnailUrl":"https:\/\/augustaabogados.com\/wp-content\/uploads\/2024\/02\/AA_10Aniversario-10.jpg","keywords":["Alicia Herrador Mu\u00f1oz","Aniversari","Aniversario","Augusta Abogados","Carlos Valls Mart\u00ednez","Jaime Fern\u00e1ndez Cort\u00e9s","Juan Jos\u00e9 Hita Fern\u00e1ndez","Juan Jos\u00e9 Terraza Torra","Mar\u00eda Jos\u00e9 S\u00e1nchez","Sergi Gim\u00e9nez Binder"],"articleSection":["NOTA DE PREMSA"],"inLanguage":"ca"},{"@type":["WebPage","ItemPage"],"@id":"https:\/\/augustaabogados.com\/ca\/10e-aniversari-augusta-abogados\/","url":"https:\/\/augustaabogados.com\/ca\/10e-aniversari-augusta-abogados\/","name":"Informaci\u00f3n sobre la modificaci\u00f3n de la Ley catalana del Impuesto sobre Sucesiones y Donaciones|Informaci\u00f3n sobre la modificaci\u00f3n de la Ley catalana del Impuesto sobre Sucesiones y Donaciones","isPartOf":{"@id":"https:\/\/augustaabogados.com\/#website"},"primaryImageOfPage":{"@id":"https:\/\/augustaabogados.com\/ca\/10e-aniversari-augusta-abogados\/#primaryimage"},"image":{"@id":"https:\/\/augustaabogados.com\/ca\/10e-aniversari-augusta-abogados\/#primaryimage"},"thumbnailUrl":"https:\/\/augustaabogados.com\/wp-content\/uploads\/2024\/02\/AA_10Aniversario-10.jpg","datePublished":"2018-11-20T00:00:00+00:00","dateModified":"2024-02-06T11:08:13+00:00","description":"La modificaci\u00f3n de la Ley catalana del Impuesto sobre Sucesiones y Donaciones obliga a reevaluar las planificaciones fiscales de la sucesi\u00f3n familiar y empresarial.|La modificaci\u00f3n de la Ley catalana del Impuesto sobre Sucesiones y Donaciones obliga a reevaluar las planificaciones fiscales de la sucesi\u00f3n familiar y empresarial.","breadcrumb":{"@id":"https:\/\/augustaabogados.com\/ca\/10e-aniversari-augusta-abogados\/#breadcrumb"},"inLanguage":"ca","potentialAction":[{"@type":"ReadAction","target":["https:\/\/augustaabogados.com\/ca\/10e-aniversari-augusta-abogados\/"]}]},{"@type":"ImageObject","inLanguage":"ca","@id":"https:\/\/augustaabogados.com\/ca\/10e-aniversari-augusta-abogados\/#primaryimage","url":"https:\/\/augustaabogados.com\/wp-content\/uploads\/2024\/02\/AA_10Aniversario-10.jpg","contentUrl":"https:\/\/augustaabogados.com\/wp-content\/uploads\/2024\/02\/AA_10Aniversario-10.jpg","width":800,"height":418},{"@type":"BreadcrumbList","@id":"https:\/\/augustaabogados.com\/ca\/10e-aniversari-augusta-abogados\/#breadcrumb","itemListElement":[{"@type":"ListItem","position":1,"name":"Portada","item":"https:\/\/augustaabogados.com\/ca\/"},{"@type":"ListItem","position":2,"name":"10\u00e8 Aniversari AUGUSTA ABOGADOS"}]},{"@type":"WebSite","@id":"https:\/\/augustaabogados.com\/#website","url":"https:\/\/augustaabogados.com\/","name":"Augusta Abogados","description":"","publisher":{"@id":"https:\/\/augustaabogados.com\/#organization"},"potentialAction":[{"@type":"SearchAction","target":{"@type":"EntryPoint","urlTemplate":"https:\/\/augustaabogados.com\/?s={search_term_string}"},"query-input":{"@type":"PropertyValueSpecification","valueRequired":true,"valueName":"search_term_string"}}],"inLanguage":"ca"},{"@type":"Organization","@id":"https:\/\/augustaabogados.com\/#organization","name":"Augusta Abogados","url":"https:\/\/augustaabogados.com\/","logo":{"@type":"ImageObject","inLanguage":"ca","@id":"https:\/\/augustaabogados.com\/#\/schema\/logo\/image\/","url":"https:\/\/augustaabogados.com\/wp-content\/uploads\/2023\/11\/LOGO-AUGUSTA.svg","contentUrl":"https:\/\/augustaabogados.com\/wp-content\/uploads\/2023\/11\/LOGO-AUGUSTA.svg","caption":"Augusta Abogados"},"image":{"@id":"https:\/\/augustaabogados.com\/#\/schema\/logo\/image\/"}},{"@type":"Person","@id":"https:\/\/augustaabogados.com\/#\/schema\/person\/8c5e230eb6ed47cdd14ee188eb04a753","name":"Augusta Abogados","image":{"@type":"ImageObject","inLanguage":"ca","@id":"https:\/\/secure.gravatar.com\/avatar\/09e6ceb5fccff542915602bda752518fa959b0df2d103d929aefa74c2909a4bc?s=96&d=mm&r=g","url":"https:\/\/secure.gravatar.com\/avatar\/09e6ceb5fccff542915602bda752518fa959b0df2d103d929aefa74c2909a4bc?s=96&d=mm&r=g","contentUrl":"https:\/\/secure.gravatar.com\/avatar\/09e6ceb5fccff542915602bda752518fa959b0df2d103d929aefa74c2909a4bc?s=96&d=mm&r=g","caption":"Augusta Abogados"}}]}},"_links":{"self":[{"href":"https:\/\/augustaabogados.com\/ca\/wp-json\/wp\/v2\/posts\/36396","targetHints":{"allow":["GET"]}}],"collection":[{"href":"https:\/\/augustaabogados.com\/ca\/wp-json\/wp\/v2\/posts"}],"about":[{"href":"https:\/\/augustaabogados.com\/ca\/wp-json\/wp\/v2\/types\/post"}],"author":[{"embeddable":true,"href":"https:\/\/augustaabogados.com\/ca\/wp-json\/wp\/v2\/users\/8"}],"replies":[{"embeddable":true,"href":"https:\/\/augustaabogados.com\/ca\/wp-json\/wp\/v2\/comments?post=36396"}],"version-history":[{"count":1,"href":"https:\/\/augustaabogados.com\/ca\/wp-json\/wp\/v2\/posts\/36396\/revisions"}],"predecessor-version":[{"id":36409,"href":"https:\/\/augustaabogados.com\/ca\/wp-json\/wp\/v2\/posts\/36396\/revisions\/36409"}],"wp:featuredmedia":[{"embeddable":true,"href":"https:\/\/augustaabogados.com\/ca\/wp-json\/wp\/v2\/media\/34174"}],"wp:attachment":[{"href":"https:\/\/augustaabogados.com\/ca\/wp-json\/wp\/v2\/media?parent=36396"}],"wp:term":[{"taxonomy":"category","embeddable":true,"href":"https:\/\/augustaabogados.com\/ca\/wp-json\/wp\/v2\/categories?post=36396"},{"taxonomy":"post_tag","embeddable":true,"href":"https:\/\/augustaabogados.com\/ca\/wp-json\/wp\/v2\/tags?post=36396"},{"taxonomy":"servicio-asociado","embeddable":true,"href":"https:\/\/augustaabogados.com\/ca\/wp-json\/wp\/v2\/servicio-asociado?post=36396"}],"curies":[{"name":"wp","href":"https:\/\/api.w.org\/{rel}","templated":true}]}}