{"id":36484,"date":"2019-03-14T00:00:00","date_gmt":"2019-03-14T00:00:00","guid":{"rendered":"https:\/\/augustaabogados.com\/novetats-en-materia-laboral-i-de-seguretat-social-permis-de-paternitat-pla-digualtat-registre-salarial-registre-de-jornada-etc\/"},"modified":"2024-02-06T11:07:48","modified_gmt":"2024-02-06T11:07:48","slug":"novetats-en-materia-laboral-i-de-seguretat-social-permis-de-paternitat-pla-digualtat-registre-salarial-registre-de-jornada-etc","status":"publish","type":"post","link":"https:\/\/augustaabogados.com\/ca\/novetats-en-materia-laboral-i-de-seguretat-social-permis-de-paternitat-pla-digualtat-registre-salarial-registre-de-jornada-etc\/","title":{"rendered":"Novetats en mat\u00e8ria laboral i de Seguretat Social: perm\u00eds de paternitat, pla d&#8217;igualtat, registre salarial, registre de jornada, etc."},"content":{"rendered":"<p>L&#8217;objecte de la present entrada \u00e9s compendiar les principals novetats en mat\u00e8ria laboral i de Seguretat Social incloses tant en el <strong>Reial decret llei 6\/2019<\/strong>, d&#8217;1 de mar\u00e7, de la igualtat de tracte i d&#8217;oportunitats entre dones i homes a la feina i l&#8217;ocupaci\u00f3, com en el <strong>Reial decret llei 8\/2019<\/strong>, de 8 de mar\u00e7, de mesures urgents de protecci\u00f3 social i de lluita contra la precarietat laboral en la jornada de feina. Entre altres, s&#8217;inclouen les novetats en mat\u00e8ria de perm\u00eds de paternitat, pla d&#8217;igualtat, registre salarial i registre de jornada. Ha de destacar-se que, malgrat la seva entrada en vigor, tots dos textos normatius estan pendents de la seva convalidaci\u00f3 pel Congr\u00e9s.<\/p>\n<p>Seguint els enlla\u00e7os que es faciliten a continuaci\u00f3 es pot accedir a la nota informativa amb el contingut de cada Reial decret llei (en castell\u00e0):<\/p>\n<ul>\n<li><a href=\"https:\/\/goo.gl\/F7wnFn\" target=\"_blank\" rel=\"noopener noreferrer\">Novetats RD-llei 6\/2019, d&#8217;1 de mar\u00e7<\/a><\/li>\n<li><a href=\"https:\/\/goo.gl\/UEoe8M\" target=\"_blank\" rel=\"noopener noreferrer\">Novetats RD-llei 8\/2019, de 8 de mar\u00e7<\/a><\/li>\n<\/ul>\n<p>Si desitja m\u00e9s informaci\u00f3, contacti amb <a href=\"mailto:info@jordim52.sg-host.com\">info@jordim52.sg-host.com.<\/a><\/p>\n","protected":false},"excerpt":{"rendered":"<p>L&#8217;objecte de la present entrada \u00e9s compendiar les principals novetats en mat\u00e8ria laboral i de Seguretat Social incloses tant en el Reial decret llei 6\/2019, d&#8217;1 de mar\u00e7, de la igualtat de tracte i d&#8217;oportunitats entre dones i homes a la feina i l&#8217;ocupaci\u00f3, com en el Reial decret llei 8\/2019, de 8 de mar\u00e7, [&hellip;]<\/p>\n","protected":false},"author":8,"featured_media":36485,"comment_status":"closed","ping_status":"open","sticky":false,"template":"","format":"standard","meta":{"content-type":"","site-sidebar-layout":"no-sidebar","site-content-layout":"page-builder","ast-site-content-layout":"default","site-content-style":"default","site-sidebar-style":"default","ast-global-header-display":"","ast-banner-title-visibility":"","ast-main-header-display":"","ast-hfb-above-header-display":"","ast-hfb-below-header-display":"","ast-hfb-mobile-header-display":"","site-post-title":"","ast-breadcrumbs-content":"","ast-featured-img":"","footer-sml-layout":"","ast-disable-related-posts":"","theme-transparent-header-meta":"disabled","adv-header-id-meta":"","stick-header-meta":"","header-above-stick-meta":"","header-main-stick-meta":"","header-below-stick-meta":"","astra-migrate-meta-layouts":"set","ast-page-background-enabled":"default","ast-page-background-meta":{"desktop":{"background-color":"var(--ast-global-color-4)","background-image":"","background-repeat":"repeat","background-position":"center center","background-size":"auto","background-attachment":"scroll","background-type":"","background-media":"","overlay-type":"","overlay-color":"","overlay-opacity":"","overlay-gradient":""},"tablet":{"background-color":"","background-image":"","background-repeat":"repeat","background-position":"center center","background-size":"auto","background-attachment":"scroll","background-type":"","background-media":"","overlay-type":"","overlay-color":"","overlay-opacity":"","overlay-gradient":""},"mobile":{"background-color":"","background-image":"","background-repeat":"repeat","background-position":"center center","background-size":"auto","background-attachment":"scroll","background-type":"","background-media":"","overlay-type":"","overlay-color":"","overlay-opacity":"","overlay-gradient":""}},"ast-content-background-meta":{"desktop":{"background-color":"var(--ast-global-color-5)","background-image":"","background-repeat":"repeat","background-position":"center center","background-size":"auto","background-attachment":"scroll","background-type":"","background-media":"","overlay-type":"","overlay-color":"","overlay-opacity":"","overlay-gradient":""},"tablet":{"background-color":"var(--ast-global-color-5)","background-image":"","background-repeat":"repeat","background-position":"center center","background-size":"auto","background-attachment":"scroll","background-type":"","background-media":"","overlay-type":"","overlay-color":"","overlay-opacity":"","overlay-gradient":""},"mobile":{"background-color":"var(--ast-global-color-5)","background-image":"","background-repeat":"repeat","background-position":"center center","background-size":"auto","background-attachment":"scroll","background-type":"","background-media":"","overlay-type":"","overlay-color":"","overlay-opacity":"","overlay-gradient":""}},"footnotes":""},"categories":[],"tags":[424,1128,425,1129,1130,1131,1132,1071],"servicio-asociado":[],"class_list":["post-36484","post","type-post","status-publish","format-standard","has-post-thumbnail","hentry","tag-igualdad","tag-igualtat","tag-paternidad","tag-paternitat","tag-proteccio-social","tag-reial-decret-llei-6-2019","tag-reial-decret-llei-8-2019","tag-seguretat-social"],"acf":[],"yoast_head":"<!-- This site is optimized with the Yoast SEO plugin v27.4 - https:\/\/yoast.com\/product\/yoast-seo-wordpress\/ -->\n<title>Informaci\u00f3n sobre la modificaci\u00f3n de la Ley catalana del Impuesto sobre Sucesiones y Donaciones|Informaci\u00f3n sobre la modificaci\u00f3n de la Ley catalana del Impuesto sobre Sucesiones y Donaciones<\/title>\n<meta name=\"description\" content=\"La modificaci\u00f3n de la Ley catalana del Impuesto sobre Sucesiones y Donaciones obliga a reevaluar las planificaciones fiscales de la sucesi\u00f3n familiar y empresarial.|La modificaci\u00f3n de la Ley catalana del Impuesto sobre Sucesiones y Donaciones obliga a reevaluar las planificaciones fiscales de la sucesi\u00f3n familiar y empresarial.\" \/>\n<meta name=\"robots\" content=\"index, follow, max-snippet:-1, max-image-preview:large, max-video-preview:-1\" \/>\n<link rel=\"canonical\" href=\"https:\/\/augustaabogados.com\/ca\/novetats-en-materia-laboral-i-de-seguretat-social-permis-de-paternitat-pla-digualtat-registre-salarial-registre-de-jornada-etc\/\" \/>\n<meta property=\"og:locale\" content=\"ca_ES\" \/>\n<meta property=\"og:type\" content=\"article\" \/>\n<meta property=\"og:title\" content=\"Informaci\u00f3n sobre la modificaci\u00f3n de la Ley catalana del Impuesto sobre Sucesiones y Donaciones|Informaci\u00f3n sobre la modificaci\u00f3n de la Ley catalana del Impuesto sobre Sucesiones y Donaciones\" \/>\n<meta property=\"og:description\" content=\"La modificaci\u00f3n de la Ley catalana del Impuesto sobre Sucesiones y Donaciones obliga a reevaluar las planificaciones fiscales de la sucesi\u00f3n familiar y empresarial.|La modificaci\u00f3n de la Ley catalana del Impuesto sobre Sucesiones y Donaciones obliga a reevaluar las planificaciones fiscales de la sucesi\u00f3n familiar y empresarial.\" \/>\n<meta property=\"og:url\" content=\"https:\/\/augustaabogados.com\/ca\/novetats-en-materia-laboral-i-de-seguretat-social-permis-de-paternitat-pla-digualtat-registre-salarial-registre-de-jornada-etc\/\" \/>\n<meta property=\"og:site_name\" content=\"Augusta Abogados\" \/>\n<meta property=\"article:published_time\" content=\"2019-03-14T00:00:00+00:00\" \/>\n<meta property=\"article:modified_time\" content=\"2024-02-06T11:07:48+00:00\" \/>\n<meta property=\"og:image\" content=\"https:\/\/augustaabogados.com\/wp-content\/uploads\/2024\/02\/NOTA-INFORMATIVA-AUGUSTA-ABOGADOS-365.jpg\" \/>\n\t<meta property=\"og:image:width\" content=\"800\" \/>\n\t<meta property=\"og:image:height\" content=\"418\" \/>\n\t<meta property=\"og:image:type\" content=\"image\/jpeg\" \/>\n<meta name=\"author\" content=\"Augusta Abogados\" \/>\n<meta name=\"twitter:card\" content=\"summary_large_image\" \/>\n<meta name=\"twitter:label1\" content=\"Escrit per\" \/>\n\t<meta name=\"twitter:data1\" content=\"Augusta Abogados\" \/>\n\t<meta name=\"twitter:label2\" content=\"Temps estimat de lectura\" \/>\n\t<meta name=\"twitter:data2\" content=\"3 minuts\" \/>\n<script type=\"application\/ld+json\" class=\"yoast-schema-graph\">{\"@context\":\"https:\\\/\\\/schema.org\",\"@graph\":[{\"@type\":\"Article\",\"@id\":\"https:\\\/\\\/augustaabogados.com\\\/ca\\\/novetats-en-materia-laboral-i-de-seguretat-social-permis-de-paternitat-pla-digualtat-registre-salarial-registre-de-jornada-etc\\\/#article\",\"isPartOf\":{\"@id\":\"https:\\\/\\\/augustaabogados.com\\\/ca\\\/novetats-en-materia-laboral-i-de-seguretat-social-permis-de-paternitat-pla-digualtat-registre-salarial-registre-de-jornada-etc\\\/\"},\"author\":{\"name\":\"Augusta Abogados\",\"@id\":\"https:\\\/\\\/augustaabogados.com\\\/#\\\/schema\\\/person\\\/8c5e230eb6ed47cdd14ee188eb04a753\"},\"headline\":\"Novetats en mat\u00e8ria laboral i de Seguretat Social: perm\u00eds de paternitat, pla d&#8217;igualtat, registre salarial, registre de jornada, etc.\",\"datePublished\":\"2019-03-14T00:00:00+00:00\",\"dateModified\":\"2024-02-06T11:07:48+00:00\",\"mainEntityOfPage\":{\"@id\":\"https:\\\/\\\/augustaabogados.com\\\/ca\\\/novetats-en-materia-laboral-i-de-seguretat-social-permis-de-paternitat-pla-digualtat-registre-salarial-registre-de-jornada-etc\\\/\"},\"wordCount\":189,\"publisher\":{\"@id\":\"https:\\\/\\\/augustaabogados.com\\\/#organization\"},\"image\":{\"@id\":\"https:\\\/\\\/augustaabogados.com\\\/ca\\\/novetats-en-materia-laboral-i-de-seguretat-social-permis-de-paternitat-pla-digualtat-registre-salarial-registre-de-jornada-etc\\\/#primaryimage\"},\"thumbnailUrl\":\"https:\\\/\\\/augustaabogados.com\\\/wp-content\\\/uploads\\\/2024\\\/02\\\/NOTA-INFORMATIVA-AUGUSTA-ABOGADOS-365.jpg\",\"keywords\":[\"igualdad\",\"igualtat\",\"Paternidad\",\"Paternitat\",\"Protecci\u00f3 social\",\"Reial decret llei 6\\\/2019\",\"Reial decret llei 8\\\/2019\",\"Seguretat Social\"],\"inLanguage\":\"ca\"},{\"@type\":[\"WebPage\",\"ItemPage\"],\"@id\":\"https:\\\/\\\/augustaabogados.com\\\/ca\\\/novetats-en-materia-laboral-i-de-seguretat-social-permis-de-paternitat-pla-digualtat-registre-salarial-registre-de-jornada-etc\\\/\",\"url\":\"https:\\\/\\\/augustaabogados.com\\\/ca\\\/novetats-en-materia-laboral-i-de-seguretat-social-permis-de-paternitat-pla-digualtat-registre-salarial-registre-de-jornada-etc\\\/\",\"name\":\"Informaci\u00f3n sobre la modificaci\u00f3n de la Ley catalana del Impuesto sobre Sucesiones y Donaciones|Informaci\u00f3n sobre la modificaci\u00f3n de la Ley catalana del Impuesto sobre Sucesiones y Donaciones\",\"isPartOf\":{\"@id\":\"https:\\\/\\\/augustaabogados.com\\\/#website\"},\"primaryImageOfPage\":{\"@id\":\"https:\\\/\\\/augustaabogados.com\\\/ca\\\/novetats-en-materia-laboral-i-de-seguretat-social-permis-de-paternitat-pla-digualtat-registre-salarial-registre-de-jornada-etc\\\/#primaryimage\"},\"image\":{\"@id\":\"https:\\\/\\\/augustaabogados.com\\\/ca\\\/novetats-en-materia-laboral-i-de-seguretat-social-permis-de-paternitat-pla-digualtat-registre-salarial-registre-de-jornada-etc\\\/#primaryimage\"},\"thumbnailUrl\":\"https:\\\/\\\/augustaabogados.com\\\/wp-content\\\/uploads\\\/2024\\\/02\\\/NOTA-INFORMATIVA-AUGUSTA-ABOGADOS-365.jpg\",\"datePublished\":\"2019-03-14T00:00:00+00:00\",\"dateModified\":\"2024-02-06T11:07:48+00:00\",\"description\":\"La modificaci\u00f3n de la Ley catalana del Impuesto sobre Sucesiones y Donaciones obliga a reevaluar las planificaciones fiscales de la sucesi\u00f3n familiar y empresarial.|La modificaci\u00f3n de la Ley catalana del Impuesto sobre Sucesiones y Donaciones obliga a reevaluar las planificaciones fiscales de la sucesi\u00f3n familiar y empresarial.\",\"breadcrumb\":{\"@id\":\"https:\\\/\\\/augustaabogados.com\\\/ca\\\/novetats-en-materia-laboral-i-de-seguretat-social-permis-de-paternitat-pla-digualtat-registre-salarial-registre-de-jornada-etc\\\/#breadcrumb\"},\"inLanguage\":\"ca\",\"potentialAction\":[{\"@type\":\"ReadAction\",\"target\":[\"https:\\\/\\\/augustaabogados.com\\\/ca\\\/novetats-en-materia-laboral-i-de-seguretat-social-permis-de-paternitat-pla-digualtat-registre-salarial-registre-de-jornada-etc\\\/\"]}]},{\"@type\":\"ImageObject\",\"inLanguage\":\"ca\",\"@id\":\"https:\\\/\\\/augustaabogados.com\\\/ca\\\/novetats-en-materia-laboral-i-de-seguretat-social-permis-de-paternitat-pla-digualtat-registre-salarial-registre-de-jornada-etc\\\/#primaryimage\",\"url\":\"https:\\\/\\\/augustaabogados.com\\\/wp-content\\\/uploads\\\/2024\\\/02\\\/NOTA-INFORMATIVA-AUGUSTA-ABOGADOS-365.jpg\",\"contentUrl\":\"https:\\\/\\\/augustaabogados.com\\\/wp-content\\\/uploads\\\/2024\\\/02\\\/NOTA-INFORMATIVA-AUGUSTA-ABOGADOS-365.jpg\",\"width\":800,\"height\":418},{\"@type\":\"BreadcrumbList\",\"@id\":\"https:\\\/\\\/augustaabogados.com\\\/ca\\\/novetats-en-materia-laboral-i-de-seguretat-social-permis-de-paternitat-pla-digualtat-registre-salarial-registre-de-jornada-etc\\\/#breadcrumb\",\"itemListElement\":[{\"@type\":\"ListItem\",\"position\":1,\"name\":\"Portada\",\"item\":\"https:\\\/\\\/augustaabogados.com\\\/ca\\\/\"},{\"@type\":\"ListItem\",\"position\":2,\"name\":\"Novetats en mat\u00e8ria laboral i de Seguretat Social: perm\u00eds de paternitat, pla d&#8217;igualtat, registre salarial, registre de jornada, etc.\"}]},{\"@type\":\"WebSite\",\"@id\":\"https:\\\/\\\/augustaabogados.com\\\/#website\",\"url\":\"https:\\\/\\\/augustaabogados.com\\\/\",\"name\":\"Augusta Abogados\",\"description\":\"\",\"publisher\":{\"@id\":\"https:\\\/\\\/augustaabogados.com\\\/#organization\"},\"potentialAction\":[{\"@type\":\"SearchAction\",\"target\":{\"@type\":\"EntryPoint\",\"urlTemplate\":\"https:\\\/\\\/augustaabogados.com\\\/?s={search_term_string}\"},\"query-input\":{\"@type\":\"PropertyValueSpecification\",\"valueRequired\":true,\"valueName\":\"search_term_string\"}}],\"inLanguage\":\"ca\"},{\"@type\":\"Organization\",\"@id\":\"https:\\\/\\\/augustaabogados.com\\\/#organization\",\"name\":\"Augusta Abogados\",\"url\":\"https:\\\/\\\/augustaabogados.com\\\/\",\"logo\":{\"@type\":\"ImageObject\",\"inLanguage\":\"ca\",\"@id\":\"https:\\\/\\\/augustaabogados.com\\\/#\\\/schema\\\/logo\\\/image\\\/\",\"url\":\"https:\\\/\\\/augustaabogados.com\\\/wp-content\\\/uploads\\\/2023\\\/11\\\/LOGO-AUGUSTA.svg\",\"contentUrl\":\"https:\\\/\\\/augustaabogados.com\\\/wp-content\\\/uploads\\\/2023\\\/11\\\/LOGO-AUGUSTA.svg\",\"caption\":\"Augusta Abogados\"},\"image\":{\"@id\":\"https:\\\/\\\/augustaabogados.com\\\/#\\\/schema\\\/logo\\\/image\\\/\"}},{\"@type\":\"Person\",\"@id\":\"https:\\\/\\\/augustaabogados.com\\\/#\\\/schema\\\/person\\\/8c5e230eb6ed47cdd14ee188eb04a753\",\"name\":\"Augusta Abogados\",\"image\":{\"@type\":\"ImageObject\",\"inLanguage\":\"ca\",\"@id\":\"https:\\\/\\\/secure.gravatar.com\\\/avatar\\\/09e6ceb5fccff542915602bda752518fa959b0df2d103d929aefa74c2909a4bc?s=96&d=mm&r=g\",\"url\":\"https:\\\/\\\/secure.gravatar.com\\\/avatar\\\/09e6ceb5fccff542915602bda752518fa959b0df2d103d929aefa74c2909a4bc?s=96&d=mm&r=g\",\"contentUrl\":\"https:\\\/\\\/secure.gravatar.com\\\/avatar\\\/09e6ceb5fccff542915602bda752518fa959b0df2d103d929aefa74c2909a4bc?s=96&d=mm&r=g\",\"caption\":\"Augusta Abogados\"}}]}<\/script>\n<!-- \/ Yoast SEO plugin. -->","yoast_head_json":{"title":"Informaci\u00f3n sobre la modificaci\u00f3n de la Ley catalana del Impuesto sobre Sucesiones y Donaciones|Informaci\u00f3n sobre la modificaci\u00f3n de la Ley catalana del Impuesto sobre Sucesiones y Donaciones","description":"La modificaci\u00f3n de la Ley catalana del Impuesto sobre Sucesiones y Donaciones obliga a reevaluar las planificaciones fiscales de la sucesi\u00f3n familiar y empresarial.|La modificaci\u00f3n de la Ley catalana del Impuesto sobre Sucesiones y Donaciones obliga a reevaluar las planificaciones fiscales de la sucesi\u00f3n familiar y empresarial.","robots":{"index":"index","follow":"follow","max-snippet":"max-snippet:-1","max-image-preview":"max-image-preview:large","max-video-preview":"max-video-preview:-1"},"canonical":"https:\/\/augustaabogados.com\/ca\/novetats-en-materia-laboral-i-de-seguretat-social-permis-de-paternitat-pla-digualtat-registre-salarial-registre-de-jornada-etc\/","og_locale":"ca_ES","og_type":"article","og_title":"Informaci\u00f3n sobre la modificaci\u00f3n de la Ley catalana del Impuesto sobre Sucesiones y Donaciones|Informaci\u00f3n sobre la modificaci\u00f3n de la Ley catalana del Impuesto sobre Sucesiones y Donaciones","og_description":"La modificaci\u00f3n de la Ley catalana del Impuesto sobre Sucesiones y Donaciones obliga a reevaluar las planificaciones fiscales de la sucesi\u00f3n familiar y empresarial.|La modificaci\u00f3n de la Ley catalana del Impuesto sobre Sucesiones y Donaciones obliga a reevaluar las planificaciones fiscales de la sucesi\u00f3n familiar y empresarial.","og_url":"https:\/\/augustaabogados.com\/ca\/novetats-en-materia-laboral-i-de-seguretat-social-permis-de-paternitat-pla-digualtat-registre-salarial-registre-de-jornada-etc\/","og_site_name":"Augusta Abogados","article_published_time":"2019-03-14T00:00:00+00:00","article_modified_time":"2024-02-06T11:07:48+00:00","og_image":[{"width":800,"height":418,"url":"https:\/\/augustaabogados.com\/wp-content\/uploads\/2024\/02\/NOTA-INFORMATIVA-AUGUSTA-ABOGADOS-365.jpg","type":"image\/jpeg"}],"author":"Augusta Abogados","twitter_card":"summary_large_image","twitter_misc":{"Escrit per":"Augusta Abogados","Temps estimat de lectura":"3 minuts"},"schema":{"@context":"https:\/\/schema.org","@graph":[{"@type":"Article","@id":"https:\/\/augustaabogados.com\/ca\/novetats-en-materia-laboral-i-de-seguretat-social-permis-de-paternitat-pla-digualtat-registre-salarial-registre-de-jornada-etc\/#article","isPartOf":{"@id":"https:\/\/augustaabogados.com\/ca\/novetats-en-materia-laboral-i-de-seguretat-social-permis-de-paternitat-pla-digualtat-registre-salarial-registre-de-jornada-etc\/"},"author":{"name":"Augusta Abogados","@id":"https:\/\/augustaabogados.com\/#\/schema\/person\/8c5e230eb6ed47cdd14ee188eb04a753"},"headline":"Novetats en mat\u00e8ria laboral i de Seguretat Social: perm\u00eds de paternitat, pla d&#8217;igualtat, registre salarial, registre de jornada, etc.","datePublished":"2019-03-14T00:00:00+00:00","dateModified":"2024-02-06T11:07:48+00:00","mainEntityOfPage":{"@id":"https:\/\/augustaabogados.com\/ca\/novetats-en-materia-laboral-i-de-seguretat-social-permis-de-paternitat-pla-digualtat-registre-salarial-registre-de-jornada-etc\/"},"wordCount":189,"publisher":{"@id":"https:\/\/augustaabogados.com\/#organization"},"image":{"@id":"https:\/\/augustaabogados.com\/ca\/novetats-en-materia-laboral-i-de-seguretat-social-permis-de-paternitat-pla-digualtat-registre-salarial-registre-de-jornada-etc\/#primaryimage"},"thumbnailUrl":"https:\/\/augustaabogados.com\/wp-content\/uploads\/2024\/02\/NOTA-INFORMATIVA-AUGUSTA-ABOGADOS-365.jpg","keywords":["igualdad","igualtat","Paternidad","Paternitat","Protecci\u00f3 social","Reial decret llei 6\/2019","Reial decret llei 8\/2019","Seguretat Social"],"inLanguage":"ca"},{"@type":["WebPage","ItemPage"],"@id":"https:\/\/augustaabogados.com\/ca\/novetats-en-materia-laboral-i-de-seguretat-social-permis-de-paternitat-pla-digualtat-registre-salarial-registre-de-jornada-etc\/","url":"https:\/\/augustaabogados.com\/ca\/novetats-en-materia-laboral-i-de-seguretat-social-permis-de-paternitat-pla-digualtat-registre-salarial-registre-de-jornada-etc\/","name":"Informaci\u00f3n sobre la modificaci\u00f3n de la Ley catalana del Impuesto sobre Sucesiones y Donaciones|Informaci\u00f3n sobre la modificaci\u00f3n de la Ley catalana del Impuesto sobre Sucesiones y Donaciones","isPartOf":{"@id":"https:\/\/augustaabogados.com\/#website"},"primaryImageOfPage":{"@id":"https:\/\/augustaabogados.com\/ca\/novetats-en-materia-laboral-i-de-seguretat-social-permis-de-paternitat-pla-digualtat-registre-salarial-registre-de-jornada-etc\/#primaryimage"},"image":{"@id":"https:\/\/augustaabogados.com\/ca\/novetats-en-materia-laboral-i-de-seguretat-social-permis-de-paternitat-pla-digualtat-registre-salarial-registre-de-jornada-etc\/#primaryimage"},"thumbnailUrl":"https:\/\/augustaabogados.com\/wp-content\/uploads\/2024\/02\/NOTA-INFORMATIVA-AUGUSTA-ABOGADOS-365.jpg","datePublished":"2019-03-14T00:00:00+00:00","dateModified":"2024-02-06T11:07:48+00:00","description":"La modificaci\u00f3n de la Ley catalana del Impuesto sobre Sucesiones y Donaciones obliga a reevaluar las planificaciones fiscales de la sucesi\u00f3n familiar y empresarial.|La modificaci\u00f3n de la Ley catalana del Impuesto sobre Sucesiones y Donaciones obliga a reevaluar las planificaciones fiscales de la sucesi\u00f3n familiar y empresarial.","breadcrumb":{"@id":"https:\/\/augustaabogados.com\/ca\/novetats-en-materia-laboral-i-de-seguretat-social-permis-de-paternitat-pla-digualtat-registre-salarial-registre-de-jornada-etc\/#breadcrumb"},"inLanguage":"ca","potentialAction":[{"@type":"ReadAction","target":["https:\/\/augustaabogados.com\/ca\/novetats-en-materia-laboral-i-de-seguretat-social-permis-de-paternitat-pla-digualtat-registre-salarial-registre-de-jornada-etc\/"]}]},{"@type":"ImageObject","inLanguage":"ca","@id":"https:\/\/augustaabogados.com\/ca\/novetats-en-materia-laboral-i-de-seguretat-social-permis-de-paternitat-pla-digualtat-registre-salarial-registre-de-jornada-etc\/#primaryimage","url":"https:\/\/augustaabogados.com\/wp-content\/uploads\/2024\/02\/NOTA-INFORMATIVA-AUGUSTA-ABOGADOS-365.jpg","contentUrl":"https:\/\/augustaabogados.com\/wp-content\/uploads\/2024\/02\/NOTA-INFORMATIVA-AUGUSTA-ABOGADOS-365.jpg","width":800,"height":418},{"@type":"BreadcrumbList","@id":"https:\/\/augustaabogados.com\/ca\/novetats-en-materia-laboral-i-de-seguretat-social-permis-de-paternitat-pla-digualtat-registre-salarial-registre-de-jornada-etc\/#breadcrumb","itemListElement":[{"@type":"ListItem","position":1,"name":"Portada","item":"https:\/\/augustaabogados.com\/ca\/"},{"@type":"ListItem","position":2,"name":"Novetats en mat\u00e8ria laboral i de Seguretat Social: perm\u00eds de paternitat, pla d&#8217;igualtat, registre salarial, registre de jornada, etc."}]},{"@type":"WebSite","@id":"https:\/\/augustaabogados.com\/#website","url":"https:\/\/augustaabogados.com\/","name":"Augusta Abogados","description":"","publisher":{"@id":"https:\/\/augustaabogados.com\/#organization"},"potentialAction":[{"@type":"SearchAction","target":{"@type":"EntryPoint","urlTemplate":"https:\/\/augustaabogados.com\/?s={search_term_string}"},"query-input":{"@type":"PropertyValueSpecification","valueRequired":true,"valueName":"search_term_string"}}],"inLanguage":"ca"},{"@type":"Organization","@id":"https:\/\/augustaabogados.com\/#organization","name":"Augusta Abogados","url":"https:\/\/augustaabogados.com\/","logo":{"@type":"ImageObject","inLanguage":"ca","@id":"https:\/\/augustaabogados.com\/#\/schema\/logo\/image\/","url":"https:\/\/augustaabogados.com\/wp-content\/uploads\/2023\/11\/LOGO-AUGUSTA.svg","contentUrl":"https:\/\/augustaabogados.com\/wp-content\/uploads\/2023\/11\/LOGO-AUGUSTA.svg","caption":"Augusta Abogados"},"image":{"@id":"https:\/\/augustaabogados.com\/#\/schema\/logo\/image\/"}},{"@type":"Person","@id":"https:\/\/augustaabogados.com\/#\/schema\/person\/8c5e230eb6ed47cdd14ee188eb04a753","name":"Augusta Abogados","image":{"@type":"ImageObject","inLanguage":"ca","@id":"https:\/\/secure.gravatar.com\/avatar\/09e6ceb5fccff542915602bda752518fa959b0df2d103d929aefa74c2909a4bc?s=96&d=mm&r=g","url":"https:\/\/secure.gravatar.com\/avatar\/09e6ceb5fccff542915602bda752518fa959b0df2d103d929aefa74c2909a4bc?s=96&d=mm&r=g","contentUrl":"https:\/\/secure.gravatar.com\/avatar\/09e6ceb5fccff542915602bda752518fa959b0df2d103d929aefa74c2909a4bc?s=96&d=mm&r=g","caption":"Augusta Abogados"}}]}},"_links":{"self":[{"href":"https:\/\/augustaabogados.com\/ca\/wp-json\/wp\/v2\/posts\/36484","targetHints":{"allow":["GET"]}}],"collection":[{"href":"https:\/\/augustaabogados.com\/ca\/wp-json\/wp\/v2\/posts"}],"about":[{"href":"https:\/\/augustaabogados.com\/ca\/wp-json\/wp\/v2\/types\/post"}],"author":[{"embeddable":true,"href":"https:\/\/augustaabogados.com\/ca\/wp-json\/wp\/v2\/users\/8"}],"replies":[{"embeddable":true,"href":"https:\/\/augustaabogados.com\/ca\/wp-json\/wp\/v2\/comments?post=36484"}],"version-history":[{"count":1,"href":"https:\/\/augustaabogados.com\/ca\/wp-json\/wp\/v2\/posts\/36484\/revisions"}],"predecessor-version":[{"id":40838,"href":"https:\/\/augustaabogados.com\/ca\/wp-json\/wp\/v2\/posts\/36484\/revisions\/40838"}],"wp:featuredmedia":[{"embeddable":true,"href":"https:\/\/augustaabogados.com\/ca\/wp-json\/wp\/v2\/media\/36485"}],"wp:attachment":[{"href":"https:\/\/augustaabogados.com\/ca\/wp-json\/wp\/v2\/media?parent=36484"}],"wp:term":[{"taxonomy":"category","embeddable":true,"href":"https:\/\/augustaabogados.com\/ca\/wp-json\/wp\/v2\/categories?post=36484"},{"taxonomy":"post_tag","embeddable":true,"href":"https:\/\/augustaabogados.com\/ca\/wp-json\/wp\/v2\/tags?post=36484"},{"taxonomy":"servicio-asociado","embeddable":true,"href":"https:\/\/augustaabogados.com\/ca\/wp-json\/wp\/v2\/servicio-asociado?post=36484"}],"curies":[{"name":"wp","href":"https:\/\/api.w.org\/{rel}","templated":true}]}}