{"id":36553,"date":"2019-07-17T00:00:00","date_gmt":"2019-07-17T00:00:00","guid":{"rendered":"https:\/\/augustaabogados.com\/augusta-abogados-va-participar-en-el-iv-congres-de-ladvocacia-de-barcelona-presentant-les-eines-per-a-protegir-el-patrimoni-en-dret-internacional-privat\/"},"modified":"2024-02-06T11:07:28","modified_gmt":"2024-02-06T11:07:28","slug":"augusta-abogados-va-participar-en-el-iv-congres-de-ladvocacia-de-barcelona-presentant-les-eines-per-a-protegir-el-patrimoni-en-dret-internacional-privat","status":"publish","type":"post","link":"https:\/\/augustaabogados.com\/ca\/augusta-abogados-va-participar-en-el-iv-congres-de-ladvocacia-de-barcelona-presentant-les-eines-per-a-protegir-el-patrimoni-en-dret-internacional-privat\/","title":{"rendered":"AUGUSTA ABOGADOS va participar en el IV Congr\u00e9s de l\u0092Advocacia de Barcelona presentant les \u0093Eines per a Protegir el Patrimoni en Dret Internacional Privat\u0094"},"content":{"rendered":"<p>El passat 11 de juliol va tenir lloc el <a href=\"https:\/\/www.icab.cat\" target=\"_blank\" rel=\"noopener noreferrer\"><strong>IV Congr\u00e9s de l\u0092Advocacia de Barcelona<\/strong><\/a> en el que Alba R\u00f3denas Borr\u00e0s, Advocada d\u0092AUGUSTA ABOGADOS\u00a0 i professora de Dret Internacional Privat de la Universitat de Barcelona, va participar com a ponent presentant les \u0093<strong>Eines per a protegir el Patrimoni en Dret Internacional Privat<\/strong>\u0094.<\/p>\n<p><img decoding=\"async\" src=\"https:\/\/augustaabogados.com\/wp-content\/uploads\/2024\/02\/Herramientas-para-proteger-el-Patrimonio-en-Derecho-Internacional-Privado-18.jpg\" alt=\"Herramientas-para-proteger-el-Patrimonio-en-Derecho-Internacional-Privado-Alba R\u00f3denas Borr\u00e0s\" width=\"100%\" \/><code>Alba R\u00f3denas Borr\u00e0s<\/code><\/p>\n<p>\u00c9s innegable que els advocats estan al dia i coneixen quines s\u00f3n les eines b\u00e0siques que ens ofereix el dret intern; per\u00f2 en l\u0092actualitat i cada vegada m\u00e9s, les relacions personals, patrimonials i empresarials tenen un component internacional, que obliga als advocats a sortir d\u0092aquesta zona de confort i acudir a les normes de dret internacional, que, a vegades, no es coneixen. Es varen tractar les capitulacions matrimonials, els pactes successoris, les donacions amb cl\u00e0usules modals, els pactes familiars, les reestructuracions&#8230;instruments que, des de la perspectiva internacional, \u00e9s essencial que estiguin ben planificats per evitar conflictes futurs.<\/p>\n<p>L\u0092objectiu de la pon\u00e8ncia era explicar, prevenir i solucionar els conflictes que sorgeixen a nivell internacional en mat\u00e8ria de dret patrimonial en relaci\u00f3 amb el r\u00e8gim econ\u00f2mic matrimonial i el dret de successions, mat\u00e8ries que, encara que a vegades no ho sembli, s\u00f3n indissociables.<\/p>\n<p>La pon\u00e8ncia estava orientada a casos pr\u00e0ctics, de tal manera que es pogu\u00e9s veure l\u0092aplicabilitat d\u0092aquesta mat\u00e8ria. El resultat va ser tot un \u00e8xit, tothom va estar molt participatiu i es varen resoldre molts dubtes plantejats. Per tant, podem concloure que, al acabar es va complir amb el principal fi que tenen les pon\u00e8ncies que organitza el Col\u00b7legi de l\u0092Advocacia de Barcelona (ICAB), i que, en este cas, \u00e9s fomentar la internacionalitzaci\u00f3 dels advocats i afavorir la integraci\u00f3 professional en el m\u00f3n global.<\/p>\n","protected":false},"excerpt":{"rendered":"<p>El passat 11 de juliol va tenir lloc el IV Congr\u00e9s de l\u0092Advocacia de Barcelona en el que la lletrada Alba R\u00f3denas Borr\u00e0s, d\u0092AUGUSTA ABOGADOS, va participar com a ponent i va presentar les \u0093Eines per a Protegir el Patrimoni en Dret Internacional Privat\u0094, mat\u00e8ria en la que \u00e9s experta. <\/p>\n<p>El principal objectiu d ela pon\u00e8ncia va ser explicar, prevenir i solucionar els conflictes que sorgeixen a nivell internacional en mat\u00e8ria patrimonial en relaci\u00f3 amb el r\u00e8gim econ\u00f2mic matrimonial i el dret de successions, mat\u00e8ries que, tot i que a vegades no ho sembli, s\u00f3n indissociables.<\/p>\n","protected":false},"author":8,"featured_media":34339,"comment_status":"closed","ping_status":"open","sticky":false,"template":"","format":"standard","meta":{"content-type":"","site-sidebar-layout":"no-sidebar","site-content-layout":"page-builder","ast-site-content-layout":"default","site-content-style":"default","site-sidebar-style":"default","ast-global-header-display":"","ast-banner-title-visibility":"","ast-main-header-display":"","ast-hfb-above-header-display":"","ast-hfb-below-header-display":"","ast-hfb-mobile-header-display":"","site-post-title":"","ast-breadcrumbs-content":"","ast-featured-img":"","footer-sml-layout":"","ast-disable-related-posts":"","theme-transparent-header-meta":"disabled","adv-header-id-meta":"","stick-header-meta":"","header-above-stick-meta":"","header-main-stick-meta":"","header-below-stick-meta":"","astra-migrate-meta-layouts":"set","ast-page-background-enabled":"default","ast-page-background-meta":{"desktop":{"background-color":"var(--ast-global-color-4)","background-image":"","background-repeat":"repeat","background-position":"center center","background-size":"auto","background-attachment":"scroll","background-type":"","background-media":"","overlay-type":"","overlay-color":"","overlay-opacity":"","overlay-gradient":""},"tablet":{"background-color":"","background-image":"","background-repeat":"repeat","background-position":"center center","background-size":"auto","background-attachment":"scroll","background-type":"","background-media":"","overlay-type":"","overlay-color":"","overlay-opacity":"","overlay-gradient":""},"mobile":{"background-color":"","background-image":"","background-repeat":"repeat","background-position":"center center","background-size":"auto","background-attachment":"scroll","background-type":"","background-media":"","overlay-type":"","overlay-color":"","overlay-opacity":"","overlay-gradient":""}},"ast-content-background-meta":{"desktop":{"background-color":"var(--ast-global-color-5)","background-image":"","background-repeat":"repeat","background-position":"center center","background-size":"auto","background-attachment":"scroll","background-type":"","background-media":"","overlay-type":"","overlay-color":"","overlay-opacity":"","overlay-gradient":""},"tablet":{"background-color":"var(--ast-global-color-5)","background-image":"","background-repeat":"repeat","background-position":"center center","background-size":"auto","background-attachment":"scroll","background-type":"","background-media":"","overlay-type":"","overlay-color":"","overlay-opacity":"","overlay-gradient":""},"mobile":{"background-color":"var(--ast-global-color-5)","background-image":"","background-repeat":"repeat","background-position":"center center","background-size":"auto","background-attachment":"scroll","background-type":"","background-media":"","overlay-type":"","overlay-color":"","overlay-opacity":"","overlay-gradient":""}},"footnotes":""},"categories":[1895],"tags":[334,1033,1137,1157],"servicio-asociado":[],"class_list":["post-36553","post","type-post","status-publish","format-standard","has-post-thumbnail","hentry","category-nota-propia-comunicat","tag-alba-rodenas-borras","tag-collegi-de-ladvocacia-de-barcelona-icab","tag-dret-internacional-privat","tag-iv-congres-de-ladvocacia-de-barcelona"],"acf":[],"yoast_head":"<!-- This site is optimized with the Yoast SEO plugin v27.4 - https:\/\/yoast.com\/product\/yoast-seo-wordpress\/ -->\n<title>Informaci\u00f3n sobre la modificaci\u00f3n de la Ley catalana del Impuesto sobre Sucesiones y Donaciones|Informaci\u00f3n sobre la modificaci\u00f3n de la Ley catalana del Impuesto sobre Sucesiones y Donaciones<\/title>\n<meta name=\"description\" content=\"La modificaci\u00f3n de la Ley catalana del Impuesto sobre Sucesiones y Donaciones obliga a reevaluar las planificaciones fiscales de la sucesi\u00f3n familiar y empresarial.|La modificaci\u00f3n de la Ley catalana del Impuesto sobre Sucesiones y Donaciones obliga a reevaluar las planificaciones fiscales de la sucesi\u00f3n familiar y empresarial.\" \/>\n<meta name=\"robots\" content=\"index, follow, max-snippet:-1, max-image-preview:large, max-video-preview:-1\" \/>\n<link rel=\"canonical\" href=\"https:\/\/augustaabogados.com\/ca\/augusta-abogados-va-participar-en-el-iv-congres-de-ladvocacia-de-barcelona-presentant-les-eines-per-a-protegir-el-patrimoni-en-dret-internacional-privat\/\" \/>\n<meta property=\"og:locale\" content=\"ca_ES\" \/>\n<meta property=\"og:type\" content=\"article\" \/>\n<meta property=\"og:title\" content=\"Informaci\u00f3n sobre la modificaci\u00f3n de la Ley catalana del Impuesto sobre Sucesiones y Donaciones|Informaci\u00f3n sobre la modificaci\u00f3n de la Ley catalana del Impuesto sobre Sucesiones y Donaciones\" \/>\n<meta property=\"og:description\" content=\"La modificaci\u00f3n de la Ley catalana del Impuesto sobre Sucesiones y Donaciones obliga a reevaluar las planificaciones fiscales de la sucesi\u00f3n familiar y empresarial.|La modificaci\u00f3n de la Ley catalana del Impuesto sobre Sucesiones y Donaciones obliga a reevaluar las planificaciones fiscales de la sucesi\u00f3n familiar y empresarial.\" \/>\n<meta property=\"og:url\" content=\"https:\/\/augustaabogados.com\/ca\/augusta-abogados-va-participar-en-el-iv-congres-de-ladvocacia-de-barcelona-presentant-les-eines-per-a-protegir-el-patrimoni-en-dret-internacional-privat\/\" \/>\n<meta property=\"og:site_name\" content=\"Augusta Abogados\" \/>\n<meta property=\"article:published_time\" content=\"2019-07-17T00:00:00+00:00\" \/>\n<meta property=\"article:modified_time\" content=\"2024-02-06T11:07:28+00:00\" \/>\n<meta property=\"og:image\" content=\"https:\/\/augustaabogados.com\/wp-content\/uploads\/2024\/02\/actualidad-actualitat-news-augusta-abogados-1018.jpg\" \/>\n\t<meta property=\"og:image:width\" content=\"800\" \/>\n\t<meta property=\"og:image:height\" content=\"418\" \/>\n\t<meta property=\"og:image:type\" content=\"image\/jpeg\" \/>\n<meta name=\"author\" content=\"Augusta Abogados\" \/>\n<meta name=\"twitter:card\" content=\"summary_large_image\" \/>\n<meta name=\"twitter:label1\" content=\"Escrit per\" \/>\n\t<meta name=\"twitter:data1\" content=\"Augusta Abogados\" \/>\n\t<meta name=\"twitter:label2\" content=\"Temps estimat de lectura\" \/>\n\t<meta name=\"twitter:data2\" content=\"3 minuts\" \/>\n<script type=\"application\/ld+json\" class=\"yoast-schema-graph\">{\"@context\":\"https:\\\/\\\/schema.org\",\"@graph\":[{\"@type\":\"Article\",\"@id\":\"https:\\\/\\\/augustaabogados.com\\\/ca\\\/augusta-abogados-va-participar-en-el-iv-congres-de-ladvocacia-de-barcelona-presentant-les-eines-per-a-protegir-el-patrimoni-en-dret-internacional-privat\\\/#article\",\"isPartOf\":{\"@id\":\"https:\\\/\\\/augustaabogados.com\\\/ca\\\/augusta-abogados-va-participar-en-el-iv-congres-de-ladvocacia-de-barcelona-presentant-les-eines-per-a-protegir-el-patrimoni-en-dret-internacional-privat\\\/\"},\"author\":{\"name\":\"Augusta Abogados\",\"@id\":\"https:\\\/\\\/augustaabogados.com\\\/#\\\/schema\\\/person\\\/8c5e230eb6ed47cdd14ee188eb04a753\"},\"headline\":\"AUGUSTA ABOGADOS va participar en el IV Congr\u00e9s de l\u0092Advocacia de Barcelona presentant les \u0093Eines per a Protegir el Patrimoni en Dret Internacional Privat\u0094\",\"datePublished\":\"2019-07-17T00:00:00+00:00\",\"dateModified\":\"2024-02-06T11:07:28+00:00\",\"mainEntityOfPage\":{\"@id\":\"https:\\\/\\\/augustaabogados.com\\\/ca\\\/augusta-abogados-va-participar-en-el-iv-congres-de-ladvocacia-de-barcelona-presentant-les-eines-per-a-protegir-el-patrimoni-en-dret-internacional-privat\\\/\"},\"wordCount\":330,\"publisher\":{\"@id\":\"https:\\\/\\\/augustaabogados.com\\\/#organization\"},\"image\":{\"@id\":\"https:\\\/\\\/augustaabogados.com\\\/ca\\\/augusta-abogados-va-participar-en-el-iv-congres-de-ladvocacia-de-barcelona-presentant-les-eines-per-a-protegir-el-patrimoni-en-dret-internacional-privat\\\/#primaryimage\"},\"thumbnailUrl\":\"https:\\\/\\\/augustaabogados.com\\\/wp-content\\\/uploads\\\/2024\\\/02\\\/actualidad-actualitat-news-augusta-abogados-1018.jpg\",\"keywords\":[\"Alba R\u00f3denas Borr\u00e1s\",\"Col\u00b7legi de l\u0092Advocacia de Barcelona (ICAB)\",\"Dret Internacional Privat\",\"IV Congr\u00e9s de l\u0092Advocacia de Barcelona\"],\"articleSection\":[\"NOTA DE PREMSA\"],\"inLanguage\":\"ca\"},{\"@type\":[\"WebPage\",\"ItemPage\"],\"@id\":\"https:\\\/\\\/augustaabogados.com\\\/ca\\\/augusta-abogados-va-participar-en-el-iv-congres-de-ladvocacia-de-barcelona-presentant-les-eines-per-a-protegir-el-patrimoni-en-dret-internacional-privat\\\/\",\"url\":\"https:\\\/\\\/augustaabogados.com\\\/ca\\\/augusta-abogados-va-participar-en-el-iv-congres-de-ladvocacia-de-barcelona-presentant-les-eines-per-a-protegir-el-patrimoni-en-dret-internacional-privat\\\/\",\"name\":\"Informaci\u00f3n sobre la modificaci\u00f3n de la Ley catalana del Impuesto sobre Sucesiones y Donaciones|Informaci\u00f3n sobre la modificaci\u00f3n de la Ley catalana del Impuesto sobre Sucesiones y Donaciones\",\"isPartOf\":{\"@id\":\"https:\\\/\\\/augustaabogados.com\\\/#website\"},\"primaryImageOfPage\":{\"@id\":\"https:\\\/\\\/augustaabogados.com\\\/ca\\\/augusta-abogados-va-participar-en-el-iv-congres-de-ladvocacia-de-barcelona-presentant-les-eines-per-a-protegir-el-patrimoni-en-dret-internacional-privat\\\/#primaryimage\"},\"image\":{\"@id\":\"https:\\\/\\\/augustaabogados.com\\\/ca\\\/augusta-abogados-va-participar-en-el-iv-congres-de-ladvocacia-de-barcelona-presentant-les-eines-per-a-protegir-el-patrimoni-en-dret-internacional-privat\\\/#primaryimage\"},\"thumbnailUrl\":\"https:\\\/\\\/augustaabogados.com\\\/wp-content\\\/uploads\\\/2024\\\/02\\\/actualidad-actualitat-news-augusta-abogados-1018.jpg\",\"datePublished\":\"2019-07-17T00:00:00+00:00\",\"dateModified\":\"2024-02-06T11:07:28+00:00\",\"description\":\"La modificaci\u00f3n de la Ley catalana del Impuesto sobre Sucesiones y Donaciones obliga a reevaluar las planificaciones fiscales de la sucesi\u00f3n familiar y empresarial.|La modificaci\u00f3n de la Ley catalana del Impuesto sobre Sucesiones y Donaciones obliga a reevaluar las planificaciones fiscales de la sucesi\u00f3n familiar y empresarial.\",\"breadcrumb\":{\"@id\":\"https:\\\/\\\/augustaabogados.com\\\/ca\\\/augusta-abogados-va-participar-en-el-iv-congres-de-ladvocacia-de-barcelona-presentant-les-eines-per-a-protegir-el-patrimoni-en-dret-internacional-privat\\\/#breadcrumb\"},\"inLanguage\":\"ca\",\"potentialAction\":[{\"@type\":\"ReadAction\",\"target\":[\"https:\\\/\\\/augustaabogados.com\\\/ca\\\/augusta-abogados-va-participar-en-el-iv-congres-de-ladvocacia-de-barcelona-presentant-les-eines-per-a-protegir-el-patrimoni-en-dret-internacional-privat\\\/\"]}]},{\"@type\":\"ImageObject\",\"inLanguage\":\"ca\",\"@id\":\"https:\\\/\\\/augustaabogados.com\\\/ca\\\/augusta-abogados-va-participar-en-el-iv-congres-de-ladvocacia-de-barcelona-presentant-les-eines-per-a-protegir-el-patrimoni-en-dret-internacional-privat\\\/#primaryimage\",\"url\":\"https:\\\/\\\/augustaabogados.com\\\/wp-content\\\/uploads\\\/2024\\\/02\\\/actualidad-actualitat-news-augusta-abogados-1018.jpg\",\"contentUrl\":\"https:\\\/\\\/augustaabogados.com\\\/wp-content\\\/uploads\\\/2024\\\/02\\\/actualidad-actualitat-news-augusta-abogados-1018.jpg\",\"width\":800,\"height\":418},{\"@type\":\"BreadcrumbList\",\"@id\":\"https:\\\/\\\/augustaabogados.com\\\/ca\\\/augusta-abogados-va-participar-en-el-iv-congres-de-ladvocacia-de-barcelona-presentant-les-eines-per-a-protegir-el-patrimoni-en-dret-internacional-privat\\\/#breadcrumb\",\"itemListElement\":[{\"@type\":\"ListItem\",\"position\":1,\"name\":\"Portada\",\"item\":\"https:\\\/\\\/augustaabogados.com\\\/ca\\\/\"},{\"@type\":\"ListItem\",\"position\":2,\"name\":\"AUGUSTA ABOGADOS va participar en el IV Congr\u00e9s de l\u0092Advocacia de Barcelona presentant les \u0093Eines per a Protegir el Patrimoni en Dret Internacional Privat\u0094\"}]},{\"@type\":\"WebSite\",\"@id\":\"https:\\\/\\\/augustaabogados.com\\\/#website\",\"url\":\"https:\\\/\\\/augustaabogados.com\\\/\",\"name\":\"Augusta Abogados\",\"description\":\"\",\"publisher\":{\"@id\":\"https:\\\/\\\/augustaabogados.com\\\/#organization\"},\"potentialAction\":[{\"@type\":\"SearchAction\",\"target\":{\"@type\":\"EntryPoint\",\"urlTemplate\":\"https:\\\/\\\/augustaabogados.com\\\/?s={search_term_string}\"},\"query-input\":{\"@type\":\"PropertyValueSpecification\",\"valueRequired\":true,\"valueName\":\"search_term_string\"}}],\"inLanguage\":\"ca\"},{\"@type\":\"Organization\",\"@id\":\"https:\\\/\\\/augustaabogados.com\\\/#organization\",\"name\":\"Augusta Abogados\",\"url\":\"https:\\\/\\\/augustaabogados.com\\\/\",\"logo\":{\"@type\":\"ImageObject\",\"inLanguage\":\"ca\",\"@id\":\"https:\\\/\\\/augustaabogados.com\\\/#\\\/schema\\\/logo\\\/image\\\/\",\"url\":\"https:\\\/\\\/augustaabogados.com\\\/wp-content\\\/uploads\\\/2023\\\/11\\\/LOGO-AUGUSTA.svg\",\"contentUrl\":\"https:\\\/\\\/augustaabogados.com\\\/wp-content\\\/uploads\\\/2023\\\/11\\\/LOGO-AUGUSTA.svg\",\"caption\":\"Augusta Abogados\"},\"image\":{\"@id\":\"https:\\\/\\\/augustaabogados.com\\\/#\\\/schema\\\/logo\\\/image\\\/\"}},{\"@type\":\"Person\",\"@id\":\"https:\\\/\\\/augustaabogados.com\\\/#\\\/schema\\\/person\\\/8c5e230eb6ed47cdd14ee188eb04a753\",\"name\":\"Augusta Abogados\",\"image\":{\"@type\":\"ImageObject\",\"inLanguage\":\"ca\",\"@id\":\"https:\\\/\\\/secure.gravatar.com\\\/avatar\\\/09e6ceb5fccff542915602bda752518fa959b0df2d103d929aefa74c2909a4bc?s=96&d=mm&r=g\",\"url\":\"https:\\\/\\\/secure.gravatar.com\\\/avatar\\\/09e6ceb5fccff542915602bda752518fa959b0df2d103d929aefa74c2909a4bc?s=96&d=mm&r=g\",\"contentUrl\":\"https:\\\/\\\/secure.gravatar.com\\\/avatar\\\/09e6ceb5fccff542915602bda752518fa959b0df2d103d929aefa74c2909a4bc?s=96&d=mm&r=g\",\"caption\":\"Augusta Abogados\"}}]}<\/script>\n<!-- \/ Yoast SEO plugin. -->","yoast_head_json":{"title":"Informaci\u00f3n sobre la modificaci\u00f3n de la Ley catalana del Impuesto sobre Sucesiones y Donaciones|Informaci\u00f3n sobre la modificaci\u00f3n de la Ley catalana del Impuesto sobre Sucesiones y Donaciones","description":"La modificaci\u00f3n de la Ley catalana del Impuesto sobre Sucesiones y Donaciones obliga a reevaluar las planificaciones fiscales de la sucesi\u00f3n familiar y empresarial.|La modificaci\u00f3n de la Ley catalana del Impuesto sobre Sucesiones y Donaciones obliga a reevaluar las planificaciones fiscales de la sucesi\u00f3n familiar y empresarial.","robots":{"index":"index","follow":"follow","max-snippet":"max-snippet:-1","max-image-preview":"max-image-preview:large","max-video-preview":"max-video-preview:-1"},"canonical":"https:\/\/augustaabogados.com\/ca\/augusta-abogados-va-participar-en-el-iv-congres-de-ladvocacia-de-barcelona-presentant-les-eines-per-a-protegir-el-patrimoni-en-dret-internacional-privat\/","og_locale":"ca_ES","og_type":"article","og_title":"Informaci\u00f3n sobre la modificaci\u00f3n de la Ley catalana del Impuesto sobre Sucesiones y Donaciones|Informaci\u00f3n sobre la modificaci\u00f3n de la Ley catalana del Impuesto sobre Sucesiones y Donaciones","og_description":"La modificaci\u00f3n de la Ley catalana del Impuesto sobre Sucesiones y Donaciones obliga a reevaluar las planificaciones fiscales de la sucesi\u00f3n familiar y empresarial.|La modificaci\u00f3n de la Ley catalana del Impuesto sobre Sucesiones y Donaciones obliga a reevaluar las planificaciones fiscales de la sucesi\u00f3n familiar y empresarial.","og_url":"https:\/\/augustaabogados.com\/ca\/augusta-abogados-va-participar-en-el-iv-congres-de-ladvocacia-de-barcelona-presentant-les-eines-per-a-protegir-el-patrimoni-en-dret-internacional-privat\/","og_site_name":"Augusta Abogados","article_published_time":"2019-07-17T00:00:00+00:00","article_modified_time":"2024-02-06T11:07:28+00:00","og_image":[{"width":800,"height":418,"url":"https:\/\/augustaabogados.com\/wp-content\/uploads\/2024\/02\/actualidad-actualitat-news-augusta-abogados-1018.jpg","type":"image\/jpeg"}],"author":"Augusta Abogados","twitter_card":"summary_large_image","twitter_misc":{"Escrit per":"Augusta Abogados","Temps estimat de lectura":"3 minuts"},"schema":{"@context":"https:\/\/schema.org","@graph":[{"@type":"Article","@id":"https:\/\/augustaabogados.com\/ca\/augusta-abogados-va-participar-en-el-iv-congres-de-ladvocacia-de-barcelona-presentant-les-eines-per-a-protegir-el-patrimoni-en-dret-internacional-privat\/#article","isPartOf":{"@id":"https:\/\/augustaabogados.com\/ca\/augusta-abogados-va-participar-en-el-iv-congres-de-ladvocacia-de-barcelona-presentant-les-eines-per-a-protegir-el-patrimoni-en-dret-internacional-privat\/"},"author":{"name":"Augusta Abogados","@id":"https:\/\/augustaabogados.com\/#\/schema\/person\/8c5e230eb6ed47cdd14ee188eb04a753"},"headline":"AUGUSTA ABOGADOS va participar en el IV Congr\u00e9s de l\u0092Advocacia de Barcelona presentant les \u0093Eines per a Protegir el Patrimoni en Dret Internacional Privat\u0094","datePublished":"2019-07-17T00:00:00+00:00","dateModified":"2024-02-06T11:07:28+00:00","mainEntityOfPage":{"@id":"https:\/\/augustaabogados.com\/ca\/augusta-abogados-va-participar-en-el-iv-congres-de-ladvocacia-de-barcelona-presentant-les-eines-per-a-protegir-el-patrimoni-en-dret-internacional-privat\/"},"wordCount":330,"publisher":{"@id":"https:\/\/augustaabogados.com\/#organization"},"image":{"@id":"https:\/\/augustaabogados.com\/ca\/augusta-abogados-va-participar-en-el-iv-congres-de-ladvocacia-de-barcelona-presentant-les-eines-per-a-protegir-el-patrimoni-en-dret-internacional-privat\/#primaryimage"},"thumbnailUrl":"https:\/\/augustaabogados.com\/wp-content\/uploads\/2024\/02\/actualidad-actualitat-news-augusta-abogados-1018.jpg","keywords":["Alba R\u00f3denas Borr\u00e1s","Col\u00b7legi de l\u0092Advocacia de Barcelona (ICAB)","Dret Internacional Privat","IV Congr\u00e9s de l\u0092Advocacia de Barcelona"],"articleSection":["NOTA DE PREMSA"],"inLanguage":"ca"},{"@type":["WebPage","ItemPage"],"@id":"https:\/\/augustaabogados.com\/ca\/augusta-abogados-va-participar-en-el-iv-congres-de-ladvocacia-de-barcelona-presentant-les-eines-per-a-protegir-el-patrimoni-en-dret-internacional-privat\/","url":"https:\/\/augustaabogados.com\/ca\/augusta-abogados-va-participar-en-el-iv-congres-de-ladvocacia-de-barcelona-presentant-les-eines-per-a-protegir-el-patrimoni-en-dret-internacional-privat\/","name":"Informaci\u00f3n sobre la modificaci\u00f3n de la Ley catalana del Impuesto sobre Sucesiones y Donaciones|Informaci\u00f3n sobre la modificaci\u00f3n de la Ley catalana del Impuesto sobre Sucesiones y Donaciones","isPartOf":{"@id":"https:\/\/augustaabogados.com\/#website"},"primaryImageOfPage":{"@id":"https:\/\/augustaabogados.com\/ca\/augusta-abogados-va-participar-en-el-iv-congres-de-ladvocacia-de-barcelona-presentant-les-eines-per-a-protegir-el-patrimoni-en-dret-internacional-privat\/#primaryimage"},"image":{"@id":"https:\/\/augustaabogados.com\/ca\/augusta-abogados-va-participar-en-el-iv-congres-de-ladvocacia-de-barcelona-presentant-les-eines-per-a-protegir-el-patrimoni-en-dret-internacional-privat\/#primaryimage"},"thumbnailUrl":"https:\/\/augustaabogados.com\/wp-content\/uploads\/2024\/02\/actualidad-actualitat-news-augusta-abogados-1018.jpg","datePublished":"2019-07-17T00:00:00+00:00","dateModified":"2024-02-06T11:07:28+00:00","description":"La modificaci\u00f3n de la Ley catalana del Impuesto sobre Sucesiones y Donaciones obliga a reevaluar las planificaciones fiscales de la sucesi\u00f3n familiar y empresarial.|La modificaci\u00f3n de la Ley catalana del Impuesto sobre Sucesiones y Donaciones obliga a reevaluar las planificaciones fiscales de la sucesi\u00f3n familiar y empresarial.","breadcrumb":{"@id":"https:\/\/augustaabogados.com\/ca\/augusta-abogados-va-participar-en-el-iv-congres-de-ladvocacia-de-barcelona-presentant-les-eines-per-a-protegir-el-patrimoni-en-dret-internacional-privat\/#breadcrumb"},"inLanguage":"ca","potentialAction":[{"@type":"ReadAction","target":["https:\/\/augustaabogados.com\/ca\/augusta-abogados-va-participar-en-el-iv-congres-de-ladvocacia-de-barcelona-presentant-les-eines-per-a-protegir-el-patrimoni-en-dret-internacional-privat\/"]}]},{"@type":"ImageObject","inLanguage":"ca","@id":"https:\/\/augustaabogados.com\/ca\/augusta-abogados-va-participar-en-el-iv-congres-de-ladvocacia-de-barcelona-presentant-les-eines-per-a-protegir-el-patrimoni-en-dret-internacional-privat\/#primaryimage","url":"https:\/\/augustaabogados.com\/wp-content\/uploads\/2024\/02\/actualidad-actualitat-news-augusta-abogados-1018.jpg","contentUrl":"https:\/\/augustaabogados.com\/wp-content\/uploads\/2024\/02\/actualidad-actualitat-news-augusta-abogados-1018.jpg","width":800,"height":418},{"@type":"BreadcrumbList","@id":"https:\/\/augustaabogados.com\/ca\/augusta-abogados-va-participar-en-el-iv-congres-de-ladvocacia-de-barcelona-presentant-les-eines-per-a-protegir-el-patrimoni-en-dret-internacional-privat\/#breadcrumb","itemListElement":[{"@type":"ListItem","position":1,"name":"Portada","item":"https:\/\/augustaabogados.com\/ca\/"},{"@type":"ListItem","position":2,"name":"AUGUSTA ABOGADOS va participar en el IV Congr\u00e9s de l\u0092Advocacia de Barcelona presentant les \u0093Eines per a Protegir el Patrimoni en Dret Internacional Privat\u0094"}]},{"@type":"WebSite","@id":"https:\/\/augustaabogados.com\/#website","url":"https:\/\/augustaabogados.com\/","name":"Augusta Abogados","description":"","publisher":{"@id":"https:\/\/augustaabogados.com\/#organization"},"potentialAction":[{"@type":"SearchAction","target":{"@type":"EntryPoint","urlTemplate":"https:\/\/augustaabogados.com\/?s={search_term_string}"},"query-input":{"@type":"PropertyValueSpecification","valueRequired":true,"valueName":"search_term_string"}}],"inLanguage":"ca"},{"@type":"Organization","@id":"https:\/\/augustaabogados.com\/#organization","name":"Augusta Abogados","url":"https:\/\/augustaabogados.com\/","logo":{"@type":"ImageObject","inLanguage":"ca","@id":"https:\/\/augustaabogados.com\/#\/schema\/logo\/image\/","url":"https:\/\/augustaabogados.com\/wp-content\/uploads\/2023\/11\/LOGO-AUGUSTA.svg","contentUrl":"https:\/\/augustaabogados.com\/wp-content\/uploads\/2023\/11\/LOGO-AUGUSTA.svg","caption":"Augusta Abogados"},"image":{"@id":"https:\/\/augustaabogados.com\/#\/schema\/logo\/image\/"}},{"@type":"Person","@id":"https:\/\/augustaabogados.com\/#\/schema\/person\/8c5e230eb6ed47cdd14ee188eb04a753","name":"Augusta Abogados","image":{"@type":"ImageObject","inLanguage":"ca","@id":"https:\/\/secure.gravatar.com\/avatar\/09e6ceb5fccff542915602bda752518fa959b0df2d103d929aefa74c2909a4bc?s=96&d=mm&r=g","url":"https:\/\/secure.gravatar.com\/avatar\/09e6ceb5fccff542915602bda752518fa959b0df2d103d929aefa74c2909a4bc?s=96&d=mm&r=g","contentUrl":"https:\/\/secure.gravatar.com\/avatar\/09e6ceb5fccff542915602bda752518fa959b0df2d103d929aefa74c2909a4bc?s=96&d=mm&r=g","caption":"Augusta Abogados"}}]}},"_links":{"self":[{"href":"https:\/\/augustaabogados.com\/ca\/wp-json\/wp\/v2\/posts\/36553","targetHints":{"allow":["GET"]}}],"collection":[{"href":"https:\/\/augustaabogados.com\/ca\/wp-json\/wp\/v2\/posts"}],"about":[{"href":"https:\/\/augustaabogados.com\/ca\/wp-json\/wp\/v2\/types\/post"}],"author":[{"embeddable":true,"href":"https:\/\/augustaabogados.com\/ca\/wp-json\/wp\/v2\/users\/8"}],"replies":[{"embeddable":true,"href":"https:\/\/augustaabogados.com\/ca\/wp-json\/wp\/v2\/comments?post=36553"}],"version-history":[{"count":1,"href":"https:\/\/augustaabogados.com\/ca\/wp-json\/wp\/v2\/posts\/36553\/revisions"}],"predecessor-version":[{"id":36557,"href":"https:\/\/augustaabogados.com\/ca\/wp-json\/wp\/v2\/posts\/36553\/revisions\/36557"}],"wp:featuredmedia":[{"embeddable":true,"href":"https:\/\/augustaabogados.com\/ca\/wp-json\/wp\/v2\/media\/34339"}],"wp:attachment":[{"href":"https:\/\/augustaabogados.com\/ca\/wp-json\/wp\/v2\/media?parent=36553"}],"wp:term":[{"taxonomy":"category","embeddable":true,"href":"https:\/\/augustaabogados.com\/ca\/wp-json\/wp\/v2\/categories?post=36553"},{"taxonomy":"post_tag","embeddable":true,"href":"https:\/\/augustaabogados.com\/ca\/wp-json\/wp\/v2\/tags?post=36553"},{"taxonomy":"servicio-asociado","embeddable":true,"href":"https:\/\/augustaabogados.com\/ca\/wp-json\/wp\/v2\/servicio-asociado?post=36553"}],"curies":[{"name":"wp","href":"https:\/\/api.w.org\/{rel}","templated":true}]}}