{"id":36593,"date":"2019-09-05T00:00:00","date_gmt":"2019-09-05T00:00:00","guid":{"rendered":"https:\/\/augustaabogados.com\/13a-edicio-alta-aviation-law-americas-2019-a-quito-lecuador\/"},"modified":"2024-02-06T11:07:19","modified_gmt":"2024-02-06T11:07:19","slug":"13a-edicio-alta-aviation-law-americas-2019-a-quito-lecuador","status":"publish","type":"post","link":"https:\/\/augustaabogados.com\/ca\/13a-edicio-alta-aviation-law-americas-2019-a-quito-lecuador\/","title":{"rendered":"13a Edici\u00f3 ALTA (Aviation Law Americas) 2019 a Quito, l&#8217;Ecuador"},"content":{"rendered":"<p>Aquest any es concentren una vegada m\u00e9s nombrosos professionals del sector aeri juntament amb prestigioses signatures d&#8217;advocats per a celebrar la reuni\u00f3 legal m\u00e9s important de la ind\u00fastria d&#8217;aviaci\u00f3 a Llatinoam\u00e8rica: <a href=\"http:\/\/www.altaaviationlaw.com\/events\/alta-aviation-law-americas-2019\/custom-19-24d32bc2cac1431db330289d3fbb8837.aspx?lang=en\">ALTA Aviation Law Americas 2019<\/a>, que aquest any t\u00e9 lloc a Quito, l&#8217;Equador.<\/p>\n<p>Els nostres socis, <a href=\"http:\/\/jordim52.sg-host.com\/ca\/equip\/socis\/sergi-gimenez-binder\/\">Sergi Gim\u00e9nez<\/a> i <a href=\"http:\/\/jordim52.sg-host.com\/ca\/equip\/socis\/jaime-fernandez-cortes\/\">Jaime Fern\u00e1ndez<\/a>, participaran com a ponents en sengles panells que se celebraran el proper 6 de setembre. Jaime ha estat convidat com panelista en un debat relatiu a la \u0093<strong>Tecnologia de la Informaci\u00f3 al servei de les \u00e0rees legals<\/strong>\u0094, q\u00fcesti\u00f3 en la qual el nostre despatx es troba a la cap\u00e7alera, comptant fins i tot amb certificaci\u00f3 ISO. Els ponents abordaran aspectes tals com les eines inform\u00e0tiques per a la gesti\u00f3 de reclamacions massives i l&#8217;obtenci\u00f3 de certificacions ISO.<\/p>\n<p>Per part seva, Sergi aportar\u00e0 una visi\u00f3 europea en el panell sobre \u0093<strong>Protecci\u00f3 de Dades Personals<\/strong>\u0094, q\u00fcesti\u00f3 que des de fa temps ve preocupant la ind\u00fastria aeron\u00e0utica. En la seva pon\u00e8ncia abastaran diversos aspectes com la proliferaci\u00f3 normativa a Llatinoam\u00e8rica, les difer\u00e8ncies entre els plantejaments de diversos pa\u00efsos del continent americ\u00e0, pol\u00edtiques contractuals, pol\u00edtiques de privacitat, risc de robatori de dades, aix\u00ed com potencials responsabilitats.<\/p>\n","protected":false},"excerpt":{"rendered":"<p>Augusta Abogados assisteix un any m\u00e9s a la 13a Edici\u00f3 de l\u0092Alta Aviation Law Americas 2019. Sergi Gim\u00e9nez i Jaime Fern\u00e1ndez, socis del despatx, participaran com a ponents en sengles sessions.<\/p>\n","protected":false},"author":8,"featured_media":36594,"comment_status":"closed","ping_status":"open","sticky":false,"template":"","format":"standard","meta":{"content-type":"","site-sidebar-layout":"no-sidebar","site-content-layout":"page-builder","ast-site-content-layout":"default","site-content-style":"default","site-sidebar-style":"default","ast-global-header-display":"","ast-banner-title-visibility":"","ast-main-header-display":"","ast-hfb-above-header-display":"","ast-hfb-below-header-display":"","ast-hfb-mobile-header-display":"","site-post-title":"","ast-breadcrumbs-content":"","ast-featured-img":"","footer-sml-layout":"","ast-disable-related-posts":"","theme-transparent-header-meta":"disabled","adv-header-id-meta":"","stick-header-meta":"","header-above-stick-meta":"","header-main-stick-meta":"","header-below-stick-meta":"","astra-migrate-meta-layouts":"set","ast-page-background-enabled":"default","ast-page-background-meta":{"desktop":{"background-color":"var(--ast-global-color-4)","background-image":"","background-repeat":"repeat","background-position":"center center","background-size":"auto","background-attachment":"scroll","background-type":"","background-media":"","overlay-type":"","overlay-color":"","overlay-opacity":"","overlay-gradient":""},"tablet":{"background-color":"","background-image":"","background-repeat":"repeat","background-position":"center center","background-size":"auto","background-attachment":"scroll","background-type":"","background-media":"","overlay-type":"","overlay-color":"","overlay-opacity":"","overlay-gradient":""},"mobile":{"background-color":"","background-image":"","background-repeat":"repeat","background-position":"center center","background-size":"auto","background-attachment":"scroll","background-type":"","background-media":"","overlay-type":"","overlay-color":"","overlay-opacity":"","overlay-gradient":""}},"ast-content-background-meta":{"desktop":{"background-color":"var(--ast-global-color-5)","background-image":"","background-repeat":"repeat","background-position":"center center","background-size":"auto","background-attachment":"scroll","background-type":"","background-media":"","overlay-type":"","overlay-color":"","overlay-opacity":"","overlay-gradient":""},"tablet":{"background-color":"var(--ast-global-color-5)","background-image":"","background-repeat":"repeat","background-position":"center center","background-size":"auto","background-attachment":"scroll","background-type":"","background-media":"","overlay-type":"","overlay-color":"","overlay-opacity":"","overlay-gradient":""},"mobile":{"background-color":"var(--ast-global-color-5)","background-image":"","background-repeat":"repeat","background-position":"center center","background-size":"auto","background-attachment":"scroll","background-type":"","background-media":"","overlay-type":"","overlay-color":"","overlay-opacity":"","overlay-gradient":""}},"footnotes":""},"categories":[],"tags":[1909,485,1148],"servicio-asociado":[],"class_list":["post-36593","post","type-post","status-publish","format-standard","has-post-thumbnail","hentry","tag-alta-ca","tag-altaaviationlaw","tag-dret"],"acf":[],"yoast_head":"<!-- This site is optimized with the Yoast SEO plugin v27.4 - https:\/\/yoast.com\/product\/yoast-seo-wordpress\/ -->\n<title>Informaci\u00f3n sobre la modificaci\u00f3n de la Ley catalana del Impuesto sobre Sucesiones y Donaciones|Informaci\u00f3n sobre la modificaci\u00f3n de la Ley catalana del Impuesto sobre Sucesiones y Donaciones<\/title>\n<meta name=\"description\" content=\"La modificaci\u00f3n de la Ley catalana del Impuesto sobre Sucesiones y Donaciones obliga a reevaluar las planificaciones fiscales de la sucesi\u00f3n familiar y empresarial.|La modificaci\u00f3n de la Ley catalana del Impuesto sobre Sucesiones y Donaciones obliga a reevaluar las planificaciones fiscales de la sucesi\u00f3n familiar y empresarial.\" \/>\n<meta name=\"robots\" content=\"index, follow, max-snippet:-1, max-image-preview:large, max-video-preview:-1\" \/>\n<link rel=\"canonical\" href=\"https:\/\/augustaabogados.com\/ca\/13a-edicio-alta-aviation-law-americas-2019-a-quito-lecuador\/\" \/>\n<meta property=\"og:locale\" content=\"ca_ES\" \/>\n<meta property=\"og:type\" content=\"article\" \/>\n<meta property=\"og:title\" content=\"Informaci\u00f3n sobre la modificaci\u00f3n de la Ley catalana del Impuesto sobre Sucesiones y Donaciones|Informaci\u00f3n sobre la modificaci\u00f3n de la Ley catalana del Impuesto sobre Sucesiones y Donaciones\" \/>\n<meta property=\"og:description\" content=\"La modificaci\u00f3n de la Ley catalana del Impuesto sobre Sucesiones y Donaciones obliga a reevaluar las planificaciones fiscales de la sucesi\u00f3n familiar y empresarial.|La modificaci\u00f3n de la Ley catalana del Impuesto sobre Sucesiones y Donaciones obliga a reevaluar las planificaciones fiscales de la sucesi\u00f3n familiar y empresarial.\" \/>\n<meta property=\"og:url\" content=\"https:\/\/augustaabogados.com\/ca\/13a-edicio-alta-aviation-law-americas-2019-a-quito-lecuador\/\" \/>\n<meta property=\"og:site_name\" content=\"Augusta Abogados\" \/>\n<meta property=\"article:published_time\" content=\"2019-09-05T00:00:00+00:00\" \/>\n<meta property=\"article:modified_time\" content=\"2024-02-06T11:07:19+00:00\" \/>\n<meta property=\"og:image\" content=\"https:\/\/augustaabogados.com\/wp-content\/uploads\/2024\/02\/augusta-abogados-reunion-ALTA-aviation-law-2019-QUITO-9.jpg\" \/>\n\t<meta property=\"og:image:width\" content=\"800\" \/>\n\t<meta property=\"og:image:height\" content=\"418\" \/>\n\t<meta property=\"og:image:type\" content=\"image\/jpeg\" \/>\n<meta name=\"author\" content=\"Augusta Abogados\" \/>\n<meta name=\"twitter:card\" content=\"summary_large_image\" \/>\n<meta name=\"twitter:label1\" content=\"Escrit per\" \/>\n\t<meta name=\"twitter:data1\" content=\"Augusta Abogados\" \/>\n\t<meta name=\"twitter:label2\" content=\"Temps estimat de lectura\" \/>\n\t<meta name=\"twitter:data2\" content=\"3 minuts\" \/>\n<script type=\"application\/ld+json\" class=\"yoast-schema-graph\">{\"@context\":\"https:\\\/\\\/schema.org\",\"@graph\":[{\"@type\":\"Article\",\"@id\":\"https:\\\/\\\/augustaabogados.com\\\/ca\\\/13a-edicio-alta-aviation-law-americas-2019-a-quito-lecuador\\\/#article\",\"isPartOf\":{\"@id\":\"https:\\\/\\\/augustaabogados.com\\\/ca\\\/13a-edicio-alta-aviation-law-americas-2019-a-quito-lecuador\\\/\"},\"author\":{\"name\":\"Augusta Abogados\",\"@id\":\"https:\\\/\\\/augustaabogados.com\\\/#\\\/schema\\\/person\\\/8c5e230eb6ed47cdd14ee188eb04a753\"},\"headline\":\"13a Edici\u00f3 ALTA (Aviation Law Americas) 2019 a Quito, l&#8217;Ecuador\",\"datePublished\":\"2019-09-05T00:00:00+00:00\",\"dateModified\":\"2024-02-06T11:07:19+00:00\",\"mainEntityOfPage\":{\"@id\":\"https:\\\/\\\/augustaabogados.com\\\/ca\\\/13a-edicio-alta-aviation-law-americas-2019-a-quito-lecuador\\\/\"},\"wordCount\":224,\"publisher\":{\"@id\":\"https:\\\/\\\/augustaabogados.com\\\/#organization\"},\"image\":{\"@id\":\"https:\\\/\\\/augustaabogados.com\\\/ca\\\/13a-edicio-alta-aviation-law-americas-2019-a-quito-lecuador\\\/#primaryimage\"},\"thumbnailUrl\":\"https:\\\/\\\/augustaabogados.com\\\/wp-content\\\/uploads\\\/2024\\\/02\\\/augusta-abogados-reunion-ALTA-aviation-law-2019-QUITO-9.jpg\",\"keywords\":[\"ALTA\",\"ALTAAviationLaw\",\"Dret\"],\"inLanguage\":\"ca\"},{\"@type\":[\"WebPage\",\"ItemPage\"],\"@id\":\"https:\\\/\\\/augustaabogados.com\\\/ca\\\/13a-edicio-alta-aviation-law-americas-2019-a-quito-lecuador\\\/\",\"url\":\"https:\\\/\\\/augustaabogados.com\\\/ca\\\/13a-edicio-alta-aviation-law-americas-2019-a-quito-lecuador\\\/\",\"name\":\"Informaci\u00f3n sobre la modificaci\u00f3n de la Ley catalana del Impuesto sobre Sucesiones y Donaciones|Informaci\u00f3n sobre la modificaci\u00f3n de la Ley catalana del Impuesto sobre Sucesiones y Donaciones\",\"isPartOf\":{\"@id\":\"https:\\\/\\\/augustaabogados.com\\\/#website\"},\"primaryImageOfPage\":{\"@id\":\"https:\\\/\\\/augustaabogados.com\\\/ca\\\/13a-edicio-alta-aviation-law-americas-2019-a-quito-lecuador\\\/#primaryimage\"},\"image\":{\"@id\":\"https:\\\/\\\/augustaabogados.com\\\/ca\\\/13a-edicio-alta-aviation-law-americas-2019-a-quito-lecuador\\\/#primaryimage\"},\"thumbnailUrl\":\"https:\\\/\\\/augustaabogados.com\\\/wp-content\\\/uploads\\\/2024\\\/02\\\/augusta-abogados-reunion-ALTA-aviation-law-2019-QUITO-9.jpg\",\"datePublished\":\"2019-09-05T00:00:00+00:00\",\"dateModified\":\"2024-02-06T11:07:19+00:00\",\"description\":\"La modificaci\u00f3n de la Ley catalana del Impuesto sobre Sucesiones y Donaciones obliga a reevaluar las planificaciones fiscales de la sucesi\u00f3n familiar y empresarial.|La modificaci\u00f3n de la Ley catalana del Impuesto sobre Sucesiones y Donaciones obliga a reevaluar las planificaciones fiscales de la sucesi\u00f3n familiar y empresarial.\",\"breadcrumb\":{\"@id\":\"https:\\\/\\\/augustaabogados.com\\\/ca\\\/13a-edicio-alta-aviation-law-americas-2019-a-quito-lecuador\\\/#breadcrumb\"},\"inLanguage\":\"ca\",\"potentialAction\":[{\"@type\":\"ReadAction\",\"target\":[\"https:\\\/\\\/augustaabogados.com\\\/ca\\\/13a-edicio-alta-aviation-law-americas-2019-a-quito-lecuador\\\/\"]}]},{\"@type\":\"ImageObject\",\"inLanguage\":\"ca\",\"@id\":\"https:\\\/\\\/augustaabogados.com\\\/ca\\\/13a-edicio-alta-aviation-law-americas-2019-a-quito-lecuador\\\/#primaryimage\",\"url\":\"https:\\\/\\\/augustaabogados.com\\\/wp-content\\\/uploads\\\/2024\\\/02\\\/augusta-abogados-reunion-ALTA-aviation-law-2019-QUITO-9.jpg\",\"contentUrl\":\"https:\\\/\\\/augustaabogados.com\\\/wp-content\\\/uploads\\\/2024\\\/02\\\/augusta-abogados-reunion-ALTA-aviation-law-2019-QUITO-9.jpg\",\"width\":800,\"height\":418},{\"@type\":\"BreadcrumbList\",\"@id\":\"https:\\\/\\\/augustaabogados.com\\\/ca\\\/13a-edicio-alta-aviation-law-americas-2019-a-quito-lecuador\\\/#breadcrumb\",\"itemListElement\":[{\"@type\":\"ListItem\",\"position\":1,\"name\":\"Portada\",\"item\":\"https:\\\/\\\/augustaabogados.com\\\/ca\\\/\"},{\"@type\":\"ListItem\",\"position\":2,\"name\":\"13a Edici\u00f3 ALTA (Aviation Law Americas) 2019 a Quito, l&#8217;Ecuador\"}]},{\"@type\":\"WebSite\",\"@id\":\"https:\\\/\\\/augustaabogados.com\\\/#website\",\"url\":\"https:\\\/\\\/augustaabogados.com\\\/\",\"name\":\"Augusta Abogados\",\"description\":\"\",\"publisher\":{\"@id\":\"https:\\\/\\\/augustaabogados.com\\\/#organization\"},\"potentialAction\":[{\"@type\":\"SearchAction\",\"target\":{\"@type\":\"EntryPoint\",\"urlTemplate\":\"https:\\\/\\\/augustaabogados.com\\\/?s={search_term_string}\"},\"query-input\":{\"@type\":\"PropertyValueSpecification\",\"valueRequired\":true,\"valueName\":\"search_term_string\"}}],\"inLanguage\":\"ca\"},{\"@type\":\"Organization\",\"@id\":\"https:\\\/\\\/augustaabogados.com\\\/#organization\",\"name\":\"Augusta Abogados\",\"url\":\"https:\\\/\\\/augustaabogados.com\\\/\",\"logo\":{\"@type\":\"ImageObject\",\"inLanguage\":\"ca\",\"@id\":\"https:\\\/\\\/augustaabogados.com\\\/#\\\/schema\\\/logo\\\/image\\\/\",\"url\":\"https:\\\/\\\/augustaabogados.com\\\/wp-content\\\/uploads\\\/2023\\\/11\\\/LOGO-AUGUSTA.svg\",\"contentUrl\":\"https:\\\/\\\/augustaabogados.com\\\/wp-content\\\/uploads\\\/2023\\\/11\\\/LOGO-AUGUSTA.svg\",\"caption\":\"Augusta Abogados\"},\"image\":{\"@id\":\"https:\\\/\\\/augustaabogados.com\\\/#\\\/schema\\\/logo\\\/image\\\/\"}},{\"@type\":\"Person\",\"@id\":\"https:\\\/\\\/augustaabogados.com\\\/#\\\/schema\\\/person\\\/8c5e230eb6ed47cdd14ee188eb04a753\",\"name\":\"Augusta Abogados\",\"image\":{\"@type\":\"ImageObject\",\"inLanguage\":\"ca\",\"@id\":\"https:\\\/\\\/secure.gravatar.com\\\/avatar\\\/09e6ceb5fccff542915602bda752518fa959b0df2d103d929aefa74c2909a4bc?s=96&d=mm&r=g\",\"url\":\"https:\\\/\\\/secure.gravatar.com\\\/avatar\\\/09e6ceb5fccff542915602bda752518fa959b0df2d103d929aefa74c2909a4bc?s=96&d=mm&r=g\",\"contentUrl\":\"https:\\\/\\\/secure.gravatar.com\\\/avatar\\\/09e6ceb5fccff542915602bda752518fa959b0df2d103d929aefa74c2909a4bc?s=96&d=mm&r=g\",\"caption\":\"Augusta Abogados\"}}]}<\/script>\n<!-- \/ Yoast SEO plugin. -->","yoast_head_json":{"title":"Informaci\u00f3n sobre la modificaci\u00f3n de la Ley catalana del Impuesto sobre Sucesiones y Donaciones|Informaci\u00f3n sobre la modificaci\u00f3n de la Ley catalana del Impuesto sobre Sucesiones y Donaciones","description":"La modificaci\u00f3n de la Ley catalana del Impuesto sobre Sucesiones y Donaciones obliga a reevaluar las planificaciones fiscales de la sucesi\u00f3n familiar y empresarial.|La modificaci\u00f3n de la Ley catalana del Impuesto sobre Sucesiones y Donaciones obliga a reevaluar las planificaciones fiscales de la sucesi\u00f3n familiar y empresarial.","robots":{"index":"index","follow":"follow","max-snippet":"max-snippet:-1","max-image-preview":"max-image-preview:large","max-video-preview":"max-video-preview:-1"},"canonical":"https:\/\/augustaabogados.com\/ca\/13a-edicio-alta-aviation-law-americas-2019-a-quito-lecuador\/","og_locale":"ca_ES","og_type":"article","og_title":"Informaci\u00f3n sobre la modificaci\u00f3n de la Ley catalana del Impuesto sobre Sucesiones y Donaciones|Informaci\u00f3n sobre la modificaci\u00f3n de la Ley catalana del Impuesto sobre Sucesiones y Donaciones","og_description":"La modificaci\u00f3n de la Ley catalana del Impuesto sobre Sucesiones y Donaciones obliga a reevaluar las planificaciones fiscales de la sucesi\u00f3n familiar y empresarial.|La modificaci\u00f3n de la Ley catalana del Impuesto sobre Sucesiones y Donaciones obliga a reevaluar las planificaciones fiscales de la sucesi\u00f3n familiar y empresarial.","og_url":"https:\/\/augustaabogados.com\/ca\/13a-edicio-alta-aviation-law-americas-2019-a-quito-lecuador\/","og_site_name":"Augusta Abogados","article_published_time":"2019-09-05T00:00:00+00:00","article_modified_time":"2024-02-06T11:07:19+00:00","og_image":[{"width":800,"height":418,"url":"https:\/\/augustaabogados.com\/wp-content\/uploads\/2024\/02\/augusta-abogados-reunion-ALTA-aviation-law-2019-QUITO-9.jpg","type":"image\/jpeg"}],"author":"Augusta Abogados","twitter_card":"summary_large_image","twitter_misc":{"Escrit per":"Augusta Abogados","Temps estimat de lectura":"3 minuts"},"schema":{"@context":"https:\/\/schema.org","@graph":[{"@type":"Article","@id":"https:\/\/augustaabogados.com\/ca\/13a-edicio-alta-aviation-law-americas-2019-a-quito-lecuador\/#article","isPartOf":{"@id":"https:\/\/augustaabogados.com\/ca\/13a-edicio-alta-aviation-law-americas-2019-a-quito-lecuador\/"},"author":{"name":"Augusta Abogados","@id":"https:\/\/augustaabogados.com\/#\/schema\/person\/8c5e230eb6ed47cdd14ee188eb04a753"},"headline":"13a Edici\u00f3 ALTA (Aviation Law Americas) 2019 a Quito, l&#8217;Ecuador","datePublished":"2019-09-05T00:00:00+00:00","dateModified":"2024-02-06T11:07:19+00:00","mainEntityOfPage":{"@id":"https:\/\/augustaabogados.com\/ca\/13a-edicio-alta-aviation-law-americas-2019-a-quito-lecuador\/"},"wordCount":224,"publisher":{"@id":"https:\/\/augustaabogados.com\/#organization"},"image":{"@id":"https:\/\/augustaabogados.com\/ca\/13a-edicio-alta-aviation-law-americas-2019-a-quito-lecuador\/#primaryimage"},"thumbnailUrl":"https:\/\/augustaabogados.com\/wp-content\/uploads\/2024\/02\/augusta-abogados-reunion-ALTA-aviation-law-2019-QUITO-9.jpg","keywords":["ALTA","ALTAAviationLaw","Dret"],"inLanguage":"ca"},{"@type":["WebPage","ItemPage"],"@id":"https:\/\/augustaabogados.com\/ca\/13a-edicio-alta-aviation-law-americas-2019-a-quito-lecuador\/","url":"https:\/\/augustaabogados.com\/ca\/13a-edicio-alta-aviation-law-americas-2019-a-quito-lecuador\/","name":"Informaci\u00f3n sobre la modificaci\u00f3n de la Ley catalana del Impuesto sobre Sucesiones y Donaciones|Informaci\u00f3n sobre la modificaci\u00f3n de la Ley catalana del Impuesto sobre Sucesiones y Donaciones","isPartOf":{"@id":"https:\/\/augustaabogados.com\/#website"},"primaryImageOfPage":{"@id":"https:\/\/augustaabogados.com\/ca\/13a-edicio-alta-aviation-law-americas-2019-a-quito-lecuador\/#primaryimage"},"image":{"@id":"https:\/\/augustaabogados.com\/ca\/13a-edicio-alta-aviation-law-americas-2019-a-quito-lecuador\/#primaryimage"},"thumbnailUrl":"https:\/\/augustaabogados.com\/wp-content\/uploads\/2024\/02\/augusta-abogados-reunion-ALTA-aviation-law-2019-QUITO-9.jpg","datePublished":"2019-09-05T00:00:00+00:00","dateModified":"2024-02-06T11:07:19+00:00","description":"La modificaci\u00f3n de la Ley catalana del Impuesto sobre Sucesiones y Donaciones obliga a reevaluar las planificaciones fiscales de la sucesi\u00f3n familiar y empresarial.|La modificaci\u00f3n de la Ley catalana del Impuesto sobre Sucesiones y Donaciones obliga a reevaluar las planificaciones fiscales de la sucesi\u00f3n familiar y empresarial.","breadcrumb":{"@id":"https:\/\/augustaabogados.com\/ca\/13a-edicio-alta-aviation-law-americas-2019-a-quito-lecuador\/#breadcrumb"},"inLanguage":"ca","potentialAction":[{"@type":"ReadAction","target":["https:\/\/augustaabogados.com\/ca\/13a-edicio-alta-aviation-law-americas-2019-a-quito-lecuador\/"]}]},{"@type":"ImageObject","inLanguage":"ca","@id":"https:\/\/augustaabogados.com\/ca\/13a-edicio-alta-aviation-law-americas-2019-a-quito-lecuador\/#primaryimage","url":"https:\/\/augustaabogados.com\/wp-content\/uploads\/2024\/02\/augusta-abogados-reunion-ALTA-aviation-law-2019-QUITO-9.jpg","contentUrl":"https:\/\/augustaabogados.com\/wp-content\/uploads\/2024\/02\/augusta-abogados-reunion-ALTA-aviation-law-2019-QUITO-9.jpg","width":800,"height":418},{"@type":"BreadcrumbList","@id":"https:\/\/augustaabogados.com\/ca\/13a-edicio-alta-aviation-law-americas-2019-a-quito-lecuador\/#breadcrumb","itemListElement":[{"@type":"ListItem","position":1,"name":"Portada","item":"https:\/\/augustaabogados.com\/ca\/"},{"@type":"ListItem","position":2,"name":"13a Edici\u00f3 ALTA (Aviation Law Americas) 2019 a Quito, l&#8217;Ecuador"}]},{"@type":"WebSite","@id":"https:\/\/augustaabogados.com\/#website","url":"https:\/\/augustaabogados.com\/","name":"Augusta Abogados","description":"","publisher":{"@id":"https:\/\/augustaabogados.com\/#organization"},"potentialAction":[{"@type":"SearchAction","target":{"@type":"EntryPoint","urlTemplate":"https:\/\/augustaabogados.com\/?s={search_term_string}"},"query-input":{"@type":"PropertyValueSpecification","valueRequired":true,"valueName":"search_term_string"}}],"inLanguage":"ca"},{"@type":"Organization","@id":"https:\/\/augustaabogados.com\/#organization","name":"Augusta Abogados","url":"https:\/\/augustaabogados.com\/","logo":{"@type":"ImageObject","inLanguage":"ca","@id":"https:\/\/augustaabogados.com\/#\/schema\/logo\/image\/","url":"https:\/\/augustaabogados.com\/wp-content\/uploads\/2023\/11\/LOGO-AUGUSTA.svg","contentUrl":"https:\/\/augustaabogados.com\/wp-content\/uploads\/2023\/11\/LOGO-AUGUSTA.svg","caption":"Augusta Abogados"},"image":{"@id":"https:\/\/augustaabogados.com\/#\/schema\/logo\/image\/"}},{"@type":"Person","@id":"https:\/\/augustaabogados.com\/#\/schema\/person\/8c5e230eb6ed47cdd14ee188eb04a753","name":"Augusta Abogados","image":{"@type":"ImageObject","inLanguage":"ca","@id":"https:\/\/secure.gravatar.com\/avatar\/09e6ceb5fccff542915602bda752518fa959b0df2d103d929aefa74c2909a4bc?s=96&d=mm&r=g","url":"https:\/\/secure.gravatar.com\/avatar\/09e6ceb5fccff542915602bda752518fa959b0df2d103d929aefa74c2909a4bc?s=96&d=mm&r=g","contentUrl":"https:\/\/secure.gravatar.com\/avatar\/09e6ceb5fccff542915602bda752518fa959b0df2d103d929aefa74c2909a4bc?s=96&d=mm&r=g","caption":"Augusta Abogados"}}]}},"_links":{"self":[{"href":"https:\/\/augustaabogados.com\/ca\/wp-json\/wp\/v2\/posts\/36593","targetHints":{"allow":["GET"]}}],"collection":[{"href":"https:\/\/augustaabogados.com\/ca\/wp-json\/wp\/v2\/posts"}],"about":[{"href":"https:\/\/augustaabogados.com\/ca\/wp-json\/wp\/v2\/types\/post"}],"author":[{"embeddable":true,"href":"https:\/\/augustaabogados.com\/ca\/wp-json\/wp\/v2\/users\/8"}],"replies":[{"embeddable":true,"href":"https:\/\/augustaabogados.com\/ca\/wp-json\/wp\/v2\/comments?post=36593"}],"version-history":[{"count":1,"href":"https:\/\/augustaabogados.com\/ca\/wp-json\/wp\/v2\/posts\/36593\/revisions"}],"predecessor-version":[{"id":40804,"href":"https:\/\/augustaabogados.com\/ca\/wp-json\/wp\/v2\/posts\/36593\/revisions\/40804"}],"wp:featuredmedia":[{"embeddable":true,"href":"https:\/\/augustaabogados.com\/ca\/wp-json\/wp\/v2\/media\/36594"}],"wp:attachment":[{"href":"https:\/\/augustaabogados.com\/ca\/wp-json\/wp\/v2\/media?parent=36593"}],"wp:term":[{"taxonomy":"category","embeddable":true,"href":"https:\/\/augustaabogados.com\/ca\/wp-json\/wp\/v2\/categories?post=36593"},{"taxonomy":"post_tag","embeddable":true,"href":"https:\/\/augustaabogados.com\/ca\/wp-json\/wp\/v2\/tags?post=36593"},{"taxonomy":"servicio-asociado","embeddable":true,"href":"https:\/\/augustaabogados.com\/ca\/wp-json\/wp\/v2\/servicio-asociado?post=36593"}],"curies":[{"name":"wp","href":"https:\/\/api.w.org\/{rel}","templated":true}]}}