{"id":36624,"date":"2019-10-04T00:00:00","date_gmt":"2019-10-04T00:00:00","guid":{"rendered":"https:\/\/augustaabogados.com\/carlos-valls-professor-del-modul-de-vendes-internacionals-a-la-havana-organitzat-per-la-iba-la-onbc-y-la-ilac\/"},"modified":"2024-02-06T11:07:14","modified_gmt":"2024-02-06T11:07:14","slug":"carlos-valls-professor-del-modul-de-vendes-internacionals-a-la-havana-organitzat-per-la-iba-la-onbc-y-la-ilac","status":"publish","type":"post","link":"https:\/\/augustaabogados.com\/ca\/carlos-valls-professor-del-modul-de-vendes-internacionals-a-la-havana-organitzat-per-la-iba-la-onbc-y-la-ilac\/","title":{"rendered":"Carlos Valls, professor del M\u00f2dul de Vendes Internacionals a La Havana organitzat per la IBA, la ONBC y la ILAC"},"content":{"rendered":"<p><a href=\"http:\/\/jordim52.sg-host.com\/ca\/equip\/socis\/carlos-valls-martinez\/\">Carlos Valls<\/a> va assistir per quart any com a professor del M\u00f2dul de Vendes Internacionals del Curs para advocats cubans organitzat conjuntament per la <a href=\"https:\/\/www.ibanet.org\/\" target=\"_blank\" rel=\"noopener noreferrer\"><strong>IBA<\/strong><\/a> i la <strong><a href=\"http:\/\/www.onbc.cu\/\" target=\"_blank\" rel=\"noopener noreferrer\">Organizaci\u00f3n Nacional de Bufetes Colectivos de Cuba<\/a><\/strong>, celebrat a la Casa de l&#8217;Advocat (a Boyeros, prov\u00edncia de La Havana). En particular, Carlos va explicar l&#8217;esfor\u00e7 harmonitzador internacional, amb especial esment als principis UNIDROIT, i a la Convenci\u00f3 de Viena de 1980 de les Nacions Unides sobre Compravenda Contractual de Mercaderies, i una reflexi\u00f3 sobre la lex mercatoria, aix\u00ed com als Contractes Internacionals de distribuci\u00f3 i ag\u00e8ncia.<\/p>\n<p><img decoding=\"async\" src=\"https:\/\/augustaabogados.com\/wp-content\/uploads\/2024\/02\/profesorado-ventas-internacionales-la-habana-18.jpg\" alt=\"Amb ocasi\u00f3 del curs de la IBA dirigit a advocats cubans, Carlos Valls, amb Horacio L\u00f3pez-Portillo (M\u00e8xic) i Javier Canosa (Argentina), van participar com a professors del m\u00f2dul de tres dies sobre compravendes internacionals i comer\u00e7 exterior.\" width=\"100%\" \/><\/p>\n<p>En el M\u00f2dul tamb\u00e9 es va tractar del Contracte de Compravenda Internacional i el seu finan\u00e7ament, els INCOTERMS, amb especial an\u00e0lisi de la Convenci\u00f3 de Viena de 1980, i es va fer tamb\u00e9 refer\u00e8ncia al comer\u00e7 electr\u00f2nic i les noves formes de contractaci\u00f3 basades en el blockchain i els smart contracts, degut a la seva transcend\u00e8ncia en la contractaci\u00f3 internacional. Durant el M\u00f2dul tamb\u00e9 va haver-hi ocasi\u00f3 de comentar l&#8217;estructura i funcionament de l&#8217;OMC, els seus sistemes de resoluci\u00f3 de conflictes i la situaci\u00f3 actual.<\/p>\n<p>El Curs complet ha estat finan\u00e7at per l\u0092organitzaci\u00f3 sueca International Legal Assistance Consortium (ILAC). Cal destacar la alta capacitaci\u00f3 t\u00e8cnica i el nivell de participaci\u00f3 dels professionals cubans que van assistir al M\u00f2dul.<\/p>\n","protected":false},"excerpt":{"rendered":"<p>Amb ocasi\u00f3 del curs de la IBA dirigit a advocats cubans, Carlos Valls, amb Horacio L\u00f3pez-Portillo (M\u00e8xic) i Javier Canosa (Argentina), van participar com a professors del m\u00f2dul de tres dies sobre compravendes internacionals i comer\u00e7 exterior.<\/p>\n","protected":false},"author":8,"featured_media":34414,"comment_status":"closed","ping_status":"open","sticky":false,"template":"","format":"standard","meta":{"content-type":"","site-sidebar-layout":"no-sidebar","site-content-layout":"page-builder","ast-site-content-layout":"default","site-content-style":"default","site-sidebar-style":"default","ast-global-header-display":"","ast-banner-title-visibility":"","ast-main-header-display":"","ast-hfb-above-header-display":"","ast-hfb-below-header-display":"","ast-hfb-mobile-header-display":"","site-post-title":"","ast-breadcrumbs-content":"","ast-featured-img":"","footer-sml-layout":"","ast-disable-related-posts":"","theme-transparent-header-meta":"disabled","adv-header-id-meta":"","stick-header-meta":"","header-above-stick-meta":"","header-main-stick-meta":"","header-below-stick-meta":"","astra-migrate-meta-layouts":"set","ast-page-background-enabled":"default","ast-page-background-meta":{"desktop":{"background-color":"var(--ast-global-color-4)","background-image":"","background-repeat":"repeat","background-position":"center center","background-size":"auto","background-attachment":"scroll","background-type":"","background-media":"","overlay-type":"","overlay-color":"","overlay-opacity":"","overlay-gradient":""},"tablet":{"background-color":"","background-image":"","background-repeat":"repeat","background-position":"center center","background-size":"auto","background-attachment":"scroll","background-type":"","background-media":"","overlay-type":"","overlay-color":"","overlay-opacity":"","overlay-gradient":""},"mobile":{"background-color":"","background-image":"","background-repeat":"repeat","background-position":"center center","background-size":"auto","background-attachment":"scroll","background-type":"","background-media":"","overlay-type":"","overlay-color":"","overlay-opacity":"","overlay-gradient":""}},"ast-content-background-meta":{"desktop":{"background-color":"var(--ast-global-color-5)","background-image":"","background-repeat":"repeat","background-position":"center center","background-size":"auto","background-attachment":"scroll","background-type":"","background-media":"","overlay-type":"","overlay-color":"","overlay-opacity":"","overlay-gradient":""},"tablet":{"background-color":"var(--ast-global-color-5)","background-image":"","background-repeat":"repeat","background-position":"center center","background-size":"auto","background-attachment":"scroll","background-type":"","background-media":"","overlay-type":"","overlay-color":"","overlay-opacity":"","overlay-gradient":""},"mobile":{"background-color":"var(--ast-global-color-5)","background-image":"","background-repeat":"repeat","background-position":"center center","background-size":"auto","background-attachment":"scroll","background-type":"","background-media":"","overlay-type":"","overlay-color":"","overlay-opacity":"","overlay-gradient":""}},"footnotes":""},"categories":[],"tags":[1170,493,1172,1171,495,1173],"servicio-asociado":[],"class_list":["post-36624","post","type-post","status-publish","format-standard","has-post-thumbnail","hentry","tag-compravendainternacional","tag-compraventainternacional","tag-contractedagencia","tag-contractededistribucio","tag-contratodedistribucion","tag-principisunidroit"],"acf":[],"yoast_head":"<!-- This site is optimized with the Yoast SEO plugin v27.4 - https:\/\/yoast.com\/product\/yoast-seo-wordpress\/ -->\n<title>Informaci\u00f3n sobre la modificaci\u00f3n de la Ley catalana del Impuesto sobre Sucesiones y Donaciones|Informaci\u00f3n sobre la modificaci\u00f3n de la Ley catalana del Impuesto sobre Sucesiones y Donaciones<\/title>\n<meta name=\"description\" content=\"La modificaci\u00f3n de la Ley catalana del Impuesto sobre Sucesiones y Donaciones obliga a reevaluar las planificaciones fiscales de la sucesi\u00f3n familiar y empresarial.|La modificaci\u00f3n de la Ley catalana del Impuesto sobre Sucesiones y Donaciones obliga a reevaluar las planificaciones fiscales de la sucesi\u00f3n familiar y empresarial.\" \/>\n<meta name=\"robots\" content=\"index, follow, max-snippet:-1, max-image-preview:large, max-video-preview:-1\" \/>\n<link rel=\"canonical\" href=\"https:\/\/augustaabogados.com\/ca\/carlos-valls-professor-del-modul-de-vendes-internacionals-a-la-havana-organitzat-per-la-iba-la-onbc-y-la-ilac\/\" \/>\n<meta property=\"og:locale\" content=\"ca_ES\" \/>\n<meta property=\"og:type\" content=\"article\" \/>\n<meta property=\"og:title\" content=\"Informaci\u00f3n sobre la modificaci\u00f3n de la Ley catalana del Impuesto sobre Sucesiones y Donaciones|Informaci\u00f3n sobre la modificaci\u00f3n de la Ley catalana del Impuesto sobre Sucesiones y Donaciones\" \/>\n<meta property=\"og:description\" content=\"La modificaci\u00f3n de la Ley catalana del Impuesto sobre Sucesiones y Donaciones obliga a reevaluar las planificaciones fiscales de la sucesi\u00f3n familiar y empresarial.|La modificaci\u00f3n de la Ley catalana del Impuesto sobre Sucesiones y Donaciones obliga a reevaluar las planificaciones fiscales de la sucesi\u00f3n familiar y empresarial.\" \/>\n<meta property=\"og:url\" content=\"https:\/\/augustaabogados.com\/ca\/carlos-valls-professor-del-modul-de-vendes-internacionals-a-la-havana-organitzat-per-la-iba-la-onbc-y-la-ilac\/\" \/>\n<meta property=\"og:site_name\" content=\"Augusta Abogados\" \/>\n<meta property=\"article:published_time\" content=\"2019-10-04T00:00:00+00:00\" \/>\n<meta property=\"article:modified_time\" content=\"2024-02-06T11:07:14+00:00\" \/>\n<meta property=\"og:image\" content=\"https:\/\/augustaabogados.com\/wp-content\/uploads\/2024\/02\/ventas-interenacionales-la-habana-8.jpg\" \/>\n\t<meta property=\"og:image:width\" content=\"800\" \/>\n\t<meta property=\"og:image:height\" content=\"418\" \/>\n\t<meta property=\"og:image:type\" content=\"image\/jpeg\" \/>\n<meta name=\"author\" content=\"Augusta Abogados\" \/>\n<meta name=\"twitter:card\" content=\"summary_large_image\" \/>\n<meta name=\"twitter:label1\" content=\"Escrit per\" \/>\n\t<meta name=\"twitter:data1\" content=\"Augusta Abogados\" \/>\n\t<meta name=\"twitter:label2\" content=\"Temps estimat de lectura\" \/>\n\t<meta name=\"twitter:data2\" content=\"3 minuts\" \/>\n<script type=\"application\/ld+json\" class=\"yoast-schema-graph\">{\"@context\":\"https:\\\/\\\/schema.org\",\"@graph\":[{\"@type\":\"Article\",\"@id\":\"https:\\\/\\\/augustaabogados.com\\\/ca\\\/carlos-valls-professor-del-modul-de-vendes-internacionals-a-la-havana-organitzat-per-la-iba-la-onbc-y-la-ilac\\\/#article\",\"isPartOf\":{\"@id\":\"https:\\\/\\\/augustaabogados.com\\\/ca\\\/carlos-valls-professor-del-modul-de-vendes-internacionals-a-la-havana-organitzat-per-la-iba-la-onbc-y-la-ilac\\\/\"},\"author\":{\"name\":\"Augusta Abogados\",\"@id\":\"https:\\\/\\\/augustaabogados.com\\\/#\\\/schema\\\/person\\\/8c5e230eb6ed47cdd14ee188eb04a753\"},\"headline\":\"Carlos Valls, professor del M\u00f2dul de Vendes Internacionals a La Havana organitzat per la IBA, la ONBC y la ILAC\",\"datePublished\":\"2019-10-04T00:00:00+00:00\",\"dateModified\":\"2024-02-06T11:07:14+00:00\",\"mainEntityOfPage\":{\"@id\":\"https:\\\/\\\/augustaabogados.com\\\/ca\\\/carlos-valls-professor-del-modul-de-vendes-internacionals-a-la-havana-organitzat-per-la-iba-la-onbc-y-la-ilac\\\/\"},\"wordCount\":249,\"publisher\":{\"@id\":\"https:\\\/\\\/augustaabogados.com\\\/#organization\"},\"image\":{\"@id\":\"https:\\\/\\\/augustaabogados.com\\\/ca\\\/carlos-valls-professor-del-modul-de-vendes-internacionals-a-la-havana-organitzat-per-la-iba-la-onbc-y-la-ilac\\\/#primaryimage\"},\"thumbnailUrl\":\"https:\\\/\\\/augustaabogados.com\\\/wp-content\\\/uploads\\\/2024\\\/02\\\/ventas-interenacionales-la-habana-8.jpg\",\"keywords\":[\"compravendainternacional\",\"compraventainternacional\",\"contracted\u0092ag\u00e8ncia\",\"contractededistribuci\u00f3\",\"contratodedistribuci\u00f3n\",\"principisUNIDROIT\"],\"inLanguage\":\"ca\"},{\"@type\":[\"WebPage\",\"ItemPage\"],\"@id\":\"https:\\\/\\\/augustaabogados.com\\\/ca\\\/carlos-valls-professor-del-modul-de-vendes-internacionals-a-la-havana-organitzat-per-la-iba-la-onbc-y-la-ilac\\\/\",\"url\":\"https:\\\/\\\/augustaabogados.com\\\/ca\\\/carlos-valls-professor-del-modul-de-vendes-internacionals-a-la-havana-organitzat-per-la-iba-la-onbc-y-la-ilac\\\/\",\"name\":\"Informaci\u00f3n sobre la modificaci\u00f3n de la Ley catalana del Impuesto sobre Sucesiones y Donaciones|Informaci\u00f3n sobre la modificaci\u00f3n de la Ley catalana del Impuesto sobre Sucesiones y Donaciones\",\"isPartOf\":{\"@id\":\"https:\\\/\\\/augustaabogados.com\\\/#website\"},\"primaryImageOfPage\":{\"@id\":\"https:\\\/\\\/augustaabogados.com\\\/ca\\\/carlos-valls-professor-del-modul-de-vendes-internacionals-a-la-havana-organitzat-per-la-iba-la-onbc-y-la-ilac\\\/#primaryimage\"},\"image\":{\"@id\":\"https:\\\/\\\/augustaabogados.com\\\/ca\\\/carlos-valls-professor-del-modul-de-vendes-internacionals-a-la-havana-organitzat-per-la-iba-la-onbc-y-la-ilac\\\/#primaryimage\"},\"thumbnailUrl\":\"https:\\\/\\\/augustaabogados.com\\\/wp-content\\\/uploads\\\/2024\\\/02\\\/ventas-interenacionales-la-habana-8.jpg\",\"datePublished\":\"2019-10-04T00:00:00+00:00\",\"dateModified\":\"2024-02-06T11:07:14+00:00\",\"description\":\"La modificaci\u00f3n de la Ley catalana del Impuesto sobre Sucesiones y Donaciones obliga a reevaluar las planificaciones fiscales de la sucesi\u00f3n familiar y empresarial.|La modificaci\u00f3n de la Ley catalana del Impuesto sobre Sucesiones y Donaciones obliga a reevaluar las planificaciones fiscales de la sucesi\u00f3n familiar y empresarial.\",\"breadcrumb\":{\"@id\":\"https:\\\/\\\/augustaabogados.com\\\/ca\\\/carlos-valls-professor-del-modul-de-vendes-internacionals-a-la-havana-organitzat-per-la-iba-la-onbc-y-la-ilac\\\/#breadcrumb\"},\"inLanguage\":\"ca\",\"potentialAction\":[{\"@type\":\"ReadAction\",\"target\":[\"https:\\\/\\\/augustaabogados.com\\\/ca\\\/carlos-valls-professor-del-modul-de-vendes-internacionals-a-la-havana-organitzat-per-la-iba-la-onbc-y-la-ilac\\\/\"]}]},{\"@type\":\"ImageObject\",\"inLanguage\":\"ca\",\"@id\":\"https:\\\/\\\/augustaabogados.com\\\/ca\\\/carlos-valls-professor-del-modul-de-vendes-internacionals-a-la-havana-organitzat-per-la-iba-la-onbc-y-la-ilac\\\/#primaryimage\",\"url\":\"https:\\\/\\\/augustaabogados.com\\\/wp-content\\\/uploads\\\/2024\\\/02\\\/ventas-interenacionales-la-habana-8.jpg\",\"contentUrl\":\"https:\\\/\\\/augustaabogados.com\\\/wp-content\\\/uploads\\\/2024\\\/02\\\/ventas-interenacionales-la-habana-8.jpg\",\"width\":800,\"height\":418},{\"@type\":\"BreadcrumbList\",\"@id\":\"https:\\\/\\\/augustaabogados.com\\\/ca\\\/carlos-valls-professor-del-modul-de-vendes-internacionals-a-la-havana-organitzat-per-la-iba-la-onbc-y-la-ilac\\\/#breadcrumb\",\"itemListElement\":[{\"@type\":\"ListItem\",\"position\":1,\"name\":\"Portada\",\"item\":\"https:\\\/\\\/augustaabogados.com\\\/ca\\\/\"},{\"@type\":\"ListItem\",\"position\":2,\"name\":\"Carlos Valls, professor del M\u00f2dul de Vendes Internacionals a La Havana organitzat per la IBA, la ONBC y la ILAC\"}]},{\"@type\":\"WebSite\",\"@id\":\"https:\\\/\\\/augustaabogados.com\\\/#website\",\"url\":\"https:\\\/\\\/augustaabogados.com\\\/\",\"name\":\"Augusta Abogados\",\"description\":\"\",\"publisher\":{\"@id\":\"https:\\\/\\\/augustaabogados.com\\\/#organization\"},\"potentialAction\":[{\"@type\":\"SearchAction\",\"target\":{\"@type\":\"EntryPoint\",\"urlTemplate\":\"https:\\\/\\\/augustaabogados.com\\\/?s={search_term_string}\"},\"query-input\":{\"@type\":\"PropertyValueSpecification\",\"valueRequired\":true,\"valueName\":\"search_term_string\"}}],\"inLanguage\":\"ca\"},{\"@type\":\"Organization\",\"@id\":\"https:\\\/\\\/augustaabogados.com\\\/#organization\",\"name\":\"Augusta Abogados\",\"url\":\"https:\\\/\\\/augustaabogados.com\\\/\",\"logo\":{\"@type\":\"ImageObject\",\"inLanguage\":\"ca\",\"@id\":\"https:\\\/\\\/augustaabogados.com\\\/#\\\/schema\\\/logo\\\/image\\\/\",\"url\":\"https:\\\/\\\/augustaabogados.com\\\/wp-content\\\/uploads\\\/2023\\\/11\\\/LOGO-AUGUSTA.svg\",\"contentUrl\":\"https:\\\/\\\/augustaabogados.com\\\/wp-content\\\/uploads\\\/2023\\\/11\\\/LOGO-AUGUSTA.svg\",\"caption\":\"Augusta Abogados\"},\"image\":{\"@id\":\"https:\\\/\\\/augustaabogados.com\\\/#\\\/schema\\\/logo\\\/image\\\/\"}},{\"@type\":\"Person\",\"@id\":\"https:\\\/\\\/augustaabogados.com\\\/#\\\/schema\\\/person\\\/8c5e230eb6ed47cdd14ee188eb04a753\",\"name\":\"Augusta Abogados\",\"image\":{\"@type\":\"ImageObject\",\"inLanguage\":\"ca\",\"@id\":\"https:\\\/\\\/secure.gravatar.com\\\/avatar\\\/09e6ceb5fccff542915602bda752518fa959b0df2d103d929aefa74c2909a4bc?s=96&d=mm&r=g\",\"url\":\"https:\\\/\\\/secure.gravatar.com\\\/avatar\\\/09e6ceb5fccff542915602bda752518fa959b0df2d103d929aefa74c2909a4bc?s=96&d=mm&r=g\",\"contentUrl\":\"https:\\\/\\\/secure.gravatar.com\\\/avatar\\\/09e6ceb5fccff542915602bda752518fa959b0df2d103d929aefa74c2909a4bc?s=96&d=mm&r=g\",\"caption\":\"Augusta Abogados\"}}]}<\/script>\n<!-- \/ Yoast SEO plugin. -->","yoast_head_json":{"title":"Informaci\u00f3n sobre la modificaci\u00f3n de la Ley catalana del Impuesto sobre Sucesiones y Donaciones|Informaci\u00f3n sobre la modificaci\u00f3n de la Ley catalana del Impuesto sobre Sucesiones y Donaciones","description":"La modificaci\u00f3n de la Ley catalana del Impuesto sobre Sucesiones y Donaciones obliga a reevaluar las planificaciones fiscales de la sucesi\u00f3n familiar y empresarial.|La modificaci\u00f3n de la Ley catalana del Impuesto sobre Sucesiones y Donaciones obliga a reevaluar las planificaciones fiscales de la sucesi\u00f3n familiar y empresarial.","robots":{"index":"index","follow":"follow","max-snippet":"max-snippet:-1","max-image-preview":"max-image-preview:large","max-video-preview":"max-video-preview:-1"},"canonical":"https:\/\/augustaabogados.com\/ca\/carlos-valls-professor-del-modul-de-vendes-internacionals-a-la-havana-organitzat-per-la-iba-la-onbc-y-la-ilac\/","og_locale":"ca_ES","og_type":"article","og_title":"Informaci\u00f3n sobre la modificaci\u00f3n de la Ley catalana del Impuesto sobre Sucesiones y Donaciones|Informaci\u00f3n sobre la modificaci\u00f3n de la Ley catalana del Impuesto sobre Sucesiones y Donaciones","og_description":"La modificaci\u00f3n de la Ley catalana del Impuesto sobre Sucesiones y Donaciones obliga a reevaluar las planificaciones fiscales de la sucesi\u00f3n familiar y empresarial.|La modificaci\u00f3n de la Ley catalana del Impuesto sobre Sucesiones y Donaciones obliga a reevaluar las planificaciones fiscales de la sucesi\u00f3n familiar y empresarial.","og_url":"https:\/\/augustaabogados.com\/ca\/carlos-valls-professor-del-modul-de-vendes-internacionals-a-la-havana-organitzat-per-la-iba-la-onbc-y-la-ilac\/","og_site_name":"Augusta Abogados","article_published_time":"2019-10-04T00:00:00+00:00","article_modified_time":"2024-02-06T11:07:14+00:00","og_image":[{"width":800,"height":418,"url":"https:\/\/augustaabogados.com\/wp-content\/uploads\/2024\/02\/ventas-interenacionales-la-habana-8.jpg","type":"image\/jpeg"}],"author":"Augusta Abogados","twitter_card":"summary_large_image","twitter_misc":{"Escrit per":"Augusta Abogados","Temps estimat de lectura":"3 minuts"},"schema":{"@context":"https:\/\/schema.org","@graph":[{"@type":"Article","@id":"https:\/\/augustaabogados.com\/ca\/carlos-valls-professor-del-modul-de-vendes-internacionals-a-la-havana-organitzat-per-la-iba-la-onbc-y-la-ilac\/#article","isPartOf":{"@id":"https:\/\/augustaabogados.com\/ca\/carlos-valls-professor-del-modul-de-vendes-internacionals-a-la-havana-organitzat-per-la-iba-la-onbc-y-la-ilac\/"},"author":{"name":"Augusta Abogados","@id":"https:\/\/augustaabogados.com\/#\/schema\/person\/8c5e230eb6ed47cdd14ee188eb04a753"},"headline":"Carlos Valls, professor del M\u00f2dul de Vendes Internacionals a La Havana organitzat per la IBA, la ONBC y la ILAC","datePublished":"2019-10-04T00:00:00+00:00","dateModified":"2024-02-06T11:07:14+00:00","mainEntityOfPage":{"@id":"https:\/\/augustaabogados.com\/ca\/carlos-valls-professor-del-modul-de-vendes-internacionals-a-la-havana-organitzat-per-la-iba-la-onbc-y-la-ilac\/"},"wordCount":249,"publisher":{"@id":"https:\/\/augustaabogados.com\/#organization"},"image":{"@id":"https:\/\/augustaabogados.com\/ca\/carlos-valls-professor-del-modul-de-vendes-internacionals-a-la-havana-organitzat-per-la-iba-la-onbc-y-la-ilac\/#primaryimage"},"thumbnailUrl":"https:\/\/augustaabogados.com\/wp-content\/uploads\/2024\/02\/ventas-interenacionales-la-habana-8.jpg","keywords":["compravendainternacional","compraventainternacional","contracted\u0092ag\u00e8ncia","contractededistribuci\u00f3","contratodedistribuci\u00f3n","principisUNIDROIT"],"inLanguage":"ca"},{"@type":["WebPage","ItemPage"],"@id":"https:\/\/augustaabogados.com\/ca\/carlos-valls-professor-del-modul-de-vendes-internacionals-a-la-havana-organitzat-per-la-iba-la-onbc-y-la-ilac\/","url":"https:\/\/augustaabogados.com\/ca\/carlos-valls-professor-del-modul-de-vendes-internacionals-a-la-havana-organitzat-per-la-iba-la-onbc-y-la-ilac\/","name":"Informaci\u00f3n sobre la modificaci\u00f3n de la Ley catalana del Impuesto sobre Sucesiones y Donaciones|Informaci\u00f3n sobre la modificaci\u00f3n de la Ley catalana del Impuesto sobre Sucesiones y Donaciones","isPartOf":{"@id":"https:\/\/augustaabogados.com\/#website"},"primaryImageOfPage":{"@id":"https:\/\/augustaabogados.com\/ca\/carlos-valls-professor-del-modul-de-vendes-internacionals-a-la-havana-organitzat-per-la-iba-la-onbc-y-la-ilac\/#primaryimage"},"image":{"@id":"https:\/\/augustaabogados.com\/ca\/carlos-valls-professor-del-modul-de-vendes-internacionals-a-la-havana-organitzat-per-la-iba-la-onbc-y-la-ilac\/#primaryimage"},"thumbnailUrl":"https:\/\/augustaabogados.com\/wp-content\/uploads\/2024\/02\/ventas-interenacionales-la-habana-8.jpg","datePublished":"2019-10-04T00:00:00+00:00","dateModified":"2024-02-06T11:07:14+00:00","description":"La modificaci\u00f3n de la Ley catalana del Impuesto sobre Sucesiones y Donaciones obliga a reevaluar las planificaciones fiscales de la sucesi\u00f3n familiar y empresarial.|La modificaci\u00f3n de la Ley catalana del Impuesto sobre Sucesiones y Donaciones obliga a reevaluar las planificaciones fiscales de la sucesi\u00f3n familiar y empresarial.","breadcrumb":{"@id":"https:\/\/augustaabogados.com\/ca\/carlos-valls-professor-del-modul-de-vendes-internacionals-a-la-havana-organitzat-per-la-iba-la-onbc-y-la-ilac\/#breadcrumb"},"inLanguage":"ca","potentialAction":[{"@type":"ReadAction","target":["https:\/\/augustaabogados.com\/ca\/carlos-valls-professor-del-modul-de-vendes-internacionals-a-la-havana-organitzat-per-la-iba-la-onbc-y-la-ilac\/"]}]},{"@type":"ImageObject","inLanguage":"ca","@id":"https:\/\/augustaabogados.com\/ca\/carlos-valls-professor-del-modul-de-vendes-internacionals-a-la-havana-organitzat-per-la-iba-la-onbc-y-la-ilac\/#primaryimage","url":"https:\/\/augustaabogados.com\/wp-content\/uploads\/2024\/02\/ventas-interenacionales-la-habana-8.jpg","contentUrl":"https:\/\/augustaabogados.com\/wp-content\/uploads\/2024\/02\/ventas-interenacionales-la-habana-8.jpg","width":800,"height":418},{"@type":"BreadcrumbList","@id":"https:\/\/augustaabogados.com\/ca\/carlos-valls-professor-del-modul-de-vendes-internacionals-a-la-havana-organitzat-per-la-iba-la-onbc-y-la-ilac\/#breadcrumb","itemListElement":[{"@type":"ListItem","position":1,"name":"Portada","item":"https:\/\/augustaabogados.com\/ca\/"},{"@type":"ListItem","position":2,"name":"Carlos Valls, professor del M\u00f2dul de Vendes Internacionals a La Havana organitzat per la IBA, la ONBC y la ILAC"}]},{"@type":"WebSite","@id":"https:\/\/augustaabogados.com\/#website","url":"https:\/\/augustaabogados.com\/","name":"Augusta Abogados","description":"","publisher":{"@id":"https:\/\/augustaabogados.com\/#organization"},"potentialAction":[{"@type":"SearchAction","target":{"@type":"EntryPoint","urlTemplate":"https:\/\/augustaabogados.com\/?s={search_term_string}"},"query-input":{"@type":"PropertyValueSpecification","valueRequired":true,"valueName":"search_term_string"}}],"inLanguage":"ca"},{"@type":"Organization","@id":"https:\/\/augustaabogados.com\/#organization","name":"Augusta Abogados","url":"https:\/\/augustaabogados.com\/","logo":{"@type":"ImageObject","inLanguage":"ca","@id":"https:\/\/augustaabogados.com\/#\/schema\/logo\/image\/","url":"https:\/\/augustaabogados.com\/wp-content\/uploads\/2023\/11\/LOGO-AUGUSTA.svg","contentUrl":"https:\/\/augustaabogados.com\/wp-content\/uploads\/2023\/11\/LOGO-AUGUSTA.svg","caption":"Augusta Abogados"},"image":{"@id":"https:\/\/augustaabogados.com\/#\/schema\/logo\/image\/"}},{"@type":"Person","@id":"https:\/\/augustaabogados.com\/#\/schema\/person\/8c5e230eb6ed47cdd14ee188eb04a753","name":"Augusta Abogados","image":{"@type":"ImageObject","inLanguage":"ca","@id":"https:\/\/secure.gravatar.com\/avatar\/09e6ceb5fccff542915602bda752518fa959b0df2d103d929aefa74c2909a4bc?s=96&d=mm&r=g","url":"https:\/\/secure.gravatar.com\/avatar\/09e6ceb5fccff542915602bda752518fa959b0df2d103d929aefa74c2909a4bc?s=96&d=mm&r=g","contentUrl":"https:\/\/secure.gravatar.com\/avatar\/09e6ceb5fccff542915602bda752518fa959b0df2d103d929aefa74c2909a4bc?s=96&d=mm&r=g","caption":"Augusta Abogados"}}]}},"_links":{"self":[{"href":"https:\/\/augustaabogados.com\/ca\/wp-json\/wp\/v2\/posts\/36624","targetHints":{"allow":["GET"]}}],"collection":[{"href":"https:\/\/augustaabogados.com\/ca\/wp-json\/wp\/v2\/posts"}],"about":[{"href":"https:\/\/augustaabogados.com\/ca\/wp-json\/wp\/v2\/types\/post"}],"author":[{"embeddable":true,"href":"https:\/\/augustaabogados.com\/ca\/wp-json\/wp\/v2\/users\/8"}],"replies":[{"embeddable":true,"href":"https:\/\/augustaabogados.com\/ca\/wp-json\/wp\/v2\/comments?post=36624"}],"version-history":[{"count":1,"href":"https:\/\/augustaabogados.com\/ca\/wp-json\/wp\/v2\/posts\/36624\/revisions"}],"predecessor-version":[{"id":36628,"href":"https:\/\/augustaabogados.com\/ca\/wp-json\/wp\/v2\/posts\/36624\/revisions\/36628"}],"wp:featuredmedia":[{"embeddable":true,"href":"https:\/\/augustaabogados.com\/ca\/wp-json\/wp\/v2\/media\/34414"}],"wp:attachment":[{"href":"https:\/\/augustaabogados.com\/ca\/wp-json\/wp\/v2\/media?parent=36624"}],"wp:term":[{"taxonomy":"category","embeddable":true,"href":"https:\/\/augustaabogados.com\/ca\/wp-json\/wp\/v2\/categories?post=36624"},{"taxonomy":"post_tag","embeddable":true,"href":"https:\/\/augustaabogados.com\/ca\/wp-json\/wp\/v2\/tags?post=36624"},{"taxonomy":"servicio-asociado","embeddable":true,"href":"https:\/\/augustaabogados.com\/ca\/wp-json\/wp\/v2\/servicio-asociado?post=36624"}],"curies":[{"name":"wp","href":"https:\/\/api.w.org\/{rel}","templated":true}]}}