{"id":36635,"date":"2019-10-11T00:00:00","date_gmt":"2019-10-11T00:00:00","guid":{"rendered":"https:\/\/augustaabogados.com\/intensa-activitat-del-comite-detica-professional-de-la-iba-co-presidit-per-carlos-valls-a-la-reunio-anual-de-la-iba-a-seul\/"},"modified":"2024-02-06T11:07:11","modified_gmt":"2024-02-06T11:07:11","slug":"intensa-activitat-del-comite-detica-professional-de-la-iba-co-presidit-per-carlos-valls-a-la-reunio-anual-de-la-iba-a-seul","status":"publish","type":"post","link":"https:\/\/augustaabogados.com\/ca\/intensa-activitat-del-comite-detica-professional-de-la-iba-co-presidit-per-carlos-valls-a-la-reunio-anual-de-la-iba-a-seul\/","title":{"rendered":"Intensa activitat del Comit\u00e8 d&#8217;\u00c8tica Professional de la IBA, co-presidit per Carlos Valls, a la Reuni\u00f3 Anual de la IBA a Se\u00fcl."},"content":{"rendered":"<p>La Reuni\u00f3 Anual a Se\u00fcl va comen\u00e7ar per al <a href=\"https:\/\/www.linkedin.com\/in\/carlos-valls-155aa5\/\" target=\"_blank\" rel=\"noopener noreferrer\"><strong>Carlos Valls<\/strong><\/a>, com a Co-President (juntament amb <strong><a href=\"http:\/\/linkedin.com\/in\/alessandra-nascimento-s-f-mour\u00e3o-1b4a224a\" target=\"_blank\" rel=\"noopener noreferrer\">Alessandra Mour\u00e3o<\/a><\/strong>, extraordin\u00e0ria feina la seva) del Comit\u00e8 d&#8217;\u00c8tica Professional de la IBA (PEC) en un retir per a membres del PEC a Busan (veure foto dels assistents a la reuni\u00f3, comentant l&#8217;estrat\u00e8gia del PEC per a l&#8217;any seg\u00fcent).<\/p>\n<p><img decoding=\"async\" src=\"https:\/\/augustaabogados.com\/wp-content\/uploads\/2024\/02\/comite-etica-profesional-iba-18.jpg\" alt=\"IBA Professional Ethics Committee - attendants at the meeting, discussing the strategy of PEC for the following year\" width=\"100%\" \/><\/p>\n<p>Carlos Valls va intervenir directament com a Organitzador de la Sessi\u00f3 &#8220;Burnout i compartamient \u00e8tic&#8221; (un resum de la qual apareixer\u00e0 aviat al eBulletin del PEC dins de la p\u00e0gina web de la IBA), en la qual, despr\u00e9s de definir de qu\u00e8 es tracta el burnout i les seves conseq\u00fc\u00e8ncies, es van analitzar les causes (des d&#8217;un excessiu enfocament en objectius quantitatius com la facturaci\u00f3, els beneficis o les hores enregistrades, fins al reconeixement de qu\u00e8 es tracta d&#8217;una professi\u00f3 solit\u00e0ria, o que s\u0092ha de refor\u00e7ar l&#8217;element de vocaci\u00f3 i tutoria), les possibles normes deontol\u00f2giques aplicables (fonamentalment, l&#8217;obligaci\u00f3 d&#8217;informar) i les solucions m\u00e9s immediates previstes (des del reconeixement de la situaci\u00f3 com a punt de partida, fins a una valoraci\u00f3 realista de quins han de ser els objectius i motivacions del professional i del despatx en el seu conjunt). Va quedar clar, no obstant aix\u00f2, que les regles deontol\u00f2giques a nivell mundial sobre aquest tema poden ser insuficients, cosa que potser ha de plantejar-se al Consell de la IBA per a la seva posterior discussi\u00f3. El panell, dirigit per\u00a0<a href=\"http:\/\/linkedin.com\/in\/steven-richman-6a69b16\" target=\"_blank\" rel=\"noopener noreferrer\"><strong>Steve Richman<\/strong><\/a>, va estar format per <a href=\"http:\/\/linkedin.com\/in\/tracey-calvert-179b4824\" target=\"_blank\" rel=\"noopener noreferrer\"><strong>Tracey Calvert<\/strong><\/a>, <a href=\"http:\/\/linkedin.com\/in\/richard-martin-1a90507\" target=\"_blank\" rel=\"noopener noreferrer\"><strong>Richard Martin<\/strong><\/a>, <a href=\"http:\/\/linkedin.com\/in\/moray-mclaren-574a699\" target=\"_blank\" rel=\"noopener noreferrer\"><strong>Moray McLaren<\/strong><\/a> y <a href=\"http:\/\/linkedin.com\/in\/tat-lim-b401096\" target=\"_blank\" rel=\"noopener noreferrer\"><strong>Lim Tat<\/strong><\/a>.<\/p>\n<p>Carlos Valls tamb\u00e9 va participar com a Co-President del PEC a la Sessi\u00f3 Colectiva &#8220;<em>El col\u00b7lapse de la classe mitjana &#8211; els diferents impactes del populisme modern a i dins dels Col\u00b7legis d&#8217;Advocats i la professi\u00f3 jur\u00eddica<\/em>&#8220;. Aquesta sessi\u00f3 extraordin\u00e0ria, organitzada per <a href=\"http:\/\/linkedin.com\/in\/alberto-navarro-a1255a17\" target=\"_blank\" rel=\"noopener noreferrer\"><strong>Alberto Navarro<\/strong><\/a> i <a href=\"http:\/\/linkedin.com\/in\/martin-kovnats-34570a4\" target=\"_blank\" rel=\"noopener noreferrer\"><strong>Mart\u00edn Kovnats<\/strong><\/a>, la qual el PEC va tenir l&#8217;honor de donar suport, va abordar la deterioraci\u00f3 potencial o real de l&#8217;estat de dret a les jurisdiccions actuals on el populisme ha enva\u00eft la pol\u00edtica, partint d&#8217;una conceptualitzaci\u00f3 del que \u00e9s el populisme per part de l&#8217;historiador i economista <a href=\"http:\/\/linkedin.com\/in\/emilio-ocampo-2988b610\" target=\"_blank\" rel=\"noopener noreferrer\"><strong>Emilio Ocampo<\/strong><\/a>, i d&#8217;una comparaci\u00f3 del que est\u00e0 ocorrent a Vene\u00e7uela i els EE.UU., per <a href=\"http:\/\/linkedin.com\/in\/leopoldomartinez\" target=\"_blank\" rel=\"noopener noreferrer\"><strong>Leopoldo Mart\u00ednez<\/strong><\/a>. Despr\u00e9s d&#8217;analitzar diferents jurisdiccions (Hongria, Pol\u00f2nia, It\u00e0lia, Regne Unit, els Estats Units, Vene\u00e7uela i l&#8217;Argentina), davant la q\u00fcesti\u00f3 de si les regles constitucionals estaven sent amena\u00e7ades o violades, Carlos Valls va observar que per a respectar l\u0092estat de dret no cal una interpretaci\u00f3 estrictament positivista de la llei, ja que una correcta interpretaci\u00f3 iusnaturalista o espiritualista pot ser tamb\u00e9 fonamental en certs casos per evitar l\u0092ab\u00fas de les institucions pol\u00edtiques, i es va referir al fam\u00f3s debat Hart\/Dworkin de la segona meitat del segle passat. La sessi\u00f3 va gaudir de les excel\u00b7lents intervencions de <a href=\"http:\/\/linkedin.com\/in\/christinablacklaws\" target=\"_blank\" rel=\"noopener noreferrer\"><strong>Christina Blacklaws<\/strong><\/a>, <a href=\"http:\/\/linkedin.com\/in\/maria-slazak-b72b3522\" target=\"_blank\" rel=\"noopener noreferrer\"><strong>Maria Slazak<\/strong><\/a>, <a href=\"http:\/\/linkedin.com\/in\/riccardo-cajola-2489998\" target=\"_blank\" rel=\"noopener noreferrer\"><strong>Riccardo Cajola<\/strong><\/a>, <a href=\"http:\/\/linkedin.com\/in\/harveycohen\" target=\"_blank\" rel=\"noopener noreferrer\"><strong>Harvey Cohen<\/strong><\/a>, <a href=\"http:\/\/linkedin.com\/in\/hermann-knott-6308b214a\" target=\"_blank\" rel=\"noopener noreferrer\"><strong>Hermann Knott<\/strong><\/a>, <strong>Steve Richman<\/strong>, <a href=\"http:\/\/linkedin.com\/in\/carlo-pavesio-4a52058\" target=\"_blank\" rel=\"noopener noreferrer\"><strong>Carlo Pavesio<\/strong><\/a>, <strong><a href=\"http:\/\/linkedin.com\/in\/gabordamjanovic\" target=\"_blank\" rel=\"noopener noreferrer\">Gabor Damjanovic<\/a>, <a href=\"http:\/\/linkedin.com\/in\/lbbuchman\" target=\"_blank\" rel=\"noopener noreferrer\">Louis Bouchman <\/a><\/strong> i <a href=\"http:\/\/linkedin.com\/in\/johanrijlaarsdam\" target=\"_blank\" rel=\"noopener noreferrer\"><strong>Johan Rijlaarsdam<\/strong><\/a>. Els discursos d&#8217;obertura d&#8217;<a href=\"http:\/\/linkedin.com\/in\/horacio-bernardes-neto-2b769551\" target=\"_blank\" rel=\"noopener noreferrer\"><strong>Horacio Bernardes<\/strong><\/a> (President de la IBA), <a href=\"http:\/\/linkedin.com\/in\/jmklotz\" target=\"_blank\" rel=\"noopener noreferrer\"><strong>Jim Klotz<\/strong><\/a> (Vicepresident de la IBA) y <a href=\"http:\/\/linkedin.com\/in\/drpeterkoves\" target=\"_blank\" rel=\"noopener noreferrer\"><strong>Peter K\u00f6ves<\/strong><\/a> (President de la Comissi\u00f3 de la IBA d&#8217;Assumptes dels Col\u00b7legis d\u0092Advocats) van ser especialment commovedors i van destacar l&#8217;important paper de la professi\u00f3 jur\u00eddica en la defensa de l&#8217;estat de dret en circumst\u00e0ncies dif\u00edcils.<\/p>\n<p><img decoding=\"async\" src=\"https:\/\/augustaabogados.com\/wp-content\/uploads\/2024\/02\/professional-ethics-committee-18.jpg\" alt=\"IBA Professional Ethics Committee list\" width=\"100%\" \/><\/p>\n<p>PEC tamb\u00e9 va liderar dues sessions molt interessants. La primera, sobre la inversi\u00f3 en els negocis o accions dels clients, o en la remuneraci\u00f3 en accions del clients (organitzada per <a href=\"http:\/\/linkedin.com\/in\/jeffrey-k-merk-56992a10\" target=\"_blank\" rel=\"noopener noreferrer\"><strong>Jeffrey Merk<\/strong><\/a>), on un dels dubtes durant la sessi\u00f3 va ser quin deure estava en risc, si el d&#8217;evitar conflictes d&#8217;interessos amb el client, o simplement el de preservar la independ\u00e8ncia a l&#8217;hora d&#8217;assessorar el client. La segona, sobre la coincid\u00e8ncia simult\u00e0nia amb un client de les funcions d&#8217;advocat extern i advocat intern (co-organitzada per <strong>Alessandra Mour\u00e3o<\/strong> i <a href=\"http:\/\/linkedin.com\/in\/drthomaskaiserstockmann\" target=\"_blank\" rel=\"noopener noreferrer\"><strong>Thomas Kaiser-Stockmann<\/strong><\/a>). En aquesta \u00faltima sessi\u00f3, estava clar que les comissions de servei (\u0093secondments\u0094) de socis a clients anaven en augment, i semblava natural preguntar-se si era un senyal que el poder de negociaci\u00f3 entre els clients i els advocats externs estava canviant decisivament a favor dels primers.<\/p>\n<p>PEC tamb\u00e9 va participar en altres sessions molt concorregudes, com les de oferta de serveis a PYMES en funci\u00f3 dels honoraris (presidides per <strong>Harvey Cohen<\/strong> i <a href=\"http:\/\/linkedin.com\/in\/renato-giallombardo-84b54ba\" target=\"_blank\" rel=\"noopener noreferrer\"><strong>Renato Giallombardo<\/strong><\/a>; com a panelista de PEC, <a href=\"http:\/\/linkedin.com\/in\/geraldine-clarke-6820b222\" target=\"_blank\" rel=\"noopener noreferrer\"><strong>Geraldine Clarke<\/strong><\/a>), el deure davant els Tribunals enfront de la defensa dels interessos dels clients (Moderador, <strong>William Jackson QC<\/strong>), o la naturalesa evolutiva dels diferents prove\u00efdors de serveis legals, la qual cosa pot conduir, almenys parcialment, a una &#8220;uberitzaci\u00f3&#8221; de la pr\u00e0ctica legal (co-organitzada per <a href=\"http:\/\/linkedin.com\/in\/dalton-j-albrecht-85725911\" target=\"_blank\" rel=\"noopener noreferrer\"><strong>Dalton Albrecht<\/strong><\/a> i <a href=\"http:\/\/linkedin.com\/in\/derya-durlu-g\u00fcrzumar-643a2b9\" target=\"_blank\" rel=\"noopener noreferrer\"><strong>Derya Durlu G\u00fcrzumar<\/strong><\/a>) encara que, tal com va afirmar <strong>Alessandra Mour\u00e3o<\/strong> com a panelista durant la sessi\u00f3, l&#8217;\u00e8tica professional sempre condicionar\u00e0 aquesta evoluci\u00f3, a favor dels clients i de la societat.<\/p>\n<p>La millor not\u00edcia \u00e9s que el Comit\u00e8 d&#8217;\u00c8tica Professional de la IBA est\u00e0 augmentant l&#8217;inter\u00e8s de l&#8217;organitzaci\u00f3, i <a href=\"http:\/\/jordim52.sg-host.com\/ca\/equip\/socis\/carlos-valls-martinez\/\">Carlos Valls<\/a> creu que la ra\u00f3 \u00e9s que el PEC no sols s&#8217;ocupa de les normes \u00e8tiques i deontol\u00f2giques existents, sin\u00f3 que tamb\u00e9 reflexiona sobre l\u0092important paper que l\u0092\u00e8tica professional desenvolupa en donar forma a la visi\u00f3 del que la professi\u00f3 legal, i els serveis legals en general, haurien de convertir-se durant els propers anys.<\/p>\n","protected":false},"excerpt":{"rendered":"<p>El Comit\u00e8 d&#8217;\u00c8tica Professional de la IBA organitza un retir previ a Busan, i despr\u00e9s est\u00e9n la seva activitat durant la Reuni\u00f3 Anual de la IBA en nombroses i concorregudes sessions sobre temes relacionats amb la remuneraci\u00f3 de les accions i la independ\u00e8ncia, la compatibilitat del doble paper d&#8217;advocat extern i intern, i l&#8217;impacte del burnout en el comportament \u00e8tic professional, entre altres q\u00fcestions clau i pr\u00e0ctiques.<\/p>\n","protected":false},"author":8,"featured_media":34432,"comment_status":"closed","ping_status":"open","sticky":false,"template":"","format":"standard","meta":{"content-type":"","site-sidebar-layout":"no-sidebar","site-content-layout":"page-builder","ast-site-content-layout":"default","site-content-style":"default","site-sidebar-style":"default","ast-global-header-display":"","ast-banner-title-visibility":"","ast-main-header-display":"","ast-hfb-above-header-display":"","ast-hfb-below-header-display":"","ast-hfb-mobile-header-display":"","site-post-title":"","ast-breadcrumbs-content":"","ast-featured-img":"","footer-sml-layout":"","ast-disable-related-posts":"","theme-transparent-header-meta":"disabled","adv-header-id-meta":"","stick-header-meta":"","header-above-stick-meta":"","header-main-stick-meta":"","header-below-stick-meta":"","astra-migrate-meta-layouts":"set","ast-page-background-enabled":"default","ast-page-background-meta":{"desktop":{"background-color":"var(--ast-global-color-4)","background-image":"","background-repeat":"repeat","background-position":"center center","background-size":"auto","background-attachment":"scroll","background-type":"","background-media":"","overlay-type":"","overlay-color":"","overlay-opacity":"","overlay-gradient":""},"tablet":{"background-color":"","background-image":"","background-repeat":"repeat","background-position":"center center","background-size":"auto","background-attachment":"scroll","background-type":"","background-media":"","overlay-type":"","overlay-color":"","overlay-opacity":"","overlay-gradient":""},"mobile":{"background-color":"","background-image":"","background-repeat":"repeat","background-position":"center center","background-size":"auto","background-attachment":"scroll","background-type":"","background-media":"","overlay-type":"","overlay-color":"","overlay-opacity":"","overlay-gradient":""}},"ast-content-background-meta":{"desktop":{"background-color":"var(--ast-global-color-5)","background-image":"","background-repeat":"repeat","background-position":"center center","background-size":"auto","background-attachment":"scroll","background-type":"","background-media":"","overlay-type":"","overlay-color":"","overlay-opacity":"","overlay-gradient":""},"tablet":{"background-color":"var(--ast-global-color-5)","background-image":"","background-repeat":"repeat","background-position":"center center","background-size":"auto","background-attachment":"scroll","background-type":"","background-media":"","overlay-type":"","overlay-color":"","overlay-opacity":"","overlay-gradient":""},"mobile":{"background-color":"var(--ast-global-color-5)","background-image":"","background-repeat":"repeat","background-position":"center center","background-size":"auto","background-attachment":"scroll","background-type":"","background-media":"","overlay-type":"","overlay-color":"","overlay-opacity":"","overlay-gradient":""}},"footnotes":""},"categories":[],"tags":[78,413,1174,502],"servicio-asociado":[],"class_list":["post-36635","post","type-post","status-publish","format-standard","has-post-thumbnail","hentry","tag-carlos-valls","tag-deontologia","tag-eticaprofessional","tag-professionalethicscommittee"],"acf":[],"yoast_head":"<!-- This site is optimized with the Yoast SEO plugin v27.4 - https:\/\/yoast.com\/product\/yoast-seo-wordpress\/ -->\n<title>Informaci\u00f3n sobre la modificaci\u00f3n de la Ley catalana del Impuesto sobre Sucesiones y Donaciones|Informaci\u00f3n sobre la modificaci\u00f3n de la Ley catalana del Impuesto sobre Sucesiones y Donaciones<\/title>\n<meta name=\"description\" content=\"La modificaci\u00f3n de la Ley catalana del Impuesto sobre Sucesiones y Donaciones obliga a reevaluar las planificaciones fiscales de la sucesi\u00f3n familiar y empresarial.|La modificaci\u00f3n de la Ley catalana del Impuesto sobre Sucesiones y Donaciones obliga a reevaluar las planificaciones fiscales de la sucesi\u00f3n familiar y empresarial.\" \/>\n<meta name=\"robots\" content=\"index, follow, max-snippet:-1, max-image-preview:large, max-video-preview:-1\" \/>\n<link rel=\"canonical\" href=\"https:\/\/augustaabogados.com\/ca\/intensa-activitat-del-comite-detica-professional-de-la-iba-co-presidit-per-carlos-valls-a-la-reunio-anual-de-la-iba-a-seul\/\" \/>\n<meta property=\"og:locale\" content=\"ca_ES\" \/>\n<meta property=\"og:type\" content=\"article\" \/>\n<meta property=\"og:title\" content=\"Informaci\u00f3n sobre la modificaci\u00f3n de la Ley catalana del Impuesto sobre Sucesiones y Donaciones|Informaci\u00f3n sobre la modificaci\u00f3n de la Ley catalana del Impuesto sobre Sucesiones y Donaciones\" \/>\n<meta property=\"og:description\" content=\"La modificaci\u00f3n de la Ley catalana del Impuesto sobre Sucesiones y Donaciones obliga a reevaluar las planificaciones fiscales de la sucesi\u00f3n familiar y empresarial.|La modificaci\u00f3n de la Ley catalana del Impuesto sobre Sucesiones y Donaciones obliga a reevaluar las planificaciones fiscales de la sucesi\u00f3n familiar y empresarial.\" \/>\n<meta property=\"og:url\" content=\"https:\/\/augustaabogados.com\/ca\/intensa-activitat-del-comite-detica-professional-de-la-iba-co-presidit-per-carlos-valls-a-la-reunio-anual-de-la-iba-a-seul\/\" \/>\n<meta property=\"og:site_name\" content=\"Augusta Abogados\" \/>\n<meta property=\"article:published_time\" content=\"2019-10-11T00:00:00+00:00\" \/>\n<meta property=\"article:modified_time\" content=\"2024-02-06T11:07:11+00:00\" \/>\n<meta property=\"og:image\" content=\"https:\/\/augustaabogados.com\/wp-content\/uploads\/2024\/02\/IBA-2019-seoul-8.jpg\" \/>\n\t<meta property=\"og:image:width\" content=\"800\" \/>\n\t<meta property=\"og:image:height\" content=\"418\" \/>\n\t<meta property=\"og:image:type\" content=\"image\/jpeg\" \/>\n<meta name=\"author\" content=\"Augusta Abogados\" \/>\n<meta name=\"twitter:card\" content=\"summary_large_image\" \/>\n<meta name=\"twitter:label1\" content=\"Escrit per\" \/>\n\t<meta name=\"twitter:data1\" content=\"Augusta Abogados\" \/>\n\t<meta name=\"twitter:label2\" content=\"Temps estimat de lectura\" \/>\n\t<meta name=\"twitter:data2\" content=\"3 minuts\" \/>\n<script type=\"application\/ld+json\" class=\"yoast-schema-graph\">{\"@context\":\"https:\\\/\\\/schema.org\",\"@graph\":[{\"@type\":\"Article\",\"@id\":\"https:\\\/\\\/augustaabogados.com\\\/ca\\\/intensa-activitat-del-comite-detica-professional-de-la-iba-co-presidit-per-carlos-valls-a-la-reunio-anual-de-la-iba-a-seul\\\/#article\",\"isPartOf\":{\"@id\":\"https:\\\/\\\/augustaabogados.com\\\/ca\\\/intensa-activitat-del-comite-detica-professional-de-la-iba-co-presidit-per-carlos-valls-a-la-reunio-anual-de-la-iba-a-seul\\\/\"},\"author\":{\"name\":\"Augusta Abogados\",\"@id\":\"https:\\\/\\\/augustaabogados.com\\\/#\\\/schema\\\/person\\\/8c5e230eb6ed47cdd14ee188eb04a753\"},\"headline\":\"Intensa activitat del Comit\u00e8 d&#8217;\u00c8tica Professional de la IBA, co-presidit per Carlos Valls, a la Reuni\u00f3 Anual de la IBA a Se\u00fcl.\",\"datePublished\":\"2019-10-11T00:00:00+00:00\",\"dateModified\":\"2024-02-06T11:07:11+00:00\",\"mainEntityOfPage\":{\"@id\":\"https:\\\/\\\/augustaabogados.com\\\/ca\\\/intensa-activitat-del-comite-detica-professional-de-la-iba-co-presidit-per-carlos-valls-a-la-reunio-anual-de-la-iba-a-seul\\\/\"},\"wordCount\":959,\"publisher\":{\"@id\":\"https:\\\/\\\/augustaabogados.com\\\/#organization\"},\"image\":{\"@id\":\"https:\\\/\\\/augustaabogados.com\\\/ca\\\/intensa-activitat-del-comite-detica-professional-de-la-iba-co-presidit-per-carlos-valls-a-la-reunio-anual-de-la-iba-a-seul\\\/#primaryimage\"},\"thumbnailUrl\":\"https:\\\/\\\/augustaabogados.com\\\/wp-content\\\/uploads\\\/2024\\\/02\\\/IBA-2019-seoul-8.jpg\",\"keywords\":[\"Carlos Valls\",\"Deontolog\u00eda\",\"\u00c8ticaProfessional\",\"ProfessionalEthicsCommittee\"],\"inLanguage\":\"ca\"},{\"@type\":[\"WebPage\",\"ItemPage\"],\"@id\":\"https:\\\/\\\/augustaabogados.com\\\/ca\\\/intensa-activitat-del-comite-detica-professional-de-la-iba-co-presidit-per-carlos-valls-a-la-reunio-anual-de-la-iba-a-seul\\\/\",\"url\":\"https:\\\/\\\/augustaabogados.com\\\/ca\\\/intensa-activitat-del-comite-detica-professional-de-la-iba-co-presidit-per-carlos-valls-a-la-reunio-anual-de-la-iba-a-seul\\\/\",\"name\":\"Informaci\u00f3n sobre la modificaci\u00f3n de la Ley catalana del Impuesto sobre Sucesiones y Donaciones|Informaci\u00f3n sobre la modificaci\u00f3n de la Ley catalana del Impuesto sobre Sucesiones y Donaciones\",\"isPartOf\":{\"@id\":\"https:\\\/\\\/augustaabogados.com\\\/#website\"},\"primaryImageOfPage\":{\"@id\":\"https:\\\/\\\/augustaabogados.com\\\/ca\\\/intensa-activitat-del-comite-detica-professional-de-la-iba-co-presidit-per-carlos-valls-a-la-reunio-anual-de-la-iba-a-seul\\\/#primaryimage\"},\"image\":{\"@id\":\"https:\\\/\\\/augustaabogados.com\\\/ca\\\/intensa-activitat-del-comite-detica-professional-de-la-iba-co-presidit-per-carlos-valls-a-la-reunio-anual-de-la-iba-a-seul\\\/#primaryimage\"},\"thumbnailUrl\":\"https:\\\/\\\/augustaabogados.com\\\/wp-content\\\/uploads\\\/2024\\\/02\\\/IBA-2019-seoul-8.jpg\",\"datePublished\":\"2019-10-11T00:00:00+00:00\",\"dateModified\":\"2024-02-06T11:07:11+00:00\",\"description\":\"La modificaci\u00f3n de la Ley catalana del Impuesto sobre Sucesiones y Donaciones obliga a reevaluar las planificaciones fiscales de la sucesi\u00f3n familiar y empresarial.|La modificaci\u00f3n de la Ley catalana del Impuesto sobre Sucesiones y Donaciones obliga a reevaluar las planificaciones fiscales de la sucesi\u00f3n familiar y empresarial.\",\"breadcrumb\":{\"@id\":\"https:\\\/\\\/augustaabogados.com\\\/ca\\\/intensa-activitat-del-comite-detica-professional-de-la-iba-co-presidit-per-carlos-valls-a-la-reunio-anual-de-la-iba-a-seul\\\/#breadcrumb\"},\"inLanguage\":\"ca\",\"potentialAction\":[{\"@type\":\"ReadAction\",\"target\":[\"https:\\\/\\\/augustaabogados.com\\\/ca\\\/intensa-activitat-del-comite-detica-professional-de-la-iba-co-presidit-per-carlos-valls-a-la-reunio-anual-de-la-iba-a-seul\\\/\"]}]},{\"@type\":\"ImageObject\",\"inLanguage\":\"ca\",\"@id\":\"https:\\\/\\\/augustaabogados.com\\\/ca\\\/intensa-activitat-del-comite-detica-professional-de-la-iba-co-presidit-per-carlos-valls-a-la-reunio-anual-de-la-iba-a-seul\\\/#primaryimage\",\"url\":\"https:\\\/\\\/augustaabogados.com\\\/wp-content\\\/uploads\\\/2024\\\/02\\\/IBA-2019-seoul-8.jpg\",\"contentUrl\":\"https:\\\/\\\/augustaabogados.com\\\/wp-content\\\/uploads\\\/2024\\\/02\\\/IBA-2019-seoul-8.jpg\",\"width\":800,\"height\":418},{\"@type\":\"BreadcrumbList\",\"@id\":\"https:\\\/\\\/augustaabogados.com\\\/ca\\\/intensa-activitat-del-comite-detica-professional-de-la-iba-co-presidit-per-carlos-valls-a-la-reunio-anual-de-la-iba-a-seul\\\/#breadcrumb\",\"itemListElement\":[{\"@type\":\"ListItem\",\"position\":1,\"name\":\"Portada\",\"item\":\"https:\\\/\\\/augustaabogados.com\\\/ca\\\/\"},{\"@type\":\"ListItem\",\"position\":2,\"name\":\"Intensa activitat del Comit\u00e8 d&#8217;\u00c8tica Professional de la IBA, co-presidit per Carlos Valls, a la Reuni\u00f3 Anual de la IBA a Se\u00fcl.\"}]},{\"@type\":\"WebSite\",\"@id\":\"https:\\\/\\\/augustaabogados.com\\\/#website\",\"url\":\"https:\\\/\\\/augustaabogados.com\\\/\",\"name\":\"Augusta Abogados\",\"description\":\"\",\"publisher\":{\"@id\":\"https:\\\/\\\/augustaabogados.com\\\/#organization\"},\"potentialAction\":[{\"@type\":\"SearchAction\",\"target\":{\"@type\":\"EntryPoint\",\"urlTemplate\":\"https:\\\/\\\/augustaabogados.com\\\/?s={search_term_string}\"},\"query-input\":{\"@type\":\"PropertyValueSpecification\",\"valueRequired\":true,\"valueName\":\"search_term_string\"}}],\"inLanguage\":\"ca\"},{\"@type\":\"Organization\",\"@id\":\"https:\\\/\\\/augustaabogados.com\\\/#organization\",\"name\":\"Augusta Abogados\",\"url\":\"https:\\\/\\\/augustaabogados.com\\\/\",\"logo\":{\"@type\":\"ImageObject\",\"inLanguage\":\"ca\",\"@id\":\"https:\\\/\\\/augustaabogados.com\\\/#\\\/schema\\\/logo\\\/image\\\/\",\"url\":\"https:\\\/\\\/augustaabogados.com\\\/wp-content\\\/uploads\\\/2023\\\/11\\\/LOGO-AUGUSTA.svg\",\"contentUrl\":\"https:\\\/\\\/augustaabogados.com\\\/wp-content\\\/uploads\\\/2023\\\/11\\\/LOGO-AUGUSTA.svg\",\"caption\":\"Augusta Abogados\"},\"image\":{\"@id\":\"https:\\\/\\\/augustaabogados.com\\\/#\\\/schema\\\/logo\\\/image\\\/\"}},{\"@type\":\"Person\",\"@id\":\"https:\\\/\\\/augustaabogados.com\\\/#\\\/schema\\\/person\\\/8c5e230eb6ed47cdd14ee188eb04a753\",\"name\":\"Augusta Abogados\",\"image\":{\"@type\":\"ImageObject\",\"inLanguage\":\"ca\",\"@id\":\"https:\\\/\\\/secure.gravatar.com\\\/avatar\\\/09e6ceb5fccff542915602bda752518fa959b0df2d103d929aefa74c2909a4bc?s=96&d=mm&r=g\",\"url\":\"https:\\\/\\\/secure.gravatar.com\\\/avatar\\\/09e6ceb5fccff542915602bda752518fa959b0df2d103d929aefa74c2909a4bc?s=96&d=mm&r=g\",\"contentUrl\":\"https:\\\/\\\/secure.gravatar.com\\\/avatar\\\/09e6ceb5fccff542915602bda752518fa959b0df2d103d929aefa74c2909a4bc?s=96&d=mm&r=g\",\"caption\":\"Augusta Abogados\"}}]}<\/script>\n<!-- \/ Yoast SEO plugin. -->","yoast_head_json":{"title":"Informaci\u00f3n sobre la modificaci\u00f3n de la Ley catalana del Impuesto sobre Sucesiones y Donaciones|Informaci\u00f3n sobre la modificaci\u00f3n de la Ley catalana del Impuesto sobre Sucesiones y Donaciones","description":"La modificaci\u00f3n de la Ley catalana del Impuesto sobre Sucesiones y Donaciones obliga a reevaluar las planificaciones fiscales de la sucesi\u00f3n familiar y empresarial.|La modificaci\u00f3n de la Ley catalana del Impuesto sobre Sucesiones y Donaciones obliga a reevaluar las planificaciones fiscales de la sucesi\u00f3n familiar y empresarial.","robots":{"index":"index","follow":"follow","max-snippet":"max-snippet:-1","max-image-preview":"max-image-preview:large","max-video-preview":"max-video-preview:-1"},"canonical":"https:\/\/augustaabogados.com\/ca\/intensa-activitat-del-comite-detica-professional-de-la-iba-co-presidit-per-carlos-valls-a-la-reunio-anual-de-la-iba-a-seul\/","og_locale":"ca_ES","og_type":"article","og_title":"Informaci\u00f3n sobre la modificaci\u00f3n de la Ley catalana del Impuesto sobre Sucesiones y Donaciones|Informaci\u00f3n sobre la modificaci\u00f3n de la Ley catalana del Impuesto sobre Sucesiones y Donaciones","og_description":"La modificaci\u00f3n de la Ley catalana del Impuesto sobre Sucesiones y Donaciones obliga a reevaluar las planificaciones fiscales de la sucesi\u00f3n familiar y empresarial.|La modificaci\u00f3n de la Ley catalana del Impuesto sobre Sucesiones y Donaciones obliga a reevaluar las planificaciones fiscales de la sucesi\u00f3n familiar y empresarial.","og_url":"https:\/\/augustaabogados.com\/ca\/intensa-activitat-del-comite-detica-professional-de-la-iba-co-presidit-per-carlos-valls-a-la-reunio-anual-de-la-iba-a-seul\/","og_site_name":"Augusta Abogados","article_published_time":"2019-10-11T00:00:00+00:00","article_modified_time":"2024-02-06T11:07:11+00:00","og_image":[{"width":800,"height":418,"url":"https:\/\/augustaabogados.com\/wp-content\/uploads\/2024\/02\/IBA-2019-seoul-8.jpg","type":"image\/jpeg"}],"author":"Augusta Abogados","twitter_card":"summary_large_image","twitter_misc":{"Escrit per":"Augusta Abogados","Temps estimat de lectura":"3 minuts"},"schema":{"@context":"https:\/\/schema.org","@graph":[{"@type":"Article","@id":"https:\/\/augustaabogados.com\/ca\/intensa-activitat-del-comite-detica-professional-de-la-iba-co-presidit-per-carlos-valls-a-la-reunio-anual-de-la-iba-a-seul\/#article","isPartOf":{"@id":"https:\/\/augustaabogados.com\/ca\/intensa-activitat-del-comite-detica-professional-de-la-iba-co-presidit-per-carlos-valls-a-la-reunio-anual-de-la-iba-a-seul\/"},"author":{"name":"Augusta Abogados","@id":"https:\/\/augustaabogados.com\/#\/schema\/person\/8c5e230eb6ed47cdd14ee188eb04a753"},"headline":"Intensa activitat del Comit\u00e8 d&#8217;\u00c8tica Professional de la IBA, co-presidit per Carlos Valls, a la Reuni\u00f3 Anual de la IBA a Se\u00fcl.","datePublished":"2019-10-11T00:00:00+00:00","dateModified":"2024-02-06T11:07:11+00:00","mainEntityOfPage":{"@id":"https:\/\/augustaabogados.com\/ca\/intensa-activitat-del-comite-detica-professional-de-la-iba-co-presidit-per-carlos-valls-a-la-reunio-anual-de-la-iba-a-seul\/"},"wordCount":959,"publisher":{"@id":"https:\/\/augustaabogados.com\/#organization"},"image":{"@id":"https:\/\/augustaabogados.com\/ca\/intensa-activitat-del-comite-detica-professional-de-la-iba-co-presidit-per-carlos-valls-a-la-reunio-anual-de-la-iba-a-seul\/#primaryimage"},"thumbnailUrl":"https:\/\/augustaabogados.com\/wp-content\/uploads\/2024\/02\/IBA-2019-seoul-8.jpg","keywords":["Carlos Valls","Deontolog\u00eda","\u00c8ticaProfessional","ProfessionalEthicsCommittee"],"inLanguage":"ca"},{"@type":["WebPage","ItemPage"],"@id":"https:\/\/augustaabogados.com\/ca\/intensa-activitat-del-comite-detica-professional-de-la-iba-co-presidit-per-carlos-valls-a-la-reunio-anual-de-la-iba-a-seul\/","url":"https:\/\/augustaabogados.com\/ca\/intensa-activitat-del-comite-detica-professional-de-la-iba-co-presidit-per-carlos-valls-a-la-reunio-anual-de-la-iba-a-seul\/","name":"Informaci\u00f3n sobre la modificaci\u00f3n de la Ley catalana del Impuesto sobre Sucesiones y Donaciones|Informaci\u00f3n sobre la modificaci\u00f3n de la Ley catalana del Impuesto sobre Sucesiones y Donaciones","isPartOf":{"@id":"https:\/\/augustaabogados.com\/#website"},"primaryImageOfPage":{"@id":"https:\/\/augustaabogados.com\/ca\/intensa-activitat-del-comite-detica-professional-de-la-iba-co-presidit-per-carlos-valls-a-la-reunio-anual-de-la-iba-a-seul\/#primaryimage"},"image":{"@id":"https:\/\/augustaabogados.com\/ca\/intensa-activitat-del-comite-detica-professional-de-la-iba-co-presidit-per-carlos-valls-a-la-reunio-anual-de-la-iba-a-seul\/#primaryimage"},"thumbnailUrl":"https:\/\/augustaabogados.com\/wp-content\/uploads\/2024\/02\/IBA-2019-seoul-8.jpg","datePublished":"2019-10-11T00:00:00+00:00","dateModified":"2024-02-06T11:07:11+00:00","description":"La modificaci\u00f3n de la Ley catalana del Impuesto sobre Sucesiones y Donaciones obliga a reevaluar las planificaciones fiscales de la sucesi\u00f3n familiar y empresarial.|La modificaci\u00f3n de la Ley catalana del Impuesto sobre Sucesiones y Donaciones obliga a reevaluar las planificaciones fiscales de la sucesi\u00f3n familiar y empresarial.","breadcrumb":{"@id":"https:\/\/augustaabogados.com\/ca\/intensa-activitat-del-comite-detica-professional-de-la-iba-co-presidit-per-carlos-valls-a-la-reunio-anual-de-la-iba-a-seul\/#breadcrumb"},"inLanguage":"ca","potentialAction":[{"@type":"ReadAction","target":["https:\/\/augustaabogados.com\/ca\/intensa-activitat-del-comite-detica-professional-de-la-iba-co-presidit-per-carlos-valls-a-la-reunio-anual-de-la-iba-a-seul\/"]}]},{"@type":"ImageObject","inLanguage":"ca","@id":"https:\/\/augustaabogados.com\/ca\/intensa-activitat-del-comite-detica-professional-de-la-iba-co-presidit-per-carlos-valls-a-la-reunio-anual-de-la-iba-a-seul\/#primaryimage","url":"https:\/\/augustaabogados.com\/wp-content\/uploads\/2024\/02\/IBA-2019-seoul-8.jpg","contentUrl":"https:\/\/augustaabogados.com\/wp-content\/uploads\/2024\/02\/IBA-2019-seoul-8.jpg","width":800,"height":418},{"@type":"BreadcrumbList","@id":"https:\/\/augustaabogados.com\/ca\/intensa-activitat-del-comite-detica-professional-de-la-iba-co-presidit-per-carlos-valls-a-la-reunio-anual-de-la-iba-a-seul\/#breadcrumb","itemListElement":[{"@type":"ListItem","position":1,"name":"Portada","item":"https:\/\/augustaabogados.com\/ca\/"},{"@type":"ListItem","position":2,"name":"Intensa activitat del Comit\u00e8 d&#8217;\u00c8tica Professional de la IBA, co-presidit per Carlos Valls, a la Reuni\u00f3 Anual de la IBA a Se\u00fcl."}]},{"@type":"WebSite","@id":"https:\/\/augustaabogados.com\/#website","url":"https:\/\/augustaabogados.com\/","name":"Augusta Abogados","description":"","publisher":{"@id":"https:\/\/augustaabogados.com\/#organization"},"potentialAction":[{"@type":"SearchAction","target":{"@type":"EntryPoint","urlTemplate":"https:\/\/augustaabogados.com\/?s={search_term_string}"},"query-input":{"@type":"PropertyValueSpecification","valueRequired":true,"valueName":"search_term_string"}}],"inLanguage":"ca"},{"@type":"Organization","@id":"https:\/\/augustaabogados.com\/#organization","name":"Augusta Abogados","url":"https:\/\/augustaabogados.com\/","logo":{"@type":"ImageObject","inLanguage":"ca","@id":"https:\/\/augustaabogados.com\/#\/schema\/logo\/image\/","url":"https:\/\/augustaabogados.com\/wp-content\/uploads\/2023\/11\/LOGO-AUGUSTA.svg","contentUrl":"https:\/\/augustaabogados.com\/wp-content\/uploads\/2023\/11\/LOGO-AUGUSTA.svg","caption":"Augusta Abogados"},"image":{"@id":"https:\/\/augustaabogados.com\/#\/schema\/logo\/image\/"}},{"@type":"Person","@id":"https:\/\/augustaabogados.com\/#\/schema\/person\/8c5e230eb6ed47cdd14ee188eb04a753","name":"Augusta Abogados","image":{"@type":"ImageObject","inLanguage":"ca","@id":"https:\/\/secure.gravatar.com\/avatar\/09e6ceb5fccff542915602bda752518fa959b0df2d103d929aefa74c2909a4bc?s=96&d=mm&r=g","url":"https:\/\/secure.gravatar.com\/avatar\/09e6ceb5fccff542915602bda752518fa959b0df2d103d929aefa74c2909a4bc?s=96&d=mm&r=g","contentUrl":"https:\/\/secure.gravatar.com\/avatar\/09e6ceb5fccff542915602bda752518fa959b0df2d103d929aefa74c2909a4bc?s=96&d=mm&r=g","caption":"Augusta Abogados"}}]}},"_links":{"self":[{"href":"https:\/\/augustaabogados.com\/ca\/wp-json\/wp\/v2\/posts\/36635","targetHints":{"allow":["GET"]}}],"collection":[{"href":"https:\/\/augustaabogados.com\/ca\/wp-json\/wp\/v2\/posts"}],"about":[{"href":"https:\/\/augustaabogados.com\/ca\/wp-json\/wp\/v2\/types\/post"}],"author":[{"embeddable":true,"href":"https:\/\/augustaabogados.com\/ca\/wp-json\/wp\/v2\/users\/8"}],"replies":[{"embeddable":true,"href":"https:\/\/augustaabogados.com\/ca\/wp-json\/wp\/v2\/comments?post=36635"}],"version-history":[{"count":1,"href":"https:\/\/augustaabogados.com\/ca\/wp-json\/wp\/v2\/posts\/36635\/revisions"}],"predecessor-version":[{"id":36642,"href":"https:\/\/augustaabogados.com\/ca\/wp-json\/wp\/v2\/posts\/36635\/revisions\/36642"}],"wp:featuredmedia":[{"embeddable":true,"href":"https:\/\/augustaabogados.com\/ca\/wp-json\/wp\/v2\/media\/34432"}],"wp:attachment":[{"href":"https:\/\/augustaabogados.com\/ca\/wp-json\/wp\/v2\/media?parent=36635"}],"wp:term":[{"taxonomy":"category","embeddable":true,"href":"https:\/\/augustaabogados.com\/ca\/wp-json\/wp\/v2\/categories?post=36635"},{"taxonomy":"post_tag","embeddable":true,"href":"https:\/\/augustaabogados.com\/ca\/wp-json\/wp\/v2\/tags?post=36635"},{"taxonomy":"servicio-asociado","embeddable":true,"href":"https:\/\/augustaabogados.com\/ca\/wp-json\/wp\/v2\/servicio-asociado?post=36635"}],"curies":[{"name":"wp","href":"https:\/\/api.w.org\/{rel}","templated":true}]}}