{"id":36859,"date":"2020-03-20T00:00:00","date_gmt":"2020-03-20T00:00:00","guid":{"rendered":"https:\/\/augustaabogados.com\/mesures-extraordinaries-en-lambit-mercantil-i-societari-a-causa-del-covid-19\/"},"modified":"2024-02-06T10:33:07","modified_gmt":"2024-02-06T10:33:07","slug":"mesures-extraordinaries-en-lambit-mercantil-i-societari-a-causa-del-covid-19","status":"publish","type":"post","link":"https:\/\/augustaabogados.com\/ca\/mesures-extraordinaries-en-lambit-mercantil-i-societari-a-causa-del-covid-19\/","title":{"rendered":"Mesures extraordin\u00e0ries en l&#8217;\u00e0mbit mercantil i societari a causa del COVID \u0096 19"},"content":{"rendered":"<p>Nota informativa sobre les mesures extraordin\u00e0ries en l&#8217;\u00e0mbit mercantil i societari aprovades pel Govern despr\u00e9s de la declaraci\u00f3 de l&#8217;Estat d&#8217;alarma a causa del COVID-19. (Contingut en Castell\u00e0)<\/p>\n<p>A causa de la situaci\u00f3n de extraordinaria gravedad en la que se encuentra la sociedad a ra\u00edz de la evoluci\u00f3n del COVID-19, a diario se toman medidas de contenci\u00f3n de car\u00e1cter urgente para distintos \u00e1mbitos de la sociedad civil. Dentro del \u00faltimo paquete de medidas aprobadas por el Gobierno durante la primera semana tras la declaraci\u00f3n del estado de alarma, se incluyen, entre otras, ciertas modificaciones temporales de \u00e1mbito mercantil y societario para las empresas espa\u00f1olas, tanto cotizadas como no cotizadas.<\/p>\n<p>El Real Decreto-ley 8\/2020, de 17 de marzo, habilita entre otros aspectos, de forma extraordinaria, y por cuanto dure el estado de alarma, la posibilidad que \u00f3rganos de gobierno (principalmente Consejos de Administracion) y comisiones delegadas, puedan celebrar sus reuniones en remoto por videoconferencia y, en su caso, aprobarse los acuerdos a adoptar por dichos \u00f3rganos por votaci\u00f3n por escrito y sin sesi\u00f3n a elecci\u00f3n del Presidente del Consejo o por petici\u00f3n de al menos dos miembros de dicho Consejo. Esta habilitaci\u00f3n es posible para empresas o entidades incluso aunque sus Estatutos sociales no lo prevean expresamente. Sin embargo, el Real Decreto-ley no contempla otras alternativas a la celebraci\u00f3n por videoconferencia ni incluye en la excepci\u00f3n a las Juntas Generales de Socios o Accionistas.<\/p>\n<p>Asimismo, se suspende temporalmente y hasta la finalizaci\u00f3n del periodo de alarma, la obligaci\u00f3n establecida en la Ley de Sociedades de Capital de formular las Cuentas Anuales del ejercicio 2019 por el \u00f3rgano de administraci\u00f3n (en caso de que dicho ejercicio concediese con el a\u00f1o natural), prorrogado por 3 meses m\u00e1s tras el fin del estado de alarma. En caso de que el ejercicio no coincidiese con el natural, y ya se hubieran formulado dichas cuentas antes de la declaraci\u00f3n del estado de alarma, se entiende prorrogado el plazo de verificaci\u00f3n por auditores por 2 meses tras terminar el estado de alarma actual. Igualmente ocurre con las Juntas Generales de Socios o Accionistas, donde se suspende la obligaci\u00f3n de aprobar las cuentas hasta terminar el estado de alarma, disponiendo de 3 meses tras finalizar ese plazo para poder aprobarlas.<\/p>\n<p>Es igualmente destacable que, mientras dure el estado de alarma, los socios no podr\u00e1n ejercitar su derecho de separaci\u00f3n, aunque exista previsi\u00f3n estatutaria o contractual, hasta finalizar el periodo excepcional en el que nos encontramos. Lo mismo ocurrir\u00eda con aquellas empresas que se encuentren en causa de disoluci\u00f3n, legal o estatutariamente previstas. Ello tambi\u00e9n afecta al c\u00f3mputo en casos de concurso donde el deudor que se encuentre en estado de insolvencia no tendr\u00e1 el deber de solicitar la declaraci\u00f3n de concurso hasta que finalice la situaci\u00f3n de alarma.<\/p>\n<p>Sumado a lo anterior, los t\u00e9rminos y plazos procesales y administrativos, incluidos los de los Registro Mercantiles de todo el pa\u00eds se encuentran suspendidos hasta la finalizaci\u00f3n del Estado de Alarma, por lo que aquellos acuerdos societarios susceptibles de cancelaci\u00f3n o inscripci\u00f3n y su calificaci\u00f3n, se encuentra actualmente en suspenso. No obstante, algunos Registros siguen aceptando la presentaci\u00f3n de documentos.<\/p>\n<p>Muchas de estas medidas, est\u00e1n encaminadas a proteger al tejido empresarial de posibles responsabilidades por incumplimiento de obligaciones legales y complementan a las de car\u00e1cter econ\u00f3mico, laboral y de inversi\u00f3n extranjera que se han aprobado recientemente debido a la aprobaci\u00f3n de las medidas restrictivas aprobadas para hacer frente a la expansi\u00f3n del COVID-19 en Espa\u00f1a, donde su actividad comercial y ahora societaria se han paralizado.<\/p>\n<p><a href=\"http:\/\/jordim52.sg-host.com\/wp-content\/uploads\/2020\/03\/MEDIDAS-EXTRAORDINARIAS-EN-EL-AMBITO-MERCANTIL-Y-SOCIETARIO.pdf\">Descargar PDF completo aqu\u00ed.<\/a><\/p>\n","protected":false},"excerpt":{"rendered":"<p>A causa de la situaci\u00f3n de extraordinaria gravedad en la que se encuentra la sociedad a ra\u00edz de la evoluci\u00f3n del COVID-19, a diario se toman medidas de contenci\u00f3n de car\u00e1cter urgente para distintos \u00e1mbitos de la sociedad civil. Dentro del \u00faltimo paquete de medidas aprobadas por el Gobierno durante la primera semana tras la declaraci\u00f3n del estado de alarma, se incluyen, entre otras, ciertas modificaciones temporales de \u00e1mbito mercantil y societario para las empresas espa\u00f1olas, tanto cotizadas como no cotizadas.<\/p>\n","protected":false},"author":8,"featured_media":36860,"comment_status":"closed","ping_status":"open","sticky":false,"template":"","format":"standard","meta":{"content-type":"","site-sidebar-layout":"no-sidebar","site-content-layout":"page-builder","ast-site-content-layout":"default","site-content-style":"default","site-sidebar-style":"default","ast-global-header-display":"","ast-banner-title-visibility":"","ast-main-header-display":"","ast-hfb-above-header-display":"","ast-hfb-below-header-display":"","ast-hfb-mobile-header-display":"","site-post-title":"","ast-breadcrumbs-content":"","ast-featured-img":"","footer-sml-layout":"","ast-disable-related-posts":"","theme-transparent-header-meta":"disabled","adv-header-id-meta":"","stick-header-meta":"","header-above-stick-meta":"","header-main-stick-meta":"","header-below-stick-meta":"","astra-migrate-meta-layouts":"set","ast-page-background-enabled":"default","ast-page-background-meta":{"desktop":{"background-color":"var(--ast-global-color-4)","background-image":"","background-repeat":"repeat","background-position":"center center","background-size":"auto","background-attachment":"scroll","background-type":"","background-media":"","overlay-type":"","overlay-color":"","overlay-opacity":"","overlay-gradient":""},"tablet":{"background-color":"","background-image":"","background-repeat":"repeat","background-position":"center center","background-size":"auto","background-attachment":"scroll","background-type":"","background-media":"","overlay-type":"","overlay-color":"","overlay-opacity":"","overlay-gradient":""},"mobile":{"background-color":"","background-image":"","background-repeat":"repeat","background-position":"center center","background-size":"auto","background-attachment":"scroll","background-type":"","background-media":"","overlay-type":"","overlay-color":"","overlay-opacity":"","overlay-gradient":""}},"ast-content-background-meta":{"desktop":{"background-color":"var(--ast-global-color-5)","background-image":"","background-repeat":"repeat","background-position":"center center","background-size":"auto","background-attachment":"scroll","background-type":"","background-media":"","overlay-type":"","overlay-color":"","overlay-opacity":"","overlay-gradient":""},"tablet":{"background-color":"var(--ast-global-color-5)","background-image":"","background-repeat":"repeat","background-position":"center center","background-size":"auto","background-attachment":"scroll","background-type":"","background-media":"","overlay-type":"","overlay-color":"","overlay-opacity":"","overlay-gradient":""},"mobile":{"background-color":"var(--ast-global-color-5)","background-image":"","background-repeat":"repeat","background-position":"center center","background-size":"auto","background-attachment":"scroll","background-type":"","background-media":"","overlay-type":"","overlay-color":"","overlay-opacity":"","overlay-gradient":""}},"footnotes":""},"categories":[],"tags":[2073,561,562,565,2651,1195],"servicio-asociado":[],"class_list":["post-36859","post","type-post","status-publish","format-standard","has-post-thumbnail","hentry","tag-augustaabogados-ca","tag-coronavid19","tag-coronavirus","tag-covid-19","tag-mercantil-ca","tag-societari"],"acf":[],"yoast_head":"<!-- This site is optimized with the Yoast SEO plugin v27.4 - https:\/\/yoast.com\/product\/yoast-seo-wordpress\/ -->\n<title>Informaci\u00f3n sobre la modificaci\u00f3n de la Ley catalana del Impuesto sobre Sucesiones y Donaciones|Informaci\u00f3n sobre la modificaci\u00f3n de la Ley catalana del Impuesto sobre Sucesiones y Donaciones<\/title>\n<meta name=\"description\" content=\"La modificaci\u00f3n de la Ley catalana del Impuesto sobre Sucesiones y Donaciones obliga a reevaluar las planificaciones fiscales de la sucesi\u00f3n familiar y empresarial.|La modificaci\u00f3n de la Ley catalana del Impuesto sobre Sucesiones y Donaciones obliga a reevaluar las planificaciones fiscales de la sucesi\u00f3n familiar y empresarial.\" \/>\n<meta name=\"robots\" content=\"index, follow, max-snippet:-1, max-image-preview:large, max-video-preview:-1\" \/>\n<link rel=\"canonical\" href=\"https:\/\/augustaabogados.com\/ca\/mesures-extraordinaries-en-lambit-mercantil-i-societari-a-causa-del-covid-19\/\" \/>\n<meta property=\"og:locale\" content=\"ca_ES\" \/>\n<meta property=\"og:type\" content=\"article\" \/>\n<meta property=\"og:title\" content=\"Informaci\u00f3n sobre la modificaci\u00f3n de la Ley catalana del Impuesto sobre Sucesiones y Donaciones|Informaci\u00f3n sobre la modificaci\u00f3n de la Ley catalana del Impuesto sobre Sucesiones y Donaciones\" \/>\n<meta property=\"og:description\" content=\"La modificaci\u00f3n de la Ley catalana del Impuesto sobre Sucesiones y Donaciones obliga a reevaluar las planificaciones fiscales de la sucesi\u00f3n familiar y empresarial.|La modificaci\u00f3n de la Ley catalana del Impuesto sobre Sucesiones y Donaciones obliga a reevaluar las planificaciones fiscales de la sucesi\u00f3n familiar y empresarial.\" \/>\n<meta property=\"og:url\" content=\"https:\/\/augustaabogados.com\/ca\/mesures-extraordinaries-en-lambit-mercantil-i-societari-a-causa-del-covid-19\/\" \/>\n<meta property=\"og:site_name\" content=\"Augusta Abogados\" \/>\n<meta property=\"article:published_time\" content=\"2020-03-20T00:00:00+00:00\" \/>\n<meta property=\"article:modified_time\" content=\"2024-02-06T10:33:07+00:00\" \/>\n<meta property=\"og:image\" content=\"https:\/\/augustaabogados.com\/wp-content\/uploads\/2024\/02\/NOTA-INFORMATIVA-AUGUSTA-ABOGADOS-368.jpg\" \/>\n\t<meta property=\"og:image:width\" content=\"800\" \/>\n\t<meta property=\"og:image:height\" content=\"418\" \/>\n\t<meta property=\"og:image:type\" content=\"image\/jpeg\" \/>\n<meta name=\"author\" content=\"Augusta Abogados\" \/>\n<meta name=\"twitter:card\" content=\"summary_large_image\" \/>\n<meta name=\"twitter:label1\" content=\"Escrit per\" \/>\n\t<meta name=\"twitter:data1\" content=\"Augusta Abogados\" \/>\n\t<meta name=\"twitter:label2\" content=\"Temps estimat de lectura\" \/>\n\t<meta name=\"twitter:data2\" content=\"3 minuts\" \/>\n<script type=\"application\/ld+json\" class=\"yoast-schema-graph\">{\"@context\":\"https:\\\/\\\/schema.org\",\"@graph\":[{\"@type\":\"Article\",\"@id\":\"https:\\\/\\\/augustaabogados.com\\\/ca\\\/mesures-extraordinaries-en-lambit-mercantil-i-societari-a-causa-del-covid-19\\\/#article\",\"isPartOf\":{\"@id\":\"https:\\\/\\\/augustaabogados.com\\\/ca\\\/mesures-extraordinaries-en-lambit-mercantil-i-societari-a-causa-del-covid-19\\\/\"},\"author\":{\"name\":\"Augusta Abogados\",\"@id\":\"https:\\\/\\\/augustaabogados.com\\\/#\\\/schema\\\/person\\\/8c5e230eb6ed47cdd14ee188eb04a753\"},\"headline\":\"Mesures extraordin\u00e0ries en l&#8217;\u00e0mbit mercantil i societari a causa del COVID \u0096 19\",\"datePublished\":\"2020-03-20T00:00:00+00:00\",\"dateModified\":\"2024-02-06T10:33:07+00:00\",\"mainEntityOfPage\":{\"@id\":\"https:\\\/\\\/augustaabogados.com\\\/ca\\\/mesures-extraordinaries-en-lambit-mercantil-i-societari-a-causa-del-covid-19\\\/\"},\"wordCount\":646,\"publisher\":{\"@id\":\"https:\\\/\\\/augustaabogados.com\\\/#organization\"},\"image\":{\"@id\":\"https:\\\/\\\/augustaabogados.com\\\/ca\\\/mesures-extraordinaries-en-lambit-mercantil-i-societari-a-causa-del-covid-19\\\/#primaryimage\"},\"thumbnailUrl\":\"https:\\\/\\\/augustaabogados.com\\\/wp-content\\\/uploads\\\/2024\\\/02\\\/NOTA-INFORMATIVA-AUGUSTA-ABOGADOS-368.jpg\",\"keywords\":[\"augustaabogados\",\"coronavid19\",\"coronavirus\",\"covid-19\",\"Mercantil\",\"societari\"],\"inLanguage\":\"ca\"},{\"@type\":[\"WebPage\",\"ItemPage\"],\"@id\":\"https:\\\/\\\/augustaabogados.com\\\/ca\\\/mesures-extraordinaries-en-lambit-mercantil-i-societari-a-causa-del-covid-19\\\/\",\"url\":\"https:\\\/\\\/augustaabogados.com\\\/ca\\\/mesures-extraordinaries-en-lambit-mercantil-i-societari-a-causa-del-covid-19\\\/\",\"name\":\"Informaci\u00f3n sobre la modificaci\u00f3n de la Ley catalana del Impuesto sobre Sucesiones y Donaciones|Informaci\u00f3n sobre la modificaci\u00f3n de la Ley catalana del Impuesto sobre Sucesiones y Donaciones\",\"isPartOf\":{\"@id\":\"https:\\\/\\\/augustaabogados.com\\\/#website\"},\"primaryImageOfPage\":{\"@id\":\"https:\\\/\\\/augustaabogados.com\\\/ca\\\/mesures-extraordinaries-en-lambit-mercantil-i-societari-a-causa-del-covid-19\\\/#primaryimage\"},\"image\":{\"@id\":\"https:\\\/\\\/augustaabogados.com\\\/ca\\\/mesures-extraordinaries-en-lambit-mercantil-i-societari-a-causa-del-covid-19\\\/#primaryimage\"},\"thumbnailUrl\":\"https:\\\/\\\/augustaabogados.com\\\/wp-content\\\/uploads\\\/2024\\\/02\\\/NOTA-INFORMATIVA-AUGUSTA-ABOGADOS-368.jpg\",\"datePublished\":\"2020-03-20T00:00:00+00:00\",\"dateModified\":\"2024-02-06T10:33:07+00:00\",\"description\":\"La modificaci\u00f3n de la Ley catalana del Impuesto sobre Sucesiones y Donaciones obliga a reevaluar las planificaciones fiscales de la sucesi\u00f3n familiar y empresarial.|La modificaci\u00f3n de la Ley catalana del Impuesto sobre Sucesiones y Donaciones obliga a reevaluar las planificaciones fiscales de la sucesi\u00f3n familiar y empresarial.\",\"breadcrumb\":{\"@id\":\"https:\\\/\\\/augustaabogados.com\\\/ca\\\/mesures-extraordinaries-en-lambit-mercantil-i-societari-a-causa-del-covid-19\\\/#breadcrumb\"},\"inLanguage\":\"ca\",\"potentialAction\":[{\"@type\":\"ReadAction\",\"target\":[\"https:\\\/\\\/augustaabogados.com\\\/ca\\\/mesures-extraordinaries-en-lambit-mercantil-i-societari-a-causa-del-covid-19\\\/\"]}]},{\"@type\":\"ImageObject\",\"inLanguage\":\"ca\",\"@id\":\"https:\\\/\\\/augustaabogados.com\\\/ca\\\/mesures-extraordinaries-en-lambit-mercantil-i-societari-a-causa-del-covid-19\\\/#primaryimage\",\"url\":\"https:\\\/\\\/augustaabogados.com\\\/wp-content\\\/uploads\\\/2024\\\/02\\\/NOTA-INFORMATIVA-AUGUSTA-ABOGADOS-368.jpg\",\"contentUrl\":\"https:\\\/\\\/augustaabogados.com\\\/wp-content\\\/uploads\\\/2024\\\/02\\\/NOTA-INFORMATIVA-AUGUSTA-ABOGADOS-368.jpg\",\"width\":800,\"height\":418},{\"@type\":\"BreadcrumbList\",\"@id\":\"https:\\\/\\\/augustaabogados.com\\\/ca\\\/mesures-extraordinaries-en-lambit-mercantil-i-societari-a-causa-del-covid-19\\\/#breadcrumb\",\"itemListElement\":[{\"@type\":\"ListItem\",\"position\":1,\"name\":\"Portada\",\"item\":\"https:\\\/\\\/augustaabogados.com\\\/ca\\\/\"},{\"@type\":\"ListItem\",\"position\":2,\"name\":\"Mesures extraordin\u00e0ries en l&#8217;\u00e0mbit mercantil i societari a causa del COVID \u0096 19\"}]},{\"@type\":\"WebSite\",\"@id\":\"https:\\\/\\\/augustaabogados.com\\\/#website\",\"url\":\"https:\\\/\\\/augustaabogados.com\\\/\",\"name\":\"Augusta Abogados\",\"description\":\"\",\"publisher\":{\"@id\":\"https:\\\/\\\/augustaabogados.com\\\/#organization\"},\"potentialAction\":[{\"@type\":\"SearchAction\",\"target\":{\"@type\":\"EntryPoint\",\"urlTemplate\":\"https:\\\/\\\/augustaabogados.com\\\/?s={search_term_string}\"},\"query-input\":{\"@type\":\"PropertyValueSpecification\",\"valueRequired\":true,\"valueName\":\"search_term_string\"}}],\"inLanguage\":\"ca\"},{\"@type\":\"Organization\",\"@id\":\"https:\\\/\\\/augustaabogados.com\\\/#organization\",\"name\":\"Augusta Abogados\",\"url\":\"https:\\\/\\\/augustaabogados.com\\\/\",\"logo\":{\"@type\":\"ImageObject\",\"inLanguage\":\"ca\",\"@id\":\"https:\\\/\\\/augustaabogados.com\\\/#\\\/schema\\\/logo\\\/image\\\/\",\"url\":\"https:\\\/\\\/augustaabogados.com\\\/wp-content\\\/uploads\\\/2023\\\/11\\\/LOGO-AUGUSTA.svg\",\"contentUrl\":\"https:\\\/\\\/augustaabogados.com\\\/wp-content\\\/uploads\\\/2023\\\/11\\\/LOGO-AUGUSTA.svg\",\"caption\":\"Augusta Abogados\"},\"image\":{\"@id\":\"https:\\\/\\\/augustaabogados.com\\\/#\\\/schema\\\/logo\\\/image\\\/\"}},{\"@type\":\"Person\",\"@id\":\"https:\\\/\\\/augustaabogados.com\\\/#\\\/schema\\\/person\\\/8c5e230eb6ed47cdd14ee188eb04a753\",\"name\":\"Augusta Abogados\",\"image\":{\"@type\":\"ImageObject\",\"inLanguage\":\"ca\",\"@id\":\"https:\\\/\\\/secure.gravatar.com\\\/avatar\\\/09e6ceb5fccff542915602bda752518fa959b0df2d103d929aefa74c2909a4bc?s=96&d=mm&r=g\",\"url\":\"https:\\\/\\\/secure.gravatar.com\\\/avatar\\\/09e6ceb5fccff542915602bda752518fa959b0df2d103d929aefa74c2909a4bc?s=96&d=mm&r=g\",\"contentUrl\":\"https:\\\/\\\/secure.gravatar.com\\\/avatar\\\/09e6ceb5fccff542915602bda752518fa959b0df2d103d929aefa74c2909a4bc?s=96&d=mm&r=g\",\"caption\":\"Augusta Abogados\"}}]}<\/script>\n<!-- \/ Yoast SEO plugin. -->","yoast_head_json":{"title":"Informaci\u00f3n sobre la modificaci\u00f3n de la Ley catalana del Impuesto sobre Sucesiones y Donaciones|Informaci\u00f3n sobre la modificaci\u00f3n de la Ley catalana del Impuesto sobre Sucesiones y Donaciones","description":"La modificaci\u00f3n de la Ley catalana del Impuesto sobre Sucesiones y Donaciones obliga a reevaluar las planificaciones fiscales de la sucesi\u00f3n familiar y empresarial.|La modificaci\u00f3n de la Ley catalana del Impuesto sobre Sucesiones y Donaciones obliga a reevaluar las planificaciones fiscales de la sucesi\u00f3n familiar y empresarial.","robots":{"index":"index","follow":"follow","max-snippet":"max-snippet:-1","max-image-preview":"max-image-preview:large","max-video-preview":"max-video-preview:-1"},"canonical":"https:\/\/augustaabogados.com\/ca\/mesures-extraordinaries-en-lambit-mercantil-i-societari-a-causa-del-covid-19\/","og_locale":"ca_ES","og_type":"article","og_title":"Informaci\u00f3n sobre la modificaci\u00f3n de la Ley catalana del Impuesto sobre Sucesiones y Donaciones|Informaci\u00f3n sobre la modificaci\u00f3n de la Ley catalana del Impuesto sobre Sucesiones y Donaciones","og_description":"La modificaci\u00f3n de la Ley catalana del Impuesto sobre Sucesiones y Donaciones obliga a reevaluar las planificaciones fiscales de la sucesi\u00f3n familiar y empresarial.|La modificaci\u00f3n de la Ley catalana del Impuesto sobre Sucesiones y Donaciones obliga a reevaluar las planificaciones fiscales de la sucesi\u00f3n familiar y empresarial.","og_url":"https:\/\/augustaabogados.com\/ca\/mesures-extraordinaries-en-lambit-mercantil-i-societari-a-causa-del-covid-19\/","og_site_name":"Augusta Abogados","article_published_time":"2020-03-20T00:00:00+00:00","article_modified_time":"2024-02-06T10:33:07+00:00","og_image":[{"width":800,"height":418,"url":"https:\/\/augustaabogados.com\/wp-content\/uploads\/2024\/02\/NOTA-INFORMATIVA-AUGUSTA-ABOGADOS-368.jpg","type":"image\/jpeg"}],"author":"Augusta Abogados","twitter_card":"summary_large_image","twitter_misc":{"Escrit per":"Augusta Abogados","Temps estimat de lectura":"3 minuts"},"schema":{"@context":"https:\/\/schema.org","@graph":[{"@type":"Article","@id":"https:\/\/augustaabogados.com\/ca\/mesures-extraordinaries-en-lambit-mercantil-i-societari-a-causa-del-covid-19\/#article","isPartOf":{"@id":"https:\/\/augustaabogados.com\/ca\/mesures-extraordinaries-en-lambit-mercantil-i-societari-a-causa-del-covid-19\/"},"author":{"name":"Augusta Abogados","@id":"https:\/\/augustaabogados.com\/#\/schema\/person\/8c5e230eb6ed47cdd14ee188eb04a753"},"headline":"Mesures extraordin\u00e0ries en l&#8217;\u00e0mbit mercantil i societari a causa del COVID \u0096 19","datePublished":"2020-03-20T00:00:00+00:00","dateModified":"2024-02-06T10:33:07+00:00","mainEntityOfPage":{"@id":"https:\/\/augustaabogados.com\/ca\/mesures-extraordinaries-en-lambit-mercantil-i-societari-a-causa-del-covid-19\/"},"wordCount":646,"publisher":{"@id":"https:\/\/augustaabogados.com\/#organization"},"image":{"@id":"https:\/\/augustaabogados.com\/ca\/mesures-extraordinaries-en-lambit-mercantil-i-societari-a-causa-del-covid-19\/#primaryimage"},"thumbnailUrl":"https:\/\/augustaabogados.com\/wp-content\/uploads\/2024\/02\/NOTA-INFORMATIVA-AUGUSTA-ABOGADOS-368.jpg","keywords":["augustaabogados","coronavid19","coronavirus","covid-19","Mercantil","societari"],"inLanguage":"ca"},{"@type":["WebPage","ItemPage"],"@id":"https:\/\/augustaabogados.com\/ca\/mesures-extraordinaries-en-lambit-mercantil-i-societari-a-causa-del-covid-19\/","url":"https:\/\/augustaabogados.com\/ca\/mesures-extraordinaries-en-lambit-mercantil-i-societari-a-causa-del-covid-19\/","name":"Informaci\u00f3n sobre la modificaci\u00f3n de la Ley catalana del Impuesto sobre Sucesiones y Donaciones|Informaci\u00f3n sobre la modificaci\u00f3n de la Ley catalana del Impuesto sobre Sucesiones y Donaciones","isPartOf":{"@id":"https:\/\/augustaabogados.com\/#website"},"primaryImageOfPage":{"@id":"https:\/\/augustaabogados.com\/ca\/mesures-extraordinaries-en-lambit-mercantil-i-societari-a-causa-del-covid-19\/#primaryimage"},"image":{"@id":"https:\/\/augustaabogados.com\/ca\/mesures-extraordinaries-en-lambit-mercantil-i-societari-a-causa-del-covid-19\/#primaryimage"},"thumbnailUrl":"https:\/\/augustaabogados.com\/wp-content\/uploads\/2024\/02\/NOTA-INFORMATIVA-AUGUSTA-ABOGADOS-368.jpg","datePublished":"2020-03-20T00:00:00+00:00","dateModified":"2024-02-06T10:33:07+00:00","description":"La modificaci\u00f3n de la Ley catalana del Impuesto sobre Sucesiones y Donaciones obliga a reevaluar las planificaciones fiscales de la sucesi\u00f3n familiar y empresarial.|La modificaci\u00f3n de la Ley catalana del Impuesto sobre Sucesiones y Donaciones obliga a reevaluar las planificaciones fiscales de la sucesi\u00f3n familiar y empresarial.","breadcrumb":{"@id":"https:\/\/augustaabogados.com\/ca\/mesures-extraordinaries-en-lambit-mercantil-i-societari-a-causa-del-covid-19\/#breadcrumb"},"inLanguage":"ca","potentialAction":[{"@type":"ReadAction","target":["https:\/\/augustaabogados.com\/ca\/mesures-extraordinaries-en-lambit-mercantil-i-societari-a-causa-del-covid-19\/"]}]},{"@type":"ImageObject","inLanguage":"ca","@id":"https:\/\/augustaabogados.com\/ca\/mesures-extraordinaries-en-lambit-mercantil-i-societari-a-causa-del-covid-19\/#primaryimage","url":"https:\/\/augustaabogados.com\/wp-content\/uploads\/2024\/02\/NOTA-INFORMATIVA-AUGUSTA-ABOGADOS-368.jpg","contentUrl":"https:\/\/augustaabogados.com\/wp-content\/uploads\/2024\/02\/NOTA-INFORMATIVA-AUGUSTA-ABOGADOS-368.jpg","width":800,"height":418},{"@type":"BreadcrumbList","@id":"https:\/\/augustaabogados.com\/ca\/mesures-extraordinaries-en-lambit-mercantil-i-societari-a-causa-del-covid-19\/#breadcrumb","itemListElement":[{"@type":"ListItem","position":1,"name":"Portada","item":"https:\/\/augustaabogados.com\/ca\/"},{"@type":"ListItem","position":2,"name":"Mesures extraordin\u00e0ries en l&#8217;\u00e0mbit mercantil i societari a causa del COVID \u0096 19"}]},{"@type":"WebSite","@id":"https:\/\/augustaabogados.com\/#website","url":"https:\/\/augustaabogados.com\/","name":"Augusta Abogados","description":"","publisher":{"@id":"https:\/\/augustaabogados.com\/#organization"},"potentialAction":[{"@type":"SearchAction","target":{"@type":"EntryPoint","urlTemplate":"https:\/\/augustaabogados.com\/?s={search_term_string}"},"query-input":{"@type":"PropertyValueSpecification","valueRequired":true,"valueName":"search_term_string"}}],"inLanguage":"ca"},{"@type":"Organization","@id":"https:\/\/augustaabogados.com\/#organization","name":"Augusta Abogados","url":"https:\/\/augustaabogados.com\/","logo":{"@type":"ImageObject","inLanguage":"ca","@id":"https:\/\/augustaabogados.com\/#\/schema\/logo\/image\/","url":"https:\/\/augustaabogados.com\/wp-content\/uploads\/2023\/11\/LOGO-AUGUSTA.svg","contentUrl":"https:\/\/augustaabogados.com\/wp-content\/uploads\/2023\/11\/LOGO-AUGUSTA.svg","caption":"Augusta Abogados"},"image":{"@id":"https:\/\/augustaabogados.com\/#\/schema\/logo\/image\/"}},{"@type":"Person","@id":"https:\/\/augustaabogados.com\/#\/schema\/person\/8c5e230eb6ed47cdd14ee188eb04a753","name":"Augusta Abogados","image":{"@type":"ImageObject","inLanguage":"ca","@id":"https:\/\/secure.gravatar.com\/avatar\/09e6ceb5fccff542915602bda752518fa959b0df2d103d929aefa74c2909a4bc?s=96&d=mm&r=g","url":"https:\/\/secure.gravatar.com\/avatar\/09e6ceb5fccff542915602bda752518fa959b0df2d103d929aefa74c2909a4bc?s=96&d=mm&r=g","contentUrl":"https:\/\/secure.gravatar.com\/avatar\/09e6ceb5fccff542915602bda752518fa959b0df2d103d929aefa74c2909a4bc?s=96&d=mm&r=g","caption":"Augusta Abogados"}}]}},"_links":{"self":[{"href":"https:\/\/augustaabogados.com\/ca\/wp-json\/wp\/v2\/posts\/36859","targetHints":{"allow":["GET"]}}],"collection":[{"href":"https:\/\/augustaabogados.com\/ca\/wp-json\/wp\/v2\/posts"}],"about":[{"href":"https:\/\/augustaabogados.com\/ca\/wp-json\/wp\/v2\/types\/post"}],"author":[{"embeddable":true,"href":"https:\/\/augustaabogados.com\/ca\/wp-json\/wp\/v2\/users\/8"}],"replies":[{"embeddable":true,"href":"https:\/\/augustaabogados.com\/ca\/wp-json\/wp\/v2\/comments?post=36859"}],"version-history":[{"count":1,"href":"https:\/\/augustaabogados.com\/ca\/wp-json\/wp\/v2\/posts\/36859\/revisions"}],"predecessor-version":[{"id":40765,"href":"https:\/\/augustaabogados.com\/ca\/wp-json\/wp\/v2\/posts\/36859\/revisions\/40765"}],"wp:featuredmedia":[{"embeddable":true,"href":"https:\/\/augustaabogados.com\/ca\/wp-json\/wp\/v2\/media\/36860"}],"wp:attachment":[{"href":"https:\/\/augustaabogados.com\/ca\/wp-json\/wp\/v2\/media?parent=36859"}],"wp:term":[{"taxonomy":"category","embeddable":true,"href":"https:\/\/augustaabogados.com\/ca\/wp-json\/wp\/v2\/categories?post=36859"},{"taxonomy":"post_tag","embeddable":true,"href":"https:\/\/augustaabogados.com\/ca\/wp-json\/wp\/v2\/tags?post=36859"},{"taxonomy":"servicio-asociado","embeddable":true,"href":"https:\/\/augustaabogados.com\/ca\/wp-json\/wp\/v2\/servicio-asociado?post=36859"}],"curies":[{"name":"wp","href":"https:\/\/api.w.org\/{rel}","templated":true}]}}