{"id":36863,"date":"2020-03-23T00:00:00","date_gmt":"2020-03-23T00:00:00","guid":{"rendered":"https:\/\/augustaabogados.com\/mesures-extraordinaries-adoptades-en-lambit-processal-i-concursal-a-causa-del-covid-19\/"},"modified":"2024-02-06T10:33:05","modified_gmt":"2024-02-06T10:33:05","slug":"mesures-extraordinaries-adoptades-en-lambit-processal-i-concursal-a-causa-del-covid-19","status":"publish","type":"post","link":"https:\/\/augustaabogados.com\/ca\/mesures-extraordinaries-adoptades-en-lambit-processal-i-concursal-a-causa-del-covid-19\/","title":{"rendered":"Mesures extraordin\u00e0ries adoptades en l\u0092\u00e0mbit processal i concursal a causa del COVID-19"},"content":{"rendered":"<p>El darrer 14 de mar\u00e7, per mitj\u00e0 del Reial Decret 463\/2020, va ser declarat l&#8217;estat d&#8217;alarma per a la gesti\u00f3 de la situaci\u00f3 de crisi sanit\u00e0ria ocasionada pel COVID-19, pel qual, en la seva disposici\u00f3 addicional segona es va acordar la suspensi\u00f3 de tots els termes i terminis previstos en les lleis processals en tots els ordres jurisdiccionals, a excepci\u00f3, d&#8217;aquelles actuacions i procediments declarats urgents (especificats a l&#8217;apartat 2. i 3. de la mencionada disposici\u00f3 addicional 2\u00aa) o aquelles actuacions o procediments la continu\u00eftat de les quals fos expressament acordada pel jutge o tribunal competent a fi d&#8217;evitar perjudicis irreparables als drets i interessos leg\u00edtims de les parts en el proc\u00e9s.<\/p>\n<p>A m\u00e9s, a la seva disposici\u00f3 addicional quarta es preveu la suspensi\u00f3 dels terminis de prescripci\u00f3 i caducitat de les accions i drets durant la vig\u00e8ncia de l&#8217;estat d&#8217;alarma.<\/p>\n<p>El per\u00edode de duraci\u00f3 de la suspensi\u00f3 va unida a la vig\u00e8ncia de l&#8217;estat d&#8217;alarma que, inicialment, es va declarar per quinze dies naturals i que, amb tota probabilitat, es prorrogar\u00e0 quinze dies naturals m\u00e9s, \u00e9s a dir, fins a l&#8217;11 d&#8217;abril de 2020.<\/p>\n<p>Certament, el mateix dia 14 de mar\u00e7 la Comissi\u00f3 Permanent del Consell General del Poder Judicial va acordar la suspensi\u00f3 i, per tant, l&#8217;ajornament, de totes les actuacions judicials que hagu\u00e9ssin estat pr\u00e8viament programades, excepte aquelles declarades urgents.<\/p>\n<p>Conseg\u00fcentment, a data d&#8217;avui, tota activitat judicial, a excepci\u00f3 d&#8217;aquella declarada urgent, ja sigui legal o expressament aix\u00ed considerada pels jutjats o tribunals est\u00e0 suspesa mentre segueixi vigent l&#8217;estat d&#8217;alarma.<\/p>\n<p>Aquestes mesures tenen afectaci\u00f3 directa en l&#8217;\u00e0mbit concursal al resultar d&#8217;aplicaci\u00f3 a tots els procediments concursals en tr\u00e0mit i a les actuacions judicials a practicar als mateixos.<\/p>\n<p>M\u00e9s endavant, per mitj\u00e0 del Reial Decret 8\/2020 de 17 de mar\u00e7, de mesures urgents extraordin\u00e0ries per a fer front a l&#8217;impacte econ\u00f2mic i social del COVID-19, en concret, en el seu article 43 s&#8217;han establert les seg\u00fcents mesures concretes en l&#8217;\u00e0mbit concursal:<\/p>\n<ul>\n<li><strong>Suspensi\u00f3 del deure de sol\u00b7licitar el concurs.<\/strong><\/li>\n<\/ul>\n<p>Es susp\u00e8n el deure del deutor que es trobi en estat d&#8217;insolv\u00e8ncia (ja sigui actual o imminent) de sol\u00b7licitar el concurs voluntari en el termini de dos mesos que estableix l&#8217;article 5 de la Llei Concursal, mentre romangui l&#8217;estat d&#8217;alarma actual.<\/p>\n<ul>\n<li><strong>Concurs necessari<\/strong><\/li>\n<\/ul>\n<p>No s&#8217;admetr\u00e0n durant l&#8217;estat d&#8217;alarma les sol\u00b7licituts de concurs necessari. Aquestes sol\u00b7licituds \u00fanicament s&#8217;admetr\u00e0n transcorreguts dos mesos des de la finalitzaci\u00f3 de l&#8217;estat d&#8217;alarma. Si durant aquest per\u00edode s&#8217;hagu\u00e9s presentat sol\u00b7licitud de concurs voluntari, s&#8217;admetr\u00e0 la sol\u00b7licitud de concurs voluntari amb prefer\u00e8ncia a la sol\u00b7licitud de concurs necessari.<\/p>\n<ul>\n<li><strong>Preconcurs a trav\u00e9s de la comunicaci\u00f3 prevista a l&#8217;article 5 bis de la Llei Concursal.<\/strong><\/li>\n<\/ul>\n<p>Durant la vig\u00e8ncia de l&#8217;estat d&#8217;alarma es susp\u00e8n igualment el deure de sol\u00b7licitar el concurs d&#8217;aquelles persones f\u00edsiques o jur\u00eddiques que hagu\u00e9ssin presentat la comunicaci\u00f3 regulada a l&#8217;article 5 bis de la Llei Concursal (l&#8217;anomentat preconcurs), tot i que venci el termini legal establert al mencionat article 5 bis de la Llei Concursal.<\/p>\n<p>Aquestes mesures es complementen mitjan\u00e7ant l&#8217;acord adoptat pel Consell General del Poder Judicial, de 18 de mar\u00e7, pel que s&#8217;estableix que durant l&#8217;estat d&#8217;alarma nom\u00e9s podr\u00e0n presentar-se escrits processals vinculats a actuacions judicials urgents i sempre a trav\u00e9s de LexNET.<\/p>\n<p>Tanmateix, s&#8217;acorda extendre l&#8217;abast de la suspensi\u00f3 dels terminis processals declarat pel RD 463\/2020, amb car\u00e0cter general, a aquells terminis legalment establerts pel compliment d&#8217;obligacions legals amb projecci\u00f3 processal i, en particular, als que regeixen per a la presentaci\u00f3 de sol\u00b7licitud de concurs, tal i com es va declarar a l&#8217;article 43.1 del RDL 8\/2020.<\/p>\n<p><a href=\"http:\/\/jordim52.sg-host.com\/wp-content\/uploads\/2020\/03\/Mesures-extraordina?ries-adoptades-en-l\u0092a?mbit-processal-i-concursal-a-causa-del-COVID-19-CA.pdf\">Descarregar not\u00edcia completa en format PDF.<\/a><\/p>\n","protected":false},"excerpt":{"rendered":"<p>Especial atenci\u00f3 a les mesures extraordin\u00e0ries adoptades en l\u0092\u00e0mbit processal i concursal com a conseq\u00fc\u00e8ncia de la declaraci\u00f3 de l\u0092estat d\u0092alarma.<\/p>\n","protected":false},"author":8,"featured_media":36864,"comment_status":"closed","ping_status":"open","sticky":false,"template":"","format":"standard","meta":{"content-type":"","site-sidebar-layout":"no-sidebar","site-content-layout":"page-builder","ast-site-content-layout":"default","site-content-style":"default","site-sidebar-style":"default","ast-global-header-display":"","ast-banner-title-visibility":"","ast-main-header-display":"","ast-hfb-above-header-display":"","ast-hfb-below-header-display":"","ast-hfb-mobile-header-display":"","site-post-title":"","ast-breadcrumbs-content":"","ast-featured-img":"","footer-sml-layout":"","ast-disable-related-posts":"","theme-transparent-header-meta":"disabled","adv-header-id-meta":"","stick-header-meta":"","header-above-stick-meta":"","header-main-stick-meta":"","header-below-stick-meta":"","astra-migrate-meta-layouts":"set","ast-page-background-enabled":"default","ast-page-background-meta":{"desktop":{"background-color":"var(--ast-global-color-4)","background-image":"","background-repeat":"repeat","background-position":"center center","background-size":"auto","background-attachment":"scroll","background-type":"","background-media":"","overlay-type":"","overlay-color":"","overlay-opacity":"","overlay-gradient":""},"tablet":{"background-color":"","background-image":"","background-repeat":"repeat","background-position":"center center","background-size":"auto","background-attachment":"scroll","background-type":"","background-media":"","overlay-type":"","overlay-color":"","overlay-opacity":"","overlay-gradient":""},"mobile":{"background-color":"","background-image":"","background-repeat":"repeat","background-position":"center center","background-size":"auto","background-attachment":"scroll","background-type":"","background-media":"","overlay-type":"","overlay-color":"","overlay-opacity":"","overlay-gradient":""}},"ast-content-background-meta":{"desktop":{"background-color":"var(--ast-global-color-5)","background-image":"","background-repeat":"repeat","background-position":"center center","background-size":"auto","background-attachment":"scroll","background-type":"","background-media":"","overlay-type":"","overlay-color":"","overlay-opacity":"","overlay-gradient":""},"tablet":{"background-color":"var(--ast-global-color-5)","background-image":"","background-repeat":"repeat","background-position":"center center","background-size":"auto","background-attachment":"scroll","background-type":"","background-media":"","overlay-type":"","overlay-color":"","overlay-opacity":"","overlay-gradient":""},"mobile":{"background-color":"var(--ast-global-color-5)","background-image":"","background-repeat":"repeat","background-position":"center center","background-size":"auto","background-attachment":"scroll","background-type":"","background-media":"","overlay-type":"","overlay-color":"","overlay-opacity":"","overlay-gradient":""}},"footnotes":""},"categories":[],"tags":[575,1196],"servicio-asociado":[],"class_list":["post-36863","post","type-post","status-publish","format-standard","has-post-thumbnail","hentry","tag-procesal","tag-processal"],"acf":[],"yoast_head":"<!-- This site is optimized with the Yoast SEO plugin v27.4 - https:\/\/yoast.com\/product\/yoast-seo-wordpress\/ -->\n<title>Informaci\u00f3n sobre la modificaci\u00f3n de la Ley catalana del Impuesto sobre Sucesiones y Donaciones|Informaci\u00f3n sobre la modificaci\u00f3n de la Ley catalana del Impuesto sobre Sucesiones y Donaciones<\/title>\n<meta name=\"description\" content=\"La modificaci\u00f3n de la Ley catalana del Impuesto sobre Sucesiones y Donaciones obliga a reevaluar las planificaciones fiscales de la sucesi\u00f3n familiar y empresarial.|La modificaci\u00f3n de la Ley catalana del Impuesto sobre Sucesiones y Donaciones obliga a reevaluar las planificaciones fiscales de la sucesi\u00f3n familiar y empresarial.\" \/>\n<meta name=\"robots\" content=\"index, follow, max-snippet:-1, max-image-preview:large, max-video-preview:-1\" \/>\n<link rel=\"canonical\" href=\"https:\/\/augustaabogados.com\/ca\/mesures-extraordinaries-adoptades-en-lambit-processal-i-concursal-a-causa-del-covid-19\/\" \/>\n<meta property=\"og:locale\" content=\"ca_ES\" \/>\n<meta property=\"og:type\" content=\"article\" \/>\n<meta property=\"og:title\" content=\"Informaci\u00f3n sobre la modificaci\u00f3n de la Ley catalana del Impuesto sobre Sucesiones y Donaciones|Informaci\u00f3n sobre la modificaci\u00f3n de la Ley catalana del Impuesto sobre Sucesiones y Donaciones\" \/>\n<meta property=\"og:description\" content=\"La modificaci\u00f3n de la Ley catalana del Impuesto sobre Sucesiones y Donaciones obliga a reevaluar las planificaciones fiscales de la sucesi\u00f3n familiar y empresarial.|La modificaci\u00f3n de la Ley catalana del Impuesto sobre Sucesiones y Donaciones obliga a reevaluar las planificaciones fiscales de la sucesi\u00f3n familiar y empresarial.\" \/>\n<meta property=\"og:url\" content=\"https:\/\/augustaabogados.com\/ca\/mesures-extraordinaries-adoptades-en-lambit-processal-i-concursal-a-causa-del-covid-19\/\" \/>\n<meta property=\"og:site_name\" content=\"Augusta Abogados\" \/>\n<meta property=\"article:published_time\" content=\"2020-03-23T00:00:00+00:00\" \/>\n<meta property=\"article:modified_time\" content=\"2024-02-06T10:33:05+00:00\" \/>\n<meta property=\"og:image\" content=\"https:\/\/augustaabogados.com\/wp-content\/uploads\/2024\/02\/covid-19-news-augusta-abogados-51.jpg\" \/>\n\t<meta property=\"og:image:width\" content=\"800\" \/>\n\t<meta property=\"og:image:height\" content=\"418\" \/>\n\t<meta property=\"og:image:type\" content=\"image\/jpeg\" \/>\n<meta name=\"author\" content=\"Augusta Abogados\" \/>\n<meta name=\"twitter:card\" content=\"summary_large_image\" \/>\n<meta name=\"twitter:label1\" content=\"Escrit per\" \/>\n\t<meta name=\"twitter:data1\" content=\"Augusta Abogados\" \/>\n\t<meta name=\"twitter:label2\" content=\"Temps estimat de lectura\" \/>\n\t<meta name=\"twitter:data2\" content=\"3 minuts\" \/>\n<script type=\"application\/ld+json\" class=\"yoast-schema-graph\">{\"@context\":\"https:\\\/\\\/schema.org\",\"@graph\":[{\"@type\":\"Article\",\"@id\":\"https:\\\/\\\/augustaabogados.com\\\/ca\\\/mesures-extraordinaries-adoptades-en-lambit-processal-i-concursal-a-causa-del-covid-19\\\/#article\",\"isPartOf\":{\"@id\":\"https:\\\/\\\/augustaabogados.com\\\/ca\\\/mesures-extraordinaries-adoptades-en-lambit-processal-i-concursal-a-causa-del-covid-19\\\/\"},\"author\":{\"name\":\"Augusta Abogados\",\"@id\":\"https:\\\/\\\/augustaabogados.com\\\/#\\\/schema\\\/person\\\/8c5e230eb6ed47cdd14ee188eb04a753\"},\"headline\":\"Mesures extraordin\u00e0ries adoptades en l\u0092\u00e0mbit processal i concursal a causa del COVID-19\",\"datePublished\":\"2020-03-23T00:00:00+00:00\",\"dateModified\":\"2024-02-06T10:33:05+00:00\",\"mainEntityOfPage\":{\"@id\":\"https:\\\/\\\/augustaabogados.com\\\/ca\\\/mesures-extraordinaries-adoptades-en-lambit-processal-i-concursal-a-causa-del-covid-19\\\/\"},\"wordCount\":677,\"publisher\":{\"@id\":\"https:\\\/\\\/augustaabogados.com\\\/#organization\"},\"image\":{\"@id\":\"https:\\\/\\\/augustaabogados.com\\\/ca\\\/mesures-extraordinaries-adoptades-en-lambit-processal-i-concursal-a-causa-del-covid-19\\\/#primaryimage\"},\"thumbnailUrl\":\"https:\\\/\\\/augustaabogados.com\\\/wp-content\\\/uploads\\\/2024\\\/02\\\/covid-19-news-augusta-abogados-51.jpg\",\"keywords\":[\"procesal\",\"processal\"],\"inLanguage\":\"ca\"},{\"@type\":[\"WebPage\",\"ItemPage\"],\"@id\":\"https:\\\/\\\/augustaabogados.com\\\/ca\\\/mesures-extraordinaries-adoptades-en-lambit-processal-i-concursal-a-causa-del-covid-19\\\/\",\"url\":\"https:\\\/\\\/augustaabogados.com\\\/ca\\\/mesures-extraordinaries-adoptades-en-lambit-processal-i-concursal-a-causa-del-covid-19\\\/\",\"name\":\"Informaci\u00f3n sobre la modificaci\u00f3n de la Ley catalana del Impuesto sobre Sucesiones y Donaciones|Informaci\u00f3n sobre la modificaci\u00f3n de la Ley catalana del Impuesto sobre Sucesiones y Donaciones\",\"isPartOf\":{\"@id\":\"https:\\\/\\\/augustaabogados.com\\\/#website\"},\"primaryImageOfPage\":{\"@id\":\"https:\\\/\\\/augustaabogados.com\\\/ca\\\/mesures-extraordinaries-adoptades-en-lambit-processal-i-concursal-a-causa-del-covid-19\\\/#primaryimage\"},\"image\":{\"@id\":\"https:\\\/\\\/augustaabogados.com\\\/ca\\\/mesures-extraordinaries-adoptades-en-lambit-processal-i-concursal-a-causa-del-covid-19\\\/#primaryimage\"},\"thumbnailUrl\":\"https:\\\/\\\/augustaabogados.com\\\/wp-content\\\/uploads\\\/2024\\\/02\\\/covid-19-news-augusta-abogados-51.jpg\",\"datePublished\":\"2020-03-23T00:00:00+00:00\",\"dateModified\":\"2024-02-06T10:33:05+00:00\",\"description\":\"La modificaci\u00f3n de la Ley catalana del Impuesto sobre Sucesiones y Donaciones obliga a reevaluar las planificaciones fiscales de la sucesi\u00f3n familiar y empresarial.|La modificaci\u00f3n de la Ley catalana del Impuesto sobre Sucesiones y Donaciones obliga a reevaluar las planificaciones fiscales de la sucesi\u00f3n familiar y empresarial.\",\"breadcrumb\":{\"@id\":\"https:\\\/\\\/augustaabogados.com\\\/ca\\\/mesures-extraordinaries-adoptades-en-lambit-processal-i-concursal-a-causa-del-covid-19\\\/#breadcrumb\"},\"inLanguage\":\"ca\",\"potentialAction\":[{\"@type\":\"ReadAction\",\"target\":[\"https:\\\/\\\/augustaabogados.com\\\/ca\\\/mesures-extraordinaries-adoptades-en-lambit-processal-i-concursal-a-causa-del-covid-19\\\/\"]}]},{\"@type\":\"ImageObject\",\"inLanguage\":\"ca\",\"@id\":\"https:\\\/\\\/augustaabogados.com\\\/ca\\\/mesures-extraordinaries-adoptades-en-lambit-processal-i-concursal-a-causa-del-covid-19\\\/#primaryimage\",\"url\":\"https:\\\/\\\/augustaabogados.com\\\/wp-content\\\/uploads\\\/2024\\\/02\\\/covid-19-news-augusta-abogados-51.jpg\",\"contentUrl\":\"https:\\\/\\\/augustaabogados.com\\\/wp-content\\\/uploads\\\/2024\\\/02\\\/covid-19-news-augusta-abogados-51.jpg\",\"width\":800,\"height\":418},{\"@type\":\"BreadcrumbList\",\"@id\":\"https:\\\/\\\/augustaabogados.com\\\/ca\\\/mesures-extraordinaries-adoptades-en-lambit-processal-i-concursal-a-causa-del-covid-19\\\/#breadcrumb\",\"itemListElement\":[{\"@type\":\"ListItem\",\"position\":1,\"name\":\"Portada\",\"item\":\"https:\\\/\\\/augustaabogados.com\\\/ca\\\/\"},{\"@type\":\"ListItem\",\"position\":2,\"name\":\"Mesures extraordin\u00e0ries adoptades en l\u0092\u00e0mbit processal i concursal a causa del COVID-19\"}]},{\"@type\":\"WebSite\",\"@id\":\"https:\\\/\\\/augustaabogados.com\\\/#website\",\"url\":\"https:\\\/\\\/augustaabogados.com\\\/\",\"name\":\"Augusta Abogados\",\"description\":\"\",\"publisher\":{\"@id\":\"https:\\\/\\\/augustaabogados.com\\\/#organization\"},\"potentialAction\":[{\"@type\":\"SearchAction\",\"target\":{\"@type\":\"EntryPoint\",\"urlTemplate\":\"https:\\\/\\\/augustaabogados.com\\\/?s={search_term_string}\"},\"query-input\":{\"@type\":\"PropertyValueSpecification\",\"valueRequired\":true,\"valueName\":\"search_term_string\"}}],\"inLanguage\":\"ca\"},{\"@type\":\"Organization\",\"@id\":\"https:\\\/\\\/augustaabogados.com\\\/#organization\",\"name\":\"Augusta Abogados\",\"url\":\"https:\\\/\\\/augustaabogados.com\\\/\",\"logo\":{\"@type\":\"ImageObject\",\"inLanguage\":\"ca\",\"@id\":\"https:\\\/\\\/augustaabogados.com\\\/#\\\/schema\\\/logo\\\/image\\\/\",\"url\":\"https:\\\/\\\/augustaabogados.com\\\/wp-content\\\/uploads\\\/2023\\\/11\\\/LOGO-AUGUSTA.svg\",\"contentUrl\":\"https:\\\/\\\/augustaabogados.com\\\/wp-content\\\/uploads\\\/2023\\\/11\\\/LOGO-AUGUSTA.svg\",\"caption\":\"Augusta Abogados\"},\"image\":{\"@id\":\"https:\\\/\\\/augustaabogados.com\\\/#\\\/schema\\\/logo\\\/image\\\/\"}},{\"@type\":\"Person\",\"@id\":\"https:\\\/\\\/augustaabogados.com\\\/#\\\/schema\\\/person\\\/8c5e230eb6ed47cdd14ee188eb04a753\",\"name\":\"Augusta Abogados\",\"image\":{\"@type\":\"ImageObject\",\"inLanguage\":\"ca\",\"@id\":\"https:\\\/\\\/secure.gravatar.com\\\/avatar\\\/09e6ceb5fccff542915602bda752518fa959b0df2d103d929aefa74c2909a4bc?s=96&d=mm&r=g\",\"url\":\"https:\\\/\\\/secure.gravatar.com\\\/avatar\\\/09e6ceb5fccff542915602bda752518fa959b0df2d103d929aefa74c2909a4bc?s=96&d=mm&r=g\",\"contentUrl\":\"https:\\\/\\\/secure.gravatar.com\\\/avatar\\\/09e6ceb5fccff542915602bda752518fa959b0df2d103d929aefa74c2909a4bc?s=96&d=mm&r=g\",\"caption\":\"Augusta Abogados\"}}]}<\/script>\n<!-- \/ Yoast SEO plugin. -->","yoast_head_json":{"title":"Informaci\u00f3n sobre la modificaci\u00f3n de la Ley catalana del Impuesto sobre Sucesiones y Donaciones|Informaci\u00f3n sobre la modificaci\u00f3n de la Ley catalana del Impuesto sobre Sucesiones y Donaciones","description":"La modificaci\u00f3n de la Ley catalana del Impuesto sobre Sucesiones y Donaciones obliga a reevaluar las planificaciones fiscales de la sucesi\u00f3n familiar y empresarial.|La modificaci\u00f3n de la Ley catalana del Impuesto sobre Sucesiones y Donaciones obliga a reevaluar las planificaciones fiscales de la sucesi\u00f3n familiar y empresarial.","robots":{"index":"index","follow":"follow","max-snippet":"max-snippet:-1","max-image-preview":"max-image-preview:large","max-video-preview":"max-video-preview:-1"},"canonical":"https:\/\/augustaabogados.com\/ca\/mesures-extraordinaries-adoptades-en-lambit-processal-i-concursal-a-causa-del-covid-19\/","og_locale":"ca_ES","og_type":"article","og_title":"Informaci\u00f3n sobre la modificaci\u00f3n de la Ley catalana del Impuesto sobre Sucesiones y Donaciones|Informaci\u00f3n sobre la modificaci\u00f3n de la Ley catalana del Impuesto sobre Sucesiones y Donaciones","og_description":"La modificaci\u00f3n de la Ley catalana del Impuesto sobre Sucesiones y Donaciones obliga a reevaluar las planificaciones fiscales de la sucesi\u00f3n familiar y empresarial.|La modificaci\u00f3n de la Ley catalana del Impuesto sobre Sucesiones y Donaciones obliga a reevaluar las planificaciones fiscales de la sucesi\u00f3n familiar y empresarial.","og_url":"https:\/\/augustaabogados.com\/ca\/mesures-extraordinaries-adoptades-en-lambit-processal-i-concursal-a-causa-del-covid-19\/","og_site_name":"Augusta Abogados","article_published_time":"2020-03-23T00:00:00+00:00","article_modified_time":"2024-02-06T10:33:05+00:00","og_image":[{"width":800,"height":418,"url":"https:\/\/augustaabogados.com\/wp-content\/uploads\/2024\/02\/covid-19-news-augusta-abogados-51.jpg","type":"image\/jpeg"}],"author":"Augusta Abogados","twitter_card":"summary_large_image","twitter_misc":{"Escrit per":"Augusta Abogados","Temps estimat de lectura":"3 minuts"},"schema":{"@context":"https:\/\/schema.org","@graph":[{"@type":"Article","@id":"https:\/\/augustaabogados.com\/ca\/mesures-extraordinaries-adoptades-en-lambit-processal-i-concursal-a-causa-del-covid-19\/#article","isPartOf":{"@id":"https:\/\/augustaabogados.com\/ca\/mesures-extraordinaries-adoptades-en-lambit-processal-i-concursal-a-causa-del-covid-19\/"},"author":{"name":"Augusta Abogados","@id":"https:\/\/augustaabogados.com\/#\/schema\/person\/8c5e230eb6ed47cdd14ee188eb04a753"},"headline":"Mesures extraordin\u00e0ries adoptades en l\u0092\u00e0mbit processal i concursal a causa del COVID-19","datePublished":"2020-03-23T00:00:00+00:00","dateModified":"2024-02-06T10:33:05+00:00","mainEntityOfPage":{"@id":"https:\/\/augustaabogados.com\/ca\/mesures-extraordinaries-adoptades-en-lambit-processal-i-concursal-a-causa-del-covid-19\/"},"wordCount":677,"publisher":{"@id":"https:\/\/augustaabogados.com\/#organization"},"image":{"@id":"https:\/\/augustaabogados.com\/ca\/mesures-extraordinaries-adoptades-en-lambit-processal-i-concursal-a-causa-del-covid-19\/#primaryimage"},"thumbnailUrl":"https:\/\/augustaabogados.com\/wp-content\/uploads\/2024\/02\/covid-19-news-augusta-abogados-51.jpg","keywords":["procesal","processal"],"inLanguage":"ca"},{"@type":["WebPage","ItemPage"],"@id":"https:\/\/augustaabogados.com\/ca\/mesures-extraordinaries-adoptades-en-lambit-processal-i-concursal-a-causa-del-covid-19\/","url":"https:\/\/augustaabogados.com\/ca\/mesures-extraordinaries-adoptades-en-lambit-processal-i-concursal-a-causa-del-covid-19\/","name":"Informaci\u00f3n sobre la modificaci\u00f3n de la Ley catalana del Impuesto sobre Sucesiones y Donaciones|Informaci\u00f3n sobre la modificaci\u00f3n de la Ley catalana del Impuesto sobre Sucesiones y Donaciones","isPartOf":{"@id":"https:\/\/augustaabogados.com\/#website"},"primaryImageOfPage":{"@id":"https:\/\/augustaabogados.com\/ca\/mesures-extraordinaries-adoptades-en-lambit-processal-i-concursal-a-causa-del-covid-19\/#primaryimage"},"image":{"@id":"https:\/\/augustaabogados.com\/ca\/mesures-extraordinaries-adoptades-en-lambit-processal-i-concursal-a-causa-del-covid-19\/#primaryimage"},"thumbnailUrl":"https:\/\/augustaabogados.com\/wp-content\/uploads\/2024\/02\/covid-19-news-augusta-abogados-51.jpg","datePublished":"2020-03-23T00:00:00+00:00","dateModified":"2024-02-06T10:33:05+00:00","description":"La modificaci\u00f3n de la Ley catalana del Impuesto sobre Sucesiones y Donaciones obliga a reevaluar las planificaciones fiscales de la sucesi\u00f3n familiar y empresarial.|La modificaci\u00f3n de la Ley catalana del Impuesto sobre Sucesiones y Donaciones obliga a reevaluar las planificaciones fiscales de la sucesi\u00f3n familiar y empresarial.","breadcrumb":{"@id":"https:\/\/augustaabogados.com\/ca\/mesures-extraordinaries-adoptades-en-lambit-processal-i-concursal-a-causa-del-covid-19\/#breadcrumb"},"inLanguage":"ca","potentialAction":[{"@type":"ReadAction","target":["https:\/\/augustaabogados.com\/ca\/mesures-extraordinaries-adoptades-en-lambit-processal-i-concursal-a-causa-del-covid-19\/"]}]},{"@type":"ImageObject","inLanguage":"ca","@id":"https:\/\/augustaabogados.com\/ca\/mesures-extraordinaries-adoptades-en-lambit-processal-i-concursal-a-causa-del-covid-19\/#primaryimage","url":"https:\/\/augustaabogados.com\/wp-content\/uploads\/2024\/02\/covid-19-news-augusta-abogados-51.jpg","contentUrl":"https:\/\/augustaabogados.com\/wp-content\/uploads\/2024\/02\/covid-19-news-augusta-abogados-51.jpg","width":800,"height":418},{"@type":"BreadcrumbList","@id":"https:\/\/augustaabogados.com\/ca\/mesures-extraordinaries-adoptades-en-lambit-processal-i-concursal-a-causa-del-covid-19\/#breadcrumb","itemListElement":[{"@type":"ListItem","position":1,"name":"Portada","item":"https:\/\/augustaabogados.com\/ca\/"},{"@type":"ListItem","position":2,"name":"Mesures extraordin\u00e0ries adoptades en l\u0092\u00e0mbit processal i concursal a causa del COVID-19"}]},{"@type":"WebSite","@id":"https:\/\/augustaabogados.com\/#website","url":"https:\/\/augustaabogados.com\/","name":"Augusta Abogados","description":"","publisher":{"@id":"https:\/\/augustaabogados.com\/#organization"},"potentialAction":[{"@type":"SearchAction","target":{"@type":"EntryPoint","urlTemplate":"https:\/\/augustaabogados.com\/?s={search_term_string}"},"query-input":{"@type":"PropertyValueSpecification","valueRequired":true,"valueName":"search_term_string"}}],"inLanguage":"ca"},{"@type":"Organization","@id":"https:\/\/augustaabogados.com\/#organization","name":"Augusta Abogados","url":"https:\/\/augustaabogados.com\/","logo":{"@type":"ImageObject","inLanguage":"ca","@id":"https:\/\/augustaabogados.com\/#\/schema\/logo\/image\/","url":"https:\/\/augustaabogados.com\/wp-content\/uploads\/2023\/11\/LOGO-AUGUSTA.svg","contentUrl":"https:\/\/augustaabogados.com\/wp-content\/uploads\/2023\/11\/LOGO-AUGUSTA.svg","caption":"Augusta Abogados"},"image":{"@id":"https:\/\/augustaabogados.com\/#\/schema\/logo\/image\/"}},{"@type":"Person","@id":"https:\/\/augustaabogados.com\/#\/schema\/person\/8c5e230eb6ed47cdd14ee188eb04a753","name":"Augusta Abogados","image":{"@type":"ImageObject","inLanguage":"ca","@id":"https:\/\/secure.gravatar.com\/avatar\/09e6ceb5fccff542915602bda752518fa959b0df2d103d929aefa74c2909a4bc?s=96&d=mm&r=g","url":"https:\/\/secure.gravatar.com\/avatar\/09e6ceb5fccff542915602bda752518fa959b0df2d103d929aefa74c2909a4bc?s=96&d=mm&r=g","contentUrl":"https:\/\/secure.gravatar.com\/avatar\/09e6ceb5fccff542915602bda752518fa959b0df2d103d929aefa74c2909a4bc?s=96&d=mm&r=g","caption":"Augusta Abogados"}}]}},"_links":{"self":[{"href":"https:\/\/augustaabogados.com\/ca\/wp-json\/wp\/v2\/posts\/36863","targetHints":{"allow":["GET"]}}],"collection":[{"href":"https:\/\/augustaabogados.com\/ca\/wp-json\/wp\/v2\/posts"}],"about":[{"href":"https:\/\/augustaabogados.com\/ca\/wp-json\/wp\/v2\/types\/post"}],"author":[{"embeddable":true,"href":"https:\/\/augustaabogados.com\/ca\/wp-json\/wp\/v2\/users\/8"}],"replies":[{"embeddable":true,"href":"https:\/\/augustaabogados.com\/ca\/wp-json\/wp\/v2\/comments?post=36863"}],"version-history":[{"count":1,"href":"https:\/\/augustaabogados.com\/ca\/wp-json\/wp\/v2\/posts\/36863\/revisions"}],"predecessor-version":[{"id":40762,"href":"https:\/\/augustaabogados.com\/ca\/wp-json\/wp\/v2\/posts\/36863\/revisions\/40762"}],"wp:featuredmedia":[{"embeddable":true,"href":"https:\/\/augustaabogados.com\/ca\/wp-json\/wp\/v2\/media\/36864"}],"wp:attachment":[{"href":"https:\/\/augustaabogados.com\/ca\/wp-json\/wp\/v2\/media?parent=36863"}],"wp:term":[{"taxonomy":"category","embeddable":true,"href":"https:\/\/augustaabogados.com\/ca\/wp-json\/wp\/v2\/categories?post=36863"},{"taxonomy":"post_tag","embeddable":true,"href":"https:\/\/augustaabogados.com\/ca\/wp-json\/wp\/v2\/tags?post=36863"},{"taxonomy":"servicio-asociado","embeddable":true,"href":"https:\/\/augustaabogados.com\/ca\/wp-json\/wp\/v2\/servicio-asociado?post=36863"}],"curies":[{"name":"wp","href":"https:\/\/api.w.org\/{rel}","templated":true}]}}