{"id":36867,"date":"2020-03-24T00:00:00","date_gmt":"2020-03-24T00:00:00","guid":{"rendered":"https:\/\/augustaabogados.com\/suspensio-de-terminis-processals-administratius-de-prescripcio-i-caducitat\/"},"modified":"2024-02-06T10:33:04","modified_gmt":"2024-02-06T10:33:04","slug":"suspensio-de-terminis-processals-administratius-de-prescripcio-i-caducitat","status":"publish","type":"post","link":"https:\/\/augustaabogados.com\/ca\/suspensio-de-terminis-processals-administratius-de-prescripcio-i-caducitat\/","title":{"rendered":"Suspensi\u00f3 de terminis processals, administratius, de prescripci\u00f3 i caducitat"},"content":{"rendered":"<p>En relaci\u00f3 amb el Reial Decret 463\/2020, de 14 de mar\u00e7, pel qual es declara l&#8217;estat d&#8217;alarma per a la gesti\u00f3 de la situaci\u00f3 de crisi sanit\u00e0ria ocasionada pel COVID-19 (d&#8217;ara endavant, RD 463\/2020) i posterior normativa de desenvolupament i interpretaci\u00f3, es declaren suspesos els terminis processals, administratius, de prescripci\u00f3 i caducitat; interessant destacar el seg\u00fcent:<\/p>\n<h4>SUSPENSI\u00d3 DE TERMINIS PROCESSALS &#8211; <strong>RD 463\/2020. Disposici\u00f3 Addicional Segona<\/strong>.<\/h4>\n<p>S&#8217;acorda declarar la suspensi\u00f3 i interrupci\u00f3 dels terminis processals en la totalitat dels ordres jurisdiccionals.<\/p>\n<p>El c\u00f2mput dels terminis suspesos procedir\u00e0 a reprendre&#8217;s en el moment en el qual s&#8217;acordi la suspensi\u00f3 del RD 463\/2020 o de qualsevol de les seves pr\u00f2rrogues.<\/p>\n<p>Sense perjudici de l&#8217;anterior, el jutge o tribunal podr\u00e0 acordar la pr\u00e0ctica de qualsevol actuaci\u00f3 judicial que es consideri necess\u00e0ria per a evitar que es causin perjudicis irreparables a les parts.<\/p>\n<h4>SUSPENSI\u00d3 DE TERMINIS ADMINISTRATIUS &#8211; <strong>RD 463\/2020. Disposici\u00f3 addicional tercera<\/strong>.<\/h4>\n<p>Es declaren suspesos i interromputs els terminis per a la tramitaci\u00f3 dels procediments de les entitats del sector p\u00fablic, reprenent-se el seu c\u00f2mput quan perdi vig\u00e8ncia el RD 463\/2020 o qualsevol de les seves pr\u00f2rrogues, excepte que s&#8217;acordin mesures d&#8217;ordenaci\u00f3 i instrucci\u00f3, de forma motivada, que evitin perjudicis greus en els drets i interessos de l&#8217;interessat en el procediment, sota la seva avinen\u00e7a o estant conforme que no se suspengui el termini.<\/p>\n<p>Sense perjudici de les mesures adoptades en el RD 463\/2020, \u00e9s rellevant destacar que l\u0092AEAT no considera aplicable tal suspensi\u00f3 aplicable als terminis per a presentaci\u00f3 i ingr\u00e9s de declaracions i autoliquidacions, els quals es mantenen.<\/p>\n<h4>SUSPENSI\u00d3 DE TERMINIS DE PRESCRIPCI\u00d3 I CADUCITAT &#8211; <strong>RD 463\/2020. Disposici\u00f3 addicional quarta.<\/strong><\/h4>\n<p>Se suspenen els terminis de prescripci\u00f3 i caducitat de qualsevol acci\u00f3 o dret estant vigent el RD 463\/2020 o qualsevol de les seves pr\u00f2rrogues.<\/p>\n<h3>EXCEPCIONS<\/h3>\n<p><strong>Acord de 16 de mar\u00e7 de 2020, del Ple del Tribunal Constitucional, en relaci\u00f3 amb la suspensi\u00f3 dels terminis processals i administratius durant la vig\u00e8ncia del Reial Decret 463\/2020, de 14 de mar\u00e7.<\/strong><\/p>\n<p>Es podran continuar presentant recursos i altres escrits, que afectin els diferents processos constitucionals o administratius, a trav\u00e9s del Registre electr\u00f2nic.<\/p>\n<p><strong>Acord de 13 de mar\u00e7 de 2020, de la Comissi\u00f3 Permanent del Consell General del Poder Judicial.<\/strong><\/p>\n<p>En general s&#8217;exceptuen de la suspensi\u00f3, aquelles actuacions judicials que, de no practicar-se, poguessin causar perjudici irreparable a l&#8217;interessat, l&#8217;adopci\u00f3 de mesures cautelars o altres actuacions inajornables i els processos en els quals s&#8217;al\u00b7legui vulneraci\u00f3 de drets fonamentals i que siguin urgents i preferents.<\/p>\n<p>En l&#8217;ordre jurisdiccional penal, la suspensi\u00f3 no afectar\u00e0 els procediments d&#8217;habeas corpus, als internaments urgents de l&#8217;article 763 LEC, a les actuacions de gu\u00e0rdia en els jutjats de viol\u00e8ncia sobre la dona, en particular assegurar el dictat de les ordres de protecci\u00f3 i qualsevol mesura cautelar en mat\u00e8ria de protecci\u00f3 a la dona i menors, a les actuacions amb el detingut i unes altres que resultin inajornables i, a les actuacions urgents en mat\u00e8ria de vigil\u00e0ncia penitenci\u00e0ria.<\/p>\n<p>En l&#8217;ordre jurisdiccional contenci\u00f3s-administratiu, tampoc afectar\u00e0 la suspensi\u00f3 a les autoritzacions d&#8217;entrada sanit\u00e0ries, urgents i inajornables, drets fonamentals la resoluci\u00f3 dels quals tingui car\u00e0cter urgent, mesures cautelar\u00edsimes i cautelars que siguin urgents, i recursos contenciosos-electorals.<\/p>\n<p>En l&#8217;ordre jurisdiccional social, s&#8217;exceptuen la celebraci\u00f3 de judicis declarats urgents per la llei i les mesures cautelars urgents i preferents, aix\u00ed com els processos de EREs i ERTEs.<\/p>\n<p>Finalment, el Registre Civil haur\u00e0 de parar esment permanent durant les hores d&#8217;audi\u00e8ncia. I, en particular, haur\u00e0 d&#8217;assegurar l&#8217;expedici\u00f3 de llic\u00e8ncies d&#8217;enterrament, les inscripcions de naixement en termini peremptori i la celebraci\u00f3 de matrimonis de l\u0092article 52 CC.<\/p>\n<h4>FORMA EN LA QUAL HAUR\u00c0 DE PROCEDIR-SE EN EL MOMENT QUE PERDI VIG\u00c8NCIA LA SUSPENSI\u00d3 DELS TERMINIS PREVISTOS PEL RD 463\/2020<\/h4>\n<p>D&#8217;acord amb la disposici\u00f3 addicional tercera del RD 463\/2020, es reprendr\u00e0 el c\u00f2mput dels terminis en el moment en qu\u00e8 perdi vig\u00e8ncia el reial decret citat o, en el seu cas, les pr\u00f2rrogues d&#8217;aquest.<\/p>\n<p>D&#8217;acord amb el que es disposa en l&#8217;informe de la Subdirecci\u00f3 General dels Serveis Consultius de l&#8217;Advocacia General de l&#8217;Estat, de data 20 de mar\u00e7 de 2020, \u0093<em>els terminis procedimentals als quals es refereix<\/em> -l&#8217;apt. 1\u00b0 de la D\u00d3NA 3a del RD 463\/2020- <em>queden suspesos en el moment de la declaraci\u00f3 de l&#8217;estat d&#8217;alarma, reprenent-se pel per\u00edode que rest\u00e9s quan desaparegui aquest estat d&#8217;alarma, inicial o prorrogat, sense que en cap cas tornin a comen\u00e7ar des de zero. \u00c9s a dir, es \u0093reprenen\u0094 per\u00f2 no es \u0093reinicien\u0094. At\u00e8s que, com ha quedat dit, s&#8217;est\u00e0 en pres\u00e8ncia de c\u00e0rregues per als interessats, aquests van tenir la facultat d&#8217;emplenar el tr\u00e0mit de qu\u00e8 es tract\u00e9s abans de la declaraci\u00f3 de l&#8217;estat d&#8217;alarma, i aquests dies que van deixar passar no es recuperen ja, sense perjudici que, quan acabi aquest estat excepcional, tornin a tenir la possibilitat d&#8217;emplenar el tr\u00e0mit en el temps que els rest\u00e9s abans de l&#8217;expiraci\u00f3 del termini<\/em>\u0094.<\/p>\n<p><a href=\"http:\/\/jordim52.sg-host.com\/wp-content\/uploads\/2020\/03\/CAT-Nota-suspensi\u00f3n-plazos-procesales-administrativos-de-caducidad-y-prescripci\u00f3n.-230320.pdf\" target=\"_blank\" rel=\"noopener noreferrer\">Descarregar not\u00edcia completa en format PDF.<\/a><\/p>\n","protected":false},"excerpt":{"rendered":"<p>En relaci\u00f3 amb el Reial Decret 463\/2020, de 14 de mar\u00e7, pel qual es declara l&#8217;estat d&#8217;alarma per a la gesti\u00f3 de la situaci\u00f3 de crisi sanit\u00e0ria ocasionada pel COVID-19 (d&#8217;ara endavant, RD 463\/2020) i posterior normativa de desenvolupament i interpretaci\u00f3, es declaren suspesos els terminis processals, administratius, de prescripci\u00f3 i caducitat; interessant destacar el [&hellip;]<\/p>\n","protected":false},"author":8,"featured_media":36868,"comment_status":"closed","ping_status":"open","sticky":false,"template":"","format":"standard","meta":{"content-type":"","site-sidebar-layout":"no-sidebar","site-content-layout":"page-builder","ast-site-content-layout":"default","site-content-style":"default","site-sidebar-style":"default","ast-global-header-display":"","ast-banner-title-visibility":"","ast-main-header-display":"","ast-hfb-above-header-display":"","ast-hfb-below-header-display":"","ast-hfb-mobile-header-display":"","site-post-title":"","ast-breadcrumbs-content":"","ast-featured-img":"","footer-sml-layout":"","ast-disable-related-posts":"","theme-transparent-header-meta":"disabled","adv-header-id-meta":"","stick-header-meta":"","header-above-stick-meta":"","header-main-stick-meta":"","header-below-stick-meta":"","astra-migrate-meta-layouts":"set","ast-page-background-enabled":"default","ast-page-background-meta":{"desktop":{"background-color":"var(--ast-global-color-4)","background-image":"","background-repeat":"repeat","background-position":"center center","background-size":"auto","background-attachment":"scroll","background-type":"","background-media":"","overlay-type":"","overlay-color":"","overlay-opacity":"","overlay-gradient":""},"tablet":{"background-color":"","background-image":"","background-repeat":"repeat","background-position":"center center","background-size":"auto","background-attachment":"scroll","background-type":"","background-media":"","overlay-type":"","overlay-color":"","overlay-opacity":"","overlay-gradient":""},"mobile":{"background-color":"","background-image":"","background-repeat":"repeat","background-position":"center center","background-size":"auto","background-attachment":"scroll","background-type":"","background-media":"","overlay-type":"","overlay-color":"","overlay-opacity":"","overlay-gradient":""}},"ast-content-background-meta":{"desktop":{"background-color":"var(--ast-global-color-5)","background-image":"","background-repeat":"repeat","background-position":"center center","background-size":"auto","background-attachment":"scroll","background-type":"","background-media":"","overlay-type":"","overlay-color":"","overlay-opacity":"","overlay-gradient":""},"tablet":{"background-color":"var(--ast-global-color-5)","background-image":"","background-repeat":"repeat","background-position":"center center","background-size":"auto","background-attachment":"scroll","background-type":"","background-media":"","overlay-type":"","overlay-color":"","overlay-opacity":"","overlay-gradient":""},"mobile":{"background-color":"var(--ast-global-color-5)","background-image":"","background-repeat":"repeat","background-position":"center center","background-size":"auto","background-attachment":"scroll","background-type":"","background-media":"","overlay-type":"","overlay-color":"","overlay-opacity":"","overlay-gradient":""}},"footnotes":""},"categories":[1886],"tags":[576,1197,1198,577,1199],"servicio-asociado":[1860,1864],"class_list":["post-36867","post","type-post","status-publish","format-standard","has-post-thumbnail","hentry","category-alerta-ca","tag-caducidad","tag-caducitat","tag-prescripcio","tag-prescripcion","tag-suspenssio-terminis","servicio-asociado-litigacion-y-arbitraje-ca","servicio-asociado-reestructuraciones-e-insolvencias-ca"],"acf":[],"yoast_head":"<!-- This site is optimized with the Yoast SEO plugin v27.4 - https:\/\/yoast.com\/product\/yoast-seo-wordpress\/ -->\n<title>Informaci\u00f3n sobre la modificaci\u00f3n de la Ley catalana del Impuesto sobre Sucesiones y Donaciones|Informaci\u00f3n sobre la modificaci\u00f3n de la Ley catalana del Impuesto sobre Sucesiones y Donaciones<\/title>\n<meta name=\"description\" content=\"La modificaci\u00f3n de la Ley catalana del Impuesto sobre Sucesiones y Donaciones obliga a reevaluar las planificaciones fiscales de la sucesi\u00f3n familiar y empresarial.|La modificaci\u00f3n de la Ley catalana del Impuesto sobre Sucesiones y Donaciones obliga a reevaluar las planificaciones fiscales de la sucesi\u00f3n familiar y empresarial.\" \/>\n<meta name=\"robots\" content=\"index, follow, max-snippet:-1, max-image-preview:large, max-video-preview:-1\" \/>\n<link rel=\"canonical\" href=\"https:\/\/augustaabogados.com\/suspension-de-plazos-procesales-administrativos-de-prescripcion-y-caducidad__trashed-2__trashed\/\" \/>\n<meta property=\"og:locale\" content=\"ca_ES\" \/>\n<meta property=\"og:type\" content=\"article\" \/>\n<meta property=\"og:title\" content=\"Informaci\u00f3n sobre la modificaci\u00f3n de la Ley catalana del Impuesto sobre Sucesiones y Donaciones|Informaci\u00f3n sobre la modificaci\u00f3n de la Ley catalana del Impuesto sobre Sucesiones y Donaciones\" \/>\n<meta property=\"og:description\" content=\"La modificaci\u00f3n de la Ley catalana del Impuesto sobre Sucesiones y Donaciones obliga a reevaluar las planificaciones fiscales de la sucesi\u00f3n familiar y empresarial.|La modificaci\u00f3n de la Ley catalana del Impuesto sobre Sucesiones y Donaciones obliga a reevaluar las planificaciones fiscales de la sucesi\u00f3n familiar y empresarial.\" \/>\n<meta property=\"og:url\" content=\"https:\/\/augustaabogados.com\/suspension-de-plazos-procesales-administrativos-de-prescripcion-y-caducidad__trashed-2__trashed\/\" \/>\n<meta property=\"og:site_name\" content=\"Augusta Abogados\" \/>\n<meta property=\"article:published_time\" content=\"2020-03-24T00:00:00+00:00\" \/>\n<meta property=\"article:modified_time\" content=\"2024-02-06T10:33:04+00:00\" \/>\n<meta property=\"og:image\" content=\"https:\/\/augustaabogados.com\/wp-content\/uploads\/2024\/02\/NOTA-INFORMATIVA-AUGUSTA-ABOGADOS-369.jpg\" \/>\n\t<meta property=\"og:image:width\" content=\"800\" \/>\n\t<meta property=\"og:image:height\" content=\"418\" \/>\n\t<meta property=\"og:image:type\" content=\"image\/jpeg\" \/>\n<meta name=\"author\" content=\"Augusta Abogados\" \/>\n<meta name=\"twitter:card\" content=\"summary_large_image\" \/>\n<meta name=\"twitter:label1\" content=\"Escrit per\" \/>\n\t<meta name=\"twitter:data1\" content=\"Augusta Abogados\" \/>\n\t<meta name=\"twitter:label2\" content=\"Temps estimat de lectura\" \/>\n\t<meta name=\"twitter:data2\" content=\"3 minuts\" \/>\n<script type=\"application\/ld+json\" class=\"yoast-schema-graph\">{\"@context\":\"https:\\\/\\\/schema.org\",\"@graph\":[{\"@type\":\"Article\",\"@id\":\"https:\\\/\\\/augustaabogados.com\\\/suspension-de-plazos-procesales-administrativos-de-prescripcion-y-caducidad__trashed-2__trashed\\\/#article\",\"isPartOf\":{\"@id\":\"https:\\\/\\\/augustaabogados.com\\\/suspension-de-plazos-procesales-administrativos-de-prescripcion-y-caducidad__trashed-2__trashed\\\/\"},\"author\":{\"name\":\"Augusta Abogados\",\"@id\":\"https:\\\/\\\/augustaabogados.com\\\/#\\\/schema\\\/person\\\/8c5e230eb6ed47cdd14ee188eb04a753\"},\"headline\":\"Suspensi\u00f3 de terminis processals, administratius, de prescripci\u00f3 i caducitat\",\"datePublished\":\"2020-03-24T00:00:00+00:00\",\"dateModified\":\"2024-02-06T10:33:04+00:00\",\"mainEntityOfPage\":{\"@id\":\"https:\\\/\\\/augustaabogados.com\\\/suspension-de-plazos-procesales-administrativos-de-prescripcion-y-caducidad__trashed-2__trashed\\\/\"},\"wordCount\":882,\"publisher\":{\"@id\":\"https:\\\/\\\/augustaabogados.com\\\/#organization\"},\"image\":{\"@id\":\"https:\\\/\\\/augustaabogados.com\\\/suspension-de-plazos-procesales-administrativos-de-prescripcion-y-caducidad__trashed-2__trashed\\\/#primaryimage\"},\"thumbnailUrl\":\"https:\\\/\\\/augustaabogados.com\\\/wp-content\\\/uploads\\\/2024\\\/02\\\/NOTA-INFORMATIVA-AUGUSTA-ABOGADOS-369.jpg\",\"keywords\":[\"CADUCIDAD\",\"CADUCITAT\",\"PRESCRIPCI\u00d3\",\"PRESCRIPCI\u00d3N\",\"SUSPENSSI\u00d3 TERMINIS\"],\"articleSection\":[\"ALERTA\"],\"inLanguage\":\"ca\"},{\"@type\":[\"WebPage\",\"ItemPage\"],\"@id\":\"https:\\\/\\\/augustaabogados.com\\\/suspension-de-plazos-procesales-administrativos-de-prescripcion-y-caducidad__trashed-2__trashed\\\/\",\"url\":\"https:\\\/\\\/augustaabogados.com\\\/suspension-de-plazos-procesales-administrativos-de-prescripcion-y-caducidad__trashed-2__trashed\\\/\",\"name\":\"Informaci\u00f3n sobre la modificaci\u00f3n de la Ley catalana del Impuesto sobre Sucesiones y Donaciones|Informaci\u00f3n sobre la modificaci\u00f3n de la Ley catalana del Impuesto sobre Sucesiones y Donaciones\",\"isPartOf\":{\"@id\":\"https:\\\/\\\/augustaabogados.com\\\/#website\"},\"primaryImageOfPage\":{\"@id\":\"https:\\\/\\\/augustaabogados.com\\\/suspension-de-plazos-procesales-administrativos-de-prescripcion-y-caducidad__trashed-2__trashed\\\/#primaryimage\"},\"image\":{\"@id\":\"https:\\\/\\\/augustaabogados.com\\\/suspension-de-plazos-procesales-administrativos-de-prescripcion-y-caducidad__trashed-2__trashed\\\/#primaryimage\"},\"thumbnailUrl\":\"https:\\\/\\\/augustaabogados.com\\\/wp-content\\\/uploads\\\/2024\\\/02\\\/NOTA-INFORMATIVA-AUGUSTA-ABOGADOS-369.jpg\",\"datePublished\":\"2020-03-24T00:00:00+00:00\",\"dateModified\":\"2024-02-06T10:33:04+00:00\",\"description\":\"La modificaci\u00f3n de la Ley catalana del Impuesto sobre Sucesiones y Donaciones obliga a reevaluar las planificaciones fiscales de la sucesi\u00f3n familiar y empresarial.|La modificaci\u00f3n de la Ley catalana del Impuesto sobre Sucesiones y Donaciones obliga a reevaluar las planificaciones fiscales de la sucesi\u00f3n familiar y empresarial.\",\"breadcrumb\":{\"@id\":\"https:\\\/\\\/augustaabogados.com\\\/suspension-de-plazos-procesales-administrativos-de-prescripcion-y-caducidad__trashed-2__trashed\\\/#breadcrumb\"},\"inLanguage\":\"ca\",\"potentialAction\":[{\"@type\":\"ReadAction\",\"target\":[\"https:\\\/\\\/augustaabogados.com\\\/suspension-de-plazos-procesales-administrativos-de-prescripcion-y-caducidad__trashed-2__trashed\\\/\"]}]},{\"@type\":\"ImageObject\",\"inLanguage\":\"ca\",\"@id\":\"https:\\\/\\\/augustaabogados.com\\\/suspension-de-plazos-procesales-administrativos-de-prescripcion-y-caducidad__trashed-2__trashed\\\/#primaryimage\",\"url\":\"https:\\\/\\\/augustaabogados.com\\\/wp-content\\\/uploads\\\/2024\\\/02\\\/NOTA-INFORMATIVA-AUGUSTA-ABOGADOS-369.jpg\",\"contentUrl\":\"https:\\\/\\\/augustaabogados.com\\\/wp-content\\\/uploads\\\/2024\\\/02\\\/NOTA-INFORMATIVA-AUGUSTA-ABOGADOS-369.jpg\",\"width\":800,\"height\":418},{\"@type\":\"BreadcrumbList\",\"@id\":\"https:\\\/\\\/augustaabogados.com\\\/suspension-de-plazos-procesales-administrativos-de-prescripcion-y-caducidad__trashed-2__trashed\\\/#breadcrumb\",\"itemListElement\":[{\"@type\":\"ListItem\",\"position\":1,\"name\":\"Portada\",\"item\":\"https:\\\/\\\/augustaabogados.com\\\/ca\\\/\"},{\"@type\":\"ListItem\",\"position\":2,\"name\":\"Suspensi\u00f3 de terminis processals, administratius, de prescripci\u00f3 i caducitat\"}]},{\"@type\":\"WebSite\",\"@id\":\"https:\\\/\\\/augustaabogados.com\\\/#website\",\"url\":\"https:\\\/\\\/augustaabogados.com\\\/\",\"name\":\"Augusta Abogados\",\"description\":\"\",\"publisher\":{\"@id\":\"https:\\\/\\\/augustaabogados.com\\\/#organization\"},\"potentialAction\":[{\"@type\":\"SearchAction\",\"target\":{\"@type\":\"EntryPoint\",\"urlTemplate\":\"https:\\\/\\\/augustaabogados.com\\\/?s={search_term_string}\"},\"query-input\":{\"@type\":\"PropertyValueSpecification\",\"valueRequired\":true,\"valueName\":\"search_term_string\"}}],\"inLanguage\":\"ca\"},{\"@type\":\"Organization\",\"@id\":\"https:\\\/\\\/augustaabogados.com\\\/#organization\",\"name\":\"Augusta Abogados\",\"url\":\"https:\\\/\\\/augustaabogados.com\\\/\",\"logo\":{\"@type\":\"ImageObject\",\"inLanguage\":\"ca\",\"@id\":\"https:\\\/\\\/augustaabogados.com\\\/#\\\/schema\\\/logo\\\/image\\\/\",\"url\":\"https:\\\/\\\/augustaabogados.com\\\/wp-content\\\/uploads\\\/2023\\\/11\\\/LOGO-AUGUSTA.svg\",\"contentUrl\":\"https:\\\/\\\/augustaabogados.com\\\/wp-content\\\/uploads\\\/2023\\\/11\\\/LOGO-AUGUSTA.svg\",\"caption\":\"Augusta Abogados\"},\"image\":{\"@id\":\"https:\\\/\\\/augustaabogados.com\\\/#\\\/schema\\\/logo\\\/image\\\/\"}},{\"@type\":\"Person\",\"@id\":\"https:\\\/\\\/augustaabogados.com\\\/#\\\/schema\\\/person\\\/8c5e230eb6ed47cdd14ee188eb04a753\",\"name\":\"Augusta Abogados\",\"image\":{\"@type\":\"ImageObject\",\"inLanguage\":\"ca\",\"@id\":\"https:\\\/\\\/secure.gravatar.com\\\/avatar\\\/09e6ceb5fccff542915602bda752518fa959b0df2d103d929aefa74c2909a4bc?s=96&d=mm&r=g\",\"url\":\"https:\\\/\\\/secure.gravatar.com\\\/avatar\\\/09e6ceb5fccff542915602bda752518fa959b0df2d103d929aefa74c2909a4bc?s=96&d=mm&r=g\",\"contentUrl\":\"https:\\\/\\\/secure.gravatar.com\\\/avatar\\\/09e6ceb5fccff542915602bda752518fa959b0df2d103d929aefa74c2909a4bc?s=96&d=mm&r=g\",\"caption\":\"Augusta Abogados\"}}]}<\/script>\n<!-- \/ Yoast SEO plugin. -->","yoast_head_json":{"title":"Informaci\u00f3n sobre la modificaci\u00f3n de la Ley catalana del Impuesto sobre Sucesiones y Donaciones|Informaci\u00f3n sobre la modificaci\u00f3n de la Ley catalana del Impuesto sobre Sucesiones y Donaciones","description":"La modificaci\u00f3n de la Ley catalana del Impuesto sobre Sucesiones y Donaciones obliga a reevaluar las planificaciones fiscales de la sucesi\u00f3n familiar y empresarial.|La modificaci\u00f3n de la Ley catalana del Impuesto sobre Sucesiones y Donaciones obliga a reevaluar las planificaciones fiscales de la sucesi\u00f3n familiar y empresarial.","robots":{"index":"index","follow":"follow","max-snippet":"max-snippet:-1","max-image-preview":"max-image-preview:large","max-video-preview":"max-video-preview:-1"},"canonical":"https:\/\/augustaabogados.com\/suspension-de-plazos-procesales-administrativos-de-prescripcion-y-caducidad__trashed-2__trashed\/","og_locale":"ca_ES","og_type":"article","og_title":"Informaci\u00f3n sobre la modificaci\u00f3n de la Ley catalana del Impuesto sobre Sucesiones y Donaciones|Informaci\u00f3n sobre la modificaci\u00f3n de la Ley catalana del Impuesto sobre Sucesiones y Donaciones","og_description":"La modificaci\u00f3n de la Ley catalana del Impuesto sobre Sucesiones y Donaciones obliga a reevaluar las planificaciones fiscales de la sucesi\u00f3n familiar y empresarial.|La modificaci\u00f3n de la Ley catalana del Impuesto sobre Sucesiones y Donaciones obliga a reevaluar las planificaciones fiscales de la sucesi\u00f3n familiar y empresarial.","og_url":"https:\/\/augustaabogados.com\/suspension-de-plazos-procesales-administrativos-de-prescripcion-y-caducidad__trashed-2__trashed\/","og_site_name":"Augusta Abogados","article_published_time":"2020-03-24T00:00:00+00:00","article_modified_time":"2024-02-06T10:33:04+00:00","og_image":[{"width":800,"height":418,"url":"https:\/\/augustaabogados.com\/wp-content\/uploads\/2024\/02\/NOTA-INFORMATIVA-AUGUSTA-ABOGADOS-369.jpg","type":"image\/jpeg"}],"author":"Augusta Abogados","twitter_card":"summary_large_image","twitter_misc":{"Escrit per":"Augusta Abogados","Temps estimat de lectura":"3 minuts"},"schema":{"@context":"https:\/\/schema.org","@graph":[{"@type":"Article","@id":"https:\/\/augustaabogados.com\/suspension-de-plazos-procesales-administrativos-de-prescripcion-y-caducidad__trashed-2__trashed\/#article","isPartOf":{"@id":"https:\/\/augustaabogados.com\/suspension-de-plazos-procesales-administrativos-de-prescripcion-y-caducidad__trashed-2__trashed\/"},"author":{"name":"Augusta Abogados","@id":"https:\/\/augustaabogados.com\/#\/schema\/person\/8c5e230eb6ed47cdd14ee188eb04a753"},"headline":"Suspensi\u00f3 de terminis processals, administratius, de prescripci\u00f3 i caducitat","datePublished":"2020-03-24T00:00:00+00:00","dateModified":"2024-02-06T10:33:04+00:00","mainEntityOfPage":{"@id":"https:\/\/augustaabogados.com\/suspension-de-plazos-procesales-administrativos-de-prescripcion-y-caducidad__trashed-2__trashed\/"},"wordCount":882,"publisher":{"@id":"https:\/\/augustaabogados.com\/#organization"},"image":{"@id":"https:\/\/augustaabogados.com\/suspension-de-plazos-procesales-administrativos-de-prescripcion-y-caducidad__trashed-2__trashed\/#primaryimage"},"thumbnailUrl":"https:\/\/augustaabogados.com\/wp-content\/uploads\/2024\/02\/NOTA-INFORMATIVA-AUGUSTA-ABOGADOS-369.jpg","keywords":["CADUCIDAD","CADUCITAT","PRESCRIPCI\u00d3","PRESCRIPCI\u00d3N","SUSPENSSI\u00d3 TERMINIS"],"articleSection":["ALERTA"],"inLanguage":"ca"},{"@type":["WebPage","ItemPage"],"@id":"https:\/\/augustaabogados.com\/suspension-de-plazos-procesales-administrativos-de-prescripcion-y-caducidad__trashed-2__trashed\/","url":"https:\/\/augustaabogados.com\/suspension-de-plazos-procesales-administrativos-de-prescripcion-y-caducidad__trashed-2__trashed\/","name":"Informaci\u00f3n sobre la modificaci\u00f3n de la Ley catalana del Impuesto sobre Sucesiones y Donaciones|Informaci\u00f3n sobre la modificaci\u00f3n de la Ley catalana del Impuesto sobre Sucesiones y Donaciones","isPartOf":{"@id":"https:\/\/augustaabogados.com\/#website"},"primaryImageOfPage":{"@id":"https:\/\/augustaabogados.com\/suspension-de-plazos-procesales-administrativos-de-prescripcion-y-caducidad__trashed-2__trashed\/#primaryimage"},"image":{"@id":"https:\/\/augustaabogados.com\/suspension-de-plazos-procesales-administrativos-de-prescripcion-y-caducidad__trashed-2__trashed\/#primaryimage"},"thumbnailUrl":"https:\/\/augustaabogados.com\/wp-content\/uploads\/2024\/02\/NOTA-INFORMATIVA-AUGUSTA-ABOGADOS-369.jpg","datePublished":"2020-03-24T00:00:00+00:00","dateModified":"2024-02-06T10:33:04+00:00","description":"La modificaci\u00f3n de la Ley catalana del Impuesto sobre Sucesiones y Donaciones obliga a reevaluar las planificaciones fiscales de la sucesi\u00f3n familiar y empresarial.|La modificaci\u00f3n de la Ley catalana del Impuesto sobre Sucesiones y Donaciones obliga a reevaluar las planificaciones fiscales de la sucesi\u00f3n familiar y empresarial.","breadcrumb":{"@id":"https:\/\/augustaabogados.com\/suspension-de-plazos-procesales-administrativos-de-prescripcion-y-caducidad__trashed-2__trashed\/#breadcrumb"},"inLanguage":"ca","potentialAction":[{"@type":"ReadAction","target":["https:\/\/augustaabogados.com\/suspension-de-plazos-procesales-administrativos-de-prescripcion-y-caducidad__trashed-2__trashed\/"]}]},{"@type":"ImageObject","inLanguage":"ca","@id":"https:\/\/augustaabogados.com\/suspension-de-plazos-procesales-administrativos-de-prescripcion-y-caducidad__trashed-2__trashed\/#primaryimage","url":"https:\/\/augustaabogados.com\/wp-content\/uploads\/2024\/02\/NOTA-INFORMATIVA-AUGUSTA-ABOGADOS-369.jpg","contentUrl":"https:\/\/augustaabogados.com\/wp-content\/uploads\/2024\/02\/NOTA-INFORMATIVA-AUGUSTA-ABOGADOS-369.jpg","width":800,"height":418},{"@type":"BreadcrumbList","@id":"https:\/\/augustaabogados.com\/suspension-de-plazos-procesales-administrativos-de-prescripcion-y-caducidad__trashed-2__trashed\/#breadcrumb","itemListElement":[{"@type":"ListItem","position":1,"name":"Portada","item":"https:\/\/augustaabogados.com\/ca\/"},{"@type":"ListItem","position":2,"name":"Suspensi\u00f3 de terminis processals, administratius, de prescripci\u00f3 i caducitat"}]},{"@type":"WebSite","@id":"https:\/\/augustaabogados.com\/#website","url":"https:\/\/augustaabogados.com\/","name":"Augusta Abogados","description":"","publisher":{"@id":"https:\/\/augustaabogados.com\/#organization"},"potentialAction":[{"@type":"SearchAction","target":{"@type":"EntryPoint","urlTemplate":"https:\/\/augustaabogados.com\/?s={search_term_string}"},"query-input":{"@type":"PropertyValueSpecification","valueRequired":true,"valueName":"search_term_string"}}],"inLanguage":"ca"},{"@type":"Organization","@id":"https:\/\/augustaabogados.com\/#organization","name":"Augusta Abogados","url":"https:\/\/augustaabogados.com\/","logo":{"@type":"ImageObject","inLanguage":"ca","@id":"https:\/\/augustaabogados.com\/#\/schema\/logo\/image\/","url":"https:\/\/augustaabogados.com\/wp-content\/uploads\/2023\/11\/LOGO-AUGUSTA.svg","contentUrl":"https:\/\/augustaabogados.com\/wp-content\/uploads\/2023\/11\/LOGO-AUGUSTA.svg","caption":"Augusta Abogados"},"image":{"@id":"https:\/\/augustaabogados.com\/#\/schema\/logo\/image\/"}},{"@type":"Person","@id":"https:\/\/augustaabogados.com\/#\/schema\/person\/8c5e230eb6ed47cdd14ee188eb04a753","name":"Augusta Abogados","image":{"@type":"ImageObject","inLanguage":"ca","@id":"https:\/\/secure.gravatar.com\/avatar\/09e6ceb5fccff542915602bda752518fa959b0df2d103d929aefa74c2909a4bc?s=96&d=mm&r=g","url":"https:\/\/secure.gravatar.com\/avatar\/09e6ceb5fccff542915602bda752518fa959b0df2d103d929aefa74c2909a4bc?s=96&d=mm&r=g","contentUrl":"https:\/\/secure.gravatar.com\/avatar\/09e6ceb5fccff542915602bda752518fa959b0df2d103d929aefa74c2909a4bc?s=96&d=mm&r=g","caption":"Augusta Abogados"}}]}},"_links":{"self":[{"href":"https:\/\/augustaabogados.com\/ca\/wp-json\/wp\/v2\/posts\/36867","targetHints":{"allow":["GET"]}}],"collection":[{"href":"https:\/\/augustaabogados.com\/ca\/wp-json\/wp\/v2\/posts"}],"about":[{"href":"https:\/\/augustaabogados.com\/ca\/wp-json\/wp\/v2\/types\/post"}],"author":[{"embeddable":true,"href":"https:\/\/augustaabogados.com\/ca\/wp-json\/wp\/v2\/users\/8"}],"replies":[{"embeddable":true,"href":"https:\/\/augustaabogados.com\/ca\/wp-json\/wp\/v2\/comments?post=36867"}],"version-history":[{"count":1,"href":"https:\/\/augustaabogados.com\/ca\/wp-json\/wp\/v2\/posts\/36867\/revisions"}],"predecessor-version":[{"id":40759,"href":"https:\/\/augustaabogados.com\/ca\/wp-json\/wp\/v2\/posts\/36867\/revisions\/40759"}],"wp:featuredmedia":[{"embeddable":true,"href":"https:\/\/augustaabogados.com\/ca\/wp-json\/wp\/v2\/media\/36868"}],"wp:attachment":[{"href":"https:\/\/augustaabogados.com\/ca\/wp-json\/wp\/v2\/media?parent=36867"}],"wp:term":[{"taxonomy":"category","embeddable":true,"href":"https:\/\/augustaabogados.com\/ca\/wp-json\/wp\/v2\/categories?post=36867"},{"taxonomy":"post_tag","embeddable":true,"href":"https:\/\/augustaabogados.com\/ca\/wp-json\/wp\/v2\/tags?post=36867"},{"taxonomy":"servicio-asociado","embeddable":true,"href":"https:\/\/augustaabogados.com\/ca\/wp-json\/wp\/v2\/servicio-asociado?post=36867"}],"curies":[{"name":"wp","href":"https:\/\/api.w.org\/{rel}","templated":true}]}}