{"id":36923,"date":"2020-04-15T00:00:00","date_gmt":"2020-04-15T00:00:00","guid":{"rendered":"https:\/\/augustaabogados.com\/les-mesures-fiscals-que-no-ha-pres-el-nostre-govern\/"},"modified":"2024-02-06T10:32:52","modified_gmt":"2024-02-06T10:32:52","slug":"les-mesures-fiscals-que-no-ha-pres-el-nostre-govern","status":"publish","type":"post","link":"https:\/\/augustaabogados.com\/ca\/les-mesures-fiscals-que-no-ha-pres-el-nostre-govern\/","title":{"rendered":"Les mesures fiscals que no ha pres el nostre govern"},"content":{"rendered":"<p>L&#8217;OCDE estima que la caiguda de l&#8217;activitat econ\u00f2mica a Espanya, durant les setmanes que duri el confinament, pot ser de m\u00e9s del 25 per cent (<a href=\"http:\/\/www.ocde.org\/\" target=\"_blank\" rel=\"noopener noreferrer\">www.ocde.org<\/a>). Aix\u00ed mateix, es preveu que en el conjunt de l\u0092any, el PIB pugui caure entorn del -8%.<\/p>\n<p>Davant un daltabaix d&#8217;aquesta magnitud, sorpr\u00e8n que el Govern espanyol no hagi adoptat mesures substantives de <span style=\"text-decoration: underline;\">car\u00e0cter fiscal<\/span> per a ajudar empreses i fam\u00edlies a superar la crisi, tamb\u00e9 des d&#8217;aquesta perspectiva. El Govern s&#8217;ha limitat a suspendre certs terminis durant la vig\u00e8ncia de l&#8217;Estat d&#8217;alarma i a oferir ajornaments (amb interessos) a empreses i individus que facturin menys de 6 milions d&#8217;euros. Aquesta suspensi\u00f3 de terminis no afecta, a la presentaci\u00f3 de declaracions d&#8217;IVA, IRPF o al pagament a compte de l&#8217;impost de societats amb venciment el pr\u00f2xim 20 d&#8217;abril (excepte Pimes i aut\u00f2noms). L&#8217;ajornament tampoc abasta a la campanya d&#8217;IRPF que ara comen\u00e7a.<\/p>\n<p>Aquesta falta de mesures deixa entreveure certa insensibilitat no sols sobre la realitat financera de les empreses sin\u00f3 tamb\u00e9 sobre la situaci\u00f3 dels responsables administratius de les mateixes que han d&#8217;emplenar les obligacions fiscals des del confinament, amb totes les complicacions i dificultats que aix\u00f2 suposa.<\/p>\n<p>Veiem seguidament algunes de les mesures, exclusivament de car\u00e0cter fiscal, que han estat adoptades en altres jurisdiccions.<\/p>\n<p><strong>TERMINIS I PAGAMENTS<\/strong><\/p>\n<ul>\n<li class=\"w\">Allargament en els terminis de presentaci\u00f3 de declaracions (UE, Su\u00efssa, el Jap\u00f3, RU, els EUA)<\/li>\n<li class=\"w\">Facilitats de pagament d&#8217;impostos corrents, deutes i actes fiscals,<\/li>\n<li class=\"w\">Acceleraci\u00f3 de devolucions<\/li>\n<li class=\"w\">Postergaci\u00f3 de pagaments a compte (\u00c0ustria, Gr\u00e8cia)<\/li>\n<\/ul>\n<p><strong>MILLORES DEL CASH-FLOW<\/strong><\/p>\n<ul>\n<li class=\"w\">Ampliaci\u00f3 dels l\u00edmits a la deducci\u00f3 de despeses financeres (els EUA)<\/li>\n<li class=\"w\">Devoluci\u00f3 d&#8217;impostos pagats contra p\u00e8rdues d&#8217;anys posteriors (loss carry-*back) (els EUA, Tx\u00e8quia, Noruega, Pol\u00f2nia)<\/li>\n<li class=\"w\">Llibertat o acceleraci\u00f3 d&#8217;amortitzaci\u00f3 (Austr\u00e0lia, Nova Zelanda)<\/li>\n<\/ul>\n<p><strong>ALTRES MESURES<\/strong><\/p>\n<ul>\n<li class=\"w\">Reducci\u00f3 de tipus d&#8217;IVA (Gr\u00e8cia, RU Noruega , la Xina, R\u00fassia)<\/li>\n<li class=\"w\">Reducci\u00f3 d&#8217;IRPF en hores extres o personal sanitari<\/li>\n<li class=\"w\">Deduccions addicionals a la formaci\u00f3 professional<\/li>\n<\/ul>\n<p>Les possibilitats que ofereixen les diverses jurisdiccions s\u00f3n molt \u00e0mplies i, algunes d&#8217;elles, sense cost recaptatori.<\/p>\n<p>Si b\u00e9 \u00e9s cert que si la AEAT vol ajudar la societat, pot comen\u00e7ar a fer-ho sense necessitat de cap canvi normatiu, simplement, executant les ingents devolucions que t\u00e9 pendents i evitant posicions maximalistes en les seves inspeccions i controls. El primer donar\u00e0 liquiditat immediata i el segon restar\u00e0 incertesa a ciutadans i empreses en un moment tan delicat.<\/p>\n<p><a href=\"http:\/\/jordim52.sg-host.com\/ca\/equip\/socis\/juan-jose-terraza-torra\/\">Juan Jos\u00e9 Terraza<\/a><\/p>\n<p><a href=\"http:\/\/jordim52.sg-host.com\/wp-content\/uploads\/2020\/04\/Nota-medidas-fiscales-2-catala?.pdf\" target=\"_blank\" rel=\"noopener noreferrer\">Descarregar not\u00edcia completa en format PDF.<\/a><\/p>\n","protected":false},"excerpt":{"rendered":"<p>El govern d\u0092Espanya ha adoptat mesures credit\u00edcies per\u00f2 no fiscals per ajudar a les empreses a afrontar la crisi econ\u00f2mica en contraposici\u00f3 al fet per la resta de pa\u00efsos.<\/p>\n","protected":false},"author":8,"featured_media":36924,"comment_status":"closed","ping_status":"open","sticky":false,"template":"","format":"standard","meta":{"content-type":"","site-sidebar-layout":"no-sidebar","site-content-layout":"page-builder","ast-site-content-layout":"default","site-content-style":"default","site-sidebar-style":"default","ast-global-header-display":"","ast-banner-title-visibility":"","ast-main-header-display":"","ast-hfb-above-header-display":"","ast-hfb-below-header-display":"","ast-hfb-mobile-header-display":"","site-post-title":"","ast-breadcrumbs-content":"","ast-featured-img":"","footer-sml-layout":"","ast-disable-related-posts":"","theme-transparent-header-meta":"disabled","adv-header-id-meta":"","stick-header-meta":"","header-above-stick-meta":"","header-main-stick-meta":"","header-below-stick-meta":"","astra-migrate-meta-layouts":"set","ast-page-background-enabled":"default","ast-page-background-meta":{"desktop":{"background-color":"var(--ast-global-color-4)","background-image":"","background-repeat":"repeat","background-position":"center center","background-size":"auto","background-attachment":"scroll","background-type":"","background-media":"","overlay-type":"","overlay-color":"","overlay-opacity":"","overlay-gradient":""},"tablet":{"background-color":"","background-image":"","background-repeat":"repeat","background-position":"center center","background-size":"auto","background-attachment":"scroll","background-type":"","background-media":"","overlay-type":"","overlay-color":"","overlay-opacity":"","overlay-gradient":""},"mobile":{"background-color":"","background-image":"","background-repeat":"repeat","background-position":"center center","background-size":"auto","background-attachment":"scroll","background-type":"","background-media":"","overlay-type":"","overlay-color":"","overlay-opacity":"","overlay-gradient":""}},"ast-content-background-meta":{"desktop":{"background-color":"var(--ast-global-color-5)","background-image":"","background-repeat":"repeat","background-position":"center center","background-size":"auto","background-attachment":"scroll","background-type":"","background-media":"","overlay-type":"","overlay-color":"","overlay-opacity":"","overlay-gradient":""},"tablet":{"background-color":"var(--ast-global-color-5)","background-image":"","background-repeat":"repeat","background-position":"center center","background-size":"auto","background-attachment":"scroll","background-type":"","background-media":"","overlay-type":"","overlay-color":"","overlay-opacity":"","overlay-gradient":""},"mobile":{"background-color":"var(--ast-global-color-5)","background-image":"","background-repeat":"repeat","background-position":"center center","background-size":"auto","background-attachment":"scroll","background-type":"","background-media":"","overlay-type":"","overlay-color":"","overlay-opacity":"","overlay-gradient":""}},"footnotes":""},"categories":[1886],"tags":[1204,603,1164,1205,1206,605],"servicio-asociado":[],"class_list":["post-36923","post","type-post","status-publish","format-standard","has-post-thumbnail","hentry","category-alerta-ca","tag-ajudescovid19","tag-ayudascovid19","tag-fiscalitat","tag-mesurescovid19","tag-tributacio","tag-tributacion"],"acf":[],"yoast_head":"<!-- This site is optimized with the Yoast SEO plugin v27.4 - https:\/\/yoast.com\/product\/yoast-seo-wordpress\/ -->\n<title>Informaci\u00f3n sobre la modificaci\u00f3n de la Ley catalana del Impuesto sobre Sucesiones y Donaciones|Informaci\u00f3n sobre la modificaci\u00f3n de la Ley catalana del Impuesto sobre Sucesiones y Donaciones<\/title>\n<meta name=\"description\" content=\"La modificaci\u00f3n de la Ley catalana del Impuesto sobre Sucesiones y Donaciones obliga a reevaluar las planificaciones fiscales de la sucesi\u00f3n familiar y empresarial.|La modificaci\u00f3n de la Ley catalana del Impuesto sobre Sucesiones y Donaciones obliga a reevaluar las planificaciones fiscales de la sucesi\u00f3n familiar y empresarial.\" \/>\n<meta name=\"robots\" content=\"index, follow, max-snippet:-1, max-image-preview:large, max-video-preview:-1\" \/>\n<link rel=\"canonical\" href=\"https:\/\/augustaabogados.com\/ca\/les-mesures-fiscals-que-no-ha-pres-el-nostre-govern\/\" \/>\n<meta property=\"og:locale\" content=\"ca_ES\" \/>\n<meta property=\"og:type\" content=\"article\" \/>\n<meta property=\"og:title\" content=\"Informaci\u00f3n sobre la modificaci\u00f3n de la Ley catalana del Impuesto sobre Sucesiones y Donaciones|Informaci\u00f3n sobre la modificaci\u00f3n de la Ley catalana del Impuesto sobre Sucesiones y Donaciones\" \/>\n<meta property=\"og:description\" content=\"La modificaci\u00f3n de la Ley catalana del Impuesto sobre Sucesiones y Donaciones obliga a reevaluar las planificaciones fiscales de la sucesi\u00f3n familiar y empresarial.|La modificaci\u00f3n de la Ley catalana del Impuesto sobre Sucesiones y Donaciones obliga a reevaluar las planificaciones fiscales de la sucesi\u00f3n familiar y empresarial.\" \/>\n<meta property=\"og:url\" content=\"https:\/\/augustaabogados.com\/ca\/les-mesures-fiscals-que-no-ha-pres-el-nostre-govern\/\" \/>\n<meta property=\"og:site_name\" content=\"Augusta Abogados\" \/>\n<meta property=\"article:published_time\" content=\"2020-04-15T00:00:00+00:00\" \/>\n<meta property=\"article:modified_time\" content=\"2024-02-06T10:32:52+00:00\" \/>\n<meta property=\"og:image\" content=\"https:\/\/augustaabogados.com\/wp-content\/uploads\/2024\/02\/actualidad-actualitat-news-augusta-abogados-1160.jpg\" \/>\n\t<meta property=\"og:image:width\" content=\"800\" \/>\n\t<meta property=\"og:image:height\" content=\"418\" \/>\n\t<meta property=\"og:image:type\" content=\"image\/jpeg\" \/>\n<meta name=\"author\" content=\"Augusta Abogados\" \/>\n<meta name=\"twitter:card\" content=\"summary_large_image\" \/>\n<meta name=\"twitter:label1\" content=\"Escrit per\" \/>\n\t<meta name=\"twitter:data1\" content=\"Augusta Abogados\" \/>\n\t<meta name=\"twitter:label2\" content=\"Temps estimat de lectura\" \/>\n\t<meta name=\"twitter:data2\" content=\"3 minuts\" \/>\n<script type=\"application\/ld+json\" class=\"yoast-schema-graph\">{\"@context\":\"https:\\\/\\\/schema.org\",\"@graph\":[{\"@type\":\"Article\",\"@id\":\"https:\\\/\\\/augustaabogados.com\\\/ca\\\/les-mesures-fiscals-que-no-ha-pres-el-nostre-govern\\\/#article\",\"isPartOf\":{\"@id\":\"https:\\\/\\\/augustaabogados.com\\\/ca\\\/les-mesures-fiscals-que-no-ha-pres-el-nostre-govern\\\/\"},\"author\":{\"name\":\"Augusta Abogados\",\"@id\":\"https:\\\/\\\/augustaabogados.com\\\/#\\\/schema\\\/person\\\/8c5e230eb6ed47cdd14ee188eb04a753\"},\"headline\":\"Les mesures fiscals que no ha pres el nostre govern\",\"datePublished\":\"2020-04-15T00:00:00+00:00\",\"dateModified\":\"2024-02-06T10:32:52+00:00\",\"mainEntityOfPage\":{\"@id\":\"https:\\\/\\\/augustaabogados.com\\\/ca\\\/les-mesures-fiscals-que-no-ha-pres-el-nostre-govern\\\/\"},\"wordCount\":447,\"publisher\":{\"@id\":\"https:\\\/\\\/augustaabogados.com\\\/#organization\"},\"image\":{\"@id\":\"https:\\\/\\\/augustaabogados.com\\\/ca\\\/les-mesures-fiscals-que-no-ha-pres-el-nostre-govern\\\/#primaryimage\"},\"thumbnailUrl\":\"https:\\\/\\\/augustaabogados.com\\\/wp-content\\\/uploads\\\/2024\\\/02\\\/actualidad-actualitat-news-augusta-abogados-1160.jpg\",\"keywords\":[\"AjudesCovid19\",\"AyudasCovid19\",\"Fiscalitat\",\"MesuresCovid19\",\"Tributaci\u00f3\",\"Tributaci\u00f3n\"],\"articleSection\":[\"ALERTA\"],\"inLanguage\":\"ca\"},{\"@type\":[\"WebPage\",\"ItemPage\"],\"@id\":\"https:\\\/\\\/augustaabogados.com\\\/ca\\\/les-mesures-fiscals-que-no-ha-pres-el-nostre-govern\\\/\",\"url\":\"https:\\\/\\\/augustaabogados.com\\\/ca\\\/les-mesures-fiscals-que-no-ha-pres-el-nostre-govern\\\/\",\"name\":\"Informaci\u00f3n sobre la modificaci\u00f3n de la Ley catalana del Impuesto sobre Sucesiones y Donaciones|Informaci\u00f3n sobre la modificaci\u00f3n de la Ley catalana del Impuesto sobre Sucesiones y Donaciones\",\"isPartOf\":{\"@id\":\"https:\\\/\\\/augustaabogados.com\\\/#website\"},\"primaryImageOfPage\":{\"@id\":\"https:\\\/\\\/augustaabogados.com\\\/ca\\\/les-mesures-fiscals-que-no-ha-pres-el-nostre-govern\\\/#primaryimage\"},\"image\":{\"@id\":\"https:\\\/\\\/augustaabogados.com\\\/ca\\\/les-mesures-fiscals-que-no-ha-pres-el-nostre-govern\\\/#primaryimage\"},\"thumbnailUrl\":\"https:\\\/\\\/augustaabogados.com\\\/wp-content\\\/uploads\\\/2024\\\/02\\\/actualidad-actualitat-news-augusta-abogados-1160.jpg\",\"datePublished\":\"2020-04-15T00:00:00+00:00\",\"dateModified\":\"2024-02-06T10:32:52+00:00\",\"description\":\"La modificaci\u00f3n de la Ley catalana del Impuesto sobre Sucesiones y Donaciones obliga a reevaluar las planificaciones fiscales de la sucesi\u00f3n familiar y empresarial.|La modificaci\u00f3n de la Ley catalana del Impuesto sobre Sucesiones y Donaciones obliga a reevaluar las planificaciones fiscales de la sucesi\u00f3n familiar y empresarial.\",\"breadcrumb\":{\"@id\":\"https:\\\/\\\/augustaabogados.com\\\/ca\\\/les-mesures-fiscals-que-no-ha-pres-el-nostre-govern\\\/#breadcrumb\"},\"inLanguage\":\"ca\",\"potentialAction\":[{\"@type\":\"ReadAction\",\"target\":[\"https:\\\/\\\/augustaabogados.com\\\/ca\\\/les-mesures-fiscals-que-no-ha-pres-el-nostre-govern\\\/\"]}]},{\"@type\":\"ImageObject\",\"inLanguage\":\"ca\",\"@id\":\"https:\\\/\\\/augustaabogados.com\\\/ca\\\/les-mesures-fiscals-que-no-ha-pres-el-nostre-govern\\\/#primaryimage\",\"url\":\"https:\\\/\\\/augustaabogados.com\\\/wp-content\\\/uploads\\\/2024\\\/02\\\/actualidad-actualitat-news-augusta-abogados-1160.jpg\",\"contentUrl\":\"https:\\\/\\\/augustaabogados.com\\\/wp-content\\\/uploads\\\/2024\\\/02\\\/actualidad-actualitat-news-augusta-abogados-1160.jpg\",\"width\":800,\"height\":418},{\"@type\":\"BreadcrumbList\",\"@id\":\"https:\\\/\\\/augustaabogados.com\\\/ca\\\/les-mesures-fiscals-que-no-ha-pres-el-nostre-govern\\\/#breadcrumb\",\"itemListElement\":[{\"@type\":\"ListItem\",\"position\":1,\"name\":\"Portada\",\"item\":\"https:\\\/\\\/augustaabogados.com\\\/ca\\\/\"},{\"@type\":\"ListItem\",\"position\":2,\"name\":\"Les mesures fiscals que no ha pres el nostre govern\"}]},{\"@type\":\"WebSite\",\"@id\":\"https:\\\/\\\/augustaabogados.com\\\/#website\",\"url\":\"https:\\\/\\\/augustaabogados.com\\\/\",\"name\":\"Augusta Abogados\",\"description\":\"\",\"publisher\":{\"@id\":\"https:\\\/\\\/augustaabogados.com\\\/#organization\"},\"potentialAction\":[{\"@type\":\"SearchAction\",\"target\":{\"@type\":\"EntryPoint\",\"urlTemplate\":\"https:\\\/\\\/augustaabogados.com\\\/?s={search_term_string}\"},\"query-input\":{\"@type\":\"PropertyValueSpecification\",\"valueRequired\":true,\"valueName\":\"search_term_string\"}}],\"inLanguage\":\"ca\"},{\"@type\":\"Organization\",\"@id\":\"https:\\\/\\\/augustaabogados.com\\\/#organization\",\"name\":\"Augusta Abogados\",\"url\":\"https:\\\/\\\/augustaabogados.com\\\/\",\"logo\":{\"@type\":\"ImageObject\",\"inLanguage\":\"ca\",\"@id\":\"https:\\\/\\\/augustaabogados.com\\\/#\\\/schema\\\/logo\\\/image\\\/\",\"url\":\"https:\\\/\\\/augustaabogados.com\\\/wp-content\\\/uploads\\\/2023\\\/11\\\/LOGO-AUGUSTA.svg\",\"contentUrl\":\"https:\\\/\\\/augustaabogados.com\\\/wp-content\\\/uploads\\\/2023\\\/11\\\/LOGO-AUGUSTA.svg\",\"caption\":\"Augusta Abogados\"},\"image\":{\"@id\":\"https:\\\/\\\/augustaabogados.com\\\/#\\\/schema\\\/logo\\\/image\\\/\"}},{\"@type\":\"Person\",\"@id\":\"https:\\\/\\\/augustaabogados.com\\\/#\\\/schema\\\/person\\\/8c5e230eb6ed47cdd14ee188eb04a753\",\"name\":\"Augusta Abogados\",\"image\":{\"@type\":\"ImageObject\",\"inLanguage\":\"ca\",\"@id\":\"https:\\\/\\\/secure.gravatar.com\\\/avatar\\\/09e6ceb5fccff542915602bda752518fa959b0df2d103d929aefa74c2909a4bc?s=96&d=mm&r=g\",\"url\":\"https:\\\/\\\/secure.gravatar.com\\\/avatar\\\/09e6ceb5fccff542915602bda752518fa959b0df2d103d929aefa74c2909a4bc?s=96&d=mm&r=g\",\"contentUrl\":\"https:\\\/\\\/secure.gravatar.com\\\/avatar\\\/09e6ceb5fccff542915602bda752518fa959b0df2d103d929aefa74c2909a4bc?s=96&d=mm&r=g\",\"caption\":\"Augusta Abogados\"}}]}<\/script>\n<!-- \/ Yoast SEO plugin. -->","yoast_head_json":{"title":"Informaci\u00f3n sobre la modificaci\u00f3n de la Ley catalana del Impuesto sobre Sucesiones y Donaciones|Informaci\u00f3n sobre la modificaci\u00f3n de la Ley catalana del Impuesto sobre Sucesiones y Donaciones","description":"La modificaci\u00f3n de la Ley catalana del Impuesto sobre Sucesiones y Donaciones obliga a reevaluar las planificaciones fiscales de la sucesi\u00f3n familiar y empresarial.|La modificaci\u00f3n de la Ley catalana del Impuesto sobre Sucesiones y Donaciones obliga a reevaluar las planificaciones fiscales de la sucesi\u00f3n familiar y empresarial.","robots":{"index":"index","follow":"follow","max-snippet":"max-snippet:-1","max-image-preview":"max-image-preview:large","max-video-preview":"max-video-preview:-1"},"canonical":"https:\/\/augustaabogados.com\/ca\/les-mesures-fiscals-que-no-ha-pres-el-nostre-govern\/","og_locale":"ca_ES","og_type":"article","og_title":"Informaci\u00f3n sobre la modificaci\u00f3n de la Ley catalana del Impuesto sobre Sucesiones y Donaciones|Informaci\u00f3n sobre la modificaci\u00f3n de la Ley catalana del Impuesto sobre Sucesiones y Donaciones","og_description":"La modificaci\u00f3n de la Ley catalana del Impuesto sobre Sucesiones y Donaciones obliga a reevaluar las planificaciones fiscales de la sucesi\u00f3n familiar y empresarial.|La modificaci\u00f3n de la Ley catalana del Impuesto sobre Sucesiones y Donaciones obliga a reevaluar las planificaciones fiscales de la sucesi\u00f3n familiar y empresarial.","og_url":"https:\/\/augustaabogados.com\/ca\/les-mesures-fiscals-que-no-ha-pres-el-nostre-govern\/","og_site_name":"Augusta Abogados","article_published_time":"2020-04-15T00:00:00+00:00","article_modified_time":"2024-02-06T10:32:52+00:00","og_image":[{"width":800,"height":418,"url":"https:\/\/augustaabogados.com\/wp-content\/uploads\/2024\/02\/actualidad-actualitat-news-augusta-abogados-1160.jpg","type":"image\/jpeg"}],"author":"Augusta Abogados","twitter_card":"summary_large_image","twitter_misc":{"Escrit per":"Augusta Abogados","Temps estimat de lectura":"3 minuts"},"schema":{"@context":"https:\/\/schema.org","@graph":[{"@type":"Article","@id":"https:\/\/augustaabogados.com\/ca\/les-mesures-fiscals-que-no-ha-pres-el-nostre-govern\/#article","isPartOf":{"@id":"https:\/\/augustaabogados.com\/ca\/les-mesures-fiscals-que-no-ha-pres-el-nostre-govern\/"},"author":{"name":"Augusta Abogados","@id":"https:\/\/augustaabogados.com\/#\/schema\/person\/8c5e230eb6ed47cdd14ee188eb04a753"},"headline":"Les mesures fiscals que no ha pres el nostre govern","datePublished":"2020-04-15T00:00:00+00:00","dateModified":"2024-02-06T10:32:52+00:00","mainEntityOfPage":{"@id":"https:\/\/augustaabogados.com\/ca\/les-mesures-fiscals-que-no-ha-pres-el-nostre-govern\/"},"wordCount":447,"publisher":{"@id":"https:\/\/augustaabogados.com\/#organization"},"image":{"@id":"https:\/\/augustaabogados.com\/ca\/les-mesures-fiscals-que-no-ha-pres-el-nostre-govern\/#primaryimage"},"thumbnailUrl":"https:\/\/augustaabogados.com\/wp-content\/uploads\/2024\/02\/actualidad-actualitat-news-augusta-abogados-1160.jpg","keywords":["AjudesCovid19","AyudasCovid19","Fiscalitat","MesuresCovid19","Tributaci\u00f3","Tributaci\u00f3n"],"articleSection":["ALERTA"],"inLanguage":"ca"},{"@type":["WebPage","ItemPage"],"@id":"https:\/\/augustaabogados.com\/ca\/les-mesures-fiscals-que-no-ha-pres-el-nostre-govern\/","url":"https:\/\/augustaabogados.com\/ca\/les-mesures-fiscals-que-no-ha-pres-el-nostre-govern\/","name":"Informaci\u00f3n sobre la modificaci\u00f3n de la Ley catalana del Impuesto sobre Sucesiones y Donaciones|Informaci\u00f3n sobre la modificaci\u00f3n de la Ley catalana del Impuesto sobre Sucesiones y Donaciones","isPartOf":{"@id":"https:\/\/augustaabogados.com\/#website"},"primaryImageOfPage":{"@id":"https:\/\/augustaabogados.com\/ca\/les-mesures-fiscals-que-no-ha-pres-el-nostre-govern\/#primaryimage"},"image":{"@id":"https:\/\/augustaabogados.com\/ca\/les-mesures-fiscals-que-no-ha-pres-el-nostre-govern\/#primaryimage"},"thumbnailUrl":"https:\/\/augustaabogados.com\/wp-content\/uploads\/2024\/02\/actualidad-actualitat-news-augusta-abogados-1160.jpg","datePublished":"2020-04-15T00:00:00+00:00","dateModified":"2024-02-06T10:32:52+00:00","description":"La modificaci\u00f3n de la Ley catalana del Impuesto sobre Sucesiones y Donaciones obliga a reevaluar las planificaciones fiscales de la sucesi\u00f3n familiar y empresarial.|La modificaci\u00f3n de la Ley catalana del Impuesto sobre Sucesiones y Donaciones obliga a reevaluar las planificaciones fiscales de la sucesi\u00f3n familiar y empresarial.","breadcrumb":{"@id":"https:\/\/augustaabogados.com\/ca\/les-mesures-fiscals-que-no-ha-pres-el-nostre-govern\/#breadcrumb"},"inLanguage":"ca","potentialAction":[{"@type":"ReadAction","target":["https:\/\/augustaabogados.com\/ca\/les-mesures-fiscals-que-no-ha-pres-el-nostre-govern\/"]}]},{"@type":"ImageObject","inLanguage":"ca","@id":"https:\/\/augustaabogados.com\/ca\/les-mesures-fiscals-que-no-ha-pres-el-nostre-govern\/#primaryimage","url":"https:\/\/augustaabogados.com\/wp-content\/uploads\/2024\/02\/actualidad-actualitat-news-augusta-abogados-1160.jpg","contentUrl":"https:\/\/augustaabogados.com\/wp-content\/uploads\/2024\/02\/actualidad-actualitat-news-augusta-abogados-1160.jpg","width":800,"height":418},{"@type":"BreadcrumbList","@id":"https:\/\/augustaabogados.com\/ca\/les-mesures-fiscals-que-no-ha-pres-el-nostre-govern\/#breadcrumb","itemListElement":[{"@type":"ListItem","position":1,"name":"Portada","item":"https:\/\/augustaabogados.com\/ca\/"},{"@type":"ListItem","position":2,"name":"Les mesures fiscals que no ha pres el nostre govern"}]},{"@type":"WebSite","@id":"https:\/\/augustaabogados.com\/#website","url":"https:\/\/augustaabogados.com\/","name":"Augusta Abogados","description":"","publisher":{"@id":"https:\/\/augustaabogados.com\/#organization"},"potentialAction":[{"@type":"SearchAction","target":{"@type":"EntryPoint","urlTemplate":"https:\/\/augustaabogados.com\/?s={search_term_string}"},"query-input":{"@type":"PropertyValueSpecification","valueRequired":true,"valueName":"search_term_string"}}],"inLanguage":"ca"},{"@type":"Organization","@id":"https:\/\/augustaabogados.com\/#organization","name":"Augusta Abogados","url":"https:\/\/augustaabogados.com\/","logo":{"@type":"ImageObject","inLanguage":"ca","@id":"https:\/\/augustaabogados.com\/#\/schema\/logo\/image\/","url":"https:\/\/augustaabogados.com\/wp-content\/uploads\/2023\/11\/LOGO-AUGUSTA.svg","contentUrl":"https:\/\/augustaabogados.com\/wp-content\/uploads\/2023\/11\/LOGO-AUGUSTA.svg","caption":"Augusta Abogados"},"image":{"@id":"https:\/\/augustaabogados.com\/#\/schema\/logo\/image\/"}},{"@type":"Person","@id":"https:\/\/augustaabogados.com\/#\/schema\/person\/8c5e230eb6ed47cdd14ee188eb04a753","name":"Augusta Abogados","image":{"@type":"ImageObject","inLanguage":"ca","@id":"https:\/\/secure.gravatar.com\/avatar\/09e6ceb5fccff542915602bda752518fa959b0df2d103d929aefa74c2909a4bc?s=96&d=mm&r=g","url":"https:\/\/secure.gravatar.com\/avatar\/09e6ceb5fccff542915602bda752518fa959b0df2d103d929aefa74c2909a4bc?s=96&d=mm&r=g","contentUrl":"https:\/\/secure.gravatar.com\/avatar\/09e6ceb5fccff542915602bda752518fa959b0df2d103d929aefa74c2909a4bc?s=96&d=mm&r=g","caption":"Augusta Abogados"}}]}},"_links":{"self":[{"href":"https:\/\/augustaabogados.com\/ca\/wp-json\/wp\/v2\/posts\/36923","targetHints":{"allow":["GET"]}}],"collection":[{"href":"https:\/\/augustaabogados.com\/ca\/wp-json\/wp\/v2\/posts"}],"about":[{"href":"https:\/\/augustaabogados.com\/ca\/wp-json\/wp\/v2\/types\/post"}],"author":[{"embeddable":true,"href":"https:\/\/augustaabogados.com\/ca\/wp-json\/wp\/v2\/users\/8"}],"replies":[{"embeddable":true,"href":"https:\/\/augustaabogados.com\/ca\/wp-json\/wp\/v2\/comments?post=36923"}],"version-history":[{"count":1,"href":"https:\/\/augustaabogados.com\/ca\/wp-json\/wp\/v2\/posts\/36923\/revisions"}],"predecessor-version":[{"id":40753,"href":"https:\/\/augustaabogados.com\/ca\/wp-json\/wp\/v2\/posts\/36923\/revisions\/40753"}],"wp:featuredmedia":[{"embeddable":true,"href":"https:\/\/augustaabogados.com\/ca\/wp-json\/wp\/v2\/media\/36924"}],"wp:attachment":[{"href":"https:\/\/augustaabogados.com\/ca\/wp-json\/wp\/v2\/media?parent=36923"}],"wp:term":[{"taxonomy":"category","embeddable":true,"href":"https:\/\/augustaabogados.com\/ca\/wp-json\/wp\/v2\/categories?post=36923"},{"taxonomy":"post_tag","embeddable":true,"href":"https:\/\/augustaabogados.com\/ca\/wp-json\/wp\/v2\/tags?post=36923"},{"taxonomy":"servicio-asociado","embeddable":true,"href":"https:\/\/augustaabogados.com\/ca\/wp-json\/wp\/v2\/servicio-asociado?post=36923"}],"curies":[{"name":"wp","href":"https:\/\/api.w.org\/{rel}","templated":true}]}}