{"id":37052,"date":"2020-07-15T00:00:00","date_gmt":"2020-07-15T00:00:00","guid":{"rendered":"https:\/\/augustaabogados.com\/augusta-abogados-incorpora-a-rodolfo-fernandez-cuellas-com-a-soci-de-mercantil-corporatiu-innovacio\/"},"modified":"2024-02-06T10:32:20","modified_gmt":"2024-02-06T10:32:20","slug":"augusta-abogados-incorpora-a-rodolfo-fernandez-cuellas-com-a-soci-de-mercantil-corporatiu-innovacio","status":"publish","type":"post","link":"https:\/\/augustaabogados.com\/ca\/augusta-abogados-incorpora-a-rodolfo-fernandez-cuellas-com-a-soci-de-mercantil-corporatiu-innovacio\/","title":{"rendered":"Augusta Abogados incorpora a Rodolfo Fern\u00e1ndez-Cuellas com a soci de Mercantil Corporatiu &#038; Innovaci\u00f3"},"content":{"rendered":"<p>Augusta Abogados incorpora com a soci a Rodolfo Fern\u00e1ndez-Cuellas per impulsar l&#8217;\u00e0rea de dret mercantil corporatiu &amp; innovaci\u00f3. Fern\u00e1ndez-Cuellas \u00e9s un conegut advocat barcelon\u00ed que ha desenvolupat la major part de la seva carrera a Miliners Advocats i Assessors Tributaris, firma de la qual va ser cofundador i responsable de l&#8217;\u00e0rea mercantil &amp; d\u0092innovaci\u00f3.<\/p>\n<p>Fern\u00e1ndez-Cuellas \u00e9s doctor en dret i acad\u00e8mic de la Reial Acad\u00e8mia Europea de Doctors (RAED), aix\u00ed com professor d&#8217;ESADE on co-dirigeix el seminari de Dret Mercantil. Ha desenvolupat la seva carrera tamb\u00e9 en l&#8217;\u00e0mbit internacional, sent membre de la International Practice Group (IPG), on <em>chairs<\/em> el Ethics Committee, i tamb\u00e9 \u00e9s membre de ITechLaw on va ser chair of l&#8217;Arbitration &amp; Mediation Committee.<\/p>\n<p>Rodolfo Fern\u00e1ndez-Cuellas t\u00e9 \u00e0mplia experi\u00e8ncia com a advocat en operacions corporatives, soluci\u00f3 de conflictes societaris, dret immobiliari, transaccions internacionals i arbitratge nacional i internacional. Tamb\u00e9 ha assessorat el naixement i desenvolupament de start up&#8217;s i empreses tecnol\u00f2giques i d&#8217;innovaci\u00f3, tant espanyoles com estrangeres en el seu desenvolupament a Espanya. En la seva vessant acad\u00e8mica \u00e9s autor de diverses monografies i articles doctrinals sobre dret de societats, arbitratge i contractaci\u00f3 a internet. Ha estat president de la Secci\u00f3 de Dret Mercantil del Col\u00b7legi de l&#8217;Advocacia de Barcelona i actualment \u00e9s vicepresident de l&#8217;Associaci\u00f3 per al Foment de l&#8217;Arbitratge.<\/p>\n<p>La incorporaci\u00f3 de Rodolfo Fern\u00e1ndez-Cuellas a Augusta Abogados suposa una important fita en el creixement i consolidaci\u00f3 de l&#8217;\u00e0rea i del despatx en general, l&#8217;objectiu del qual, \u00e9s ser un dels referents en l&#8217;\u00e0rea de dret mercantil corporatiu i M &amp; A. Aquesta \u00e0rea ser\u00e0 co-liderada amb el soci i advocat <a href=\"http:\/\/jordim52.sg-host.com\/ca\/equip\/socis\/sergi-gimenez-binder\/\"><strong>Sergi Gim\u00e9nez Binder<\/strong><\/a>.<\/p>\n<p><img fetchpriority=\"high\" decoding=\"async\" class=\"size-large wp-image-14445 aligncenter\" src=\"https:\/\/augustaabogados.com\/wp-content\/uploads\/2024\/02\/RODOLFO-11-scaled.jpg\" alt=\"\" width=\"650\" height=\"525\" \/><\/p>\n<p><strong><a href=\"http:\/\/jordim52.sg-host.com\/wp-content\/uploads\/2020\/07\/LA-VANGUARDIA.pdf\" target=\"_blank\" rel=\"noopener noreferrer\"><em>Accedeix a la publicaci\u00f3 de La Vanguardia<\/em><\/a><\/strong><\/p>\n","protected":false},"excerpt":{"rendered":"<p>Augusta Abogados ha incorporat a Rodolfo Fern\u00e1ndez-Cuellas com a soci per co-liderar, junt amb Sergi Gim\u00e9nez Binder, l&#8217;\u00e0rea de dret mercantil corporatiu &#038; innovaci\u00f3 de la firma.<\/p>\n","protected":false},"author":8,"featured_media":34857,"comment_status":"closed","ping_status":"open","sticky":false,"template":"","format":"standard","meta":{"content-type":"","site-sidebar-layout":"no-sidebar","site-content-layout":"page-builder","ast-site-content-layout":"default","site-content-style":"default","site-sidebar-style":"default","ast-global-header-display":"","ast-banner-title-visibility":"","ast-main-header-display":"","ast-hfb-above-header-display":"","ast-hfb-below-header-display":"","ast-hfb-mobile-header-display":"","site-post-title":"","ast-breadcrumbs-content":"","ast-featured-img":"","footer-sml-layout":"","ast-disable-related-posts":"","theme-transparent-header-meta":"disabled","adv-header-id-meta":"","stick-header-meta":"","header-above-stick-meta":"","header-main-stick-meta":"","header-below-stick-meta":"","astra-migrate-meta-layouts":"set","ast-page-background-enabled":"default","ast-page-background-meta":{"desktop":{"background-color":"var(--ast-global-color-4)","background-image":"","background-repeat":"repeat","background-position":"center center","background-size":"auto","background-attachment":"scroll","background-type":"","background-media":"","overlay-type":"","overlay-color":"","overlay-opacity":"","overlay-gradient":""},"tablet":{"background-color":"","background-image":"","background-repeat":"repeat","background-position":"center center","background-size":"auto","background-attachment":"scroll","background-type":"","background-media":"","overlay-type":"","overlay-color":"","overlay-opacity":"","overlay-gradient":""},"mobile":{"background-color":"","background-image":"","background-repeat":"repeat","background-position":"center center","background-size":"auto","background-attachment":"scroll","background-type":"","background-media":"","overlay-type":"","overlay-color":"","overlay-opacity":"","overlay-gradient":""}},"ast-content-background-meta":{"desktop":{"background-color":"var(--ast-global-color-5)","background-image":"","background-repeat":"repeat","background-position":"center center","background-size":"auto","background-attachment":"scroll","background-type":"","background-media":"","overlay-type":"","overlay-color":"","overlay-opacity":"","overlay-gradient":""},"tablet":{"background-color":"var(--ast-global-color-5)","background-image":"","background-repeat":"repeat","background-position":"center center","background-size":"auto","background-attachment":"scroll","background-type":"","background-media":"","overlay-type":"","overlay-color":"","overlay-opacity":"","overlay-gradient":""},"mobile":{"background-color":"var(--ast-global-color-5)","background-image":"","background-repeat":"repeat","background-position":"center center","background-size":"auto","background-attachment":"scroll","background-type":"","background-media":"","overlay-type":"","overlay-color":"","overlay-opacity":"","overlay-gradient":""}},"footnotes":""},"categories":[1895],"tags":[1121,1215,1216,1217,1218],"servicio-asociado":[1862],"class_list":["post-37052","post","type-post","status-publish","format-standard","has-post-thumbnail","hentry","category-nota-propia-comunicat","tag-advocat","tag-arbitratge","tag-dret-corporatiu","tag-dret-mercantil","tag-noves-incorporacions","servicio-asociado-mercantil-ca"],"acf":[],"yoast_head":"<!-- This site is optimized with the Yoast SEO plugin v27.4 - https:\/\/yoast.com\/product\/yoast-seo-wordpress\/ -->\n<title>Informaci\u00f3n sobre la modificaci\u00f3n de la Ley catalana del Impuesto sobre Sucesiones y Donaciones|Informaci\u00f3n sobre la modificaci\u00f3n de la Ley catalana del Impuesto sobre Sucesiones y Donaciones<\/title>\n<meta name=\"description\" content=\"La modificaci\u00f3n de la Ley catalana del Impuesto sobre Sucesiones y Donaciones obliga a reevaluar las planificaciones fiscales de la sucesi\u00f3n familiar y empresarial.|La modificaci\u00f3n de la Ley catalana del Impuesto sobre Sucesiones y Donaciones obliga a reevaluar las planificaciones fiscales de la sucesi\u00f3n familiar y empresarial.\" \/>\n<meta name=\"robots\" content=\"index, follow, max-snippet:-1, max-image-preview:large, max-video-preview:-1\" \/>\n<link rel=\"canonical\" href=\"https:\/\/augustaabogados.com\/ca\/augusta-abogados-incorpora-a-rodolfo-fernandez-cuellas-com-a-soci-de-mercantil-corporatiu-innovacio\/\" \/>\n<meta property=\"og:locale\" content=\"ca_ES\" \/>\n<meta property=\"og:type\" content=\"article\" \/>\n<meta property=\"og:title\" content=\"Informaci\u00f3n sobre la modificaci\u00f3n de la Ley catalana del Impuesto sobre Sucesiones y Donaciones|Informaci\u00f3n sobre la modificaci\u00f3n de la Ley catalana del Impuesto sobre Sucesiones y Donaciones\" \/>\n<meta property=\"og:description\" content=\"La modificaci\u00f3n de la Ley catalana del Impuesto sobre Sucesiones y Donaciones obliga a reevaluar las planificaciones fiscales de la sucesi\u00f3n familiar y empresarial.|La modificaci\u00f3n de la Ley catalana del Impuesto sobre Sucesiones y Donaciones obliga a reevaluar las planificaciones fiscales de la sucesi\u00f3n familiar y empresarial.\" \/>\n<meta property=\"og:url\" content=\"https:\/\/augustaabogados.com\/ca\/augusta-abogados-incorpora-a-rodolfo-fernandez-cuellas-com-a-soci-de-mercantil-corporatiu-innovacio\/\" \/>\n<meta property=\"og:site_name\" content=\"Augusta Abogados\" \/>\n<meta property=\"article:published_time\" content=\"2020-07-15T00:00:00+00:00\" \/>\n<meta property=\"article:modified_time\" content=\"2024-02-06T10:32:20+00:00\" \/>\n<meta property=\"og:image\" content=\"https:\/\/augustaabogados.com\/wp-content\/uploads\/2024\/02\/actualidad-actualitat-news-augusta-abogados-1035.jpg\" \/>\n\t<meta property=\"og:image:width\" content=\"800\" \/>\n\t<meta property=\"og:image:height\" content=\"418\" \/>\n\t<meta property=\"og:image:type\" content=\"image\/jpeg\" \/>\n<meta name=\"author\" content=\"Augusta Abogados\" \/>\n<meta name=\"twitter:card\" content=\"summary_large_image\" \/>\n<meta name=\"twitter:label1\" content=\"Escrit per\" \/>\n\t<meta name=\"twitter:data1\" content=\"Augusta Abogados\" \/>\n\t<meta name=\"twitter:label2\" content=\"Temps estimat de lectura\" \/>\n\t<meta name=\"twitter:data2\" content=\"3 minuts\" \/>\n<script type=\"application\/ld+json\" class=\"yoast-schema-graph\">{\"@context\":\"https:\\\/\\\/schema.org\",\"@graph\":[{\"@type\":\"Article\",\"@id\":\"https:\\\/\\\/augustaabogados.com\\\/ca\\\/augusta-abogados-incorpora-a-rodolfo-fernandez-cuellas-com-a-soci-de-mercantil-corporatiu-innovacio\\\/#article\",\"isPartOf\":{\"@id\":\"https:\\\/\\\/augustaabogados.com\\\/ca\\\/augusta-abogados-incorpora-a-rodolfo-fernandez-cuellas-com-a-soci-de-mercantil-corporatiu-innovacio\\\/\"},\"author\":{\"name\":\"Augusta Abogados\",\"@id\":\"https:\\\/\\\/augustaabogados.com\\\/#\\\/schema\\\/person\\\/8c5e230eb6ed47cdd14ee188eb04a753\"},\"headline\":\"Augusta Abogados incorpora a Rodolfo Fern\u00e1ndez-Cuellas com a soci de Mercantil Corporatiu &#038; Innovaci\u00f3\",\"datePublished\":\"2020-07-15T00:00:00+00:00\",\"dateModified\":\"2024-02-06T10:32:20+00:00\",\"mainEntityOfPage\":{\"@id\":\"https:\\\/\\\/augustaabogados.com\\\/ca\\\/augusta-abogados-incorpora-a-rodolfo-fernandez-cuellas-com-a-soci-de-mercantil-corporatiu-innovacio\\\/\"},\"wordCount\":315,\"publisher\":{\"@id\":\"https:\\\/\\\/augustaabogados.com\\\/#organization\"},\"image\":{\"@id\":\"https:\\\/\\\/augustaabogados.com\\\/ca\\\/augusta-abogados-incorpora-a-rodolfo-fernandez-cuellas-com-a-soci-de-mercantil-corporatiu-innovacio\\\/#primaryimage\"},\"thumbnailUrl\":\"https:\\\/\\\/augustaabogados.com\\\/wp-content\\\/uploads\\\/2024\\\/02\\\/actualidad-actualitat-news-augusta-abogados-1035.jpg\",\"keywords\":[\"advocat\",\"arbitratge\",\"dret corporatiu\",\"dret mercantil\",\"Noves Incorporacions\"],\"articleSection\":[\"NOTA DE PREMSA\"],\"inLanguage\":\"ca\"},{\"@type\":[\"WebPage\",\"ItemPage\"],\"@id\":\"https:\\\/\\\/augustaabogados.com\\\/ca\\\/augusta-abogados-incorpora-a-rodolfo-fernandez-cuellas-com-a-soci-de-mercantil-corporatiu-innovacio\\\/\",\"url\":\"https:\\\/\\\/augustaabogados.com\\\/ca\\\/augusta-abogados-incorpora-a-rodolfo-fernandez-cuellas-com-a-soci-de-mercantil-corporatiu-innovacio\\\/\",\"name\":\"Informaci\u00f3n sobre la modificaci\u00f3n de la Ley catalana del Impuesto sobre Sucesiones y Donaciones|Informaci\u00f3n sobre la modificaci\u00f3n de la Ley catalana del Impuesto sobre Sucesiones y Donaciones\",\"isPartOf\":{\"@id\":\"https:\\\/\\\/augustaabogados.com\\\/#website\"},\"primaryImageOfPage\":{\"@id\":\"https:\\\/\\\/augustaabogados.com\\\/ca\\\/augusta-abogados-incorpora-a-rodolfo-fernandez-cuellas-com-a-soci-de-mercantil-corporatiu-innovacio\\\/#primaryimage\"},\"image\":{\"@id\":\"https:\\\/\\\/augustaabogados.com\\\/ca\\\/augusta-abogados-incorpora-a-rodolfo-fernandez-cuellas-com-a-soci-de-mercantil-corporatiu-innovacio\\\/#primaryimage\"},\"thumbnailUrl\":\"https:\\\/\\\/augustaabogados.com\\\/wp-content\\\/uploads\\\/2024\\\/02\\\/actualidad-actualitat-news-augusta-abogados-1035.jpg\",\"datePublished\":\"2020-07-15T00:00:00+00:00\",\"dateModified\":\"2024-02-06T10:32:20+00:00\",\"description\":\"La modificaci\u00f3n de la Ley catalana del Impuesto sobre Sucesiones y Donaciones obliga a reevaluar las planificaciones fiscales de la sucesi\u00f3n familiar y empresarial.|La modificaci\u00f3n de la Ley catalana del Impuesto sobre Sucesiones y Donaciones obliga a reevaluar las planificaciones fiscales de la sucesi\u00f3n familiar y empresarial.\",\"breadcrumb\":{\"@id\":\"https:\\\/\\\/augustaabogados.com\\\/ca\\\/augusta-abogados-incorpora-a-rodolfo-fernandez-cuellas-com-a-soci-de-mercantil-corporatiu-innovacio\\\/#breadcrumb\"},\"inLanguage\":\"ca\",\"potentialAction\":[{\"@type\":\"ReadAction\",\"target\":[\"https:\\\/\\\/augustaabogados.com\\\/ca\\\/augusta-abogados-incorpora-a-rodolfo-fernandez-cuellas-com-a-soci-de-mercantil-corporatiu-innovacio\\\/\"]}]},{\"@type\":\"ImageObject\",\"inLanguage\":\"ca\",\"@id\":\"https:\\\/\\\/augustaabogados.com\\\/ca\\\/augusta-abogados-incorpora-a-rodolfo-fernandez-cuellas-com-a-soci-de-mercantil-corporatiu-innovacio\\\/#primaryimage\",\"url\":\"https:\\\/\\\/augustaabogados.com\\\/wp-content\\\/uploads\\\/2024\\\/02\\\/actualidad-actualitat-news-augusta-abogados-1035.jpg\",\"contentUrl\":\"https:\\\/\\\/augustaabogados.com\\\/wp-content\\\/uploads\\\/2024\\\/02\\\/actualidad-actualitat-news-augusta-abogados-1035.jpg\",\"width\":800,\"height\":418},{\"@type\":\"BreadcrumbList\",\"@id\":\"https:\\\/\\\/augustaabogados.com\\\/ca\\\/augusta-abogados-incorpora-a-rodolfo-fernandez-cuellas-com-a-soci-de-mercantil-corporatiu-innovacio\\\/#breadcrumb\",\"itemListElement\":[{\"@type\":\"ListItem\",\"position\":1,\"name\":\"Portada\",\"item\":\"https:\\\/\\\/augustaabogados.com\\\/ca\\\/\"},{\"@type\":\"ListItem\",\"position\":2,\"name\":\"Augusta Abogados incorpora a Rodolfo Fern\u00e1ndez-Cuellas com a soci de Mercantil Corporatiu &#038; Innovaci\u00f3\"}]},{\"@type\":\"WebSite\",\"@id\":\"https:\\\/\\\/augustaabogados.com\\\/#website\",\"url\":\"https:\\\/\\\/augustaabogados.com\\\/\",\"name\":\"Augusta Abogados\",\"description\":\"\",\"publisher\":{\"@id\":\"https:\\\/\\\/augustaabogados.com\\\/#organization\"},\"potentialAction\":[{\"@type\":\"SearchAction\",\"target\":{\"@type\":\"EntryPoint\",\"urlTemplate\":\"https:\\\/\\\/augustaabogados.com\\\/?s={search_term_string}\"},\"query-input\":{\"@type\":\"PropertyValueSpecification\",\"valueRequired\":true,\"valueName\":\"search_term_string\"}}],\"inLanguage\":\"ca\"},{\"@type\":\"Organization\",\"@id\":\"https:\\\/\\\/augustaabogados.com\\\/#organization\",\"name\":\"Augusta Abogados\",\"url\":\"https:\\\/\\\/augustaabogados.com\\\/\",\"logo\":{\"@type\":\"ImageObject\",\"inLanguage\":\"ca\",\"@id\":\"https:\\\/\\\/augustaabogados.com\\\/#\\\/schema\\\/logo\\\/image\\\/\",\"url\":\"https:\\\/\\\/augustaabogados.com\\\/wp-content\\\/uploads\\\/2023\\\/11\\\/LOGO-AUGUSTA.svg\",\"contentUrl\":\"https:\\\/\\\/augustaabogados.com\\\/wp-content\\\/uploads\\\/2023\\\/11\\\/LOGO-AUGUSTA.svg\",\"caption\":\"Augusta Abogados\"},\"image\":{\"@id\":\"https:\\\/\\\/augustaabogados.com\\\/#\\\/schema\\\/logo\\\/image\\\/\"}},{\"@type\":\"Person\",\"@id\":\"https:\\\/\\\/augustaabogados.com\\\/#\\\/schema\\\/person\\\/8c5e230eb6ed47cdd14ee188eb04a753\",\"name\":\"Augusta Abogados\",\"image\":{\"@type\":\"ImageObject\",\"inLanguage\":\"ca\",\"@id\":\"https:\\\/\\\/secure.gravatar.com\\\/avatar\\\/09e6ceb5fccff542915602bda752518fa959b0df2d103d929aefa74c2909a4bc?s=96&d=mm&r=g\",\"url\":\"https:\\\/\\\/secure.gravatar.com\\\/avatar\\\/09e6ceb5fccff542915602bda752518fa959b0df2d103d929aefa74c2909a4bc?s=96&d=mm&r=g\",\"contentUrl\":\"https:\\\/\\\/secure.gravatar.com\\\/avatar\\\/09e6ceb5fccff542915602bda752518fa959b0df2d103d929aefa74c2909a4bc?s=96&d=mm&r=g\",\"caption\":\"Augusta Abogados\"}}]}<\/script>\n<!-- \/ Yoast SEO plugin. -->","yoast_head_json":{"title":"Informaci\u00f3n sobre la modificaci\u00f3n de la Ley catalana del Impuesto sobre Sucesiones y Donaciones|Informaci\u00f3n sobre la modificaci\u00f3n de la Ley catalana del Impuesto sobre Sucesiones y Donaciones","description":"La modificaci\u00f3n de la Ley catalana del Impuesto sobre Sucesiones y Donaciones obliga a reevaluar las planificaciones fiscales de la sucesi\u00f3n familiar y empresarial.|La modificaci\u00f3n de la Ley catalana del Impuesto sobre Sucesiones y Donaciones obliga a reevaluar las planificaciones fiscales de la sucesi\u00f3n familiar y empresarial.","robots":{"index":"index","follow":"follow","max-snippet":"max-snippet:-1","max-image-preview":"max-image-preview:large","max-video-preview":"max-video-preview:-1"},"canonical":"https:\/\/augustaabogados.com\/ca\/augusta-abogados-incorpora-a-rodolfo-fernandez-cuellas-com-a-soci-de-mercantil-corporatiu-innovacio\/","og_locale":"ca_ES","og_type":"article","og_title":"Informaci\u00f3n sobre la modificaci\u00f3n de la Ley catalana del Impuesto sobre Sucesiones y Donaciones|Informaci\u00f3n sobre la modificaci\u00f3n de la Ley catalana del Impuesto sobre Sucesiones y Donaciones","og_description":"La modificaci\u00f3n de la Ley catalana del Impuesto sobre Sucesiones y Donaciones obliga a reevaluar las planificaciones fiscales de la sucesi\u00f3n familiar y empresarial.|La modificaci\u00f3n de la Ley catalana del Impuesto sobre Sucesiones y Donaciones obliga a reevaluar las planificaciones fiscales de la sucesi\u00f3n familiar y empresarial.","og_url":"https:\/\/augustaabogados.com\/ca\/augusta-abogados-incorpora-a-rodolfo-fernandez-cuellas-com-a-soci-de-mercantil-corporatiu-innovacio\/","og_site_name":"Augusta Abogados","article_published_time":"2020-07-15T00:00:00+00:00","article_modified_time":"2024-02-06T10:32:20+00:00","og_image":[{"width":800,"height":418,"url":"https:\/\/augustaabogados.com\/wp-content\/uploads\/2024\/02\/actualidad-actualitat-news-augusta-abogados-1035.jpg","type":"image\/jpeg"}],"author":"Augusta Abogados","twitter_card":"summary_large_image","twitter_misc":{"Escrit per":"Augusta Abogados","Temps estimat de lectura":"3 minuts"},"schema":{"@context":"https:\/\/schema.org","@graph":[{"@type":"Article","@id":"https:\/\/augustaabogados.com\/ca\/augusta-abogados-incorpora-a-rodolfo-fernandez-cuellas-com-a-soci-de-mercantil-corporatiu-innovacio\/#article","isPartOf":{"@id":"https:\/\/augustaabogados.com\/ca\/augusta-abogados-incorpora-a-rodolfo-fernandez-cuellas-com-a-soci-de-mercantil-corporatiu-innovacio\/"},"author":{"name":"Augusta Abogados","@id":"https:\/\/augustaabogados.com\/#\/schema\/person\/8c5e230eb6ed47cdd14ee188eb04a753"},"headline":"Augusta Abogados incorpora a Rodolfo Fern\u00e1ndez-Cuellas com a soci de Mercantil Corporatiu &#038; Innovaci\u00f3","datePublished":"2020-07-15T00:00:00+00:00","dateModified":"2024-02-06T10:32:20+00:00","mainEntityOfPage":{"@id":"https:\/\/augustaabogados.com\/ca\/augusta-abogados-incorpora-a-rodolfo-fernandez-cuellas-com-a-soci-de-mercantil-corporatiu-innovacio\/"},"wordCount":315,"publisher":{"@id":"https:\/\/augustaabogados.com\/#organization"},"image":{"@id":"https:\/\/augustaabogados.com\/ca\/augusta-abogados-incorpora-a-rodolfo-fernandez-cuellas-com-a-soci-de-mercantil-corporatiu-innovacio\/#primaryimage"},"thumbnailUrl":"https:\/\/augustaabogados.com\/wp-content\/uploads\/2024\/02\/actualidad-actualitat-news-augusta-abogados-1035.jpg","keywords":["advocat","arbitratge","dret corporatiu","dret mercantil","Noves Incorporacions"],"articleSection":["NOTA DE PREMSA"],"inLanguage":"ca"},{"@type":["WebPage","ItemPage"],"@id":"https:\/\/augustaabogados.com\/ca\/augusta-abogados-incorpora-a-rodolfo-fernandez-cuellas-com-a-soci-de-mercantil-corporatiu-innovacio\/","url":"https:\/\/augustaabogados.com\/ca\/augusta-abogados-incorpora-a-rodolfo-fernandez-cuellas-com-a-soci-de-mercantil-corporatiu-innovacio\/","name":"Informaci\u00f3n sobre la modificaci\u00f3n de la Ley catalana del Impuesto sobre Sucesiones y Donaciones|Informaci\u00f3n sobre la modificaci\u00f3n de la Ley catalana del Impuesto sobre Sucesiones y Donaciones","isPartOf":{"@id":"https:\/\/augustaabogados.com\/#website"},"primaryImageOfPage":{"@id":"https:\/\/augustaabogados.com\/ca\/augusta-abogados-incorpora-a-rodolfo-fernandez-cuellas-com-a-soci-de-mercantil-corporatiu-innovacio\/#primaryimage"},"image":{"@id":"https:\/\/augustaabogados.com\/ca\/augusta-abogados-incorpora-a-rodolfo-fernandez-cuellas-com-a-soci-de-mercantil-corporatiu-innovacio\/#primaryimage"},"thumbnailUrl":"https:\/\/augustaabogados.com\/wp-content\/uploads\/2024\/02\/actualidad-actualitat-news-augusta-abogados-1035.jpg","datePublished":"2020-07-15T00:00:00+00:00","dateModified":"2024-02-06T10:32:20+00:00","description":"La modificaci\u00f3n de la Ley catalana del Impuesto sobre Sucesiones y Donaciones obliga a reevaluar las planificaciones fiscales de la sucesi\u00f3n familiar y empresarial.|La modificaci\u00f3n de la Ley catalana del Impuesto sobre Sucesiones y Donaciones obliga a reevaluar las planificaciones fiscales de la sucesi\u00f3n familiar y empresarial.","breadcrumb":{"@id":"https:\/\/augustaabogados.com\/ca\/augusta-abogados-incorpora-a-rodolfo-fernandez-cuellas-com-a-soci-de-mercantil-corporatiu-innovacio\/#breadcrumb"},"inLanguage":"ca","potentialAction":[{"@type":"ReadAction","target":["https:\/\/augustaabogados.com\/ca\/augusta-abogados-incorpora-a-rodolfo-fernandez-cuellas-com-a-soci-de-mercantil-corporatiu-innovacio\/"]}]},{"@type":"ImageObject","inLanguage":"ca","@id":"https:\/\/augustaabogados.com\/ca\/augusta-abogados-incorpora-a-rodolfo-fernandez-cuellas-com-a-soci-de-mercantil-corporatiu-innovacio\/#primaryimage","url":"https:\/\/augustaabogados.com\/wp-content\/uploads\/2024\/02\/actualidad-actualitat-news-augusta-abogados-1035.jpg","contentUrl":"https:\/\/augustaabogados.com\/wp-content\/uploads\/2024\/02\/actualidad-actualitat-news-augusta-abogados-1035.jpg","width":800,"height":418},{"@type":"BreadcrumbList","@id":"https:\/\/augustaabogados.com\/ca\/augusta-abogados-incorpora-a-rodolfo-fernandez-cuellas-com-a-soci-de-mercantil-corporatiu-innovacio\/#breadcrumb","itemListElement":[{"@type":"ListItem","position":1,"name":"Portada","item":"https:\/\/augustaabogados.com\/ca\/"},{"@type":"ListItem","position":2,"name":"Augusta Abogados incorpora a Rodolfo Fern\u00e1ndez-Cuellas com a soci de Mercantil Corporatiu &#038; Innovaci\u00f3"}]},{"@type":"WebSite","@id":"https:\/\/augustaabogados.com\/#website","url":"https:\/\/augustaabogados.com\/","name":"Augusta Abogados","description":"","publisher":{"@id":"https:\/\/augustaabogados.com\/#organization"},"potentialAction":[{"@type":"SearchAction","target":{"@type":"EntryPoint","urlTemplate":"https:\/\/augustaabogados.com\/?s={search_term_string}"},"query-input":{"@type":"PropertyValueSpecification","valueRequired":true,"valueName":"search_term_string"}}],"inLanguage":"ca"},{"@type":"Organization","@id":"https:\/\/augustaabogados.com\/#organization","name":"Augusta Abogados","url":"https:\/\/augustaabogados.com\/","logo":{"@type":"ImageObject","inLanguage":"ca","@id":"https:\/\/augustaabogados.com\/#\/schema\/logo\/image\/","url":"https:\/\/augustaabogados.com\/wp-content\/uploads\/2023\/11\/LOGO-AUGUSTA.svg","contentUrl":"https:\/\/augustaabogados.com\/wp-content\/uploads\/2023\/11\/LOGO-AUGUSTA.svg","caption":"Augusta Abogados"},"image":{"@id":"https:\/\/augustaabogados.com\/#\/schema\/logo\/image\/"}},{"@type":"Person","@id":"https:\/\/augustaabogados.com\/#\/schema\/person\/8c5e230eb6ed47cdd14ee188eb04a753","name":"Augusta Abogados","image":{"@type":"ImageObject","inLanguage":"ca","@id":"https:\/\/secure.gravatar.com\/avatar\/09e6ceb5fccff542915602bda752518fa959b0df2d103d929aefa74c2909a4bc?s=96&d=mm&r=g","url":"https:\/\/secure.gravatar.com\/avatar\/09e6ceb5fccff542915602bda752518fa959b0df2d103d929aefa74c2909a4bc?s=96&d=mm&r=g","contentUrl":"https:\/\/secure.gravatar.com\/avatar\/09e6ceb5fccff542915602bda752518fa959b0df2d103d929aefa74c2909a4bc?s=96&d=mm&r=g","caption":"Augusta Abogados"}}]}},"_links":{"self":[{"href":"https:\/\/augustaabogados.com\/ca\/wp-json\/wp\/v2\/posts\/37052","targetHints":{"allow":["GET"]}}],"collection":[{"href":"https:\/\/augustaabogados.com\/ca\/wp-json\/wp\/v2\/posts"}],"about":[{"href":"https:\/\/augustaabogados.com\/ca\/wp-json\/wp\/v2\/types\/post"}],"author":[{"embeddable":true,"href":"https:\/\/augustaabogados.com\/ca\/wp-json\/wp\/v2\/users\/8"}],"replies":[{"embeddable":true,"href":"https:\/\/augustaabogados.com\/ca\/wp-json\/wp\/v2\/comments?post=37052"}],"version-history":[{"count":1,"href":"https:\/\/augustaabogados.com\/ca\/wp-json\/wp\/v2\/posts\/37052\/revisions"}],"predecessor-version":[{"id":37056,"href":"https:\/\/augustaabogados.com\/ca\/wp-json\/wp\/v2\/posts\/37052\/revisions\/37056"}],"wp:featuredmedia":[{"embeddable":true,"href":"https:\/\/augustaabogados.com\/ca\/wp-json\/wp\/v2\/media\/34857"}],"wp:attachment":[{"href":"https:\/\/augustaabogados.com\/ca\/wp-json\/wp\/v2\/media?parent=37052"}],"wp:term":[{"taxonomy":"category","embeddable":true,"href":"https:\/\/augustaabogados.com\/ca\/wp-json\/wp\/v2\/categories?post=37052"},{"taxonomy":"post_tag","embeddable":true,"href":"https:\/\/augustaabogados.com\/ca\/wp-json\/wp\/v2\/tags?post=37052"},{"taxonomy":"servicio-asociado","embeddable":true,"href":"https:\/\/augustaabogados.com\/ca\/wp-json\/wp\/v2\/servicio-asociado?post=37052"}],"curies":[{"name":"wp","href":"https:\/\/api.w.org\/{rel}","templated":true}]}}