{"id":37525,"date":"2021-05-12T00:00:00","date_gmt":"2021-05-12T00:00:00","guid":{"rendered":"https:\/\/augustaabogados.com\/augusta-abogados-incorpora-nou-soci\/"},"modified":"2024-02-06T10:27:45","modified_gmt":"2024-02-06T10:27:45","slug":"augusta-abogados-incorpora-nou-soci","status":"publish","type":"post","link":"https:\/\/augustaabogados.com\/ca\/augusta-abogados-incorpora-nou-soci\/","title":{"rendered":"AUGUSTA ABOGADOS incorpora nou soci"},"content":{"rendered":"<p>AUGUSTA ABOGADOS incorpora a Miquel \u00c0ngel Alonso com a soci per al desenvolupament del departament de dret p\u00fablic i regulador de la firma. Miquel \u00c0ngel Alonso compta amb m\u00e9s de 25 anys de traject\u00f2ria professional en les \u00e0rees de dret administratiu, sectors regulats, mercantil i concursal.<\/p>\n<p>\u0093<em>Em fa molta il\u00b7lusi\u00f3 encarar aquest projecte, perqu\u00e8 AUGUSTA ABOGADOS em brinda l&#8217;oportunitat d&#8217;ampliar els serveis que vinc prestant a la meva clientela tradicional. S\u00f3n tamb\u00e9 evidents les sinergies entre la meva experi\u00e8ncia i pr\u00e0ctica professional amb les activitats pr\u00f2pies dels clients del despatx, que ja t\u00e9 una forta pres\u00e8ncia en sectors altament regulats<\/em>\u0094, indica Miquel \u00c0ngel.<\/p>\n<p>Miquel \u00c0ngel Alonso \u00e9s expert en sector p\u00fablic empresarial i en contractaci\u00f3 del sector p\u00fablic, participant habitualment en operacions per a la construcci\u00f3 i finan\u00e7ament d&#8217;infraestructures i serveis p\u00fablics, \u00e0mbit aquest en el qual assessora tant entitats p\u00fabliques com a entitats financeres i contractistes o concessionaris. La seva experi\u00e8ncia en dret regulador abasta sectors com el dels transports, les telecomunicacions, l&#8217;energia o l&#8217;aigua, entre altres. A m\u00e9s de la seva pr\u00e0ctica en l&#8217;\u00e0mbit del dret p\u00fablic, Miquel \u00c0ngel tamb\u00e9 exerceix habitualment com a secretari de consells d&#8217;administraci\u00f3, tant de societats privades com d&#8217;entitats del sector p\u00fablic empresarial.<\/p>\n<p><a href=\"http:\/\/jordim52.sg-host.com\/ca\/equip\/jaime-fernandez-cortes\/\">Jaime Fern\u00e1ndez<\/a>, soci d\u0092AUGUSTA ABOGADOS, comenta que \u0093<em>el fitxatge de Miquel \u00c0ngel Alonso es produeix en un context de creixent complexitat reguladora de l&#8217;activitat econ\u00f2mica i s&#8217;emmarca en la nostra estrat\u00e8gia general, orientada a refor\u00e7ar la nostra oferta de serveis legals per al client empresarial mitjan\u00e7ant la incorporaci\u00f3 d&#8217;advocats experts en les seves respectives \u00e0rees de pr\u00e0ctica<\/em>\u0094. A la mateixa estrat\u00e8gia obeeixen les recents incorporacions de <a href=\"http:\/\/jordim52.sg-host.com\/ca\/equip\/rodolfo-fernandez-cuellas\/\">Rodolfo Fern\u00e1ndez-Cuellas<\/a> per a l&#8217;\u00e0rea de dret mercantil corporatiu i innovaci\u00f3 i de <a href=\"http:\/\/jordim52.sg-host.com\/ca\/equip\/borja-de-abadal-gamiz\/\">Borja de Abadal<\/a> per al departament fiscal. A conseq\u00fc\u00e8ncia d&#8217;aix\u00f2, AUGUSTA ABOGADOS ha estat destacat pels principals directoris d&#8217;advocats i despatxos en tota una s\u00e8rie d&#8217;\u00e0rees de pr\u00e0ctica.<\/p>\n<p>Tamb\u00e9 l&#8217;obertura d&#8217;una oficina a Brussel\u00b7les a la fi de 2020 ve orientada per la voluntat d&#8217;incrementar la pres\u00e8ncia davant les institucions comunit\u00e0ries. \u0093<em>L&#8217;obertura de la nova oficina a Brussel\u00b7les \u00e9s una conseq\u00fc\u00e8ncia natural de la nostra coneguda estrat\u00e8gia de disposar una forta pres\u00e8ncia internacional. Precisament en moments com l&#8217;actual considerem fonamental refor\u00e7ar la nostra aposta europea, perqu\u00e8 estem conven\u00e7uts que en el futur immediat moltes respostes i solucions als reptes dels nostres clients s&#8217;obtindran en les seus comunit\u00e0ries<\/em>\u0094, indica <a href=\"http:\/\/jordim52.sg-host.com\/ca\/equip\/sergi-gimenez-binder\/\">Sergi Gim\u00e9nez<\/a>, soci del despatx que ha liderat aquesta obertura.<\/p>\n<p><a href=\"http:\/\/jordim52.sg-host.com\/wp-content\/uploads\/2021\/05\/Expansion-Nacional-11_05_2021-56.pdf\"><img fetchpriority=\"high\" decoding=\"async\" class=\"size-full wp-image-16238 aligncenter\" src=\"https:\/\/augustaabogados.com\/wp-content\/uploads\/2024\/02\/MAA-18.png\" alt=\"\" width=\"396\" height=\"564\" \/><\/a><\/p>\n<p><strong>Sobre AUGUSTA ABOGADOS (<\/strong><a href=\"http:\/\/jordim52.sg-host.com\"><strong>www.augustaabogados.com<\/strong><\/a><strong>)<\/strong><\/p>\n<p>AUGUSTA ABOGADOS \u00e9s un despatx professional especialitzat en dret mercantil, fiscal, reestructuracions empresarials, dret laboral, dret aeron\u00e0utic i processal, entre altres mat\u00e8ries, amb la decidida voluntat de proposar un projecte innovador i capa\u00e7 d&#8217;atreure a professionals del m\u00e0xim nivell. En l&#8217;actualitat compta amb deu socis, avalats tots ells per una \u00e0mplia experi\u00e8ncia i s\u00f2lida reputaci\u00f3. Els socis d&#8217;AUGUSTA ABOGADOS han aglutinat i cohesionat entorn de s\u00ed un potent equip de professionals que abasta les principals \u00e0rees de pr\u00e0ctica del dret d&#8217;empresa.<\/p>\n<p>L&#8217;orientaci\u00f3 al client com a eix i objectiu de la Firma obliga els professionals a con\u00e8ixer de manera profunda les necessitats del negoci del client. Un dels reptes de la Firma \u00e9s, per tant, l&#8217;especialitzaci\u00f3 de tots els advocats del despatx, adquirint l&#8217;experi\u00e8ncia i el coneixement en els sectors en els quals assessorem.<\/p>\n<p>Fundat l&#8217;any 2008 amb tres socis i deu professionals a Barcelona, en l&#8217;actualitat AUGUSTA ABOGADOS compta amb deu socis i m\u00e9s de 40 professionals distribu\u00efts entre les seves tres oficines de Barcelona, Madrid i Brussel\u00b7les.<\/p>\n<p><strong>\u00a0<\/strong><\/p>\n<p><strong>Per a m\u00e9s informaci\u00f3:<\/strong><\/p>\n<p>AUGUSTA ABOGADOS<\/p>\n<p>Jessica Olivera<\/p>\n<p>Tel: +34.93.3621620<\/p>\n<p>Mail: <a href=\"mailto:j.olivera@jordim52.sg-host.com\">j.olivera@jordim52.sg-host.com<\/a><\/p>\n","protected":false},"excerpt":{"rendered":"<p>El despatx d&#8217;advocats AUGUSTA ABOGADOS, amb seus a Barcelona, Madrid i Brussel\u00b7les, incorpora a Miquel \u00c0ngel Alonso com a soci de Dret P\u00fablic i Regulador.<\/p>\n","protected":false},"author":8,"featured_media":35339,"comment_status":"closed","ping_status":"open","sticky":false,"template":"","format":"standard","meta":{"content-type":"","site-sidebar-layout":"no-sidebar","site-content-layout":"page-builder","ast-site-content-layout":"default","site-content-style":"default","site-sidebar-style":"default","ast-global-header-display":"","ast-banner-title-visibility":"","ast-main-header-display":"","ast-hfb-above-header-display":"","ast-hfb-below-header-display":"","ast-hfb-mobile-header-display":"","site-post-title":"","ast-breadcrumbs-content":"","ast-featured-img":"","footer-sml-layout":"","ast-disable-related-posts":"","theme-transparent-header-meta":"disabled","adv-header-id-meta":"","stick-header-meta":"","header-above-stick-meta":"","header-main-stick-meta":"","header-below-stick-meta":"","astra-migrate-meta-layouts":"set","ast-page-background-enabled":"default","ast-page-background-meta":{"desktop":{"background-color":"var(--ast-global-color-4)","background-image":"","background-repeat":"repeat","background-position":"center center","background-size":"auto","background-attachment":"scroll","background-type":"","background-media":"","overlay-type":"","overlay-color":"","overlay-opacity":"","overlay-gradient":""},"tablet":{"background-color":"","background-image":"","background-repeat":"repeat","background-position":"center center","background-size":"auto","background-attachment":"scroll","background-type":"","background-media":"","overlay-type":"","overlay-color":"","overlay-opacity":"","overlay-gradient":""},"mobile":{"background-color":"","background-image":"","background-repeat":"repeat","background-position":"center center","background-size":"auto","background-attachment":"scroll","background-type":"","background-media":"","overlay-type":"","overlay-color":"","overlay-opacity":"","overlay-gradient":""}},"ast-content-background-meta":{"desktop":{"background-color":"var(--ast-global-color-5)","background-image":"","background-repeat":"repeat","background-position":"center center","background-size":"auto","background-attachment":"scroll","background-type":"","background-media":"","overlay-type":"","overlay-color":"","overlay-opacity":"","overlay-gradient":""},"tablet":{"background-color":"var(--ast-global-color-5)","background-image":"","background-repeat":"repeat","background-position":"center center","background-size":"auto","background-attachment":"scroll","background-type":"","background-media":"","overlay-type":"","overlay-color":"","overlay-opacity":"","overlay-gradient":""},"mobile":{"background-color":"var(--ast-global-color-5)","background-image":"","background-repeat":"repeat","background-position":"center center","background-size":"auto","background-attachment":"scroll","background-type":"","background-media":"","overlay-type":"","overlay-color":"","overlay-opacity":"","overlay-gradient":""}},"footnotes":""},"categories":[1895],"tags":[1297,1147,1298,1299,1300],"servicio-asociado":[],"class_list":["post-37525","post","type-post","status-publish","format-standard","has-post-thumbnail","hentry","category-nota-propia-comunicat","tag-dret-public","tag-futur","tag-incorporacions","tag-nous-projectes","tag-regulador"],"acf":[],"yoast_head":"<!-- This site is optimized with the Yoast SEO plugin v27.4 - https:\/\/yoast.com\/product\/yoast-seo-wordpress\/ -->\n<title>Informaci\u00f3n sobre la modificaci\u00f3n de la Ley catalana del Impuesto sobre Sucesiones y Donaciones|Informaci\u00f3n sobre la modificaci\u00f3n de la Ley catalana del Impuesto sobre Sucesiones y Donaciones<\/title>\n<meta name=\"description\" content=\"La modificaci\u00f3n de la Ley catalana del Impuesto sobre Sucesiones y Donaciones obliga a reevaluar las planificaciones fiscales de la sucesi\u00f3n familiar y empresarial.|La modificaci\u00f3n de la Ley catalana del Impuesto sobre Sucesiones y Donaciones obliga a reevaluar las planificaciones fiscales de la sucesi\u00f3n familiar y empresarial.\" \/>\n<meta name=\"robots\" content=\"index, follow, max-snippet:-1, max-image-preview:large, max-video-preview:-1\" \/>\n<link rel=\"canonical\" href=\"https:\/\/augustaabogados.com\/ca\/augusta-abogados-incorpora-nou-soci\/\" \/>\n<meta property=\"og:locale\" content=\"ca_ES\" \/>\n<meta property=\"og:type\" content=\"article\" \/>\n<meta property=\"og:title\" content=\"Informaci\u00f3n sobre la modificaci\u00f3n de la Ley catalana del Impuesto sobre Sucesiones y Donaciones|Informaci\u00f3n sobre la modificaci\u00f3n de la Ley catalana del Impuesto sobre Sucesiones y Donaciones\" \/>\n<meta property=\"og:description\" content=\"La modificaci\u00f3n de la Ley catalana del Impuesto sobre Sucesiones y Donaciones obliga a reevaluar las planificaciones fiscales de la sucesi\u00f3n familiar y empresarial.|La modificaci\u00f3n de la Ley catalana del Impuesto sobre Sucesiones y Donaciones obliga a reevaluar las planificaciones fiscales de la sucesi\u00f3n familiar y empresarial.\" \/>\n<meta property=\"og:url\" content=\"https:\/\/augustaabogados.com\/ca\/augusta-abogados-incorpora-nou-soci\/\" \/>\n<meta property=\"og:site_name\" content=\"Augusta Abogados\" \/>\n<meta property=\"article:published_time\" content=\"2021-05-12T00:00:00+00:00\" \/>\n<meta property=\"article:modified_time\" content=\"2024-02-06T10:27:45+00:00\" \/>\n<meta property=\"og:image\" content=\"https:\/\/augustaabogados.com\/wp-content\/uploads\/2024\/02\/actualidad-actualitat-news-augusta-abogados-1078.jpg\" \/>\n\t<meta property=\"og:image:width\" content=\"800\" \/>\n\t<meta property=\"og:image:height\" content=\"418\" \/>\n\t<meta property=\"og:image:type\" content=\"image\/jpeg\" \/>\n<meta name=\"author\" content=\"Augusta Abogados\" \/>\n<meta name=\"twitter:card\" content=\"summary_large_image\" \/>\n<meta name=\"twitter:label1\" content=\"Escrit per\" \/>\n\t<meta name=\"twitter:data1\" content=\"Augusta Abogados\" \/>\n\t<meta name=\"twitter:label2\" content=\"Temps estimat de lectura\" \/>\n\t<meta name=\"twitter:data2\" content=\"3 minuts\" \/>\n<script type=\"application\/ld+json\" class=\"yoast-schema-graph\">{\"@context\":\"https:\\\/\\\/schema.org\",\"@graph\":[{\"@type\":\"Article\",\"@id\":\"https:\\\/\\\/augustaabogados.com\\\/ca\\\/augusta-abogados-incorpora-nou-soci\\\/#article\",\"isPartOf\":{\"@id\":\"https:\\\/\\\/augustaabogados.com\\\/ca\\\/augusta-abogados-incorpora-nou-soci\\\/\"},\"author\":{\"name\":\"Augusta Abogados\",\"@id\":\"https:\\\/\\\/augustaabogados.com\\\/#\\\/schema\\\/person\\\/8c5e230eb6ed47cdd14ee188eb04a753\"},\"headline\":\"AUGUSTA ABOGADOS incorpora nou soci\",\"datePublished\":\"2021-05-12T00:00:00+00:00\",\"dateModified\":\"2024-02-06T10:27:45+00:00\",\"mainEntityOfPage\":{\"@id\":\"https:\\\/\\\/augustaabogados.com\\\/ca\\\/augusta-abogados-incorpora-nou-soci\\\/\"},\"wordCount\":672,\"publisher\":{\"@id\":\"https:\\\/\\\/augustaabogados.com\\\/#organization\"},\"image\":{\"@id\":\"https:\\\/\\\/augustaabogados.com\\\/ca\\\/augusta-abogados-incorpora-nou-soci\\\/#primaryimage\"},\"thumbnailUrl\":\"https:\\\/\\\/augustaabogados.com\\\/wp-content\\\/uploads\\\/2024\\\/02\\\/actualidad-actualitat-news-augusta-abogados-1078.jpg\",\"keywords\":[\"Dret P\u00fablic\",\"futur\",\"incorporacions\",\"nous projectes\",\"regulador\"],\"articleSection\":[\"NOTA DE PREMSA\"],\"inLanguage\":\"ca\"},{\"@type\":[\"WebPage\",\"ItemPage\"],\"@id\":\"https:\\\/\\\/augustaabogados.com\\\/ca\\\/augusta-abogados-incorpora-nou-soci\\\/\",\"url\":\"https:\\\/\\\/augustaabogados.com\\\/ca\\\/augusta-abogados-incorpora-nou-soci\\\/\",\"name\":\"Informaci\u00f3n sobre la modificaci\u00f3n de la Ley catalana del Impuesto sobre Sucesiones y Donaciones|Informaci\u00f3n sobre la modificaci\u00f3n de la Ley catalana del Impuesto sobre Sucesiones y Donaciones\",\"isPartOf\":{\"@id\":\"https:\\\/\\\/augustaabogados.com\\\/#website\"},\"primaryImageOfPage\":{\"@id\":\"https:\\\/\\\/augustaabogados.com\\\/ca\\\/augusta-abogados-incorpora-nou-soci\\\/#primaryimage\"},\"image\":{\"@id\":\"https:\\\/\\\/augustaabogados.com\\\/ca\\\/augusta-abogados-incorpora-nou-soci\\\/#primaryimage\"},\"thumbnailUrl\":\"https:\\\/\\\/augustaabogados.com\\\/wp-content\\\/uploads\\\/2024\\\/02\\\/actualidad-actualitat-news-augusta-abogados-1078.jpg\",\"datePublished\":\"2021-05-12T00:00:00+00:00\",\"dateModified\":\"2024-02-06T10:27:45+00:00\",\"description\":\"La modificaci\u00f3n de la Ley catalana del Impuesto sobre Sucesiones y Donaciones obliga a reevaluar las planificaciones fiscales de la sucesi\u00f3n familiar y empresarial.|La modificaci\u00f3n de la Ley catalana del Impuesto sobre Sucesiones y Donaciones obliga a reevaluar las planificaciones fiscales de la sucesi\u00f3n familiar y empresarial.\",\"breadcrumb\":{\"@id\":\"https:\\\/\\\/augustaabogados.com\\\/ca\\\/augusta-abogados-incorpora-nou-soci\\\/#breadcrumb\"},\"inLanguage\":\"ca\",\"potentialAction\":[{\"@type\":\"ReadAction\",\"target\":[\"https:\\\/\\\/augustaabogados.com\\\/ca\\\/augusta-abogados-incorpora-nou-soci\\\/\"]}]},{\"@type\":\"ImageObject\",\"inLanguage\":\"ca\",\"@id\":\"https:\\\/\\\/augustaabogados.com\\\/ca\\\/augusta-abogados-incorpora-nou-soci\\\/#primaryimage\",\"url\":\"https:\\\/\\\/augustaabogados.com\\\/wp-content\\\/uploads\\\/2024\\\/02\\\/actualidad-actualitat-news-augusta-abogados-1078.jpg\",\"contentUrl\":\"https:\\\/\\\/augustaabogados.com\\\/wp-content\\\/uploads\\\/2024\\\/02\\\/actualidad-actualitat-news-augusta-abogados-1078.jpg\",\"width\":800,\"height\":418},{\"@type\":\"BreadcrumbList\",\"@id\":\"https:\\\/\\\/augustaabogados.com\\\/ca\\\/augusta-abogados-incorpora-nou-soci\\\/#breadcrumb\",\"itemListElement\":[{\"@type\":\"ListItem\",\"position\":1,\"name\":\"Portada\",\"item\":\"https:\\\/\\\/augustaabogados.com\\\/ca\\\/\"},{\"@type\":\"ListItem\",\"position\":2,\"name\":\"AUGUSTA ABOGADOS incorpora nou soci\"}]},{\"@type\":\"WebSite\",\"@id\":\"https:\\\/\\\/augustaabogados.com\\\/#website\",\"url\":\"https:\\\/\\\/augustaabogados.com\\\/\",\"name\":\"Augusta Abogados\",\"description\":\"\",\"publisher\":{\"@id\":\"https:\\\/\\\/augustaabogados.com\\\/#organization\"},\"potentialAction\":[{\"@type\":\"SearchAction\",\"target\":{\"@type\":\"EntryPoint\",\"urlTemplate\":\"https:\\\/\\\/augustaabogados.com\\\/?s={search_term_string}\"},\"query-input\":{\"@type\":\"PropertyValueSpecification\",\"valueRequired\":true,\"valueName\":\"search_term_string\"}}],\"inLanguage\":\"ca\"},{\"@type\":\"Organization\",\"@id\":\"https:\\\/\\\/augustaabogados.com\\\/#organization\",\"name\":\"Augusta Abogados\",\"url\":\"https:\\\/\\\/augustaabogados.com\\\/\",\"logo\":{\"@type\":\"ImageObject\",\"inLanguage\":\"ca\",\"@id\":\"https:\\\/\\\/augustaabogados.com\\\/#\\\/schema\\\/logo\\\/image\\\/\",\"url\":\"https:\\\/\\\/augustaabogados.com\\\/wp-content\\\/uploads\\\/2023\\\/11\\\/LOGO-AUGUSTA.svg\",\"contentUrl\":\"https:\\\/\\\/augustaabogados.com\\\/wp-content\\\/uploads\\\/2023\\\/11\\\/LOGO-AUGUSTA.svg\",\"caption\":\"Augusta Abogados\"},\"image\":{\"@id\":\"https:\\\/\\\/augustaabogados.com\\\/#\\\/schema\\\/logo\\\/image\\\/\"}},{\"@type\":\"Person\",\"@id\":\"https:\\\/\\\/augustaabogados.com\\\/#\\\/schema\\\/person\\\/8c5e230eb6ed47cdd14ee188eb04a753\",\"name\":\"Augusta Abogados\",\"image\":{\"@type\":\"ImageObject\",\"inLanguage\":\"ca\",\"@id\":\"https:\\\/\\\/secure.gravatar.com\\\/avatar\\\/09e6ceb5fccff542915602bda752518fa959b0df2d103d929aefa74c2909a4bc?s=96&d=mm&r=g\",\"url\":\"https:\\\/\\\/secure.gravatar.com\\\/avatar\\\/09e6ceb5fccff542915602bda752518fa959b0df2d103d929aefa74c2909a4bc?s=96&d=mm&r=g\",\"contentUrl\":\"https:\\\/\\\/secure.gravatar.com\\\/avatar\\\/09e6ceb5fccff542915602bda752518fa959b0df2d103d929aefa74c2909a4bc?s=96&d=mm&r=g\",\"caption\":\"Augusta Abogados\"}}]}<\/script>\n<!-- \/ Yoast SEO plugin. -->","yoast_head_json":{"title":"Informaci\u00f3n sobre la modificaci\u00f3n de la Ley catalana del Impuesto sobre Sucesiones y Donaciones|Informaci\u00f3n sobre la modificaci\u00f3n de la Ley catalana del Impuesto sobre Sucesiones y Donaciones","description":"La modificaci\u00f3n de la Ley catalana del Impuesto sobre Sucesiones y Donaciones obliga a reevaluar las planificaciones fiscales de la sucesi\u00f3n familiar y empresarial.|La modificaci\u00f3n de la Ley catalana del Impuesto sobre Sucesiones y Donaciones obliga a reevaluar las planificaciones fiscales de la sucesi\u00f3n familiar y empresarial.","robots":{"index":"index","follow":"follow","max-snippet":"max-snippet:-1","max-image-preview":"max-image-preview:large","max-video-preview":"max-video-preview:-1"},"canonical":"https:\/\/augustaabogados.com\/ca\/augusta-abogados-incorpora-nou-soci\/","og_locale":"ca_ES","og_type":"article","og_title":"Informaci\u00f3n sobre la modificaci\u00f3n de la Ley catalana del Impuesto sobre Sucesiones y Donaciones|Informaci\u00f3n sobre la modificaci\u00f3n de la Ley catalana del Impuesto sobre Sucesiones y Donaciones","og_description":"La modificaci\u00f3n de la Ley catalana del Impuesto sobre Sucesiones y Donaciones obliga a reevaluar las planificaciones fiscales de la sucesi\u00f3n familiar y empresarial.|La modificaci\u00f3n de la Ley catalana del Impuesto sobre Sucesiones y Donaciones obliga a reevaluar las planificaciones fiscales de la sucesi\u00f3n familiar y empresarial.","og_url":"https:\/\/augustaabogados.com\/ca\/augusta-abogados-incorpora-nou-soci\/","og_site_name":"Augusta Abogados","article_published_time":"2021-05-12T00:00:00+00:00","article_modified_time":"2024-02-06T10:27:45+00:00","og_image":[{"width":800,"height":418,"url":"https:\/\/augustaabogados.com\/wp-content\/uploads\/2024\/02\/actualidad-actualitat-news-augusta-abogados-1078.jpg","type":"image\/jpeg"}],"author":"Augusta Abogados","twitter_card":"summary_large_image","twitter_misc":{"Escrit per":"Augusta Abogados","Temps estimat de lectura":"3 minuts"},"schema":{"@context":"https:\/\/schema.org","@graph":[{"@type":"Article","@id":"https:\/\/augustaabogados.com\/ca\/augusta-abogados-incorpora-nou-soci\/#article","isPartOf":{"@id":"https:\/\/augustaabogados.com\/ca\/augusta-abogados-incorpora-nou-soci\/"},"author":{"name":"Augusta Abogados","@id":"https:\/\/augustaabogados.com\/#\/schema\/person\/8c5e230eb6ed47cdd14ee188eb04a753"},"headline":"AUGUSTA ABOGADOS incorpora nou soci","datePublished":"2021-05-12T00:00:00+00:00","dateModified":"2024-02-06T10:27:45+00:00","mainEntityOfPage":{"@id":"https:\/\/augustaabogados.com\/ca\/augusta-abogados-incorpora-nou-soci\/"},"wordCount":672,"publisher":{"@id":"https:\/\/augustaabogados.com\/#organization"},"image":{"@id":"https:\/\/augustaabogados.com\/ca\/augusta-abogados-incorpora-nou-soci\/#primaryimage"},"thumbnailUrl":"https:\/\/augustaabogados.com\/wp-content\/uploads\/2024\/02\/actualidad-actualitat-news-augusta-abogados-1078.jpg","keywords":["Dret P\u00fablic","futur","incorporacions","nous projectes","regulador"],"articleSection":["NOTA DE PREMSA"],"inLanguage":"ca"},{"@type":["WebPage","ItemPage"],"@id":"https:\/\/augustaabogados.com\/ca\/augusta-abogados-incorpora-nou-soci\/","url":"https:\/\/augustaabogados.com\/ca\/augusta-abogados-incorpora-nou-soci\/","name":"Informaci\u00f3n sobre la modificaci\u00f3n de la Ley catalana del Impuesto sobre Sucesiones y Donaciones|Informaci\u00f3n sobre la modificaci\u00f3n de la Ley catalana del Impuesto sobre Sucesiones y Donaciones","isPartOf":{"@id":"https:\/\/augustaabogados.com\/#website"},"primaryImageOfPage":{"@id":"https:\/\/augustaabogados.com\/ca\/augusta-abogados-incorpora-nou-soci\/#primaryimage"},"image":{"@id":"https:\/\/augustaabogados.com\/ca\/augusta-abogados-incorpora-nou-soci\/#primaryimage"},"thumbnailUrl":"https:\/\/augustaabogados.com\/wp-content\/uploads\/2024\/02\/actualidad-actualitat-news-augusta-abogados-1078.jpg","datePublished":"2021-05-12T00:00:00+00:00","dateModified":"2024-02-06T10:27:45+00:00","description":"La modificaci\u00f3n de la Ley catalana del Impuesto sobre Sucesiones y Donaciones obliga a reevaluar las planificaciones fiscales de la sucesi\u00f3n familiar y empresarial.|La modificaci\u00f3n de la Ley catalana del Impuesto sobre Sucesiones y Donaciones obliga a reevaluar las planificaciones fiscales de la sucesi\u00f3n familiar y empresarial.","breadcrumb":{"@id":"https:\/\/augustaabogados.com\/ca\/augusta-abogados-incorpora-nou-soci\/#breadcrumb"},"inLanguage":"ca","potentialAction":[{"@type":"ReadAction","target":["https:\/\/augustaabogados.com\/ca\/augusta-abogados-incorpora-nou-soci\/"]}]},{"@type":"ImageObject","inLanguage":"ca","@id":"https:\/\/augustaabogados.com\/ca\/augusta-abogados-incorpora-nou-soci\/#primaryimage","url":"https:\/\/augustaabogados.com\/wp-content\/uploads\/2024\/02\/actualidad-actualitat-news-augusta-abogados-1078.jpg","contentUrl":"https:\/\/augustaabogados.com\/wp-content\/uploads\/2024\/02\/actualidad-actualitat-news-augusta-abogados-1078.jpg","width":800,"height":418},{"@type":"BreadcrumbList","@id":"https:\/\/augustaabogados.com\/ca\/augusta-abogados-incorpora-nou-soci\/#breadcrumb","itemListElement":[{"@type":"ListItem","position":1,"name":"Portada","item":"https:\/\/augustaabogados.com\/ca\/"},{"@type":"ListItem","position":2,"name":"AUGUSTA ABOGADOS incorpora nou soci"}]},{"@type":"WebSite","@id":"https:\/\/augustaabogados.com\/#website","url":"https:\/\/augustaabogados.com\/","name":"Augusta Abogados","description":"","publisher":{"@id":"https:\/\/augustaabogados.com\/#organization"},"potentialAction":[{"@type":"SearchAction","target":{"@type":"EntryPoint","urlTemplate":"https:\/\/augustaabogados.com\/?s={search_term_string}"},"query-input":{"@type":"PropertyValueSpecification","valueRequired":true,"valueName":"search_term_string"}}],"inLanguage":"ca"},{"@type":"Organization","@id":"https:\/\/augustaabogados.com\/#organization","name":"Augusta Abogados","url":"https:\/\/augustaabogados.com\/","logo":{"@type":"ImageObject","inLanguage":"ca","@id":"https:\/\/augustaabogados.com\/#\/schema\/logo\/image\/","url":"https:\/\/augustaabogados.com\/wp-content\/uploads\/2023\/11\/LOGO-AUGUSTA.svg","contentUrl":"https:\/\/augustaabogados.com\/wp-content\/uploads\/2023\/11\/LOGO-AUGUSTA.svg","caption":"Augusta Abogados"},"image":{"@id":"https:\/\/augustaabogados.com\/#\/schema\/logo\/image\/"}},{"@type":"Person","@id":"https:\/\/augustaabogados.com\/#\/schema\/person\/8c5e230eb6ed47cdd14ee188eb04a753","name":"Augusta Abogados","image":{"@type":"ImageObject","inLanguage":"ca","@id":"https:\/\/secure.gravatar.com\/avatar\/09e6ceb5fccff542915602bda752518fa959b0df2d103d929aefa74c2909a4bc?s=96&d=mm&r=g","url":"https:\/\/secure.gravatar.com\/avatar\/09e6ceb5fccff542915602bda752518fa959b0df2d103d929aefa74c2909a4bc?s=96&d=mm&r=g","contentUrl":"https:\/\/secure.gravatar.com\/avatar\/09e6ceb5fccff542915602bda752518fa959b0df2d103d929aefa74c2909a4bc?s=96&d=mm&r=g","caption":"Augusta Abogados"}}]}},"_links":{"self":[{"href":"https:\/\/augustaabogados.com\/ca\/wp-json\/wp\/v2\/posts\/37525","targetHints":{"allow":["GET"]}}],"collection":[{"href":"https:\/\/augustaabogados.com\/ca\/wp-json\/wp\/v2\/posts"}],"about":[{"href":"https:\/\/augustaabogados.com\/ca\/wp-json\/wp\/v2\/types\/post"}],"author":[{"embeddable":true,"href":"https:\/\/augustaabogados.com\/ca\/wp-json\/wp\/v2\/users\/8"}],"replies":[{"embeddable":true,"href":"https:\/\/augustaabogados.com\/ca\/wp-json\/wp\/v2\/comments?post=37525"}],"version-history":[{"count":1,"href":"https:\/\/augustaabogados.com\/ca\/wp-json\/wp\/v2\/posts\/37525\/revisions"}],"predecessor-version":[{"id":37529,"href":"https:\/\/augustaabogados.com\/ca\/wp-json\/wp\/v2\/posts\/37525\/revisions\/37529"}],"wp:featuredmedia":[{"embeddable":true,"href":"https:\/\/augustaabogados.com\/ca\/wp-json\/wp\/v2\/media\/35339"}],"wp:attachment":[{"href":"https:\/\/augustaabogados.com\/ca\/wp-json\/wp\/v2\/media?parent=37525"}],"wp:term":[{"taxonomy":"category","embeddable":true,"href":"https:\/\/augustaabogados.com\/ca\/wp-json\/wp\/v2\/categories?post=37525"},{"taxonomy":"post_tag","embeddable":true,"href":"https:\/\/augustaabogados.com\/ca\/wp-json\/wp\/v2\/tags?post=37525"},{"taxonomy":"servicio-asociado","embeddable":true,"href":"https:\/\/augustaabogados.com\/ca\/wp-json\/wp\/v2\/servicio-asociado?post=37525"}],"curies":[{"name":"wp","href":"https:\/\/api.w.org\/{rel}","templated":true}]}}