{"id":47805,"date":"2025-01-31T06:13:58","date_gmt":"2025-01-31T06:13:58","guid":{"rendered":"https:\/\/augustaabogados.com\/fiscalidad-herencias-y-proteccion-patrimonial\/"},"modified":"2025-01-31T06:20:27","modified_gmt":"2025-01-31T06:20:27","slug":"fiscalitat-herencies-i-proteccio-patrimonial","status":"publish","type":"post","link":"https:\/\/augustaabogados.com\/ca\/fiscalitat-herencies-i-proteccio-patrimonial\/","title":{"rendered":"Fiscalitat, her\u00e8ncies i protecci\u00f3 patrimonial"},"content":{"rendered":"<p>La directora d&#8217;Augusta Abogados i responsable del <a href=\"https:\/\/augustaabogados.com\/ca\/serveis\/german-desk\/\" target=\"_blank\" rel=\"noopener\">German Desk<\/a>, <a href=\"https:\/\/augustaabogados.com\/ca\/abogado\/alba-rodenas-borras\/\" target=\"_blank\" rel=\"noopener\">Alba R\u00f3denas-Borr\u00e0s<\/a>, \u00e9s entrevistada a la secci\u00f3 &#8216;Lideratges&#8217; d&#8217;Onda Cero per Ariadna Belver.<\/p>\n","protected":false},"excerpt":{"rendered":"<p>La directora d&#8217;Augusta Abogados i responsable del German Desk, Alba R\u00f3denas-Borr\u00e0s, \u00e9s entrevistada a la secci\u00f3 &#8216;Lideratges&#8217; d&#8217;Onda Cero per Ariadna Belver.<\/p>\n","protected":false},"author":8,"featured_media":47844,"comment_status":"open","ping_status":"open","sticky":false,"template":"","format":"standard","meta":{"content-type":"","site-sidebar-layout":"default","site-content-layout":"","ast-site-content-layout":"default","site-content-style":"default","site-sidebar-style":"default","ast-global-header-display":"","ast-banner-title-visibility":"","ast-main-header-display":"","ast-hfb-above-header-display":"","ast-hfb-below-header-display":"","ast-hfb-mobile-header-display":"","site-post-title":"","ast-breadcrumbs-content":"","ast-featured-img":"","footer-sml-layout":"","ast-disable-related-posts":"","theme-transparent-header-meta":"default","adv-header-id-meta":"","stick-header-meta":"","header-above-stick-meta":"","header-main-stick-meta":"","header-below-stick-meta":"","astra-migrate-meta-layouts":"set","ast-page-background-enabled":"default","ast-page-background-meta":{"desktop":{"background-color":"var(--ast-global-color-4)","background-image":"","background-repeat":"repeat","background-position":"center center","background-size":"auto","background-attachment":"scroll","background-type":"","background-media":"","overlay-type":"","overlay-color":"","overlay-opacity":"","overlay-gradient":""},"tablet":{"background-color":"","background-image":"","background-repeat":"repeat","background-position":"center center","background-size":"auto","background-attachment":"scroll","background-type":"","background-media":"","overlay-type":"","overlay-color":"","overlay-opacity":"","overlay-gradient":""},"mobile":{"background-color":"","background-image":"","background-repeat":"repeat","background-position":"center center","background-size":"auto","background-attachment":"scroll","background-type":"","background-media":"","overlay-type":"","overlay-color":"","overlay-opacity":"","overlay-gradient":""}},"ast-content-background-meta":{"desktop":{"background-color":"var(--ast-global-color-5)","background-image":"","background-repeat":"repeat","background-position":"center center","background-size":"auto","background-attachment":"scroll","background-type":"","background-media":"","overlay-type":"","overlay-color":"","overlay-opacity":"","overlay-gradient":""},"tablet":{"background-color":"var(--ast-global-color-5)","background-image":"","background-repeat":"repeat","background-position":"center center","background-size":"auto","background-attachment":"scroll","background-type":"","background-media":"","overlay-type":"","overlay-color":"","overlay-opacity":"","overlay-gradient":""},"mobile":{"background-color":"var(--ast-global-color-5)","background-image":"","background-repeat":"repeat","background-position":"center center","background-size":"auto","background-attachment":"scroll","background-type":"","background-media":"","overlay-type":"","overlay-color":"","overlay-opacity":"","overlay-gradient":""}},"footnotes":""},"categories":[1898],"tags":[2650,1164,2649,1255,2651,2648,2646,2647],"servicio-asociado":[2644,1854,2645,1862],"class_list":["post-47805","post","type-post","status-publish","format-standard","has-post-thumbnail","hentry","category-noticia-ca","tag-entrevista-ca","tag-fiscalitat","tag-german-desk-ca","tag-herencies","tag-mercantil-ca","tag-onda-cero","tag-patrimoni","tag-proteccio-patrimonial","servicio-asociado-derecho-internacional-privado-ca","servicio-asociado-empresa-familiar-ca","servicio-asociado-german-desk-ca","servicio-asociado-mercantil-ca"],"acf":[],"yoast_head":"<!-- This site is optimized with the Yoast SEO plugin v27.4 - https:\/\/yoast.com\/product\/yoast-seo-wordpress\/ -->\n<title>Fiscalitat, her\u00e8ncies i protecci\u00f3 patrimonial - Augusta Abogados<\/title>\n<meta name=\"robots\" content=\"index, follow, max-snippet:-1, max-image-preview:large, max-video-preview:-1\" \/>\n<link rel=\"canonical\" href=\"https:\/\/augustaabogados.com\/ca\/fiscalitat-herencies-i-proteccio-patrimonial\/\" \/>\n<meta property=\"og:locale\" content=\"ca_ES\" \/>\n<meta property=\"og:type\" content=\"article\" \/>\n<meta property=\"og:title\" content=\"Fiscalitat, her\u00e8ncies i protecci\u00f3 patrimonial - Augusta Abogados\" \/>\n<meta property=\"og:description\" content=\"La directora d&#8217;Augusta Abogados i responsable del German Desk, Alba R\u00f3denas-Borr\u00e0s, \u00e9s entrevistada a la secci\u00f3 &#8216;Lideratges&#8217; d&#8217;Onda Cero per Ariadna Belver.\" \/>\n<meta property=\"og:url\" content=\"https:\/\/augustaabogados.com\/ca\/fiscalitat-herencies-i-proteccio-patrimonial\/\" \/>\n<meta property=\"og:site_name\" content=\"Augusta Abogados\" \/>\n<meta property=\"article:published_time\" content=\"2025-01-31T06:13:58+00:00\" \/>\n<meta property=\"article:modified_time\" content=\"2025-01-31T06:20:27+00:00\" \/>\n<meta property=\"og:image\" content=\"https:\/\/augustaabogados.com\/wp-content\/uploads\/2025\/01\/WhatsApp-Image-2025-01-31-at-09.21.43.jpeg\" \/>\n\t<meta property=\"og:image:width\" content=\"1200\" \/>\n\t<meta property=\"og:image:height\" content=\"526\" \/>\n\t<meta property=\"og:image:type\" content=\"image\/jpeg\" \/>\n<meta name=\"author\" content=\"Augusta Abogados\" \/>\n<meta name=\"twitter:card\" content=\"summary_large_image\" \/>\n<meta name=\"twitter:label1\" content=\"Escrit per\" \/>\n\t<meta name=\"twitter:data1\" content=\"Augusta Abogados\" \/>\n\t<meta name=\"twitter:label2\" content=\"Temps estimat de lectura\" \/>\n\t<meta name=\"twitter:data2\" content=\"1 minut\" \/>\n<script type=\"application\/ld+json\" class=\"yoast-schema-graph\">{\"@context\":\"https:\\\/\\\/schema.org\",\"@graph\":[{\"@type\":\"Article\",\"@id\":\"https:\\\/\\\/augustaabogados.com\\\/ca\\\/fiscalitat-herencies-i-proteccio-patrimonial\\\/#article\",\"isPartOf\":{\"@id\":\"https:\\\/\\\/augustaabogados.com\\\/ca\\\/fiscalitat-herencies-i-proteccio-patrimonial\\\/\"},\"author\":{\"name\":\"Augusta Abogados\",\"@id\":\"https:\\\/\\\/augustaabogados.com\\\/#\\\/schema\\\/person\\\/8c5e230eb6ed47cdd14ee188eb04a753\"},\"headline\":\"Fiscalitat, her\u00e8ncies i protecci\u00f3 patrimonial\",\"datePublished\":\"2025-01-31T06:13:58+00:00\",\"dateModified\":\"2025-01-31T06:20:27+00:00\",\"mainEntityOfPage\":{\"@id\":\"https:\\\/\\\/augustaabogados.com\\\/ca\\\/fiscalitat-herencies-i-proteccio-patrimonial\\\/\"},\"wordCount\":32,\"commentCount\":0,\"publisher\":{\"@id\":\"https:\\\/\\\/augustaabogados.com\\\/#organization\"},\"image\":{\"@id\":\"https:\\\/\\\/augustaabogados.com\\\/ca\\\/fiscalitat-herencies-i-proteccio-patrimonial\\\/#primaryimage\"},\"thumbnailUrl\":\"https:\\\/\\\/augustaabogados.com\\\/wp-content\\\/uploads\\\/2025\\\/01\\\/WhatsApp-Image-2025-01-31-at-09.21.43.jpeg\",\"keywords\":[\"entrevista\",\"Fiscalitat\",\"German desk\",\"her\u00e8ncies\",\"Mercantil\",\"Onda Cero\",\"patrimoni\",\"protecci\u00f3 patrimonial\"],\"articleSection\":[\"NOT\u00cdCIA\"],\"inLanguage\":\"ca\",\"potentialAction\":[{\"@type\":\"CommentAction\",\"name\":\"Comment\",\"target\":[\"https:\\\/\\\/augustaabogados.com\\\/ca\\\/fiscalitat-herencies-i-proteccio-patrimonial\\\/#respond\"]}]},{\"@type\":[\"WebPage\",\"ItemPage\"],\"@id\":\"https:\\\/\\\/augustaabogados.com\\\/ca\\\/fiscalitat-herencies-i-proteccio-patrimonial\\\/\",\"url\":\"https:\\\/\\\/augustaabogados.com\\\/ca\\\/fiscalitat-herencies-i-proteccio-patrimonial\\\/\",\"name\":\"Fiscalitat, her\u00e8ncies i protecci\u00f3 patrimonial - Augusta Abogados\",\"isPartOf\":{\"@id\":\"https:\\\/\\\/augustaabogados.com\\\/#website\"},\"primaryImageOfPage\":{\"@id\":\"https:\\\/\\\/augustaabogados.com\\\/ca\\\/fiscalitat-herencies-i-proteccio-patrimonial\\\/#primaryimage\"},\"image\":{\"@id\":\"https:\\\/\\\/augustaabogados.com\\\/ca\\\/fiscalitat-herencies-i-proteccio-patrimonial\\\/#primaryimage\"},\"thumbnailUrl\":\"https:\\\/\\\/augustaabogados.com\\\/wp-content\\\/uploads\\\/2025\\\/01\\\/WhatsApp-Image-2025-01-31-at-09.21.43.jpeg\",\"datePublished\":\"2025-01-31T06:13:58+00:00\",\"dateModified\":\"2025-01-31T06:20:27+00:00\",\"breadcrumb\":{\"@id\":\"https:\\\/\\\/augustaabogados.com\\\/ca\\\/fiscalitat-herencies-i-proteccio-patrimonial\\\/#breadcrumb\"},\"inLanguage\":\"ca\",\"potentialAction\":[{\"@type\":\"ReadAction\",\"target\":[\"https:\\\/\\\/augustaabogados.com\\\/ca\\\/fiscalitat-herencies-i-proteccio-patrimonial\\\/\"]}]},{\"@type\":\"ImageObject\",\"inLanguage\":\"ca\",\"@id\":\"https:\\\/\\\/augustaabogados.com\\\/ca\\\/fiscalitat-herencies-i-proteccio-patrimonial\\\/#primaryimage\",\"url\":\"https:\\\/\\\/augustaabogados.com\\\/wp-content\\\/uploads\\\/2025\\\/01\\\/WhatsApp-Image-2025-01-31-at-09.21.43.jpeg\",\"contentUrl\":\"https:\\\/\\\/augustaabogados.com\\\/wp-content\\\/uploads\\\/2025\\\/01\\\/WhatsApp-Image-2025-01-31-at-09.21.43.jpeg\",\"width\":1200,\"height\":526},{\"@type\":\"BreadcrumbList\",\"@id\":\"https:\\\/\\\/augustaabogados.com\\\/ca\\\/fiscalitat-herencies-i-proteccio-patrimonial\\\/#breadcrumb\",\"itemListElement\":[{\"@type\":\"ListItem\",\"position\":1,\"name\":\"Portada\",\"item\":\"https:\\\/\\\/augustaabogados.com\\\/ca\\\/\"},{\"@type\":\"ListItem\",\"position\":2,\"name\":\"Fiscalitat, her\u00e8ncies i protecci\u00f3 patrimonial\"}]},{\"@type\":\"WebSite\",\"@id\":\"https:\\\/\\\/augustaabogados.com\\\/#website\",\"url\":\"https:\\\/\\\/augustaabogados.com\\\/\",\"name\":\"Augusta Abogados\",\"description\":\"\",\"publisher\":{\"@id\":\"https:\\\/\\\/augustaabogados.com\\\/#organization\"},\"potentialAction\":[{\"@type\":\"SearchAction\",\"target\":{\"@type\":\"EntryPoint\",\"urlTemplate\":\"https:\\\/\\\/augustaabogados.com\\\/?s={search_term_string}\"},\"query-input\":{\"@type\":\"PropertyValueSpecification\",\"valueRequired\":true,\"valueName\":\"search_term_string\"}}],\"inLanguage\":\"ca\"},{\"@type\":\"Organization\",\"@id\":\"https:\\\/\\\/augustaabogados.com\\\/#organization\",\"name\":\"Augusta Abogados\",\"url\":\"https:\\\/\\\/augustaabogados.com\\\/\",\"logo\":{\"@type\":\"ImageObject\",\"inLanguage\":\"ca\",\"@id\":\"https:\\\/\\\/augustaabogados.com\\\/#\\\/schema\\\/logo\\\/image\\\/\",\"url\":\"https:\\\/\\\/augustaabogados.com\\\/wp-content\\\/uploads\\\/2023\\\/11\\\/LOGO-AUGUSTA.svg\",\"contentUrl\":\"https:\\\/\\\/augustaabogados.com\\\/wp-content\\\/uploads\\\/2023\\\/11\\\/LOGO-AUGUSTA.svg\",\"caption\":\"Augusta Abogados\"},\"image\":{\"@id\":\"https:\\\/\\\/augustaabogados.com\\\/#\\\/schema\\\/logo\\\/image\\\/\"}},{\"@type\":\"Person\",\"@id\":\"https:\\\/\\\/augustaabogados.com\\\/#\\\/schema\\\/person\\\/8c5e230eb6ed47cdd14ee188eb04a753\",\"name\":\"Augusta Abogados\",\"image\":{\"@type\":\"ImageObject\",\"inLanguage\":\"ca\",\"@id\":\"https:\\\/\\\/secure.gravatar.com\\\/avatar\\\/09e6ceb5fccff542915602bda752518fa959b0df2d103d929aefa74c2909a4bc?s=96&d=mm&r=g\",\"url\":\"https:\\\/\\\/secure.gravatar.com\\\/avatar\\\/09e6ceb5fccff542915602bda752518fa959b0df2d103d929aefa74c2909a4bc?s=96&d=mm&r=g\",\"contentUrl\":\"https:\\\/\\\/secure.gravatar.com\\\/avatar\\\/09e6ceb5fccff542915602bda752518fa959b0df2d103d929aefa74c2909a4bc?s=96&d=mm&r=g\",\"caption\":\"Augusta Abogados\"}}]}<\/script>\n<!-- \/ Yoast SEO plugin. -->","yoast_head_json":{"title":"Fiscalitat, her\u00e8ncies i protecci\u00f3 patrimonial - Augusta Abogados","robots":{"index":"index","follow":"follow","max-snippet":"max-snippet:-1","max-image-preview":"max-image-preview:large","max-video-preview":"max-video-preview:-1"},"canonical":"https:\/\/augustaabogados.com\/ca\/fiscalitat-herencies-i-proteccio-patrimonial\/","og_locale":"ca_ES","og_type":"article","og_title":"Fiscalitat, her\u00e8ncies i protecci\u00f3 patrimonial - Augusta Abogados","og_description":"La directora d&#8217;Augusta Abogados i responsable del German Desk, Alba R\u00f3denas-Borr\u00e0s, \u00e9s entrevistada a la secci\u00f3 &#8216;Lideratges&#8217; d&#8217;Onda Cero per Ariadna Belver.","og_url":"https:\/\/augustaabogados.com\/ca\/fiscalitat-herencies-i-proteccio-patrimonial\/","og_site_name":"Augusta Abogados","article_published_time":"2025-01-31T06:13:58+00:00","article_modified_time":"2025-01-31T06:20:27+00:00","og_image":[{"width":1200,"height":526,"url":"https:\/\/augustaabogados.com\/wp-content\/uploads\/2025\/01\/WhatsApp-Image-2025-01-31-at-09.21.43.jpeg","type":"image\/jpeg"}],"author":"Augusta Abogados","twitter_card":"summary_large_image","twitter_misc":{"Escrit per":"Augusta Abogados","Temps estimat de lectura":"1 minut"},"schema":{"@context":"https:\/\/schema.org","@graph":[{"@type":"Article","@id":"https:\/\/augustaabogados.com\/ca\/fiscalitat-herencies-i-proteccio-patrimonial\/#article","isPartOf":{"@id":"https:\/\/augustaabogados.com\/ca\/fiscalitat-herencies-i-proteccio-patrimonial\/"},"author":{"name":"Augusta Abogados","@id":"https:\/\/augustaabogados.com\/#\/schema\/person\/8c5e230eb6ed47cdd14ee188eb04a753"},"headline":"Fiscalitat, her\u00e8ncies i protecci\u00f3 patrimonial","datePublished":"2025-01-31T06:13:58+00:00","dateModified":"2025-01-31T06:20:27+00:00","mainEntityOfPage":{"@id":"https:\/\/augustaabogados.com\/ca\/fiscalitat-herencies-i-proteccio-patrimonial\/"},"wordCount":32,"commentCount":0,"publisher":{"@id":"https:\/\/augustaabogados.com\/#organization"},"image":{"@id":"https:\/\/augustaabogados.com\/ca\/fiscalitat-herencies-i-proteccio-patrimonial\/#primaryimage"},"thumbnailUrl":"https:\/\/augustaabogados.com\/wp-content\/uploads\/2025\/01\/WhatsApp-Image-2025-01-31-at-09.21.43.jpeg","keywords":["entrevista","Fiscalitat","German desk","her\u00e8ncies","Mercantil","Onda Cero","patrimoni","protecci\u00f3 patrimonial"],"articleSection":["NOT\u00cdCIA"],"inLanguage":"ca","potentialAction":[{"@type":"CommentAction","name":"Comment","target":["https:\/\/augustaabogados.com\/ca\/fiscalitat-herencies-i-proteccio-patrimonial\/#respond"]}]},{"@type":["WebPage","ItemPage"],"@id":"https:\/\/augustaabogados.com\/ca\/fiscalitat-herencies-i-proteccio-patrimonial\/","url":"https:\/\/augustaabogados.com\/ca\/fiscalitat-herencies-i-proteccio-patrimonial\/","name":"Fiscalitat, her\u00e8ncies i protecci\u00f3 patrimonial - Augusta Abogados","isPartOf":{"@id":"https:\/\/augustaabogados.com\/#website"},"primaryImageOfPage":{"@id":"https:\/\/augustaabogados.com\/ca\/fiscalitat-herencies-i-proteccio-patrimonial\/#primaryimage"},"image":{"@id":"https:\/\/augustaabogados.com\/ca\/fiscalitat-herencies-i-proteccio-patrimonial\/#primaryimage"},"thumbnailUrl":"https:\/\/augustaabogados.com\/wp-content\/uploads\/2025\/01\/WhatsApp-Image-2025-01-31-at-09.21.43.jpeg","datePublished":"2025-01-31T06:13:58+00:00","dateModified":"2025-01-31T06:20:27+00:00","breadcrumb":{"@id":"https:\/\/augustaabogados.com\/ca\/fiscalitat-herencies-i-proteccio-patrimonial\/#breadcrumb"},"inLanguage":"ca","potentialAction":[{"@type":"ReadAction","target":["https:\/\/augustaabogados.com\/ca\/fiscalitat-herencies-i-proteccio-patrimonial\/"]}]},{"@type":"ImageObject","inLanguage":"ca","@id":"https:\/\/augustaabogados.com\/ca\/fiscalitat-herencies-i-proteccio-patrimonial\/#primaryimage","url":"https:\/\/augustaabogados.com\/wp-content\/uploads\/2025\/01\/WhatsApp-Image-2025-01-31-at-09.21.43.jpeg","contentUrl":"https:\/\/augustaabogados.com\/wp-content\/uploads\/2025\/01\/WhatsApp-Image-2025-01-31-at-09.21.43.jpeg","width":1200,"height":526},{"@type":"BreadcrumbList","@id":"https:\/\/augustaabogados.com\/ca\/fiscalitat-herencies-i-proteccio-patrimonial\/#breadcrumb","itemListElement":[{"@type":"ListItem","position":1,"name":"Portada","item":"https:\/\/augustaabogados.com\/ca\/"},{"@type":"ListItem","position":2,"name":"Fiscalitat, her\u00e8ncies i protecci\u00f3 patrimonial"}]},{"@type":"WebSite","@id":"https:\/\/augustaabogados.com\/#website","url":"https:\/\/augustaabogados.com\/","name":"Augusta Abogados","description":"","publisher":{"@id":"https:\/\/augustaabogados.com\/#organization"},"potentialAction":[{"@type":"SearchAction","target":{"@type":"EntryPoint","urlTemplate":"https:\/\/augustaabogados.com\/?s={search_term_string}"},"query-input":{"@type":"PropertyValueSpecification","valueRequired":true,"valueName":"search_term_string"}}],"inLanguage":"ca"},{"@type":"Organization","@id":"https:\/\/augustaabogados.com\/#organization","name":"Augusta Abogados","url":"https:\/\/augustaabogados.com\/","logo":{"@type":"ImageObject","inLanguage":"ca","@id":"https:\/\/augustaabogados.com\/#\/schema\/logo\/image\/","url":"https:\/\/augustaabogados.com\/wp-content\/uploads\/2023\/11\/LOGO-AUGUSTA.svg","contentUrl":"https:\/\/augustaabogados.com\/wp-content\/uploads\/2023\/11\/LOGO-AUGUSTA.svg","caption":"Augusta Abogados"},"image":{"@id":"https:\/\/augustaabogados.com\/#\/schema\/logo\/image\/"}},{"@type":"Person","@id":"https:\/\/augustaabogados.com\/#\/schema\/person\/8c5e230eb6ed47cdd14ee188eb04a753","name":"Augusta Abogados","image":{"@type":"ImageObject","inLanguage":"ca","@id":"https:\/\/secure.gravatar.com\/avatar\/09e6ceb5fccff542915602bda752518fa959b0df2d103d929aefa74c2909a4bc?s=96&d=mm&r=g","url":"https:\/\/secure.gravatar.com\/avatar\/09e6ceb5fccff542915602bda752518fa959b0df2d103d929aefa74c2909a4bc?s=96&d=mm&r=g","contentUrl":"https:\/\/secure.gravatar.com\/avatar\/09e6ceb5fccff542915602bda752518fa959b0df2d103d929aefa74c2909a4bc?s=96&d=mm&r=g","caption":"Augusta Abogados"}}]}},"_links":{"self":[{"href":"https:\/\/augustaabogados.com\/ca\/wp-json\/wp\/v2\/posts\/47805","targetHints":{"allow":["GET"]}}],"collection":[{"href":"https:\/\/augustaabogados.com\/ca\/wp-json\/wp\/v2\/posts"}],"about":[{"href":"https:\/\/augustaabogados.com\/ca\/wp-json\/wp\/v2\/types\/post"}],"author":[{"embeddable":true,"href":"https:\/\/augustaabogados.com\/ca\/wp-json\/wp\/v2\/users\/8"}],"replies":[{"embeddable":true,"href":"https:\/\/augustaabogados.com\/ca\/wp-json\/wp\/v2\/comments?post=47805"}],"version-history":[{"count":3,"href":"https:\/\/augustaabogados.com\/ca\/wp-json\/wp\/v2\/posts\/47805\/revisions"}],"predecessor-version":[{"id":47808,"href":"https:\/\/augustaabogados.com\/ca\/wp-json\/wp\/v2\/posts\/47805\/revisions\/47808"}],"wp:featuredmedia":[{"embeddable":true,"href":"https:\/\/augustaabogados.com\/ca\/wp-json\/wp\/v2\/media\/47844"}],"wp:attachment":[{"href":"https:\/\/augustaabogados.com\/ca\/wp-json\/wp\/v2\/media?parent=47805"}],"wp:term":[{"taxonomy":"category","embeddable":true,"href":"https:\/\/augustaabogados.com\/ca\/wp-json\/wp\/v2\/categories?post=47805"},{"taxonomy":"post_tag","embeddable":true,"href":"https:\/\/augustaabogados.com\/ca\/wp-json\/wp\/v2\/tags?post=47805"},{"taxonomy":"servicio-asociado","embeddable":true,"href":"https:\/\/augustaabogados.com\/ca\/wp-json\/wp\/v2\/servicio-asociado?post=47805"}],"curies":[{"name":"wp","href":"https:\/\/api.w.org\/{rel}","templated":true}]}}