{"id":49117,"date":"2025-05-13T10:07:56","date_gmt":"2025-05-13T10:07:56","guid":{"rendered":"https:\/\/augustaabogados.com\/?p=49117"},"modified":"2025-05-15T10:42:49","modified_gmt":"2025-05-15T10:42:49","slug":"drets-dimatge-dels-menors-videoclip-den-milan-i-en-sasha-els-fills-de-la-shakira-i-en-pique","status":"publish","type":"post","link":"https:\/\/augustaabogados.com\/ca\/drets-dimatge-dels-menors-videoclip-den-milan-i-en-sasha-els-fills-de-la-shakira-i-en-pique\/","title":{"rendered":"Drets d\u2019imatge dels menors. Videoclip d&#8217;en Milan i en Sasha, els fills de la Shakira i en Piqu\u00e9"},"content":{"rendered":"<p><a href=\"https:\/\/augustaabogados.com\/ca\/abogado\/gerard-de-lucas\/\" target=\"_blank\" rel=\"noopener\">Gerard de Lucas<\/a>, director de l\u2019\u00e0rea\u00a0<a href=\"https:\/\/augustaabogados.com\/ca\/serveis\/tecnologia-mitjans-i-telecomunicacions-tmt\/\" target=\"_blank\" rel=\"noopener\">TMT\u00a0<\/a>a Augusta Abogados i president de la secci\u00f3 de Propietat Intel\u00b7lectual i dret a la imatge de l\u2019Il\u00b7lustre Col\u00b7legi de l\u2019Advocacia de Barcelona (ICAB) analitza els drets d&#8217;imatge dels menors despr\u00e9s de la publicaci\u00f3 del videoclip de Milan i Sasha, fills de Shakira i Piqu\u00e9.<\/p>\n","protected":false},"excerpt":{"rendered":"<p>Gerard de Lucas, director de l\u2019\u00e0rea\u00a0TMT\u00a0a Augusta Abogados i president de la secci\u00f3 de Propietat Intel\u00b7lectual i dret a la imatge de l\u2019Il\u00b7lustre Col\u00b7legi de l\u2019Advocacia de Barcelona (ICAB) analitza els drets d&#8217;imatge dels menors despr\u00e9s de la publicaci\u00f3 del videoclip de Milan i Sasha, fills de Shakira i Piqu\u00e9.<\/p>\n","protected":false},"author":8,"featured_media":49129,"comment_status":"open","ping_status":"open","sticky":false,"template":"","format":"standard","meta":{"content-type":"","site-sidebar-layout":"default","site-content-layout":"","ast-site-content-layout":"default","site-content-style":"default","site-sidebar-style":"default","ast-global-header-display":"","ast-banner-title-visibility":"","ast-main-header-display":"","ast-hfb-above-header-display":"","ast-hfb-below-header-display":"","ast-hfb-mobile-header-display":"","site-post-title":"","ast-breadcrumbs-content":"","ast-featured-img":"","footer-sml-layout":"","ast-disable-related-posts":"","theme-transparent-header-meta":"default","adv-header-id-meta":"","stick-header-meta":"","header-above-stick-meta":"","header-main-stick-meta":"","header-below-stick-meta":"","astra-migrate-meta-layouts":"set","ast-page-background-enabled":"default","ast-page-background-meta":{"desktop":{"background-color":"var(--ast-global-color-4)","background-image":"","background-repeat":"repeat","background-position":"center center","background-size":"auto","background-attachment":"scroll","background-type":"","background-media":"","overlay-type":"","overlay-color":"","overlay-opacity":"","overlay-gradient":""},"tablet":{"background-color":"","background-image":"","background-repeat":"repeat","background-position":"center center","background-size":"auto","background-attachment":"scroll","background-type":"","background-media":"","overlay-type":"","overlay-color":"","overlay-opacity":"","overlay-gradient":""},"mobile":{"background-color":"","background-image":"","background-repeat":"repeat","background-position":"center center","background-size":"auto","background-attachment":"scroll","background-type":"","background-media":"","overlay-type":"","overlay-color":"","overlay-opacity":"","overlay-gradient":""}},"ast-content-background-meta":{"desktop":{"background-color":"var(--ast-global-color-5)","background-image":"","background-repeat":"repeat","background-position":"center center","background-size":"auto","background-attachment":"scroll","background-type":"","background-media":"","overlay-type":"","overlay-color":"","overlay-opacity":"","overlay-gradient":""},"tablet":{"background-color":"var(--ast-global-color-5)","background-image":"","background-repeat":"repeat","background-position":"center center","background-size":"auto","background-attachment":"scroll","background-type":"","background-media":"","overlay-type":"","overlay-color":"","overlay-opacity":"","overlay-gradient":""},"mobile":{"background-color":"var(--ast-global-color-5)","background-image":"","background-repeat":"repeat","background-position":"center center","background-size":"auto","background-attachment":"scroll","background-type":"","background-media":"","overlay-type":"","overlay-color":"","overlay-opacity":"","overlay-gradient":""}},"footnotes":""},"categories":[1898],"tags":[2679,2898,2124,2899,2902,2903,1321,2900,2901,2840],"servicio-asociado":[2148,1973,2152],"class_list":["post-49117","post","type-post","status-publish","format-standard","has-post-thumbnail","hentry","category-noticia-ca","tag-2025-ca","tag-drets-imatge","tag-icab-ca","tag-milan","tag-pique","tag-privacitat","tag-proteccio-dades","tag-sasha","tag-shakira","tag-tmt-ca","servicio-asociado-propietat-industrial-i-intellectual","servicio-asociado-proteccio-de-dades-i-entorns-digitals","servicio-asociado-medios-y-telecomunicaciones-tmt-ca"],"acf":[],"yoast_head":"<!-- This site is optimized with the Yoast SEO plugin v27.4 - https:\/\/yoast.com\/product\/yoast-seo-wordpress\/ -->\n<title>Drets d\u2019imatge dels menors. Videoclip d&#039;en Milan i en Sasha, els fills de la Shakira i en Piqu\u00e9 - Augusta Abogados<\/title>\n<meta name=\"robots\" content=\"index, follow, max-snippet:-1, max-image-preview:large, max-video-preview:-1\" \/>\n<link rel=\"canonical\" href=\"https:\/\/augustaabogados.com\/ca\/drets-dimatge-dels-menors-videoclip-den-milan-i-en-sasha-els-fills-de-la-shakira-i-en-pique\/\" \/>\n<meta property=\"og:locale\" content=\"ca_ES\" \/>\n<meta property=\"og:type\" content=\"article\" \/>\n<meta property=\"og:title\" content=\"Drets d\u2019imatge dels menors. Videoclip d&#039;en Milan i en Sasha, els fills de la Shakira i en Piqu\u00e9 - Augusta Abogados\" \/>\n<meta property=\"og:description\" content=\"Gerard de Lucas, director de l\u2019\u00e0rea\u00a0TMT\u00a0a Augusta Abogados i president de la secci\u00f3 de Propietat Intel\u00b7lectual i dret a la imatge de l\u2019Il\u00b7lustre Col\u00b7legi de l\u2019Advocacia de Barcelona (ICAB) analitza els drets d&#8217;imatge dels menors despr\u00e9s de la publicaci\u00f3 del videoclip de Milan i Sasha, fills de Shakira i Piqu\u00e9.\" \/>\n<meta property=\"og:url\" content=\"https:\/\/augustaabogados.com\/ca\/drets-dimatge-dels-menors-videoclip-den-milan-i-en-sasha-els-fills-de-la-shakira-i-en-pique\/\" \/>\n<meta property=\"og:site_name\" content=\"Augusta Abogados\" \/>\n<meta property=\"article:published_time\" content=\"2025-05-13T10:07:56+00:00\" \/>\n<meta property=\"article:modified_time\" content=\"2025-05-15T10:42:49+00:00\" \/>\n<meta property=\"og:image\" content=\"https:\/\/augustaabogados.com\/wp-content\/uploads\/2025\/05\/iStock-1352130435.jpg\" \/>\n\t<meta property=\"og:image:width\" content=\"2121\" \/>\n\t<meta property=\"og:image:height\" content=\"1414\" \/>\n\t<meta property=\"og:image:type\" content=\"image\/jpeg\" \/>\n<meta name=\"author\" content=\"Augusta Abogados\" \/>\n<meta name=\"twitter:card\" content=\"summary_large_image\" \/>\n<meta name=\"twitter:label1\" content=\"Escrit per\" \/>\n\t<meta name=\"twitter:data1\" content=\"Augusta Abogados\" \/>\n\t<meta name=\"twitter:label2\" content=\"Temps estimat de lectura\" \/>\n\t<meta name=\"twitter:data2\" content=\"1 minut\" \/>\n<script type=\"application\/ld+json\" class=\"yoast-schema-graph\">{\"@context\":\"https:\\\/\\\/schema.org\",\"@graph\":[{\"@type\":\"Article\",\"@id\":\"https:\\\/\\\/augustaabogados.com\\\/ca\\\/drets-dimatge-dels-menors-videoclip-den-milan-i-en-sasha-els-fills-de-la-shakira-i-en-pique\\\/#article\",\"isPartOf\":{\"@id\":\"https:\\\/\\\/augustaabogados.com\\\/ca\\\/drets-dimatge-dels-menors-videoclip-den-milan-i-en-sasha-els-fills-de-la-shakira-i-en-pique\\\/\"},\"author\":{\"name\":\"Augusta Abogados\",\"@id\":\"https:\\\/\\\/augustaabogados.com\\\/#\\\/schema\\\/person\\\/8c5e230eb6ed47cdd14ee188eb04a753\"},\"headline\":\"Drets d\u2019imatge dels menors. Videoclip d&#8217;en Milan i en Sasha, els fills de la Shakira i en Piqu\u00e9\",\"datePublished\":\"2025-05-13T10:07:56+00:00\",\"dateModified\":\"2025-05-15T10:42:49+00:00\",\"mainEntityOfPage\":{\"@id\":\"https:\\\/\\\/augustaabogados.com\\\/ca\\\/drets-dimatge-dels-menors-videoclip-den-milan-i-en-sasha-els-fills-de-la-shakira-i-en-pique\\\/\"},\"wordCount\":80,\"commentCount\":0,\"publisher\":{\"@id\":\"https:\\\/\\\/augustaabogados.com\\\/#organization\"},\"image\":{\"@id\":\"https:\\\/\\\/augustaabogados.com\\\/ca\\\/drets-dimatge-dels-menors-videoclip-den-milan-i-en-sasha-els-fills-de-la-shakira-i-en-pique\\\/#primaryimage\"},\"thumbnailUrl\":\"https:\\\/\\\/augustaabogados.com\\\/wp-content\\\/uploads\\\/2025\\\/05\\\/iStock-1352130435.jpg\",\"keywords\":[\"2025\",\"drets imatge\",\"ICAB\",\"Milan\",\"Piqu\u00e9\",\"privacitat\",\"protecci\u00f3 dades\",\"Sasha\",\"Shakira\",\"TMT\"],\"articleSection\":[\"NOT\u00cdCIA\"],\"inLanguage\":\"ca\",\"potentialAction\":[{\"@type\":\"CommentAction\",\"name\":\"Comment\",\"target\":[\"https:\\\/\\\/augustaabogados.com\\\/ca\\\/drets-dimatge-dels-menors-videoclip-den-milan-i-en-sasha-els-fills-de-la-shakira-i-en-pique\\\/#respond\"]}]},{\"@type\":[\"WebPage\",\"ItemPage\"],\"@id\":\"https:\\\/\\\/augustaabogados.com\\\/ca\\\/drets-dimatge-dels-menors-videoclip-den-milan-i-en-sasha-els-fills-de-la-shakira-i-en-pique\\\/\",\"url\":\"https:\\\/\\\/augustaabogados.com\\\/ca\\\/drets-dimatge-dels-menors-videoclip-den-milan-i-en-sasha-els-fills-de-la-shakira-i-en-pique\\\/\",\"name\":\"Drets d\u2019imatge dels menors. Videoclip d'en Milan i en Sasha, els fills de la Shakira i en Piqu\u00e9 - Augusta Abogados\",\"isPartOf\":{\"@id\":\"https:\\\/\\\/augustaabogados.com\\\/#website\"},\"primaryImageOfPage\":{\"@id\":\"https:\\\/\\\/augustaabogados.com\\\/ca\\\/drets-dimatge-dels-menors-videoclip-den-milan-i-en-sasha-els-fills-de-la-shakira-i-en-pique\\\/#primaryimage\"},\"image\":{\"@id\":\"https:\\\/\\\/augustaabogados.com\\\/ca\\\/drets-dimatge-dels-menors-videoclip-den-milan-i-en-sasha-els-fills-de-la-shakira-i-en-pique\\\/#primaryimage\"},\"thumbnailUrl\":\"https:\\\/\\\/augustaabogados.com\\\/wp-content\\\/uploads\\\/2025\\\/05\\\/iStock-1352130435.jpg\",\"datePublished\":\"2025-05-13T10:07:56+00:00\",\"dateModified\":\"2025-05-15T10:42:49+00:00\",\"breadcrumb\":{\"@id\":\"https:\\\/\\\/augustaabogados.com\\\/ca\\\/drets-dimatge-dels-menors-videoclip-den-milan-i-en-sasha-els-fills-de-la-shakira-i-en-pique\\\/#breadcrumb\"},\"inLanguage\":\"ca\",\"potentialAction\":[{\"@type\":\"ReadAction\",\"target\":[\"https:\\\/\\\/augustaabogados.com\\\/ca\\\/drets-dimatge-dels-menors-videoclip-den-milan-i-en-sasha-els-fills-de-la-shakira-i-en-pique\\\/\"]}]},{\"@type\":\"ImageObject\",\"inLanguage\":\"ca\",\"@id\":\"https:\\\/\\\/augustaabogados.com\\\/ca\\\/drets-dimatge-dels-menors-videoclip-den-milan-i-en-sasha-els-fills-de-la-shakira-i-en-pique\\\/#primaryimage\",\"url\":\"https:\\\/\\\/augustaabogados.com\\\/wp-content\\\/uploads\\\/2025\\\/05\\\/iStock-1352130435.jpg\",\"contentUrl\":\"https:\\\/\\\/augustaabogados.com\\\/wp-content\\\/uploads\\\/2025\\\/05\\\/iStock-1352130435.jpg\",\"width\":2121,\"height\":1414,\"caption\":\"copyright concept, author rights and patented intellectual property\"},{\"@type\":\"BreadcrumbList\",\"@id\":\"https:\\\/\\\/augustaabogados.com\\\/ca\\\/drets-dimatge-dels-menors-videoclip-den-milan-i-en-sasha-els-fills-de-la-shakira-i-en-pique\\\/#breadcrumb\",\"itemListElement\":[{\"@type\":\"ListItem\",\"position\":1,\"name\":\"Portada\",\"item\":\"https:\\\/\\\/augustaabogados.com\\\/ca\\\/\"},{\"@type\":\"ListItem\",\"position\":2,\"name\":\"Drets d\u2019imatge dels menors. Videoclip d&#8217;en Milan i en Sasha, els fills de la Shakira i en Piqu\u00e9\"}]},{\"@type\":\"WebSite\",\"@id\":\"https:\\\/\\\/augustaabogados.com\\\/#website\",\"url\":\"https:\\\/\\\/augustaabogados.com\\\/\",\"name\":\"Augusta Abogados\",\"description\":\"\",\"publisher\":{\"@id\":\"https:\\\/\\\/augustaabogados.com\\\/#organization\"},\"potentialAction\":[{\"@type\":\"SearchAction\",\"target\":{\"@type\":\"EntryPoint\",\"urlTemplate\":\"https:\\\/\\\/augustaabogados.com\\\/?s={search_term_string}\"},\"query-input\":{\"@type\":\"PropertyValueSpecification\",\"valueRequired\":true,\"valueName\":\"search_term_string\"}}],\"inLanguage\":\"ca\"},{\"@type\":\"Organization\",\"@id\":\"https:\\\/\\\/augustaabogados.com\\\/#organization\",\"name\":\"Augusta Abogados\",\"url\":\"https:\\\/\\\/augustaabogados.com\\\/\",\"logo\":{\"@type\":\"ImageObject\",\"inLanguage\":\"ca\",\"@id\":\"https:\\\/\\\/augustaabogados.com\\\/#\\\/schema\\\/logo\\\/image\\\/\",\"url\":\"https:\\\/\\\/augustaabogados.com\\\/wp-content\\\/uploads\\\/2023\\\/11\\\/LOGO-AUGUSTA.svg\",\"contentUrl\":\"https:\\\/\\\/augustaabogados.com\\\/wp-content\\\/uploads\\\/2023\\\/11\\\/LOGO-AUGUSTA.svg\",\"caption\":\"Augusta Abogados\"},\"image\":{\"@id\":\"https:\\\/\\\/augustaabogados.com\\\/#\\\/schema\\\/logo\\\/image\\\/\"}},{\"@type\":\"Person\",\"@id\":\"https:\\\/\\\/augustaabogados.com\\\/#\\\/schema\\\/person\\\/8c5e230eb6ed47cdd14ee188eb04a753\",\"name\":\"Augusta Abogados\",\"image\":{\"@type\":\"ImageObject\",\"inLanguage\":\"ca\",\"@id\":\"https:\\\/\\\/secure.gravatar.com\\\/avatar\\\/09e6ceb5fccff542915602bda752518fa959b0df2d103d929aefa74c2909a4bc?s=96&d=mm&r=g\",\"url\":\"https:\\\/\\\/secure.gravatar.com\\\/avatar\\\/09e6ceb5fccff542915602bda752518fa959b0df2d103d929aefa74c2909a4bc?s=96&d=mm&r=g\",\"contentUrl\":\"https:\\\/\\\/secure.gravatar.com\\\/avatar\\\/09e6ceb5fccff542915602bda752518fa959b0df2d103d929aefa74c2909a4bc?s=96&d=mm&r=g\",\"caption\":\"Augusta Abogados\"}}]}<\/script>\n<!-- \/ Yoast SEO plugin. -->","yoast_head_json":{"title":"Drets d\u2019imatge dels menors. Videoclip d'en Milan i en Sasha, els fills de la Shakira i en Piqu\u00e9 - Augusta Abogados","robots":{"index":"index","follow":"follow","max-snippet":"max-snippet:-1","max-image-preview":"max-image-preview:large","max-video-preview":"max-video-preview:-1"},"canonical":"https:\/\/augustaabogados.com\/ca\/drets-dimatge-dels-menors-videoclip-den-milan-i-en-sasha-els-fills-de-la-shakira-i-en-pique\/","og_locale":"ca_ES","og_type":"article","og_title":"Drets d\u2019imatge dels menors. Videoclip d'en Milan i en Sasha, els fills de la Shakira i en Piqu\u00e9 - Augusta Abogados","og_description":"Gerard de Lucas, director de l\u2019\u00e0rea\u00a0TMT\u00a0a Augusta Abogados i president de la secci\u00f3 de Propietat Intel\u00b7lectual i dret a la imatge de l\u2019Il\u00b7lustre Col\u00b7legi de l\u2019Advocacia de Barcelona (ICAB) analitza els drets d&#8217;imatge dels menors despr\u00e9s de la publicaci\u00f3 del videoclip de Milan i Sasha, fills de Shakira i Piqu\u00e9.","og_url":"https:\/\/augustaabogados.com\/ca\/drets-dimatge-dels-menors-videoclip-den-milan-i-en-sasha-els-fills-de-la-shakira-i-en-pique\/","og_site_name":"Augusta Abogados","article_published_time":"2025-05-13T10:07:56+00:00","article_modified_time":"2025-05-15T10:42:49+00:00","og_image":[{"width":2121,"height":1414,"url":"https:\/\/augustaabogados.com\/wp-content\/uploads\/2025\/05\/iStock-1352130435.jpg","type":"image\/jpeg"}],"author":"Augusta Abogados","twitter_card":"summary_large_image","twitter_misc":{"Escrit per":"Augusta Abogados","Temps estimat de lectura":"1 minut"},"schema":{"@context":"https:\/\/schema.org","@graph":[{"@type":"Article","@id":"https:\/\/augustaabogados.com\/ca\/drets-dimatge-dels-menors-videoclip-den-milan-i-en-sasha-els-fills-de-la-shakira-i-en-pique\/#article","isPartOf":{"@id":"https:\/\/augustaabogados.com\/ca\/drets-dimatge-dels-menors-videoclip-den-milan-i-en-sasha-els-fills-de-la-shakira-i-en-pique\/"},"author":{"name":"Augusta Abogados","@id":"https:\/\/augustaabogados.com\/#\/schema\/person\/8c5e230eb6ed47cdd14ee188eb04a753"},"headline":"Drets d\u2019imatge dels menors. Videoclip d&#8217;en Milan i en Sasha, els fills de la Shakira i en Piqu\u00e9","datePublished":"2025-05-13T10:07:56+00:00","dateModified":"2025-05-15T10:42:49+00:00","mainEntityOfPage":{"@id":"https:\/\/augustaabogados.com\/ca\/drets-dimatge-dels-menors-videoclip-den-milan-i-en-sasha-els-fills-de-la-shakira-i-en-pique\/"},"wordCount":80,"commentCount":0,"publisher":{"@id":"https:\/\/augustaabogados.com\/#organization"},"image":{"@id":"https:\/\/augustaabogados.com\/ca\/drets-dimatge-dels-menors-videoclip-den-milan-i-en-sasha-els-fills-de-la-shakira-i-en-pique\/#primaryimage"},"thumbnailUrl":"https:\/\/augustaabogados.com\/wp-content\/uploads\/2025\/05\/iStock-1352130435.jpg","keywords":["2025","drets imatge","ICAB","Milan","Piqu\u00e9","privacitat","protecci\u00f3 dades","Sasha","Shakira","TMT"],"articleSection":["NOT\u00cdCIA"],"inLanguage":"ca","potentialAction":[{"@type":"CommentAction","name":"Comment","target":["https:\/\/augustaabogados.com\/ca\/drets-dimatge-dels-menors-videoclip-den-milan-i-en-sasha-els-fills-de-la-shakira-i-en-pique\/#respond"]}]},{"@type":["WebPage","ItemPage"],"@id":"https:\/\/augustaabogados.com\/ca\/drets-dimatge-dels-menors-videoclip-den-milan-i-en-sasha-els-fills-de-la-shakira-i-en-pique\/","url":"https:\/\/augustaabogados.com\/ca\/drets-dimatge-dels-menors-videoclip-den-milan-i-en-sasha-els-fills-de-la-shakira-i-en-pique\/","name":"Drets d\u2019imatge dels menors. Videoclip d'en Milan i en Sasha, els fills de la Shakira i en Piqu\u00e9 - Augusta Abogados","isPartOf":{"@id":"https:\/\/augustaabogados.com\/#website"},"primaryImageOfPage":{"@id":"https:\/\/augustaabogados.com\/ca\/drets-dimatge-dels-menors-videoclip-den-milan-i-en-sasha-els-fills-de-la-shakira-i-en-pique\/#primaryimage"},"image":{"@id":"https:\/\/augustaabogados.com\/ca\/drets-dimatge-dels-menors-videoclip-den-milan-i-en-sasha-els-fills-de-la-shakira-i-en-pique\/#primaryimage"},"thumbnailUrl":"https:\/\/augustaabogados.com\/wp-content\/uploads\/2025\/05\/iStock-1352130435.jpg","datePublished":"2025-05-13T10:07:56+00:00","dateModified":"2025-05-15T10:42:49+00:00","breadcrumb":{"@id":"https:\/\/augustaabogados.com\/ca\/drets-dimatge-dels-menors-videoclip-den-milan-i-en-sasha-els-fills-de-la-shakira-i-en-pique\/#breadcrumb"},"inLanguage":"ca","potentialAction":[{"@type":"ReadAction","target":["https:\/\/augustaabogados.com\/ca\/drets-dimatge-dels-menors-videoclip-den-milan-i-en-sasha-els-fills-de-la-shakira-i-en-pique\/"]}]},{"@type":"ImageObject","inLanguage":"ca","@id":"https:\/\/augustaabogados.com\/ca\/drets-dimatge-dels-menors-videoclip-den-milan-i-en-sasha-els-fills-de-la-shakira-i-en-pique\/#primaryimage","url":"https:\/\/augustaabogados.com\/wp-content\/uploads\/2025\/05\/iStock-1352130435.jpg","contentUrl":"https:\/\/augustaabogados.com\/wp-content\/uploads\/2025\/05\/iStock-1352130435.jpg","width":2121,"height":1414,"caption":"copyright concept, author rights and patented intellectual property"},{"@type":"BreadcrumbList","@id":"https:\/\/augustaabogados.com\/ca\/drets-dimatge-dels-menors-videoclip-den-milan-i-en-sasha-els-fills-de-la-shakira-i-en-pique\/#breadcrumb","itemListElement":[{"@type":"ListItem","position":1,"name":"Portada","item":"https:\/\/augustaabogados.com\/ca\/"},{"@type":"ListItem","position":2,"name":"Drets d\u2019imatge dels menors. Videoclip d&#8217;en Milan i en Sasha, els fills de la Shakira i en Piqu\u00e9"}]},{"@type":"WebSite","@id":"https:\/\/augustaabogados.com\/#website","url":"https:\/\/augustaabogados.com\/","name":"Augusta Abogados","description":"","publisher":{"@id":"https:\/\/augustaabogados.com\/#organization"},"potentialAction":[{"@type":"SearchAction","target":{"@type":"EntryPoint","urlTemplate":"https:\/\/augustaabogados.com\/?s={search_term_string}"},"query-input":{"@type":"PropertyValueSpecification","valueRequired":true,"valueName":"search_term_string"}}],"inLanguage":"ca"},{"@type":"Organization","@id":"https:\/\/augustaabogados.com\/#organization","name":"Augusta Abogados","url":"https:\/\/augustaabogados.com\/","logo":{"@type":"ImageObject","inLanguage":"ca","@id":"https:\/\/augustaabogados.com\/#\/schema\/logo\/image\/","url":"https:\/\/augustaabogados.com\/wp-content\/uploads\/2023\/11\/LOGO-AUGUSTA.svg","contentUrl":"https:\/\/augustaabogados.com\/wp-content\/uploads\/2023\/11\/LOGO-AUGUSTA.svg","caption":"Augusta Abogados"},"image":{"@id":"https:\/\/augustaabogados.com\/#\/schema\/logo\/image\/"}},{"@type":"Person","@id":"https:\/\/augustaabogados.com\/#\/schema\/person\/8c5e230eb6ed47cdd14ee188eb04a753","name":"Augusta Abogados","image":{"@type":"ImageObject","inLanguage":"ca","@id":"https:\/\/secure.gravatar.com\/avatar\/09e6ceb5fccff542915602bda752518fa959b0df2d103d929aefa74c2909a4bc?s=96&d=mm&r=g","url":"https:\/\/secure.gravatar.com\/avatar\/09e6ceb5fccff542915602bda752518fa959b0df2d103d929aefa74c2909a4bc?s=96&d=mm&r=g","contentUrl":"https:\/\/secure.gravatar.com\/avatar\/09e6ceb5fccff542915602bda752518fa959b0df2d103d929aefa74c2909a4bc?s=96&d=mm&r=g","caption":"Augusta Abogados"}}]}},"_links":{"self":[{"href":"https:\/\/augustaabogados.com\/ca\/wp-json\/wp\/v2\/posts\/49117","targetHints":{"allow":["GET"]}}],"collection":[{"href":"https:\/\/augustaabogados.com\/ca\/wp-json\/wp\/v2\/posts"}],"about":[{"href":"https:\/\/augustaabogados.com\/ca\/wp-json\/wp\/v2\/types\/post"}],"author":[{"embeddable":true,"href":"https:\/\/augustaabogados.com\/ca\/wp-json\/wp\/v2\/users\/8"}],"replies":[{"embeddable":true,"href":"https:\/\/augustaabogados.com\/ca\/wp-json\/wp\/v2\/comments?post=49117"}],"version-history":[{"count":4,"href":"https:\/\/augustaabogados.com\/ca\/wp-json\/wp\/v2\/posts\/49117\/revisions"}],"predecessor-version":[{"id":49127,"href":"https:\/\/augustaabogados.com\/ca\/wp-json\/wp\/v2\/posts\/49117\/revisions\/49127"}],"wp:featuredmedia":[{"embeddable":true,"href":"https:\/\/augustaabogados.com\/ca\/wp-json\/wp\/v2\/media\/49129"}],"wp:attachment":[{"href":"https:\/\/augustaabogados.com\/ca\/wp-json\/wp\/v2\/media?parent=49117"}],"wp:term":[{"taxonomy":"category","embeddable":true,"href":"https:\/\/augustaabogados.com\/ca\/wp-json\/wp\/v2\/categories?post=49117"},{"taxonomy":"post_tag","embeddable":true,"href":"https:\/\/augustaabogados.com\/ca\/wp-json\/wp\/v2\/tags?post=49117"},{"taxonomy":"servicio-asociado","embeddable":true,"href":"https:\/\/augustaabogados.com\/ca\/wp-json\/wp\/v2\/servicio-asociado?post=49117"}],"curies":[{"name":"wp","href":"https:\/\/api.w.org\/{rel}","templated":true}]}}