{"id":49355,"date":"2025-05-26T12:12:08","date_gmt":"2025-05-26T12:12:08","guid":{"rendered":"https:\/\/augustaabogados.com\/49348\/"},"modified":"2025-05-26T12:27:28","modified_gmt":"2025-05-26T12:27:28","slug":"gerard-de-lucas-analitza-la-denuncia-contra-jennifer-lopez-per-compartir-unes-imatges-sense-tenir-ne-els-drets","status":"publish","type":"post","link":"https:\/\/augustaabogados.com\/ca\/gerard-de-lucas-analitza-la-denuncia-contra-jennifer-lopez-per-compartir-unes-imatges-sense-tenir-ne-els-drets\/","title":{"rendered":"Analitzem la den\u00fancia contra Jennifer L\u00f3pez per compartir unes imatges sense tenir-ne els drets"},"content":{"rendered":"<p><a href=\"https:\/\/augustaabogados.com\/ca\/abogado\/gerard-de-lucas\/\" target=\"_blank\" rel=\"noopener\">Gerard de Lucas<\/a>, director de l&#8217;\u00e0rea <a href=\"https:\/\/augustaabogados.com\/ca\/serveis\/tecnologia-mitjans-i-telecomunicacions-tmt\/\" target=\"_blank\" rel=\"noopener\">TMT <\/a>d&#8217;Augusta Abogados i president de la secci\u00f3 de Propietat Intel\u00b7lectual i dret a la imatge de l&#8217;Il\u00b7lustre Col\u00b7legi de l&#8217;Advocacia de Barcelona (ICAB) analitza la den\u00fancia presentada per un fot\u00f2graf contra Jennifer Lopez (JLo) per compartir a xarxes socials unes imatges de les quals no en tenia els drets.<\/p>\n","protected":false},"excerpt":{"rendered":"<p>Gerard de Lucas, director de l&#8217;\u00e0rea TMT d&#8217;Augusta Abogados i president de la secci\u00f3 de Propietat Intel\u00b7lectual i dret a la imatge de l&#8217;Il\u00b7lustre Col\u00b7legi de l&#8217;Advocacia de Barcelona (ICAB) analitza la den\u00fancia presentada per un fot\u00f2graf contra Jennifer Lopez (JLo) per compartir a xarxes socials unes imatges de les quals no en tenia els [&hellip;]<\/p>\n","protected":false},"author":8,"featured_media":49350,"comment_status":"closed","ping_status":"closed","sticky":false,"template":"","format":"standard","meta":{"content-type":"","site-sidebar-layout":"default","site-content-layout":"","ast-site-content-layout":"default","site-content-style":"default","site-sidebar-style":"default","ast-global-header-display":"","ast-banner-title-visibility":"","ast-main-header-display":"","ast-hfb-above-header-display":"","ast-hfb-below-header-display":"","ast-hfb-mobile-header-display":"","site-post-title":"","ast-breadcrumbs-content":"","ast-featured-img":"","footer-sml-layout":"","ast-disable-related-posts":"","theme-transparent-header-meta":"default","adv-header-id-meta":"","stick-header-meta":"","header-above-stick-meta":"","header-main-stick-meta":"","header-below-stick-meta":"","astra-migrate-meta-layouts":"set","ast-page-background-enabled":"default","ast-page-background-meta":{"desktop":{"background-color":"var(--ast-global-color-4)","background-image":"","background-repeat":"repeat","background-position":"center center","background-size":"auto","background-attachment":"scroll","background-type":"","background-media":"","overlay-type":"","overlay-color":"","overlay-opacity":"","overlay-gradient":""},"tablet":{"background-color":"","background-image":"","background-repeat":"repeat","background-position":"center center","background-size":"auto","background-attachment":"scroll","background-type":"","background-media":"","overlay-type":"","overlay-color":"","overlay-opacity":"","overlay-gradient":""},"mobile":{"background-color":"","background-image":"","background-repeat":"repeat","background-position":"center center","background-size":"auto","background-attachment":"scroll","background-type":"","background-media":"","overlay-type":"","overlay-color":"","overlay-opacity":"","overlay-gradient":""}},"ast-content-background-meta":{"desktop":{"background-color":"var(--ast-global-color-5)","background-image":"","background-repeat":"repeat","background-position":"center center","background-size":"auto","background-attachment":"scroll","background-type":"","background-media":"","overlay-type":"","overlay-color":"","overlay-opacity":"","overlay-gradient":""},"tablet":{"background-color":"var(--ast-global-color-5)","background-image":"","background-repeat":"repeat","background-position":"center center","background-size":"auto","background-attachment":"scroll","background-type":"","background-media":"","overlay-type":"","overlay-color":"","overlay-opacity":"","overlay-gradient":""},"mobile":{"background-color":"var(--ast-global-color-5)","background-image":"","background-repeat":"repeat","background-position":"center center","background-size":"auto","background-attachment":"scroll","background-type":"","background-media":"","overlay-type":"","overlay-color":"","overlay-opacity":"","overlay-gradient":""}},"footnotes":""},"categories":[1898],"tags":[2945,2946,2838,2947,2846,2843,2898,2953,2948,2949,2952,2950,2951],"servicio-asociado":[1973,2152],"class_list":["post-49355","post","type-post","status-publish","format-standard","has-post-thumbnail","hentry","category-noticia-ca","tag-demanda-ca","tag-denuncia-ca","tag-derechos-ca","tag-derechos-autor-ca","tag-drets","tag-drets-autor","tag-drets-imatge","tag-fotograf","tag-fotografo-ca","tag-imagenes-ca","tag-imatges","tag-jenifer-lopez-ca","tag-jlo-ca","servicio-asociado-proteccio-de-dades-i-entorns-digitals","servicio-asociado-medios-y-telecomunicaciones-tmt-ca"],"acf":[],"yoast_head":"<!-- This site is optimized with the Yoast SEO plugin v27.4 - https:\/\/yoast.com\/product\/yoast-seo-wordpress\/ -->\n<title>Analitzem la den\u00fancia contra Jennifer L\u00f3pez per compartir unes imatges sense tenir-ne els drets - Augusta Abogados<\/title>\n<meta name=\"robots\" content=\"index, follow, max-snippet:-1, max-image-preview:large, max-video-preview:-1\" \/>\n<link rel=\"canonical\" href=\"https:\/\/augustaabogados.com\/ca\/gerard-de-lucas-analitza-la-denuncia-contra-jennifer-lopez-per-compartir-unes-imatges-sense-tenir-ne-els-drets\/\" \/>\n<meta property=\"og:locale\" content=\"ca_ES\" \/>\n<meta property=\"og:type\" content=\"article\" \/>\n<meta property=\"og:title\" content=\"Analitzem la den\u00fancia contra Jennifer L\u00f3pez per compartir unes imatges sense tenir-ne els drets - Augusta Abogados\" \/>\n<meta property=\"og:description\" content=\"Gerard de Lucas, director de l&#8217;\u00e0rea TMT d&#8217;Augusta Abogados i president de la secci\u00f3 de Propietat Intel\u00b7lectual i dret a la imatge de l&#8217;Il\u00b7lustre Col\u00b7legi de l&#8217;Advocacia de Barcelona (ICAB) analitza la den\u00fancia presentada per un fot\u00f2graf contra Jennifer Lopez (JLo) per compartir a xarxes socials unes imatges de les quals no en tenia els [&hellip;]\" \/>\n<meta property=\"og:url\" content=\"https:\/\/augustaabogados.com\/ca\/gerard-de-lucas-analitza-la-denuncia-contra-jennifer-lopez-per-compartir-unes-imatges-sense-tenir-ne-els-drets\/\" \/>\n<meta property=\"og:site_name\" content=\"Augusta Abogados\" \/>\n<meta property=\"article:published_time\" content=\"2025-05-26T12:12:08+00:00\" \/>\n<meta property=\"article:modified_time\" content=\"2025-05-26T12:27:28+00:00\" \/>\n<meta property=\"og:image\" content=\"https:\/\/augustaabogados.com\/wp-content\/uploads\/2025\/05\/iStock-2215179513.jpg\" \/>\n\t<meta property=\"og:image:width\" content=\"2119\" \/>\n\t<meta property=\"og:image:height\" content=\"1415\" \/>\n\t<meta property=\"og:image:type\" content=\"image\/jpeg\" \/>\n<meta name=\"author\" content=\"Augusta Abogados\" \/>\n<meta name=\"twitter:card\" content=\"summary_large_image\" \/>\n<meta name=\"twitter:label1\" content=\"Escrit per\" \/>\n\t<meta name=\"twitter:data1\" content=\"Augusta Abogados\" \/>\n\t<meta name=\"twitter:label2\" content=\"Temps estimat de lectura\" \/>\n\t<meta name=\"twitter:data2\" content=\"1 minut\" \/>\n<script type=\"application\/ld+json\" class=\"yoast-schema-graph\">{\"@context\":\"https:\\\/\\\/schema.org\",\"@graph\":[{\"@type\":\"Article\",\"@id\":\"https:\\\/\\\/augustaabogados.com\\\/ca\\\/gerard-de-lucas-analitza-la-denuncia-contra-jennifer-lopez-per-compartir-unes-imatges-sense-tenir-ne-els-drets\\\/#article\",\"isPartOf\":{\"@id\":\"https:\\\/\\\/augustaabogados.com\\\/ca\\\/gerard-de-lucas-analitza-la-denuncia-contra-jennifer-lopez-per-compartir-unes-imatges-sense-tenir-ne-els-drets\\\/\"},\"author\":{\"name\":\"Augusta Abogados\",\"@id\":\"https:\\\/\\\/augustaabogados.com\\\/#\\\/schema\\\/person\\\/8c5e230eb6ed47cdd14ee188eb04a753\"},\"headline\":\"Analitzem la den\u00fancia contra Jennifer L\u00f3pez per compartir unes imatges sense tenir-ne els drets\",\"datePublished\":\"2025-05-26T12:12:08+00:00\",\"dateModified\":\"2025-05-26T12:27:28+00:00\",\"mainEntityOfPage\":{\"@id\":\"https:\\\/\\\/augustaabogados.com\\\/ca\\\/gerard-de-lucas-analitza-la-denuncia-contra-jennifer-lopez-per-compartir-unes-imatges-sense-tenir-ne-els-drets\\\/\"},\"wordCount\":81,\"publisher\":{\"@id\":\"https:\\\/\\\/augustaabogados.com\\\/#organization\"},\"image\":{\"@id\":\"https:\\\/\\\/augustaabogados.com\\\/ca\\\/gerard-de-lucas-analitza-la-denuncia-contra-jennifer-lopez-per-compartir-unes-imatges-sense-tenir-ne-els-drets\\\/#primaryimage\"},\"thumbnailUrl\":\"https:\\\/\\\/augustaabogados.com\\\/wp-content\\\/uploads\\\/2025\\\/05\\\/iStock-2215179513.jpg\",\"keywords\":[\"demanda\",\"denuncia\",\"derechos\",\"derechos autor\",\"drets\",\"drets autor\",\"drets imatge\",\"fot\u00f2graf\",\"fot\u00f3grafo\",\"im\u00e1genes\",\"imatges\",\"Jenifer L\u00f3pez\",\"JLo\"],\"articleSection\":[\"NOT\u00cdCIA\"],\"inLanguage\":\"ca\"},{\"@type\":[\"WebPage\",\"ItemPage\"],\"@id\":\"https:\\\/\\\/augustaabogados.com\\\/ca\\\/gerard-de-lucas-analitza-la-denuncia-contra-jennifer-lopez-per-compartir-unes-imatges-sense-tenir-ne-els-drets\\\/\",\"url\":\"https:\\\/\\\/augustaabogados.com\\\/ca\\\/gerard-de-lucas-analitza-la-denuncia-contra-jennifer-lopez-per-compartir-unes-imatges-sense-tenir-ne-els-drets\\\/\",\"name\":\"Analitzem la den\u00fancia contra Jennifer L\u00f3pez per compartir unes imatges sense tenir-ne els drets - Augusta Abogados\",\"isPartOf\":{\"@id\":\"https:\\\/\\\/augustaabogados.com\\\/#website\"},\"primaryImageOfPage\":{\"@id\":\"https:\\\/\\\/augustaabogados.com\\\/ca\\\/gerard-de-lucas-analitza-la-denuncia-contra-jennifer-lopez-per-compartir-unes-imatges-sense-tenir-ne-els-drets\\\/#primaryimage\"},\"image\":{\"@id\":\"https:\\\/\\\/augustaabogados.com\\\/ca\\\/gerard-de-lucas-analitza-la-denuncia-contra-jennifer-lopez-per-compartir-unes-imatges-sense-tenir-ne-els-drets\\\/#primaryimage\"},\"thumbnailUrl\":\"https:\\\/\\\/augustaabogados.com\\\/wp-content\\\/uploads\\\/2025\\\/05\\\/iStock-2215179513.jpg\",\"datePublished\":\"2025-05-26T12:12:08+00:00\",\"dateModified\":\"2025-05-26T12:27:28+00:00\",\"breadcrumb\":{\"@id\":\"https:\\\/\\\/augustaabogados.com\\\/ca\\\/gerard-de-lucas-analitza-la-denuncia-contra-jennifer-lopez-per-compartir-unes-imatges-sense-tenir-ne-els-drets\\\/#breadcrumb\"},\"inLanguage\":\"ca\",\"potentialAction\":[{\"@type\":\"ReadAction\",\"target\":[\"https:\\\/\\\/augustaabogados.com\\\/ca\\\/gerard-de-lucas-analitza-la-denuncia-contra-jennifer-lopez-per-compartir-unes-imatges-sense-tenir-ne-els-drets\\\/\"]}]},{\"@type\":\"ImageObject\",\"inLanguage\":\"ca\",\"@id\":\"https:\\\/\\\/augustaabogados.com\\\/ca\\\/gerard-de-lucas-analitza-la-denuncia-contra-jennifer-lopez-per-compartir-unes-imatges-sense-tenir-ne-els-drets\\\/#primaryimage\",\"url\":\"https:\\\/\\\/augustaabogados.com\\\/wp-content\\\/uploads\\\/2025\\\/05\\\/iStock-2215179513.jpg\",\"contentUrl\":\"https:\\\/\\\/augustaabogados.com\\\/wp-content\\\/uploads\\\/2025\\\/05\\\/iStock-2215179513.jpg\",\"width\":2119,\"height\":1415,\"caption\":\"black and white dslr camera in hands, large long lens, young caucasian man photographer at work outdoors in sunny summer day\"},{\"@type\":\"BreadcrumbList\",\"@id\":\"https:\\\/\\\/augustaabogados.com\\\/ca\\\/gerard-de-lucas-analitza-la-denuncia-contra-jennifer-lopez-per-compartir-unes-imatges-sense-tenir-ne-els-drets\\\/#breadcrumb\",\"itemListElement\":[{\"@type\":\"ListItem\",\"position\":1,\"name\":\"Portada\",\"item\":\"https:\\\/\\\/augustaabogados.com\\\/ca\\\/\"},{\"@type\":\"ListItem\",\"position\":2,\"name\":\"Analitzem la den\u00fancia contra Jennifer L\u00f3pez per compartir unes imatges sense tenir-ne els drets\"}]},{\"@type\":\"WebSite\",\"@id\":\"https:\\\/\\\/augustaabogados.com\\\/#website\",\"url\":\"https:\\\/\\\/augustaabogados.com\\\/\",\"name\":\"Augusta Abogados\",\"description\":\"\",\"publisher\":{\"@id\":\"https:\\\/\\\/augustaabogados.com\\\/#organization\"},\"potentialAction\":[{\"@type\":\"SearchAction\",\"target\":{\"@type\":\"EntryPoint\",\"urlTemplate\":\"https:\\\/\\\/augustaabogados.com\\\/?s={search_term_string}\"},\"query-input\":{\"@type\":\"PropertyValueSpecification\",\"valueRequired\":true,\"valueName\":\"search_term_string\"}}],\"inLanguage\":\"ca\"},{\"@type\":\"Organization\",\"@id\":\"https:\\\/\\\/augustaabogados.com\\\/#organization\",\"name\":\"Augusta Abogados\",\"url\":\"https:\\\/\\\/augustaabogados.com\\\/\",\"logo\":{\"@type\":\"ImageObject\",\"inLanguage\":\"ca\",\"@id\":\"https:\\\/\\\/augustaabogados.com\\\/#\\\/schema\\\/logo\\\/image\\\/\",\"url\":\"https:\\\/\\\/augustaabogados.com\\\/wp-content\\\/uploads\\\/2023\\\/11\\\/LOGO-AUGUSTA.svg\",\"contentUrl\":\"https:\\\/\\\/augustaabogados.com\\\/wp-content\\\/uploads\\\/2023\\\/11\\\/LOGO-AUGUSTA.svg\",\"caption\":\"Augusta Abogados\"},\"image\":{\"@id\":\"https:\\\/\\\/augustaabogados.com\\\/#\\\/schema\\\/logo\\\/image\\\/\"}},{\"@type\":\"Person\",\"@id\":\"https:\\\/\\\/augustaabogados.com\\\/#\\\/schema\\\/person\\\/8c5e230eb6ed47cdd14ee188eb04a753\",\"name\":\"Augusta Abogados\",\"image\":{\"@type\":\"ImageObject\",\"inLanguage\":\"ca\",\"@id\":\"https:\\\/\\\/secure.gravatar.com\\\/avatar\\\/09e6ceb5fccff542915602bda752518fa959b0df2d103d929aefa74c2909a4bc?s=96&d=mm&r=g\",\"url\":\"https:\\\/\\\/secure.gravatar.com\\\/avatar\\\/09e6ceb5fccff542915602bda752518fa959b0df2d103d929aefa74c2909a4bc?s=96&d=mm&r=g\",\"contentUrl\":\"https:\\\/\\\/secure.gravatar.com\\\/avatar\\\/09e6ceb5fccff542915602bda752518fa959b0df2d103d929aefa74c2909a4bc?s=96&d=mm&r=g\",\"caption\":\"Augusta Abogados\"}}]}<\/script>\n<!-- \/ Yoast SEO plugin. -->","yoast_head_json":{"title":"Analitzem la den\u00fancia contra Jennifer L\u00f3pez per compartir unes imatges sense tenir-ne els drets - Augusta Abogados","robots":{"index":"index","follow":"follow","max-snippet":"max-snippet:-1","max-image-preview":"max-image-preview:large","max-video-preview":"max-video-preview:-1"},"canonical":"https:\/\/augustaabogados.com\/ca\/gerard-de-lucas-analitza-la-denuncia-contra-jennifer-lopez-per-compartir-unes-imatges-sense-tenir-ne-els-drets\/","og_locale":"ca_ES","og_type":"article","og_title":"Analitzem la den\u00fancia contra Jennifer L\u00f3pez per compartir unes imatges sense tenir-ne els drets - Augusta Abogados","og_description":"Gerard de Lucas, director de l&#8217;\u00e0rea TMT d&#8217;Augusta Abogados i president de la secci\u00f3 de Propietat Intel\u00b7lectual i dret a la imatge de l&#8217;Il\u00b7lustre Col\u00b7legi de l&#8217;Advocacia de Barcelona (ICAB) analitza la den\u00fancia presentada per un fot\u00f2graf contra Jennifer Lopez (JLo) per compartir a xarxes socials unes imatges de les quals no en tenia els [&hellip;]","og_url":"https:\/\/augustaabogados.com\/ca\/gerard-de-lucas-analitza-la-denuncia-contra-jennifer-lopez-per-compartir-unes-imatges-sense-tenir-ne-els-drets\/","og_site_name":"Augusta Abogados","article_published_time":"2025-05-26T12:12:08+00:00","article_modified_time":"2025-05-26T12:27:28+00:00","og_image":[{"width":2119,"height":1415,"url":"https:\/\/augustaabogados.com\/wp-content\/uploads\/2025\/05\/iStock-2215179513.jpg","type":"image\/jpeg"}],"author":"Augusta Abogados","twitter_card":"summary_large_image","twitter_misc":{"Escrit per":"Augusta Abogados","Temps estimat de lectura":"1 minut"},"schema":{"@context":"https:\/\/schema.org","@graph":[{"@type":"Article","@id":"https:\/\/augustaabogados.com\/ca\/gerard-de-lucas-analitza-la-denuncia-contra-jennifer-lopez-per-compartir-unes-imatges-sense-tenir-ne-els-drets\/#article","isPartOf":{"@id":"https:\/\/augustaabogados.com\/ca\/gerard-de-lucas-analitza-la-denuncia-contra-jennifer-lopez-per-compartir-unes-imatges-sense-tenir-ne-els-drets\/"},"author":{"name":"Augusta Abogados","@id":"https:\/\/augustaabogados.com\/#\/schema\/person\/8c5e230eb6ed47cdd14ee188eb04a753"},"headline":"Analitzem la den\u00fancia contra Jennifer L\u00f3pez per compartir unes imatges sense tenir-ne els drets","datePublished":"2025-05-26T12:12:08+00:00","dateModified":"2025-05-26T12:27:28+00:00","mainEntityOfPage":{"@id":"https:\/\/augustaabogados.com\/ca\/gerard-de-lucas-analitza-la-denuncia-contra-jennifer-lopez-per-compartir-unes-imatges-sense-tenir-ne-els-drets\/"},"wordCount":81,"publisher":{"@id":"https:\/\/augustaabogados.com\/#organization"},"image":{"@id":"https:\/\/augustaabogados.com\/ca\/gerard-de-lucas-analitza-la-denuncia-contra-jennifer-lopez-per-compartir-unes-imatges-sense-tenir-ne-els-drets\/#primaryimage"},"thumbnailUrl":"https:\/\/augustaabogados.com\/wp-content\/uploads\/2025\/05\/iStock-2215179513.jpg","keywords":["demanda","denuncia","derechos","derechos autor","drets","drets autor","drets imatge","fot\u00f2graf","fot\u00f3grafo","im\u00e1genes","imatges","Jenifer L\u00f3pez","JLo"],"articleSection":["NOT\u00cdCIA"],"inLanguage":"ca"},{"@type":["WebPage","ItemPage"],"@id":"https:\/\/augustaabogados.com\/ca\/gerard-de-lucas-analitza-la-denuncia-contra-jennifer-lopez-per-compartir-unes-imatges-sense-tenir-ne-els-drets\/","url":"https:\/\/augustaabogados.com\/ca\/gerard-de-lucas-analitza-la-denuncia-contra-jennifer-lopez-per-compartir-unes-imatges-sense-tenir-ne-els-drets\/","name":"Analitzem la den\u00fancia contra Jennifer L\u00f3pez per compartir unes imatges sense tenir-ne els drets - Augusta Abogados","isPartOf":{"@id":"https:\/\/augustaabogados.com\/#website"},"primaryImageOfPage":{"@id":"https:\/\/augustaabogados.com\/ca\/gerard-de-lucas-analitza-la-denuncia-contra-jennifer-lopez-per-compartir-unes-imatges-sense-tenir-ne-els-drets\/#primaryimage"},"image":{"@id":"https:\/\/augustaabogados.com\/ca\/gerard-de-lucas-analitza-la-denuncia-contra-jennifer-lopez-per-compartir-unes-imatges-sense-tenir-ne-els-drets\/#primaryimage"},"thumbnailUrl":"https:\/\/augustaabogados.com\/wp-content\/uploads\/2025\/05\/iStock-2215179513.jpg","datePublished":"2025-05-26T12:12:08+00:00","dateModified":"2025-05-26T12:27:28+00:00","breadcrumb":{"@id":"https:\/\/augustaabogados.com\/ca\/gerard-de-lucas-analitza-la-denuncia-contra-jennifer-lopez-per-compartir-unes-imatges-sense-tenir-ne-els-drets\/#breadcrumb"},"inLanguage":"ca","potentialAction":[{"@type":"ReadAction","target":["https:\/\/augustaabogados.com\/ca\/gerard-de-lucas-analitza-la-denuncia-contra-jennifer-lopez-per-compartir-unes-imatges-sense-tenir-ne-els-drets\/"]}]},{"@type":"ImageObject","inLanguage":"ca","@id":"https:\/\/augustaabogados.com\/ca\/gerard-de-lucas-analitza-la-denuncia-contra-jennifer-lopez-per-compartir-unes-imatges-sense-tenir-ne-els-drets\/#primaryimage","url":"https:\/\/augustaabogados.com\/wp-content\/uploads\/2025\/05\/iStock-2215179513.jpg","contentUrl":"https:\/\/augustaabogados.com\/wp-content\/uploads\/2025\/05\/iStock-2215179513.jpg","width":2119,"height":1415,"caption":"black and white dslr camera in hands, large long lens, young caucasian man photographer at work outdoors in sunny summer day"},{"@type":"BreadcrumbList","@id":"https:\/\/augustaabogados.com\/ca\/gerard-de-lucas-analitza-la-denuncia-contra-jennifer-lopez-per-compartir-unes-imatges-sense-tenir-ne-els-drets\/#breadcrumb","itemListElement":[{"@type":"ListItem","position":1,"name":"Portada","item":"https:\/\/augustaabogados.com\/ca\/"},{"@type":"ListItem","position":2,"name":"Analitzem la den\u00fancia contra Jennifer L\u00f3pez per compartir unes imatges sense tenir-ne els drets"}]},{"@type":"WebSite","@id":"https:\/\/augustaabogados.com\/#website","url":"https:\/\/augustaabogados.com\/","name":"Augusta Abogados","description":"","publisher":{"@id":"https:\/\/augustaabogados.com\/#organization"},"potentialAction":[{"@type":"SearchAction","target":{"@type":"EntryPoint","urlTemplate":"https:\/\/augustaabogados.com\/?s={search_term_string}"},"query-input":{"@type":"PropertyValueSpecification","valueRequired":true,"valueName":"search_term_string"}}],"inLanguage":"ca"},{"@type":"Organization","@id":"https:\/\/augustaabogados.com\/#organization","name":"Augusta Abogados","url":"https:\/\/augustaabogados.com\/","logo":{"@type":"ImageObject","inLanguage":"ca","@id":"https:\/\/augustaabogados.com\/#\/schema\/logo\/image\/","url":"https:\/\/augustaabogados.com\/wp-content\/uploads\/2023\/11\/LOGO-AUGUSTA.svg","contentUrl":"https:\/\/augustaabogados.com\/wp-content\/uploads\/2023\/11\/LOGO-AUGUSTA.svg","caption":"Augusta Abogados"},"image":{"@id":"https:\/\/augustaabogados.com\/#\/schema\/logo\/image\/"}},{"@type":"Person","@id":"https:\/\/augustaabogados.com\/#\/schema\/person\/8c5e230eb6ed47cdd14ee188eb04a753","name":"Augusta Abogados","image":{"@type":"ImageObject","inLanguage":"ca","@id":"https:\/\/secure.gravatar.com\/avatar\/09e6ceb5fccff542915602bda752518fa959b0df2d103d929aefa74c2909a4bc?s=96&d=mm&r=g","url":"https:\/\/secure.gravatar.com\/avatar\/09e6ceb5fccff542915602bda752518fa959b0df2d103d929aefa74c2909a4bc?s=96&d=mm&r=g","contentUrl":"https:\/\/secure.gravatar.com\/avatar\/09e6ceb5fccff542915602bda752518fa959b0df2d103d929aefa74c2909a4bc?s=96&d=mm&r=g","caption":"Augusta Abogados"}}]}},"_links":{"self":[{"href":"https:\/\/augustaabogados.com\/ca\/wp-json\/wp\/v2\/posts\/49355","targetHints":{"allow":["GET"]}}],"collection":[{"href":"https:\/\/augustaabogados.com\/ca\/wp-json\/wp\/v2\/posts"}],"about":[{"href":"https:\/\/augustaabogados.com\/ca\/wp-json\/wp\/v2\/types\/post"}],"author":[{"embeddable":true,"href":"https:\/\/augustaabogados.com\/ca\/wp-json\/wp\/v2\/users\/8"}],"replies":[{"embeddable":true,"href":"https:\/\/augustaabogados.com\/ca\/wp-json\/wp\/v2\/comments?post=49355"}],"version-history":[{"count":5,"href":"https:\/\/augustaabogados.com\/ca\/wp-json\/wp\/v2\/posts\/49355\/revisions"}],"predecessor-version":[{"id":49362,"href":"https:\/\/augustaabogados.com\/ca\/wp-json\/wp\/v2\/posts\/49355\/revisions\/49362"}],"wp:featuredmedia":[{"embeddable":true,"href":"https:\/\/augustaabogados.com\/ca\/wp-json\/wp\/v2\/media\/49350"}],"wp:attachment":[{"href":"https:\/\/augustaabogados.com\/ca\/wp-json\/wp\/v2\/media?parent=49355"}],"wp:term":[{"taxonomy":"category","embeddable":true,"href":"https:\/\/augustaabogados.com\/ca\/wp-json\/wp\/v2\/categories?post=49355"},{"taxonomy":"post_tag","embeddable":true,"href":"https:\/\/augustaabogados.com\/ca\/wp-json\/wp\/v2\/tags?post=49355"},{"taxonomy":"servicio-asociado","embeddable":true,"href":"https:\/\/augustaabogados.com\/ca\/wp-json\/wp\/v2\/servicio-asociado?post=49355"}],"curies":[{"name":"wp","href":"https:\/\/api.w.org\/{rel}","templated":true}]}}