{"id":50274,"date":"2025-09-16T10:31:40","date_gmt":"2025-09-16T10:31:40","guid":{"rendered":"https:\/\/augustaabogados.com\/gerard-de-lucas-analiza-el-fenomeno-de-las-falsificaciones-y-las-plataformas-donde-se-comercializan-productos-falsificados\/"},"modified":"2025-09-17T10:53:29","modified_gmt":"2025-09-17T10:53:29","slug":"gerard-de-lucas-analitza-el-fenomen-de-les-falsificacions-i-les-plataformes-on-es-comercialitzen-productes-falsificats","status":"publish","type":"post","link":"https:\/\/augustaabogados.com\/ca\/gerard-de-lucas-analitza-el-fenomen-de-les-falsificacions-i-les-plataformes-on-es-comercialitzen-productes-falsificats\/","title":{"rendered":"Gerard de Lucas analitza el fenomen de les falsificacions i les plataformes on es comercialitzen productes falsificats"},"content":{"rendered":"<p><a href=\"https:\/\/augustaabogados.com\/ca\/abogado\/gerard-de-lucas\/\" target=\"_blank\" rel=\"noopener\">Gerard de Lucas<\/a> analitza el fenomen de les falsificacions i les plataformes on es comercialitzen productes falsificats, analitzant les responsabilitats legals que comporta i els mecanismes disponibles per a combatre&#8217;l en &#8216;La Soluci\u00f3&#8217; de Catalunya R\u00e0dio.<\/p>\n<p>&nbsp;<\/p>\n<p><img fetchpriority=\"high\" decoding=\"async\" class=\"alignnone size-medium wp-image-50276\" src=\"https:\/\/augustaabogados.com\/wp-content\/uploads\/2025\/09\/Gerard-de-Lucas-a-Catalunya-Radio_Setembre-2025-225x300.png\" alt=\"\" width=\"225\" height=\"300\" srcset=\"https:\/\/augustaabogados.com\/wp-content\/uploads\/2025\/09\/Gerard-de-Lucas-a-Catalunya-Radio_Setembre-2025-225x300.png 225w, https:\/\/augustaabogados.com\/wp-content\/uploads\/2025\/09\/Gerard-de-Lucas-a-Catalunya-Radio_Setembre-2025-768x1024.png 768w, https:\/\/augustaabogados.com\/wp-content\/uploads\/2025\/09\/Gerard-de-Lucas-a-Catalunya-Radio_Setembre-2025-1152x1536.png 1152w, https:\/\/augustaabogados.com\/wp-content\/uploads\/2025\/09\/Gerard-de-Lucas-a-Catalunya-Radio_Setembre-2025.png 1200w\" sizes=\"(max-width: 225px) 100vw, 225px\" \/><\/p>\n<p>&nbsp;<\/p>\n","protected":false},"excerpt":{"rendered":"<p>Gerard de Lucas analitza el fenomen de les falsificacions i les plataformes on es comercialitzen productes falsificats, analitzant les responsabilitats legals que comporta i els mecanismes disponibles per a combatre&#8217;l en &#8216;La Soluci\u00f3&#8217; de Catalunya R\u00e0dio. &nbsp; &nbsp;<\/p>\n","protected":false},"author":8,"featured_media":50270,"comment_status":"closed","ping_status":"closed","sticky":false,"template":"","format":"standard","meta":{"content-type":"","site-sidebar-layout":"default","site-content-layout":"","ast-site-content-layout":"default","site-content-style":"default","site-sidebar-style":"default","ast-global-header-display":"","ast-banner-title-visibility":"","ast-main-header-display":"","ast-hfb-above-header-display":"","ast-hfb-below-header-display":"","ast-hfb-mobile-header-display":"","site-post-title":"","ast-breadcrumbs-content":"","ast-featured-img":"","footer-sml-layout":"","ast-disable-related-posts":"","theme-transparent-header-meta":"default","adv-header-id-meta":"","stick-header-meta":"","header-above-stick-meta":"","header-main-stick-meta":"","header-below-stick-meta":"","astra-migrate-meta-layouts":"set","ast-page-background-enabled":"default","ast-page-background-meta":{"desktop":{"background-color":"var(--ast-global-color-4)","background-image":"","background-repeat":"repeat","background-position":"center center","background-size":"auto","background-attachment":"scroll","background-type":"","background-media":"","overlay-type":"","overlay-color":"","overlay-opacity":"","overlay-gradient":""},"tablet":{"background-color":"","background-image":"","background-repeat":"repeat","background-position":"center center","background-size":"auto","background-attachment":"scroll","background-type":"","background-media":"","overlay-type":"","overlay-color":"","overlay-opacity":"","overlay-gradient":""},"mobile":{"background-color":"","background-image":"","background-repeat":"repeat","background-position":"center center","background-size":"auto","background-attachment":"scroll","background-type":"","background-media":"","overlay-type":"","overlay-color":"","overlay-opacity":"","overlay-gradient":""}},"ast-content-background-meta":{"desktop":{"background-color":"var(--ast-global-color-5)","background-image":"","background-repeat":"repeat","background-position":"center center","background-size":"auto","background-attachment":"scroll","background-type":"","background-media":"","overlay-type":"","overlay-color":"","overlay-opacity":"","overlay-gradient":""},"tablet":{"background-color":"var(--ast-global-color-5)","background-image":"","background-repeat":"repeat","background-position":"center center","background-size":"auto","background-attachment":"scroll","background-type":"","background-media":"","overlay-type":"","overlay-color":"","overlay-opacity":"","overlay-gradient":""},"mobile":{"background-color":"var(--ast-global-color-5)","background-image":"","background-repeat":"repeat","background-position":"center center","background-size":"auto","background-attachment":"scroll","background-type":"","background-media":"","overlay-type":"","overlay-color":"","overlay-opacity":"","overlay-gradient":""}},"footnotes":""},"categories":[1898],"tags":[2679,3187,2032,2650,3188,2892,3189,2840],"servicio-asociado":[2148,2152],"class_list":["post-50274","post","type-post","status-publish","format-standard","has-post-thumbnail","hentry","category-noticia-ca","tag-2025-ca","tag-combatir-ca","tag-empresa-ca","tag-entrevista-ca","tag-falsificacion-ca","tag-pirateria-ca","tag-sanciones-ca","tag-tmt-ca","servicio-asociado-propietat-industrial-i-intellectual","servicio-asociado-medios-y-telecomunicaciones-tmt-ca"],"acf":[],"yoast_head":"<!-- This site is optimized with the Yoast SEO plugin v27.4 - https:\/\/yoast.com\/product\/yoast-seo-wordpress\/ -->\n<title>Gerard de Lucas analitza el fenomen de les falsificacions i les plataformes on es comercialitzen productes falsificats - Augusta Abogados<\/title>\n<meta name=\"robots\" content=\"index, follow, max-snippet:-1, max-image-preview:large, max-video-preview:-1\" \/>\n<link rel=\"canonical\" href=\"https:\/\/augustaabogados.com\/ca\/gerard-de-lucas-analitza-el-fenomen-de-les-falsificacions-i-les-plataformes-on-es-comercialitzen-productes-falsificats\/\" \/>\n<meta property=\"og:locale\" content=\"ca_ES\" \/>\n<meta property=\"og:type\" content=\"article\" \/>\n<meta property=\"og:title\" content=\"Gerard de Lucas analitza el fenomen de les falsificacions i les plataformes on es comercialitzen productes falsificats - Augusta Abogados\" \/>\n<meta property=\"og:description\" content=\"Gerard de Lucas analitza el fenomen de les falsificacions i les plataformes on es comercialitzen productes falsificats, analitzant les responsabilitats legals que comporta i els mecanismes disponibles per a combatre&#8217;l en &#8216;La Soluci\u00f3&#8217; de Catalunya R\u00e0dio. &nbsp; &nbsp;\" \/>\n<meta property=\"og:url\" content=\"https:\/\/augustaabogados.com\/ca\/gerard-de-lucas-analitza-el-fenomen-de-les-falsificacions-i-les-plataformes-on-es-comercialitzen-productes-falsificats\/\" \/>\n<meta property=\"og:site_name\" content=\"Augusta Abogados\" \/>\n<meta property=\"article:published_time\" content=\"2025-09-16T10:31:40+00:00\" \/>\n<meta property=\"article:modified_time\" content=\"2025-09-17T10:53:29+00:00\" \/>\n<meta property=\"og:image\" content=\"https:\/\/augustaabogados.com\/wp-content\/uploads\/2025\/09\/iStock-1049318078-scaled.jpg\" \/>\n\t<meta property=\"og:image:width\" content=\"2560\" \/>\n\t<meta property=\"og:image:height\" content=\"1707\" \/>\n\t<meta property=\"og:image:type\" content=\"image\/jpeg\" \/>\n<meta name=\"author\" content=\"Augusta Abogados\" \/>\n<meta name=\"twitter:card\" content=\"summary_large_image\" \/>\n<meta name=\"twitter:label1\" content=\"Escrit per\" \/>\n\t<meta name=\"twitter:data1\" content=\"Augusta Abogados\" \/>\n\t<meta name=\"twitter:label2\" content=\"Temps estimat de lectura\" \/>\n\t<meta name=\"twitter:data2\" content=\"1 minut\" \/>\n<script type=\"application\/ld+json\" class=\"yoast-schema-graph\">{\"@context\":\"https:\\\/\\\/schema.org\",\"@graph\":[{\"@type\":\"Article\",\"@id\":\"https:\\\/\\\/augustaabogados.com\\\/ca\\\/gerard-de-lucas-analitza-el-fenomen-de-les-falsificacions-i-les-plataformes-on-es-comercialitzen-productes-falsificats\\\/#article\",\"isPartOf\":{\"@id\":\"https:\\\/\\\/augustaabogados.com\\\/ca\\\/gerard-de-lucas-analitza-el-fenomen-de-les-falsificacions-i-les-plataformes-on-es-comercialitzen-productes-falsificats\\\/\"},\"author\":{\"name\":\"Augusta Abogados\",\"@id\":\"https:\\\/\\\/augustaabogados.com\\\/#\\\/schema\\\/person\\\/8c5e230eb6ed47cdd14ee188eb04a753\"},\"headline\":\"Gerard de Lucas analitza el fenomen de les falsificacions i les plataformes on es comercialitzen productes falsificats\",\"datePublished\":\"2025-09-16T10:31:40+00:00\",\"dateModified\":\"2025-09-17T10:53:29+00:00\",\"mainEntityOfPage\":{\"@id\":\"https:\\\/\\\/augustaabogados.com\\\/ca\\\/gerard-de-lucas-analitza-el-fenomen-de-les-falsificacions-i-les-plataformes-on-es-comercialitzen-productes-falsificats\\\/\"},\"wordCount\":57,\"publisher\":{\"@id\":\"https:\\\/\\\/augustaabogados.com\\\/#organization\"},\"image\":{\"@id\":\"https:\\\/\\\/augustaabogados.com\\\/ca\\\/gerard-de-lucas-analitza-el-fenomen-de-les-falsificacions-i-les-plataformes-on-es-comercialitzen-productes-falsificats\\\/#primaryimage\"},\"thumbnailUrl\":\"https:\\\/\\\/augustaabogados.com\\\/wp-content\\\/uploads\\\/2025\\\/09\\\/iStock-1049318078-scaled.jpg\",\"keywords\":[\"2025\",\"combatir\",\"Empresa\",\"entrevista\",\"falsificaci\u00f3n\",\"pirater\u00eda\",\"sanciones\",\"TMT\"],\"articleSection\":[\"NOT\u00cdCIA\"],\"inLanguage\":\"ca\"},{\"@type\":[\"WebPage\",\"ItemPage\"],\"@id\":\"https:\\\/\\\/augustaabogados.com\\\/ca\\\/gerard-de-lucas-analitza-el-fenomen-de-les-falsificacions-i-les-plataformes-on-es-comercialitzen-productes-falsificats\\\/\",\"url\":\"https:\\\/\\\/augustaabogados.com\\\/ca\\\/gerard-de-lucas-analitza-el-fenomen-de-les-falsificacions-i-les-plataformes-on-es-comercialitzen-productes-falsificats\\\/\",\"name\":\"Gerard de Lucas analitza el fenomen de les falsificacions i les plataformes on es comercialitzen productes falsificats - Augusta Abogados\",\"isPartOf\":{\"@id\":\"https:\\\/\\\/augustaabogados.com\\\/#website\"},\"primaryImageOfPage\":{\"@id\":\"https:\\\/\\\/augustaabogados.com\\\/ca\\\/gerard-de-lucas-analitza-el-fenomen-de-les-falsificacions-i-les-plataformes-on-es-comercialitzen-productes-falsificats\\\/#primaryimage\"},\"image\":{\"@id\":\"https:\\\/\\\/augustaabogados.com\\\/ca\\\/gerard-de-lucas-analitza-el-fenomen-de-les-falsificacions-i-les-plataformes-on-es-comercialitzen-productes-falsificats\\\/#primaryimage\"},\"thumbnailUrl\":\"https:\\\/\\\/augustaabogados.com\\\/wp-content\\\/uploads\\\/2025\\\/09\\\/iStock-1049318078-scaled.jpg\",\"datePublished\":\"2025-09-16T10:31:40+00:00\",\"dateModified\":\"2025-09-17T10:53:29+00:00\",\"breadcrumb\":{\"@id\":\"https:\\\/\\\/augustaabogados.com\\\/ca\\\/gerard-de-lucas-analitza-el-fenomen-de-les-falsificacions-i-les-plataformes-on-es-comercialitzen-productes-falsificats\\\/#breadcrumb\"},\"inLanguage\":\"ca\",\"potentialAction\":[{\"@type\":\"ReadAction\",\"target\":[\"https:\\\/\\\/augustaabogados.com\\\/ca\\\/gerard-de-lucas-analitza-el-fenomen-de-les-falsificacions-i-les-plataformes-on-es-comercialitzen-productes-falsificats\\\/\"]}]},{\"@type\":\"ImageObject\",\"inLanguage\":\"ca\",\"@id\":\"https:\\\/\\\/augustaabogados.com\\\/ca\\\/gerard-de-lucas-analitza-el-fenomen-de-les-falsificacions-i-les-plataformes-on-es-comercialitzen-productes-falsificats\\\/#primaryimage\",\"url\":\"https:\\\/\\\/augustaabogados.com\\\/wp-content\\\/uploads\\\/2025\\\/09\\\/iStock-1049318078-scaled.jpg\",\"contentUrl\":\"https:\\\/\\\/augustaabogados.com\\\/wp-content\\\/uploads\\\/2025\\\/09\\\/iStock-1049318078-scaled.jpg\",\"width\":2560,\"height\":1707,\"caption\":\"Istanbul, Turkey, September 22., 2018: Bunch of fake brand bags at the bazaar\"},{\"@type\":\"BreadcrumbList\",\"@id\":\"https:\\\/\\\/augustaabogados.com\\\/ca\\\/gerard-de-lucas-analitza-el-fenomen-de-les-falsificacions-i-les-plataformes-on-es-comercialitzen-productes-falsificats\\\/#breadcrumb\",\"itemListElement\":[{\"@type\":\"ListItem\",\"position\":1,\"name\":\"Portada\",\"item\":\"https:\\\/\\\/augustaabogados.com\\\/ca\\\/\"},{\"@type\":\"ListItem\",\"position\":2,\"name\":\"Gerard de Lucas analitza el fenomen de les falsificacions i les plataformes on es comercialitzen productes falsificats\"}]},{\"@type\":\"WebSite\",\"@id\":\"https:\\\/\\\/augustaabogados.com\\\/#website\",\"url\":\"https:\\\/\\\/augustaabogados.com\\\/\",\"name\":\"Augusta Abogados\",\"description\":\"\",\"publisher\":{\"@id\":\"https:\\\/\\\/augustaabogados.com\\\/#organization\"},\"potentialAction\":[{\"@type\":\"SearchAction\",\"target\":{\"@type\":\"EntryPoint\",\"urlTemplate\":\"https:\\\/\\\/augustaabogados.com\\\/?s={search_term_string}\"},\"query-input\":{\"@type\":\"PropertyValueSpecification\",\"valueRequired\":true,\"valueName\":\"search_term_string\"}}],\"inLanguage\":\"ca\"},{\"@type\":\"Organization\",\"@id\":\"https:\\\/\\\/augustaabogados.com\\\/#organization\",\"name\":\"Augusta Abogados\",\"url\":\"https:\\\/\\\/augustaabogados.com\\\/\",\"logo\":{\"@type\":\"ImageObject\",\"inLanguage\":\"ca\",\"@id\":\"https:\\\/\\\/augustaabogados.com\\\/#\\\/schema\\\/logo\\\/image\\\/\",\"url\":\"https:\\\/\\\/augustaabogados.com\\\/wp-content\\\/uploads\\\/2023\\\/11\\\/LOGO-AUGUSTA.svg\",\"contentUrl\":\"https:\\\/\\\/augustaabogados.com\\\/wp-content\\\/uploads\\\/2023\\\/11\\\/LOGO-AUGUSTA.svg\",\"caption\":\"Augusta Abogados\"},\"image\":{\"@id\":\"https:\\\/\\\/augustaabogados.com\\\/#\\\/schema\\\/logo\\\/image\\\/\"}},{\"@type\":\"Person\",\"@id\":\"https:\\\/\\\/augustaabogados.com\\\/#\\\/schema\\\/person\\\/8c5e230eb6ed47cdd14ee188eb04a753\",\"name\":\"Augusta Abogados\",\"image\":{\"@type\":\"ImageObject\",\"inLanguage\":\"ca\",\"@id\":\"https:\\\/\\\/secure.gravatar.com\\\/avatar\\\/09e6ceb5fccff542915602bda752518fa959b0df2d103d929aefa74c2909a4bc?s=96&d=mm&r=g\",\"url\":\"https:\\\/\\\/secure.gravatar.com\\\/avatar\\\/09e6ceb5fccff542915602bda752518fa959b0df2d103d929aefa74c2909a4bc?s=96&d=mm&r=g\",\"contentUrl\":\"https:\\\/\\\/secure.gravatar.com\\\/avatar\\\/09e6ceb5fccff542915602bda752518fa959b0df2d103d929aefa74c2909a4bc?s=96&d=mm&r=g\",\"caption\":\"Augusta Abogados\"}}]}<\/script>\n<!-- \/ Yoast SEO plugin. -->","yoast_head_json":{"title":"Gerard de Lucas analitza el fenomen de les falsificacions i les plataformes on es comercialitzen productes falsificats - Augusta Abogados","robots":{"index":"index","follow":"follow","max-snippet":"max-snippet:-1","max-image-preview":"max-image-preview:large","max-video-preview":"max-video-preview:-1"},"canonical":"https:\/\/augustaabogados.com\/ca\/gerard-de-lucas-analitza-el-fenomen-de-les-falsificacions-i-les-plataformes-on-es-comercialitzen-productes-falsificats\/","og_locale":"ca_ES","og_type":"article","og_title":"Gerard de Lucas analitza el fenomen de les falsificacions i les plataformes on es comercialitzen productes falsificats - Augusta Abogados","og_description":"Gerard de Lucas analitza el fenomen de les falsificacions i les plataformes on es comercialitzen productes falsificats, analitzant les responsabilitats legals que comporta i els mecanismes disponibles per a combatre&#8217;l en &#8216;La Soluci\u00f3&#8217; de Catalunya R\u00e0dio. &nbsp; &nbsp;","og_url":"https:\/\/augustaabogados.com\/ca\/gerard-de-lucas-analitza-el-fenomen-de-les-falsificacions-i-les-plataformes-on-es-comercialitzen-productes-falsificats\/","og_site_name":"Augusta Abogados","article_published_time":"2025-09-16T10:31:40+00:00","article_modified_time":"2025-09-17T10:53:29+00:00","og_image":[{"width":2560,"height":1707,"url":"https:\/\/augustaabogados.com\/wp-content\/uploads\/2025\/09\/iStock-1049318078-scaled.jpg","type":"image\/jpeg"}],"author":"Augusta Abogados","twitter_card":"summary_large_image","twitter_misc":{"Escrit per":"Augusta Abogados","Temps estimat de lectura":"1 minut"},"schema":{"@context":"https:\/\/schema.org","@graph":[{"@type":"Article","@id":"https:\/\/augustaabogados.com\/ca\/gerard-de-lucas-analitza-el-fenomen-de-les-falsificacions-i-les-plataformes-on-es-comercialitzen-productes-falsificats\/#article","isPartOf":{"@id":"https:\/\/augustaabogados.com\/ca\/gerard-de-lucas-analitza-el-fenomen-de-les-falsificacions-i-les-plataformes-on-es-comercialitzen-productes-falsificats\/"},"author":{"name":"Augusta Abogados","@id":"https:\/\/augustaabogados.com\/#\/schema\/person\/8c5e230eb6ed47cdd14ee188eb04a753"},"headline":"Gerard de Lucas analitza el fenomen de les falsificacions i les plataformes on es comercialitzen productes falsificats","datePublished":"2025-09-16T10:31:40+00:00","dateModified":"2025-09-17T10:53:29+00:00","mainEntityOfPage":{"@id":"https:\/\/augustaabogados.com\/ca\/gerard-de-lucas-analitza-el-fenomen-de-les-falsificacions-i-les-plataformes-on-es-comercialitzen-productes-falsificats\/"},"wordCount":57,"publisher":{"@id":"https:\/\/augustaabogados.com\/#organization"},"image":{"@id":"https:\/\/augustaabogados.com\/ca\/gerard-de-lucas-analitza-el-fenomen-de-les-falsificacions-i-les-plataformes-on-es-comercialitzen-productes-falsificats\/#primaryimage"},"thumbnailUrl":"https:\/\/augustaabogados.com\/wp-content\/uploads\/2025\/09\/iStock-1049318078-scaled.jpg","keywords":["2025","combatir","Empresa","entrevista","falsificaci\u00f3n","pirater\u00eda","sanciones","TMT"],"articleSection":["NOT\u00cdCIA"],"inLanguage":"ca"},{"@type":["WebPage","ItemPage"],"@id":"https:\/\/augustaabogados.com\/ca\/gerard-de-lucas-analitza-el-fenomen-de-les-falsificacions-i-les-plataformes-on-es-comercialitzen-productes-falsificats\/","url":"https:\/\/augustaabogados.com\/ca\/gerard-de-lucas-analitza-el-fenomen-de-les-falsificacions-i-les-plataformes-on-es-comercialitzen-productes-falsificats\/","name":"Gerard de Lucas analitza el fenomen de les falsificacions i les plataformes on es comercialitzen productes falsificats - Augusta Abogados","isPartOf":{"@id":"https:\/\/augustaabogados.com\/#website"},"primaryImageOfPage":{"@id":"https:\/\/augustaabogados.com\/ca\/gerard-de-lucas-analitza-el-fenomen-de-les-falsificacions-i-les-plataformes-on-es-comercialitzen-productes-falsificats\/#primaryimage"},"image":{"@id":"https:\/\/augustaabogados.com\/ca\/gerard-de-lucas-analitza-el-fenomen-de-les-falsificacions-i-les-plataformes-on-es-comercialitzen-productes-falsificats\/#primaryimage"},"thumbnailUrl":"https:\/\/augustaabogados.com\/wp-content\/uploads\/2025\/09\/iStock-1049318078-scaled.jpg","datePublished":"2025-09-16T10:31:40+00:00","dateModified":"2025-09-17T10:53:29+00:00","breadcrumb":{"@id":"https:\/\/augustaabogados.com\/ca\/gerard-de-lucas-analitza-el-fenomen-de-les-falsificacions-i-les-plataformes-on-es-comercialitzen-productes-falsificats\/#breadcrumb"},"inLanguage":"ca","potentialAction":[{"@type":"ReadAction","target":["https:\/\/augustaabogados.com\/ca\/gerard-de-lucas-analitza-el-fenomen-de-les-falsificacions-i-les-plataformes-on-es-comercialitzen-productes-falsificats\/"]}]},{"@type":"ImageObject","inLanguage":"ca","@id":"https:\/\/augustaabogados.com\/ca\/gerard-de-lucas-analitza-el-fenomen-de-les-falsificacions-i-les-plataformes-on-es-comercialitzen-productes-falsificats\/#primaryimage","url":"https:\/\/augustaabogados.com\/wp-content\/uploads\/2025\/09\/iStock-1049318078-scaled.jpg","contentUrl":"https:\/\/augustaabogados.com\/wp-content\/uploads\/2025\/09\/iStock-1049318078-scaled.jpg","width":2560,"height":1707,"caption":"Istanbul, Turkey, September 22., 2018: Bunch of fake brand bags at the bazaar"},{"@type":"BreadcrumbList","@id":"https:\/\/augustaabogados.com\/ca\/gerard-de-lucas-analitza-el-fenomen-de-les-falsificacions-i-les-plataformes-on-es-comercialitzen-productes-falsificats\/#breadcrumb","itemListElement":[{"@type":"ListItem","position":1,"name":"Portada","item":"https:\/\/augustaabogados.com\/ca\/"},{"@type":"ListItem","position":2,"name":"Gerard de Lucas analitza el fenomen de les falsificacions i les plataformes on es comercialitzen productes falsificats"}]},{"@type":"WebSite","@id":"https:\/\/augustaabogados.com\/#website","url":"https:\/\/augustaabogados.com\/","name":"Augusta Abogados","description":"","publisher":{"@id":"https:\/\/augustaabogados.com\/#organization"},"potentialAction":[{"@type":"SearchAction","target":{"@type":"EntryPoint","urlTemplate":"https:\/\/augustaabogados.com\/?s={search_term_string}"},"query-input":{"@type":"PropertyValueSpecification","valueRequired":true,"valueName":"search_term_string"}}],"inLanguage":"ca"},{"@type":"Organization","@id":"https:\/\/augustaabogados.com\/#organization","name":"Augusta Abogados","url":"https:\/\/augustaabogados.com\/","logo":{"@type":"ImageObject","inLanguage":"ca","@id":"https:\/\/augustaabogados.com\/#\/schema\/logo\/image\/","url":"https:\/\/augustaabogados.com\/wp-content\/uploads\/2023\/11\/LOGO-AUGUSTA.svg","contentUrl":"https:\/\/augustaabogados.com\/wp-content\/uploads\/2023\/11\/LOGO-AUGUSTA.svg","caption":"Augusta Abogados"},"image":{"@id":"https:\/\/augustaabogados.com\/#\/schema\/logo\/image\/"}},{"@type":"Person","@id":"https:\/\/augustaabogados.com\/#\/schema\/person\/8c5e230eb6ed47cdd14ee188eb04a753","name":"Augusta Abogados","image":{"@type":"ImageObject","inLanguage":"ca","@id":"https:\/\/secure.gravatar.com\/avatar\/09e6ceb5fccff542915602bda752518fa959b0df2d103d929aefa74c2909a4bc?s=96&d=mm&r=g","url":"https:\/\/secure.gravatar.com\/avatar\/09e6ceb5fccff542915602bda752518fa959b0df2d103d929aefa74c2909a4bc?s=96&d=mm&r=g","contentUrl":"https:\/\/secure.gravatar.com\/avatar\/09e6ceb5fccff542915602bda752518fa959b0df2d103d929aefa74c2909a4bc?s=96&d=mm&r=g","caption":"Augusta Abogados"}}]}},"_links":{"self":[{"href":"https:\/\/augustaabogados.com\/ca\/wp-json\/wp\/v2\/posts\/50274","targetHints":{"allow":["GET"]}}],"collection":[{"href":"https:\/\/augustaabogados.com\/ca\/wp-json\/wp\/v2\/posts"}],"about":[{"href":"https:\/\/augustaabogados.com\/ca\/wp-json\/wp\/v2\/types\/post"}],"author":[{"embeddable":true,"href":"https:\/\/augustaabogados.com\/ca\/wp-json\/wp\/v2\/users\/8"}],"replies":[{"embeddable":true,"href":"https:\/\/augustaabogados.com\/ca\/wp-json\/wp\/v2\/comments?post=50274"}],"version-history":[{"count":2,"href":"https:\/\/augustaabogados.com\/ca\/wp-json\/wp\/v2\/posts\/50274\/revisions"}],"predecessor-version":[{"id":50279,"href":"https:\/\/augustaabogados.com\/ca\/wp-json\/wp\/v2\/posts\/50274\/revisions\/50279"}],"wp:featuredmedia":[{"embeddable":true,"href":"https:\/\/augustaabogados.com\/ca\/wp-json\/wp\/v2\/media\/50270"}],"wp:attachment":[{"href":"https:\/\/augustaabogados.com\/ca\/wp-json\/wp\/v2\/media?parent=50274"}],"wp:term":[{"taxonomy":"category","embeddable":true,"href":"https:\/\/augustaabogados.com\/ca\/wp-json\/wp\/v2\/categories?post=50274"},{"taxonomy":"post_tag","embeddable":true,"href":"https:\/\/augustaabogados.com\/ca\/wp-json\/wp\/v2\/tags?post=50274"},{"taxonomy":"servicio-asociado","embeddable":true,"href":"https:\/\/augustaabogados.com\/ca\/wp-json\/wp\/v2\/servicio-asociado?post=50274"}],"curies":[{"name":"wp","href":"https:\/\/api.w.org\/{rel}","templated":true}]}}