{"id":50538,"date":"2025-10-08T15:11:05","date_gmt":"2025-10-08T15:11:05","guid":{"rendered":"https:\/\/augustaabogados.com\/el-musical-sobre-helena-jubany-gerard-de-lucas-opina-sobre-los-derechos-de-propiedad-intelectual-y-de-imagen-post-mortem\/"},"modified":"2025-10-08T15:16:54","modified_gmt":"2025-10-08T15:16:54","slug":"el-musical-sobre-helena-jubany-gerard-de-lucas-opina-sobre-los-derechos-de-propiedad-intelectual-y-de-imagen-post-mortem","status":"publish","type":"post","link":"https:\/\/augustaabogados.com\/ca\/el-musical-sobre-helena-jubany-gerard-de-lucas-opina-sobre-los-derechos-de-propiedad-intelectual-y-de-imagen-post-mortem\/","title":{"rendered":"El musical sobre Helena Jubany: Gerard de Lucas opina sobre els drets de propietat intel\u00b7lectual i d&#8217;imatge post mortem"},"content":{"rendered":"<p>La fam\u00edlia d&#8217;Helena Jubany s&#8217;oposa a un musical sobre ella que s&#8217;estrenar\u00e0 el 26 d&#8217;octubre a El C\u00edrcol de Badalona. <a href=\"https:\/\/augustaabogados.com\/ca\/abogado\/gerard-de-lucas\/\" target=\"_blank\" rel=\"noopener\">Gerard de Lucas<\/a>, director de l&#8217;\u00e0rea de <a href=\"https:\/\/augustaabogados.com\/ca\/serveis\/tecnologia-mitjans-i-telecomunicacions-tmt\/\" target=\"_blank\" rel=\"noopener\">TMT<\/a> en Augusta Abogados, parla sobre els drets de propietat intel\u00b7lectual i d&#8217;imatge d&#8217;Helena Jubany.<\/p>\n","protected":false},"excerpt":{"rendered":"<p>La fam\u00edlia d&#8217;Helena Jubany s&#8217;oposa a un musical sobre ella que s&#8217;estrenar\u00e0 el 26 d&#8217;octubre a El C\u00edrcol de Badalona. Gerard de Lucas, director de l&#8217;\u00e0rea de TMT en Augusta Abogados, parla sobre els drets de propietat intel\u00b7lectual i d&#8217;imatge d&#8217;Helena Jubany.<\/p>\n","protected":false},"author":8,"featured_media":50533,"comment_status":"closed","ping_status":"closed","sticky":false,"template":"","format":"standard","meta":{"content-type":"","site-sidebar-layout":"default","site-content-layout":"","ast-site-content-layout":"default","site-content-style":"default","site-sidebar-style":"default","ast-global-header-display":"","ast-banner-title-visibility":"","ast-main-header-display":"","ast-hfb-above-header-display":"","ast-hfb-below-header-display":"","ast-hfb-mobile-header-display":"","site-post-title":"","ast-breadcrumbs-content":"","ast-featured-img":"","footer-sml-layout":"","ast-disable-related-posts":"","theme-transparent-header-meta":"default","adv-header-id-meta":"","stick-header-meta":"","header-above-stick-meta":"","header-main-stick-meta":"","header-below-stick-meta":"","astra-migrate-meta-layouts":"set","ast-page-background-enabled":"default","ast-page-background-meta":{"desktop":{"background-color":"var(--ast-global-color-4)","background-image":"","background-repeat":"repeat","background-position":"center center","background-size":"auto","background-attachment":"scroll","background-type":"","background-media":"","overlay-type":"","overlay-color":"","overlay-opacity":"","overlay-gradient":""},"tablet":{"background-color":"","background-image":"","background-repeat":"repeat","background-position":"center center","background-size":"auto","background-attachment":"scroll","background-type":"","background-media":"","overlay-type":"","overlay-color":"","overlay-opacity":"","overlay-gradient":""},"mobile":{"background-color":"","background-image":"","background-repeat":"repeat","background-position":"center center","background-size":"auto","background-attachment":"scroll","background-type":"","background-media":"","overlay-type":"","overlay-color":"","overlay-opacity":"","overlay-gradient":""}},"ast-content-background-meta":{"desktop":{"background-color":"var(--ast-global-color-5)","background-image":"","background-repeat":"repeat","background-position":"center center","background-size":"auto","background-attachment":"scroll","background-type":"","background-media":"","overlay-type":"","overlay-color":"","overlay-opacity":"","overlay-gradient":""},"tablet":{"background-color":"var(--ast-global-color-5)","background-image":"","background-repeat":"repeat","background-position":"center center","background-size":"auto","background-attachment":"scroll","background-type":"","background-media":"","overlay-type":"","overlay-color":"","overlay-opacity":"","overlay-gradient":""},"mobile":{"background-color":"var(--ast-global-color-5)","background-image":"","background-repeat":"repeat","background-position":"center center","background-size":"auto","background-attachment":"scroll","background-type":"","background-media":"","overlay-type":"","overlay-color":"","overlay-opacity":"","overlay-gradient":""}},"footnotes":""},"categories":[1898],"tags":[2679,3266,3273,3272,3269,3270,3047,3271,3274],"servicio-asociado":[2148,1973,2152],"class_list":["post-50538","post","type-post","status-publish","format-standard","has-post-thumbnail","hentry","category-noticia-ca","tag-2025-ca","tag-badalona-ca","tag-dret-imatge","tag-dret-intimitat","tag-el-circol-ca","tag-helena-jubany-ca","tag-honor-ca","tag-musical-ca","tag-post-mortem","servicio-asociado-propietat-industrial-i-intellectual","servicio-asociado-proteccio-de-dades-i-entorns-digitals","servicio-asociado-medios-y-telecomunicaciones-tmt-ca"],"acf":[],"yoast_head":"<!-- This site is optimized with the Yoast SEO plugin v27.4 - https:\/\/yoast.com\/product\/yoast-seo-wordpress\/ -->\n<title>El musical sobre Helena Jubany: Gerard de Lucas opina sobre els drets de propietat intel\u00b7lectual i d&#039;imatge post mortem - Augusta Abogados<\/title>\n<meta name=\"robots\" content=\"index, follow, max-snippet:-1, max-image-preview:large, max-video-preview:-1\" \/>\n<link rel=\"canonical\" href=\"https:\/\/augustaabogados.com\/ca\/el-musical-sobre-helena-jubany-gerard-de-lucas-opina-sobre-los-derechos-de-propiedad-intelectual-y-de-imagen-post-mortem\/\" \/>\n<meta property=\"og:locale\" content=\"ca_ES\" \/>\n<meta property=\"og:type\" content=\"article\" \/>\n<meta property=\"og:title\" content=\"El musical sobre Helena Jubany: Gerard de Lucas opina sobre els drets de propietat intel\u00b7lectual i d&#039;imatge post mortem - Augusta Abogados\" \/>\n<meta property=\"og:description\" content=\"La fam\u00edlia d&#8217;Helena Jubany s&#8217;oposa a un musical sobre ella que s&#8217;estrenar\u00e0 el 26 d&#8217;octubre a El C\u00edrcol de Badalona. Gerard de Lucas, director de l&#8217;\u00e0rea de TMT en Augusta Abogados, parla sobre els drets de propietat intel\u00b7lectual i d&#8217;imatge d&#8217;Helena Jubany.\" \/>\n<meta property=\"og:url\" content=\"https:\/\/augustaabogados.com\/ca\/el-musical-sobre-helena-jubany-gerard-de-lucas-opina-sobre-los-derechos-de-propiedad-intelectual-y-de-imagen-post-mortem\/\" \/>\n<meta property=\"og:site_name\" content=\"Augusta Abogados\" \/>\n<meta property=\"article:published_time\" content=\"2025-10-08T15:11:05+00:00\" \/>\n<meta property=\"article:modified_time\" content=\"2025-10-08T15:16:54+00:00\" \/>\n<meta property=\"og:image\" content=\"https:\/\/augustaabogados.com\/wp-content\/uploads\/2025\/10\/Image-Tot-es-mou.jpeg\" \/>\n\t<meta property=\"og:image:width\" content=\"2556\" \/>\n\t<meta property=\"og:image:height\" content=\"1179\" \/>\n\t<meta property=\"og:image:type\" content=\"image\/jpeg\" \/>\n<meta name=\"author\" content=\"Augusta Abogados\" \/>\n<meta name=\"twitter:card\" content=\"summary_large_image\" \/>\n<meta name=\"twitter:label1\" content=\"Escrit per\" \/>\n\t<meta name=\"twitter:data1\" content=\"Augusta Abogados\" \/>\n\t<meta name=\"twitter:label2\" content=\"Temps estimat de lectura\" \/>\n\t<meta name=\"twitter:data2\" content=\"1 minut\" \/>\n<script type=\"application\/ld+json\" class=\"yoast-schema-graph\">{\"@context\":\"https:\\\/\\\/schema.org\",\"@graph\":[{\"@type\":\"Article\",\"@id\":\"https:\\\/\\\/augustaabogados.com\\\/ca\\\/el-musical-sobre-helena-jubany-gerard-de-lucas-opina-sobre-los-derechos-de-propiedad-intelectual-y-de-imagen-post-mortem\\\/#article\",\"isPartOf\":{\"@id\":\"https:\\\/\\\/augustaabogados.com\\\/ca\\\/el-musical-sobre-helena-jubany-gerard-de-lucas-opina-sobre-los-derechos-de-propiedad-intelectual-y-de-imagen-post-mortem\\\/\"},\"author\":{\"name\":\"Augusta Abogados\",\"@id\":\"https:\\\/\\\/augustaabogados.com\\\/#\\\/schema\\\/person\\\/8c5e230eb6ed47cdd14ee188eb04a753\"},\"headline\":\"El musical sobre Helena Jubany: Gerard de Lucas opina sobre els drets de propietat intel\u00b7lectual i d&#8217;imatge post mortem\",\"datePublished\":\"2025-10-08T15:11:05+00:00\",\"dateModified\":\"2025-10-08T15:16:54+00:00\",\"mainEntityOfPage\":{\"@id\":\"https:\\\/\\\/augustaabogados.com\\\/ca\\\/el-musical-sobre-helena-jubany-gerard-de-lucas-opina-sobre-los-derechos-de-propiedad-intelectual-y-de-imagen-post-mortem\\\/\"},\"wordCount\":72,\"publisher\":{\"@id\":\"https:\\\/\\\/augustaabogados.com\\\/#organization\"},\"image\":{\"@id\":\"https:\\\/\\\/augustaabogados.com\\\/ca\\\/el-musical-sobre-helena-jubany-gerard-de-lucas-opina-sobre-los-derechos-de-propiedad-intelectual-y-de-imagen-post-mortem\\\/#primaryimage\"},\"thumbnailUrl\":\"https:\\\/\\\/augustaabogados.com\\\/wp-content\\\/uploads\\\/2025\\\/10\\\/Image-Tot-es-mou.jpeg\",\"keywords\":[\"2025\",\"Badalona\",\"dret imatge\",\"dret intimitat\",\"El C\u00edrcol\",\"Helena Jubany\",\"honor\",\"musical\",\"post-mortem\"],\"articleSection\":[\"NOT\u00cdCIA\"],\"inLanguage\":\"ca\"},{\"@type\":[\"WebPage\",\"ItemPage\"],\"@id\":\"https:\\\/\\\/augustaabogados.com\\\/ca\\\/el-musical-sobre-helena-jubany-gerard-de-lucas-opina-sobre-los-derechos-de-propiedad-intelectual-y-de-imagen-post-mortem\\\/\",\"url\":\"https:\\\/\\\/augustaabogados.com\\\/ca\\\/el-musical-sobre-helena-jubany-gerard-de-lucas-opina-sobre-los-derechos-de-propiedad-intelectual-y-de-imagen-post-mortem\\\/\",\"name\":\"El musical sobre Helena Jubany: Gerard de Lucas opina sobre els drets de propietat intel\u00b7lectual i d'imatge post mortem - Augusta Abogados\",\"isPartOf\":{\"@id\":\"https:\\\/\\\/augustaabogados.com\\\/#website\"},\"primaryImageOfPage\":{\"@id\":\"https:\\\/\\\/augustaabogados.com\\\/ca\\\/el-musical-sobre-helena-jubany-gerard-de-lucas-opina-sobre-los-derechos-de-propiedad-intelectual-y-de-imagen-post-mortem\\\/#primaryimage\"},\"image\":{\"@id\":\"https:\\\/\\\/augustaabogados.com\\\/ca\\\/el-musical-sobre-helena-jubany-gerard-de-lucas-opina-sobre-los-derechos-de-propiedad-intelectual-y-de-imagen-post-mortem\\\/#primaryimage\"},\"thumbnailUrl\":\"https:\\\/\\\/augustaabogados.com\\\/wp-content\\\/uploads\\\/2025\\\/10\\\/Image-Tot-es-mou.jpeg\",\"datePublished\":\"2025-10-08T15:11:05+00:00\",\"dateModified\":\"2025-10-08T15:16:54+00:00\",\"breadcrumb\":{\"@id\":\"https:\\\/\\\/augustaabogados.com\\\/ca\\\/el-musical-sobre-helena-jubany-gerard-de-lucas-opina-sobre-los-derechos-de-propiedad-intelectual-y-de-imagen-post-mortem\\\/#breadcrumb\"},\"inLanguage\":\"ca\",\"potentialAction\":[{\"@type\":\"ReadAction\",\"target\":[\"https:\\\/\\\/augustaabogados.com\\\/ca\\\/el-musical-sobre-helena-jubany-gerard-de-lucas-opina-sobre-los-derechos-de-propiedad-intelectual-y-de-imagen-post-mortem\\\/\"]}]},{\"@type\":\"ImageObject\",\"inLanguage\":\"ca\",\"@id\":\"https:\\\/\\\/augustaabogados.com\\\/ca\\\/el-musical-sobre-helena-jubany-gerard-de-lucas-opina-sobre-los-derechos-de-propiedad-intelectual-y-de-imagen-post-mortem\\\/#primaryimage\",\"url\":\"https:\\\/\\\/augustaabogados.com\\\/wp-content\\\/uploads\\\/2025\\\/10\\\/Image-Tot-es-mou.jpeg\",\"contentUrl\":\"https:\\\/\\\/augustaabogados.com\\\/wp-content\\\/uploads\\\/2025\\\/10\\\/Image-Tot-es-mou.jpeg\",\"width\":2556,\"height\":1179},{\"@type\":\"BreadcrumbList\",\"@id\":\"https:\\\/\\\/augustaabogados.com\\\/ca\\\/el-musical-sobre-helena-jubany-gerard-de-lucas-opina-sobre-los-derechos-de-propiedad-intelectual-y-de-imagen-post-mortem\\\/#breadcrumb\",\"itemListElement\":[{\"@type\":\"ListItem\",\"position\":1,\"name\":\"Portada\",\"item\":\"https:\\\/\\\/augustaabogados.com\\\/ca\\\/\"},{\"@type\":\"ListItem\",\"position\":2,\"name\":\"El musical sobre Helena Jubany: Gerard de Lucas opina sobre els drets de propietat intel\u00b7lectual i d&#8217;imatge post mortem\"}]},{\"@type\":\"WebSite\",\"@id\":\"https:\\\/\\\/augustaabogados.com\\\/#website\",\"url\":\"https:\\\/\\\/augustaabogados.com\\\/\",\"name\":\"Augusta Abogados\",\"description\":\"\",\"publisher\":{\"@id\":\"https:\\\/\\\/augustaabogados.com\\\/#organization\"},\"potentialAction\":[{\"@type\":\"SearchAction\",\"target\":{\"@type\":\"EntryPoint\",\"urlTemplate\":\"https:\\\/\\\/augustaabogados.com\\\/?s={search_term_string}\"},\"query-input\":{\"@type\":\"PropertyValueSpecification\",\"valueRequired\":true,\"valueName\":\"search_term_string\"}}],\"inLanguage\":\"ca\"},{\"@type\":\"Organization\",\"@id\":\"https:\\\/\\\/augustaabogados.com\\\/#organization\",\"name\":\"Augusta Abogados\",\"url\":\"https:\\\/\\\/augustaabogados.com\\\/\",\"logo\":{\"@type\":\"ImageObject\",\"inLanguage\":\"ca\",\"@id\":\"https:\\\/\\\/augustaabogados.com\\\/#\\\/schema\\\/logo\\\/image\\\/\",\"url\":\"https:\\\/\\\/augustaabogados.com\\\/wp-content\\\/uploads\\\/2023\\\/11\\\/LOGO-AUGUSTA.svg\",\"contentUrl\":\"https:\\\/\\\/augustaabogados.com\\\/wp-content\\\/uploads\\\/2023\\\/11\\\/LOGO-AUGUSTA.svg\",\"caption\":\"Augusta Abogados\"},\"image\":{\"@id\":\"https:\\\/\\\/augustaabogados.com\\\/#\\\/schema\\\/logo\\\/image\\\/\"}},{\"@type\":\"Person\",\"@id\":\"https:\\\/\\\/augustaabogados.com\\\/#\\\/schema\\\/person\\\/8c5e230eb6ed47cdd14ee188eb04a753\",\"name\":\"Augusta Abogados\",\"image\":{\"@type\":\"ImageObject\",\"inLanguage\":\"ca\",\"@id\":\"https:\\\/\\\/secure.gravatar.com\\\/avatar\\\/09e6ceb5fccff542915602bda752518fa959b0df2d103d929aefa74c2909a4bc?s=96&d=mm&r=g\",\"url\":\"https:\\\/\\\/secure.gravatar.com\\\/avatar\\\/09e6ceb5fccff542915602bda752518fa959b0df2d103d929aefa74c2909a4bc?s=96&d=mm&r=g\",\"contentUrl\":\"https:\\\/\\\/secure.gravatar.com\\\/avatar\\\/09e6ceb5fccff542915602bda752518fa959b0df2d103d929aefa74c2909a4bc?s=96&d=mm&r=g\",\"caption\":\"Augusta Abogados\"}}]}<\/script>\n<!-- \/ Yoast SEO plugin. -->","yoast_head_json":{"title":"El musical sobre Helena Jubany: Gerard de Lucas opina sobre els drets de propietat intel\u00b7lectual i d'imatge post mortem - Augusta Abogados","robots":{"index":"index","follow":"follow","max-snippet":"max-snippet:-1","max-image-preview":"max-image-preview:large","max-video-preview":"max-video-preview:-1"},"canonical":"https:\/\/augustaabogados.com\/ca\/el-musical-sobre-helena-jubany-gerard-de-lucas-opina-sobre-los-derechos-de-propiedad-intelectual-y-de-imagen-post-mortem\/","og_locale":"ca_ES","og_type":"article","og_title":"El musical sobre Helena Jubany: Gerard de Lucas opina sobre els drets de propietat intel\u00b7lectual i d'imatge post mortem - Augusta Abogados","og_description":"La fam\u00edlia d&#8217;Helena Jubany s&#8217;oposa a un musical sobre ella que s&#8217;estrenar\u00e0 el 26 d&#8217;octubre a El C\u00edrcol de Badalona. Gerard de Lucas, director de l&#8217;\u00e0rea de TMT en Augusta Abogados, parla sobre els drets de propietat intel\u00b7lectual i d&#8217;imatge d&#8217;Helena Jubany.","og_url":"https:\/\/augustaabogados.com\/ca\/el-musical-sobre-helena-jubany-gerard-de-lucas-opina-sobre-los-derechos-de-propiedad-intelectual-y-de-imagen-post-mortem\/","og_site_name":"Augusta Abogados","article_published_time":"2025-10-08T15:11:05+00:00","article_modified_time":"2025-10-08T15:16:54+00:00","og_image":[{"width":2556,"height":1179,"url":"https:\/\/augustaabogados.com\/wp-content\/uploads\/2025\/10\/Image-Tot-es-mou.jpeg","type":"image\/jpeg"}],"author":"Augusta Abogados","twitter_card":"summary_large_image","twitter_misc":{"Escrit per":"Augusta Abogados","Temps estimat de lectura":"1 minut"},"schema":{"@context":"https:\/\/schema.org","@graph":[{"@type":"Article","@id":"https:\/\/augustaabogados.com\/ca\/el-musical-sobre-helena-jubany-gerard-de-lucas-opina-sobre-los-derechos-de-propiedad-intelectual-y-de-imagen-post-mortem\/#article","isPartOf":{"@id":"https:\/\/augustaabogados.com\/ca\/el-musical-sobre-helena-jubany-gerard-de-lucas-opina-sobre-los-derechos-de-propiedad-intelectual-y-de-imagen-post-mortem\/"},"author":{"name":"Augusta Abogados","@id":"https:\/\/augustaabogados.com\/#\/schema\/person\/8c5e230eb6ed47cdd14ee188eb04a753"},"headline":"El musical sobre Helena Jubany: Gerard de Lucas opina sobre els drets de propietat intel\u00b7lectual i d&#8217;imatge post mortem","datePublished":"2025-10-08T15:11:05+00:00","dateModified":"2025-10-08T15:16:54+00:00","mainEntityOfPage":{"@id":"https:\/\/augustaabogados.com\/ca\/el-musical-sobre-helena-jubany-gerard-de-lucas-opina-sobre-los-derechos-de-propiedad-intelectual-y-de-imagen-post-mortem\/"},"wordCount":72,"publisher":{"@id":"https:\/\/augustaabogados.com\/#organization"},"image":{"@id":"https:\/\/augustaabogados.com\/ca\/el-musical-sobre-helena-jubany-gerard-de-lucas-opina-sobre-los-derechos-de-propiedad-intelectual-y-de-imagen-post-mortem\/#primaryimage"},"thumbnailUrl":"https:\/\/augustaabogados.com\/wp-content\/uploads\/2025\/10\/Image-Tot-es-mou.jpeg","keywords":["2025","Badalona","dret imatge","dret intimitat","El C\u00edrcol","Helena Jubany","honor","musical","post-mortem"],"articleSection":["NOT\u00cdCIA"],"inLanguage":"ca"},{"@type":["WebPage","ItemPage"],"@id":"https:\/\/augustaabogados.com\/ca\/el-musical-sobre-helena-jubany-gerard-de-lucas-opina-sobre-los-derechos-de-propiedad-intelectual-y-de-imagen-post-mortem\/","url":"https:\/\/augustaabogados.com\/ca\/el-musical-sobre-helena-jubany-gerard-de-lucas-opina-sobre-los-derechos-de-propiedad-intelectual-y-de-imagen-post-mortem\/","name":"El musical sobre Helena Jubany: Gerard de Lucas opina sobre els drets de propietat intel\u00b7lectual i d'imatge post mortem - Augusta Abogados","isPartOf":{"@id":"https:\/\/augustaabogados.com\/#website"},"primaryImageOfPage":{"@id":"https:\/\/augustaabogados.com\/ca\/el-musical-sobre-helena-jubany-gerard-de-lucas-opina-sobre-los-derechos-de-propiedad-intelectual-y-de-imagen-post-mortem\/#primaryimage"},"image":{"@id":"https:\/\/augustaabogados.com\/ca\/el-musical-sobre-helena-jubany-gerard-de-lucas-opina-sobre-los-derechos-de-propiedad-intelectual-y-de-imagen-post-mortem\/#primaryimage"},"thumbnailUrl":"https:\/\/augustaabogados.com\/wp-content\/uploads\/2025\/10\/Image-Tot-es-mou.jpeg","datePublished":"2025-10-08T15:11:05+00:00","dateModified":"2025-10-08T15:16:54+00:00","breadcrumb":{"@id":"https:\/\/augustaabogados.com\/ca\/el-musical-sobre-helena-jubany-gerard-de-lucas-opina-sobre-los-derechos-de-propiedad-intelectual-y-de-imagen-post-mortem\/#breadcrumb"},"inLanguage":"ca","potentialAction":[{"@type":"ReadAction","target":["https:\/\/augustaabogados.com\/ca\/el-musical-sobre-helena-jubany-gerard-de-lucas-opina-sobre-los-derechos-de-propiedad-intelectual-y-de-imagen-post-mortem\/"]}]},{"@type":"ImageObject","inLanguage":"ca","@id":"https:\/\/augustaabogados.com\/ca\/el-musical-sobre-helena-jubany-gerard-de-lucas-opina-sobre-los-derechos-de-propiedad-intelectual-y-de-imagen-post-mortem\/#primaryimage","url":"https:\/\/augustaabogados.com\/wp-content\/uploads\/2025\/10\/Image-Tot-es-mou.jpeg","contentUrl":"https:\/\/augustaabogados.com\/wp-content\/uploads\/2025\/10\/Image-Tot-es-mou.jpeg","width":2556,"height":1179},{"@type":"BreadcrumbList","@id":"https:\/\/augustaabogados.com\/ca\/el-musical-sobre-helena-jubany-gerard-de-lucas-opina-sobre-los-derechos-de-propiedad-intelectual-y-de-imagen-post-mortem\/#breadcrumb","itemListElement":[{"@type":"ListItem","position":1,"name":"Portada","item":"https:\/\/augustaabogados.com\/ca\/"},{"@type":"ListItem","position":2,"name":"El musical sobre Helena Jubany: Gerard de Lucas opina sobre els drets de propietat intel\u00b7lectual i d&#8217;imatge post mortem"}]},{"@type":"WebSite","@id":"https:\/\/augustaabogados.com\/#website","url":"https:\/\/augustaabogados.com\/","name":"Augusta Abogados","description":"","publisher":{"@id":"https:\/\/augustaabogados.com\/#organization"},"potentialAction":[{"@type":"SearchAction","target":{"@type":"EntryPoint","urlTemplate":"https:\/\/augustaabogados.com\/?s={search_term_string}"},"query-input":{"@type":"PropertyValueSpecification","valueRequired":true,"valueName":"search_term_string"}}],"inLanguage":"ca"},{"@type":"Organization","@id":"https:\/\/augustaabogados.com\/#organization","name":"Augusta Abogados","url":"https:\/\/augustaabogados.com\/","logo":{"@type":"ImageObject","inLanguage":"ca","@id":"https:\/\/augustaabogados.com\/#\/schema\/logo\/image\/","url":"https:\/\/augustaabogados.com\/wp-content\/uploads\/2023\/11\/LOGO-AUGUSTA.svg","contentUrl":"https:\/\/augustaabogados.com\/wp-content\/uploads\/2023\/11\/LOGO-AUGUSTA.svg","caption":"Augusta Abogados"},"image":{"@id":"https:\/\/augustaabogados.com\/#\/schema\/logo\/image\/"}},{"@type":"Person","@id":"https:\/\/augustaabogados.com\/#\/schema\/person\/8c5e230eb6ed47cdd14ee188eb04a753","name":"Augusta Abogados","image":{"@type":"ImageObject","inLanguage":"ca","@id":"https:\/\/secure.gravatar.com\/avatar\/09e6ceb5fccff542915602bda752518fa959b0df2d103d929aefa74c2909a4bc?s=96&d=mm&r=g","url":"https:\/\/secure.gravatar.com\/avatar\/09e6ceb5fccff542915602bda752518fa959b0df2d103d929aefa74c2909a4bc?s=96&d=mm&r=g","contentUrl":"https:\/\/secure.gravatar.com\/avatar\/09e6ceb5fccff542915602bda752518fa959b0df2d103d929aefa74c2909a4bc?s=96&d=mm&r=g","caption":"Augusta Abogados"}}]}},"_links":{"self":[{"href":"https:\/\/augustaabogados.com\/ca\/wp-json\/wp\/v2\/posts\/50538","targetHints":{"allow":["GET"]}}],"collection":[{"href":"https:\/\/augustaabogados.com\/ca\/wp-json\/wp\/v2\/posts"}],"about":[{"href":"https:\/\/augustaabogados.com\/ca\/wp-json\/wp\/v2\/types\/post"}],"author":[{"embeddable":true,"href":"https:\/\/augustaabogados.com\/ca\/wp-json\/wp\/v2\/users\/8"}],"replies":[{"embeddable":true,"href":"https:\/\/augustaabogados.com\/ca\/wp-json\/wp\/v2\/comments?post=50538"}],"version-history":[{"count":3,"href":"https:\/\/augustaabogados.com\/ca\/wp-json\/wp\/v2\/posts\/50538\/revisions"}],"predecessor-version":[{"id":50541,"href":"https:\/\/augustaabogados.com\/ca\/wp-json\/wp\/v2\/posts\/50538\/revisions\/50541"}],"wp:featuredmedia":[{"embeddable":true,"href":"https:\/\/augustaabogados.com\/ca\/wp-json\/wp\/v2\/media\/50533"}],"wp:attachment":[{"href":"https:\/\/augustaabogados.com\/ca\/wp-json\/wp\/v2\/media?parent=50538"}],"wp:term":[{"taxonomy":"category","embeddable":true,"href":"https:\/\/augustaabogados.com\/ca\/wp-json\/wp\/v2\/categories?post=50538"},{"taxonomy":"post_tag","embeddable":true,"href":"https:\/\/augustaabogados.com\/ca\/wp-json\/wp\/v2\/tags?post=50538"},{"taxonomy":"servicio-asociado","embeddable":true,"href":"https:\/\/augustaabogados.com\/ca\/wp-json\/wp\/v2\/servicio-asociado?post=50538"}],"curies":[{"name":"wp","href":"https:\/\/api.w.org\/{rel}","templated":true}]}}