{"id":50601,"date":"2025-10-16T08:12:33","date_gmt":"2025-10-16T08:12:33","guid":{"rendered":"https:\/\/augustaabogados.com\/?p=50601"},"modified":"2025-10-16T08:44:18","modified_gmt":"2025-10-16T08:44:18","slug":"jordi-garcia-apujar-les-quotes-dels-autonoms-pot-fer-que-sacabi-cotitzant-menys","status":"publish","type":"post","link":"https:\/\/augustaabogados.com\/ca\/jordi-garcia-apujar-les-quotes-dels-autonoms-pot-fer-que-sacabi-cotitzant-menys\/","title":{"rendered":"Jordi Garcia: &#8220;Apujar les quotes dels aut\u00f2noms pot fer que s&#8217;acabi cotitzant menys&#8221;"},"content":{"rendered":"<p><img fetchpriority=\"high\" decoding=\"async\" class=\"size-medium wp-image-8753 alignleft\" src=\"https:\/\/augustaabogados.com\/wp-content\/uploads\/2023\/12\/Jordi-Garcia-Vinas-copia-242x300.png\" alt=\"\" width=\"242\" height=\"300\" srcset=\"https:\/\/augustaabogados.com\/wp-content\/uploads\/2023\/12\/Jordi-Garcia-Vinas-copia-242x300.png 242w, https:\/\/augustaabogados.com\/wp-content\/uploads\/2023\/12\/Jordi-Garcia-Vinas-copia.png 431w\" sizes=\"(max-width: 242px) 100vw, 242px\" \/>El govern espanyol va posar aquest dilluns sobre la taula una primera proposta de\u00a0<a href=\"https:\/\/www.ara.cat\/economia\/seguretat-social-llanca-primera-proposta-quotes-d-autonoms-2026_1_5527531.html\" data-mrf-link=\"https:\/\/www.ara.cat\/economia\/seguretat-social-llanca-primera-proposta-quotes-d-autonoms-2026_1_5527531.html\">les quotes que hauran de pagar els treballadors aut\u00f2noms<\/a>\u00a0els pr\u00f2xims tres anys. El plantejament del ministeri de la Seguretat Social \u00e9s que les quotes dels que cotitzen per la base m\u00ednima creixin entre 17,37 i 206,24 euros al mes l&#8217;any 2026, un increment que ja han rebutjat les organitzacions que representen el col\u00b7lectiu. A l&#8217;ARA en parlem amb Jordi Garcia, catedr\u00e0tic de dret laboral de la Universitat de Barcelona (UB).<\/p>\n<p class=\"question\">Qu\u00e8 li sembla la proposta del govern espanyol?<\/p>\n<p class=\"answer\">\u2014 T\u00e9 poc sentit apujar un cost en un moment delicat en l&#8217;\u00e0mbit econ\u00f2mic com el que vivim. Tot i que l&#8217;economia continua creixent, tamb\u00e9 hi ha imatges d&#8217;un cert alentiment, i una difer\u00e8ncia entre la macroeconomia i la microeconomia. I la microeconomia no s\u00f3n nom\u00e9s les fam\u00edlies, sin\u00f3 tamb\u00e9 les petites empreses i els aut\u00f2noms. En aquests moments, un increment del cost per als aut\u00f2noms no \u00e9s el m\u00e9s adient. No \u00e9s bon moment per apujar els impostos, i la cotitzaci\u00f3 dels aut\u00f2noms \u00e9s un impost m\u00e9s.<\/p>\n<div class=\"advertising banner content\">\n<div class=\"ssmas-ad advertising-wrapper\" data-ad-position=\"\/21675759561\/ara2020\/Content1\">\n<div id=\"ssm_container-374192831\" class=\"ssm_adunit_container aU-9014\" data-async=\"true\" data-loaded=\"true\" data-google-query-id=\"CO6X_vSgqJADFUtQHQkd-kwcKg\">\n<div><\/div>\n<div id=\"google_ads_iframe_\/21675759561\/ara2020\/Content1_0__container__\"><span style=\"font-size: 16px;\">\u00bfLes quotes plantejades s\u00f3n equiparables a les que es paguen en pa\u00efsos de l&#8217;entorn?<\/span><\/div>\n<\/div>\n<\/div>\n<\/div>\n<p class=\"answer\">\u2014 Els sistemes s\u00f3n molt diferents i \u00e9s dif\u00edcil fer comparacions. Hi ha alguns pa\u00efsos europeus en els quals el r\u00e8gim d&#8217;aut\u00f2noms \u00e9s voluntari, mentre que en molts altres \u00e9s obligatori. Hi ha poca comparaci\u00f3 a fer perqu\u00e8 no hi ha homogene\u00eftat.<\/p>\n<div class=\"advertising banner content\">\n<div class=\"ssmas-ad advertising-wrapper\" data-ad-position=\"\/21675759561\/ara2020\/Content2\">\n<div id=\"ssm_container-396222423\" class=\"ssm_adunit_container aU-9013\" data-google-query-id=\"CKi55fOfqJADFRtSpAQd2L47bw\">\n<div id=\"google_ads_iframe_\/21675759561\/ara2020\/Content2_0__container__\"><\/div>\n<\/div>\n<\/div>\n<\/div>\n<p class=\"question\">\u00bfCom s&#8217;explica que els aut\u00f2noms que cobrin menys de 670 euros al mes hagin de pagar 217 euros de quota el 2026?<\/p>\n<p class=\"answer\">\u2014 Un dels problemes del sistema \u00e9s que sempre s&#8217;ha basat en el fet que tothom feia trampes. Es dona per fet que el treballador, que \u00e9s qui marca la seva facturaci\u00f3, no cobrar\u00e0 600 euros, sin\u00f3 que cobrar\u00e0 m\u00e9s. La Seguretat Social marca un m\u00ednim a partir del qual tothom ha de pagar, i a partir d&#8217;aqu\u00ed es calcula el cost per si el treballador utilitza alguna prestaci\u00f3.<\/p>\n<div class=\"advertising banner content\">\n<div class=\"ssmas-ad advertising-wrapper\" data-ad-position=\"\/21675759561\/ara2020\/Content3\">\n<div id=\"ssm_container-174198638\" class=\"ssm_adunit_container aU-9018\" data-google-query-id=\"CLP65fOfqJADFYaaJwIdf7cFSA\">\n<div id=\"google_ads_iframe_\/21675759561\/ara2020\/Content3_0__container__\"><\/div>\n<\/div>\n<\/div>\n<\/div>\n<p class=\"question\">Quin \u00e9s l&#8217;objectiu del ministeri?<\/p>\n<p class=\"answer\">\u2014 Que els aut\u00f2noms paguin m\u00e9s perqu\u00e8 el sistema de la Seguretat Social t\u00e9 un problema econ\u00f2mic molt important. El cost en pensions est\u00e0 avui en 12.000 milions d&#8217;euros cada mes i el sistema es paga amb cotitzacions, tant de treballadors assalariats com d&#8217;aut\u00f2noms. El que falta ha de sortir d&#8217;un altre lloc, de manera que cada vegada es paga m\u00e9s.<\/p>\n<div class=\"advertising banner content\">\n<div class=\"ssmas-ad advertising-wrapper\" data-ad-position=\"\/21675759561\/ara2020\/Content4\">\n<div id=\"ssm_container-786277473\" class=\"ssm_adunit_container aU-9019\" data-google-query-id=\"CNmD5_OfqJADFRlZpAQdNzQMsA\">\n<div id=\"google_ads_iframe_\/21675759561\/ara2020\/Content4_0__container__\"><\/div>\n<\/div>\n<\/div>\n<\/div>\n<p class=\"question\">\u00bfI creu que \u00e9s un pas cap a la sostenibilitat de l&#8217;atur i les pensions dels aut\u00f2noms?<\/p>\n<p class=\"answer\">\u2014 No, i et diria que fins i tot el contrari. Apujar les quotes pot fer que hi hagi persones que no vulguin dedicar-se a fer d&#8217;aut\u00f2noms i, per tant, s&#8217;acabi cotitzant menys. El sistema de pensions espanyol, i el de tots els pa\u00efsos de la UE, ha de ser replantejat. I fins ara no s&#8217;ha trobat la soluci\u00f3 m\u00e0gica.<\/p>\n","protected":false},"excerpt":{"rendered":"<p>El govern espanyol va posar aquest dilluns sobre la taula una primera proposta de\u00a0les quotes que hauran de pagar els treballadors aut\u00f2noms\u00a0els pr\u00f2xims tres anys. El plantejament del ministeri de la Seguretat Social \u00e9s que les quotes dels que cotitzen per la base m\u00ednima creixin entre 17,37 i 206,24 euros al mes l&#8217;any 2026, un [&hellip;]<\/p>\n","protected":false},"author":8,"featured_media":50602,"comment_status":"closed","ping_status":"closed","sticky":false,"template":"","format":"standard","meta":{"content-type":"","site-sidebar-layout":"default","site-content-layout":"","ast-site-content-layout":"default","site-content-style":"default","site-sidebar-style":"default","ast-global-header-display":"","ast-banner-title-visibility":"","ast-main-header-display":"","ast-hfb-above-header-display":"","ast-hfb-below-header-display":"","ast-hfb-mobile-header-display":"","site-post-title":"","ast-breadcrumbs-content":"","ast-featured-img":"","footer-sml-layout":"","ast-disable-related-posts":"","theme-transparent-header-meta":"default","adv-header-id-meta":"","stick-header-meta":"","header-above-stick-meta":"","header-main-stick-meta":"","header-below-stick-meta":"","astra-migrate-meta-layouts":"set","ast-page-background-enabled":"default","ast-page-background-meta":{"desktop":{"background-color":"var(--ast-global-color-4)","background-image":"","background-repeat":"repeat","background-position":"center center","background-size":"auto","background-attachment":"scroll","background-type":"","background-media":"","overlay-type":"","overlay-color":"","overlay-opacity":"","overlay-gradient":""},"tablet":{"background-color":"","background-image":"","background-repeat":"repeat","background-position":"center center","background-size":"auto","background-attachment":"scroll","background-type":"","background-media":"","overlay-type":"","overlay-color":"","overlay-opacity":"","overlay-gradient":""},"mobile":{"background-color":"","background-image":"","background-repeat":"repeat","background-position":"center center","background-size":"auto","background-attachment":"scroll","background-type":"","background-media":"","overlay-type":"","overlay-color":"","overlay-opacity":"","overlay-gradient":""}},"ast-content-background-meta":{"desktop":{"background-color":"var(--ast-global-color-5)","background-image":"","background-repeat":"repeat","background-position":"center center","background-size":"auto","background-attachment":"scroll","background-type":"","background-media":"","overlay-type":"","overlay-color":"","overlay-opacity":"","overlay-gradient":""},"tablet":{"background-color":"var(--ast-global-color-5)","background-image":"","background-repeat":"repeat","background-position":"center center","background-size":"auto","background-attachment":"scroll","background-type":"","background-media":"","overlay-type":"","overlay-color":"","overlay-opacity":"","overlay-gradient":""},"mobile":{"background-color":"var(--ast-global-color-5)","background-image":"","background-repeat":"repeat","background-position":"center center","background-size":"auto","background-attachment":"scroll","background-type":"","background-media":"","overlay-type":"","overlay-color":"","overlay-opacity":"","overlay-gradient":""}},"footnotes":""},"categories":[1898],"tags":[2679,3294,2032,2650,3292,2356,3293,3295],"servicio-asociado":[1858],"class_list":["post-50601","post","type-post","status-publish","format-standard","has-post-thumbnail","hentry","category-noticia-ca","tag-2025-ca","tag-autonoms","tag-empresa-ca","tag-entrevista-ca","tag-jordi-garcia-vina","tag-laboral-ca","tag-ministeri","tag-quota","servicio-asociado-laboral-ca"],"acf":[],"yoast_head":"<!-- This site is optimized with the Yoast SEO plugin v27.4 - https:\/\/yoast.com\/product\/yoast-seo-wordpress\/ -->\n<title>Jordi Garcia: &quot;Apujar les quotes dels aut\u00f2noms pot fer que s&#039;acabi cotitzant menys&quot; - Augusta Abogados<\/title>\n<meta name=\"robots\" content=\"index, follow, max-snippet:-1, max-image-preview:large, max-video-preview:-1\" \/>\n<link rel=\"canonical\" href=\"https:\/\/augustaabogados.com\/jordi-garcia-subir-las-cuotas-de-los-autonomos-puede-hacer-que-se-acabe-cotizando-menos\/\" \/>\n<meta property=\"og:locale\" content=\"ca_ES\" \/>\n<meta property=\"og:type\" content=\"article\" \/>\n<meta property=\"og:title\" content=\"Jordi Garcia: &quot;Apujar les quotes dels aut\u00f2noms pot fer que s&#039;acabi cotitzant menys&quot; - Augusta Abogados\" \/>\n<meta property=\"og:description\" content=\"El govern espanyol va posar aquest dilluns sobre la taula una primera proposta de\u00a0les quotes que hauran de pagar els treballadors aut\u00f2noms\u00a0els pr\u00f2xims tres anys. El plantejament del ministeri de la Seguretat Social \u00e9s que les quotes dels que cotitzen per la base m\u00ednima creixin entre 17,37 i 206,24 euros al mes l&#8217;any 2026, un [&hellip;]\" \/>\n<meta property=\"og:url\" content=\"https:\/\/augustaabogados.com\/jordi-garcia-subir-las-cuotas-de-los-autonomos-puede-hacer-que-se-acabe-cotizando-menos\/\" \/>\n<meta property=\"og:site_name\" content=\"Augusta Abogados\" \/>\n<meta property=\"article:published_time\" content=\"2025-10-16T08:12:33+00:00\" \/>\n<meta property=\"article:modified_time\" content=\"2025-10-16T08:44:18+00:00\" \/>\n<meta property=\"og:image\" content=\"https:\/\/augustaabogados.com\/wp-content\/uploads\/2025\/10\/company-1067978_1280.jpg\" \/>\n\t<meta property=\"og:image:width\" content=\"1280\" \/>\n\t<meta property=\"og:image:height\" content=\"853\" \/>\n\t<meta property=\"og:image:type\" content=\"image\/jpeg\" \/>\n<meta name=\"author\" content=\"Augusta Abogados\" \/>\n<meta name=\"twitter:card\" content=\"summary_large_image\" \/>\n<meta name=\"twitter:label1\" content=\"Escrit per\" \/>\n\t<meta name=\"twitter:data1\" content=\"Augusta Abogados\" \/>\n\t<meta name=\"twitter:label2\" content=\"Temps estimat de lectura\" \/>\n\t<meta name=\"twitter:data2\" content=\"3 minuts\" \/>\n<script type=\"application\/ld+json\" class=\"yoast-schema-graph\">{\"@context\":\"https:\\\/\\\/schema.org\",\"@graph\":[{\"@type\":\"Article\",\"@id\":\"https:\\\/\\\/augustaabogados.com\\\/jordi-garcia-subir-las-cuotas-de-los-autonomos-puede-hacer-que-se-acabe-cotizando-menos\\\/#article\",\"isPartOf\":{\"@id\":\"https:\\\/\\\/augustaabogados.com\\\/jordi-garcia-subir-las-cuotas-de-los-autonomos-puede-hacer-que-se-acabe-cotizando-menos\\\/\"},\"author\":{\"name\":\"Augusta Abogados\",\"@id\":\"https:\\\/\\\/augustaabogados.com\\\/#\\\/schema\\\/person\\\/8c5e230eb6ed47cdd14ee188eb04a753\"},\"headline\":\"Jordi Garcia: &#8220;Apujar les quotes dels aut\u00f2noms pot fer que s&#8217;acabi cotitzant menys&#8221;\",\"datePublished\":\"2025-10-16T08:12:33+00:00\",\"dateModified\":\"2025-10-16T08:44:18+00:00\",\"mainEntityOfPage\":{\"@id\":\"https:\\\/\\\/augustaabogados.com\\\/jordi-garcia-subir-las-cuotas-de-los-autonomos-puede-hacer-que-se-acabe-cotizando-menos\\\/\"},\"wordCount\":526,\"publisher\":{\"@id\":\"https:\\\/\\\/augustaabogados.com\\\/#organization\"},\"image\":{\"@id\":\"https:\\\/\\\/augustaabogados.com\\\/jordi-garcia-subir-las-cuotas-de-los-autonomos-puede-hacer-que-se-acabe-cotizando-menos\\\/#primaryimage\"},\"thumbnailUrl\":\"https:\\\/\\\/augustaabogados.com\\\/wp-content\\\/uploads\\\/2025\\\/10\\\/company-1067978_1280.jpg\",\"keywords\":[\"2025\",\"aut\u00f2noms\",\"Empresa\",\"entrevista\",\"Jordi Garcia Vi\u00f1a\",\"laboral\",\"ministeri\",\"quota\"],\"articleSection\":[\"NOT\u00cdCIA\"],\"inLanguage\":\"ca\"},{\"@type\":[\"WebPage\",\"ItemPage\"],\"@id\":\"https:\\\/\\\/augustaabogados.com\\\/jordi-garcia-subir-las-cuotas-de-los-autonomos-puede-hacer-que-se-acabe-cotizando-menos\\\/\",\"url\":\"https:\\\/\\\/augustaabogados.com\\\/jordi-garcia-subir-las-cuotas-de-los-autonomos-puede-hacer-que-se-acabe-cotizando-menos\\\/\",\"name\":\"Jordi Garcia: \\\"Apujar les quotes dels aut\u00f2noms pot fer que s'acabi cotitzant menys\\\" - Augusta Abogados\",\"isPartOf\":{\"@id\":\"https:\\\/\\\/augustaabogados.com\\\/#website\"},\"primaryImageOfPage\":{\"@id\":\"https:\\\/\\\/augustaabogados.com\\\/jordi-garcia-subir-las-cuotas-de-los-autonomos-puede-hacer-que-se-acabe-cotizando-menos\\\/#primaryimage\"},\"image\":{\"@id\":\"https:\\\/\\\/augustaabogados.com\\\/jordi-garcia-subir-las-cuotas-de-los-autonomos-puede-hacer-que-se-acabe-cotizando-menos\\\/#primaryimage\"},\"thumbnailUrl\":\"https:\\\/\\\/augustaabogados.com\\\/wp-content\\\/uploads\\\/2025\\\/10\\\/company-1067978_1280.jpg\",\"datePublished\":\"2025-10-16T08:12:33+00:00\",\"dateModified\":\"2025-10-16T08:44:18+00:00\",\"breadcrumb\":{\"@id\":\"https:\\\/\\\/augustaabogados.com\\\/jordi-garcia-subir-las-cuotas-de-los-autonomos-puede-hacer-que-se-acabe-cotizando-menos\\\/#breadcrumb\"},\"inLanguage\":\"ca\",\"potentialAction\":[{\"@type\":\"ReadAction\",\"target\":[\"https:\\\/\\\/augustaabogados.com\\\/jordi-garcia-subir-las-cuotas-de-los-autonomos-puede-hacer-que-se-acabe-cotizando-menos\\\/\"]}]},{\"@type\":\"ImageObject\",\"inLanguage\":\"ca\",\"@id\":\"https:\\\/\\\/augustaabogados.com\\\/jordi-garcia-subir-las-cuotas-de-los-autonomos-puede-hacer-que-se-acabe-cotizando-menos\\\/#primaryimage\",\"url\":\"https:\\\/\\\/augustaabogados.com\\\/wp-content\\\/uploads\\\/2025\\\/10\\\/company-1067978_1280.jpg\",\"contentUrl\":\"https:\\\/\\\/augustaabogados.com\\\/wp-content\\\/uploads\\\/2025\\\/10\\\/company-1067978_1280.jpg\",\"width\":1280,\"height\":853},{\"@type\":\"BreadcrumbList\",\"@id\":\"https:\\\/\\\/augustaabogados.com\\\/jordi-garcia-subir-las-cuotas-de-los-autonomos-puede-hacer-que-se-acabe-cotizando-menos\\\/#breadcrumb\",\"itemListElement\":[{\"@type\":\"ListItem\",\"position\":1,\"name\":\"Portada\",\"item\":\"https:\\\/\\\/augustaabogados.com\\\/ca\\\/\"},{\"@type\":\"ListItem\",\"position\":2,\"name\":\"Jordi Garcia: \u00abApujar les quotes dels aut\u00f2noms pot fer que s&#8217;acabi cotitzant menys\u00bb\"}]},{\"@type\":\"WebSite\",\"@id\":\"https:\\\/\\\/augustaabogados.com\\\/#website\",\"url\":\"https:\\\/\\\/augustaabogados.com\\\/\",\"name\":\"Augusta Abogados\",\"description\":\"\",\"publisher\":{\"@id\":\"https:\\\/\\\/augustaabogados.com\\\/#organization\"},\"potentialAction\":[{\"@type\":\"SearchAction\",\"target\":{\"@type\":\"EntryPoint\",\"urlTemplate\":\"https:\\\/\\\/augustaabogados.com\\\/?s={search_term_string}\"},\"query-input\":{\"@type\":\"PropertyValueSpecification\",\"valueRequired\":true,\"valueName\":\"search_term_string\"}}],\"inLanguage\":\"ca\"},{\"@type\":\"Organization\",\"@id\":\"https:\\\/\\\/augustaabogados.com\\\/#organization\",\"name\":\"Augusta Abogados\",\"url\":\"https:\\\/\\\/augustaabogados.com\\\/\",\"logo\":{\"@type\":\"ImageObject\",\"inLanguage\":\"ca\",\"@id\":\"https:\\\/\\\/augustaabogados.com\\\/#\\\/schema\\\/logo\\\/image\\\/\",\"url\":\"https:\\\/\\\/augustaabogados.com\\\/wp-content\\\/uploads\\\/2023\\\/11\\\/LOGO-AUGUSTA.svg\",\"contentUrl\":\"https:\\\/\\\/augustaabogados.com\\\/wp-content\\\/uploads\\\/2023\\\/11\\\/LOGO-AUGUSTA.svg\",\"caption\":\"Augusta Abogados\"},\"image\":{\"@id\":\"https:\\\/\\\/augustaabogados.com\\\/#\\\/schema\\\/logo\\\/image\\\/\"}},{\"@type\":\"Person\",\"@id\":\"https:\\\/\\\/augustaabogados.com\\\/#\\\/schema\\\/person\\\/8c5e230eb6ed47cdd14ee188eb04a753\",\"name\":\"Augusta Abogados\",\"image\":{\"@type\":\"ImageObject\",\"inLanguage\":\"ca\",\"@id\":\"https:\\\/\\\/secure.gravatar.com\\\/avatar\\\/09e6ceb5fccff542915602bda752518fa959b0df2d103d929aefa74c2909a4bc?s=96&d=mm&r=g\",\"url\":\"https:\\\/\\\/secure.gravatar.com\\\/avatar\\\/09e6ceb5fccff542915602bda752518fa959b0df2d103d929aefa74c2909a4bc?s=96&d=mm&r=g\",\"contentUrl\":\"https:\\\/\\\/secure.gravatar.com\\\/avatar\\\/09e6ceb5fccff542915602bda752518fa959b0df2d103d929aefa74c2909a4bc?s=96&d=mm&r=g\",\"caption\":\"Augusta Abogados\"}}]}<\/script>\n<!-- \/ Yoast SEO plugin. -->","yoast_head_json":{"title":"Jordi Garcia: \"Apujar les quotes dels aut\u00f2noms pot fer que s'acabi cotitzant menys\" - Augusta Abogados","robots":{"index":"index","follow":"follow","max-snippet":"max-snippet:-1","max-image-preview":"max-image-preview:large","max-video-preview":"max-video-preview:-1"},"canonical":"https:\/\/augustaabogados.com\/jordi-garcia-subir-las-cuotas-de-los-autonomos-puede-hacer-que-se-acabe-cotizando-menos\/","og_locale":"ca_ES","og_type":"article","og_title":"Jordi Garcia: \"Apujar les quotes dels aut\u00f2noms pot fer que s'acabi cotitzant menys\" - Augusta Abogados","og_description":"El govern espanyol va posar aquest dilluns sobre la taula una primera proposta de\u00a0les quotes que hauran de pagar els treballadors aut\u00f2noms\u00a0els pr\u00f2xims tres anys. El plantejament del ministeri de la Seguretat Social \u00e9s que les quotes dels que cotitzen per la base m\u00ednima creixin entre 17,37 i 206,24 euros al mes l&#8217;any 2026, un [&hellip;]","og_url":"https:\/\/augustaabogados.com\/jordi-garcia-subir-las-cuotas-de-los-autonomos-puede-hacer-que-se-acabe-cotizando-menos\/","og_site_name":"Augusta Abogados","article_published_time":"2025-10-16T08:12:33+00:00","article_modified_time":"2025-10-16T08:44:18+00:00","og_image":[{"width":1280,"height":853,"url":"https:\/\/augustaabogados.com\/wp-content\/uploads\/2025\/10\/company-1067978_1280.jpg","type":"image\/jpeg"}],"author":"Augusta Abogados","twitter_card":"summary_large_image","twitter_misc":{"Escrit per":"Augusta Abogados","Temps estimat de lectura":"3 minuts"},"schema":{"@context":"https:\/\/schema.org","@graph":[{"@type":"Article","@id":"https:\/\/augustaabogados.com\/jordi-garcia-subir-las-cuotas-de-los-autonomos-puede-hacer-que-se-acabe-cotizando-menos\/#article","isPartOf":{"@id":"https:\/\/augustaabogados.com\/jordi-garcia-subir-las-cuotas-de-los-autonomos-puede-hacer-que-se-acabe-cotizando-menos\/"},"author":{"name":"Augusta Abogados","@id":"https:\/\/augustaabogados.com\/#\/schema\/person\/8c5e230eb6ed47cdd14ee188eb04a753"},"headline":"Jordi Garcia: &#8220;Apujar les quotes dels aut\u00f2noms pot fer que s&#8217;acabi cotitzant menys&#8221;","datePublished":"2025-10-16T08:12:33+00:00","dateModified":"2025-10-16T08:44:18+00:00","mainEntityOfPage":{"@id":"https:\/\/augustaabogados.com\/jordi-garcia-subir-las-cuotas-de-los-autonomos-puede-hacer-que-se-acabe-cotizando-menos\/"},"wordCount":526,"publisher":{"@id":"https:\/\/augustaabogados.com\/#organization"},"image":{"@id":"https:\/\/augustaabogados.com\/jordi-garcia-subir-las-cuotas-de-los-autonomos-puede-hacer-que-se-acabe-cotizando-menos\/#primaryimage"},"thumbnailUrl":"https:\/\/augustaabogados.com\/wp-content\/uploads\/2025\/10\/company-1067978_1280.jpg","keywords":["2025","aut\u00f2noms","Empresa","entrevista","Jordi Garcia Vi\u00f1a","laboral","ministeri","quota"],"articleSection":["NOT\u00cdCIA"],"inLanguage":"ca"},{"@type":["WebPage","ItemPage"],"@id":"https:\/\/augustaabogados.com\/jordi-garcia-subir-las-cuotas-de-los-autonomos-puede-hacer-que-se-acabe-cotizando-menos\/","url":"https:\/\/augustaabogados.com\/jordi-garcia-subir-las-cuotas-de-los-autonomos-puede-hacer-que-se-acabe-cotizando-menos\/","name":"Jordi Garcia: \"Apujar les quotes dels aut\u00f2noms pot fer que s'acabi cotitzant menys\" - Augusta Abogados","isPartOf":{"@id":"https:\/\/augustaabogados.com\/#website"},"primaryImageOfPage":{"@id":"https:\/\/augustaabogados.com\/jordi-garcia-subir-las-cuotas-de-los-autonomos-puede-hacer-que-se-acabe-cotizando-menos\/#primaryimage"},"image":{"@id":"https:\/\/augustaabogados.com\/jordi-garcia-subir-las-cuotas-de-los-autonomos-puede-hacer-que-se-acabe-cotizando-menos\/#primaryimage"},"thumbnailUrl":"https:\/\/augustaabogados.com\/wp-content\/uploads\/2025\/10\/company-1067978_1280.jpg","datePublished":"2025-10-16T08:12:33+00:00","dateModified":"2025-10-16T08:44:18+00:00","breadcrumb":{"@id":"https:\/\/augustaabogados.com\/jordi-garcia-subir-las-cuotas-de-los-autonomos-puede-hacer-que-se-acabe-cotizando-menos\/#breadcrumb"},"inLanguage":"ca","potentialAction":[{"@type":"ReadAction","target":["https:\/\/augustaabogados.com\/jordi-garcia-subir-las-cuotas-de-los-autonomos-puede-hacer-que-se-acabe-cotizando-menos\/"]}]},{"@type":"ImageObject","inLanguage":"ca","@id":"https:\/\/augustaabogados.com\/jordi-garcia-subir-las-cuotas-de-los-autonomos-puede-hacer-que-se-acabe-cotizando-menos\/#primaryimage","url":"https:\/\/augustaabogados.com\/wp-content\/uploads\/2025\/10\/company-1067978_1280.jpg","contentUrl":"https:\/\/augustaabogados.com\/wp-content\/uploads\/2025\/10\/company-1067978_1280.jpg","width":1280,"height":853},{"@type":"BreadcrumbList","@id":"https:\/\/augustaabogados.com\/jordi-garcia-subir-las-cuotas-de-los-autonomos-puede-hacer-que-se-acabe-cotizando-menos\/#breadcrumb","itemListElement":[{"@type":"ListItem","position":1,"name":"Portada","item":"https:\/\/augustaabogados.com\/ca\/"},{"@type":"ListItem","position":2,"name":"Jordi Garcia: \u00abApujar les quotes dels aut\u00f2noms pot fer que s&#8217;acabi cotitzant menys\u00bb"}]},{"@type":"WebSite","@id":"https:\/\/augustaabogados.com\/#website","url":"https:\/\/augustaabogados.com\/","name":"Augusta Abogados","description":"","publisher":{"@id":"https:\/\/augustaabogados.com\/#organization"},"potentialAction":[{"@type":"SearchAction","target":{"@type":"EntryPoint","urlTemplate":"https:\/\/augustaabogados.com\/?s={search_term_string}"},"query-input":{"@type":"PropertyValueSpecification","valueRequired":true,"valueName":"search_term_string"}}],"inLanguage":"ca"},{"@type":"Organization","@id":"https:\/\/augustaabogados.com\/#organization","name":"Augusta Abogados","url":"https:\/\/augustaabogados.com\/","logo":{"@type":"ImageObject","inLanguage":"ca","@id":"https:\/\/augustaabogados.com\/#\/schema\/logo\/image\/","url":"https:\/\/augustaabogados.com\/wp-content\/uploads\/2023\/11\/LOGO-AUGUSTA.svg","contentUrl":"https:\/\/augustaabogados.com\/wp-content\/uploads\/2023\/11\/LOGO-AUGUSTA.svg","caption":"Augusta Abogados"},"image":{"@id":"https:\/\/augustaabogados.com\/#\/schema\/logo\/image\/"}},{"@type":"Person","@id":"https:\/\/augustaabogados.com\/#\/schema\/person\/8c5e230eb6ed47cdd14ee188eb04a753","name":"Augusta Abogados","image":{"@type":"ImageObject","inLanguage":"ca","@id":"https:\/\/secure.gravatar.com\/avatar\/09e6ceb5fccff542915602bda752518fa959b0df2d103d929aefa74c2909a4bc?s=96&d=mm&r=g","url":"https:\/\/secure.gravatar.com\/avatar\/09e6ceb5fccff542915602bda752518fa959b0df2d103d929aefa74c2909a4bc?s=96&d=mm&r=g","contentUrl":"https:\/\/secure.gravatar.com\/avatar\/09e6ceb5fccff542915602bda752518fa959b0df2d103d929aefa74c2909a4bc?s=96&d=mm&r=g","caption":"Augusta Abogados"}}]}},"_links":{"self":[{"href":"https:\/\/augustaabogados.com\/ca\/wp-json\/wp\/v2\/posts\/50601","targetHints":{"allow":["GET"]}}],"collection":[{"href":"https:\/\/augustaabogados.com\/ca\/wp-json\/wp\/v2\/posts"}],"about":[{"href":"https:\/\/augustaabogados.com\/ca\/wp-json\/wp\/v2\/types\/post"}],"author":[{"embeddable":true,"href":"https:\/\/augustaabogados.com\/ca\/wp-json\/wp\/v2\/users\/8"}],"replies":[{"embeddable":true,"href":"https:\/\/augustaabogados.com\/ca\/wp-json\/wp\/v2\/comments?post=50601"}],"version-history":[{"count":5,"href":"https:\/\/augustaabogados.com\/ca\/wp-json\/wp\/v2\/posts\/50601\/revisions"}],"predecessor-version":[{"id":50614,"href":"https:\/\/augustaabogados.com\/ca\/wp-json\/wp\/v2\/posts\/50601\/revisions\/50614"}],"wp:featuredmedia":[{"embeddable":true,"href":"https:\/\/augustaabogados.com\/ca\/wp-json\/wp\/v2\/media\/50602"}],"wp:attachment":[{"href":"https:\/\/augustaabogados.com\/ca\/wp-json\/wp\/v2\/media?parent=50601"}],"wp:term":[{"taxonomy":"category","embeddable":true,"href":"https:\/\/augustaabogados.com\/ca\/wp-json\/wp\/v2\/categories?post=50601"},{"taxonomy":"post_tag","embeddable":true,"href":"https:\/\/augustaabogados.com\/ca\/wp-json\/wp\/v2\/tags?post=50601"},{"taxonomy":"servicio-asociado","embeddable":true,"href":"https:\/\/augustaabogados.com\/ca\/wp-json\/wp\/v2\/servicio-asociado?post=50601"}],"curies":[{"name":"wp","href":"https:\/\/api.w.org\/{rel}","templated":true}]}}