{"id":50728,"date":"2025-10-29T14:06:34","date_gmt":"2025-10-29T14:06:34","guid":{"rendered":"https:\/\/augustaabogados.com\/augusta-abogados-y-el-colegio-de-periodistas-de-cataluna-firman-un-acuerdo-de-colaboracion\/"},"modified":"2025-10-29T14:32:54","modified_gmt":"2025-10-29T14:32:54","slug":"augusta-abogados-i-el-col%c2%b7legi-de-periodistes-de-catalunya-signen-un-acord-de-col%c2%b7laboracio","status":"publish","type":"post","link":"https:\/\/augustaabogados.com\/ca\/augusta-abogados-i-el-col%c2%b7legi-de-periodistes-de-catalunya-signen-un-acord-de-col%c2%b7laboracio\/","title":{"rendered":"Augusta Abogados i el Col\u00b7legi de Periodistes de Catalunya signen un acord de col\u00b7laboraci\u00f3"},"content":{"rendered":"<p>El Col\u00b7legi de Periodistes de Catalunya i Augusta Abogados han signat un acord per a oferir assessorament jur\u00eddic a tots els col\u00b7legiats i precol\u00b7legiat. L\u2019acord cobreix \u00e0mbits especialment rellevants per a l\u2019exercici del periodisme i la comunicaci\u00f3 com \u00e9s la\u00a0<strong>protecci\u00f3 de dades i els\u00a0drets d\u2019imatge, intimitat i honor; la propietat intel\u00b7lectual i els drets d\u2019autor.<\/strong><\/p>\n<p>Des d&#8217;Augusta Abogados volem aportar la nostra experi\u00e8ncia en dret digital, mitjans de comunicaci\u00f3 i tecnologia per a donar resposta als reptes legals que afronta el sector en un entorn cada vegada m\u00e9s complex i interconnectat.<\/p>\n<p><a href=\"https:\/\/augustaabogados.com\/ca\/serveis\/tecnologia-mitjans-i-telecomunicacions-tmt\/\" target=\"_blank\" rel=\"noopener\">Per a m\u00e9s informaci\u00f3 sobre l&#8217;equip de TMT d&#8217;Augusta Abogados, fes clic aqu\u00ed<\/a><\/p>\n","protected":false},"excerpt":{"rendered":"<p>El Col\u00b7legi de Periodistes de Catalunya i Augusta Abogados han signat un acord per a oferir assessorament jur\u00eddic a tots els col\u00b7legiats i precol\u00b7legiat. L\u2019acord cobreix \u00e0mbits especialment rellevants per a l\u2019exercici del periodisme i la comunicaci\u00f3 com \u00e9s la\u00a0protecci\u00f3 de dades i els\u00a0drets d\u2019imatge, intimitat i honor; la propietat intel\u00b7lectual i els drets d\u2019autor. [&hellip;]<\/p>\n","protected":false},"author":8,"featured_media":50724,"comment_status":"closed","ping_status":"closed","sticky":false,"template":"","format":"standard","meta":{"content-type":"","site-sidebar-layout":"default","site-content-layout":"","ast-site-content-layout":"default","site-content-style":"default","site-sidebar-style":"default","ast-global-header-display":"","ast-banner-title-visibility":"","ast-main-header-display":"","ast-hfb-above-header-display":"","ast-hfb-below-header-display":"","ast-hfb-mobile-header-display":"","site-post-title":"","ast-breadcrumbs-content":"","ast-featured-img":"","footer-sml-layout":"","ast-disable-related-posts":"","theme-transparent-header-meta":"default","adv-header-id-meta":"","stick-header-meta":"","header-above-stick-meta":"","header-main-stick-meta":"","header-below-stick-meta":"","astra-migrate-meta-layouts":"set","ast-page-background-enabled":"default","ast-page-background-meta":{"desktop":{"background-color":"var(--ast-global-color-4)","background-image":"","background-repeat":"repeat","background-position":"center center","background-size":"auto","background-attachment":"scroll","background-type":"","background-media":"","overlay-type":"","overlay-color":"","overlay-opacity":"","overlay-gradient":""},"tablet":{"background-color":"","background-image":"","background-repeat":"repeat","background-position":"center center","background-size":"auto","background-attachment":"scroll","background-type":"","background-media":"","overlay-type":"","overlay-color":"","overlay-opacity":"","overlay-gradient":""},"mobile":{"background-color":"","background-image":"","background-repeat":"repeat","background-position":"center center","background-size":"auto","background-attachment":"scroll","background-type":"","background-media":"","overlay-type":"","overlay-color":"","overlay-opacity":"","overlay-gradient":""}},"ast-content-background-meta":{"desktop":{"background-color":"var(--ast-global-color-5)","background-image":"","background-repeat":"repeat","background-position":"center center","background-size":"auto","background-attachment":"scroll","background-type":"","background-media":"","overlay-type":"","overlay-color":"","overlay-opacity":"","overlay-gradient":""},"tablet":{"background-color":"var(--ast-global-color-5)","background-image":"","background-repeat":"repeat","background-position":"center center","background-size":"auto","background-attachment":"scroll","background-type":"","background-media":"","overlay-type":"","overlay-color":"","overlay-opacity":"","overlay-gradient":""},"mobile":{"background-color":"var(--ast-global-color-5)","background-image":"","background-repeat":"repeat","background-position":"center center","background-size":"auto","background-attachment":"scroll","background-type":"","background-media":"","overlay-type":"","overlay-color":"","overlay-opacity":"","overlay-gradient":""}},"footnotes":""},"categories":[1895],"tags":[2679,3318,3320,3319,2032,3321,3322,3317,2840],"servicio-asociado":[1977,2148,1973,2152],"class_list":["post-50728","post","type-post","status-publish","format-standard","has-post-thumbnail","hentry","category-nota-propia-comunicat","tag-2025-ca","tag-acord","tag-collaboracio","tag-comunicacio","tag-empresa-ca","tag-juridic","tag-noves-tecnologies","tag-periodistes","tag-tmt-ca","servicio-asociado-ciberseguretat","servicio-asociado-propietat-industrial-i-intellectual","servicio-asociado-proteccio-de-dades-i-entorns-digitals","servicio-asociado-medios-y-telecomunicaciones-tmt-ca"],"acf":[],"yoast_head":"<!-- This site is optimized with the Yoast SEO plugin v27.4 - https:\/\/yoast.com\/product\/yoast-seo-wordpress\/ -->\n<title>Augusta Abogados i el Col\u00b7legi de Periodistes de Catalunya signen un acord de col\u00b7laboraci\u00f3 - Augusta Abogados<\/title>\n<meta name=\"robots\" content=\"index, follow, max-snippet:-1, max-image-preview:large, max-video-preview:-1\" \/>\n<link rel=\"canonical\" href=\"https:\/\/augustaabogados.com\/ca\/augusta-abogados-i-el-col\u00b7legi-de-periodistes-de-catalunya-signen-un-acord-de-col\u00b7laboracio\/\" \/>\n<meta property=\"og:locale\" content=\"ca_ES\" \/>\n<meta property=\"og:type\" content=\"article\" \/>\n<meta property=\"og:title\" content=\"Augusta Abogados i el Col\u00b7legi de Periodistes de Catalunya signen un acord de col\u00b7laboraci\u00f3 - Augusta Abogados\" \/>\n<meta property=\"og:description\" content=\"El Col\u00b7legi de Periodistes de Catalunya i Augusta Abogados han signat un acord per a oferir assessorament jur\u00eddic a tots els col\u00b7legiats i precol\u00b7legiat. L\u2019acord cobreix \u00e0mbits especialment rellevants per a l\u2019exercici del periodisme i la comunicaci\u00f3 com \u00e9s la\u00a0protecci\u00f3 de dades i els\u00a0drets d\u2019imatge, intimitat i honor; la propietat intel\u00b7lectual i els drets d\u2019autor. [&hellip;]\" \/>\n<meta property=\"og:url\" content=\"https:\/\/augustaabogados.com\/ca\/augusta-abogados-i-el-col\u00b7legi-de-periodistes-de-catalunya-signen-un-acord-de-col\u00b7laboracio\/\" \/>\n<meta property=\"og:site_name\" content=\"Augusta Abogados\" \/>\n<meta property=\"article:published_time\" content=\"2025-10-29T14:06:34+00:00\" \/>\n<meta property=\"article:modified_time\" content=\"2025-10-29T14:32:54+00:00\" \/>\n<meta property=\"og:image\" content=\"https:\/\/augustaabogados.com\/wp-content\/uploads\/2025\/10\/news-9377042_1280.jpg\" \/>\n\t<meta property=\"og:image:width\" content=\"1280\" \/>\n\t<meta property=\"og:image:height\" content=\"853\" \/>\n\t<meta property=\"og:image:type\" content=\"image\/jpeg\" \/>\n<meta name=\"author\" content=\"Augusta Abogados\" \/>\n<meta name=\"twitter:card\" content=\"summary_large_image\" \/>\n<meta name=\"twitter:label1\" content=\"Escrit per\" \/>\n\t<meta name=\"twitter:data1\" content=\"Augusta Abogados\" \/>\n\t<meta name=\"twitter:label2\" content=\"Temps estimat de lectura\" \/>\n\t<meta name=\"twitter:data2\" content=\"1 minut\" \/>\n<script type=\"application\/ld+json\" class=\"yoast-schema-graph\">{\"@context\":\"https:\\\/\\\/schema.org\",\"@graph\":[{\"@type\":\"Article\",\"@id\":\"https:\\\/\\\/augustaabogados.com\\\/ca\\\/augusta-abogados-i-el-col%c2%b7legi-de-periodistes-de-catalunya-signen-un-acord-de-col%c2%b7laboracio\\\/#article\",\"isPartOf\":{\"@id\":\"https:\\\/\\\/augustaabogados.com\\\/ca\\\/augusta-abogados-i-el-col%c2%b7legi-de-periodistes-de-catalunya-signen-un-acord-de-col%c2%b7laboracio\\\/\"},\"author\":{\"name\":\"Augusta Abogados\",\"@id\":\"https:\\\/\\\/augustaabogados.com\\\/#\\\/schema\\\/person\\\/8c5e230eb6ed47cdd14ee188eb04a753\"},\"headline\":\"Augusta Abogados i el Col\u00b7legi de Periodistes de Catalunya signen un acord de col\u00b7laboraci\u00f3\",\"datePublished\":\"2025-10-29T14:06:34+00:00\",\"dateModified\":\"2025-10-29T14:32:54+00:00\",\"mainEntityOfPage\":{\"@id\":\"https:\\\/\\\/augustaabogados.com\\\/ca\\\/augusta-abogados-i-el-col%c2%b7legi-de-periodistes-de-catalunya-signen-un-acord-de-col%c2%b7laboracio\\\/\"},\"wordCount\":137,\"publisher\":{\"@id\":\"https:\\\/\\\/augustaabogados.com\\\/#organization\"},\"image\":{\"@id\":\"https:\\\/\\\/augustaabogados.com\\\/ca\\\/augusta-abogados-i-el-col%c2%b7legi-de-periodistes-de-catalunya-signen-un-acord-de-col%c2%b7laboracio\\\/#primaryimage\"},\"thumbnailUrl\":\"https:\\\/\\\/augustaabogados.com\\\/wp-content\\\/uploads\\\/2025\\\/10\\\/news-9377042_1280.jpg\",\"keywords\":[\"2025\",\"acord\",\"col\u00b7laboraci\u00f3\",\"comunicaci\u00f3\",\"Empresa\",\"Jur\u00eddic\",\"noves tecnologies\",\"periodistes\",\"TMT\"],\"articleSection\":[\"NOTA DE PREMSA\"],\"inLanguage\":\"ca\"},{\"@type\":[\"WebPage\",\"ItemPage\"],\"@id\":\"https:\\\/\\\/augustaabogados.com\\\/ca\\\/augusta-abogados-i-el-col%c2%b7legi-de-periodistes-de-catalunya-signen-un-acord-de-col%c2%b7laboracio\\\/\",\"url\":\"https:\\\/\\\/augustaabogados.com\\\/ca\\\/augusta-abogados-i-el-col%c2%b7legi-de-periodistes-de-catalunya-signen-un-acord-de-col%c2%b7laboracio\\\/\",\"name\":\"Augusta Abogados i el Col\u00b7legi de Periodistes de Catalunya signen un acord de col\u00b7laboraci\u00f3 - Augusta Abogados\",\"isPartOf\":{\"@id\":\"https:\\\/\\\/augustaabogados.com\\\/#website\"},\"primaryImageOfPage\":{\"@id\":\"https:\\\/\\\/augustaabogados.com\\\/ca\\\/augusta-abogados-i-el-col%c2%b7legi-de-periodistes-de-catalunya-signen-un-acord-de-col%c2%b7laboracio\\\/#primaryimage\"},\"image\":{\"@id\":\"https:\\\/\\\/augustaabogados.com\\\/ca\\\/augusta-abogados-i-el-col%c2%b7legi-de-periodistes-de-catalunya-signen-un-acord-de-col%c2%b7laboracio\\\/#primaryimage\"},\"thumbnailUrl\":\"https:\\\/\\\/augustaabogados.com\\\/wp-content\\\/uploads\\\/2025\\\/10\\\/news-9377042_1280.jpg\",\"datePublished\":\"2025-10-29T14:06:34+00:00\",\"dateModified\":\"2025-10-29T14:32:54+00:00\",\"breadcrumb\":{\"@id\":\"https:\\\/\\\/augustaabogados.com\\\/ca\\\/augusta-abogados-i-el-col%c2%b7legi-de-periodistes-de-catalunya-signen-un-acord-de-col%c2%b7laboracio\\\/#breadcrumb\"},\"inLanguage\":\"ca\",\"potentialAction\":[{\"@type\":\"ReadAction\",\"target\":[\"https:\\\/\\\/augustaabogados.com\\\/ca\\\/augusta-abogados-i-el-col%c2%b7legi-de-periodistes-de-catalunya-signen-un-acord-de-col%c2%b7laboracio\\\/\"]}]},{\"@type\":\"ImageObject\",\"inLanguage\":\"ca\",\"@id\":\"https:\\\/\\\/augustaabogados.com\\\/ca\\\/augusta-abogados-i-el-col%c2%b7legi-de-periodistes-de-catalunya-signen-un-acord-de-col%c2%b7laboracio\\\/#primaryimage\",\"url\":\"https:\\\/\\\/augustaabogados.com\\\/wp-content\\\/uploads\\\/2025\\\/10\\\/news-9377042_1280.jpg\",\"contentUrl\":\"https:\\\/\\\/augustaabogados.com\\\/wp-content\\\/uploads\\\/2025\\\/10\\\/news-9377042_1280.jpg\",\"width\":1280,\"height\":853},{\"@type\":\"BreadcrumbList\",\"@id\":\"https:\\\/\\\/augustaabogados.com\\\/ca\\\/augusta-abogados-i-el-col%c2%b7legi-de-periodistes-de-catalunya-signen-un-acord-de-col%c2%b7laboracio\\\/#breadcrumb\",\"itemListElement\":[{\"@type\":\"ListItem\",\"position\":1,\"name\":\"Portada\",\"item\":\"https:\\\/\\\/augustaabogados.com\\\/ca\\\/\"},{\"@type\":\"ListItem\",\"position\":2,\"name\":\"Augusta Abogados i el Col\u00b7legi de Periodistes de Catalunya signen un acord de col\u00b7laboraci\u00f3\"}]},{\"@type\":\"WebSite\",\"@id\":\"https:\\\/\\\/augustaabogados.com\\\/#website\",\"url\":\"https:\\\/\\\/augustaabogados.com\\\/\",\"name\":\"Augusta Abogados\",\"description\":\"\",\"publisher\":{\"@id\":\"https:\\\/\\\/augustaabogados.com\\\/#organization\"},\"potentialAction\":[{\"@type\":\"SearchAction\",\"target\":{\"@type\":\"EntryPoint\",\"urlTemplate\":\"https:\\\/\\\/augustaabogados.com\\\/?s={search_term_string}\"},\"query-input\":{\"@type\":\"PropertyValueSpecification\",\"valueRequired\":true,\"valueName\":\"search_term_string\"}}],\"inLanguage\":\"ca\"},{\"@type\":\"Organization\",\"@id\":\"https:\\\/\\\/augustaabogados.com\\\/#organization\",\"name\":\"Augusta Abogados\",\"url\":\"https:\\\/\\\/augustaabogados.com\\\/\",\"logo\":{\"@type\":\"ImageObject\",\"inLanguage\":\"ca\",\"@id\":\"https:\\\/\\\/augustaabogados.com\\\/#\\\/schema\\\/logo\\\/image\\\/\",\"url\":\"https:\\\/\\\/augustaabogados.com\\\/wp-content\\\/uploads\\\/2023\\\/11\\\/LOGO-AUGUSTA.svg\",\"contentUrl\":\"https:\\\/\\\/augustaabogados.com\\\/wp-content\\\/uploads\\\/2023\\\/11\\\/LOGO-AUGUSTA.svg\",\"caption\":\"Augusta Abogados\"},\"image\":{\"@id\":\"https:\\\/\\\/augustaabogados.com\\\/#\\\/schema\\\/logo\\\/image\\\/\"}},{\"@type\":\"Person\",\"@id\":\"https:\\\/\\\/augustaabogados.com\\\/#\\\/schema\\\/person\\\/8c5e230eb6ed47cdd14ee188eb04a753\",\"name\":\"Augusta Abogados\",\"image\":{\"@type\":\"ImageObject\",\"inLanguage\":\"ca\",\"@id\":\"https:\\\/\\\/secure.gravatar.com\\\/avatar\\\/09e6ceb5fccff542915602bda752518fa959b0df2d103d929aefa74c2909a4bc?s=96&d=mm&r=g\",\"url\":\"https:\\\/\\\/secure.gravatar.com\\\/avatar\\\/09e6ceb5fccff542915602bda752518fa959b0df2d103d929aefa74c2909a4bc?s=96&d=mm&r=g\",\"contentUrl\":\"https:\\\/\\\/secure.gravatar.com\\\/avatar\\\/09e6ceb5fccff542915602bda752518fa959b0df2d103d929aefa74c2909a4bc?s=96&d=mm&r=g\",\"caption\":\"Augusta Abogados\"}}]}<\/script>\n<!-- \/ Yoast SEO plugin. -->","yoast_head_json":{"title":"Augusta Abogados i el Col\u00b7legi de Periodistes de Catalunya signen un acord de col\u00b7laboraci\u00f3 - Augusta Abogados","robots":{"index":"index","follow":"follow","max-snippet":"max-snippet:-1","max-image-preview":"max-image-preview:large","max-video-preview":"max-video-preview:-1"},"canonical":"https:\/\/augustaabogados.com\/ca\/augusta-abogados-i-el-col\u00b7legi-de-periodistes-de-catalunya-signen-un-acord-de-col\u00b7laboracio\/","og_locale":"ca_ES","og_type":"article","og_title":"Augusta Abogados i el Col\u00b7legi de Periodistes de Catalunya signen un acord de col\u00b7laboraci\u00f3 - Augusta Abogados","og_description":"El Col\u00b7legi de Periodistes de Catalunya i Augusta Abogados han signat un acord per a oferir assessorament jur\u00eddic a tots els col\u00b7legiats i precol\u00b7legiat. L\u2019acord cobreix \u00e0mbits especialment rellevants per a l\u2019exercici del periodisme i la comunicaci\u00f3 com \u00e9s la\u00a0protecci\u00f3 de dades i els\u00a0drets d\u2019imatge, intimitat i honor; la propietat intel\u00b7lectual i els drets d\u2019autor. [&hellip;]","og_url":"https:\/\/augustaabogados.com\/ca\/augusta-abogados-i-el-col\u00b7legi-de-periodistes-de-catalunya-signen-un-acord-de-col\u00b7laboracio\/","og_site_name":"Augusta Abogados","article_published_time":"2025-10-29T14:06:34+00:00","article_modified_time":"2025-10-29T14:32:54+00:00","og_image":[{"width":1280,"height":853,"url":"https:\/\/augustaabogados.com\/wp-content\/uploads\/2025\/10\/news-9377042_1280.jpg","type":"image\/jpeg"}],"author":"Augusta Abogados","twitter_card":"summary_large_image","twitter_misc":{"Escrit per":"Augusta Abogados","Temps estimat de lectura":"1 minut"},"schema":{"@context":"https:\/\/schema.org","@graph":[{"@type":"Article","@id":"https:\/\/augustaabogados.com\/ca\/augusta-abogados-i-el-col%c2%b7legi-de-periodistes-de-catalunya-signen-un-acord-de-col%c2%b7laboracio\/#article","isPartOf":{"@id":"https:\/\/augustaabogados.com\/ca\/augusta-abogados-i-el-col%c2%b7legi-de-periodistes-de-catalunya-signen-un-acord-de-col%c2%b7laboracio\/"},"author":{"name":"Augusta Abogados","@id":"https:\/\/augustaabogados.com\/#\/schema\/person\/8c5e230eb6ed47cdd14ee188eb04a753"},"headline":"Augusta Abogados i el Col\u00b7legi de Periodistes de Catalunya signen un acord de col\u00b7laboraci\u00f3","datePublished":"2025-10-29T14:06:34+00:00","dateModified":"2025-10-29T14:32:54+00:00","mainEntityOfPage":{"@id":"https:\/\/augustaabogados.com\/ca\/augusta-abogados-i-el-col%c2%b7legi-de-periodistes-de-catalunya-signen-un-acord-de-col%c2%b7laboracio\/"},"wordCount":137,"publisher":{"@id":"https:\/\/augustaabogados.com\/#organization"},"image":{"@id":"https:\/\/augustaabogados.com\/ca\/augusta-abogados-i-el-col%c2%b7legi-de-periodistes-de-catalunya-signen-un-acord-de-col%c2%b7laboracio\/#primaryimage"},"thumbnailUrl":"https:\/\/augustaabogados.com\/wp-content\/uploads\/2025\/10\/news-9377042_1280.jpg","keywords":["2025","acord","col\u00b7laboraci\u00f3","comunicaci\u00f3","Empresa","Jur\u00eddic","noves tecnologies","periodistes","TMT"],"articleSection":["NOTA DE PREMSA"],"inLanguage":"ca"},{"@type":["WebPage","ItemPage"],"@id":"https:\/\/augustaabogados.com\/ca\/augusta-abogados-i-el-col%c2%b7legi-de-periodistes-de-catalunya-signen-un-acord-de-col%c2%b7laboracio\/","url":"https:\/\/augustaabogados.com\/ca\/augusta-abogados-i-el-col%c2%b7legi-de-periodistes-de-catalunya-signen-un-acord-de-col%c2%b7laboracio\/","name":"Augusta Abogados i el Col\u00b7legi de Periodistes de Catalunya signen un acord de col\u00b7laboraci\u00f3 - Augusta Abogados","isPartOf":{"@id":"https:\/\/augustaabogados.com\/#website"},"primaryImageOfPage":{"@id":"https:\/\/augustaabogados.com\/ca\/augusta-abogados-i-el-col%c2%b7legi-de-periodistes-de-catalunya-signen-un-acord-de-col%c2%b7laboracio\/#primaryimage"},"image":{"@id":"https:\/\/augustaabogados.com\/ca\/augusta-abogados-i-el-col%c2%b7legi-de-periodistes-de-catalunya-signen-un-acord-de-col%c2%b7laboracio\/#primaryimage"},"thumbnailUrl":"https:\/\/augustaabogados.com\/wp-content\/uploads\/2025\/10\/news-9377042_1280.jpg","datePublished":"2025-10-29T14:06:34+00:00","dateModified":"2025-10-29T14:32:54+00:00","breadcrumb":{"@id":"https:\/\/augustaabogados.com\/ca\/augusta-abogados-i-el-col%c2%b7legi-de-periodistes-de-catalunya-signen-un-acord-de-col%c2%b7laboracio\/#breadcrumb"},"inLanguage":"ca","potentialAction":[{"@type":"ReadAction","target":["https:\/\/augustaabogados.com\/ca\/augusta-abogados-i-el-col%c2%b7legi-de-periodistes-de-catalunya-signen-un-acord-de-col%c2%b7laboracio\/"]}]},{"@type":"ImageObject","inLanguage":"ca","@id":"https:\/\/augustaabogados.com\/ca\/augusta-abogados-i-el-col%c2%b7legi-de-periodistes-de-catalunya-signen-un-acord-de-col%c2%b7laboracio\/#primaryimage","url":"https:\/\/augustaabogados.com\/wp-content\/uploads\/2025\/10\/news-9377042_1280.jpg","contentUrl":"https:\/\/augustaabogados.com\/wp-content\/uploads\/2025\/10\/news-9377042_1280.jpg","width":1280,"height":853},{"@type":"BreadcrumbList","@id":"https:\/\/augustaabogados.com\/ca\/augusta-abogados-i-el-col%c2%b7legi-de-periodistes-de-catalunya-signen-un-acord-de-col%c2%b7laboracio\/#breadcrumb","itemListElement":[{"@type":"ListItem","position":1,"name":"Portada","item":"https:\/\/augustaabogados.com\/ca\/"},{"@type":"ListItem","position":2,"name":"Augusta Abogados i el Col\u00b7legi de Periodistes de Catalunya signen un acord de col\u00b7laboraci\u00f3"}]},{"@type":"WebSite","@id":"https:\/\/augustaabogados.com\/#website","url":"https:\/\/augustaabogados.com\/","name":"Augusta Abogados","description":"","publisher":{"@id":"https:\/\/augustaabogados.com\/#organization"},"potentialAction":[{"@type":"SearchAction","target":{"@type":"EntryPoint","urlTemplate":"https:\/\/augustaabogados.com\/?s={search_term_string}"},"query-input":{"@type":"PropertyValueSpecification","valueRequired":true,"valueName":"search_term_string"}}],"inLanguage":"ca"},{"@type":"Organization","@id":"https:\/\/augustaabogados.com\/#organization","name":"Augusta Abogados","url":"https:\/\/augustaabogados.com\/","logo":{"@type":"ImageObject","inLanguage":"ca","@id":"https:\/\/augustaabogados.com\/#\/schema\/logo\/image\/","url":"https:\/\/augustaabogados.com\/wp-content\/uploads\/2023\/11\/LOGO-AUGUSTA.svg","contentUrl":"https:\/\/augustaabogados.com\/wp-content\/uploads\/2023\/11\/LOGO-AUGUSTA.svg","caption":"Augusta Abogados"},"image":{"@id":"https:\/\/augustaabogados.com\/#\/schema\/logo\/image\/"}},{"@type":"Person","@id":"https:\/\/augustaabogados.com\/#\/schema\/person\/8c5e230eb6ed47cdd14ee188eb04a753","name":"Augusta Abogados","image":{"@type":"ImageObject","inLanguage":"ca","@id":"https:\/\/secure.gravatar.com\/avatar\/09e6ceb5fccff542915602bda752518fa959b0df2d103d929aefa74c2909a4bc?s=96&d=mm&r=g","url":"https:\/\/secure.gravatar.com\/avatar\/09e6ceb5fccff542915602bda752518fa959b0df2d103d929aefa74c2909a4bc?s=96&d=mm&r=g","contentUrl":"https:\/\/secure.gravatar.com\/avatar\/09e6ceb5fccff542915602bda752518fa959b0df2d103d929aefa74c2909a4bc?s=96&d=mm&r=g","caption":"Augusta Abogados"}}]}},"_links":{"self":[{"href":"https:\/\/augustaabogados.com\/ca\/wp-json\/wp\/v2\/posts\/50728","targetHints":{"allow":["GET"]}}],"collection":[{"href":"https:\/\/augustaabogados.com\/ca\/wp-json\/wp\/v2\/posts"}],"about":[{"href":"https:\/\/augustaabogados.com\/ca\/wp-json\/wp\/v2\/types\/post"}],"author":[{"embeddable":true,"href":"https:\/\/augustaabogados.com\/ca\/wp-json\/wp\/v2\/users\/8"}],"replies":[{"embeddable":true,"href":"https:\/\/augustaabogados.com\/ca\/wp-json\/wp\/v2\/comments?post=50728"}],"version-history":[{"count":5,"href":"https:\/\/augustaabogados.com\/ca\/wp-json\/wp\/v2\/posts\/50728\/revisions"}],"predecessor-version":[{"id":50734,"href":"https:\/\/augustaabogados.com\/ca\/wp-json\/wp\/v2\/posts\/50728\/revisions\/50734"}],"wp:featuredmedia":[{"embeddable":true,"href":"https:\/\/augustaabogados.com\/ca\/wp-json\/wp\/v2\/media\/50724"}],"wp:attachment":[{"href":"https:\/\/augustaabogados.com\/ca\/wp-json\/wp\/v2\/media?parent=50728"}],"wp:term":[{"taxonomy":"category","embeddable":true,"href":"https:\/\/augustaabogados.com\/ca\/wp-json\/wp\/v2\/categories?post=50728"},{"taxonomy":"post_tag","embeddable":true,"href":"https:\/\/augustaabogados.com\/ca\/wp-json\/wp\/v2\/tags?post=50728"},{"taxonomy":"servicio-asociado","embeddable":true,"href":"https:\/\/augustaabogados.com\/ca\/wp-json\/wp\/v2\/servicio-asociado?post=50728"}],"curies":[{"name":"wp","href":"https:\/\/api.w.org\/{rel}","templated":true}]}}