{"id":50822,"date":"2025-11-06T09:10:06","date_gmt":"2025-11-06T09:10:06","guid":{"rendered":"https:\/\/augustaabogados.com\/?p=50822"},"modified":"2025-11-06T09:12:45","modified_gmt":"2025-11-06T09:12:45","slug":"alerta-amb-la-filtracio-del-nou-disc-de-rosalia-compartir-lo-es-delicte-segons-gerard-de-lucas","status":"publish","type":"post","link":"https:\/\/augustaabogados.com\/ca\/alerta-amb-la-filtracio-del-nou-disc-de-rosalia-compartir-lo-es-delicte-segons-gerard-de-lucas\/","title":{"rendered":"Alerta amb la filtraci\u00f3 del nou disc de Rosal\u00eda: compartir-lo \u00e9s delicte segons Gerard de Lucas"},"content":{"rendered":"<p data-start=\"378\" data-end=\"651\">El director de l&#8217;\u00e0rea de <a href=\"https:\/\/augustaabogados.com\/ca\/serveis\/tecnologia-mitjans-i-telecomunicacions-tmt\/\" target=\"_blank\" rel=\"noopener\">TMT<\/a>, <a href=\"https:\/\/augustaabogados.com\/ca\/abogado\/gerard-de-lucas\/\" target=\"_blank\" rel=\"noopener\"><strong data-start=\"396\" data-end=\"415\">Gerard de Lucas<\/strong><\/a>, ha participat al programa <em data-start=\"506\" data-end=\"521\">La Tarda <\/em>de <strong data-start=\"525\" data-end=\"544\">Catalunya R\u00e0dio<\/strong> per parlar de la filtraci\u00f3 del disc de Rosal\u00eda i les seves conseq\u00fc\u00e8ncies, juntament amb els periodistes musicals Josep Martin i Marta Pallar\u00e8s.<\/p>\n","protected":false},"excerpt":{"rendered":"<p>El director de l&#8217;\u00e0rea de TMT, Gerard de Lucas, ha participat al programa La Tarda de Catalunya R\u00e0dio per parlar de la filtraci\u00f3 del disc de Rosal\u00eda i les seves conseq\u00fc\u00e8ncies, juntament amb els periodistes musicals Josep Martin i Marta Pallar\u00e8s.<\/p>\n","protected":false},"author":8,"featured_media":50823,"comment_status":"closed","ping_status":"closed","sticky":false,"template":"","format":"standard","meta":{"content-type":"","site-sidebar-layout":"default","site-content-layout":"","ast-site-content-layout":"default","site-content-style":"default","site-sidebar-style":"default","ast-global-header-display":"","ast-banner-title-visibility":"","ast-main-header-display":"","ast-hfb-above-header-display":"","ast-hfb-below-header-display":"","ast-hfb-mobile-header-display":"","site-post-title":"","ast-breadcrumbs-content":"","ast-featured-img":"","footer-sml-layout":"","ast-disable-related-posts":"","theme-transparent-header-meta":"default","adv-header-id-meta":"","stick-header-meta":"","header-above-stick-meta":"","header-main-stick-meta":"","header-below-stick-meta":"","astra-migrate-meta-layouts":"set","ast-page-background-enabled":"default","ast-page-background-meta":{"desktop":{"background-color":"var(--ast-global-color-4)","background-image":"","background-repeat":"repeat","background-position":"center center","background-size":"auto","background-attachment":"scroll","background-type":"","background-media":"","overlay-type":"","overlay-color":"","overlay-opacity":"","overlay-gradient":""},"tablet":{"background-color":"","background-image":"","background-repeat":"repeat","background-position":"center center","background-size":"auto","background-attachment":"scroll","background-type":"","background-media":"","overlay-type":"","overlay-color":"","overlay-opacity":"","overlay-gradient":""},"mobile":{"background-color":"","background-image":"","background-repeat":"repeat","background-position":"center center","background-size":"auto","background-attachment":"scroll","background-type":"","background-media":"","overlay-type":"","overlay-color":"","overlay-opacity":"","overlay-gradient":""}},"ast-content-background-meta":{"desktop":{"background-color":"var(--ast-global-color-5)","background-image":"","background-repeat":"repeat","background-position":"center center","background-size":"auto","background-attachment":"scroll","background-type":"","background-media":"","overlay-type":"","overlay-color":"","overlay-opacity":"","overlay-gradient":""},"tablet":{"background-color":"var(--ast-global-color-5)","background-image":"","background-repeat":"repeat","background-position":"center center","background-size":"auto","background-attachment":"scroll","background-type":"","background-media":"","overlay-type":"","overlay-color":"","overlay-opacity":"","overlay-gradient":""},"mobile":{"background-color":"var(--ast-global-color-5)","background-image":"","background-repeat":"repeat","background-position":"center center","background-size":"auto","background-attachment":"scroll","background-type":"","background-media":"","overlay-type":"","overlay-color":"","overlay-opacity":"","overlay-gradient":""}},"footnotes":""},"categories":[1898],"tags":[2679,3340,3341,3338,3022,3342,3339],"servicio-asociado":[1977,2148,1973,2152],"class_list":["post-50822","post","type-post","status-publish","format-standard","has-post-thumbnail","hentry","category-noticia-ca","tag-2025-ca","tag-dret-digital","tag-filtracio","tag-lux","tag-musica","tag-nou-disc","tag-rosalia","servicio-asociado-ciberseguretat","servicio-asociado-propietat-industrial-i-intellectual","servicio-asociado-proteccio-de-dades-i-entorns-digitals","servicio-asociado-medios-y-telecomunicaciones-tmt-ca"],"acf":[],"yoast_head":"<!-- This site is optimized with the Yoast SEO plugin v27.4 - https:\/\/yoast.com\/product\/yoast-seo-wordpress\/ -->\n<title>Alerta amb la filtraci\u00f3 del nou disc de Rosal\u00eda: compartir-lo \u00e9s delicte segons Gerard de Lucas - Augusta Abogados<\/title>\n<meta name=\"robots\" content=\"index, follow, max-snippet:-1, max-image-preview:large, max-video-preview:-1\" \/>\n<link rel=\"canonical\" href=\"https:\/\/augustaabogados.com\/ca\/alerta-amb-la-filtracio-del-nou-disc-de-rosalia-compartir-lo-es-delicte-segons-gerard-de-lucas\/\" \/>\n<meta property=\"og:locale\" content=\"ca_ES\" \/>\n<meta property=\"og:type\" content=\"article\" \/>\n<meta property=\"og:title\" content=\"Alerta amb la filtraci\u00f3 del nou disc de Rosal\u00eda: compartir-lo \u00e9s delicte segons Gerard de Lucas - Augusta Abogados\" \/>\n<meta property=\"og:description\" content=\"El director de l&#8217;\u00e0rea de TMT, Gerard de Lucas, ha participat al programa La Tarda de Catalunya R\u00e0dio per parlar de la filtraci\u00f3 del disc de Rosal\u00eda i les seves conseq\u00fc\u00e8ncies, juntament amb els periodistes musicals Josep Martin i Marta Pallar\u00e8s.\" \/>\n<meta property=\"og:url\" content=\"https:\/\/augustaabogados.com\/ca\/alerta-amb-la-filtracio-del-nou-disc-de-rosalia-compartir-lo-es-delicte-segons-gerard-de-lucas\/\" \/>\n<meta property=\"og:site_name\" content=\"Augusta Abogados\" \/>\n<meta property=\"article:published_time\" content=\"2025-11-06T09:10:06+00:00\" \/>\n<meta property=\"article:modified_time\" content=\"2025-11-06T09:12:45+00:00\" \/>\n<meta property=\"og:image\" content=\"https:\/\/augustaabogados.com\/wp-content\/uploads\/2025\/11\/LUX-LP-1_900x.webp\" \/>\n\t<meta property=\"og:image:width\" content=\"900\" \/>\n\t<meta property=\"og:image:height\" content=\"900\" \/>\n\t<meta property=\"og:image:type\" content=\"image\/webp\" \/>\n<meta name=\"author\" content=\"Augusta Abogados\" \/>\n<meta name=\"twitter:card\" content=\"summary_large_image\" \/>\n<meta name=\"twitter:label1\" content=\"Escrit per\" \/>\n\t<meta name=\"twitter:data1\" content=\"Augusta Abogados\" \/>\n\t<meta name=\"twitter:label2\" content=\"Temps estimat de lectura\" \/>\n\t<meta name=\"twitter:data2\" content=\"1 minut\" \/>\n<script type=\"application\/ld+json\" class=\"yoast-schema-graph\">{\"@context\":\"https:\\\/\\\/schema.org\",\"@graph\":[{\"@type\":\"Article\",\"@id\":\"https:\\\/\\\/augustaabogados.com\\\/ca\\\/alerta-amb-la-filtracio-del-nou-disc-de-rosalia-compartir-lo-es-delicte-segons-gerard-de-lucas\\\/#article\",\"isPartOf\":{\"@id\":\"https:\\\/\\\/augustaabogados.com\\\/ca\\\/alerta-amb-la-filtracio-del-nou-disc-de-rosalia-compartir-lo-es-delicte-segons-gerard-de-lucas\\\/\"},\"author\":{\"name\":\"Augusta Abogados\",\"@id\":\"https:\\\/\\\/augustaabogados.com\\\/#\\\/schema\\\/person\\\/8c5e230eb6ed47cdd14ee188eb04a753\"},\"headline\":\"Alerta amb la filtraci\u00f3 del nou disc de Rosal\u00eda: compartir-lo \u00e9s delicte segons Gerard de Lucas\",\"datePublished\":\"2025-11-06T09:10:06+00:00\",\"dateModified\":\"2025-11-06T09:12:45+00:00\",\"mainEntityOfPage\":{\"@id\":\"https:\\\/\\\/augustaabogados.com\\\/ca\\\/alerta-amb-la-filtracio-del-nou-disc-de-rosalia-compartir-lo-es-delicte-segons-gerard-de-lucas\\\/\"},\"wordCount\":63,\"publisher\":{\"@id\":\"https:\\\/\\\/augustaabogados.com\\\/#organization\"},\"image\":{\"@id\":\"https:\\\/\\\/augustaabogados.com\\\/ca\\\/alerta-amb-la-filtracio-del-nou-disc-de-rosalia-compartir-lo-es-delicte-segons-gerard-de-lucas\\\/#primaryimage\"},\"thumbnailUrl\":\"https:\\\/\\\/augustaabogados.com\\\/wp-content\\\/uploads\\\/2025\\\/11\\\/LUX-LP-1_900x.webp\",\"keywords\":[\"2025\",\"dret digital\",\"filtraci\u00f3\",\"Lux\",\"m\u00fasica\",\"nou disc\",\"Rosal\u00eda\"],\"articleSection\":[\"NOT\u00cdCIA\"],\"inLanguage\":\"ca\"},{\"@type\":[\"WebPage\",\"ItemPage\"],\"@id\":\"https:\\\/\\\/augustaabogados.com\\\/ca\\\/alerta-amb-la-filtracio-del-nou-disc-de-rosalia-compartir-lo-es-delicte-segons-gerard-de-lucas\\\/\",\"url\":\"https:\\\/\\\/augustaabogados.com\\\/ca\\\/alerta-amb-la-filtracio-del-nou-disc-de-rosalia-compartir-lo-es-delicte-segons-gerard-de-lucas\\\/\",\"name\":\"Alerta amb la filtraci\u00f3 del nou disc de Rosal\u00eda: compartir-lo \u00e9s delicte segons Gerard de Lucas - Augusta Abogados\",\"isPartOf\":{\"@id\":\"https:\\\/\\\/augustaabogados.com\\\/#website\"},\"primaryImageOfPage\":{\"@id\":\"https:\\\/\\\/augustaabogados.com\\\/ca\\\/alerta-amb-la-filtracio-del-nou-disc-de-rosalia-compartir-lo-es-delicte-segons-gerard-de-lucas\\\/#primaryimage\"},\"image\":{\"@id\":\"https:\\\/\\\/augustaabogados.com\\\/ca\\\/alerta-amb-la-filtracio-del-nou-disc-de-rosalia-compartir-lo-es-delicte-segons-gerard-de-lucas\\\/#primaryimage\"},\"thumbnailUrl\":\"https:\\\/\\\/augustaabogados.com\\\/wp-content\\\/uploads\\\/2025\\\/11\\\/LUX-LP-1_900x.webp\",\"datePublished\":\"2025-11-06T09:10:06+00:00\",\"dateModified\":\"2025-11-06T09:12:45+00:00\",\"breadcrumb\":{\"@id\":\"https:\\\/\\\/augustaabogados.com\\\/ca\\\/alerta-amb-la-filtracio-del-nou-disc-de-rosalia-compartir-lo-es-delicte-segons-gerard-de-lucas\\\/#breadcrumb\"},\"inLanguage\":\"ca\",\"potentialAction\":[{\"@type\":\"ReadAction\",\"target\":[\"https:\\\/\\\/augustaabogados.com\\\/ca\\\/alerta-amb-la-filtracio-del-nou-disc-de-rosalia-compartir-lo-es-delicte-segons-gerard-de-lucas\\\/\"]}]},{\"@type\":\"ImageObject\",\"inLanguage\":\"ca\",\"@id\":\"https:\\\/\\\/augustaabogados.com\\\/ca\\\/alerta-amb-la-filtracio-del-nou-disc-de-rosalia-compartir-lo-es-delicte-segons-gerard-de-lucas\\\/#primaryimage\",\"url\":\"https:\\\/\\\/augustaabogados.com\\\/wp-content\\\/uploads\\\/2025\\\/11\\\/LUX-LP-1_900x.webp\",\"contentUrl\":\"https:\\\/\\\/augustaabogados.com\\\/wp-content\\\/uploads\\\/2025\\\/11\\\/LUX-LP-1_900x.webp\",\"width\":900,\"height\":900,\"caption\":\"Lux Vinilo. Autor: Sony Music.\"},{\"@type\":\"BreadcrumbList\",\"@id\":\"https:\\\/\\\/augustaabogados.com\\\/ca\\\/alerta-amb-la-filtracio-del-nou-disc-de-rosalia-compartir-lo-es-delicte-segons-gerard-de-lucas\\\/#breadcrumb\",\"itemListElement\":[{\"@type\":\"ListItem\",\"position\":1,\"name\":\"Portada\",\"item\":\"https:\\\/\\\/augustaabogados.com\\\/ca\\\/\"},{\"@type\":\"ListItem\",\"position\":2,\"name\":\"Alerta amb la filtraci\u00f3 del nou disc de Rosal\u00eda: compartir-lo \u00e9s delicte segons Gerard de Lucas\"}]},{\"@type\":\"WebSite\",\"@id\":\"https:\\\/\\\/augustaabogados.com\\\/#website\",\"url\":\"https:\\\/\\\/augustaabogados.com\\\/\",\"name\":\"Augusta Abogados\",\"description\":\"\",\"publisher\":{\"@id\":\"https:\\\/\\\/augustaabogados.com\\\/#organization\"},\"potentialAction\":[{\"@type\":\"SearchAction\",\"target\":{\"@type\":\"EntryPoint\",\"urlTemplate\":\"https:\\\/\\\/augustaabogados.com\\\/?s={search_term_string}\"},\"query-input\":{\"@type\":\"PropertyValueSpecification\",\"valueRequired\":true,\"valueName\":\"search_term_string\"}}],\"inLanguage\":\"ca\"},{\"@type\":\"Organization\",\"@id\":\"https:\\\/\\\/augustaabogados.com\\\/#organization\",\"name\":\"Augusta Abogados\",\"url\":\"https:\\\/\\\/augustaabogados.com\\\/\",\"logo\":{\"@type\":\"ImageObject\",\"inLanguage\":\"ca\",\"@id\":\"https:\\\/\\\/augustaabogados.com\\\/#\\\/schema\\\/logo\\\/image\\\/\",\"url\":\"https:\\\/\\\/augustaabogados.com\\\/wp-content\\\/uploads\\\/2023\\\/11\\\/LOGO-AUGUSTA.svg\",\"contentUrl\":\"https:\\\/\\\/augustaabogados.com\\\/wp-content\\\/uploads\\\/2023\\\/11\\\/LOGO-AUGUSTA.svg\",\"caption\":\"Augusta Abogados\"},\"image\":{\"@id\":\"https:\\\/\\\/augustaabogados.com\\\/#\\\/schema\\\/logo\\\/image\\\/\"}},{\"@type\":\"Person\",\"@id\":\"https:\\\/\\\/augustaabogados.com\\\/#\\\/schema\\\/person\\\/8c5e230eb6ed47cdd14ee188eb04a753\",\"name\":\"Augusta Abogados\",\"image\":{\"@type\":\"ImageObject\",\"inLanguage\":\"ca\",\"@id\":\"https:\\\/\\\/secure.gravatar.com\\\/avatar\\\/09e6ceb5fccff542915602bda752518fa959b0df2d103d929aefa74c2909a4bc?s=96&d=mm&r=g\",\"url\":\"https:\\\/\\\/secure.gravatar.com\\\/avatar\\\/09e6ceb5fccff542915602bda752518fa959b0df2d103d929aefa74c2909a4bc?s=96&d=mm&r=g\",\"contentUrl\":\"https:\\\/\\\/secure.gravatar.com\\\/avatar\\\/09e6ceb5fccff542915602bda752518fa959b0df2d103d929aefa74c2909a4bc?s=96&d=mm&r=g\",\"caption\":\"Augusta Abogados\"}}]}<\/script>\n<!-- \/ Yoast SEO plugin. -->","yoast_head_json":{"title":"Alerta amb la filtraci\u00f3 del nou disc de Rosal\u00eda: compartir-lo \u00e9s delicte segons Gerard de Lucas - Augusta Abogados","robots":{"index":"index","follow":"follow","max-snippet":"max-snippet:-1","max-image-preview":"max-image-preview:large","max-video-preview":"max-video-preview:-1"},"canonical":"https:\/\/augustaabogados.com\/ca\/alerta-amb-la-filtracio-del-nou-disc-de-rosalia-compartir-lo-es-delicte-segons-gerard-de-lucas\/","og_locale":"ca_ES","og_type":"article","og_title":"Alerta amb la filtraci\u00f3 del nou disc de Rosal\u00eda: compartir-lo \u00e9s delicte segons Gerard de Lucas - Augusta Abogados","og_description":"El director de l&#8217;\u00e0rea de TMT, Gerard de Lucas, ha participat al programa La Tarda de Catalunya R\u00e0dio per parlar de la filtraci\u00f3 del disc de Rosal\u00eda i les seves conseq\u00fc\u00e8ncies, juntament amb els periodistes musicals Josep Martin i Marta Pallar\u00e8s.","og_url":"https:\/\/augustaabogados.com\/ca\/alerta-amb-la-filtracio-del-nou-disc-de-rosalia-compartir-lo-es-delicte-segons-gerard-de-lucas\/","og_site_name":"Augusta Abogados","article_published_time":"2025-11-06T09:10:06+00:00","article_modified_time":"2025-11-06T09:12:45+00:00","og_image":[{"width":900,"height":900,"url":"https:\/\/augustaabogados.com\/wp-content\/uploads\/2025\/11\/LUX-LP-1_900x.webp","type":"image\/webp"}],"author":"Augusta Abogados","twitter_card":"summary_large_image","twitter_misc":{"Escrit per":"Augusta Abogados","Temps estimat de lectura":"1 minut"},"schema":{"@context":"https:\/\/schema.org","@graph":[{"@type":"Article","@id":"https:\/\/augustaabogados.com\/ca\/alerta-amb-la-filtracio-del-nou-disc-de-rosalia-compartir-lo-es-delicte-segons-gerard-de-lucas\/#article","isPartOf":{"@id":"https:\/\/augustaabogados.com\/ca\/alerta-amb-la-filtracio-del-nou-disc-de-rosalia-compartir-lo-es-delicte-segons-gerard-de-lucas\/"},"author":{"name":"Augusta Abogados","@id":"https:\/\/augustaabogados.com\/#\/schema\/person\/8c5e230eb6ed47cdd14ee188eb04a753"},"headline":"Alerta amb la filtraci\u00f3 del nou disc de Rosal\u00eda: compartir-lo \u00e9s delicte segons Gerard de Lucas","datePublished":"2025-11-06T09:10:06+00:00","dateModified":"2025-11-06T09:12:45+00:00","mainEntityOfPage":{"@id":"https:\/\/augustaabogados.com\/ca\/alerta-amb-la-filtracio-del-nou-disc-de-rosalia-compartir-lo-es-delicte-segons-gerard-de-lucas\/"},"wordCount":63,"publisher":{"@id":"https:\/\/augustaabogados.com\/#organization"},"image":{"@id":"https:\/\/augustaabogados.com\/ca\/alerta-amb-la-filtracio-del-nou-disc-de-rosalia-compartir-lo-es-delicte-segons-gerard-de-lucas\/#primaryimage"},"thumbnailUrl":"https:\/\/augustaabogados.com\/wp-content\/uploads\/2025\/11\/LUX-LP-1_900x.webp","keywords":["2025","dret digital","filtraci\u00f3","Lux","m\u00fasica","nou disc","Rosal\u00eda"],"articleSection":["NOT\u00cdCIA"],"inLanguage":"ca"},{"@type":["WebPage","ItemPage"],"@id":"https:\/\/augustaabogados.com\/ca\/alerta-amb-la-filtracio-del-nou-disc-de-rosalia-compartir-lo-es-delicte-segons-gerard-de-lucas\/","url":"https:\/\/augustaabogados.com\/ca\/alerta-amb-la-filtracio-del-nou-disc-de-rosalia-compartir-lo-es-delicte-segons-gerard-de-lucas\/","name":"Alerta amb la filtraci\u00f3 del nou disc de Rosal\u00eda: compartir-lo \u00e9s delicte segons Gerard de Lucas - Augusta Abogados","isPartOf":{"@id":"https:\/\/augustaabogados.com\/#website"},"primaryImageOfPage":{"@id":"https:\/\/augustaabogados.com\/ca\/alerta-amb-la-filtracio-del-nou-disc-de-rosalia-compartir-lo-es-delicte-segons-gerard-de-lucas\/#primaryimage"},"image":{"@id":"https:\/\/augustaabogados.com\/ca\/alerta-amb-la-filtracio-del-nou-disc-de-rosalia-compartir-lo-es-delicte-segons-gerard-de-lucas\/#primaryimage"},"thumbnailUrl":"https:\/\/augustaabogados.com\/wp-content\/uploads\/2025\/11\/LUX-LP-1_900x.webp","datePublished":"2025-11-06T09:10:06+00:00","dateModified":"2025-11-06T09:12:45+00:00","breadcrumb":{"@id":"https:\/\/augustaabogados.com\/ca\/alerta-amb-la-filtracio-del-nou-disc-de-rosalia-compartir-lo-es-delicte-segons-gerard-de-lucas\/#breadcrumb"},"inLanguage":"ca","potentialAction":[{"@type":"ReadAction","target":["https:\/\/augustaabogados.com\/ca\/alerta-amb-la-filtracio-del-nou-disc-de-rosalia-compartir-lo-es-delicte-segons-gerard-de-lucas\/"]}]},{"@type":"ImageObject","inLanguage":"ca","@id":"https:\/\/augustaabogados.com\/ca\/alerta-amb-la-filtracio-del-nou-disc-de-rosalia-compartir-lo-es-delicte-segons-gerard-de-lucas\/#primaryimage","url":"https:\/\/augustaabogados.com\/wp-content\/uploads\/2025\/11\/LUX-LP-1_900x.webp","contentUrl":"https:\/\/augustaabogados.com\/wp-content\/uploads\/2025\/11\/LUX-LP-1_900x.webp","width":900,"height":900,"caption":"Lux Vinilo. Autor: Sony Music."},{"@type":"BreadcrumbList","@id":"https:\/\/augustaabogados.com\/ca\/alerta-amb-la-filtracio-del-nou-disc-de-rosalia-compartir-lo-es-delicte-segons-gerard-de-lucas\/#breadcrumb","itemListElement":[{"@type":"ListItem","position":1,"name":"Portada","item":"https:\/\/augustaabogados.com\/ca\/"},{"@type":"ListItem","position":2,"name":"Alerta amb la filtraci\u00f3 del nou disc de Rosal\u00eda: compartir-lo \u00e9s delicte segons Gerard de Lucas"}]},{"@type":"WebSite","@id":"https:\/\/augustaabogados.com\/#website","url":"https:\/\/augustaabogados.com\/","name":"Augusta Abogados","description":"","publisher":{"@id":"https:\/\/augustaabogados.com\/#organization"},"potentialAction":[{"@type":"SearchAction","target":{"@type":"EntryPoint","urlTemplate":"https:\/\/augustaabogados.com\/?s={search_term_string}"},"query-input":{"@type":"PropertyValueSpecification","valueRequired":true,"valueName":"search_term_string"}}],"inLanguage":"ca"},{"@type":"Organization","@id":"https:\/\/augustaabogados.com\/#organization","name":"Augusta Abogados","url":"https:\/\/augustaabogados.com\/","logo":{"@type":"ImageObject","inLanguage":"ca","@id":"https:\/\/augustaabogados.com\/#\/schema\/logo\/image\/","url":"https:\/\/augustaabogados.com\/wp-content\/uploads\/2023\/11\/LOGO-AUGUSTA.svg","contentUrl":"https:\/\/augustaabogados.com\/wp-content\/uploads\/2023\/11\/LOGO-AUGUSTA.svg","caption":"Augusta Abogados"},"image":{"@id":"https:\/\/augustaabogados.com\/#\/schema\/logo\/image\/"}},{"@type":"Person","@id":"https:\/\/augustaabogados.com\/#\/schema\/person\/8c5e230eb6ed47cdd14ee188eb04a753","name":"Augusta Abogados","image":{"@type":"ImageObject","inLanguage":"ca","@id":"https:\/\/secure.gravatar.com\/avatar\/09e6ceb5fccff542915602bda752518fa959b0df2d103d929aefa74c2909a4bc?s=96&d=mm&r=g","url":"https:\/\/secure.gravatar.com\/avatar\/09e6ceb5fccff542915602bda752518fa959b0df2d103d929aefa74c2909a4bc?s=96&d=mm&r=g","contentUrl":"https:\/\/secure.gravatar.com\/avatar\/09e6ceb5fccff542915602bda752518fa959b0df2d103d929aefa74c2909a4bc?s=96&d=mm&r=g","caption":"Augusta Abogados"}}]}},"_links":{"self":[{"href":"https:\/\/augustaabogados.com\/ca\/wp-json\/wp\/v2\/posts\/50822","targetHints":{"allow":["GET"]}}],"collection":[{"href":"https:\/\/augustaabogados.com\/ca\/wp-json\/wp\/v2\/posts"}],"about":[{"href":"https:\/\/augustaabogados.com\/ca\/wp-json\/wp\/v2\/types\/post"}],"author":[{"embeddable":true,"href":"https:\/\/augustaabogados.com\/ca\/wp-json\/wp\/v2\/users\/8"}],"replies":[{"embeddable":true,"href":"https:\/\/augustaabogados.com\/ca\/wp-json\/wp\/v2\/comments?post=50822"}],"version-history":[{"count":2,"href":"https:\/\/augustaabogados.com\/ca\/wp-json\/wp\/v2\/posts\/50822\/revisions"}],"predecessor-version":[{"id":50827,"href":"https:\/\/augustaabogados.com\/ca\/wp-json\/wp\/v2\/posts\/50822\/revisions\/50827"}],"wp:featuredmedia":[{"embeddable":true,"href":"https:\/\/augustaabogados.com\/ca\/wp-json\/wp\/v2\/media\/50823"}],"wp:attachment":[{"href":"https:\/\/augustaabogados.com\/ca\/wp-json\/wp\/v2\/media?parent=50822"}],"wp:term":[{"taxonomy":"category","embeddable":true,"href":"https:\/\/augustaabogados.com\/ca\/wp-json\/wp\/v2\/categories?post=50822"},{"taxonomy":"post_tag","embeddable":true,"href":"https:\/\/augustaabogados.com\/ca\/wp-json\/wp\/v2\/tags?post=50822"},{"taxonomy":"servicio-asociado","embeddable":true,"href":"https:\/\/augustaabogados.com\/ca\/wp-json\/wp\/v2\/servicio-asociado?post=50822"}],"curies":[{"name":"wp","href":"https:\/\/api.w.org\/{rel}","templated":true}]}}