{"id":50860,"date":"2025-11-06T14:11:10","date_gmt":"2025-11-06T14:11:10","guid":{"rendered":"https:\/\/augustaabogados.com\/?p=50860"},"modified":"2025-11-12T15:59:23","modified_gmt":"2025-11-12T15:59:23","slug":"julia-bacaria-parla-sobre-la-legalitat-de-les-noves-tecnologies-al-tot-es-mou","status":"publish","type":"post","link":"https:\/\/augustaabogados.com\/ca\/julia-bacaria-parla-sobre-la-legalitat-de-les-noves-tecnologies-al-tot-es-mou\/","title":{"rendered":"J\u00falia Bacaria parla sobre la legalitat de les noves tecnologies al &#8216;Tot es Mou&#8217;"},"content":{"rendered":"<div class=\"itemvideo_itemvideo__zC4Qo itemvideo_hide__mMc9c\">\n<div class=\"\">\n<div class=\"itemvideo_info__ppyn0 itemvideo_hide__mMc9c\" data-testid=\"info-video\">\n<div class=\"itemvideo_subtitolsAD__udG6r\">\n<div class=\"itemvideo_subtitols__M5te2\">\n<p class=\"itemvideo_txt_subtitols___lrsN\"><span style=\"font-size: 16px;\">V\u00eddeos fets amb IA: hem perdut el control? Quins l\u00edmits legals haurien de tenir?\u00a0\u00a0<\/span><\/p>\n<p><span style=\"font-size: 16px;\">Els v\u00eddeos generats amb intel\u00b7lig\u00e8ncia artificial inunden les xarxes socials i fan cada cop m\u00e9s dif\u00edcil distingir qu\u00e8 \u00e9s real i qu\u00e8 no. <\/span><strong style=\"font-size: 16px;\" data-start=\"351\" data-end=\"454\"><a href=\"https:\/\/augustaabogados.com\/ca\/abogado\/julia-bacaria-gea\/\" target=\"_blank\" rel=\"noopener\">J\u00falia Bacaria<\/a>, s\u00f2cia de l\u2019\u00e0rea <a href=\"https:\/\/augustaabogados.com\/ca\/serveis\/tecnologia-mitjans-i-telecomunicacions-tmt\/\" target=\"_blank\" rel=\"noopener\">TMT<\/a> d\u2019Augusta Abogados i experta en noves tecnologies i dret digital<\/strong><span style=\"font-size: 16px;\">, analitza amb el periodista <\/span><strong style=\"font-size: 16px;\" data-start=\"483\" data-end=\"505\">Josep Maria Ganyet<\/strong><span style=\"font-size: 16px;\"> els reptes legals i \u00e8tics d\u2019aquesta nova realitat al programa <\/span><em style=\"font-size: 16px;\" data-start=\"568\" data-end=\"580\">Tot es mou<\/em><span style=\"font-size: 16px;\"> de <\/span><strong style=\"font-size: 16px;\" data-start=\"584\" data-end=\"592\">3Cat<\/strong><span style=\"font-size: 16px;\">.<\/span><\/p>\n<\/div>\n<\/div>\n<\/div>\n<\/div>\n<\/div>\n","protected":false},"excerpt":{"rendered":"<p>V\u00eddeos fets amb IA: hem perdut el control? Quins l\u00edmits legals haurien de tenir?\u00a0\u00a0 Els v\u00eddeos generats amb intel\u00b7lig\u00e8ncia artificial inunden les xarxes socials i fan cada cop m\u00e9s dif\u00edcil distingir qu\u00e8 \u00e9s real i qu\u00e8 no. J\u00falia Bacaria, s\u00f2cia de l\u2019\u00e0rea TMT d\u2019Augusta Abogados i experta en noves tecnologies i dret digital, analitza amb [&hellip;]<\/p>\n","protected":false},"author":8,"featured_media":50861,"comment_status":"closed","ping_status":"closed","sticky":false,"template":"","format":"standard","meta":{"content-type":"","site-sidebar-layout":"default","site-content-layout":"","ast-site-content-layout":"default","site-content-style":"default","site-sidebar-style":"default","ast-global-header-display":"","ast-banner-title-visibility":"","ast-main-header-display":"","ast-hfb-above-header-display":"","ast-hfb-below-header-display":"","ast-hfb-mobile-header-display":"","site-post-title":"","ast-breadcrumbs-content":"","ast-featured-img":"","footer-sml-layout":"","ast-disable-related-posts":"","theme-transparent-header-meta":"default","adv-header-id-meta":"","stick-header-meta":"","header-above-stick-meta":"","header-main-stick-meta":"","header-below-stick-meta":"","astra-migrate-meta-layouts":"set","ast-page-background-enabled":"default","ast-page-background-meta":{"desktop":{"background-color":"var(--ast-global-color-4)","background-image":"","background-repeat":"repeat","background-position":"center center","background-size":"auto","background-attachment":"scroll","background-type":"","background-media":"","overlay-type":"","overlay-color":"","overlay-opacity":"","overlay-gradient":""},"tablet":{"background-color":"","background-image":"","background-repeat":"repeat","background-position":"center center","background-size":"auto","background-attachment":"scroll","background-type":"","background-media":"","overlay-type":"","overlay-color":"","overlay-opacity":"","overlay-gradient":""},"mobile":{"background-color":"","background-image":"","background-repeat":"repeat","background-position":"center center","background-size":"auto","background-attachment":"scroll","background-type":"","background-media":"","overlay-type":"","overlay-color":"","overlay-opacity":"","overlay-gradient":""}},"ast-content-background-meta":{"desktop":{"background-color":"var(--ast-global-color-5)","background-image":"","background-repeat":"repeat","background-position":"center center","background-size":"auto","background-attachment":"scroll","background-type":"","background-media":"","overlay-type":"","overlay-color":"","overlay-opacity":"","overlay-gradient":""},"tablet":{"background-color":"var(--ast-global-color-5)","background-image":"","background-repeat":"repeat","background-position":"center center","background-size":"auto","background-attachment":"scroll","background-type":"","background-media":"","overlay-type":"","overlay-color":"","overlay-opacity":"","overlay-gradient":""},"mobile":{"background-color":"var(--ast-global-color-5)","background-image":"","background-repeat":"repeat","background-position":"center center","background-size":"auto","background-attachment":"scroll","background-type":"","background-media":"","overlay-type":"","overlay-color":"","overlay-opacity":"","overlay-gradient":""}},"footnotes":""},"categories":[1898],"tags":[2679,2032,2354,3353,3350,3322,3351,2840,3352],"servicio-asociado":[1977,1973,2152],"class_list":["post-50860","post","type-post","status-publish","format-standard","has-post-thumbnail","hentry","category-noticia-ca","tag-2025-ca","tag-empresa-ca","tag-ia-ca","tag-inteligencia-artificial","tag-legalitat","tag-noves-tecnologies","tag-televisio-de-catalunya","tag-tmt-ca","tag-tv3","servicio-asociado-ciberseguretat","servicio-asociado-proteccio-de-dades-i-entorns-digitals","servicio-asociado-medios-y-telecomunicaciones-tmt-ca"],"acf":[],"yoast_head":"<!-- This site is optimized with the Yoast SEO plugin v27.4 - https:\/\/yoast.com\/product\/yoast-seo-wordpress\/ -->\n<title>J\u00falia Bacaria parla sobre la legalitat de les noves tecnologies al &#039;Tot es Mou&#039; - Augusta Abogados<\/title>\n<meta name=\"robots\" content=\"index, follow, max-snippet:-1, max-image-preview:large, max-video-preview:-1\" \/>\n<link rel=\"canonical\" href=\"https:\/\/augustaabogados.com\/ca\/julia-bacaria-parla-sobre-la-legalitat-de-les-noves-tecnologies-al-tot-es-mou\/\" \/>\n<meta property=\"og:locale\" content=\"ca_ES\" \/>\n<meta property=\"og:type\" content=\"article\" \/>\n<meta property=\"og:title\" content=\"J\u00falia Bacaria parla sobre la legalitat de les noves tecnologies al &#039;Tot es Mou&#039; - Augusta Abogados\" \/>\n<meta property=\"og:description\" content=\"V\u00eddeos fets amb IA: hem perdut el control? Quins l\u00edmits legals haurien de tenir?\u00a0\u00a0 Els v\u00eddeos generats amb intel\u00b7lig\u00e8ncia artificial inunden les xarxes socials i fan cada cop m\u00e9s dif\u00edcil distingir qu\u00e8 \u00e9s real i qu\u00e8 no. J\u00falia Bacaria, s\u00f2cia de l\u2019\u00e0rea TMT d\u2019Augusta Abogados i experta en noves tecnologies i dret digital, analitza amb [&hellip;]\" \/>\n<meta property=\"og:url\" content=\"https:\/\/augustaabogados.com\/ca\/julia-bacaria-parla-sobre-la-legalitat-de-les-noves-tecnologies-al-tot-es-mou\/\" \/>\n<meta property=\"og:site_name\" content=\"Augusta Abogados\" \/>\n<meta property=\"article:published_time\" content=\"2025-11-06T14:11:10+00:00\" \/>\n<meta property=\"article:modified_time\" content=\"2025-11-12T15:59:23+00:00\" \/>\n<meta property=\"og:image\" content=\"https:\/\/augustaabogados.com\/wp-content\/uploads\/2025\/11\/Tot-es-mou_Julia-Bacaria.png\" \/>\n\t<meta property=\"og:image:width\" content=\"1920\" \/>\n\t<meta property=\"og:image:height\" content=\"1080\" \/>\n\t<meta property=\"og:image:type\" content=\"image\/png\" \/>\n<meta name=\"author\" content=\"Augusta Abogados\" \/>\n<meta name=\"twitter:card\" content=\"summary_large_image\" \/>\n<meta name=\"twitter:label1\" content=\"Escrit per\" \/>\n\t<meta name=\"twitter:data1\" content=\"Augusta Abogados\" \/>\n\t<meta name=\"twitter:label2\" content=\"Temps estimat de lectura\" \/>\n\t<meta name=\"twitter:data2\" content=\"1 minut\" \/>\n<script type=\"application\/ld+json\" class=\"yoast-schema-graph\">{\"@context\":\"https:\\\/\\\/schema.org\",\"@graph\":[{\"@type\":\"Article\",\"@id\":\"https:\\\/\\\/augustaabogados.com\\\/ca\\\/julia-bacaria-parla-sobre-la-legalitat-de-les-noves-tecnologies-al-tot-es-mou\\\/#article\",\"isPartOf\":{\"@id\":\"https:\\\/\\\/augustaabogados.com\\\/ca\\\/julia-bacaria-parla-sobre-la-legalitat-de-les-noves-tecnologies-al-tot-es-mou\\\/\"},\"author\":{\"name\":\"Augusta Abogados\",\"@id\":\"https:\\\/\\\/augustaabogados.com\\\/#\\\/schema\\\/person\\\/8c5e230eb6ed47cdd14ee188eb04a753\"},\"headline\":\"J\u00falia Bacaria parla sobre la legalitat de les noves tecnologies al &#8216;Tot es Mou&#8217;\",\"datePublished\":\"2025-11-06T14:11:10+00:00\",\"dateModified\":\"2025-11-12T15:59:23+00:00\",\"mainEntityOfPage\":{\"@id\":\"https:\\\/\\\/augustaabogados.com\\\/ca\\\/julia-bacaria-parla-sobre-la-legalitat-de-les-noves-tecnologies-al-tot-es-mou\\\/\"},\"wordCount\":102,\"publisher\":{\"@id\":\"https:\\\/\\\/augustaabogados.com\\\/#organization\"},\"image\":{\"@id\":\"https:\\\/\\\/augustaabogados.com\\\/ca\\\/julia-bacaria-parla-sobre-la-legalitat-de-les-noves-tecnologies-al-tot-es-mou\\\/#primaryimage\"},\"thumbnailUrl\":\"https:\\\/\\\/augustaabogados.com\\\/wp-content\\\/uploads\\\/2025\\\/11\\\/Tot-es-mou_Julia-Bacaria.png\",\"keywords\":[\"2025\",\"Empresa\",\"IA\",\"Inteligencia Artificial\",\"legalitat\",\"noves tecnologies\",\"Televisi\u00f3 de Catalunya\",\"TMT\",\"TV3\"],\"articleSection\":[\"NOT\u00cdCIA\"],\"inLanguage\":\"ca\"},{\"@type\":[\"WebPage\",\"ItemPage\"],\"@id\":\"https:\\\/\\\/augustaabogados.com\\\/ca\\\/julia-bacaria-parla-sobre-la-legalitat-de-les-noves-tecnologies-al-tot-es-mou\\\/\",\"url\":\"https:\\\/\\\/augustaabogados.com\\\/ca\\\/julia-bacaria-parla-sobre-la-legalitat-de-les-noves-tecnologies-al-tot-es-mou\\\/\",\"name\":\"J\u00falia Bacaria parla sobre la legalitat de les noves tecnologies al 'Tot es Mou' - Augusta Abogados\",\"isPartOf\":{\"@id\":\"https:\\\/\\\/augustaabogados.com\\\/#website\"},\"primaryImageOfPage\":{\"@id\":\"https:\\\/\\\/augustaabogados.com\\\/ca\\\/julia-bacaria-parla-sobre-la-legalitat-de-les-noves-tecnologies-al-tot-es-mou\\\/#primaryimage\"},\"image\":{\"@id\":\"https:\\\/\\\/augustaabogados.com\\\/ca\\\/julia-bacaria-parla-sobre-la-legalitat-de-les-noves-tecnologies-al-tot-es-mou\\\/#primaryimage\"},\"thumbnailUrl\":\"https:\\\/\\\/augustaabogados.com\\\/wp-content\\\/uploads\\\/2025\\\/11\\\/Tot-es-mou_Julia-Bacaria.png\",\"datePublished\":\"2025-11-06T14:11:10+00:00\",\"dateModified\":\"2025-11-12T15:59:23+00:00\",\"breadcrumb\":{\"@id\":\"https:\\\/\\\/augustaabogados.com\\\/ca\\\/julia-bacaria-parla-sobre-la-legalitat-de-les-noves-tecnologies-al-tot-es-mou\\\/#breadcrumb\"},\"inLanguage\":\"ca\",\"potentialAction\":[{\"@type\":\"ReadAction\",\"target\":[\"https:\\\/\\\/augustaabogados.com\\\/ca\\\/julia-bacaria-parla-sobre-la-legalitat-de-les-noves-tecnologies-al-tot-es-mou\\\/\"]}]},{\"@type\":\"ImageObject\",\"inLanguage\":\"ca\",\"@id\":\"https:\\\/\\\/augustaabogados.com\\\/ca\\\/julia-bacaria-parla-sobre-la-legalitat-de-les-noves-tecnologies-al-tot-es-mou\\\/#primaryimage\",\"url\":\"https:\\\/\\\/augustaabogados.com\\\/wp-content\\\/uploads\\\/2025\\\/11\\\/Tot-es-mou_Julia-Bacaria.png\",\"contentUrl\":\"https:\\\/\\\/augustaabogados.com\\\/wp-content\\\/uploads\\\/2025\\\/11\\\/Tot-es-mou_Julia-Bacaria.png\",\"width\":1920,\"height\":1080},{\"@type\":\"BreadcrumbList\",\"@id\":\"https:\\\/\\\/augustaabogados.com\\\/ca\\\/julia-bacaria-parla-sobre-la-legalitat-de-les-noves-tecnologies-al-tot-es-mou\\\/#breadcrumb\",\"itemListElement\":[{\"@type\":\"ListItem\",\"position\":1,\"name\":\"Portada\",\"item\":\"https:\\\/\\\/augustaabogados.com\\\/ca\\\/\"},{\"@type\":\"ListItem\",\"position\":2,\"name\":\"J\u00falia Bacaria parla sobre la legalitat de les noves tecnologies al &#8216;Tot es Mou&#8217;\"}]},{\"@type\":\"WebSite\",\"@id\":\"https:\\\/\\\/augustaabogados.com\\\/#website\",\"url\":\"https:\\\/\\\/augustaabogados.com\\\/\",\"name\":\"Augusta Abogados\",\"description\":\"\",\"publisher\":{\"@id\":\"https:\\\/\\\/augustaabogados.com\\\/#organization\"},\"potentialAction\":[{\"@type\":\"SearchAction\",\"target\":{\"@type\":\"EntryPoint\",\"urlTemplate\":\"https:\\\/\\\/augustaabogados.com\\\/?s={search_term_string}\"},\"query-input\":{\"@type\":\"PropertyValueSpecification\",\"valueRequired\":true,\"valueName\":\"search_term_string\"}}],\"inLanguage\":\"ca\"},{\"@type\":\"Organization\",\"@id\":\"https:\\\/\\\/augustaabogados.com\\\/#organization\",\"name\":\"Augusta Abogados\",\"url\":\"https:\\\/\\\/augustaabogados.com\\\/\",\"logo\":{\"@type\":\"ImageObject\",\"inLanguage\":\"ca\",\"@id\":\"https:\\\/\\\/augustaabogados.com\\\/#\\\/schema\\\/logo\\\/image\\\/\",\"url\":\"https:\\\/\\\/augustaabogados.com\\\/wp-content\\\/uploads\\\/2023\\\/11\\\/LOGO-AUGUSTA.svg\",\"contentUrl\":\"https:\\\/\\\/augustaabogados.com\\\/wp-content\\\/uploads\\\/2023\\\/11\\\/LOGO-AUGUSTA.svg\",\"caption\":\"Augusta Abogados\"},\"image\":{\"@id\":\"https:\\\/\\\/augustaabogados.com\\\/#\\\/schema\\\/logo\\\/image\\\/\"}},{\"@type\":\"Person\",\"@id\":\"https:\\\/\\\/augustaabogados.com\\\/#\\\/schema\\\/person\\\/8c5e230eb6ed47cdd14ee188eb04a753\",\"name\":\"Augusta Abogados\",\"image\":{\"@type\":\"ImageObject\",\"inLanguage\":\"ca\",\"@id\":\"https:\\\/\\\/secure.gravatar.com\\\/avatar\\\/09e6ceb5fccff542915602bda752518fa959b0df2d103d929aefa74c2909a4bc?s=96&d=mm&r=g\",\"url\":\"https:\\\/\\\/secure.gravatar.com\\\/avatar\\\/09e6ceb5fccff542915602bda752518fa959b0df2d103d929aefa74c2909a4bc?s=96&d=mm&r=g\",\"contentUrl\":\"https:\\\/\\\/secure.gravatar.com\\\/avatar\\\/09e6ceb5fccff542915602bda752518fa959b0df2d103d929aefa74c2909a4bc?s=96&d=mm&r=g\",\"caption\":\"Augusta Abogados\"}}]}<\/script>\n<!-- \/ Yoast SEO plugin. -->","yoast_head_json":{"title":"J\u00falia Bacaria parla sobre la legalitat de les noves tecnologies al 'Tot es Mou' - Augusta Abogados","robots":{"index":"index","follow":"follow","max-snippet":"max-snippet:-1","max-image-preview":"max-image-preview:large","max-video-preview":"max-video-preview:-1"},"canonical":"https:\/\/augustaabogados.com\/ca\/julia-bacaria-parla-sobre-la-legalitat-de-les-noves-tecnologies-al-tot-es-mou\/","og_locale":"ca_ES","og_type":"article","og_title":"J\u00falia Bacaria parla sobre la legalitat de les noves tecnologies al 'Tot es Mou' - Augusta Abogados","og_description":"V\u00eddeos fets amb IA: hem perdut el control? Quins l\u00edmits legals haurien de tenir?\u00a0\u00a0 Els v\u00eddeos generats amb intel\u00b7lig\u00e8ncia artificial inunden les xarxes socials i fan cada cop m\u00e9s dif\u00edcil distingir qu\u00e8 \u00e9s real i qu\u00e8 no. J\u00falia Bacaria, s\u00f2cia de l\u2019\u00e0rea TMT d\u2019Augusta Abogados i experta en noves tecnologies i dret digital, analitza amb [&hellip;]","og_url":"https:\/\/augustaabogados.com\/ca\/julia-bacaria-parla-sobre-la-legalitat-de-les-noves-tecnologies-al-tot-es-mou\/","og_site_name":"Augusta Abogados","article_published_time":"2025-11-06T14:11:10+00:00","article_modified_time":"2025-11-12T15:59:23+00:00","og_image":[{"width":1920,"height":1080,"url":"https:\/\/augustaabogados.com\/wp-content\/uploads\/2025\/11\/Tot-es-mou_Julia-Bacaria.png","type":"image\/png"}],"author":"Augusta Abogados","twitter_card":"summary_large_image","twitter_misc":{"Escrit per":"Augusta Abogados","Temps estimat de lectura":"1 minut"},"schema":{"@context":"https:\/\/schema.org","@graph":[{"@type":"Article","@id":"https:\/\/augustaabogados.com\/ca\/julia-bacaria-parla-sobre-la-legalitat-de-les-noves-tecnologies-al-tot-es-mou\/#article","isPartOf":{"@id":"https:\/\/augustaabogados.com\/ca\/julia-bacaria-parla-sobre-la-legalitat-de-les-noves-tecnologies-al-tot-es-mou\/"},"author":{"name":"Augusta Abogados","@id":"https:\/\/augustaabogados.com\/#\/schema\/person\/8c5e230eb6ed47cdd14ee188eb04a753"},"headline":"J\u00falia Bacaria parla sobre la legalitat de les noves tecnologies al &#8216;Tot es Mou&#8217;","datePublished":"2025-11-06T14:11:10+00:00","dateModified":"2025-11-12T15:59:23+00:00","mainEntityOfPage":{"@id":"https:\/\/augustaabogados.com\/ca\/julia-bacaria-parla-sobre-la-legalitat-de-les-noves-tecnologies-al-tot-es-mou\/"},"wordCount":102,"publisher":{"@id":"https:\/\/augustaabogados.com\/#organization"},"image":{"@id":"https:\/\/augustaabogados.com\/ca\/julia-bacaria-parla-sobre-la-legalitat-de-les-noves-tecnologies-al-tot-es-mou\/#primaryimage"},"thumbnailUrl":"https:\/\/augustaabogados.com\/wp-content\/uploads\/2025\/11\/Tot-es-mou_Julia-Bacaria.png","keywords":["2025","Empresa","IA","Inteligencia Artificial","legalitat","noves tecnologies","Televisi\u00f3 de Catalunya","TMT","TV3"],"articleSection":["NOT\u00cdCIA"],"inLanguage":"ca"},{"@type":["WebPage","ItemPage"],"@id":"https:\/\/augustaabogados.com\/ca\/julia-bacaria-parla-sobre-la-legalitat-de-les-noves-tecnologies-al-tot-es-mou\/","url":"https:\/\/augustaabogados.com\/ca\/julia-bacaria-parla-sobre-la-legalitat-de-les-noves-tecnologies-al-tot-es-mou\/","name":"J\u00falia Bacaria parla sobre la legalitat de les noves tecnologies al 'Tot es Mou' - Augusta Abogados","isPartOf":{"@id":"https:\/\/augustaabogados.com\/#website"},"primaryImageOfPage":{"@id":"https:\/\/augustaabogados.com\/ca\/julia-bacaria-parla-sobre-la-legalitat-de-les-noves-tecnologies-al-tot-es-mou\/#primaryimage"},"image":{"@id":"https:\/\/augustaabogados.com\/ca\/julia-bacaria-parla-sobre-la-legalitat-de-les-noves-tecnologies-al-tot-es-mou\/#primaryimage"},"thumbnailUrl":"https:\/\/augustaabogados.com\/wp-content\/uploads\/2025\/11\/Tot-es-mou_Julia-Bacaria.png","datePublished":"2025-11-06T14:11:10+00:00","dateModified":"2025-11-12T15:59:23+00:00","breadcrumb":{"@id":"https:\/\/augustaabogados.com\/ca\/julia-bacaria-parla-sobre-la-legalitat-de-les-noves-tecnologies-al-tot-es-mou\/#breadcrumb"},"inLanguage":"ca","potentialAction":[{"@type":"ReadAction","target":["https:\/\/augustaabogados.com\/ca\/julia-bacaria-parla-sobre-la-legalitat-de-les-noves-tecnologies-al-tot-es-mou\/"]}]},{"@type":"ImageObject","inLanguage":"ca","@id":"https:\/\/augustaabogados.com\/ca\/julia-bacaria-parla-sobre-la-legalitat-de-les-noves-tecnologies-al-tot-es-mou\/#primaryimage","url":"https:\/\/augustaabogados.com\/wp-content\/uploads\/2025\/11\/Tot-es-mou_Julia-Bacaria.png","contentUrl":"https:\/\/augustaabogados.com\/wp-content\/uploads\/2025\/11\/Tot-es-mou_Julia-Bacaria.png","width":1920,"height":1080},{"@type":"BreadcrumbList","@id":"https:\/\/augustaabogados.com\/ca\/julia-bacaria-parla-sobre-la-legalitat-de-les-noves-tecnologies-al-tot-es-mou\/#breadcrumb","itemListElement":[{"@type":"ListItem","position":1,"name":"Portada","item":"https:\/\/augustaabogados.com\/ca\/"},{"@type":"ListItem","position":2,"name":"J\u00falia Bacaria parla sobre la legalitat de les noves tecnologies al &#8216;Tot es Mou&#8217;"}]},{"@type":"WebSite","@id":"https:\/\/augustaabogados.com\/#website","url":"https:\/\/augustaabogados.com\/","name":"Augusta Abogados","description":"","publisher":{"@id":"https:\/\/augustaabogados.com\/#organization"},"potentialAction":[{"@type":"SearchAction","target":{"@type":"EntryPoint","urlTemplate":"https:\/\/augustaabogados.com\/?s={search_term_string}"},"query-input":{"@type":"PropertyValueSpecification","valueRequired":true,"valueName":"search_term_string"}}],"inLanguage":"ca"},{"@type":"Organization","@id":"https:\/\/augustaabogados.com\/#organization","name":"Augusta Abogados","url":"https:\/\/augustaabogados.com\/","logo":{"@type":"ImageObject","inLanguage":"ca","@id":"https:\/\/augustaabogados.com\/#\/schema\/logo\/image\/","url":"https:\/\/augustaabogados.com\/wp-content\/uploads\/2023\/11\/LOGO-AUGUSTA.svg","contentUrl":"https:\/\/augustaabogados.com\/wp-content\/uploads\/2023\/11\/LOGO-AUGUSTA.svg","caption":"Augusta Abogados"},"image":{"@id":"https:\/\/augustaabogados.com\/#\/schema\/logo\/image\/"}},{"@type":"Person","@id":"https:\/\/augustaabogados.com\/#\/schema\/person\/8c5e230eb6ed47cdd14ee188eb04a753","name":"Augusta Abogados","image":{"@type":"ImageObject","inLanguage":"ca","@id":"https:\/\/secure.gravatar.com\/avatar\/09e6ceb5fccff542915602bda752518fa959b0df2d103d929aefa74c2909a4bc?s=96&d=mm&r=g","url":"https:\/\/secure.gravatar.com\/avatar\/09e6ceb5fccff542915602bda752518fa959b0df2d103d929aefa74c2909a4bc?s=96&d=mm&r=g","contentUrl":"https:\/\/secure.gravatar.com\/avatar\/09e6ceb5fccff542915602bda752518fa959b0df2d103d929aefa74c2909a4bc?s=96&d=mm&r=g","caption":"Augusta Abogados"}}]}},"_links":{"self":[{"href":"https:\/\/augustaabogados.com\/ca\/wp-json\/wp\/v2\/posts\/50860","targetHints":{"allow":["GET"]}}],"collection":[{"href":"https:\/\/augustaabogados.com\/ca\/wp-json\/wp\/v2\/posts"}],"about":[{"href":"https:\/\/augustaabogados.com\/ca\/wp-json\/wp\/v2\/types\/post"}],"author":[{"embeddable":true,"href":"https:\/\/augustaabogados.com\/ca\/wp-json\/wp\/v2\/users\/8"}],"replies":[{"embeddable":true,"href":"https:\/\/augustaabogados.com\/ca\/wp-json\/wp\/v2\/comments?post=50860"}],"version-history":[{"count":3,"href":"https:\/\/augustaabogados.com\/ca\/wp-json\/wp\/v2\/posts\/50860\/revisions"}],"predecessor-version":[{"id":50921,"href":"https:\/\/augustaabogados.com\/ca\/wp-json\/wp\/v2\/posts\/50860\/revisions\/50921"}],"wp:featuredmedia":[{"embeddable":true,"href":"https:\/\/augustaabogados.com\/ca\/wp-json\/wp\/v2\/media\/50861"}],"wp:attachment":[{"href":"https:\/\/augustaabogados.com\/ca\/wp-json\/wp\/v2\/media?parent=50860"}],"wp:term":[{"taxonomy":"category","embeddable":true,"href":"https:\/\/augustaabogados.com\/ca\/wp-json\/wp\/v2\/categories?post=50860"},{"taxonomy":"post_tag","embeddable":true,"href":"https:\/\/augustaabogados.com\/ca\/wp-json\/wp\/v2\/tags?post=50860"},{"taxonomy":"servicio-asociado","embeddable":true,"href":"https:\/\/augustaabogados.com\/ca\/wp-json\/wp\/v2\/servicio-asociado?post=50860"}],"curies":[{"name":"wp","href":"https:\/\/api.w.org\/{rel}","templated":true}]}}