{"id":50881,"date":"2025-11-07T15:06:10","date_gmt":"2025-11-07T15:06:10","guid":{"rendered":"https:\/\/augustaabogados.com\/?p=50881"},"modified":"2025-11-12T15:10:01","modified_gmt":"2025-11-12T15:10:01","slug":"gerard-de-lucas-analitza-la-multa-de-2-000-e-als-pares-dun-menor-per-crear-amb-ia-una-imatge-sexualitzada-duna-companya","status":"publish","type":"post","link":"https:\/\/augustaabogados.com\/ca\/gerard-de-lucas-analitza-la-multa-de-2-000-e-als-pares-dun-menor-per-crear-amb-ia-una-imatge-sexualitzada-duna-companya\/","title":{"rendered":"Gerard de Lucas analitza la multa de 2.000 \u20ac als pares d\u2019un menor per crear amb IA una imatge sexualitzada d\u2019una companya"},"content":{"rendered":"<p data-start=\"45\" data-end=\"540\"><a href=\"https:\/\/augustaabogados.com\/ca\/abogado\/gerard-de-lucas\/\" target=\"_blank\" rel=\"noopener\">Gerard de Lucas<\/a> director de <a href=\"https:\/\/augustaabogados.com\/ca\/serveis\/tecnologia-mitjans-i-telecomunicacions-tmt\/\" target=\"_blank\" rel=\"noopener\">TMT<\/a> a Augusta Abogados, aborda el cas recent en qu\u00e8 els pares d\u2019un menor han estat sancionats amb 2.000\u202f\u20ac despr\u00e9s que el seu fill cre\u00e9s, mitjan\u00e7ant intel\u00b7lig\u00e8ncia artificial, una imatge sexualitzada d\u2019una companya de classe. L\u2019advocat reflexiona sobre les implicacions legals i \u00e8tiques de l\u2019\u00fas d\u2019eines d\u2019IA per generar continguts sensibles, aix\u00ed com sobre la responsabilitat dels progenitors en aquests casos i la necessitat de conscienciar els menors sobre els l\u00edmits i riscos d\u2019aquestes tecnologies.<\/p>\n<p data-start=\"542\" data-end=\"658\" data-is-last-node=\"\" data-is-only-node=\"\">\n","protected":false},"excerpt":{"rendered":"<p>Gerard de Lucas director de TMT a Augusta Abogados, aborda el cas recent en qu\u00e8 els pares d\u2019un menor han estat sancionats amb 2.000\u202f\u20ac despr\u00e9s que el seu fill cre\u00e9s, mitjan\u00e7ant intel\u00b7lig\u00e8ncia artificial, una imatge sexualitzada d\u2019una companya de classe. L\u2019advocat reflexiona sobre les implicacions legals i \u00e8tiques de l\u2019\u00fas d\u2019eines d\u2019IA per generar continguts [&hellip;]<\/p>\n","protected":false},"author":8,"featured_media":50882,"comment_status":"closed","ping_status":"closed","sticky":false,"template":"","format":"standard","meta":{"content-type":"","site-sidebar-layout":"default","site-content-layout":"","ast-site-content-layout":"default","site-content-style":"default","site-sidebar-style":"default","ast-global-header-display":"","ast-banner-title-visibility":"","ast-main-header-display":"","ast-hfb-above-header-display":"","ast-hfb-below-header-display":"","ast-hfb-mobile-header-display":"","site-post-title":"","ast-breadcrumbs-content":"","ast-featured-img":"","footer-sml-layout":"","ast-disable-related-posts":"","theme-transparent-header-meta":"default","adv-header-id-meta":"","stick-header-meta":"","header-above-stick-meta":"","header-main-stick-meta":"","header-below-stick-meta":"","astra-migrate-meta-layouts":"set","ast-page-background-enabled":"default","ast-page-background-meta":{"desktop":{"background-color":"var(--ast-global-color-4)","background-image":"","background-repeat":"repeat","background-position":"center center","background-size":"auto","background-attachment":"scroll","background-type":"","background-media":"","overlay-type":"","overlay-color":"","overlay-opacity":"","overlay-gradient":""},"tablet":{"background-color":"","background-image":"","background-repeat":"repeat","background-position":"center center","background-size":"auto","background-attachment":"scroll","background-type":"","background-media":"","overlay-type":"","overlay-color":"","overlay-opacity":"","overlay-gradient":""},"mobile":{"background-color":"","background-image":"","background-repeat":"repeat","background-position":"center center","background-size":"auto","background-attachment":"scroll","background-type":"","background-media":"","overlay-type":"","overlay-color":"","overlay-opacity":"","overlay-gradient":""}},"ast-content-background-meta":{"desktop":{"background-color":"var(--ast-global-color-5)","background-image":"","background-repeat":"repeat","background-position":"center center","background-size":"auto","background-attachment":"scroll","background-type":"","background-media":"","overlay-type":"","overlay-color":"","overlay-opacity":"","overlay-gradient":""},"tablet":{"background-color":"var(--ast-global-color-5)","background-image":"","background-repeat":"repeat","background-position":"center center","background-size":"auto","background-attachment":"scroll","background-type":"","background-media":"","overlay-type":"","overlay-color":"","overlay-opacity":"","overlay-gradient":""},"mobile":{"background-color":"var(--ast-global-color-5)","background-image":"","background-repeat":"repeat","background-position":"center center","background-size":"auto","background-attachment":"scroll","background-type":"","background-media":"","overlay-type":"","overlay-color":"","overlay-opacity":"","overlay-gradient":""}},"footnotes":""},"categories":[1898],"tags":[2679,3362,2898,1107,3361,3360],"servicio-asociado":[1977,1973,2152],"class_list":["post-50881","post","type-post","status-publish","format-standard","has-post-thumbnail","hentry","category-noticia-ca","tag-2025-ca","tag-aepd","tag-drets-imatge","tag-intelligencia-artificial","tag-multa","tag-sancio","servicio-asociado-ciberseguretat","servicio-asociado-proteccio-de-dades-i-entorns-digitals","servicio-asociado-medios-y-telecomunicaciones-tmt-ca"],"acf":[],"yoast_head":"<!-- This site is optimized with the Yoast SEO plugin v27.4 - https:\/\/yoast.com\/product\/yoast-seo-wordpress\/ -->\n<title>Gerard de Lucas analitza la multa de 2.000 \u20ac als pares d\u2019un menor per crear amb IA una imatge sexualitzada d\u2019una companya - Augusta Abogados<\/title>\n<meta name=\"robots\" content=\"index, follow, max-snippet:-1, max-image-preview:large, max-video-preview:-1\" \/>\n<link rel=\"canonical\" href=\"https:\/\/augustaabogados.com\/ca\/gerard-de-lucas-analitza-la-multa-de-2-000-e-als-pares-dun-menor-per-crear-amb-ia-una-imatge-sexualitzada-duna-companya\/\" \/>\n<meta property=\"og:locale\" content=\"ca_ES\" \/>\n<meta property=\"og:type\" content=\"article\" \/>\n<meta property=\"og:title\" content=\"Gerard de Lucas analitza la multa de 2.000 \u20ac als pares d\u2019un menor per crear amb IA una imatge sexualitzada d\u2019una companya - Augusta Abogados\" \/>\n<meta property=\"og:description\" content=\"Gerard de Lucas director de TMT a Augusta Abogados, aborda el cas recent en qu\u00e8 els pares d\u2019un menor han estat sancionats amb 2.000\u202f\u20ac despr\u00e9s que el seu fill cre\u00e9s, mitjan\u00e7ant intel\u00b7lig\u00e8ncia artificial, una imatge sexualitzada d\u2019una companya de classe. L\u2019advocat reflexiona sobre les implicacions legals i \u00e8tiques de l\u2019\u00fas d\u2019eines d\u2019IA per generar continguts [&hellip;]\" \/>\n<meta property=\"og:url\" content=\"https:\/\/augustaabogados.com\/ca\/gerard-de-lucas-analitza-la-multa-de-2-000-e-als-pares-dun-menor-per-crear-amb-ia-una-imatge-sexualitzada-duna-companya\/\" \/>\n<meta property=\"og:site_name\" content=\"Augusta Abogados\" \/>\n<meta property=\"article:published_time\" content=\"2025-11-07T15:06:10+00:00\" \/>\n<meta property=\"article:modified_time\" content=\"2025-11-12T15:10:01+00:00\" \/>\n<meta property=\"og:image\" content=\"https:\/\/augustaabogados.com\/wp-content\/uploads\/2025\/11\/Catalunya-nit.png\" \/>\n\t<meta property=\"og:image:width\" content=\"670\" \/>\n\t<meta property=\"og:image:height\" content=\"234\" \/>\n\t<meta property=\"og:image:type\" content=\"image\/png\" \/>\n<meta name=\"author\" content=\"Augusta Abogados\" \/>\n<meta name=\"twitter:card\" content=\"summary_large_image\" \/>\n<meta name=\"twitter:label1\" content=\"Escrit per\" \/>\n\t<meta name=\"twitter:data1\" content=\"Augusta Abogados\" \/>\n\t<meta name=\"twitter:label2\" content=\"Temps estimat de lectura\" \/>\n\t<meta name=\"twitter:data2\" content=\"1 minut\" \/>\n<script type=\"application\/ld+json\" class=\"yoast-schema-graph\">{\"@context\":\"https:\\\/\\\/schema.org\",\"@graph\":[{\"@type\":\"Article\",\"@id\":\"https:\\\/\\\/augustaabogados.com\\\/ca\\\/gerard-de-lucas-analitza-la-multa-de-2-000-e-als-pares-dun-menor-per-crear-amb-ia-una-imatge-sexualitzada-duna-companya\\\/#article\",\"isPartOf\":{\"@id\":\"https:\\\/\\\/augustaabogados.com\\\/ca\\\/gerard-de-lucas-analitza-la-multa-de-2-000-e-als-pares-dun-menor-per-crear-amb-ia-una-imatge-sexualitzada-duna-companya\\\/\"},\"author\":{\"name\":\"Augusta Abogados\",\"@id\":\"https:\\\/\\\/augustaabogados.com\\\/#\\\/schema\\\/person\\\/8c5e230eb6ed47cdd14ee188eb04a753\"},\"headline\":\"Gerard de Lucas analitza la multa de 2.000 \u20ac als pares d\u2019un menor per crear amb IA una imatge sexualitzada d\u2019una companya\",\"datePublished\":\"2025-11-07T15:06:10+00:00\",\"dateModified\":\"2025-11-12T15:10:01+00:00\",\"mainEntityOfPage\":{\"@id\":\"https:\\\/\\\/augustaabogados.com\\\/ca\\\/gerard-de-lucas-analitza-la-multa-de-2-000-e-als-pares-dun-menor-per-crear-amb-ia-una-imatge-sexualitzada-duna-companya\\\/\"},\"wordCount\":114,\"publisher\":{\"@id\":\"https:\\\/\\\/augustaabogados.com\\\/#organization\"},\"image\":{\"@id\":\"https:\\\/\\\/augustaabogados.com\\\/ca\\\/gerard-de-lucas-analitza-la-multa-de-2-000-e-als-pares-dun-menor-per-crear-amb-ia-una-imatge-sexualitzada-duna-companya\\\/#primaryimage\"},\"thumbnailUrl\":\"https:\\\/\\\/augustaabogados.com\\\/wp-content\\\/uploads\\\/2025\\\/11\\\/Catalunya-nit.png\",\"keywords\":[\"2025\",\"AEPD\",\"drets imatge\",\"Intel\u00b7lig\u00e8ncia Artificial\",\"multa\",\"sanci\u00f3\"],\"articleSection\":[\"NOT\u00cdCIA\"],\"inLanguage\":\"ca\"},{\"@type\":[\"WebPage\",\"ItemPage\"],\"@id\":\"https:\\\/\\\/augustaabogados.com\\\/ca\\\/gerard-de-lucas-analitza-la-multa-de-2-000-e-als-pares-dun-menor-per-crear-amb-ia-una-imatge-sexualitzada-duna-companya\\\/\",\"url\":\"https:\\\/\\\/augustaabogados.com\\\/ca\\\/gerard-de-lucas-analitza-la-multa-de-2-000-e-als-pares-dun-menor-per-crear-amb-ia-una-imatge-sexualitzada-duna-companya\\\/\",\"name\":\"Gerard de Lucas analitza la multa de 2.000 \u20ac als pares d\u2019un menor per crear amb IA una imatge sexualitzada d\u2019una companya - Augusta Abogados\",\"isPartOf\":{\"@id\":\"https:\\\/\\\/augustaabogados.com\\\/#website\"},\"primaryImageOfPage\":{\"@id\":\"https:\\\/\\\/augustaabogados.com\\\/ca\\\/gerard-de-lucas-analitza-la-multa-de-2-000-e-als-pares-dun-menor-per-crear-amb-ia-una-imatge-sexualitzada-duna-companya\\\/#primaryimage\"},\"image\":{\"@id\":\"https:\\\/\\\/augustaabogados.com\\\/ca\\\/gerard-de-lucas-analitza-la-multa-de-2-000-e-als-pares-dun-menor-per-crear-amb-ia-una-imatge-sexualitzada-duna-companya\\\/#primaryimage\"},\"thumbnailUrl\":\"https:\\\/\\\/augustaabogados.com\\\/wp-content\\\/uploads\\\/2025\\\/11\\\/Catalunya-nit.png\",\"datePublished\":\"2025-11-07T15:06:10+00:00\",\"dateModified\":\"2025-11-12T15:10:01+00:00\",\"breadcrumb\":{\"@id\":\"https:\\\/\\\/augustaabogados.com\\\/ca\\\/gerard-de-lucas-analitza-la-multa-de-2-000-e-als-pares-dun-menor-per-crear-amb-ia-una-imatge-sexualitzada-duna-companya\\\/#breadcrumb\"},\"inLanguage\":\"ca\",\"potentialAction\":[{\"@type\":\"ReadAction\",\"target\":[\"https:\\\/\\\/augustaabogados.com\\\/ca\\\/gerard-de-lucas-analitza-la-multa-de-2-000-e-als-pares-dun-menor-per-crear-amb-ia-una-imatge-sexualitzada-duna-companya\\\/\"]}]},{\"@type\":\"ImageObject\",\"inLanguage\":\"ca\",\"@id\":\"https:\\\/\\\/augustaabogados.com\\\/ca\\\/gerard-de-lucas-analitza-la-multa-de-2-000-e-als-pares-dun-menor-per-crear-amb-ia-una-imatge-sexualitzada-duna-companya\\\/#primaryimage\",\"url\":\"https:\\\/\\\/augustaabogados.com\\\/wp-content\\\/uploads\\\/2025\\\/11\\\/Catalunya-nit.png\",\"contentUrl\":\"https:\\\/\\\/augustaabogados.com\\\/wp-content\\\/uploads\\\/2025\\\/11\\\/Catalunya-nit.png\",\"width\":670,\"height\":234},{\"@type\":\"BreadcrumbList\",\"@id\":\"https:\\\/\\\/augustaabogados.com\\\/ca\\\/gerard-de-lucas-analitza-la-multa-de-2-000-e-als-pares-dun-menor-per-crear-amb-ia-una-imatge-sexualitzada-duna-companya\\\/#breadcrumb\",\"itemListElement\":[{\"@type\":\"ListItem\",\"position\":1,\"name\":\"Portada\",\"item\":\"https:\\\/\\\/augustaabogados.com\\\/ca\\\/\"},{\"@type\":\"ListItem\",\"position\":2,\"name\":\"Gerard de Lucas analitza la multa de 2.000 \u20ac als pares d\u2019un menor per crear amb IA una imatge sexualitzada d\u2019una companya\"}]},{\"@type\":\"WebSite\",\"@id\":\"https:\\\/\\\/augustaabogados.com\\\/#website\",\"url\":\"https:\\\/\\\/augustaabogados.com\\\/\",\"name\":\"Augusta Abogados\",\"description\":\"\",\"publisher\":{\"@id\":\"https:\\\/\\\/augustaabogados.com\\\/#organization\"},\"potentialAction\":[{\"@type\":\"SearchAction\",\"target\":{\"@type\":\"EntryPoint\",\"urlTemplate\":\"https:\\\/\\\/augustaabogados.com\\\/?s={search_term_string}\"},\"query-input\":{\"@type\":\"PropertyValueSpecification\",\"valueRequired\":true,\"valueName\":\"search_term_string\"}}],\"inLanguage\":\"ca\"},{\"@type\":\"Organization\",\"@id\":\"https:\\\/\\\/augustaabogados.com\\\/#organization\",\"name\":\"Augusta Abogados\",\"url\":\"https:\\\/\\\/augustaabogados.com\\\/\",\"logo\":{\"@type\":\"ImageObject\",\"inLanguage\":\"ca\",\"@id\":\"https:\\\/\\\/augustaabogados.com\\\/#\\\/schema\\\/logo\\\/image\\\/\",\"url\":\"https:\\\/\\\/augustaabogados.com\\\/wp-content\\\/uploads\\\/2023\\\/11\\\/LOGO-AUGUSTA.svg\",\"contentUrl\":\"https:\\\/\\\/augustaabogados.com\\\/wp-content\\\/uploads\\\/2023\\\/11\\\/LOGO-AUGUSTA.svg\",\"caption\":\"Augusta Abogados\"},\"image\":{\"@id\":\"https:\\\/\\\/augustaabogados.com\\\/#\\\/schema\\\/logo\\\/image\\\/\"}},{\"@type\":\"Person\",\"@id\":\"https:\\\/\\\/augustaabogados.com\\\/#\\\/schema\\\/person\\\/8c5e230eb6ed47cdd14ee188eb04a753\",\"name\":\"Augusta Abogados\",\"image\":{\"@type\":\"ImageObject\",\"inLanguage\":\"ca\",\"@id\":\"https:\\\/\\\/secure.gravatar.com\\\/avatar\\\/09e6ceb5fccff542915602bda752518fa959b0df2d103d929aefa74c2909a4bc?s=96&d=mm&r=g\",\"url\":\"https:\\\/\\\/secure.gravatar.com\\\/avatar\\\/09e6ceb5fccff542915602bda752518fa959b0df2d103d929aefa74c2909a4bc?s=96&d=mm&r=g\",\"contentUrl\":\"https:\\\/\\\/secure.gravatar.com\\\/avatar\\\/09e6ceb5fccff542915602bda752518fa959b0df2d103d929aefa74c2909a4bc?s=96&d=mm&r=g\",\"caption\":\"Augusta Abogados\"}}]}<\/script>\n<!-- \/ Yoast SEO plugin. -->","yoast_head_json":{"title":"Gerard de Lucas analitza la multa de 2.000 \u20ac als pares d\u2019un menor per crear amb IA una imatge sexualitzada d\u2019una companya - Augusta Abogados","robots":{"index":"index","follow":"follow","max-snippet":"max-snippet:-1","max-image-preview":"max-image-preview:large","max-video-preview":"max-video-preview:-1"},"canonical":"https:\/\/augustaabogados.com\/ca\/gerard-de-lucas-analitza-la-multa-de-2-000-e-als-pares-dun-menor-per-crear-amb-ia-una-imatge-sexualitzada-duna-companya\/","og_locale":"ca_ES","og_type":"article","og_title":"Gerard de Lucas analitza la multa de 2.000 \u20ac als pares d\u2019un menor per crear amb IA una imatge sexualitzada d\u2019una companya - Augusta Abogados","og_description":"Gerard de Lucas director de TMT a Augusta Abogados, aborda el cas recent en qu\u00e8 els pares d\u2019un menor han estat sancionats amb 2.000\u202f\u20ac despr\u00e9s que el seu fill cre\u00e9s, mitjan\u00e7ant intel\u00b7lig\u00e8ncia artificial, una imatge sexualitzada d\u2019una companya de classe. L\u2019advocat reflexiona sobre les implicacions legals i \u00e8tiques de l\u2019\u00fas d\u2019eines d\u2019IA per generar continguts [&hellip;]","og_url":"https:\/\/augustaabogados.com\/ca\/gerard-de-lucas-analitza-la-multa-de-2-000-e-als-pares-dun-menor-per-crear-amb-ia-una-imatge-sexualitzada-duna-companya\/","og_site_name":"Augusta Abogados","article_published_time":"2025-11-07T15:06:10+00:00","article_modified_time":"2025-11-12T15:10:01+00:00","og_image":[{"width":670,"height":234,"url":"https:\/\/augustaabogados.com\/wp-content\/uploads\/2025\/11\/Catalunya-nit.png","type":"image\/png"}],"author":"Augusta Abogados","twitter_card":"summary_large_image","twitter_misc":{"Escrit per":"Augusta Abogados","Temps estimat de lectura":"1 minut"},"schema":{"@context":"https:\/\/schema.org","@graph":[{"@type":"Article","@id":"https:\/\/augustaabogados.com\/ca\/gerard-de-lucas-analitza-la-multa-de-2-000-e-als-pares-dun-menor-per-crear-amb-ia-una-imatge-sexualitzada-duna-companya\/#article","isPartOf":{"@id":"https:\/\/augustaabogados.com\/ca\/gerard-de-lucas-analitza-la-multa-de-2-000-e-als-pares-dun-menor-per-crear-amb-ia-una-imatge-sexualitzada-duna-companya\/"},"author":{"name":"Augusta Abogados","@id":"https:\/\/augustaabogados.com\/#\/schema\/person\/8c5e230eb6ed47cdd14ee188eb04a753"},"headline":"Gerard de Lucas analitza la multa de 2.000 \u20ac als pares d\u2019un menor per crear amb IA una imatge sexualitzada d\u2019una companya","datePublished":"2025-11-07T15:06:10+00:00","dateModified":"2025-11-12T15:10:01+00:00","mainEntityOfPage":{"@id":"https:\/\/augustaabogados.com\/ca\/gerard-de-lucas-analitza-la-multa-de-2-000-e-als-pares-dun-menor-per-crear-amb-ia-una-imatge-sexualitzada-duna-companya\/"},"wordCount":114,"publisher":{"@id":"https:\/\/augustaabogados.com\/#organization"},"image":{"@id":"https:\/\/augustaabogados.com\/ca\/gerard-de-lucas-analitza-la-multa-de-2-000-e-als-pares-dun-menor-per-crear-amb-ia-una-imatge-sexualitzada-duna-companya\/#primaryimage"},"thumbnailUrl":"https:\/\/augustaabogados.com\/wp-content\/uploads\/2025\/11\/Catalunya-nit.png","keywords":["2025","AEPD","drets imatge","Intel\u00b7lig\u00e8ncia Artificial","multa","sanci\u00f3"],"articleSection":["NOT\u00cdCIA"],"inLanguage":"ca"},{"@type":["WebPage","ItemPage"],"@id":"https:\/\/augustaabogados.com\/ca\/gerard-de-lucas-analitza-la-multa-de-2-000-e-als-pares-dun-menor-per-crear-amb-ia-una-imatge-sexualitzada-duna-companya\/","url":"https:\/\/augustaabogados.com\/ca\/gerard-de-lucas-analitza-la-multa-de-2-000-e-als-pares-dun-menor-per-crear-amb-ia-una-imatge-sexualitzada-duna-companya\/","name":"Gerard de Lucas analitza la multa de 2.000 \u20ac als pares d\u2019un menor per crear amb IA una imatge sexualitzada d\u2019una companya - Augusta Abogados","isPartOf":{"@id":"https:\/\/augustaabogados.com\/#website"},"primaryImageOfPage":{"@id":"https:\/\/augustaabogados.com\/ca\/gerard-de-lucas-analitza-la-multa-de-2-000-e-als-pares-dun-menor-per-crear-amb-ia-una-imatge-sexualitzada-duna-companya\/#primaryimage"},"image":{"@id":"https:\/\/augustaabogados.com\/ca\/gerard-de-lucas-analitza-la-multa-de-2-000-e-als-pares-dun-menor-per-crear-amb-ia-una-imatge-sexualitzada-duna-companya\/#primaryimage"},"thumbnailUrl":"https:\/\/augustaabogados.com\/wp-content\/uploads\/2025\/11\/Catalunya-nit.png","datePublished":"2025-11-07T15:06:10+00:00","dateModified":"2025-11-12T15:10:01+00:00","breadcrumb":{"@id":"https:\/\/augustaabogados.com\/ca\/gerard-de-lucas-analitza-la-multa-de-2-000-e-als-pares-dun-menor-per-crear-amb-ia-una-imatge-sexualitzada-duna-companya\/#breadcrumb"},"inLanguage":"ca","potentialAction":[{"@type":"ReadAction","target":["https:\/\/augustaabogados.com\/ca\/gerard-de-lucas-analitza-la-multa-de-2-000-e-als-pares-dun-menor-per-crear-amb-ia-una-imatge-sexualitzada-duna-companya\/"]}]},{"@type":"ImageObject","inLanguage":"ca","@id":"https:\/\/augustaabogados.com\/ca\/gerard-de-lucas-analitza-la-multa-de-2-000-e-als-pares-dun-menor-per-crear-amb-ia-una-imatge-sexualitzada-duna-companya\/#primaryimage","url":"https:\/\/augustaabogados.com\/wp-content\/uploads\/2025\/11\/Catalunya-nit.png","contentUrl":"https:\/\/augustaabogados.com\/wp-content\/uploads\/2025\/11\/Catalunya-nit.png","width":670,"height":234},{"@type":"BreadcrumbList","@id":"https:\/\/augustaabogados.com\/ca\/gerard-de-lucas-analitza-la-multa-de-2-000-e-als-pares-dun-menor-per-crear-amb-ia-una-imatge-sexualitzada-duna-companya\/#breadcrumb","itemListElement":[{"@type":"ListItem","position":1,"name":"Portada","item":"https:\/\/augustaabogados.com\/ca\/"},{"@type":"ListItem","position":2,"name":"Gerard de Lucas analitza la multa de 2.000 \u20ac als pares d\u2019un menor per crear amb IA una imatge sexualitzada d\u2019una companya"}]},{"@type":"WebSite","@id":"https:\/\/augustaabogados.com\/#website","url":"https:\/\/augustaabogados.com\/","name":"Augusta Abogados","description":"","publisher":{"@id":"https:\/\/augustaabogados.com\/#organization"},"potentialAction":[{"@type":"SearchAction","target":{"@type":"EntryPoint","urlTemplate":"https:\/\/augustaabogados.com\/?s={search_term_string}"},"query-input":{"@type":"PropertyValueSpecification","valueRequired":true,"valueName":"search_term_string"}}],"inLanguage":"ca"},{"@type":"Organization","@id":"https:\/\/augustaabogados.com\/#organization","name":"Augusta Abogados","url":"https:\/\/augustaabogados.com\/","logo":{"@type":"ImageObject","inLanguage":"ca","@id":"https:\/\/augustaabogados.com\/#\/schema\/logo\/image\/","url":"https:\/\/augustaabogados.com\/wp-content\/uploads\/2023\/11\/LOGO-AUGUSTA.svg","contentUrl":"https:\/\/augustaabogados.com\/wp-content\/uploads\/2023\/11\/LOGO-AUGUSTA.svg","caption":"Augusta Abogados"},"image":{"@id":"https:\/\/augustaabogados.com\/#\/schema\/logo\/image\/"}},{"@type":"Person","@id":"https:\/\/augustaabogados.com\/#\/schema\/person\/8c5e230eb6ed47cdd14ee188eb04a753","name":"Augusta Abogados","image":{"@type":"ImageObject","inLanguage":"ca","@id":"https:\/\/secure.gravatar.com\/avatar\/09e6ceb5fccff542915602bda752518fa959b0df2d103d929aefa74c2909a4bc?s=96&d=mm&r=g","url":"https:\/\/secure.gravatar.com\/avatar\/09e6ceb5fccff542915602bda752518fa959b0df2d103d929aefa74c2909a4bc?s=96&d=mm&r=g","contentUrl":"https:\/\/secure.gravatar.com\/avatar\/09e6ceb5fccff542915602bda752518fa959b0df2d103d929aefa74c2909a4bc?s=96&d=mm&r=g","caption":"Augusta Abogados"}}]}},"_links":{"self":[{"href":"https:\/\/augustaabogados.com\/ca\/wp-json\/wp\/v2\/posts\/50881","targetHints":{"allow":["GET"]}}],"collection":[{"href":"https:\/\/augustaabogados.com\/ca\/wp-json\/wp\/v2\/posts"}],"about":[{"href":"https:\/\/augustaabogados.com\/ca\/wp-json\/wp\/v2\/types\/post"}],"author":[{"embeddable":true,"href":"https:\/\/augustaabogados.com\/ca\/wp-json\/wp\/v2\/users\/8"}],"replies":[{"embeddable":true,"href":"https:\/\/augustaabogados.com\/ca\/wp-json\/wp\/v2\/comments?post=50881"}],"version-history":[{"count":4,"href":"https:\/\/augustaabogados.com\/ca\/wp-json\/wp\/v2\/posts\/50881\/revisions"}],"predecessor-version":[{"id":50888,"href":"https:\/\/augustaabogados.com\/ca\/wp-json\/wp\/v2\/posts\/50881\/revisions\/50888"}],"wp:featuredmedia":[{"embeddable":true,"href":"https:\/\/augustaabogados.com\/ca\/wp-json\/wp\/v2\/media\/50882"}],"wp:attachment":[{"href":"https:\/\/augustaabogados.com\/ca\/wp-json\/wp\/v2\/media?parent=50881"}],"wp:term":[{"taxonomy":"category","embeddable":true,"href":"https:\/\/augustaabogados.com\/ca\/wp-json\/wp\/v2\/categories?post=50881"},{"taxonomy":"post_tag","embeddable":true,"href":"https:\/\/augustaabogados.com\/ca\/wp-json\/wp\/v2\/tags?post=50881"},{"taxonomy":"servicio-asociado","embeddable":true,"href":"https:\/\/augustaabogados.com\/ca\/wp-json\/wp\/v2\/servicio-asociado?post=50881"}],"curies":[{"name":"wp","href":"https:\/\/api.w.org\/{rel}","templated":true}]}}