{"id":50898,"date":"2025-11-08T15:24:48","date_gmt":"2025-11-08T15:24:48","guid":{"rendered":"https:\/\/augustaabogados.com\/bars-i-restaurants-a-que-tenim-dret-i-a-que-no-la-solucio-amb-luis-cordon\/"},"modified":"2025-11-12T15:33:19","modified_gmt":"2025-11-12T15:33:19","slug":"bars-i-restaurants-a-que-tenim-dret-i-a-que-no-la-solucio-amb-luis-cordon","status":"publish","type":"post","link":"https:\/\/augustaabogados.com\/ca\/bars-i-restaurants-a-que-tenim-dret-i-a-que-no-la-solucio-amb-luis-cordon\/","title":{"rendered":"Bars i restaurants. A qu\u00e8 tenim dret i a qu\u00e8 no? La soluci\u00f3 amb Lu\u00eds Cord\u00f3n."},"content":{"rendered":"<div class=\"fila_row__2R5i2 \">\n<article class=\"itemaudio_itemAudioWrapper__MBiDq\">\n<div class=\"itemaudio_wrapperEntradeta__x9BDj\">\n<div class=\"itemaudio_entradeta__zzoTy\">\n<div class=\"itemaudio_dataActualitzacio__Dc9Ia\">\n<p data-start=\"64\" data-end=\"400\"><a href=\"https:\/\/augustaabogados.com\/ca\/abogado\/luis-cordon\/\" target=\"_blank\" rel=\"noopener\"><strong data-start=\"64\" data-end=\"79\">Luis Cord\u00f3n<\/strong><\/a>, soci responsable de l\u2019\u00c0rea de<a href=\"https:\/\/augustaabogados.com\/ca\/serveis\/litigacio-i-arbitratge\/\" target=\"_blank\" rel=\"noopener\"> Litigaci\u00f3 i Arbitratge<\/a> d\u2019<strong data-start=\"136\" data-end=\"156\">Augusta Abogados<\/strong>, participa juntament amb <strong data-start=\"182\" data-end=\"196\">Ra\u00fcl Balam<\/strong>, xef del restaurant <em data-start=\"217\" data-end=\"233\">Cuina Sant Pau<\/em> de Sant Pol de Mar; <strong data-start=\"254\" data-end=\"271\">Malcolm Otero<\/strong> i <strong data-start=\"274\" data-end=\"291\" data-is-only-node=\"\">Marta Pontnou<\/strong> al programa <em data-start=\"304\" data-end=\"316\">La Soluci\u00f3<\/em> de <strong data-start=\"320\" data-end=\"339\">Catalunya R\u00e0dio<\/strong>, en una sessi\u00f3 dedicada als reptes del sector gastron\u00f2mic.<\/p>\n<p data-start=\"402\" data-end=\"616\">Durant la conversa, es van abordar q\u00fcestions sobre la gesti\u00f3 i els aspectes legals que afecten el dia a dia dels negocis de restauraci\u00f3, en un debat que va combinar experi\u00e8ncia jur\u00eddica, gastron\u00f2mica i empresarial.<\/p>\n<p data-start=\"201\" data-end=\"507\">\n<\/div>\n<\/div>\n<\/div>\n<\/article>\n<\/div>\n","protected":false},"excerpt":{"rendered":"<p>Luis Cord\u00f3n, soci responsable de l\u2019\u00c0rea de Litigaci\u00f3 i Arbitratge d\u2019Augusta Abogados, participa juntament amb Ra\u00fcl Balam, xef del restaurant Cuina Sant Pau de Sant Pol de Mar; Malcolm Otero i Marta Pontnou al programa La Soluci\u00f3 de Catalunya R\u00e0dio, en una sessi\u00f3 dedicada als reptes del sector gastron\u00f2mic. Durant la conversa, es van abordar [&hellip;]<\/p>\n","protected":false},"author":8,"featured_media":50894,"comment_status":"closed","ping_status":"closed","sticky":false,"template":"","format":"standard","meta":{"content-type":"","site-sidebar-layout":"default","site-content-layout":"","ast-site-content-layout":"default","site-content-style":"default","site-sidebar-style":"default","ast-global-header-display":"","ast-banner-title-visibility":"","ast-main-header-display":"","ast-hfb-above-header-display":"","ast-hfb-below-header-display":"","ast-hfb-mobile-header-display":"","site-post-title":"","ast-breadcrumbs-content":"","ast-featured-img":"","footer-sml-layout":"","ast-disable-related-posts":"","theme-transparent-header-meta":"default","adv-header-id-meta":"","stick-header-meta":"","header-above-stick-meta":"","header-main-stick-meta":"","header-below-stick-meta":"","astra-migrate-meta-layouts":"set","ast-page-background-enabled":"default","ast-page-background-meta":{"desktop":{"background-color":"var(--ast-global-color-4)","background-image":"","background-repeat":"repeat","background-position":"center center","background-size":"auto","background-attachment":"scroll","background-type":"","background-media":"","overlay-type":"","overlay-color":"","overlay-opacity":"","overlay-gradient":""},"tablet":{"background-color":"","background-image":"","background-repeat":"repeat","background-position":"center center","background-size":"auto","background-attachment":"scroll","background-type":"","background-media":"","overlay-type":"","overlay-color":"","overlay-opacity":"","overlay-gradient":""},"mobile":{"background-color":"","background-image":"","background-repeat":"repeat","background-position":"center center","background-size":"auto","background-attachment":"scroll","background-type":"","background-media":"","overlay-type":"","overlay-color":"","overlay-opacity":"","overlay-gradient":""}},"ast-content-background-meta":{"desktop":{"background-color":"var(--ast-global-color-5)","background-image":"","background-repeat":"repeat","background-position":"center center","background-size":"auto","background-attachment":"scroll","background-type":"","background-media":"","overlay-type":"","overlay-color":"","overlay-opacity":"","overlay-gradient":""},"tablet":{"background-color":"var(--ast-global-color-5)","background-image":"","background-repeat":"repeat","background-position":"center center","background-size":"auto","background-attachment":"scroll","background-type":"","background-media":"","overlay-type":"","overlay-color":"","overlay-opacity":"","overlay-gradient":""},"mobile":{"background-color":"var(--ast-global-color-5)","background-image":"","background-repeat":"repeat","background-position":"center center","background-size":"auto","background-attachment":"scroll","background-type":"","background-media":"","overlay-type":"","overlay-color":"","overlay-opacity":"","overlay-gradient":""}},"footnotes":""},"categories":[1898],"tags":[2679,3377],"servicio-asociado":[1860],"class_list":["post-50898","post","type-post","status-publish","format-standard","has-post-thumbnail","hentry","category-noticia-ca","tag-2025-ca","tag-restaurants","servicio-asociado-litigacion-y-arbitraje-ca"],"acf":[],"yoast_head":"<!-- This site is optimized with the Yoast SEO plugin v27.4 - https:\/\/yoast.com\/product\/yoast-seo-wordpress\/ -->\n<title>Bars i restaurants. A qu\u00e8 tenim dret i a qu\u00e8 no? La soluci\u00f3 amb Lu\u00eds Cord\u00f3n. - Augusta Abogados<\/title>\n<meta name=\"robots\" content=\"index, follow, max-snippet:-1, max-image-preview:large, max-video-preview:-1\" \/>\n<link rel=\"canonical\" href=\"https:\/\/augustaabogados.com\/ca\/bars-i-restaurants-a-que-tenim-dret-i-a-que-no-la-solucio-amb-luis-cordon\/\" \/>\n<meta property=\"og:locale\" content=\"ca_ES\" \/>\n<meta property=\"og:type\" content=\"article\" \/>\n<meta property=\"og:title\" content=\"Bars i restaurants. A qu\u00e8 tenim dret i a qu\u00e8 no? La soluci\u00f3 amb Lu\u00eds Cord\u00f3n. - Augusta Abogados\" \/>\n<meta property=\"og:description\" content=\"Luis Cord\u00f3n, soci responsable de l\u2019\u00c0rea de Litigaci\u00f3 i Arbitratge d\u2019Augusta Abogados, participa juntament amb Ra\u00fcl Balam, xef del restaurant Cuina Sant Pau de Sant Pol de Mar; Malcolm Otero i Marta Pontnou al programa La Soluci\u00f3 de Catalunya R\u00e0dio, en una sessi\u00f3 dedicada als reptes del sector gastron\u00f2mic. Durant la conversa, es van abordar [&hellip;]\" \/>\n<meta property=\"og:url\" content=\"https:\/\/augustaabogados.com\/ca\/bars-i-restaurants-a-que-tenim-dret-i-a-que-no-la-solucio-amb-luis-cordon\/\" \/>\n<meta property=\"og:site_name\" content=\"Augusta Abogados\" \/>\n<meta property=\"article:published_time\" content=\"2025-11-08T15:24:48+00:00\" \/>\n<meta property=\"article:modified_time\" content=\"2025-11-12T15:33:19+00:00\" \/>\n<meta property=\"og:image\" content=\"https:\/\/augustaabogados.com\/wp-content\/uploads\/2025\/11\/La-Solucio.png\" \/>\n\t<meta property=\"og:image:width\" content=\"1441\" \/>\n\t<meta property=\"og:image:height\" content=\"472\" \/>\n\t<meta property=\"og:image:type\" content=\"image\/png\" \/>\n<meta name=\"author\" content=\"Augusta Abogados\" \/>\n<meta name=\"twitter:card\" content=\"summary_large_image\" \/>\n<meta name=\"twitter:label1\" content=\"Escrit per\" \/>\n\t<meta name=\"twitter:data1\" content=\"Augusta Abogados\" \/>\n\t<meta name=\"twitter:label2\" content=\"Temps estimat de lectura\" \/>\n\t<meta name=\"twitter:data2\" content=\"1 minut\" \/>\n<script type=\"application\/ld+json\" class=\"yoast-schema-graph\">{\"@context\":\"https:\\\/\\\/schema.org\",\"@graph\":[{\"@type\":\"Article\",\"@id\":\"https:\\\/\\\/augustaabogados.com\\\/ca\\\/bars-i-restaurants-a-que-tenim-dret-i-a-que-no-la-solucio-amb-luis-cordon\\\/#article\",\"isPartOf\":{\"@id\":\"https:\\\/\\\/augustaabogados.com\\\/ca\\\/bars-i-restaurants-a-que-tenim-dret-i-a-que-no-la-solucio-amb-luis-cordon\\\/\"},\"author\":{\"name\":\"Augusta Abogados\",\"@id\":\"https:\\\/\\\/augustaabogados.com\\\/#\\\/schema\\\/person\\\/8c5e230eb6ed47cdd14ee188eb04a753\"},\"headline\":\"Bars i restaurants. A qu\u00e8 tenim dret i a qu\u00e8 no? La soluci\u00f3 amb Lu\u00eds Cord\u00f3n.\",\"datePublished\":\"2025-11-08T15:24:48+00:00\",\"dateModified\":\"2025-11-12T15:33:19+00:00\",\"mainEntityOfPage\":{\"@id\":\"https:\\\/\\\/augustaabogados.com\\\/ca\\\/bars-i-restaurants-a-que-tenim-dret-i-a-que-no-la-solucio-amb-luis-cordon\\\/\"},\"wordCount\":112,\"publisher\":{\"@id\":\"https:\\\/\\\/augustaabogados.com\\\/#organization\"},\"image\":{\"@id\":\"https:\\\/\\\/augustaabogados.com\\\/ca\\\/bars-i-restaurants-a-que-tenim-dret-i-a-que-no-la-solucio-amb-luis-cordon\\\/#primaryimage\"},\"thumbnailUrl\":\"https:\\\/\\\/augustaabogados.com\\\/wp-content\\\/uploads\\\/2025\\\/11\\\/La-Solucio.png\",\"keywords\":[\"2025\",\"restaurants\"],\"articleSection\":[\"NOT\u00cdCIA\"],\"inLanguage\":\"ca\"},{\"@type\":[\"WebPage\",\"ItemPage\"],\"@id\":\"https:\\\/\\\/augustaabogados.com\\\/ca\\\/bars-i-restaurants-a-que-tenim-dret-i-a-que-no-la-solucio-amb-luis-cordon\\\/\",\"url\":\"https:\\\/\\\/augustaabogados.com\\\/ca\\\/bars-i-restaurants-a-que-tenim-dret-i-a-que-no-la-solucio-amb-luis-cordon\\\/\",\"name\":\"Bars i restaurants. A qu\u00e8 tenim dret i a qu\u00e8 no? La soluci\u00f3 amb Lu\u00eds Cord\u00f3n. - Augusta Abogados\",\"isPartOf\":{\"@id\":\"https:\\\/\\\/augustaabogados.com\\\/#website\"},\"primaryImageOfPage\":{\"@id\":\"https:\\\/\\\/augustaabogados.com\\\/ca\\\/bars-i-restaurants-a-que-tenim-dret-i-a-que-no-la-solucio-amb-luis-cordon\\\/#primaryimage\"},\"image\":{\"@id\":\"https:\\\/\\\/augustaabogados.com\\\/ca\\\/bars-i-restaurants-a-que-tenim-dret-i-a-que-no-la-solucio-amb-luis-cordon\\\/#primaryimage\"},\"thumbnailUrl\":\"https:\\\/\\\/augustaabogados.com\\\/wp-content\\\/uploads\\\/2025\\\/11\\\/La-Solucio.png\",\"datePublished\":\"2025-11-08T15:24:48+00:00\",\"dateModified\":\"2025-11-12T15:33:19+00:00\",\"breadcrumb\":{\"@id\":\"https:\\\/\\\/augustaabogados.com\\\/ca\\\/bars-i-restaurants-a-que-tenim-dret-i-a-que-no-la-solucio-amb-luis-cordon\\\/#breadcrumb\"},\"inLanguage\":\"ca\",\"potentialAction\":[{\"@type\":\"ReadAction\",\"target\":[\"https:\\\/\\\/augustaabogados.com\\\/ca\\\/bars-i-restaurants-a-que-tenim-dret-i-a-que-no-la-solucio-amb-luis-cordon\\\/\"]}]},{\"@type\":\"ImageObject\",\"inLanguage\":\"ca\",\"@id\":\"https:\\\/\\\/augustaabogados.com\\\/ca\\\/bars-i-restaurants-a-que-tenim-dret-i-a-que-no-la-solucio-amb-luis-cordon\\\/#primaryimage\",\"url\":\"https:\\\/\\\/augustaabogados.com\\\/wp-content\\\/uploads\\\/2025\\\/11\\\/La-Solucio.png\",\"contentUrl\":\"https:\\\/\\\/augustaabogados.com\\\/wp-content\\\/uploads\\\/2025\\\/11\\\/La-Solucio.png\",\"width\":1441,\"height\":472},{\"@type\":\"BreadcrumbList\",\"@id\":\"https:\\\/\\\/augustaabogados.com\\\/ca\\\/bars-i-restaurants-a-que-tenim-dret-i-a-que-no-la-solucio-amb-luis-cordon\\\/#breadcrumb\",\"itemListElement\":[{\"@type\":\"ListItem\",\"position\":1,\"name\":\"Portada\",\"item\":\"https:\\\/\\\/augustaabogados.com\\\/ca\\\/\"},{\"@type\":\"ListItem\",\"position\":2,\"name\":\"Bars i restaurants. A qu\u00e8 tenim dret i a qu\u00e8 no? La soluci\u00f3 amb Lu\u00eds Cord\u00f3n.\"}]},{\"@type\":\"WebSite\",\"@id\":\"https:\\\/\\\/augustaabogados.com\\\/#website\",\"url\":\"https:\\\/\\\/augustaabogados.com\\\/\",\"name\":\"Augusta Abogados\",\"description\":\"\",\"publisher\":{\"@id\":\"https:\\\/\\\/augustaabogados.com\\\/#organization\"},\"potentialAction\":[{\"@type\":\"SearchAction\",\"target\":{\"@type\":\"EntryPoint\",\"urlTemplate\":\"https:\\\/\\\/augustaabogados.com\\\/?s={search_term_string}\"},\"query-input\":{\"@type\":\"PropertyValueSpecification\",\"valueRequired\":true,\"valueName\":\"search_term_string\"}}],\"inLanguage\":\"ca\"},{\"@type\":\"Organization\",\"@id\":\"https:\\\/\\\/augustaabogados.com\\\/#organization\",\"name\":\"Augusta Abogados\",\"url\":\"https:\\\/\\\/augustaabogados.com\\\/\",\"logo\":{\"@type\":\"ImageObject\",\"inLanguage\":\"ca\",\"@id\":\"https:\\\/\\\/augustaabogados.com\\\/#\\\/schema\\\/logo\\\/image\\\/\",\"url\":\"https:\\\/\\\/augustaabogados.com\\\/wp-content\\\/uploads\\\/2023\\\/11\\\/LOGO-AUGUSTA.svg\",\"contentUrl\":\"https:\\\/\\\/augustaabogados.com\\\/wp-content\\\/uploads\\\/2023\\\/11\\\/LOGO-AUGUSTA.svg\",\"caption\":\"Augusta Abogados\"},\"image\":{\"@id\":\"https:\\\/\\\/augustaabogados.com\\\/#\\\/schema\\\/logo\\\/image\\\/\"}},{\"@type\":\"Person\",\"@id\":\"https:\\\/\\\/augustaabogados.com\\\/#\\\/schema\\\/person\\\/8c5e230eb6ed47cdd14ee188eb04a753\",\"name\":\"Augusta Abogados\",\"image\":{\"@type\":\"ImageObject\",\"inLanguage\":\"ca\",\"@id\":\"https:\\\/\\\/secure.gravatar.com\\\/avatar\\\/09e6ceb5fccff542915602bda752518fa959b0df2d103d929aefa74c2909a4bc?s=96&d=mm&r=g\",\"url\":\"https:\\\/\\\/secure.gravatar.com\\\/avatar\\\/09e6ceb5fccff542915602bda752518fa959b0df2d103d929aefa74c2909a4bc?s=96&d=mm&r=g\",\"contentUrl\":\"https:\\\/\\\/secure.gravatar.com\\\/avatar\\\/09e6ceb5fccff542915602bda752518fa959b0df2d103d929aefa74c2909a4bc?s=96&d=mm&r=g\",\"caption\":\"Augusta Abogados\"}}]}<\/script>\n<!-- \/ Yoast SEO plugin. -->","yoast_head_json":{"title":"Bars i restaurants. A qu\u00e8 tenim dret i a qu\u00e8 no? La soluci\u00f3 amb Lu\u00eds Cord\u00f3n. - Augusta Abogados","robots":{"index":"index","follow":"follow","max-snippet":"max-snippet:-1","max-image-preview":"max-image-preview:large","max-video-preview":"max-video-preview:-1"},"canonical":"https:\/\/augustaabogados.com\/ca\/bars-i-restaurants-a-que-tenim-dret-i-a-que-no-la-solucio-amb-luis-cordon\/","og_locale":"ca_ES","og_type":"article","og_title":"Bars i restaurants. A qu\u00e8 tenim dret i a qu\u00e8 no? La soluci\u00f3 amb Lu\u00eds Cord\u00f3n. - Augusta Abogados","og_description":"Luis Cord\u00f3n, soci responsable de l\u2019\u00c0rea de Litigaci\u00f3 i Arbitratge d\u2019Augusta Abogados, participa juntament amb Ra\u00fcl Balam, xef del restaurant Cuina Sant Pau de Sant Pol de Mar; Malcolm Otero i Marta Pontnou al programa La Soluci\u00f3 de Catalunya R\u00e0dio, en una sessi\u00f3 dedicada als reptes del sector gastron\u00f2mic. Durant la conversa, es van abordar [&hellip;]","og_url":"https:\/\/augustaabogados.com\/ca\/bars-i-restaurants-a-que-tenim-dret-i-a-que-no-la-solucio-amb-luis-cordon\/","og_site_name":"Augusta Abogados","article_published_time":"2025-11-08T15:24:48+00:00","article_modified_time":"2025-11-12T15:33:19+00:00","og_image":[{"width":1441,"height":472,"url":"https:\/\/augustaabogados.com\/wp-content\/uploads\/2025\/11\/La-Solucio.png","type":"image\/png"}],"author":"Augusta Abogados","twitter_card":"summary_large_image","twitter_misc":{"Escrit per":"Augusta Abogados","Temps estimat de lectura":"1 minut"},"schema":{"@context":"https:\/\/schema.org","@graph":[{"@type":"Article","@id":"https:\/\/augustaabogados.com\/ca\/bars-i-restaurants-a-que-tenim-dret-i-a-que-no-la-solucio-amb-luis-cordon\/#article","isPartOf":{"@id":"https:\/\/augustaabogados.com\/ca\/bars-i-restaurants-a-que-tenim-dret-i-a-que-no-la-solucio-amb-luis-cordon\/"},"author":{"name":"Augusta Abogados","@id":"https:\/\/augustaabogados.com\/#\/schema\/person\/8c5e230eb6ed47cdd14ee188eb04a753"},"headline":"Bars i restaurants. A qu\u00e8 tenim dret i a qu\u00e8 no? La soluci\u00f3 amb Lu\u00eds Cord\u00f3n.","datePublished":"2025-11-08T15:24:48+00:00","dateModified":"2025-11-12T15:33:19+00:00","mainEntityOfPage":{"@id":"https:\/\/augustaabogados.com\/ca\/bars-i-restaurants-a-que-tenim-dret-i-a-que-no-la-solucio-amb-luis-cordon\/"},"wordCount":112,"publisher":{"@id":"https:\/\/augustaabogados.com\/#organization"},"image":{"@id":"https:\/\/augustaabogados.com\/ca\/bars-i-restaurants-a-que-tenim-dret-i-a-que-no-la-solucio-amb-luis-cordon\/#primaryimage"},"thumbnailUrl":"https:\/\/augustaabogados.com\/wp-content\/uploads\/2025\/11\/La-Solucio.png","keywords":["2025","restaurants"],"articleSection":["NOT\u00cdCIA"],"inLanguage":"ca"},{"@type":["WebPage","ItemPage"],"@id":"https:\/\/augustaabogados.com\/ca\/bars-i-restaurants-a-que-tenim-dret-i-a-que-no-la-solucio-amb-luis-cordon\/","url":"https:\/\/augustaabogados.com\/ca\/bars-i-restaurants-a-que-tenim-dret-i-a-que-no-la-solucio-amb-luis-cordon\/","name":"Bars i restaurants. A qu\u00e8 tenim dret i a qu\u00e8 no? La soluci\u00f3 amb Lu\u00eds Cord\u00f3n. - Augusta Abogados","isPartOf":{"@id":"https:\/\/augustaabogados.com\/#website"},"primaryImageOfPage":{"@id":"https:\/\/augustaabogados.com\/ca\/bars-i-restaurants-a-que-tenim-dret-i-a-que-no-la-solucio-amb-luis-cordon\/#primaryimage"},"image":{"@id":"https:\/\/augustaabogados.com\/ca\/bars-i-restaurants-a-que-tenim-dret-i-a-que-no-la-solucio-amb-luis-cordon\/#primaryimage"},"thumbnailUrl":"https:\/\/augustaabogados.com\/wp-content\/uploads\/2025\/11\/La-Solucio.png","datePublished":"2025-11-08T15:24:48+00:00","dateModified":"2025-11-12T15:33:19+00:00","breadcrumb":{"@id":"https:\/\/augustaabogados.com\/ca\/bars-i-restaurants-a-que-tenim-dret-i-a-que-no-la-solucio-amb-luis-cordon\/#breadcrumb"},"inLanguage":"ca","potentialAction":[{"@type":"ReadAction","target":["https:\/\/augustaabogados.com\/ca\/bars-i-restaurants-a-que-tenim-dret-i-a-que-no-la-solucio-amb-luis-cordon\/"]}]},{"@type":"ImageObject","inLanguage":"ca","@id":"https:\/\/augustaabogados.com\/ca\/bars-i-restaurants-a-que-tenim-dret-i-a-que-no-la-solucio-amb-luis-cordon\/#primaryimage","url":"https:\/\/augustaabogados.com\/wp-content\/uploads\/2025\/11\/La-Solucio.png","contentUrl":"https:\/\/augustaabogados.com\/wp-content\/uploads\/2025\/11\/La-Solucio.png","width":1441,"height":472},{"@type":"BreadcrumbList","@id":"https:\/\/augustaabogados.com\/ca\/bars-i-restaurants-a-que-tenim-dret-i-a-que-no-la-solucio-amb-luis-cordon\/#breadcrumb","itemListElement":[{"@type":"ListItem","position":1,"name":"Portada","item":"https:\/\/augustaabogados.com\/ca\/"},{"@type":"ListItem","position":2,"name":"Bars i restaurants. A qu\u00e8 tenim dret i a qu\u00e8 no? La soluci\u00f3 amb Lu\u00eds Cord\u00f3n."}]},{"@type":"WebSite","@id":"https:\/\/augustaabogados.com\/#website","url":"https:\/\/augustaabogados.com\/","name":"Augusta Abogados","description":"","publisher":{"@id":"https:\/\/augustaabogados.com\/#organization"},"potentialAction":[{"@type":"SearchAction","target":{"@type":"EntryPoint","urlTemplate":"https:\/\/augustaabogados.com\/?s={search_term_string}"},"query-input":{"@type":"PropertyValueSpecification","valueRequired":true,"valueName":"search_term_string"}}],"inLanguage":"ca"},{"@type":"Organization","@id":"https:\/\/augustaabogados.com\/#organization","name":"Augusta Abogados","url":"https:\/\/augustaabogados.com\/","logo":{"@type":"ImageObject","inLanguage":"ca","@id":"https:\/\/augustaabogados.com\/#\/schema\/logo\/image\/","url":"https:\/\/augustaabogados.com\/wp-content\/uploads\/2023\/11\/LOGO-AUGUSTA.svg","contentUrl":"https:\/\/augustaabogados.com\/wp-content\/uploads\/2023\/11\/LOGO-AUGUSTA.svg","caption":"Augusta Abogados"},"image":{"@id":"https:\/\/augustaabogados.com\/#\/schema\/logo\/image\/"}},{"@type":"Person","@id":"https:\/\/augustaabogados.com\/#\/schema\/person\/8c5e230eb6ed47cdd14ee188eb04a753","name":"Augusta Abogados","image":{"@type":"ImageObject","inLanguage":"ca","@id":"https:\/\/secure.gravatar.com\/avatar\/09e6ceb5fccff542915602bda752518fa959b0df2d103d929aefa74c2909a4bc?s=96&d=mm&r=g","url":"https:\/\/secure.gravatar.com\/avatar\/09e6ceb5fccff542915602bda752518fa959b0df2d103d929aefa74c2909a4bc?s=96&d=mm&r=g","contentUrl":"https:\/\/secure.gravatar.com\/avatar\/09e6ceb5fccff542915602bda752518fa959b0df2d103d929aefa74c2909a4bc?s=96&d=mm&r=g","caption":"Augusta Abogados"}}]}},"_links":{"self":[{"href":"https:\/\/augustaabogados.com\/ca\/wp-json\/wp\/v2\/posts\/50898","targetHints":{"allow":["GET"]}}],"collection":[{"href":"https:\/\/augustaabogados.com\/ca\/wp-json\/wp\/v2\/posts"}],"about":[{"href":"https:\/\/augustaabogados.com\/ca\/wp-json\/wp\/v2\/types\/post"}],"author":[{"embeddable":true,"href":"https:\/\/augustaabogados.com\/ca\/wp-json\/wp\/v2\/users\/8"}],"replies":[{"embeddable":true,"href":"https:\/\/augustaabogados.com\/ca\/wp-json\/wp\/v2\/comments?post=50898"}],"version-history":[{"count":2,"href":"https:\/\/augustaabogados.com\/ca\/wp-json\/wp\/v2\/posts\/50898\/revisions"}],"predecessor-version":[{"id":50900,"href":"https:\/\/augustaabogados.com\/ca\/wp-json\/wp\/v2\/posts\/50898\/revisions\/50900"}],"wp:featuredmedia":[{"embeddable":true,"href":"https:\/\/augustaabogados.com\/ca\/wp-json\/wp\/v2\/media\/50894"}],"wp:attachment":[{"href":"https:\/\/augustaabogados.com\/ca\/wp-json\/wp\/v2\/media?parent=50898"}],"wp:term":[{"taxonomy":"category","embeddable":true,"href":"https:\/\/augustaabogados.com\/ca\/wp-json\/wp\/v2\/categories?post=50898"},{"taxonomy":"post_tag","embeddable":true,"href":"https:\/\/augustaabogados.com\/ca\/wp-json\/wp\/v2\/tags?post=50898"},{"taxonomy":"servicio-asociado","embeddable":true,"href":"https:\/\/augustaabogados.com\/ca\/wp-json\/wp\/v2\/servicio-asociado?post=50898"}],"curies":[{"name":"wp","href":"https:\/\/api.w.org\/{rel}","templated":true}]}}