{"id":51187,"date":"2025-12-03T11:43:25","date_gmt":"2025-12-03T11:43:25","guid":{"rendered":"https:\/\/augustaabogados.com\/?p=51187"},"modified":"2025-12-03T15:36:18","modified_gmt":"2025-12-03T15:36:18","slug":"miquel-angel-alonso-respon-a-la-pregunta-que-podem-fer-per-evitar-que-certes-persones-asisteixin-al-nostre-funeral","status":"publish","type":"post","link":"https:\/\/augustaabogados.com\/ca\/miquel-angel-alonso-respon-a-la-pregunta-que-podem-fer-per-evitar-que-certes-persones-asisteixin-al-nostre-funeral\/","title":{"rendered":"Miquel \u00c0ngel Alonso respon a la pregunta: es poden llen\u00e7ar les cendres al mar?"},"content":{"rendered":"<p>Un funeral representa el comiat d&#8217;un \u00e9sser estimat. El programa &#8216;La Soluci\u00f3&#8217; de Catalunya R\u00e0dio debat sobre si es poden llan\u00e7ar les cendres al mar i\u00a0com aconseguir que no vingui ning\u00fa que no vulguis al teu funeral, amb el soci de <a href=\"https:\/\/augustaabogados.com\/ca\/serveis\/dret-public\/\" target=\"_blank\" rel=\"noopener\">dret p\u00fablic<\/a> d&#8217;Augusta Abogados, <a href=\"https:\/\/augustaabogados.com\/ca\/abogado\/miquel-angel-alonso-latorre\/\" target=\"_blank\" rel=\"noopener\">Miquel \u00c0ngel Alonso<\/a>.<\/p>\n","protected":false},"excerpt":{"rendered":"<p>Un funeral representa el comiat d&#8217;un \u00e9sser estimat. El programa &#8216;La Soluci\u00f3&#8217; de Catalunya R\u00e0dio debat sobre si es poden llan\u00e7ar les cendres al mar i\u00a0com aconseguir que no vingui ning\u00fa que no vulguis al teu funeral, amb el soci de dret p\u00fablic d&#8217;Augusta Abogados, Miquel \u00c0ngel Alonso.<\/p>\n","protected":false},"author":8,"featured_media":51183,"comment_status":"closed","ping_status":"closed","sticky":false,"template":"","format":"standard","meta":{"content-type":"","site-sidebar-layout":"default","site-content-layout":"","ast-site-content-layout":"default","site-content-style":"default","site-sidebar-style":"default","ast-global-header-display":"","ast-banner-title-visibility":"","ast-main-header-display":"","ast-hfb-above-header-display":"","ast-hfb-below-header-display":"","ast-hfb-mobile-header-display":"","site-post-title":"","ast-breadcrumbs-content":"","ast-featured-img":"","footer-sml-layout":"","ast-disable-related-posts":"","theme-transparent-header-meta":"default","adv-header-id-meta":"","stick-header-meta":"","header-above-stick-meta":"","header-main-stick-meta":"","header-below-stick-meta":"","astra-migrate-meta-layouts":"set","ast-page-background-enabled":"default","ast-page-background-meta":{"desktop":{"background-color":"var(--ast-global-color-4)","background-image":"","background-repeat":"repeat","background-position":"center center","background-size":"auto","background-attachment":"scroll","background-type":"","background-media":"","overlay-type":"","overlay-color":"","overlay-opacity":"","overlay-gradient":""},"tablet":{"background-color":"","background-image":"","background-repeat":"repeat","background-position":"center center","background-size":"auto","background-attachment":"scroll","background-type":"","background-media":"","overlay-type":"","overlay-color":"","overlay-opacity":"","overlay-gradient":""},"mobile":{"background-color":"","background-image":"","background-repeat":"repeat","background-position":"center center","background-size":"auto","background-attachment":"scroll","background-type":"","background-media":"","overlay-type":"","overlay-color":"","overlay-opacity":"","overlay-gradient":""}},"ast-content-background-meta":{"desktop":{"background-color":"var(--ast-global-color-5)","background-image":"","background-repeat":"repeat","background-position":"center center","background-size":"auto","background-attachment":"scroll","background-type":"","background-media":"","overlay-type":"","overlay-color":"","overlay-opacity":"","overlay-gradient":""},"tablet":{"background-color":"var(--ast-global-color-5)","background-image":"","background-repeat":"repeat","background-position":"center center","background-size":"auto","background-attachment":"scroll","background-type":"","background-media":"","overlay-type":"","overlay-color":"","overlay-opacity":"","overlay-gradient":""},"mobile":{"background-color":"var(--ast-global-color-5)","background-image":"","background-repeat":"repeat","background-position":"center center","background-size":"auto","background-attachment":"scroll","background-type":"","background-media":"","overlay-type":"","overlay-color":"","overlay-opacity":"","overlay-gradient":""}},"footnotes":""},"categories":[1898],"tags":[2679,1297,3416,3415,3417],"servicio-asociado":[3422],"class_list":["post-51187","post","type-post","status-publish","format-standard","has-post-thumbnail","hentry","category-noticia-ca","tag-2025-ca","tag-dret-public","tag-enterraments","tag-funerals","tag-morir","servicio-asociado-dret-public"],"acf":[],"yoast_head":"<!-- This site is optimized with the Yoast SEO plugin v27.4 - https:\/\/yoast.com\/product\/yoast-seo-wordpress\/ -->\n<title>Miquel \u00c0ngel Alonso respon a la pregunta: es poden llen\u00e7ar les cendres al mar? - Augusta Abogados<\/title>\n<meta name=\"robots\" content=\"index, follow, max-snippet:-1, max-image-preview:large, max-video-preview:-1\" \/>\n<link rel=\"canonical\" href=\"https:\/\/augustaabogados.com\/ca\/miquel-angel-alonso-respon-a-la-pregunta-que-podem-fer-per-evitar-que-certes-persones-asisteixin-al-nostre-funeral\/\" \/>\n<meta property=\"og:locale\" content=\"ca_ES\" \/>\n<meta property=\"og:type\" content=\"article\" \/>\n<meta property=\"og:title\" content=\"Miquel \u00c0ngel Alonso respon a la pregunta: es poden llen\u00e7ar les cendres al mar? - Augusta Abogados\" \/>\n<meta property=\"og:description\" content=\"Un funeral representa el comiat d&#8217;un \u00e9sser estimat. El programa &#8216;La Soluci\u00f3&#8217; de Catalunya R\u00e0dio debat sobre si es poden llan\u00e7ar les cendres al mar i\u00a0com aconseguir que no vingui ning\u00fa que no vulguis al teu funeral, amb el soci de dret p\u00fablic d&#8217;Augusta Abogados, Miquel \u00c0ngel Alonso.\" \/>\n<meta property=\"og:url\" content=\"https:\/\/augustaabogados.com\/ca\/miquel-angel-alonso-respon-a-la-pregunta-que-podem-fer-per-evitar-que-certes-persones-asisteixin-al-nostre-funeral\/\" \/>\n<meta property=\"og:site_name\" content=\"Augusta Abogados\" \/>\n<meta property=\"article:published_time\" content=\"2025-12-03T11:43:25+00:00\" \/>\n<meta property=\"article:modified_time\" content=\"2025-12-03T15:36:18+00:00\" \/>\n<meta property=\"og:image\" content=\"https:\/\/augustaabogados.com\/wp-content\/uploads\/2025\/12\/Captura-de-pantalla-2025-12-03-123611-1.png\" \/>\n\t<meta property=\"og:image:width\" content=\"950\" \/>\n\t<meta property=\"og:image:height\" content=\"302\" \/>\n\t<meta property=\"og:image:type\" content=\"image\/png\" \/>\n<meta name=\"author\" content=\"Augusta Abogados\" \/>\n<meta name=\"twitter:card\" content=\"summary_large_image\" \/>\n<meta name=\"twitter:label1\" content=\"Escrit per\" \/>\n\t<meta name=\"twitter:data1\" content=\"Augusta Abogados\" \/>\n\t<meta name=\"twitter:label2\" content=\"Temps estimat de lectura\" \/>\n\t<meta name=\"twitter:data2\" content=\"1 minut\" \/>\n<script type=\"application\/ld+json\" class=\"yoast-schema-graph\">{\"@context\":\"https:\\\/\\\/schema.org\",\"@graph\":[{\"@type\":\"Article\",\"@id\":\"https:\\\/\\\/augustaabogados.com\\\/ca\\\/miquel-angel-alonso-respon-a-la-pregunta-que-podem-fer-per-evitar-que-certes-persones-asisteixin-al-nostre-funeral\\\/#article\",\"isPartOf\":{\"@id\":\"https:\\\/\\\/augustaabogados.com\\\/ca\\\/miquel-angel-alonso-respon-a-la-pregunta-que-podem-fer-per-evitar-que-certes-persones-asisteixin-al-nostre-funeral\\\/\"},\"author\":{\"name\":\"Augusta Abogados\",\"@id\":\"https:\\\/\\\/augustaabogados.com\\\/#\\\/schema\\\/person\\\/8c5e230eb6ed47cdd14ee188eb04a753\"},\"headline\":\"Miquel \u00c0ngel Alonso respon a la pregunta: es poden llen\u00e7ar les cendres al mar?\",\"datePublished\":\"2025-12-03T11:43:25+00:00\",\"dateModified\":\"2025-12-03T15:36:18+00:00\",\"mainEntityOfPage\":{\"@id\":\"https:\\\/\\\/augustaabogados.com\\\/ca\\\/miquel-angel-alonso-respon-a-la-pregunta-que-podem-fer-per-evitar-que-certes-persones-asisteixin-al-nostre-funeral\\\/\"},\"wordCount\":69,\"publisher\":{\"@id\":\"https:\\\/\\\/augustaabogados.com\\\/#organization\"},\"image\":{\"@id\":\"https:\\\/\\\/augustaabogados.com\\\/ca\\\/miquel-angel-alonso-respon-a-la-pregunta-que-podem-fer-per-evitar-que-certes-persones-asisteixin-al-nostre-funeral\\\/#primaryimage\"},\"thumbnailUrl\":\"https:\\\/\\\/augustaabogados.com\\\/wp-content\\\/uploads\\\/2025\\\/12\\\/Captura-de-pantalla-2025-12-03-123611-1.png\",\"keywords\":[\"2025\",\"Dret P\u00fablic\",\"enterraments\",\"funerals\",\"morir\"],\"articleSection\":[\"NOT\u00cdCIA\"],\"inLanguage\":\"ca\"},{\"@type\":[\"WebPage\",\"ItemPage\"],\"@id\":\"https:\\\/\\\/augustaabogados.com\\\/ca\\\/miquel-angel-alonso-respon-a-la-pregunta-que-podem-fer-per-evitar-que-certes-persones-asisteixin-al-nostre-funeral\\\/\",\"url\":\"https:\\\/\\\/augustaabogados.com\\\/ca\\\/miquel-angel-alonso-respon-a-la-pregunta-que-podem-fer-per-evitar-que-certes-persones-asisteixin-al-nostre-funeral\\\/\",\"name\":\"Miquel \u00c0ngel Alonso respon a la pregunta: es poden llen\u00e7ar les cendres al mar? - Augusta Abogados\",\"isPartOf\":{\"@id\":\"https:\\\/\\\/augustaabogados.com\\\/#website\"},\"primaryImageOfPage\":{\"@id\":\"https:\\\/\\\/augustaabogados.com\\\/ca\\\/miquel-angel-alonso-respon-a-la-pregunta-que-podem-fer-per-evitar-que-certes-persones-asisteixin-al-nostre-funeral\\\/#primaryimage\"},\"image\":{\"@id\":\"https:\\\/\\\/augustaabogados.com\\\/ca\\\/miquel-angel-alonso-respon-a-la-pregunta-que-podem-fer-per-evitar-que-certes-persones-asisteixin-al-nostre-funeral\\\/#primaryimage\"},\"thumbnailUrl\":\"https:\\\/\\\/augustaabogados.com\\\/wp-content\\\/uploads\\\/2025\\\/12\\\/Captura-de-pantalla-2025-12-03-123611-1.png\",\"datePublished\":\"2025-12-03T11:43:25+00:00\",\"dateModified\":\"2025-12-03T15:36:18+00:00\",\"breadcrumb\":{\"@id\":\"https:\\\/\\\/augustaabogados.com\\\/ca\\\/miquel-angel-alonso-respon-a-la-pregunta-que-podem-fer-per-evitar-que-certes-persones-asisteixin-al-nostre-funeral\\\/#breadcrumb\"},\"inLanguage\":\"ca\",\"potentialAction\":[{\"@type\":\"ReadAction\",\"target\":[\"https:\\\/\\\/augustaabogados.com\\\/ca\\\/miquel-angel-alonso-respon-a-la-pregunta-que-podem-fer-per-evitar-que-certes-persones-asisteixin-al-nostre-funeral\\\/\"]}]},{\"@type\":\"ImageObject\",\"inLanguage\":\"ca\",\"@id\":\"https:\\\/\\\/augustaabogados.com\\\/ca\\\/miquel-angel-alonso-respon-a-la-pregunta-que-podem-fer-per-evitar-que-certes-persones-asisteixin-al-nostre-funeral\\\/#primaryimage\",\"url\":\"https:\\\/\\\/augustaabogados.com\\\/wp-content\\\/uploads\\\/2025\\\/12\\\/Captura-de-pantalla-2025-12-03-123611-1.png\",\"contentUrl\":\"https:\\\/\\\/augustaabogados.com\\\/wp-content\\\/uploads\\\/2025\\\/12\\\/Captura-de-pantalla-2025-12-03-123611-1.png\",\"width\":950,\"height\":302},{\"@type\":\"BreadcrumbList\",\"@id\":\"https:\\\/\\\/augustaabogados.com\\\/ca\\\/miquel-angel-alonso-respon-a-la-pregunta-que-podem-fer-per-evitar-que-certes-persones-asisteixin-al-nostre-funeral\\\/#breadcrumb\",\"itemListElement\":[{\"@type\":\"ListItem\",\"position\":1,\"name\":\"Portada\",\"item\":\"https:\\\/\\\/augustaabogados.com\\\/ca\\\/\"},{\"@type\":\"ListItem\",\"position\":2,\"name\":\"Miquel \u00c0ngel Alonso respon a la pregunta: es poden llen\u00e7ar les cendres al mar?\"}]},{\"@type\":\"WebSite\",\"@id\":\"https:\\\/\\\/augustaabogados.com\\\/#website\",\"url\":\"https:\\\/\\\/augustaabogados.com\\\/\",\"name\":\"Augusta Abogados\",\"description\":\"\",\"publisher\":{\"@id\":\"https:\\\/\\\/augustaabogados.com\\\/#organization\"},\"potentialAction\":[{\"@type\":\"SearchAction\",\"target\":{\"@type\":\"EntryPoint\",\"urlTemplate\":\"https:\\\/\\\/augustaabogados.com\\\/?s={search_term_string}\"},\"query-input\":{\"@type\":\"PropertyValueSpecification\",\"valueRequired\":true,\"valueName\":\"search_term_string\"}}],\"inLanguage\":\"ca\"},{\"@type\":\"Organization\",\"@id\":\"https:\\\/\\\/augustaabogados.com\\\/#organization\",\"name\":\"Augusta Abogados\",\"url\":\"https:\\\/\\\/augustaabogados.com\\\/\",\"logo\":{\"@type\":\"ImageObject\",\"inLanguage\":\"ca\",\"@id\":\"https:\\\/\\\/augustaabogados.com\\\/#\\\/schema\\\/logo\\\/image\\\/\",\"url\":\"https:\\\/\\\/augustaabogados.com\\\/wp-content\\\/uploads\\\/2023\\\/11\\\/LOGO-AUGUSTA.svg\",\"contentUrl\":\"https:\\\/\\\/augustaabogados.com\\\/wp-content\\\/uploads\\\/2023\\\/11\\\/LOGO-AUGUSTA.svg\",\"caption\":\"Augusta Abogados\"},\"image\":{\"@id\":\"https:\\\/\\\/augustaabogados.com\\\/#\\\/schema\\\/logo\\\/image\\\/\"}},{\"@type\":\"Person\",\"@id\":\"https:\\\/\\\/augustaabogados.com\\\/#\\\/schema\\\/person\\\/8c5e230eb6ed47cdd14ee188eb04a753\",\"name\":\"Augusta Abogados\",\"image\":{\"@type\":\"ImageObject\",\"inLanguage\":\"ca\",\"@id\":\"https:\\\/\\\/secure.gravatar.com\\\/avatar\\\/09e6ceb5fccff542915602bda752518fa959b0df2d103d929aefa74c2909a4bc?s=96&d=mm&r=g\",\"url\":\"https:\\\/\\\/secure.gravatar.com\\\/avatar\\\/09e6ceb5fccff542915602bda752518fa959b0df2d103d929aefa74c2909a4bc?s=96&d=mm&r=g\",\"contentUrl\":\"https:\\\/\\\/secure.gravatar.com\\\/avatar\\\/09e6ceb5fccff542915602bda752518fa959b0df2d103d929aefa74c2909a4bc?s=96&d=mm&r=g\",\"caption\":\"Augusta Abogados\"}}]}<\/script>\n<!-- \/ Yoast SEO plugin. -->","yoast_head_json":{"title":"Miquel \u00c0ngel Alonso respon a la pregunta: es poden llen\u00e7ar les cendres al mar? - Augusta Abogados","robots":{"index":"index","follow":"follow","max-snippet":"max-snippet:-1","max-image-preview":"max-image-preview:large","max-video-preview":"max-video-preview:-1"},"canonical":"https:\/\/augustaabogados.com\/ca\/miquel-angel-alonso-respon-a-la-pregunta-que-podem-fer-per-evitar-que-certes-persones-asisteixin-al-nostre-funeral\/","og_locale":"ca_ES","og_type":"article","og_title":"Miquel \u00c0ngel Alonso respon a la pregunta: es poden llen\u00e7ar les cendres al mar? - Augusta Abogados","og_description":"Un funeral representa el comiat d&#8217;un \u00e9sser estimat. El programa &#8216;La Soluci\u00f3&#8217; de Catalunya R\u00e0dio debat sobre si es poden llan\u00e7ar les cendres al mar i\u00a0com aconseguir que no vingui ning\u00fa que no vulguis al teu funeral, amb el soci de dret p\u00fablic d&#8217;Augusta Abogados, Miquel \u00c0ngel Alonso.","og_url":"https:\/\/augustaabogados.com\/ca\/miquel-angel-alonso-respon-a-la-pregunta-que-podem-fer-per-evitar-que-certes-persones-asisteixin-al-nostre-funeral\/","og_site_name":"Augusta Abogados","article_published_time":"2025-12-03T11:43:25+00:00","article_modified_time":"2025-12-03T15:36:18+00:00","og_image":[{"width":950,"height":302,"url":"https:\/\/augustaabogados.com\/wp-content\/uploads\/2025\/12\/Captura-de-pantalla-2025-12-03-123611-1.png","type":"image\/png"}],"author":"Augusta Abogados","twitter_card":"summary_large_image","twitter_misc":{"Escrit per":"Augusta Abogados","Temps estimat de lectura":"1 minut"},"schema":{"@context":"https:\/\/schema.org","@graph":[{"@type":"Article","@id":"https:\/\/augustaabogados.com\/ca\/miquel-angel-alonso-respon-a-la-pregunta-que-podem-fer-per-evitar-que-certes-persones-asisteixin-al-nostre-funeral\/#article","isPartOf":{"@id":"https:\/\/augustaabogados.com\/ca\/miquel-angel-alonso-respon-a-la-pregunta-que-podem-fer-per-evitar-que-certes-persones-asisteixin-al-nostre-funeral\/"},"author":{"name":"Augusta Abogados","@id":"https:\/\/augustaabogados.com\/#\/schema\/person\/8c5e230eb6ed47cdd14ee188eb04a753"},"headline":"Miquel \u00c0ngel Alonso respon a la pregunta: es poden llen\u00e7ar les cendres al mar?","datePublished":"2025-12-03T11:43:25+00:00","dateModified":"2025-12-03T15:36:18+00:00","mainEntityOfPage":{"@id":"https:\/\/augustaabogados.com\/ca\/miquel-angel-alonso-respon-a-la-pregunta-que-podem-fer-per-evitar-que-certes-persones-asisteixin-al-nostre-funeral\/"},"wordCount":69,"publisher":{"@id":"https:\/\/augustaabogados.com\/#organization"},"image":{"@id":"https:\/\/augustaabogados.com\/ca\/miquel-angel-alonso-respon-a-la-pregunta-que-podem-fer-per-evitar-que-certes-persones-asisteixin-al-nostre-funeral\/#primaryimage"},"thumbnailUrl":"https:\/\/augustaabogados.com\/wp-content\/uploads\/2025\/12\/Captura-de-pantalla-2025-12-03-123611-1.png","keywords":["2025","Dret P\u00fablic","enterraments","funerals","morir"],"articleSection":["NOT\u00cdCIA"],"inLanguage":"ca"},{"@type":["WebPage","ItemPage"],"@id":"https:\/\/augustaabogados.com\/ca\/miquel-angel-alonso-respon-a-la-pregunta-que-podem-fer-per-evitar-que-certes-persones-asisteixin-al-nostre-funeral\/","url":"https:\/\/augustaabogados.com\/ca\/miquel-angel-alonso-respon-a-la-pregunta-que-podem-fer-per-evitar-que-certes-persones-asisteixin-al-nostre-funeral\/","name":"Miquel \u00c0ngel Alonso respon a la pregunta: es poden llen\u00e7ar les cendres al mar? - Augusta Abogados","isPartOf":{"@id":"https:\/\/augustaabogados.com\/#website"},"primaryImageOfPage":{"@id":"https:\/\/augustaabogados.com\/ca\/miquel-angel-alonso-respon-a-la-pregunta-que-podem-fer-per-evitar-que-certes-persones-asisteixin-al-nostre-funeral\/#primaryimage"},"image":{"@id":"https:\/\/augustaabogados.com\/ca\/miquel-angel-alonso-respon-a-la-pregunta-que-podem-fer-per-evitar-que-certes-persones-asisteixin-al-nostre-funeral\/#primaryimage"},"thumbnailUrl":"https:\/\/augustaabogados.com\/wp-content\/uploads\/2025\/12\/Captura-de-pantalla-2025-12-03-123611-1.png","datePublished":"2025-12-03T11:43:25+00:00","dateModified":"2025-12-03T15:36:18+00:00","breadcrumb":{"@id":"https:\/\/augustaabogados.com\/ca\/miquel-angel-alonso-respon-a-la-pregunta-que-podem-fer-per-evitar-que-certes-persones-asisteixin-al-nostre-funeral\/#breadcrumb"},"inLanguage":"ca","potentialAction":[{"@type":"ReadAction","target":["https:\/\/augustaabogados.com\/ca\/miquel-angel-alonso-respon-a-la-pregunta-que-podem-fer-per-evitar-que-certes-persones-asisteixin-al-nostre-funeral\/"]}]},{"@type":"ImageObject","inLanguage":"ca","@id":"https:\/\/augustaabogados.com\/ca\/miquel-angel-alonso-respon-a-la-pregunta-que-podem-fer-per-evitar-que-certes-persones-asisteixin-al-nostre-funeral\/#primaryimage","url":"https:\/\/augustaabogados.com\/wp-content\/uploads\/2025\/12\/Captura-de-pantalla-2025-12-03-123611-1.png","contentUrl":"https:\/\/augustaabogados.com\/wp-content\/uploads\/2025\/12\/Captura-de-pantalla-2025-12-03-123611-1.png","width":950,"height":302},{"@type":"BreadcrumbList","@id":"https:\/\/augustaabogados.com\/ca\/miquel-angel-alonso-respon-a-la-pregunta-que-podem-fer-per-evitar-que-certes-persones-asisteixin-al-nostre-funeral\/#breadcrumb","itemListElement":[{"@type":"ListItem","position":1,"name":"Portada","item":"https:\/\/augustaabogados.com\/ca\/"},{"@type":"ListItem","position":2,"name":"Miquel \u00c0ngel Alonso respon a la pregunta: es poden llen\u00e7ar les cendres al mar?"}]},{"@type":"WebSite","@id":"https:\/\/augustaabogados.com\/#website","url":"https:\/\/augustaabogados.com\/","name":"Augusta Abogados","description":"","publisher":{"@id":"https:\/\/augustaabogados.com\/#organization"},"potentialAction":[{"@type":"SearchAction","target":{"@type":"EntryPoint","urlTemplate":"https:\/\/augustaabogados.com\/?s={search_term_string}"},"query-input":{"@type":"PropertyValueSpecification","valueRequired":true,"valueName":"search_term_string"}}],"inLanguage":"ca"},{"@type":"Organization","@id":"https:\/\/augustaabogados.com\/#organization","name":"Augusta Abogados","url":"https:\/\/augustaabogados.com\/","logo":{"@type":"ImageObject","inLanguage":"ca","@id":"https:\/\/augustaabogados.com\/#\/schema\/logo\/image\/","url":"https:\/\/augustaabogados.com\/wp-content\/uploads\/2023\/11\/LOGO-AUGUSTA.svg","contentUrl":"https:\/\/augustaabogados.com\/wp-content\/uploads\/2023\/11\/LOGO-AUGUSTA.svg","caption":"Augusta Abogados"},"image":{"@id":"https:\/\/augustaabogados.com\/#\/schema\/logo\/image\/"}},{"@type":"Person","@id":"https:\/\/augustaabogados.com\/#\/schema\/person\/8c5e230eb6ed47cdd14ee188eb04a753","name":"Augusta Abogados","image":{"@type":"ImageObject","inLanguage":"ca","@id":"https:\/\/secure.gravatar.com\/avatar\/09e6ceb5fccff542915602bda752518fa959b0df2d103d929aefa74c2909a4bc?s=96&d=mm&r=g","url":"https:\/\/secure.gravatar.com\/avatar\/09e6ceb5fccff542915602bda752518fa959b0df2d103d929aefa74c2909a4bc?s=96&d=mm&r=g","contentUrl":"https:\/\/secure.gravatar.com\/avatar\/09e6ceb5fccff542915602bda752518fa959b0df2d103d929aefa74c2909a4bc?s=96&d=mm&r=g","caption":"Augusta Abogados"}}]}},"_links":{"self":[{"href":"https:\/\/augustaabogados.com\/ca\/wp-json\/wp\/v2\/posts\/51187","targetHints":{"allow":["GET"]}}],"collection":[{"href":"https:\/\/augustaabogados.com\/ca\/wp-json\/wp\/v2\/posts"}],"about":[{"href":"https:\/\/augustaabogados.com\/ca\/wp-json\/wp\/v2\/types\/post"}],"author":[{"embeddable":true,"href":"https:\/\/augustaabogados.com\/ca\/wp-json\/wp\/v2\/users\/8"}],"replies":[{"embeddable":true,"href":"https:\/\/augustaabogados.com\/ca\/wp-json\/wp\/v2\/comments?post=51187"}],"version-history":[{"count":5,"href":"https:\/\/augustaabogados.com\/ca\/wp-json\/wp\/v2\/posts\/51187\/revisions"}],"predecessor-version":[{"id":51221,"href":"https:\/\/augustaabogados.com\/ca\/wp-json\/wp\/v2\/posts\/51187\/revisions\/51221"}],"wp:featuredmedia":[{"embeddable":true,"href":"https:\/\/augustaabogados.com\/ca\/wp-json\/wp\/v2\/media\/51183"}],"wp:attachment":[{"href":"https:\/\/augustaabogados.com\/ca\/wp-json\/wp\/v2\/media?parent=51187"}],"wp:term":[{"taxonomy":"category","embeddable":true,"href":"https:\/\/augustaabogados.com\/ca\/wp-json\/wp\/v2\/categories?post=51187"},{"taxonomy":"post_tag","embeddable":true,"href":"https:\/\/augustaabogados.com\/ca\/wp-json\/wp\/v2\/tags?post=51187"},{"taxonomy":"servicio-asociado","embeddable":true,"href":"https:\/\/augustaabogados.com\/ca\/wp-json\/wp\/v2\/servicio-asociado?post=51187"}],"curies":[{"name":"wp","href":"https:\/\/api.w.org\/{rel}","templated":true}]}}