{"id":51768,"date":"2026-01-14T15:50:59","date_gmt":"2026-01-14T15:50:59","guid":{"rendered":"https:\/\/augustaabogados.com\/?p=51768"},"modified":"2026-01-14T16:34:54","modified_gmt":"2026-01-14T16:34:54","slug":"el-govern-espanyol-vol-incloure-els-deepfakes-entre-els-delictes-contra-lhonor","status":"publish","type":"post","link":"https:\/\/augustaabogados.com\/ca\/el-govern-espanyol-vol-incloure-els-deepfakes-entre-els-delictes-contra-lhonor\/","title":{"rendered":"El govern espanyol vol incloure els deepfakes entre els delictes contra l&#8217;honor"},"content":{"rendered":"<h6 class=\"capcalera_entradeta__dSiCA\" data-testid=\"item-noti-capcalera-entradeta\">El Consell de Ministres tamb\u00e9 ha aprovat una nova llei per regular el dret que t\u00e9 qualsevol ciutad\u00e0 a demanar que es rectifiqui una informaci\u00f3 falsa o inexacta que s&#8217;hagi publicat sobre ell<\/h6>\n<p>&nbsp;<\/p>\n<div class=\"capcalera_infoBackground__8EaZZ\">\n<div class=\"capcalera_info__Z4hsN\" data-testid=\"item-noti-info\">\n<div class=\"capcalera_autor__uTPZ_\">\n<div class=\"itemautor_itemAutor__Gnhp4 itemautor_capcalera_noticia__bqkh5\" data-testid=\"item-autor\">\n<div class=\"itemautor_autor_wrapper___B9hx\">\n<div class=\"text_text__RmsUL cosNoticia_textNoti__sa_BC\" data-testid=\"cos-noticia-text\">\n<p>El Consell de Ministres ha aprovat aquest dimarts un\u00a0<strong>avantprojecte de llei\u00a0<\/strong>per incloure els<strong>\u00a0deepfakes<\/strong>\u00a0&#8211;la manipulaci\u00f3 d&#8217;imatges i veus amb IA&#8211; entre els\u00a0<strong>delictes contra l&#8217;honor<\/strong>\u00a0de les persones.<\/p>\n<p>\u00c9s un primer pas de la norma, que despr\u00e9s\u00a0<strong>haur\u00e0 de passar pel Congr\u00e9s<\/strong>, on necessitar\u00e0 majoria absoluta, ja que \u00e9s una llei org\u00e0nica.<\/p>\n<p>D&#8217;aquesta manera, el govern espanyol vol lluitar contra pr\u00e0ctiques com les que s&#8217;han vist els \u00faltims dies a\u00a0<strong>X<\/strong>, on nombrosos usuaris han demanat a<strong>\u00a0Grok<\/strong>\u00a0&#8211;la seva intel\u00b7lig\u00e8ncia artificial&#8211; que\u00a0<strong>despull\u00e9s o pos\u00e9s un biquini a noies<\/strong>\u00a0que originalment apareixen vestides a les fotografies que penjaven.<\/p>\n<p>De fet, el mateix executiu espanyol ja va demanar la setmana passada a la\u00a0<a href=\"https:\/\/www.3cat.cat\/3catinfo\/el-govern-espanyol-demana-a-la-fiscalia-que-investigui-la-ia-dx-per-pornografia-infantil\/noticia\/3388218\/\" target=\"_blank\" rel=\"noopener\">Fiscalia que investigu\u00e9s Grok per pornografia infantil<\/a>\u00a0i, al cap de pocs dies, la\u00a0<a href=\"https:\/\/www.3cat.cat\/3catinfo\/grok-restringeix-la-creacio-de-deepfakes-sexuals-despres-de-les-critiques-que-hi-diu-la-llei\/noticia\/3388513\/\" target=\"_blank\" rel=\"noopener\">xarxa X anunciava que restringiria la creaci\u00f3 de deepfakes sexuals<\/a>.<\/p>\n<p>El\u00a0<strong>ministre de Just\u00edcia, F\u00e9lix Bola\u00f1os<\/strong>, ha assegurat que l&#8217;objectiu \u00e9s actualitzar la llei del\u00a0<strong>1982<\/strong>\u00a0per adaptar-la als nous temps:<\/p>\n<\/div>\n<div class=\"text_text__RmsUL cosNoticia_cita__qwLTs\" data-testid=\"cos-noticia-cita\">\n<blockquote><p>La desinformaci\u00f3 es transmet a una velocitat endimoniada i \u00e9s necessari agilitzar i adaptar els procediments per protegir el dret a l&#8217;honor de les persones.<\/p><\/blockquote>\n<\/div>\n<div class=\"text_text__RmsUL cosNoticia_textNoti__sa_BC\" data-testid=\"cos-noticia-text\">\n<p>La norma contempla\u00a0<strong>excepcions clares<\/strong>\u00a0per a usos creatius, art\u00edstics, sat\u00edrics o de ficci\u00f3, sempre que es faci expl\u00edcit que el contingut que es mostra ha estat\u00a0<strong>manipulat\u00a0<\/strong>amb intel\u00b7lig\u00e8ncia artificial.<\/p>\n<\/div>\n<div class=\"cosNoticia_imatgeCos__Rs7Pw cosNoticia_imgLoaded__ZjIxq\" data-testid=\"cos-noticia-imatge\">\n<figure>\n<div class=\"cosNoticia_contentImg__STSRq\">\n<div class=\"text_text__RmsUL cosNoticia_textNoti__sa_BC\" data-testid=\"cos-noticia-text\">\n<h2>Canvis en el consentiment<\/h2>\n<p>L&#8217;avantprojecte de llei tamb\u00e9 recull que els\u00a0<strong>menors de 16 anys no podran donar consentiment<\/strong>\u00a0per a l&#8217;\u00fas de la seva pr\u00f2pia imatge, en l\u00ednia amb el que s&#8217;ha previst tamb\u00e9 a la llei de protecci\u00f3 de menors en entorns digitals.<\/p>\n<p>I atenci\u00f3 perqu\u00e8 es podr\u00e0 prohibir, si ho deixem escrit al testament, que s&#8217;utilitzi la nostra\u00a0<strong>imatge o veu un cop morts<\/strong>.<\/p>\n<p>Tampoc es permetr\u00e0 que l&#8217;autor d&#8217;un delicte pugui revelar detalls dels fets que puguin tornar a fer mal a la v\u00edctima en continguts vinculats al g\u00e8nere<strong>\u00a0true crime<\/strong>.<\/p>\n<p>Les\u00a0<strong>condemnes<\/strong>\u00a0per sent\u00e8ncia ferma\u00a0<strong>es publicaran al BOE<\/strong>\u00a0si ho sol\u00b7licita el perjudicat.<\/p>\n<h2>Com es castigar\u00e0?<\/h2>\n<p>Els delictes contra l&#8217;honor i la intimitat poden comportar penes d&#8217;entre\u00a0<strong>6 mesos a dos anys de pres\u00f3<\/strong>. Pel que fa a les\u00a0<strong>indemnitzacions<\/strong>, varien molt en funci\u00f3 de la gravetat de la conducta i si es tracta d&#8217;un cas de pornografia i afecta menors.<\/p>\n<p>En declaracions a 3CatInfo, el president de la secci\u00f3 de drets d&#8217;imatge del\u00a0<strong>Col\u00b7legi de l&#8217;Advocacia de Barcelona, Gerard de Lucas<\/strong>, demana que es responsabilitzin tant els autors dels deepfakes com les plataformes que els difonen.<\/p>\n<p>I encara va m\u00e9s enll\u00e0: &#8220;Tamb\u00e9 qualsevol altra persona que es dediqui a fer una republicaci\u00f3 d&#8217;aquesta alteraci\u00f3 de la imatge d&#8217;una persona o que ho difongui per qualsevol mitj\u00e0&#8221;.<\/p>\n<h2>Dret de rectificaci\u00f3, millorat<\/h2>\n<p>El Consell de Ministres tamb\u00e9 ha aprovat, en segona volta, una nova llei per regular el dret que t\u00e9 qualsevol persona a demanar que es corregeixi una\u00a0<strong>informaci\u00f3 falsa o inexacta que l&#8217;afecti<\/strong>. Aquesta nova norma substituir\u00e0 la llei vigent, que \u00e9s del\u00a0<strong>1984<\/strong>.<\/p>\n<p>El\u00a0<strong>ministre Bola\u00f1os<\/strong>\u00a0llan\u00e7ava aquest advertiment a determinats influenciadors:<\/p>\n<\/div>\n<div class=\"text_text__RmsUL cosNoticia_cita__qwLTs\" data-testid=\"cos-noticia-cita\">\n<blockquote><p>Les persones dedicades als falsos rumors diaris estaran afectades per aquesta llei encara que no siguin un mitj\u00e0 de comunicaci\u00f3.<\/p><\/blockquote>\n<\/div>\n<div class=\"text_text__RmsUL cosNoticia_textNoti__sa_BC\" data-testid=\"cos-noticia-text\">\n<p>Aquestes s\u00f3n algunes de les\u00a0<strong>novetats que incorpora la nova llei del dret de rectificaci\u00f3<\/strong>:<\/p>\n<\/div>\n<div class=\"text_text__RmsUL cosNoticia_textNoti__sa_BC\" data-testid=\"cos-noticia-text\">\n<ul>\n<li>Els ciutadans podran demanar que es\u00a0<strong>rectifiqui\u00a0<\/strong>informaci\u00f3 publicada tant en mitjans de comunicaci\u00f3 tradicionals com en digitals i plataformes en l\u00ednia.<\/li>\n<li>En el cas dels\u00a0<strong>influenciadors<\/strong>, seran objecte d&#8217;aquesta norma els que tenen 100.000 seguidors en una \u00fanica plataforma o 200.000 d&#8217;acumulats.<\/li>\n<li>Els mitjans digitals i els influenciadors hauran d&#8217;establir un mecanisme\u00a0<strong>accessible i visible<\/strong>\u00a0que permeti enviar f\u00e0cilment la sol\u00b7licitud de rectificaci\u00f3.<\/li>\n<li>El termini per presentar la sol\u00b7licitud de rectificaci\u00f3 ser\u00e0 de\u00a0<strong>10 dies<\/strong>\u00a0&#8211;si la informaci\u00f3 s&#8217;ha publicat en mitjans de comunicaci\u00f3 tradicionals&#8211; i de\u00a0<strong>20<\/strong>\u00a0si ha estat en mitjans digitals o en comptes d&#8217;influenciadors.<\/li>\n<li>La informaci\u00f3 rectificada s&#8217;haur\u00e0 de publicar en un termini de\u00a0<strong>3 dies.<\/strong><\/li>\n<li>En cas que el mitj\u00e0 o l&#8217;influenciador no vulgui rectificar, la llei\u00a0<strong>simplifica\u00a0<\/strong>el procediment judicial al qual es poden acollir els ciutadans que se sentin\u00a0<strong>perjudicats<\/strong>.<\/li>\n<\/ul>\n<\/div>\n<\/div>\n<p>&nbsp;<\/p>\n<p><strong><a href=\"https:\/\/www.3cat.cat\/3catinfo\/el-govern-espanyol-inclou-els-deepfakes-entre-els-delictes-contra-lhonor\/noticia\/3388953\/\" target=\"_blank\" rel=\"noopener\">Llegeix la informaci\u00f3 al portal del 3cat<\/a><\/strong><\/figure>\n<\/div>\n<\/div>\n<\/div>\n<\/div>\n<\/div>\n<\/div>\n","protected":false},"excerpt":{"rendered":"<p>El Consell de Ministres tamb\u00e9 ha aprovat una nova llei per regular el dret que t\u00e9 qualsevol ciutad\u00e0 a demanar que es rectifiqui una informaci\u00f3 falsa o inexacta que s&#8217;hagi publicat sobre ell &nbsp; El Consell de Ministres ha aprovat aquest dimarts un\u00a0avantprojecte de llei\u00a0per incloure els\u00a0deepfakes\u00a0&#8211;la manipulaci\u00f3 d&#8217;imatges i veus amb IA&#8211; entre els\u00a0delictes [&hellip;]<\/p>\n","protected":false},"author":8,"featured_media":51774,"comment_status":"closed","ping_status":"closed","sticky":false,"template":"","format":"standard","meta":{"content-type":"","site-sidebar-layout":"default","site-content-layout":"","ast-site-content-layout":"default","site-content-style":"default","site-sidebar-style":"default","ast-global-header-display":"","ast-banner-title-visibility":"","ast-main-header-display":"","ast-hfb-above-header-display":"","ast-hfb-below-header-display":"","ast-hfb-mobile-header-display":"","site-post-title":"","ast-breadcrumbs-content":"","ast-featured-img":"","footer-sml-layout":"","ast-disable-related-posts":"","theme-transparent-header-meta":"default","adv-header-id-meta":"","stick-header-meta":"","header-above-stick-meta":"","header-main-stick-meta":"","header-below-stick-meta":"","astra-migrate-meta-layouts":"set","ast-page-background-enabled":"default","ast-page-background-meta":{"desktop":{"background-color":"var(--ast-global-color-4)","background-image":"","background-repeat":"repeat","background-position":"center center","background-size":"auto","background-attachment":"scroll","background-type":"","background-media":"","overlay-type":"","overlay-color":"","overlay-opacity":"","overlay-gradient":""},"tablet":{"background-color":"","background-image":"","background-repeat":"repeat","background-position":"center center","background-size":"auto","background-attachment":"scroll","background-type":"","background-media":"","overlay-type":"","overlay-color":"","overlay-opacity":"","overlay-gradient":""},"mobile":{"background-color":"","background-image":"","background-repeat":"repeat","background-position":"center center","background-size":"auto","background-attachment":"scroll","background-type":"","background-media":"","overlay-type":"","overlay-color":"","overlay-opacity":"","overlay-gradient":""}},"ast-content-background-meta":{"desktop":{"background-color":"var(--ast-global-color-5)","background-image":"","background-repeat":"repeat","background-position":"center center","background-size":"auto","background-attachment":"scroll","background-type":"","background-media":"","overlay-type":"","overlay-color":"","overlay-opacity":"","overlay-gradient":""},"tablet":{"background-color":"var(--ast-global-color-5)","background-image":"","background-repeat":"repeat","background-position":"center center","background-size":"auto","background-attachment":"scroll","background-type":"","background-media":"","overlay-type":"","overlay-color":"","overlay-opacity":"","overlay-gradient":""},"mobile":{"background-color":"var(--ast-global-color-5)","background-image":"","background-repeat":"repeat","background-position":"center center","background-size":"auto","background-attachment":"scroll","background-type":"","background-media":"","overlay-type":"","overlay-color":"","overlay-opacity":"","overlay-gradient":""}},"footnotes":""},"categories":[1898],"tags":[2679,1119,2546,3610,3611,2032,3047,3612,1175,2840],"servicio-asociado":[1977,1973,2152],"class_list":["post-51768","post","type-post","status-publish","format-standard","has-post-thumbnail","hentry","category-noticia-ca","tag-2025-ca","tag-avantprojecte","tag-catalunya-ca","tag-deep-fakes","tag-delictes","tag-empresa-ca","tag-honor-ca","tag-intimitat","tag-llei","tag-tmt-ca","servicio-asociado-ciberseguretat","servicio-asociado-proteccio-de-dades-i-entorns-digitals","servicio-asociado-medios-y-telecomunicaciones-tmt-ca"],"acf":[],"yoast_head":"<!-- This site is optimized with the Yoast SEO plugin v27.4 - https:\/\/yoast.com\/product\/yoast-seo-wordpress\/ -->\n<title>El govern espanyol vol incloure els deepfakes entre els delictes contra l&#039;honor - Augusta Abogados<\/title>\n<meta name=\"robots\" content=\"index, follow, max-snippet:-1, max-image-preview:large, max-video-preview:-1\" \/>\n<link rel=\"canonical\" href=\"https:\/\/augustaabogados.com\/ca\/el-govern-espanyol-vol-incloure-els-deepfakes-entre-els-delictes-contra-lhonor\/\" \/>\n<meta property=\"og:locale\" content=\"ca_ES\" \/>\n<meta property=\"og:type\" content=\"article\" \/>\n<meta property=\"og:title\" content=\"El govern espanyol vol incloure els deepfakes entre els delictes contra l&#039;honor - Augusta Abogados\" \/>\n<meta property=\"og:description\" content=\"El Consell de Ministres tamb\u00e9 ha aprovat una nova llei per regular el dret que t\u00e9 qualsevol ciutad\u00e0 a demanar que es rectifiqui una informaci\u00f3 falsa o inexacta que s&#8217;hagi publicat sobre ell &nbsp; El Consell de Ministres ha aprovat aquest dimarts un\u00a0avantprojecte de llei\u00a0per incloure els\u00a0deepfakes\u00a0&#8211;la manipulaci\u00f3 d&#8217;imatges i veus amb IA&#8211; entre els\u00a0delictes [&hellip;]\" \/>\n<meta property=\"og:url\" content=\"https:\/\/augustaabogados.com\/ca\/el-govern-espanyol-vol-incloure-els-deepfakes-entre-els-delictes-contra-lhonor\/\" \/>\n<meta property=\"og:site_name\" content=\"Augusta Abogados\" \/>\n<meta property=\"article:published_time\" content=\"2026-01-14T15:50:59+00:00\" \/>\n<meta property=\"article:modified_time\" content=\"2026-01-14T16:34:54+00:00\" \/>\n<meta property=\"og:image\" content=\"https:\/\/augustaabogados.com\/wp-content\/uploads\/2026\/01\/iStock-2202999866.jpg\" \/>\n\t<meta property=\"og:image:width\" content=\"2310\" \/>\n\t<meta property=\"og:image:height\" content=\"1297\" \/>\n\t<meta property=\"og:image:type\" content=\"image\/jpeg\" \/>\n<meta name=\"author\" content=\"Augusta Abogados\" \/>\n<meta name=\"twitter:card\" content=\"summary_large_image\" \/>\n<meta name=\"twitter:label1\" content=\"Escrit per\" \/>\n\t<meta name=\"twitter:data1\" content=\"Augusta Abogados\" \/>\n\t<meta name=\"twitter:label2\" content=\"Temps estimat de lectura\" \/>\n\t<meta name=\"twitter:data2\" content=\"4 minuts\" \/>\n<script type=\"application\/ld+json\" class=\"yoast-schema-graph\">{\"@context\":\"https:\\\/\\\/schema.org\",\"@graph\":[{\"@type\":\"Article\",\"@id\":\"https:\\\/\\\/augustaabogados.com\\\/ca\\\/el-govern-espanyol-vol-incloure-els-deepfakes-entre-els-delictes-contra-lhonor\\\/#article\",\"isPartOf\":{\"@id\":\"https:\\\/\\\/augustaabogados.com\\\/ca\\\/el-govern-espanyol-vol-incloure-els-deepfakes-entre-els-delictes-contra-lhonor\\\/\"},\"author\":{\"name\":\"Augusta Abogados\",\"@id\":\"https:\\\/\\\/augustaabogados.com\\\/#\\\/schema\\\/person\\\/8c5e230eb6ed47cdd14ee188eb04a753\"},\"headline\":\"El govern espanyol vol incloure els deepfakes entre els delictes contra l&#8217;honor\",\"datePublished\":\"2026-01-14T15:50:59+00:00\",\"dateModified\":\"2026-01-14T16:34:54+00:00\",\"mainEntityOfPage\":{\"@id\":\"https:\\\/\\\/augustaabogados.com\\\/ca\\\/el-govern-espanyol-vol-incloure-els-deepfakes-entre-els-delictes-contra-lhonor\\\/\"},\"wordCount\":776,\"publisher\":{\"@id\":\"https:\\\/\\\/augustaabogados.com\\\/#organization\"},\"image\":{\"@id\":\"https:\\\/\\\/augustaabogados.com\\\/ca\\\/el-govern-espanyol-vol-incloure-els-deepfakes-entre-els-delictes-contra-lhonor\\\/#primaryimage\"},\"thumbnailUrl\":\"https:\\\/\\\/augustaabogados.com\\\/wp-content\\\/uploads\\\/2026\\\/01\\\/iStock-2202999866.jpg\",\"keywords\":[\"2025\",\"Avantprojecte\",\"Catalunya\",\"deep fakes\",\"delictes\",\"Empresa\",\"honor\",\"intimitat\",\"llei\",\"TMT\"],\"articleSection\":[\"NOT\u00cdCIA\"],\"inLanguage\":\"ca\"},{\"@type\":[\"WebPage\",\"ItemPage\"],\"@id\":\"https:\\\/\\\/augustaabogados.com\\\/ca\\\/el-govern-espanyol-vol-incloure-els-deepfakes-entre-els-delictes-contra-lhonor\\\/\",\"url\":\"https:\\\/\\\/augustaabogados.com\\\/ca\\\/el-govern-espanyol-vol-incloure-els-deepfakes-entre-els-delictes-contra-lhonor\\\/\",\"name\":\"El govern espanyol vol incloure els deepfakes entre els delictes contra l'honor - Augusta Abogados\",\"isPartOf\":{\"@id\":\"https:\\\/\\\/augustaabogados.com\\\/#website\"},\"primaryImageOfPage\":{\"@id\":\"https:\\\/\\\/augustaabogados.com\\\/ca\\\/el-govern-espanyol-vol-incloure-els-deepfakes-entre-els-delictes-contra-lhonor\\\/#primaryimage\"},\"image\":{\"@id\":\"https:\\\/\\\/augustaabogados.com\\\/ca\\\/el-govern-espanyol-vol-incloure-els-deepfakes-entre-els-delictes-contra-lhonor\\\/#primaryimage\"},\"thumbnailUrl\":\"https:\\\/\\\/augustaabogados.com\\\/wp-content\\\/uploads\\\/2026\\\/01\\\/iStock-2202999866.jpg\",\"datePublished\":\"2026-01-14T15:50:59+00:00\",\"dateModified\":\"2026-01-14T16:34:54+00:00\",\"breadcrumb\":{\"@id\":\"https:\\\/\\\/augustaabogados.com\\\/ca\\\/el-govern-espanyol-vol-incloure-els-deepfakes-entre-els-delictes-contra-lhonor\\\/#breadcrumb\"},\"inLanguage\":\"ca\",\"potentialAction\":[{\"@type\":\"ReadAction\",\"target\":[\"https:\\\/\\\/augustaabogados.com\\\/ca\\\/el-govern-espanyol-vol-incloure-els-deepfakes-entre-els-delictes-contra-lhonor\\\/\"]}]},{\"@type\":\"ImageObject\",\"inLanguage\":\"ca\",\"@id\":\"https:\\\/\\\/augustaabogados.com\\\/ca\\\/el-govern-espanyol-vol-incloure-els-deepfakes-entre-els-delictes-contra-lhonor\\\/#primaryimage\",\"url\":\"https:\\\/\\\/augustaabogados.com\\\/wp-content\\\/uploads\\\/2026\\\/01\\\/iStock-2202999866.jpg\",\"contentUrl\":\"https:\\\/\\\/augustaabogados.com\\\/wp-content\\\/uploads\\\/2026\\\/01\\\/iStock-2202999866.jpg\",\"width\":2310,\"height\":1297,\"caption\":\"Deepfake concept ,Facial tracking, detection and recognition technology, Security system. Cyber security and Security password login online concept.\"},{\"@type\":\"BreadcrumbList\",\"@id\":\"https:\\\/\\\/augustaabogados.com\\\/ca\\\/el-govern-espanyol-vol-incloure-els-deepfakes-entre-els-delictes-contra-lhonor\\\/#breadcrumb\",\"itemListElement\":[{\"@type\":\"ListItem\",\"position\":1,\"name\":\"Portada\",\"item\":\"https:\\\/\\\/augustaabogados.com\\\/ca\\\/\"},{\"@type\":\"ListItem\",\"position\":2,\"name\":\"El govern espanyol vol incloure els deepfakes entre els delictes contra l&#8217;honor\"}]},{\"@type\":\"WebSite\",\"@id\":\"https:\\\/\\\/augustaabogados.com\\\/#website\",\"url\":\"https:\\\/\\\/augustaabogados.com\\\/\",\"name\":\"Augusta Abogados\",\"description\":\"\",\"publisher\":{\"@id\":\"https:\\\/\\\/augustaabogados.com\\\/#organization\"},\"potentialAction\":[{\"@type\":\"SearchAction\",\"target\":{\"@type\":\"EntryPoint\",\"urlTemplate\":\"https:\\\/\\\/augustaabogados.com\\\/?s={search_term_string}\"},\"query-input\":{\"@type\":\"PropertyValueSpecification\",\"valueRequired\":true,\"valueName\":\"search_term_string\"}}],\"inLanguage\":\"ca\"},{\"@type\":\"Organization\",\"@id\":\"https:\\\/\\\/augustaabogados.com\\\/#organization\",\"name\":\"Augusta Abogados\",\"url\":\"https:\\\/\\\/augustaabogados.com\\\/\",\"logo\":{\"@type\":\"ImageObject\",\"inLanguage\":\"ca\",\"@id\":\"https:\\\/\\\/augustaabogados.com\\\/#\\\/schema\\\/logo\\\/image\\\/\",\"url\":\"https:\\\/\\\/augustaabogados.com\\\/wp-content\\\/uploads\\\/2023\\\/11\\\/LOGO-AUGUSTA.svg\",\"contentUrl\":\"https:\\\/\\\/augustaabogados.com\\\/wp-content\\\/uploads\\\/2023\\\/11\\\/LOGO-AUGUSTA.svg\",\"caption\":\"Augusta Abogados\"},\"image\":{\"@id\":\"https:\\\/\\\/augustaabogados.com\\\/#\\\/schema\\\/logo\\\/image\\\/\"}},{\"@type\":\"Person\",\"@id\":\"https:\\\/\\\/augustaabogados.com\\\/#\\\/schema\\\/person\\\/8c5e230eb6ed47cdd14ee188eb04a753\",\"name\":\"Augusta Abogados\",\"image\":{\"@type\":\"ImageObject\",\"inLanguage\":\"ca\",\"@id\":\"https:\\\/\\\/secure.gravatar.com\\\/avatar\\\/09e6ceb5fccff542915602bda752518fa959b0df2d103d929aefa74c2909a4bc?s=96&d=mm&r=g\",\"url\":\"https:\\\/\\\/secure.gravatar.com\\\/avatar\\\/09e6ceb5fccff542915602bda752518fa959b0df2d103d929aefa74c2909a4bc?s=96&d=mm&r=g\",\"contentUrl\":\"https:\\\/\\\/secure.gravatar.com\\\/avatar\\\/09e6ceb5fccff542915602bda752518fa959b0df2d103d929aefa74c2909a4bc?s=96&d=mm&r=g\",\"caption\":\"Augusta Abogados\"}}]}<\/script>\n<!-- \/ Yoast SEO plugin. -->","yoast_head_json":{"title":"El govern espanyol vol incloure els deepfakes entre els delictes contra l'honor - Augusta Abogados","robots":{"index":"index","follow":"follow","max-snippet":"max-snippet:-1","max-image-preview":"max-image-preview:large","max-video-preview":"max-video-preview:-1"},"canonical":"https:\/\/augustaabogados.com\/ca\/el-govern-espanyol-vol-incloure-els-deepfakes-entre-els-delictes-contra-lhonor\/","og_locale":"ca_ES","og_type":"article","og_title":"El govern espanyol vol incloure els deepfakes entre els delictes contra l'honor - Augusta Abogados","og_description":"El Consell de Ministres tamb\u00e9 ha aprovat una nova llei per regular el dret que t\u00e9 qualsevol ciutad\u00e0 a demanar que es rectifiqui una informaci\u00f3 falsa o inexacta que s&#8217;hagi publicat sobre ell &nbsp; El Consell de Ministres ha aprovat aquest dimarts un\u00a0avantprojecte de llei\u00a0per incloure els\u00a0deepfakes\u00a0&#8211;la manipulaci\u00f3 d&#8217;imatges i veus amb IA&#8211; entre els\u00a0delictes [&hellip;]","og_url":"https:\/\/augustaabogados.com\/ca\/el-govern-espanyol-vol-incloure-els-deepfakes-entre-els-delictes-contra-lhonor\/","og_site_name":"Augusta Abogados","article_published_time":"2026-01-14T15:50:59+00:00","article_modified_time":"2026-01-14T16:34:54+00:00","og_image":[{"width":2310,"height":1297,"url":"https:\/\/augustaabogados.com\/wp-content\/uploads\/2026\/01\/iStock-2202999866.jpg","type":"image\/jpeg"}],"author":"Augusta Abogados","twitter_card":"summary_large_image","twitter_misc":{"Escrit per":"Augusta Abogados","Temps estimat de lectura":"4 minuts"},"schema":{"@context":"https:\/\/schema.org","@graph":[{"@type":"Article","@id":"https:\/\/augustaabogados.com\/ca\/el-govern-espanyol-vol-incloure-els-deepfakes-entre-els-delictes-contra-lhonor\/#article","isPartOf":{"@id":"https:\/\/augustaabogados.com\/ca\/el-govern-espanyol-vol-incloure-els-deepfakes-entre-els-delictes-contra-lhonor\/"},"author":{"name":"Augusta Abogados","@id":"https:\/\/augustaabogados.com\/#\/schema\/person\/8c5e230eb6ed47cdd14ee188eb04a753"},"headline":"El govern espanyol vol incloure els deepfakes entre els delictes contra l&#8217;honor","datePublished":"2026-01-14T15:50:59+00:00","dateModified":"2026-01-14T16:34:54+00:00","mainEntityOfPage":{"@id":"https:\/\/augustaabogados.com\/ca\/el-govern-espanyol-vol-incloure-els-deepfakes-entre-els-delictes-contra-lhonor\/"},"wordCount":776,"publisher":{"@id":"https:\/\/augustaabogados.com\/#organization"},"image":{"@id":"https:\/\/augustaabogados.com\/ca\/el-govern-espanyol-vol-incloure-els-deepfakes-entre-els-delictes-contra-lhonor\/#primaryimage"},"thumbnailUrl":"https:\/\/augustaabogados.com\/wp-content\/uploads\/2026\/01\/iStock-2202999866.jpg","keywords":["2025","Avantprojecte","Catalunya","deep fakes","delictes","Empresa","honor","intimitat","llei","TMT"],"articleSection":["NOT\u00cdCIA"],"inLanguage":"ca"},{"@type":["WebPage","ItemPage"],"@id":"https:\/\/augustaabogados.com\/ca\/el-govern-espanyol-vol-incloure-els-deepfakes-entre-els-delictes-contra-lhonor\/","url":"https:\/\/augustaabogados.com\/ca\/el-govern-espanyol-vol-incloure-els-deepfakes-entre-els-delictes-contra-lhonor\/","name":"El govern espanyol vol incloure els deepfakes entre els delictes contra l'honor - Augusta Abogados","isPartOf":{"@id":"https:\/\/augustaabogados.com\/#website"},"primaryImageOfPage":{"@id":"https:\/\/augustaabogados.com\/ca\/el-govern-espanyol-vol-incloure-els-deepfakes-entre-els-delictes-contra-lhonor\/#primaryimage"},"image":{"@id":"https:\/\/augustaabogados.com\/ca\/el-govern-espanyol-vol-incloure-els-deepfakes-entre-els-delictes-contra-lhonor\/#primaryimage"},"thumbnailUrl":"https:\/\/augustaabogados.com\/wp-content\/uploads\/2026\/01\/iStock-2202999866.jpg","datePublished":"2026-01-14T15:50:59+00:00","dateModified":"2026-01-14T16:34:54+00:00","breadcrumb":{"@id":"https:\/\/augustaabogados.com\/ca\/el-govern-espanyol-vol-incloure-els-deepfakes-entre-els-delictes-contra-lhonor\/#breadcrumb"},"inLanguage":"ca","potentialAction":[{"@type":"ReadAction","target":["https:\/\/augustaabogados.com\/ca\/el-govern-espanyol-vol-incloure-els-deepfakes-entre-els-delictes-contra-lhonor\/"]}]},{"@type":"ImageObject","inLanguage":"ca","@id":"https:\/\/augustaabogados.com\/ca\/el-govern-espanyol-vol-incloure-els-deepfakes-entre-els-delictes-contra-lhonor\/#primaryimage","url":"https:\/\/augustaabogados.com\/wp-content\/uploads\/2026\/01\/iStock-2202999866.jpg","contentUrl":"https:\/\/augustaabogados.com\/wp-content\/uploads\/2026\/01\/iStock-2202999866.jpg","width":2310,"height":1297,"caption":"Deepfake concept ,Facial tracking, detection and recognition technology, Security system. Cyber security and Security password login online concept."},{"@type":"BreadcrumbList","@id":"https:\/\/augustaabogados.com\/ca\/el-govern-espanyol-vol-incloure-els-deepfakes-entre-els-delictes-contra-lhonor\/#breadcrumb","itemListElement":[{"@type":"ListItem","position":1,"name":"Portada","item":"https:\/\/augustaabogados.com\/ca\/"},{"@type":"ListItem","position":2,"name":"El govern espanyol vol incloure els deepfakes entre els delictes contra l&#8217;honor"}]},{"@type":"WebSite","@id":"https:\/\/augustaabogados.com\/#website","url":"https:\/\/augustaabogados.com\/","name":"Augusta Abogados","description":"","publisher":{"@id":"https:\/\/augustaabogados.com\/#organization"},"potentialAction":[{"@type":"SearchAction","target":{"@type":"EntryPoint","urlTemplate":"https:\/\/augustaabogados.com\/?s={search_term_string}"},"query-input":{"@type":"PropertyValueSpecification","valueRequired":true,"valueName":"search_term_string"}}],"inLanguage":"ca"},{"@type":"Organization","@id":"https:\/\/augustaabogados.com\/#organization","name":"Augusta Abogados","url":"https:\/\/augustaabogados.com\/","logo":{"@type":"ImageObject","inLanguage":"ca","@id":"https:\/\/augustaabogados.com\/#\/schema\/logo\/image\/","url":"https:\/\/augustaabogados.com\/wp-content\/uploads\/2023\/11\/LOGO-AUGUSTA.svg","contentUrl":"https:\/\/augustaabogados.com\/wp-content\/uploads\/2023\/11\/LOGO-AUGUSTA.svg","caption":"Augusta Abogados"},"image":{"@id":"https:\/\/augustaabogados.com\/#\/schema\/logo\/image\/"}},{"@type":"Person","@id":"https:\/\/augustaabogados.com\/#\/schema\/person\/8c5e230eb6ed47cdd14ee188eb04a753","name":"Augusta Abogados","image":{"@type":"ImageObject","inLanguage":"ca","@id":"https:\/\/secure.gravatar.com\/avatar\/09e6ceb5fccff542915602bda752518fa959b0df2d103d929aefa74c2909a4bc?s=96&d=mm&r=g","url":"https:\/\/secure.gravatar.com\/avatar\/09e6ceb5fccff542915602bda752518fa959b0df2d103d929aefa74c2909a4bc?s=96&d=mm&r=g","contentUrl":"https:\/\/secure.gravatar.com\/avatar\/09e6ceb5fccff542915602bda752518fa959b0df2d103d929aefa74c2909a4bc?s=96&d=mm&r=g","caption":"Augusta Abogados"}}]}},"_links":{"self":[{"href":"https:\/\/augustaabogados.com\/ca\/wp-json\/wp\/v2\/posts\/51768","targetHints":{"allow":["GET"]}}],"collection":[{"href":"https:\/\/augustaabogados.com\/ca\/wp-json\/wp\/v2\/posts"}],"about":[{"href":"https:\/\/augustaabogados.com\/ca\/wp-json\/wp\/v2\/types\/post"}],"author":[{"embeddable":true,"href":"https:\/\/augustaabogados.com\/ca\/wp-json\/wp\/v2\/users\/8"}],"replies":[{"embeddable":true,"href":"https:\/\/augustaabogados.com\/ca\/wp-json\/wp\/v2\/comments?post=51768"}],"version-history":[{"count":5,"href":"https:\/\/augustaabogados.com\/ca\/wp-json\/wp\/v2\/posts\/51768\/revisions"}],"predecessor-version":[{"id":51784,"href":"https:\/\/augustaabogados.com\/ca\/wp-json\/wp\/v2\/posts\/51768\/revisions\/51784"}],"wp:featuredmedia":[{"embeddable":true,"href":"https:\/\/augustaabogados.com\/ca\/wp-json\/wp\/v2\/media\/51774"}],"wp:attachment":[{"href":"https:\/\/augustaabogados.com\/ca\/wp-json\/wp\/v2\/media?parent=51768"}],"wp:term":[{"taxonomy":"category","embeddable":true,"href":"https:\/\/augustaabogados.com\/ca\/wp-json\/wp\/v2\/categories?post=51768"},{"taxonomy":"post_tag","embeddable":true,"href":"https:\/\/augustaabogados.com\/ca\/wp-json\/wp\/v2\/tags?post=51768"},{"taxonomy":"servicio-asociado","embeddable":true,"href":"https:\/\/augustaabogados.com\/ca\/wp-json\/wp\/v2\/servicio-asociado?post=51768"}],"curies":[{"name":"wp","href":"https:\/\/api.w.org\/{rel}","templated":true}]}}