{"id":51874,"date":"2026-01-21T17:22:05","date_gmt":"2026-01-21T17:22:05","guid":{"rendered":"https:\/\/augustaabogados.com\/huella-digital-y-proteccion-de-datos-podemos-desaparecer-de-internet\/"},"modified":"2026-01-21T17:32:52","modified_gmt":"2026-01-21T17:32:52","slug":"petjada-digital-i-proteccio-de-dades-podem-desapareixer-dinternet","status":"publish","type":"post","link":"https:\/\/augustaabogados.com\/ca\/petjada-digital-i-proteccio-de-dades-podem-desapareixer-dinternet\/","title":{"rendered":"Petjada digital i protecci\u00f3 de dades: podem desapar\u00e8ixer d\u2019Internet?"},"content":{"rendered":"<p data-start=\"184\" data-end=\"442\">La s\u00f2cia de l\u2019\u00e0rea de <a href=\"https:\/\/augustaabogados.com\/ca\/serveis\/tecnologia-mitjans-i-telecomunicacions-tmt\/\" target=\"_blank\" rel=\"noopener\">TMT<\/a>, <strong data-start=\"202\" data-end=\"219\"><a href=\"https:\/\/augustaabogados.com\/ca\/abogado\/julia-bacaria-gea\/\" target=\"_blank\" rel=\"noopener\">J\u00falia Bacaria<\/a>,<\/strong> ha participat en el programa <em data-start=\"170\" data-end=\"178\">Via 15<\/em> de <strong data-start=\"182\" data-end=\"194\">La Xarxa<\/strong>, on ha analitzat els principals reptes vinculats a la protecci\u00f3 de dades personals i a la gesti\u00f3 de la petjada digital en un entorn cada vegada m\u00e9s hiperconnectat.<\/p>\n<p data-start=\"360\" data-end=\"631\">Durant l\u2019entrevista, s\u2019hi aborden q\u00fcestions clau com el control de la informaci\u00f3 personal a Internet, l\u2019exposici\u00f3 a les xarxes socials i els mecanismes legals existents per protegir la privacitat en l\u2019\u00e0mbit digital, m\u00e9s enll\u00e0 de l\u2019\u00fas quotidi\u00e0 de les plataformes en l\u00ednia.<\/p>\n<p data-start=\"633\" data-end=\"870\">El programa <em data-start=\"645\" data-end=\"653\">Via 15<\/em>, em\u00e8s amb la col\u00b7laboraci\u00f3 de <strong data-start=\"684\" data-end=\"709\">15 televisions locals<\/strong>, ofereix un espai de divulgaci\u00f3 i an\u00e0lisi sobre temes d\u2019actualitat, acostant al p\u00fablic debats rellevants sobre privacitat i protecci\u00f3 de dades en l\u2019era digital.<\/p>\n","protected":false},"excerpt":{"rendered":"<p>La s\u00f2cia de l\u2019\u00e0rea de TMT, J\u00falia Bacaria, ha participat en el programa Via 15 de La Xarxa, on ha analitzat els principals reptes vinculats a la protecci\u00f3 de dades personals i a la gesti\u00f3 de la petjada digital en un entorn cada vegada m\u00e9s hiperconnectat. Durant l\u2019entrevista, s\u2019hi aborden q\u00fcestions clau com el control [&hellip;]<\/p>\n","protected":false},"author":8,"featured_media":51865,"comment_status":"closed","ping_status":"closed","sticky":false,"template":"","format":"standard","meta":{"content-type":"","site-sidebar-layout":"default","site-content-layout":"","ast-site-content-layout":"default","site-content-style":"default","site-sidebar-style":"default","ast-global-header-display":"","ast-banner-title-visibility":"","ast-main-header-display":"","ast-hfb-above-header-display":"","ast-hfb-below-header-display":"","ast-hfb-mobile-header-display":"","site-post-title":"","ast-breadcrumbs-content":"","ast-featured-img":"","footer-sml-layout":"","ast-disable-related-posts":"","theme-transparent-header-meta":"default","adv-header-id-meta":"","stick-header-meta":"","header-above-stick-meta":"","header-main-stick-meta":"","header-below-stick-meta":"","astra-migrate-meta-layouts":"set","ast-page-background-enabled":"default","ast-page-background-meta":{"desktop":{"background-color":"var(--ast-global-color-4)","background-image":"","background-repeat":"repeat","background-position":"center center","background-size":"auto","background-attachment":"scroll","background-type":"","background-media":"","overlay-type":"","overlay-color":"","overlay-opacity":"","overlay-gradient":""},"tablet":{"background-color":"","background-image":"","background-repeat":"repeat","background-position":"center center","background-size":"auto","background-attachment":"scroll","background-type":"","background-media":"","overlay-type":"","overlay-color":"","overlay-opacity":"","overlay-gradient":""},"mobile":{"background-color":"","background-image":"","background-repeat":"repeat","background-position":"center center","background-size":"auto","background-attachment":"scroll","background-type":"","background-media":"","overlay-type":"","overlay-color":"","overlay-opacity":"","overlay-gradient":""}},"ast-content-background-meta":{"desktop":{"background-color":"var(--ast-global-color-5)","background-image":"","background-repeat":"repeat","background-position":"center center","background-size":"auto","background-attachment":"scroll","background-type":"","background-media":"","overlay-type":"","overlay-color":"","overlay-opacity":"","overlay-gradient":""},"tablet":{"background-color":"var(--ast-global-color-5)","background-image":"","background-repeat":"repeat","background-position":"center center","background-size":"auto","background-attachment":"scroll","background-type":"","background-media":"","overlay-type":"","overlay-color":"","overlay-opacity":"","overlay-gradient":""},"mobile":{"background-color":"var(--ast-global-color-5)","background-image":"","background-repeat":"repeat","background-position":"center center","background-size":"auto","background-attachment":"scroll","background-type":"","background-media":"","overlay-type":"","overlay-color":"","overlay-opacity":"","overlay-gradient":""}},"footnotes":""},"categories":[1898],"tags":[2679,3600,3637,3638,2032,1321,3048,3639,3642,3640,3641,2840,2343],"servicio-asociado":[1977,2148,1973,2152],"class_list":["post-51874","post","type-post","status-publish","format-standard","has-post-thumbnail","hentry","category-noticia-ca","tag-2025-ca","tag-dades-personals","tag-datos","tag-datos-personales","tag-empresa-ca","tag-proteccio-dades","tag-proteccion-datos-ca","tag-redes-sociales","tag-seguretat","tag-seguridad-2","tag-testament-digital","tag-tmt-ca","tag-xarxes-socials","servicio-asociado-ciberseguretat","servicio-asociado-propietat-industrial-i-intellectual","servicio-asociado-proteccio-de-dades-i-entorns-digitals","servicio-asociado-medios-y-telecomunicaciones-tmt-ca"],"acf":[],"yoast_head":"<!-- This site is optimized with the Yoast SEO plugin v27.4 - https:\/\/yoast.com\/product\/yoast-seo-wordpress\/ -->\n<title>Petjada digital i protecci\u00f3 de dades: podem desapar\u00e8ixer d\u2019Internet? - Augusta Abogados<\/title>\n<meta name=\"robots\" content=\"index, follow, max-snippet:-1, max-image-preview:large, max-video-preview:-1\" \/>\n<link rel=\"canonical\" href=\"https:\/\/augustaabogados.com\/ca\/petjada-digital-i-proteccio-de-dades-podem-desapareixer-dinternet\/\" \/>\n<meta property=\"og:locale\" content=\"ca_ES\" \/>\n<meta property=\"og:type\" content=\"article\" \/>\n<meta property=\"og:title\" content=\"Petjada digital i protecci\u00f3 de dades: podem desapar\u00e8ixer d\u2019Internet? - Augusta Abogados\" \/>\n<meta property=\"og:description\" content=\"La s\u00f2cia de l\u2019\u00e0rea de TMT, J\u00falia Bacaria, ha participat en el programa Via 15 de La Xarxa, on ha analitzat els principals reptes vinculats a la protecci\u00f3 de dades personals i a la gesti\u00f3 de la petjada digital en un entorn cada vegada m\u00e9s hiperconnectat. Durant l\u2019entrevista, s\u2019hi aborden q\u00fcestions clau com el control [&hellip;]\" \/>\n<meta property=\"og:url\" content=\"https:\/\/augustaabogados.com\/ca\/petjada-digital-i-proteccio-de-dades-podem-desapareixer-dinternet\/\" \/>\n<meta property=\"og:site_name\" content=\"Augusta Abogados\" \/>\n<meta property=\"article:published_time\" content=\"2026-01-21T17:22:05+00:00\" \/>\n<meta property=\"article:modified_time\" content=\"2026-01-21T17:32:52+00:00\" \/>\n<meta property=\"og:image\" content=\"https:\/\/augustaabogados.com\/wp-content\/uploads\/2026\/01\/Julia-Bacaria-a-La-Xarxa-e1769016223810.jpeg\" \/>\n\t<meta property=\"og:image:width\" content=\"945\" \/>\n\t<meta property=\"og:image:height\" content=\"537\" \/>\n\t<meta property=\"og:image:type\" content=\"image\/jpeg\" \/>\n<meta name=\"author\" content=\"Augusta Abogados\" \/>\n<meta name=\"twitter:card\" content=\"summary_large_image\" \/>\n<meta name=\"twitter:label1\" content=\"Escrit per\" \/>\n\t<meta name=\"twitter:data1\" content=\"Augusta Abogados\" \/>\n\t<meta name=\"twitter:label2\" content=\"Temps estimat de lectura\" \/>\n\t<meta name=\"twitter:data2\" content=\"1 minut\" \/>\n<script type=\"application\/ld+json\" class=\"yoast-schema-graph\">{\"@context\":\"https:\\\/\\\/schema.org\",\"@graph\":[{\"@type\":\"Article\",\"@id\":\"https:\\\/\\\/augustaabogados.com\\\/ca\\\/petjada-digital-i-proteccio-de-dades-podem-desapareixer-dinternet\\\/#article\",\"isPartOf\":{\"@id\":\"https:\\\/\\\/augustaabogados.com\\\/ca\\\/petjada-digital-i-proteccio-de-dades-podem-desapareixer-dinternet\\\/\"},\"author\":{\"name\":\"Augusta Abogados\",\"@id\":\"https:\\\/\\\/augustaabogados.com\\\/#\\\/schema\\\/person\\\/8c5e230eb6ed47cdd14ee188eb04a753\"},\"headline\":\"Petjada digital i protecci\u00f3 de dades: podem desapar\u00e8ixer d\u2019Internet?\",\"datePublished\":\"2026-01-21T17:22:05+00:00\",\"dateModified\":\"2026-01-21T17:32:52+00:00\",\"mainEntityOfPage\":{\"@id\":\"https:\\\/\\\/augustaabogados.com\\\/ca\\\/petjada-digital-i-proteccio-de-dades-podem-desapareixer-dinternet\\\/\"},\"wordCount\":150,\"publisher\":{\"@id\":\"https:\\\/\\\/augustaabogados.com\\\/#organization\"},\"image\":{\"@id\":\"https:\\\/\\\/augustaabogados.com\\\/ca\\\/petjada-digital-i-proteccio-de-dades-podem-desapareixer-dinternet\\\/#primaryimage\"},\"thumbnailUrl\":\"https:\\\/\\\/augustaabogados.com\\\/wp-content\\\/uploads\\\/2026\\\/01\\\/Julia-Bacaria-a-La-Xarxa-e1769016223810.jpeg\",\"keywords\":[\"2025\",\"dades personals\",\"datos\",\"datos personales\",\"Empresa\",\"protecci\u00f3 dades\",\"protecci\u00f3n datos\",\"redes sociales\",\"seguretat\",\"seguridad\",\"testament digital\",\"TMT\",\"xarxes socials\"],\"articleSection\":[\"NOT\u00cdCIA\"],\"inLanguage\":\"ca\"},{\"@type\":[\"WebPage\",\"ItemPage\"],\"@id\":\"https:\\\/\\\/augustaabogados.com\\\/ca\\\/petjada-digital-i-proteccio-de-dades-podem-desapareixer-dinternet\\\/\",\"url\":\"https:\\\/\\\/augustaabogados.com\\\/ca\\\/petjada-digital-i-proteccio-de-dades-podem-desapareixer-dinternet\\\/\",\"name\":\"Petjada digital i protecci\u00f3 de dades: podem desapar\u00e8ixer d\u2019Internet? - Augusta Abogados\",\"isPartOf\":{\"@id\":\"https:\\\/\\\/augustaabogados.com\\\/#website\"},\"primaryImageOfPage\":{\"@id\":\"https:\\\/\\\/augustaabogados.com\\\/ca\\\/petjada-digital-i-proteccio-de-dades-podem-desapareixer-dinternet\\\/#primaryimage\"},\"image\":{\"@id\":\"https:\\\/\\\/augustaabogados.com\\\/ca\\\/petjada-digital-i-proteccio-de-dades-podem-desapareixer-dinternet\\\/#primaryimage\"},\"thumbnailUrl\":\"https:\\\/\\\/augustaabogados.com\\\/wp-content\\\/uploads\\\/2026\\\/01\\\/Julia-Bacaria-a-La-Xarxa-e1769016223810.jpeg\",\"datePublished\":\"2026-01-21T17:22:05+00:00\",\"dateModified\":\"2026-01-21T17:32:52+00:00\",\"breadcrumb\":{\"@id\":\"https:\\\/\\\/augustaabogados.com\\\/ca\\\/petjada-digital-i-proteccio-de-dades-podem-desapareixer-dinternet\\\/#breadcrumb\"},\"inLanguage\":\"ca\",\"potentialAction\":[{\"@type\":\"ReadAction\",\"target\":[\"https:\\\/\\\/augustaabogados.com\\\/ca\\\/petjada-digital-i-proteccio-de-dades-podem-desapareixer-dinternet\\\/\"]}]},{\"@type\":\"ImageObject\",\"inLanguage\":\"ca\",\"@id\":\"https:\\\/\\\/augustaabogados.com\\\/ca\\\/petjada-digital-i-proteccio-de-dades-podem-desapareixer-dinternet\\\/#primaryimage\",\"url\":\"https:\\\/\\\/augustaabogados.com\\\/wp-content\\\/uploads\\\/2026\\\/01\\\/Julia-Bacaria-a-La-Xarxa-e1769016223810.jpeg\",\"contentUrl\":\"https:\\\/\\\/augustaabogados.com\\\/wp-content\\\/uploads\\\/2026\\\/01\\\/Julia-Bacaria-a-La-Xarxa-e1769016223810.jpeg\",\"width\":945,\"height\":537},{\"@type\":\"BreadcrumbList\",\"@id\":\"https:\\\/\\\/augustaabogados.com\\\/ca\\\/petjada-digital-i-proteccio-de-dades-podem-desapareixer-dinternet\\\/#breadcrumb\",\"itemListElement\":[{\"@type\":\"ListItem\",\"position\":1,\"name\":\"Portada\",\"item\":\"https:\\\/\\\/augustaabogados.com\\\/ca\\\/\"},{\"@type\":\"ListItem\",\"position\":2,\"name\":\"Petjada digital i protecci\u00f3 de dades: podem desapar\u00e8ixer d\u2019Internet?\"}]},{\"@type\":\"WebSite\",\"@id\":\"https:\\\/\\\/augustaabogados.com\\\/#website\",\"url\":\"https:\\\/\\\/augustaabogados.com\\\/\",\"name\":\"Augusta Abogados\",\"description\":\"\",\"publisher\":{\"@id\":\"https:\\\/\\\/augustaabogados.com\\\/#organization\"},\"potentialAction\":[{\"@type\":\"SearchAction\",\"target\":{\"@type\":\"EntryPoint\",\"urlTemplate\":\"https:\\\/\\\/augustaabogados.com\\\/?s={search_term_string}\"},\"query-input\":{\"@type\":\"PropertyValueSpecification\",\"valueRequired\":true,\"valueName\":\"search_term_string\"}}],\"inLanguage\":\"ca\"},{\"@type\":\"Organization\",\"@id\":\"https:\\\/\\\/augustaabogados.com\\\/#organization\",\"name\":\"Augusta Abogados\",\"url\":\"https:\\\/\\\/augustaabogados.com\\\/\",\"logo\":{\"@type\":\"ImageObject\",\"inLanguage\":\"ca\",\"@id\":\"https:\\\/\\\/augustaabogados.com\\\/#\\\/schema\\\/logo\\\/image\\\/\",\"url\":\"https:\\\/\\\/augustaabogados.com\\\/wp-content\\\/uploads\\\/2023\\\/11\\\/LOGO-AUGUSTA.svg\",\"contentUrl\":\"https:\\\/\\\/augustaabogados.com\\\/wp-content\\\/uploads\\\/2023\\\/11\\\/LOGO-AUGUSTA.svg\",\"caption\":\"Augusta Abogados\"},\"image\":{\"@id\":\"https:\\\/\\\/augustaabogados.com\\\/#\\\/schema\\\/logo\\\/image\\\/\"}},{\"@type\":\"Person\",\"@id\":\"https:\\\/\\\/augustaabogados.com\\\/#\\\/schema\\\/person\\\/8c5e230eb6ed47cdd14ee188eb04a753\",\"name\":\"Augusta Abogados\",\"image\":{\"@type\":\"ImageObject\",\"inLanguage\":\"ca\",\"@id\":\"https:\\\/\\\/secure.gravatar.com\\\/avatar\\\/09e6ceb5fccff542915602bda752518fa959b0df2d103d929aefa74c2909a4bc?s=96&d=mm&r=g\",\"url\":\"https:\\\/\\\/secure.gravatar.com\\\/avatar\\\/09e6ceb5fccff542915602bda752518fa959b0df2d103d929aefa74c2909a4bc?s=96&d=mm&r=g\",\"contentUrl\":\"https:\\\/\\\/secure.gravatar.com\\\/avatar\\\/09e6ceb5fccff542915602bda752518fa959b0df2d103d929aefa74c2909a4bc?s=96&d=mm&r=g\",\"caption\":\"Augusta Abogados\"}}]}<\/script>\n<!-- \/ Yoast SEO plugin. -->","yoast_head_json":{"title":"Petjada digital i protecci\u00f3 de dades: podem desapar\u00e8ixer d\u2019Internet? - Augusta Abogados","robots":{"index":"index","follow":"follow","max-snippet":"max-snippet:-1","max-image-preview":"max-image-preview:large","max-video-preview":"max-video-preview:-1"},"canonical":"https:\/\/augustaabogados.com\/ca\/petjada-digital-i-proteccio-de-dades-podem-desapareixer-dinternet\/","og_locale":"ca_ES","og_type":"article","og_title":"Petjada digital i protecci\u00f3 de dades: podem desapar\u00e8ixer d\u2019Internet? - Augusta Abogados","og_description":"La s\u00f2cia de l\u2019\u00e0rea de TMT, J\u00falia Bacaria, ha participat en el programa Via 15 de La Xarxa, on ha analitzat els principals reptes vinculats a la protecci\u00f3 de dades personals i a la gesti\u00f3 de la petjada digital en un entorn cada vegada m\u00e9s hiperconnectat. Durant l\u2019entrevista, s\u2019hi aborden q\u00fcestions clau com el control [&hellip;]","og_url":"https:\/\/augustaabogados.com\/ca\/petjada-digital-i-proteccio-de-dades-podem-desapareixer-dinternet\/","og_site_name":"Augusta Abogados","article_published_time":"2026-01-21T17:22:05+00:00","article_modified_time":"2026-01-21T17:32:52+00:00","og_image":[{"width":945,"height":537,"url":"https:\/\/augustaabogados.com\/wp-content\/uploads\/2026\/01\/Julia-Bacaria-a-La-Xarxa-e1769016223810.jpeg","type":"image\/jpeg"}],"author":"Augusta Abogados","twitter_card":"summary_large_image","twitter_misc":{"Escrit per":"Augusta Abogados","Temps estimat de lectura":"1 minut"},"schema":{"@context":"https:\/\/schema.org","@graph":[{"@type":"Article","@id":"https:\/\/augustaabogados.com\/ca\/petjada-digital-i-proteccio-de-dades-podem-desapareixer-dinternet\/#article","isPartOf":{"@id":"https:\/\/augustaabogados.com\/ca\/petjada-digital-i-proteccio-de-dades-podem-desapareixer-dinternet\/"},"author":{"name":"Augusta Abogados","@id":"https:\/\/augustaabogados.com\/#\/schema\/person\/8c5e230eb6ed47cdd14ee188eb04a753"},"headline":"Petjada digital i protecci\u00f3 de dades: podem desapar\u00e8ixer d\u2019Internet?","datePublished":"2026-01-21T17:22:05+00:00","dateModified":"2026-01-21T17:32:52+00:00","mainEntityOfPage":{"@id":"https:\/\/augustaabogados.com\/ca\/petjada-digital-i-proteccio-de-dades-podem-desapareixer-dinternet\/"},"wordCount":150,"publisher":{"@id":"https:\/\/augustaabogados.com\/#organization"},"image":{"@id":"https:\/\/augustaabogados.com\/ca\/petjada-digital-i-proteccio-de-dades-podem-desapareixer-dinternet\/#primaryimage"},"thumbnailUrl":"https:\/\/augustaabogados.com\/wp-content\/uploads\/2026\/01\/Julia-Bacaria-a-La-Xarxa-e1769016223810.jpeg","keywords":["2025","dades personals","datos","datos personales","Empresa","protecci\u00f3 dades","protecci\u00f3n datos","redes sociales","seguretat","seguridad","testament digital","TMT","xarxes socials"],"articleSection":["NOT\u00cdCIA"],"inLanguage":"ca"},{"@type":["WebPage","ItemPage"],"@id":"https:\/\/augustaabogados.com\/ca\/petjada-digital-i-proteccio-de-dades-podem-desapareixer-dinternet\/","url":"https:\/\/augustaabogados.com\/ca\/petjada-digital-i-proteccio-de-dades-podem-desapareixer-dinternet\/","name":"Petjada digital i protecci\u00f3 de dades: podem desapar\u00e8ixer d\u2019Internet? - Augusta Abogados","isPartOf":{"@id":"https:\/\/augustaabogados.com\/#website"},"primaryImageOfPage":{"@id":"https:\/\/augustaabogados.com\/ca\/petjada-digital-i-proteccio-de-dades-podem-desapareixer-dinternet\/#primaryimage"},"image":{"@id":"https:\/\/augustaabogados.com\/ca\/petjada-digital-i-proteccio-de-dades-podem-desapareixer-dinternet\/#primaryimage"},"thumbnailUrl":"https:\/\/augustaabogados.com\/wp-content\/uploads\/2026\/01\/Julia-Bacaria-a-La-Xarxa-e1769016223810.jpeg","datePublished":"2026-01-21T17:22:05+00:00","dateModified":"2026-01-21T17:32:52+00:00","breadcrumb":{"@id":"https:\/\/augustaabogados.com\/ca\/petjada-digital-i-proteccio-de-dades-podem-desapareixer-dinternet\/#breadcrumb"},"inLanguage":"ca","potentialAction":[{"@type":"ReadAction","target":["https:\/\/augustaabogados.com\/ca\/petjada-digital-i-proteccio-de-dades-podem-desapareixer-dinternet\/"]}]},{"@type":"ImageObject","inLanguage":"ca","@id":"https:\/\/augustaabogados.com\/ca\/petjada-digital-i-proteccio-de-dades-podem-desapareixer-dinternet\/#primaryimage","url":"https:\/\/augustaabogados.com\/wp-content\/uploads\/2026\/01\/Julia-Bacaria-a-La-Xarxa-e1769016223810.jpeg","contentUrl":"https:\/\/augustaabogados.com\/wp-content\/uploads\/2026\/01\/Julia-Bacaria-a-La-Xarxa-e1769016223810.jpeg","width":945,"height":537},{"@type":"BreadcrumbList","@id":"https:\/\/augustaabogados.com\/ca\/petjada-digital-i-proteccio-de-dades-podem-desapareixer-dinternet\/#breadcrumb","itemListElement":[{"@type":"ListItem","position":1,"name":"Portada","item":"https:\/\/augustaabogados.com\/ca\/"},{"@type":"ListItem","position":2,"name":"Petjada digital i protecci\u00f3 de dades: podem desapar\u00e8ixer d\u2019Internet?"}]},{"@type":"WebSite","@id":"https:\/\/augustaabogados.com\/#website","url":"https:\/\/augustaabogados.com\/","name":"Augusta Abogados","description":"","publisher":{"@id":"https:\/\/augustaabogados.com\/#organization"},"potentialAction":[{"@type":"SearchAction","target":{"@type":"EntryPoint","urlTemplate":"https:\/\/augustaabogados.com\/?s={search_term_string}"},"query-input":{"@type":"PropertyValueSpecification","valueRequired":true,"valueName":"search_term_string"}}],"inLanguage":"ca"},{"@type":"Organization","@id":"https:\/\/augustaabogados.com\/#organization","name":"Augusta Abogados","url":"https:\/\/augustaabogados.com\/","logo":{"@type":"ImageObject","inLanguage":"ca","@id":"https:\/\/augustaabogados.com\/#\/schema\/logo\/image\/","url":"https:\/\/augustaabogados.com\/wp-content\/uploads\/2023\/11\/LOGO-AUGUSTA.svg","contentUrl":"https:\/\/augustaabogados.com\/wp-content\/uploads\/2023\/11\/LOGO-AUGUSTA.svg","caption":"Augusta Abogados"},"image":{"@id":"https:\/\/augustaabogados.com\/#\/schema\/logo\/image\/"}},{"@type":"Person","@id":"https:\/\/augustaabogados.com\/#\/schema\/person\/8c5e230eb6ed47cdd14ee188eb04a753","name":"Augusta Abogados","image":{"@type":"ImageObject","inLanguage":"ca","@id":"https:\/\/secure.gravatar.com\/avatar\/09e6ceb5fccff542915602bda752518fa959b0df2d103d929aefa74c2909a4bc?s=96&d=mm&r=g","url":"https:\/\/secure.gravatar.com\/avatar\/09e6ceb5fccff542915602bda752518fa959b0df2d103d929aefa74c2909a4bc?s=96&d=mm&r=g","contentUrl":"https:\/\/secure.gravatar.com\/avatar\/09e6ceb5fccff542915602bda752518fa959b0df2d103d929aefa74c2909a4bc?s=96&d=mm&r=g","caption":"Augusta Abogados"}}]}},"_links":{"self":[{"href":"https:\/\/augustaabogados.com\/ca\/wp-json\/wp\/v2\/posts\/51874","targetHints":{"allow":["GET"]}}],"collection":[{"href":"https:\/\/augustaabogados.com\/ca\/wp-json\/wp\/v2\/posts"}],"about":[{"href":"https:\/\/augustaabogados.com\/ca\/wp-json\/wp\/v2\/types\/post"}],"author":[{"embeddable":true,"href":"https:\/\/augustaabogados.com\/ca\/wp-json\/wp\/v2\/users\/8"}],"replies":[{"embeddable":true,"href":"https:\/\/augustaabogados.com\/ca\/wp-json\/wp\/v2\/comments?post=51874"}],"version-history":[{"count":2,"href":"https:\/\/augustaabogados.com\/ca\/wp-json\/wp\/v2\/posts\/51874\/revisions"}],"predecessor-version":[{"id":51876,"href":"https:\/\/augustaabogados.com\/ca\/wp-json\/wp\/v2\/posts\/51874\/revisions\/51876"}],"wp:featuredmedia":[{"embeddable":true,"href":"https:\/\/augustaabogados.com\/ca\/wp-json\/wp\/v2\/media\/51865"}],"wp:attachment":[{"href":"https:\/\/augustaabogados.com\/ca\/wp-json\/wp\/v2\/media?parent=51874"}],"wp:term":[{"taxonomy":"category","embeddable":true,"href":"https:\/\/augustaabogados.com\/ca\/wp-json\/wp\/v2\/categories?post=51874"},{"taxonomy":"post_tag","embeddable":true,"href":"https:\/\/augustaabogados.com\/ca\/wp-json\/wp\/v2\/tags?post=51874"},{"taxonomy":"servicio-asociado","embeddable":true,"href":"https:\/\/augustaabogados.com\/ca\/wp-json\/wp\/v2\/servicio-asociado?post=51874"}],"curies":[{"name":"wp","href":"https:\/\/api.w.org\/{rel}","templated":true}]}}