{"id":52282,"date":"2026-02-19T15:34:16","date_gmt":"2026-02-19T15:34:16","guid":{"rendered":"https:\/\/augustaabogados.com\/?p=52282"},"modified":"2026-02-19T15:35:08","modified_gmt":"2026-02-19T15:35:08","slug":"ladvocat-omar-molina-presenta-el-seu-llibre-el-poder-de-la-marca-personal-en-el-sector-legal-a-la-biblioteca-de-licab","status":"publish","type":"post","link":"https:\/\/augustaabogados.com\/ca\/ladvocat-omar-molina-presenta-el-seu-llibre-el-poder-de-la-marca-personal-en-el-sector-legal-a-la-biblioteca-de-licab\/","title":{"rendered":"L\u2019advocat Omar Molina presenta el seu llibre \u201cEl Poder de la Marca Personal en el Sector Legal\u201d a la Biblioteca de l\u2019ICAB"},"content":{"rendered":"<div class=\"lead\">\n<p>La Biblioteca de l\u2019Il\u00b7lustre Col\u00b7legi de l\u2019Advocacia de Barcelona (ICAB) ha acollit aquest dimarts, 17 de febrer de 2026, la presentaci\u00f3 del llibre \u201cEl Poder de la Marca Personal en el Sector Legal\u201d, de l\u2019advocat especialitzat en Dret Laboral<strong>\u00a0Omar Molina<\/strong>.<\/p>\n<\/div>\n<div class=\"container-fluid date-author\">\n<div class=\"row\">\n<p>L&#8217;acte s\u2019ha celebrat a la Sala de Lectura de la Biblioteca col\u00b7legial i ha comptat amb la benvinguda institucional per part del diputat de la Junta de Govern <strong>Alexander Salvador<\/strong>.<\/p>\n<p>En la presentaci\u00f3 tamb\u00e9 ha participat el magistrat del Jutjat Social n\u00famero 1 de Barcelona,\u00a0<strong>Pedro Tuset del Pino<\/strong>, que ha aportat la seva visi\u00f3 sobre la projecci\u00f3 professional i la reputaci\u00f3 en l\u2019exercici de l\u2019advocacia.<\/p>\n<p>L\u2019obra aborda la import\u00e0ncia de la marca personal en l\u2019\u00e0mbit jur\u00eddic com a eina estrat\u00e8gica per refor\u00e7ar el posicionament professional, generar confian\u00e7a i diferenciar-se en un entorn cada vegada m\u00e9s competitiu i digital dins del sector legal. Ofereix una an\u00e0lisi pr\u00e0ctica i estrat\u00e8gica, amb una mirada humana, sobre com construir una identitat professional alineada amb el propi ADN en plataformes com ara LinkedIn, sense perdre el rigor t\u00e8cnic ni l\u2019ess\u00e8ncia personal que defineix cada professional jur\u00eddic.<\/p>\n<\/div>\n<\/div>\n","protected":false},"excerpt":{"rendered":"<p>La Biblioteca de l\u2019Il\u00b7lustre Col\u00b7legi de l\u2019Advocacia de Barcelona (ICAB) ha acollit aquest dimarts, 17 de febrer de 2026, la presentaci\u00f3 del llibre \u201cEl Poder de la Marca Personal en el Sector Legal\u201d, de l\u2019advocat especialitzat en Dret Laboral\u00a0Omar Molina. L&#8217;acte s\u2019ha celebrat a la Sala de Lectura de la Biblioteca col\u00b7legial i ha comptat [&hellip;]<\/p>\n","protected":false},"author":8,"featured_media":52283,"comment_status":"closed","ping_status":"closed","sticky":false,"template":"","format":"standard","meta":{"content-type":"","site-sidebar-layout":"default","site-content-layout":"","ast-site-content-layout":"default","site-content-style":"default","site-sidebar-style":"default","ast-global-header-display":"","ast-banner-title-visibility":"","ast-main-header-display":"","ast-hfb-above-header-display":"","ast-hfb-below-header-display":"","ast-hfb-mobile-header-display":"","site-post-title":"","ast-breadcrumbs-content":"","ast-featured-img":"","footer-sml-layout":"","ast-disable-related-posts":"","theme-transparent-header-meta":"default","adv-header-id-meta":"","stick-header-meta":"","header-above-stick-meta":"","header-main-stick-meta":"","header-below-stick-meta":"","astra-migrate-meta-layouts":"set","ast-page-background-enabled":"default","ast-page-background-meta":{"desktop":{"background-color":"var(--ast-global-color-4)","background-image":"","background-repeat":"repeat","background-position":"center center","background-size":"auto","background-attachment":"scroll","background-type":"","background-media":"","overlay-type":"","overlay-color":"","overlay-opacity":"","overlay-gradient":""},"tablet":{"background-color":"","background-image":"","background-repeat":"repeat","background-position":"center center","background-size":"auto","background-attachment":"scroll","background-type":"","background-media":"","overlay-type":"","overlay-color":"","overlay-opacity":"","overlay-gradient":""},"mobile":{"background-color":"","background-image":"","background-repeat":"repeat","background-position":"center center","background-size":"auto","background-attachment":"scroll","background-type":"","background-media":"","overlay-type":"","overlay-color":"","overlay-opacity":"","overlay-gradient":""}},"ast-content-background-meta":{"desktop":{"background-color":"var(--ast-global-color-5)","background-image":"","background-repeat":"repeat","background-position":"center center","background-size":"auto","background-attachment":"scroll","background-type":"","background-media":"","overlay-type":"","overlay-color":"","overlay-opacity":"","overlay-gradient":""},"tablet":{"background-color":"var(--ast-global-color-5)","background-image":"","background-repeat":"repeat","background-position":"center center","background-size":"auto","background-attachment":"scroll","background-type":"","background-media":"","overlay-type":"","overlay-color":"","overlay-opacity":"","overlay-gradient":""},"mobile":{"background-color":"var(--ast-global-color-5)","background-image":"","background-repeat":"repeat","background-position":"center center","background-size":"auto","background-attachment":"scroll","background-type":"","background-media":"","overlay-type":"","overlay-color":"","overlay-opacity":"","overlay-gradient":""}},"footnotes":""},"categories":[1898],"tags":[3683,1121,1230,2032,3818,3321,2332,3819,3820],"servicio-asociado":[1858],"class_list":["post-52282","post","type-post","status-publish","format-standard","has-post-thumbnail","hentry","category-noticia-ca","tag-3683","tag-advocat","tag-dret-laboral","tag-empresa-ca","tag-ica","tag-juridic","tag-marca-ca","tag-marca-personal","tag-omar-molina","servicio-asociado-laboral-ca"],"acf":[],"yoast_head":"<!-- This site is optimized with the Yoast SEO plugin v27.4 - https:\/\/yoast.com\/product\/yoast-seo-wordpress\/ -->\n<title>L\u2019advocat Omar Molina presenta el seu llibre \u201cEl Poder de la Marca Personal en el Sector Legal\u201d a la Biblioteca de l\u2019ICAB - Augusta Abogados<\/title>\n<meta name=\"robots\" content=\"index, follow, max-snippet:-1, max-image-preview:large, max-video-preview:-1\" \/>\n<link rel=\"canonical\" href=\"https:\/\/augustaabogados.com\/ca\/ladvocat-omar-molina-presenta-el-seu-llibre-el-poder-de-la-marca-personal-en-el-sector-legal-a-la-biblioteca-de-licab\/\" \/>\n<meta property=\"og:locale\" content=\"ca_ES\" \/>\n<meta property=\"og:type\" content=\"article\" \/>\n<meta property=\"og:title\" content=\"L\u2019advocat Omar Molina presenta el seu llibre \u201cEl Poder de la Marca Personal en el Sector Legal\u201d a la Biblioteca de l\u2019ICAB - Augusta Abogados\" \/>\n<meta property=\"og:description\" content=\"La Biblioteca de l\u2019Il\u00b7lustre Col\u00b7legi de l\u2019Advocacia de Barcelona (ICAB) ha acollit aquest dimarts, 17 de febrer de 2026, la presentaci\u00f3 del llibre \u201cEl Poder de la Marca Personal en el Sector Legal\u201d, de l\u2019advocat especialitzat en Dret Laboral\u00a0Omar Molina. L&#8217;acte s\u2019ha celebrat a la Sala de Lectura de la Biblioteca col\u00b7legial i ha comptat [&hellip;]\" \/>\n<meta property=\"og:url\" content=\"https:\/\/augustaabogados.com\/ca\/ladvocat-omar-molina-presenta-el-seu-llibre-el-poder-de-la-marca-personal-en-el-sector-legal-a-la-biblioteca-de-licab\/\" \/>\n<meta property=\"og:site_name\" content=\"Augusta Abogados\" \/>\n<meta property=\"article:published_time\" content=\"2026-02-19T15:34:16+00:00\" \/>\n<meta property=\"article:modified_time\" content=\"2026-02-19T15:35:08+00:00\" \/>\n<meta property=\"og:image\" content=\"https:\/\/augustaabogados.com\/wp-content\/uploads\/2026\/02\/Presentacio-Llibre-Omar-Molina-18022026.jpg_1033924888.jpg\" \/>\n\t<meta property=\"og:image:width\" content=\"1600\" \/>\n\t<meta property=\"og:image:height\" content=\"1600\" \/>\n\t<meta property=\"og:image:type\" content=\"image\/jpeg\" \/>\n<meta name=\"author\" content=\"Augusta Abogados\" \/>\n<meta name=\"twitter:card\" content=\"summary_large_image\" \/>\n<meta name=\"twitter:label1\" content=\"Escrit per\" \/>\n\t<meta name=\"twitter:data1\" content=\"Augusta Abogados\" \/>\n\t<meta name=\"twitter:label2\" content=\"Temps estimat de lectura\" \/>\n\t<meta name=\"twitter:data2\" content=\"2 minuts\" \/>\n<script type=\"application\/ld+json\" class=\"yoast-schema-graph\">{\"@context\":\"https:\\\/\\\/schema.org\",\"@graph\":[{\"@type\":\"Article\",\"@id\":\"https:\\\/\\\/augustaabogados.com\\\/ca\\\/ladvocat-omar-molina-presenta-el-seu-llibre-el-poder-de-la-marca-personal-en-el-sector-legal-a-la-biblioteca-de-licab\\\/#article\",\"isPartOf\":{\"@id\":\"https:\\\/\\\/augustaabogados.com\\\/ca\\\/ladvocat-omar-molina-presenta-el-seu-llibre-el-poder-de-la-marca-personal-en-el-sector-legal-a-la-biblioteca-de-licab\\\/\"},\"author\":{\"name\":\"Augusta Abogados\",\"@id\":\"https:\\\/\\\/augustaabogados.com\\\/#\\\/schema\\\/person\\\/8c5e230eb6ed47cdd14ee188eb04a753\"},\"headline\":\"L\u2019advocat Omar Molina presenta el seu llibre \u201cEl Poder de la Marca Personal en el Sector Legal\u201d a la Biblioteca de l\u2019ICAB\",\"datePublished\":\"2026-02-19T15:34:16+00:00\",\"dateModified\":\"2026-02-19T15:35:08+00:00\",\"mainEntityOfPage\":{\"@id\":\"https:\\\/\\\/augustaabogados.com\\\/ca\\\/ladvocat-omar-molina-presenta-el-seu-llibre-el-poder-de-la-marca-personal-en-el-sector-legal-a-la-biblioteca-de-licab\\\/\"},\"wordCount\":230,\"publisher\":{\"@id\":\"https:\\\/\\\/augustaabogados.com\\\/#organization\"},\"image\":{\"@id\":\"https:\\\/\\\/augustaabogados.com\\\/ca\\\/ladvocat-omar-molina-presenta-el-seu-llibre-el-poder-de-la-marca-personal-en-el-sector-legal-a-la-biblioteca-de-licab\\\/#primaryimage\"},\"thumbnailUrl\":\"https:\\\/\\\/augustaabogados.com\\\/wp-content\\\/uploads\\\/2026\\\/02\\\/Presentacio-Llibre-Omar-Molina-18022026.jpg_1033924888.jpg\",\"keywords\":[\"2026\",\"advocat\",\"Dret laboral\",\"Empresa\",\"ICA\",\"Jur\u00eddic\",\"Marca\",\"marca personal\",\"Omar Molina\"],\"articleSection\":[\"NOT\u00cdCIA\"],\"inLanguage\":\"ca\"},{\"@type\":[\"WebPage\",\"ItemPage\"],\"@id\":\"https:\\\/\\\/augustaabogados.com\\\/ca\\\/ladvocat-omar-molina-presenta-el-seu-llibre-el-poder-de-la-marca-personal-en-el-sector-legal-a-la-biblioteca-de-licab\\\/\",\"url\":\"https:\\\/\\\/augustaabogados.com\\\/ca\\\/ladvocat-omar-molina-presenta-el-seu-llibre-el-poder-de-la-marca-personal-en-el-sector-legal-a-la-biblioteca-de-licab\\\/\",\"name\":\"L\u2019advocat Omar Molina presenta el seu llibre \u201cEl Poder de la Marca Personal en el Sector Legal\u201d a la Biblioteca de l\u2019ICAB - Augusta Abogados\",\"isPartOf\":{\"@id\":\"https:\\\/\\\/augustaabogados.com\\\/#website\"},\"primaryImageOfPage\":{\"@id\":\"https:\\\/\\\/augustaabogados.com\\\/ca\\\/ladvocat-omar-molina-presenta-el-seu-llibre-el-poder-de-la-marca-personal-en-el-sector-legal-a-la-biblioteca-de-licab\\\/#primaryimage\"},\"image\":{\"@id\":\"https:\\\/\\\/augustaabogados.com\\\/ca\\\/ladvocat-omar-molina-presenta-el-seu-llibre-el-poder-de-la-marca-personal-en-el-sector-legal-a-la-biblioteca-de-licab\\\/#primaryimage\"},\"thumbnailUrl\":\"https:\\\/\\\/augustaabogados.com\\\/wp-content\\\/uploads\\\/2026\\\/02\\\/Presentacio-Llibre-Omar-Molina-18022026.jpg_1033924888.jpg\",\"datePublished\":\"2026-02-19T15:34:16+00:00\",\"dateModified\":\"2026-02-19T15:35:08+00:00\",\"breadcrumb\":{\"@id\":\"https:\\\/\\\/augustaabogados.com\\\/ca\\\/ladvocat-omar-molina-presenta-el-seu-llibre-el-poder-de-la-marca-personal-en-el-sector-legal-a-la-biblioteca-de-licab\\\/#breadcrumb\"},\"inLanguage\":\"ca\",\"potentialAction\":[{\"@type\":\"ReadAction\",\"target\":[\"https:\\\/\\\/augustaabogados.com\\\/ca\\\/ladvocat-omar-molina-presenta-el-seu-llibre-el-poder-de-la-marca-personal-en-el-sector-legal-a-la-biblioteca-de-licab\\\/\"]}]},{\"@type\":\"ImageObject\",\"inLanguage\":\"ca\",\"@id\":\"https:\\\/\\\/augustaabogados.com\\\/ca\\\/ladvocat-omar-molina-presenta-el-seu-llibre-el-poder-de-la-marca-personal-en-el-sector-legal-a-la-biblioteca-de-licab\\\/#primaryimage\",\"url\":\"https:\\\/\\\/augustaabogados.com\\\/wp-content\\\/uploads\\\/2026\\\/02\\\/Presentacio-Llibre-Omar-Molina-18022026.jpg_1033924888.jpg\",\"contentUrl\":\"https:\\\/\\\/augustaabogados.com\\\/wp-content\\\/uploads\\\/2026\\\/02\\\/Presentacio-Llibre-Omar-Molina-18022026.jpg_1033924888.jpg\",\"width\":1600,\"height\":1600},{\"@type\":\"BreadcrumbList\",\"@id\":\"https:\\\/\\\/augustaabogados.com\\\/ca\\\/ladvocat-omar-molina-presenta-el-seu-llibre-el-poder-de-la-marca-personal-en-el-sector-legal-a-la-biblioteca-de-licab\\\/#breadcrumb\",\"itemListElement\":[{\"@type\":\"ListItem\",\"position\":1,\"name\":\"Portada\",\"item\":\"https:\\\/\\\/augustaabogados.com\\\/ca\\\/\"},{\"@type\":\"ListItem\",\"position\":2,\"name\":\"L\u2019advocat Omar Molina presenta el seu llibre \u201cEl Poder de la Marca Personal en el Sector Legal\u201d a la Biblioteca de l\u2019ICAB\"}]},{\"@type\":\"WebSite\",\"@id\":\"https:\\\/\\\/augustaabogados.com\\\/#website\",\"url\":\"https:\\\/\\\/augustaabogados.com\\\/\",\"name\":\"Augusta Abogados\",\"description\":\"\",\"publisher\":{\"@id\":\"https:\\\/\\\/augustaabogados.com\\\/#organization\"},\"potentialAction\":[{\"@type\":\"SearchAction\",\"target\":{\"@type\":\"EntryPoint\",\"urlTemplate\":\"https:\\\/\\\/augustaabogados.com\\\/?s={search_term_string}\"},\"query-input\":{\"@type\":\"PropertyValueSpecification\",\"valueRequired\":true,\"valueName\":\"search_term_string\"}}],\"inLanguage\":\"ca\"},{\"@type\":\"Organization\",\"@id\":\"https:\\\/\\\/augustaabogados.com\\\/#organization\",\"name\":\"Augusta Abogados\",\"url\":\"https:\\\/\\\/augustaabogados.com\\\/\",\"logo\":{\"@type\":\"ImageObject\",\"inLanguage\":\"ca\",\"@id\":\"https:\\\/\\\/augustaabogados.com\\\/#\\\/schema\\\/logo\\\/image\\\/\",\"url\":\"https:\\\/\\\/augustaabogados.com\\\/wp-content\\\/uploads\\\/2023\\\/11\\\/LOGO-AUGUSTA.svg\",\"contentUrl\":\"https:\\\/\\\/augustaabogados.com\\\/wp-content\\\/uploads\\\/2023\\\/11\\\/LOGO-AUGUSTA.svg\",\"caption\":\"Augusta Abogados\"},\"image\":{\"@id\":\"https:\\\/\\\/augustaabogados.com\\\/#\\\/schema\\\/logo\\\/image\\\/\"}},{\"@type\":\"Person\",\"@id\":\"https:\\\/\\\/augustaabogados.com\\\/#\\\/schema\\\/person\\\/8c5e230eb6ed47cdd14ee188eb04a753\",\"name\":\"Augusta Abogados\",\"image\":{\"@type\":\"ImageObject\",\"inLanguage\":\"ca\",\"@id\":\"https:\\\/\\\/secure.gravatar.com\\\/avatar\\\/09e6ceb5fccff542915602bda752518fa959b0df2d103d929aefa74c2909a4bc?s=96&d=mm&r=g\",\"url\":\"https:\\\/\\\/secure.gravatar.com\\\/avatar\\\/09e6ceb5fccff542915602bda752518fa959b0df2d103d929aefa74c2909a4bc?s=96&d=mm&r=g\",\"contentUrl\":\"https:\\\/\\\/secure.gravatar.com\\\/avatar\\\/09e6ceb5fccff542915602bda752518fa959b0df2d103d929aefa74c2909a4bc?s=96&d=mm&r=g\",\"caption\":\"Augusta Abogados\"}}]}<\/script>\n<!-- \/ Yoast SEO plugin. -->","yoast_head_json":{"title":"L\u2019advocat Omar Molina presenta el seu llibre \u201cEl Poder de la Marca Personal en el Sector Legal\u201d a la Biblioteca de l\u2019ICAB - Augusta Abogados","robots":{"index":"index","follow":"follow","max-snippet":"max-snippet:-1","max-image-preview":"max-image-preview:large","max-video-preview":"max-video-preview:-1"},"canonical":"https:\/\/augustaabogados.com\/ca\/ladvocat-omar-molina-presenta-el-seu-llibre-el-poder-de-la-marca-personal-en-el-sector-legal-a-la-biblioteca-de-licab\/","og_locale":"ca_ES","og_type":"article","og_title":"L\u2019advocat Omar Molina presenta el seu llibre \u201cEl Poder de la Marca Personal en el Sector Legal\u201d a la Biblioteca de l\u2019ICAB - Augusta Abogados","og_description":"La Biblioteca de l\u2019Il\u00b7lustre Col\u00b7legi de l\u2019Advocacia de Barcelona (ICAB) ha acollit aquest dimarts, 17 de febrer de 2026, la presentaci\u00f3 del llibre \u201cEl Poder de la Marca Personal en el Sector Legal\u201d, de l\u2019advocat especialitzat en Dret Laboral\u00a0Omar Molina. L&#8217;acte s\u2019ha celebrat a la Sala de Lectura de la Biblioteca col\u00b7legial i ha comptat [&hellip;]","og_url":"https:\/\/augustaabogados.com\/ca\/ladvocat-omar-molina-presenta-el-seu-llibre-el-poder-de-la-marca-personal-en-el-sector-legal-a-la-biblioteca-de-licab\/","og_site_name":"Augusta Abogados","article_published_time":"2026-02-19T15:34:16+00:00","article_modified_time":"2026-02-19T15:35:08+00:00","og_image":[{"width":1600,"height":1600,"url":"https:\/\/augustaabogados.com\/wp-content\/uploads\/2026\/02\/Presentacio-Llibre-Omar-Molina-18022026.jpg_1033924888.jpg","type":"image\/jpeg"}],"author":"Augusta Abogados","twitter_card":"summary_large_image","twitter_misc":{"Escrit per":"Augusta Abogados","Temps estimat de lectura":"2 minuts"},"schema":{"@context":"https:\/\/schema.org","@graph":[{"@type":"Article","@id":"https:\/\/augustaabogados.com\/ca\/ladvocat-omar-molina-presenta-el-seu-llibre-el-poder-de-la-marca-personal-en-el-sector-legal-a-la-biblioteca-de-licab\/#article","isPartOf":{"@id":"https:\/\/augustaabogados.com\/ca\/ladvocat-omar-molina-presenta-el-seu-llibre-el-poder-de-la-marca-personal-en-el-sector-legal-a-la-biblioteca-de-licab\/"},"author":{"name":"Augusta Abogados","@id":"https:\/\/augustaabogados.com\/#\/schema\/person\/8c5e230eb6ed47cdd14ee188eb04a753"},"headline":"L\u2019advocat Omar Molina presenta el seu llibre \u201cEl Poder de la Marca Personal en el Sector Legal\u201d a la Biblioteca de l\u2019ICAB","datePublished":"2026-02-19T15:34:16+00:00","dateModified":"2026-02-19T15:35:08+00:00","mainEntityOfPage":{"@id":"https:\/\/augustaabogados.com\/ca\/ladvocat-omar-molina-presenta-el-seu-llibre-el-poder-de-la-marca-personal-en-el-sector-legal-a-la-biblioteca-de-licab\/"},"wordCount":230,"publisher":{"@id":"https:\/\/augustaabogados.com\/#organization"},"image":{"@id":"https:\/\/augustaabogados.com\/ca\/ladvocat-omar-molina-presenta-el-seu-llibre-el-poder-de-la-marca-personal-en-el-sector-legal-a-la-biblioteca-de-licab\/#primaryimage"},"thumbnailUrl":"https:\/\/augustaabogados.com\/wp-content\/uploads\/2026\/02\/Presentacio-Llibre-Omar-Molina-18022026.jpg_1033924888.jpg","keywords":["2026","advocat","Dret laboral","Empresa","ICA","Jur\u00eddic","Marca","marca personal","Omar Molina"],"articleSection":["NOT\u00cdCIA"],"inLanguage":"ca"},{"@type":["WebPage","ItemPage"],"@id":"https:\/\/augustaabogados.com\/ca\/ladvocat-omar-molina-presenta-el-seu-llibre-el-poder-de-la-marca-personal-en-el-sector-legal-a-la-biblioteca-de-licab\/","url":"https:\/\/augustaabogados.com\/ca\/ladvocat-omar-molina-presenta-el-seu-llibre-el-poder-de-la-marca-personal-en-el-sector-legal-a-la-biblioteca-de-licab\/","name":"L\u2019advocat Omar Molina presenta el seu llibre \u201cEl Poder de la Marca Personal en el Sector Legal\u201d a la Biblioteca de l\u2019ICAB - Augusta Abogados","isPartOf":{"@id":"https:\/\/augustaabogados.com\/#website"},"primaryImageOfPage":{"@id":"https:\/\/augustaabogados.com\/ca\/ladvocat-omar-molina-presenta-el-seu-llibre-el-poder-de-la-marca-personal-en-el-sector-legal-a-la-biblioteca-de-licab\/#primaryimage"},"image":{"@id":"https:\/\/augustaabogados.com\/ca\/ladvocat-omar-molina-presenta-el-seu-llibre-el-poder-de-la-marca-personal-en-el-sector-legal-a-la-biblioteca-de-licab\/#primaryimage"},"thumbnailUrl":"https:\/\/augustaabogados.com\/wp-content\/uploads\/2026\/02\/Presentacio-Llibre-Omar-Molina-18022026.jpg_1033924888.jpg","datePublished":"2026-02-19T15:34:16+00:00","dateModified":"2026-02-19T15:35:08+00:00","breadcrumb":{"@id":"https:\/\/augustaabogados.com\/ca\/ladvocat-omar-molina-presenta-el-seu-llibre-el-poder-de-la-marca-personal-en-el-sector-legal-a-la-biblioteca-de-licab\/#breadcrumb"},"inLanguage":"ca","potentialAction":[{"@type":"ReadAction","target":["https:\/\/augustaabogados.com\/ca\/ladvocat-omar-molina-presenta-el-seu-llibre-el-poder-de-la-marca-personal-en-el-sector-legal-a-la-biblioteca-de-licab\/"]}]},{"@type":"ImageObject","inLanguage":"ca","@id":"https:\/\/augustaabogados.com\/ca\/ladvocat-omar-molina-presenta-el-seu-llibre-el-poder-de-la-marca-personal-en-el-sector-legal-a-la-biblioteca-de-licab\/#primaryimage","url":"https:\/\/augustaabogados.com\/wp-content\/uploads\/2026\/02\/Presentacio-Llibre-Omar-Molina-18022026.jpg_1033924888.jpg","contentUrl":"https:\/\/augustaabogados.com\/wp-content\/uploads\/2026\/02\/Presentacio-Llibre-Omar-Molina-18022026.jpg_1033924888.jpg","width":1600,"height":1600},{"@type":"BreadcrumbList","@id":"https:\/\/augustaabogados.com\/ca\/ladvocat-omar-molina-presenta-el-seu-llibre-el-poder-de-la-marca-personal-en-el-sector-legal-a-la-biblioteca-de-licab\/#breadcrumb","itemListElement":[{"@type":"ListItem","position":1,"name":"Portada","item":"https:\/\/augustaabogados.com\/ca\/"},{"@type":"ListItem","position":2,"name":"L\u2019advocat Omar Molina presenta el seu llibre \u201cEl Poder de la Marca Personal en el Sector Legal\u201d a la Biblioteca de l\u2019ICAB"}]},{"@type":"WebSite","@id":"https:\/\/augustaabogados.com\/#website","url":"https:\/\/augustaabogados.com\/","name":"Augusta Abogados","description":"","publisher":{"@id":"https:\/\/augustaabogados.com\/#organization"},"potentialAction":[{"@type":"SearchAction","target":{"@type":"EntryPoint","urlTemplate":"https:\/\/augustaabogados.com\/?s={search_term_string}"},"query-input":{"@type":"PropertyValueSpecification","valueRequired":true,"valueName":"search_term_string"}}],"inLanguage":"ca"},{"@type":"Organization","@id":"https:\/\/augustaabogados.com\/#organization","name":"Augusta Abogados","url":"https:\/\/augustaabogados.com\/","logo":{"@type":"ImageObject","inLanguage":"ca","@id":"https:\/\/augustaabogados.com\/#\/schema\/logo\/image\/","url":"https:\/\/augustaabogados.com\/wp-content\/uploads\/2023\/11\/LOGO-AUGUSTA.svg","contentUrl":"https:\/\/augustaabogados.com\/wp-content\/uploads\/2023\/11\/LOGO-AUGUSTA.svg","caption":"Augusta Abogados"},"image":{"@id":"https:\/\/augustaabogados.com\/#\/schema\/logo\/image\/"}},{"@type":"Person","@id":"https:\/\/augustaabogados.com\/#\/schema\/person\/8c5e230eb6ed47cdd14ee188eb04a753","name":"Augusta Abogados","image":{"@type":"ImageObject","inLanguage":"ca","@id":"https:\/\/secure.gravatar.com\/avatar\/09e6ceb5fccff542915602bda752518fa959b0df2d103d929aefa74c2909a4bc?s=96&d=mm&r=g","url":"https:\/\/secure.gravatar.com\/avatar\/09e6ceb5fccff542915602bda752518fa959b0df2d103d929aefa74c2909a4bc?s=96&d=mm&r=g","contentUrl":"https:\/\/secure.gravatar.com\/avatar\/09e6ceb5fccff542915602bda752518fa959b0df2d103d929aefa74c2909a4bc?s=96&d=mm&r=g","caption":"Augusta Abogados"}}]}},"_links":{"self":[{"href":"https:\/\/augustaabogados.com\/ca\/wp-json\/wp\/v2\/posts\/52282","targetHints":{"allow":["GET"]}}],"collection":[{"href":"https:\/\/augustaabogados.com\/ca\/wp-json\/wp\/v2\/posts"}],"about":[{"href":"https:\/\/augustaabogados.com\/ca\/wp-json\/wp\/v2\/types\/post"}],"author":[{"embeddable":true,"href":"https:\/\/augustaabogados.com\/ca\/wp-json\/wp\/v2\/users\/8"}],"replies":[{"embeddable":true,"href":"https:\/\/augustaabogados.com\/ca\/wp-json\/wp\/v2\/comments?post=52282"}],"version-history":[{"count":1,"href":"https:\/\/augustaabogados.com\/ca\/wp-json\/wp\/v2\/posts\/52282\/revisions"}],"predecessor-version":[{"id":52286,"href":"https:\/\/augustaabogados.com\/ca\/wp-json\/wp\/v2\/posts\/52282\/revisions\/52286"}],"wp:featuredmedia":[{"embeddable":true,"href":"https:\/\/augustaabogados.com\/ca\/wp-json\/wp\/v2\/media\/52283"}],"wp:attachment":[{"href":"https:\/\/augustaabogados.com\/ca\/wp-json\/wp\/v2\/media?parent=52282"}],"wp:term":[{"taxonomy":"category","embeddable":true,"href":"https:\/\/augustaabogados.com\/ca\/wp-json\/wp\/v2\/categories?post=52282"},{"taxonomy":"post_tag","embeddable":true,"href":"https:\/\/augustaabogados.com\/ca\/wp-json\/wp\/v2\/tags?post=52282"},{"taxonomy":"servicio-asociado","embeddable":true,"href":"https:\/\/augustaabogados.com\/ca\/wp-json\/wp\/v2\/servicio-asociado?post=52282"}],"curies":[{"name":"wp","href":"https:\/\/api.w.org\/{rel}","templated":true}]}}