{"id":52473,"date":"2026-03-10T16:15:27","date_gmt":"2026-03-10T16:15:27","guid":{"rendered":"https:\/\/augustaabogados.com\/?p=52473"},"modified":"2026-03-10T16:15:27","modified_gmt":"2026-03-10T16:15:27","slug":"la-guerra-a-orient-mitja-precipita-reubicacions-i-canvis-de-destins-de-vacances","status":"publish","type":"post","link":"https:\/\/augustaabogados.com\/ca\/la-guerra-a-orient-mitja-precipita-reubicacions-i-canvis-de-destins-de-vacances\/","title":{"rendered":"La guerra a Orient Mitj\u00e0 precipita reubicacions i canvis de destins de vacances"},"content":{"rendered":"<header class=\"ft-layout-grid-flex__colXs-12 ft-layout-grid-flex__rowAddsGutter-0\">\n<h2 class=\"ft-mol-subtitle ft-helper-fontColor-quaternary\" data-aida-subtitle=\"\">Les ag\u00e8ncies de viatges admeten m\u00e9s preguntes dels clients a les portes de la campanya de Setmana Santa<\/h2>\n<\/header>\n<p>&nbsp;<\/p>\n<p>(&#8230;)<\/p>\n<div class=\"ft-layout-grid-flex__colXs-12 ft-layout-grid-flex__colSm-7 ft-layout-grid-flex__colMd-8\">\n<figure class=\"ft-img\" data-aida-image=\"\"><picture><source srcset=\"https:\/\/estaticos-cdn.prensaiberica.es\/clip\/f935bfbd-ccaa-4bfe-b2be-d3ecce61ad42_16-9-discover-aspect-ratio_default_0_x800y355.webp\" type=\"image\/webp\" media=\"(min-width:640.1px)\" \/><source srcset=\"https:\/\/estaticos-cdn.prensaiberica.es\/clip\/f935bfbd-ccaa-4bfe-b2be-d3ecce61ad42_16-9-discover-aspect-ratio_640w_0_x800y355.webp\" type=\"image\/webp\" media=\"(min-width: 320.1px) and (max-width: 640px)\" \/><source srcset=\"https:\/\/estaticos-cdn.prensaiberica.es\/clip\/f935bfbd-ccaa-4bfe-b2be-d3ecce61ad42_16-9-discover-aspect-ratio_320w_0_x800y355.webp\" type=\"image\/webp\" media=\"(max-width: 320px)\" \/><source srcset=\"https:\/\/estaticos-cdn.prensaiberica.es\/clip\/f935bfbd-ccaa-4bfe-b2be-d3ecce61ad42_16-9-discover-aspect-ratio_default_0_x800y355.jpg\" type=\"image\/jpeg\" media=\"(min-width:640.1px)\" data-aida-photoclipping=\"\" \/><source srcset=\"https:\/\/estaticos-cdn.prensaiberica.es\/clip\/f935bfbd-ccaa-4bfe-b2be-d3ecce61ad42_16-9-discover-aspect-ratio_640w_0_x800y355.jpg\" type=\"image\/jpeg\" media=\"(min-width: 320.1px) and (max-width: 640px)\" data-aida-photoclipping=\"\" \/><source srcset=\"https:\/\/estaticos-cdn.prensaiberica.es\/clip\/f935bfbd-ccaa-4bfe-b2be-d3ecce61ad42_16-9-discover-aspect-ratio_320w_0_x800y355.jpg\" type=\"image\/jpeg\" media=\"(max-width: 320px)\" data-aida-photoclipping=\"\" \/><\/picture>\n<div id=\"standard_1\" class=\"st-placement standard_1 inImageRestricted\">\n<div class=\"st-adunit st-adunit-tagged st-reset st-show\">\n<div class=\"st-adunit-ad st-reset\">\n<div class=\"st-display-render st-reset open 970x250\">\n<div class=\"st-canvas st-reset horizontal-static\">\n<div class=\"x-to-close st-reset\">\n<p class=\"ft-text\">Els passatgers tenen una s\u00e8rie de drets, sobretot els que s&#8217;han quedat en aeroports que no han pogut tornar. Les companyies a\u00e8ries els han de donar el\u00a0<strong>dret d&#8217;assist\u00e8ncia<\/strong>, diu <a href=\"https:\/\/augustaabogados.com\/abogado\/sergio-gimenez-binder\/\" target=\"_blank\" rel=\"noopener\">Sergi Gim\u00e9nez<\/a>, soci d&#8217;Augusta Abogados especialitzat en<a href=\"https:\/\/augustaabogados.com\/servicios\/derecho-aeronautico\/\" target=\"_blank\" rel=\"noopener\"> dret aeron\u00e0utic<\/a>, a l&#8217;ACN. Aquest dret implica\u00a0<strong>oferir allotjament i menjar &#8220;mentre duri la situaci\u00f3 de crisi&#8221;<\/strong>, per aquest motiu &#8220;no hi ha un l\u00edmit temporal&#8221;.<\/p>\n<p class=\"ft-text\">En el cas que una aerol\u00ednia no compensi les despeses, la recomanaci\u00f3 del lletrat \u00e9s<strong>\u00a0&#8220;guardar els tiquets&#8221; perqu\u00e8 l&#8217;empresa ha de &#8220;tornar aquests diners&#8221;<\/strong>.<\/p>\n<p class=\"ft-text\">L&#8217;altre dret disponible \u00e9s el\u00a0<strong>rerouting<\/strong>, que permet demanar fer el trajecte &#8220;per una altra via, quan \u00e9s possible, i si no, com a m\u00ednim, que se&#8217;ls tornin els diners del bitllet que no han pogut volar&#8221;.<\/p>\n<p class=\"ft-text\">El dret que en aquest cas no aplicaria, explica Gim\u00e9nez, \u00e9s el dret a la compensaci\u00f3, quan els passatgers poden reclamar una compensaci\u00f3 econ\u00f2mica. En aquest cas, &#8220;queda excl\u00f2s&#8221; perqu\u00e8 la situaci\u00f3 es pot qualificar de &#8220;circumst\u00e0ncies extraordin\u00e0ries&#8221;.<\/p>\n<p class=\"ft-text\">Gim\u00e9nez creu que una &#8220;guerra segurament \u00e9s quasi el m\u00e9s extraordinari que et pots trobar&#8221;.<\/p>\n<p>&nbsp;<\/p>\n<h3 class=\"ft-helper-spacer-t-xs ft-helper-fontSize-heading-XS\">&#8220;Un problema de mobilitat&#8221;<\/h3>\n<p class=\"ft-text\">El vicepresident d\u2019ACAVe ha enviat un\u00a0<strong>missatge de &#8220;calma&#8221; i prud\u00e8ncia<\/strong>\u00a0davant de la situaci\u00f3 complexa. &#8220;No es poden posar tots els destins al mateix sac. \u00c9s a dir, aix\u00ed com per exemple un americ\u00e0 ha de continuar venint a Europa encara que hi hagi una guerra a Ucra\u00efna, per exemple, nosaltres podem anar tranquil\u00b7lament a alguns pa\u00efsos de l&#8217;Orient Mitj\u00e0, que estan operant amb absoluta normalitat, com pot ser Egipte, un dels destins preferits de Setmana Santa&#8221;, insisteix. &#8220;En aquest moment, no estem parlant tant d&#8217;un problema de seguretat com d&#8217;un problema de mobilitat&#8221;, afegeix.<\/p>\n<p class=\"ft-text\">Amb tot, remarca el paper que juguen les ag\u00e8ncies de viatges en contextos com l&#8217;actual. &#8220;Comprar un bitllet \u00e9s f\u00e0cil, per\u00f2 gestionar una situaci\u00f3 de canvis en un moment de conflicte com l&#8217;actual \u00e9s complex i aqu\u00ed \u00e9s on les ag\u00e8ncies aportem el nostre valor&#8221;, insisteix. &#8220;La majoria dels destins estan operant amb normalitat i aquesta \u00e9s la sensaci\u00f3 que hem de transmetre&#8221;, afegeix.<\/p>\n<p class=\"ft-text\">L&#8217;advocat d&#8217;Augusta Abogados considera que el problema existent \u00e9s que la situaci\u00f3 &#8220;\u00e9s vol\u00e0til&#8221; i per aquest motiu, si un passatger decideix renunciar acabaria perdent els diners, perqu\u00e8 el dret a cancel\u00b7lar el vol com a passatger no hi \u00e9s.<\/p>\n<aside class=\"ft-ad ft-ad--intext  ft-helper-hide-xs\">\n<div id=\"intext-desktop-2\">\n<div id=\"intext-sunmedia-2\">\n<div id=\"sm-it-main-container-1773158961910\" class=\"sm-it-main-container\" data-it=\"30ccdfea-8908-47d2-8f3c-3895c909300e\" data-device=\"desktop\" data-index=\"0\"><\/div>\n<\/div>\n<\/div>\n<\/aside>\n<\/div>\n<\/div>\n<\/div>\n<\/div>\n<\/div>\n<\/div>\n<\/figure>\n<\/div>\n","protected":false},"excerpt":{"rendered":"<p>Les ag\u00e8ncies de viatges admeten m\u00e9s preguntes dels clients a les portes de la campanya de Setmana Santa &nbsp; (&#8230;) Els passatgers tenen una s\u00e8rie de drets, sobretot els que s&#8217;han quedat en aeroports que no han pogut tornar. Les companyies a\u00e8ries els han de donar el\u00a0dret d&#8217;assist\u00e8ncia, diu Sergi Gim\u00e9nez, soci d&#8217;Augusta Abogados especialitzat [&hellip;]<\/p>\n","protected":false},"author":8,"featured_media":52474,"comment_status":"closed","ping_status":"closed","sticky":false,"template":"","format":"standard","meta":{"content-type":"","site-sidebar-layout":"default","site-content-layout":"","ast-site-content-layout":"default","site-content-style":"default","site-sidebar-style":"default","ast-global-header-display":"","ast-banner-title-visibility":"","ast-main-header-display":"","ast-hfb-above-header-display":"","ast-hfb-below-header-display":"","ast-hfb-mobile-header-display":"","site-post-title":"","ast-breadcrumbs-content":"","ast-featured-img":"","footer-sml-layout":"","ast-disable-related-posts":"","theme-transparent-header-meta":"default","adv-header-id-meta":"","stick-header-meta":"","header-above-stick-meta":"","header-main-stick-meta":"","header-below-stick-meta":"","astra-migrate-meta-layouts":"set","ast-page-background-enabled":"default","ast-page-background-meta":{"desktop":{"background-color":"var(--ast-global-color-4)","background-image":"","background-repeat":"repeat","background-position":"center center","background-size":"auto","background-attachment":"scroll","background-type":"","background-media":"","overlay-type":"","overlay-color":"","overlay-opacity":"","overlay-gradient":""},"tablet":{"background-color":"","background-image":"","background-repeat":"repeat","background-position":"center center","background-size":"auto","background-attachment":"scroll","background-type":"","background-media":"","overlay-type":"","overlay-color":"","overlay-opacity":"","overlay-gradient":""},"mobile":{"background-color":"","background-image":"","background-repeat":"repeat","background-position":"center center","background-size":"auto","background-attachment":"scroll","background-type":"","background-media":"","overlay-type":"","overlay-color":"","overlay-opacity":"","overlay-gradient":""}},"ast-content-background-meta":{"desktop":{"background-color":"var(--ast-global-color-5)","background-image":"","background-repeat":"repeat","background-position":"center center","background-size":"auto","background-attachment":"scroll","background-type":"","background-media":"","overlay-type":"","overlay-color":"","overlay-opacity":"","overlay-gradient":""},"tablet":{"background-color":"var(--ast-global-color-5)","background-image":"","background-repeat":"repeat","background-position":"center center","background-size":"auto","background-attachment":"scroll","background-type":"","background-media":"","overlay-type":"","overlay-color":"","overlay-opacity":"","overlay-gradient":""},"mobile":{"background-color":"var(--ast-global-color-5)","background-image":"","background-repeat":"repeat","background-position":"center center","background-size":"auto","background-attachment":"scroll","background-type":"","background-media":"","overlay-type":"","overlay-color":"","overlay-opacity":"","overlay-gradient":""}},"footnotes":""},"categories":[1898],"tags":[3683,3895,3893,1112,3891,2032,3153,3887,3889,3888,3890,3892,3894,3896],"servicio-asociado":[1850],"class_list":["post-52473","post","type-post","status-publish","format-standard","has-post-thumbnail","hentry","category-noticia-ca","tag-3683","tag-acave","tag-aeries","tag-aviacio","tag-dubai","tag-empresa-ca","tag-europa-ca","tag-guerra","tag-guerra-a-lorient-mitja","tag-iran","tag-orient-mitja","tag-passatgers","tag-rerouting","tag-trump","servicio-asociado-aviacion-ca"],"acf":[],"yoast_head":"<!-- This site is optimized with the Yoast SEO plugin v27.4 - https:\/\/yoast.com\/product\/yoast-seo-wordpress\/ -->\n<title>La guerra a Orient Mitj\u00e0 precipita reubicacions i canvis de destins de vacances - Augusta Abogados<\/title>\n<meta name=\"robots\" content=\"index, follow, max-snippet:-1, max-image-preview:large, max-video-preview:-1\" \/>\n<link rel=\"canonical\" href=\"https:\/\/augustaabogados.com\/ca\/la-guerra-a-orient-mitja-precipita-reubicacions-i-canvis-de-destins-de-vacances\/\" \/>\n<meta property=\"og:locale\" content=\"ca_ES\" \/>\n<meta property=\"og:type\" content=\"article\" \/>\n<meta property=\"og:title\" content=\"La guerra a Orient Mitj\u00e0 precipita reubicacions i canvis de destins de vacances - Augusta Abogados\" \/>\n<meta property=\"og:description\" content=\"Les ag\u00e8ncies de viatges admeten m\u00e9s preguntes dels clients a les portes de la campanya de Setmana Santa &nbsp; (&#8230;) Els passatgers tenen una s\u00e8rie de drets, sobretot els que s&#8217;han quedat en aeroports que no han pogut tornar. Les companyies a\u00e8ries els han de donar el\u00a0dret d&#8217;assist\u00e8ncia, diu Sergi Gim\u00e9nez, soci d&#8217;Augusta Abogados especialitzat [&hellip;]\" \/>\n<meta property=\"og:url\" content=\"https:\/\/augustaabogados.com\/ca\/la-guerra-a-orient-mitja-precipita-reubicacions-i-canvis-de-destins-de-vacances\/\" \/>\n<meta property=\"og:site_name\" content=\"Augusta Abogados\" \/>\n<meta property=\"article:published_time\" content=\"2026-03-10T16:15:27+00:00\" \/>\n<meta property=\"og:image\" content=\"https:\/\/augustaabogados.com\/wp-content\/uploads\/2026\/03\/dmncwndrlch-aircraft-4885805_1920.jpg\" \/>\n\t<meta property=\"og:image:width\" content=\"1920\" \/>\n\t<meta property=\"og:image:height\" content=\"1280\" \/>\n\t<meta property=\"og:image:type\" content=\"image\/jpeg\" \/>\n<meta name=\"author\" content=\"Augusta Abogados\" \/>\n<meta name=\"twitter:card\" content=\"summary_large_image\" \/>\n<meta name=\"twitter:label1\" content=\"Escrit per\" \/>\n\t<meta name=\"twitter:data1\" content=\"Augusta Abogados\" \/>\n\t<meta name=\"twitter:label2\" content=\"Temps estimat de lectura\" \/>\n\t<meta name=\"twitter:data2\" content=\"2 minuts\" \/>\n<script type=\"application\/ld+json\" class=\"yoast-schema-graph\">{\"@context\":\"https:\\\/\\\/schema.org\",\"@graph\":[{\"@type\":\"Article\",\"@id\":\"https:\\\/\\\/augustaabogados.com\\\/ca\\\/la-guerra-a-orient-mitja-precipita-reubicacions-i-canvis-de-destins-de-vacances\\\/#article\",\"isPartOf\":{\"@id\":\"https:\\\/\\\/augustaabogados.com\\\/ca\\\/la-guerra-a-orient-mitja-precipita-reubicacions-i-canvis-de-destins-de-vacances\\\/\"},\"author\":{\"name\":\"Augusta Abogados\",\"@id\":\"https:\\\/\\\/augustaabogados.com\\\/#\\\/schema\\\/person\\\/8c5e230eb6ed47cdd14ee188eb04a753\"},\"headline\":\"La guerra a Orient Mitj\u00e0 precipita reubicacions i canvis de destins de vacances\",\"datePublished\":\"2026-03-10T16:15:27+00:00\",\"mainEntityOfPage\":{\"@id\":\"https:\\\/\\\/augustaabogados.com\\\/ca\\\/la-guerra-a-orient-mitja-precipita-reubicacions-i-canvis-de-destins-de-vacances\\\/\"},\"wordCount\":456,\"publisher\":{\"@id\":\"https:\\\/\\\/augustaabogados.com\\\/#organization\"},\"image\":{\"@id\":\"https:\\\/\\\/augustaabogados.com\\\/ca\\\/la-guerra-a-orient-mitja-precipita-reubicacions-i-canvis-de-destins-de-vacances\\\/#primaryimage\"},\"thumbnailUrl\":\"https:\\\/\\\/augustaabogados.com\\\/wp-content\\\/uploads\\\/2026\\\/03\\\/dmncwndrlch-aircraft-4885805_1920.jpg\",\"keywords\":[\"2026\",\"ACAVe\",\"a\u00e8ries\",\"Aviaci\u00f3\",\"Dubai\",\"Empresa\",\"Europa\",\"guerra\",\"guerra a l'Orient Mitj\u00e0\",\"Ir\u00e1n\",\"Orient Mitj\u00e0\",\"passatgers\",\"rerouting\",\"Trump\"],\"articleSection\":[\"NOT\u00cdCIA\"],\"inLanguage\":\"ca\"},{\"@type\":[\"WebPage\",\"ItemPage\"],\"@id\":\"https:\\\/\\\/augustaabogados.com\\\/ca\\\/la-guerra-a-orient-mitja-precipita-reubicacions-i-canvis-de-destins-de-vacances\\\/\",\"url\":\"https:\\\/\\\/augustaabogados.com\\\/ca\\\/la-guerra-a-orient-mitja-precipita-reubicacions-i-canvis-de-destins-de-vacances\\\/\",\"name\":\"La guerra a Orient Mitj\u00e0 precipita reubicacions i canvis de destins de vacances - Augusta Abogados\",\"isPartOf\":{\"@id\":\"https:\\\/\\\/augustaabogados.com\\\/#website\"},\"primaryImageOfPage\":{\"@id\":\"https:\\\/\\\/augustaabogados.com\\\/ca\\\/la-guerra-a-orient-mitja-precipita-reubicacions-i-canvis-de-destins-de-vacances\\\/#primaryimage\"},\"image\":{\"@id\":\"https:\\\/\\\/augustaabogados.com\\\/ca\\\/la-guerra-a-orient-mitja-precipita-reubicacions-i-canvis-de-destins-de-vacances\\\/#primaryimage\"},\"thumbnailUrl\":\"https:\\\/\\\/augustaabogados.com\\\/wp-content\\\/uploads\\\/2026\\\/03\\\/dmncwndrlch-aircraft-4885805_1920.jpg\",\"datePublished\":\"2026-03-10T16:15:27+00:00\",\"breadcrumb\":{\"@id\":\"https:\\\/\\\/augustaabogados.com\\\/ca\\\/la-guerra-a-orient-mitja-precipita-reubicacions-i-canvis-de-destins-de-vacances\\\/#breadcrumb\"},\"inLanguage\":\"ca\",\"potentialAction\":[{\"@type\":\"ReadAction\",\"target\":[\"https:\\\/\\\/augustaabogados.com\\\/ca\\\/la-guerra-a-orient-mitja-precipita-reubicacions-i-canvis-de-destins-de-vacances\\\/\"]}]},{\"@type\":\"ImageObject\",\"inLanguage\":\"ca\",\"@id\":\"https:\\\/\\\/augustaabogados.com\\\/ca\\\/la-guerra-a-orient-mitja-precipita-reubicacions-i-canvis-de-destins-de-vacances\\\/#primaryimage\",\"url\":\"https:\\\/\\\/augustaabogados.com\\\/wp-content\\\/uploads\\\/2026\\\/03\\\/dmncwndrlch-aircraft-4885805_1920.jpg\",\"contentUrl\":\"https:\\\/\\\/augustaabogados.com\\\/wp-content\\\/uploads\\\/2026\\\/03\\\/dmncwndrlch-aircraft-4885805_1920.jpg\",\"width\":1920,\"height\":1280},{\"@type\":\"BreadcrumbList\",\"@id\":\"https:\\\/\\\/augustaabogados.com\\\/ca\\\/la-guerra-a-orient-mitja-precipita-reubicacions-i-canvis-de-destins-de-vacances\\\/#breadcrumb\",\"itemListElement\":[{\"@type\":\"ListItem\",\"position\":1,\"name\":\"Portada\",\"item\":\"https:\\\/\\\/augustaabogados.com\\\/ca\\\/\"},{\"@type\":\"ListItem\",\"position\":2,\"name\":\"La guerra a Orient Mitj\u00e0 precipita reubicacions i canvis de destins de vacances\"}]},{\"@type\":\"WebSite\",\"@id\":\"https:\\\/\\\/augustaabogados.com\\\/#website\",\"url\":\"https:\\\/\\\/augustaabogados.com\\\/\",\"name\":\"Augusta Abogados\",\"description\":\"\",\"publisher\":{\"@id\":\"https:\\\/\\\/augustaabogados.com\\\/#organization\"},\"potentialAction\":[{\"@type\":\"SearchAction\",\"target\":{\"@type\":\"EntryPoint\",\"urlTemplate\":\"https:\\\/\\\/augustaabogados.com\\\/?s={search_term_string}\"},\"query-input\":{\"@type\":\"PropertyValueSpecification\",\"valueRequired\":true,\"valueName\":\"search_term_string\"}}],\"inLanguage\":\"ca\"},{\"@type\":\"Organization\",\"@id\":\"https:\\\/\\\/augustaabogados.com\\\/#organization\",\"name\":\"Augusta Abogados\",\"url\":\"https:\\\/\\\/augustaabogados.com\\\/\",\"logo\":{\"@type\":\"ImageObject\",\"inLanguage\":\"ca\",\"@id\":\"https:\\\/\\\/augustaabogados.com\\\/#\\\/schema\\\/logo\\\/image\\\/\",\"url\":\"https:\\\/\\\/augustaabogados.com\\\/wp-content\\\/uploads\\\/2023\\\/11\\\/LOGO-AUGUSTA.svg\",\"contentUrl\":\"https:\\\/\\\/augustaabogados.com\\\/wp-content\\\/uploads\\\/2023\\\/11\\\/LOGO-AUGUSTA.svg\",\"caption\":\"Augusta Abogados\"},\"image\":{\"@id\":\"https:\\\/\\\/augustaabogados.com\\\/#\\\/schema\\\/logo\\\/image\\\/\"}},{\"@type\":\"Person\",\"@id\":\"https:\\\/\\\/augustaabogados.com\\\/#\\\/schema\\\/person\\\/8c5e230eb6ed47cdd14ee188eb04a753\",\"name\":\"Augusta Abogados\",\"image\":{\"@type\":\"ImageObject\",\"inLanguage\":\"ca\",\"@id\":\"https:\\\/\\\/secure.gravatar.com\\\/avatar\\\/09e6ceb5fccff542915602bda752518fa959b0df2d103d929aefa74c2909a4bc?s=96&d=mm&r=g\",\"url\":\"https:\\\/\\\/secure.gravatar.com\\\/avatar\\\/09e6ceb5fccff542915602bda752518fa959b0df2d103d929aefa74c2909a4bc?s=96&d=mm&r=g\",\"contentUrl\":\"https:\\\/\\\/secure.gravatar.com\\\/avatar\\\/09e6ceb5fccff542915602bda752518fa959b0df2d103d929aefa74c2909a4bc?s=96&d=mm&r=g\",\"caption\":\"Augusta Abogados\"}}]}<\/script>\n<!-- \/ Yoast SEO plugin. -->","yoast_head_json":{"title":"La guerra a Orient Mitj\u00e0 precipita reubicacions i canvis de destins de vacances - Augusta Abogados","robots":{"index":"index","follow":"follow","max-snippet":"max-snippet:-1","max-image-preview":"max-image-preview:large","max-video-preview":"max-video-preview:-1"},"canonical":"https:\/\/augustaabogados.com\/ca\/la-guerra-a-orient-mitja-precipita-reubicacions-i-canvis-de-destins-de-vacances\/","og_locale":"ca_ES","og_type":"article","og_title":"La guerra a Orient Mitj\u00e0 precipita reubicacions i canvis de destins de vacances - Augusta Abogados","og_description":"Les ag\u00e8ncies de viatges admeten m\u00e9s preguntes dels clients a les portes de la campanya de Setmana Santa &nbsp; (&#8230;) Els passatgers tenen una s\u00e8rie de drets, sobretot els que s&#8217;han quedat en aeroports que no han pogut tornar. Les companyies a\u00e8ries els han de donar el\u00a0dret d&#8217;assist\u00e8ncia, diu Sergi Gim\u00e9nez, soci d&#8217;Augusta Abogados especialitzat [&hellip;]","og_url":"https:\/\/augustaabogados.com\/ca\/la-guerra-a-orient-mitja-precipita-reubicacions-i-canvis-de-destins-de-vacances\/","og_site_name":"Augusta Abogados","article_published_time":"2026-03-10T16:15:27+00:00","og_image":[{"width":1920,"height":1280,"url":"https:\/\/augustaabogados.com\/wp-content\/uploads\/2026\/03\/dmncwndrlch-aircraft-4885805_1920.jpg","type":"image\/jpeg"}],"author":"Augusta Abogados","twitter_card":"summary_large_image","twitter_misc":{"Escrit per":"Augusta Abogados","Temps estimat de lectura":"2 minuts"},"schema":{"@context":"https:\/\/schema.org","@graph":[{"@type":"Article","@id":"https:\/\/augustaabogados.com\/ca\/la-guerra-a-orient-mitja-precipita-reubicacions-i-canvis-de-destins-de-vacances\/#article","isPartOf":{"@id":"https:\/\/augustaabogados.com\/ca\/la-guerra-a-orient-mitja-precipita-reubicacions-i-canvis-de-destins-de-vacances\/"},"author":{"name":"Augusta Abogados","@id":"https:\/\/augustaabogados.com\/#\/schema\/person\/8c5e230eb6ed47cdd14ee188eb04a753"},"headline":"La guerra a Orient Mitj\u00e0 precipita reubicacions i canvis de destins de vacances","datePublished":"2026-03-10T16:15:27+00:00","mainEntityOfPage":{"@id":"https:\/\/augustaabogados.com\/ca\/la-guerra-a-orient-mitja-precipita-reubicacions-i-canvis-de-destins-de-vacances\/"},"wordCount":456,"publisher":{"@id":"https:\/\/augustaabogados.com\/#organization"},"image":{"@id":"https:\/\/augustaabogados.com\/ca\/la-guerra-a-orient-mitja-precipita-reubicacions-i-canvis-de-destins-de-vacances\/#primaryimage"},"thumbnailUrl":"https:\/\/augustaabogados.com\/wp-content\/uploads\/2026\/03\/dmncwndrlch-aircraft-4885805_1920.jpg","keywords":["2026","ACAVe","a\u00e8ries","Aviaci\u00f3","Dubai","Empresa","Europa","guerra","guerra a l'Orient Mitj\u00e0","Ir\u00e1n","Orient Mitj\u00e0","passatgers","rerouting","Trump"],"articleSection":["NOT\u00cdCIA"],"inLanguage":"ca"},{"@type":["WebPage","ItemPage"],"@id":"https:\/\/augustaabogados.com\/ca\/la-guerra-a-orient-mitja-precipita-reubicacions-i-canvis-de-destins-de-vacances\/","url":"https:\/\/augustaabogados.com\/ca\/la-guerra-a-orient-mitja-precipita-reubicacions-i-canvis-de-destins-de-vacances\/","name":"La guerra a Orient Mitj\u00e0 precipita reubicacions i canvis de destins de vacances - Augusta Abogados","isPartOf":{"@id":"https:\/\/augustaabogados.com\/#website"},"primaryImageOfPage":{"@id":"https:\/\/augustaabogados.com\/ca\/la-guerra-a-orient-mitja-precipita-reubicacions-i-canvis-de-destins-de-vacances\/#primaryimage"},"image":{"@id":"https:\/\/augustaabogados.com\/ca\/la-guerra-a-orient-mitja-precipita-reubicacions-i-canvis-de-destins-de-vacances\/#primaryimage"},"thumbnailUrl":"https:\/\/augustaabogados.com\/wp-content\/uploads\/2026\/03\/dmncwndrlch-aircraft-4885805_1920.jpg","datePublished":"2026-03-10T16:15:27+00:00","breadcrumb":{"@id":"https:\/\/augustaabogados.com\/ca\/la-guerra-a-orient-mitja-precipita-reubicacions-i-canvis-de-destins-de-vacances\/#breadcrumb"},"inLanguage":"ca","potentialAction":[{"@type":"ReadAction","target":["https:\/\/augustaabogados.com\/ca\/la-guerra-a-orient-mitja-precipita-reubicacions-i-canvis-de-destins-de-vacances\/"]}]},{"@type":"ImageObject","inLanguage":"ca","@id":"https:\/\/augustaabogados.com\/ca\/la-guerra-a-orient-mitja-precipita-reubicacions-i-canvis-de-destins-de-vacances\/#primaryimage","url":"https:\/\/augustaabogados.com\/wp-content\/uploads\/2026\/03\/dmncwndrlch-aircraft-4885805_1920.jpg","contentUrl":"https:\/\/augustaabogados.com\/wp-content\/uploads\/2026\/03\/dmncwndrlch-aircraft-4885805_1920.jpg","width":1920,"height":1280},{"@type":"BreadcrumbList","@id":"https:\/\/augustaabogados.com\/ca\/la-guerra-a-orient-mitja-precipita-reubicacions-i-canvis-de-destins-de-vacances\/#breadcrumb","itemListElement":[{"@type":"ListItem","position":1,"name":"Portada","item":"https:\/\/augustaabogados.com\/ca\/"},{"@type":"ListItem","position":2,"name":"La guerra a Orient Mitj\u00e0 precipita reubicacions i canvis de destins de vacances"}]},{"@type":"WebSite","@id":"https:\/\/augustaabogados.com\/#website","url":"https:\/\/augustaabogados.com\/","name":"Augusta Abogados","description":"","publisher":{"@id":"https:\/\/augustaabogados.com\/#organization"},"potentialAction":[{"@type":"SearchAction","target":{"@type":"EntryPoint","urlTemplate":"https:\/\/augustaabogados.com\/?s={search_term_string}"},"query-input":{"@type":"PropertyValueSpecification","valueRequired":true,"valueName":"search_term_string"}}],"inLanguage":"ca"},{"@type":"Organization","@id":"https:\/\/augustaabogados.com\/#organization","name":"Augusta Abogados","url":"https:\/\/augustaabogados.com\/","logo":{"@type":"ImageObject","inLanguage":"ca","@id":"https:\/\/augustaabogados.com\/#\/schema\/logo\/image\/","url":"https:\/\/augustaabogados.com\/wp-content\/uploads\/2023\/11\/LOGO-AUGUSTA.svg","contentUrl":"https:\/\/augustaabogados.com\/wp-content\/uploads\/2023\/11\/LOGO-AUGUSTA.svg","caption":"Augusta Abogados"},"image":{"@id":"https:\/\/augustaabogados.com\/#\/schema\/logo\/image\/"}},{"@type":"Person","@id":"https:\/\/augustaabogados.com\/#\/schema\/person\/8c5e230eb6ed47cdd14ee188eb04a753","name":"Augusta Abogados","image":{"@type":"ImageObject","inLanguage":"ca","@id":"https:\/\/secure.gravatar.com\/avatar\/09e6ceb5fccff542915602bda752518fa959b0df2d103d929aefa74c2909a4bc?s=96&d=mm&r=g","url":"https:\/\/secure.gravatar.com\/avatar\/09e6ceb5fccff542915602bda752518fa959b0df2d103d929aefa74c2909a4bc?s=96&d=mm&r=g","contentUrl":"https:\/\/secure.gravatar.com\/avatar\/09e6ceb5fccff542915602bda752518fa959b0df2d103d929aefa74c2909a4bc?s=96&d=mm&r=g","caption":"Augusta Abogados"}}]}},"_links":{"self":[{"href":"https:\/\/augustaabogados.com\/ca\/wp-json\/wp\/v2\/posts\/52473","targetHints":{"allow":["GET"]}}],"collection":[{"href":"https:\/\/augustaabogados.com\/ca\/wp-json\/wp\/v2\/posts"}],"about":[{"href":"https:\/\/augustaabogados.com\/ca\/wp-json\/wp\/v2\/types\/post"}],"author":[{"embeddable":true,"href":"https:\/\/augustaabogados.com\/ca\/wp-json\/wp\/v2\/users\/8"}],"replies":[{"embeddable":true,"href":"https:\/\/augustaabogados.com\/ca\/wp-json\/wp\/v2\/comments?post=52473"}],"version-history":[{"count":1,"href":"https:\/\/augustaabogados.com\/ca\/wp-json\/wp\/v2\/posts\/52473\/revisions"}],"predecessor-version":[{"id":52477,"href":"https:\/\/augustaabogados.com\/ca\/wp-json\/wp\/v2\/posts\/52473\/revisions\/52477"}],"wp:featuredmedia":[{"embeddable":true,"href":"https:\/\/augustaabogados.com\/ca\/wp-json\/wp\/v2\/media\/52474"}],"wp:attachment":[{"href":"https:\/\/augustaabogados.com\/ca\/wp-json\/wp\/v2\/media?parent=52473"}],"wp:term":[{"taxonomy":"category","embeddable":true,"href":"https:\/\/augustaabogados.com\/ca\/wp-json\/wp\/v2\/categories?post=52473"},{"taxonomy":"post_tag","embeddable":true,"href":"https:\/\/augustaabogados.com\/ca\/wp-json\/wp\/v2\/tags?post=52473"},{"taxonomy":"servicio-asociado","embeddable":true,"href":"https:\/\/augustaabogados.com\/ca\/wp-json\/wp\/v2\/servicio-asociado?post=52473"}],"curies":[{"name":"wp","href":"https:\/\/api.w.org\/{rel}","templated":true}]}}