{"id":52518,"date":"2026-03-17T11:48:02","date_gmt":"2026-03-17T11:48:02","guid":{"rendered":"https:\/\/augustaabogados.com\/?p=52518"},"modified":"2026-03-17T11:48:02","modified_gmt":"2026-03-17T11:48:02","slug":"guerra-de-iran-y-empleo-proteger-al-trabajador-sin-olvidar-a-la-empresa","status":"publish","type":"post","link":"https:\/\/augustaabogados.com\/ca\/guerra-de-iran-y-empleo-proteger-al-trabajador-sin-olvidar-a-la-empresa\/","title":{"rendered":"Guerra de Ir\u00e1n y empleo: proteger al trabajador sin olvidar a la empresa"},"content":{"rendered":"<p>Cada gran crisis geopol\u00edtica de los \u00faltimos a\u00f1os ha venido acompa\u00f1ada, en Espa\u00f1a, de una respuesta laboral casi autom\u00e1tica basada en proteger el empleo a toda costa. La pandemia, la guerra de Ucrania, la crisis energ\u00e9tica y ahora el conflicto con Ir\u00e1n comparten un mismo patr\u00f3n de actuaci\u00f3n p\u00fablica. La pregunta, una vez m\u00e1s, no es si hay que proteger el empleo -porque sin duda hay que hacerlo- sino c\u00f3mo hacerlo sin poner en riesgo la viabilidad de las empresas que lo sostienen.<\/p>\n<p>&nbsp;<\/p>\n<h4><strong>Un conflicto lejano con efectos laborales muy cercanos<\/strong><\/h4>\n<p>La guerra abierta en Ir\u00e1n ha reactivado todos los temores conocidos, con el encarecimiento del petr\u00f3leo y del gas, tensiones en el transporte mar\u00edtimo, repuntes inflacionarios y p\u00e9rdida de poder adquisitivo. Espa\u00f1a no tiene una exposici\u00f3n comercial directa relevante con Ir\u00e1n, pero s\u00ed sufre -como el resto de Europa- los efectos indirectos del shock energ\u00e9tico y log\u00edstico.<\/p>\n<p>Cuando los costes energ\u00e9ticos suben de forma abrupta, la primera consecuencia para muchas empresas es la ca\u00edda de m\u00e1rgenes, la ralentizaci\u00f3n de la actividad y, en casos extremos, la inviabilidad econ\u00f3mica. Y ah\u00ed es donde el impacto laboral deja de ser una hip\u00f3tesis para convertirse en una realidad.<\/p>\n<h4><\/h4>\n<h4><strong>D\u00e9j\u00e0 vu: el manual de respuesta laboral del Gobierno<\/strong><\/h4>\n<p>Si miramos atr\u00e1s, el esquema de actuaci\u00f3n del ejecutivo se repite con sorprendente exactitud, por ejemplo, con el\u00a0<strong>COVID<\/strong><strong>\u2011<\/strong><strong>19 (2020<\/strong><strong>\u2011<\/strong><strong>2021<\/strong>) fueron los ERTE masivos, prohibici\u00f3n de despedir, exoneraciones de cotizaciones y compromiso de mantenimiento del empleo. En la Guerra de Ucrania (2022\u20112024) se reactivaci\u00f3n de ERTE, limitaciones al despido objetivo vinculado a la crisis, ayudas condicionadas al empleo y mecanismos de flexibilidad interna y durante la crisis energ\u00e9tica e hidrocarburos, las bonificaciones, ayudas sectoriales y refuerzo del llamado \u201cescudo social\u201d.<\/p>\n<p>Ahora, en la Guerra de Ir\u00e1n (2026) el Gobierno ya anticipa la posible reactivaci\u00f3n de ERTE, Mecanismo RED, limitaci\u00f3n del despido y priorizaci\u00f3n del trabajo a distancia, siguiendo exactamente el mismo guion.<\/p>\n<p>Si lo analizamos en el fondo, es una pol\u00edtica laboral coherente con una determinada visi\u00f3n ideol\u00f3gica, centrada en preservar el empleo incluso en contextos de fuerte contracci\u00f3n econ\u00f3mica, pero, lamentablemente, alejada del fortalecimiento y del merecido \u201ccari\u00f1o\u201d de las empresas que lo mantienen latente.<\/p>\n<h4><\/h4>\n<h4><strong>La protecci\u00f3n del empleo: una herramienta \u00fatil, si es temporal<\/strong><\/h4>\n<p>Los datos avalan que los ERTE y los mecanismos de flexibilidad interna de las empresas funcionan cuando la crisis es coyuntural. Durante la pandemia evitaron una destrucci\u00f3n masiva de empleo y permitieron una r\u00e1pida reincorporaci\u00f3n de trabajadores cuando la actividad se reactiv\u00f3. El problema surge cuando estas medidas se prolongan en el tiempo o se aplican de forma r\u00edgida, y en este sentido, la experiencia nos demuestra que cuanto m\u00e1s largo es un ERTE, menor es su efectividad. Tambi\u00e9n, que limitar o encarecer el despido sin ofrecer alternativas sustanciales de viabilidad empresarial traslada el problema al futuro. Por otro lado, condicionar ayudas p\u00fablicas a compromisos de empleo inflexibles puede ahogar a empresas que ya est\u00e1n en una situaci\u00f3n l\u00edmite, de modo que proteger el empleo sin proteger la empresa es, en realidad, posponer el ajuste que muchas organizaciones terminar\u00e1n realizando.<\/p>\n<h4><\/h4>\n<h4><strong>Una mirada cr\u00edtica (y necesaria) desde la empresa<\/strong><\/h4>\n<p>Aqu\u00ed es donde conviene introducir un matiz que rara vez aparece en el debate p\u00fablico. El empleo no es una abstracci\u00f3n, dado que existe porque existe una empresa que, dicho de forma directa, factura, invierte y asume riesgos de negocio.<\/p>\n<p>Si la respuesta a la guerra de Ir\u00e1n vuelve a centrarse exclusivamente en prohibir o desincentivar despidos, imponer compromisos de mantenimiento del empleo, y cargar sobre la empresa el coste de una crisis externa, sin acompa\u00f1arlo de medidas que protejan su liquidez, su competitividad y su capacidad de adaptaci\u00f3n, el resultado puede ser absolutamente contraproducente. Cuidar el empleo de calidad exige tambi\u00e9n cuidar el tejido empresarial, especialmente a las pymes y a los sectores intensivos en energ\u00eda.<\/p>\n<h4><\/h4>\n<h4><strong>\u00bfEs posible otro enfoque?<\/strong><\/h4>\n<p>Probablemente, la orientaci\u00f3n pol\u00edtica del actual Gobierno hace dif\u00edcil un giro de enfoque. Pero incluso dentro del marco actual hay margen para reforzar medidas de flexibilidad real, no solo formal; aliviar cargas regulatorias y administrativas en contextos de crisis; priorizar ayudas directas a la actividad frente a condicionamientos laborales r\u00edgidos; reconocer que, en determinados escenarios, la reestructuraci\u00f3n ordenada tambi\u00e9n protege empleo futuro.<\/p>\n<p>La experiencia de los \u00faltimos cinco a\u00f1os deber\u00eda servir para algo m\u00e1s que repetir esquemas. La guerra de Ir\u00e1n no ser\u00e1 la \u00faltima crisis geopol\u00edtica que afecte a nuestras empresas y quiz\u00e1 ha llegado el momento de asumir que proteger el empleo y proteger la empresa no son objetivos para nada contrapuestos, sino dos caras de la misma moneda que contribuyen a la creaci\u00f3n de un escudo empresarial cuyo objetivo, es mejorar nuestra capacidad de respuesta ante situaciones de especial sensibilidad para nuestra sociedad y econom\u00eda.<\/p>\n","protected":false},"excerpt":{"rendered":"<p>Cada gran crisis geopol\u00edtica de los \u00faltimos a\u00f1os ha venido acompa\u00f1ada, en Espa\u00f1a, de una respuesta laboral casi autom\u00e1tica basada en proteger el empleo a toda costa. La pandemia, la guerra de Ucrania, la crisis energ\u00e9tica y ahora el conflicto con Ir\u00e1n comparten un mismo patr\u00f3n de actuaci\u00f3n p\u00fablica. La pregunta, una vez m\u00e1s, no [&hellip;]<\/p>\n","protected":false},"author":8,"featured_media":52519,"comment_status":"closed","ping_status":"closed","sticky":false,"template":"","format":"standard","meta":{"content-type":"","site-sidebar-layout":"default","site-content-layout":"","ast-site-content-layout":"default","site-content-style":"default","site-sidebar-style":"default","ast-global-header-display":"","ast-banner-title-visibility":"","ast-main-header-display":"","ast-hfb-above-header-display":"","ast-hfb-below-header-display":"","ast-hfb-mobile-header-display":"","site-post-title":"","ast-breadcrumbs-content":"","ast-featured-img":"","footer-sml-layout":"","ast-disable-related-posts":"","theme-transparent-header-meta":"default","adv-header-id-meta":"","stick-header-meta":"","header-above-stick-meta":"","header-main-stick-meta":"","header-below-stick-meta":"","astra-migrate-meta-layouts":"set","ast-page-background-enabled":"default","ast-page-background-meta":{"desktop":{"background-color":"var(--ast-global-color-4)","background-image":"","background-repeat":"repeat","background-position":"center center","background-size":"auto","background-attachment":"scroll","background-type":"","background-media":"","overlay-type":"","overlay-color":"","overlay-opacity":"","overlay-gradient":""},"tablet":{"background-color":"","background-image":"","background-repeat":"repeat","background-position":"center center","background-size":"auto","background-attachment":"scroll","background-type":"","background-media":"","overlay-type":"","overlay-color":"","overlay-opacity":"","overlay-gradient":""},"mobile":{"background-color":"","background-image":"","background-repeat":"repeat","background-position":"center center","background-size":"auto","background-attachment":"scroll","background-type":"","background-media":"","overlay-type":"","overlay-color":"","overlay-opacity":"","overlay-gradient":""}},"ast-content-background-meta":{"desktop":{"background-color":"var(--ast-global-color-5)","background-image":"","background-repeat":"repeat","background-position":"center center","background-size":"auto","background-attachment":"scroll","background-type":"","background-media":"","overlay-type":"","overlay-color":"","overlay-opacity":"","overlay-gradient":""},"tablet":{"background-color":"var(--ast-global-color-5)","background-image":"","background-repeat":"repeat","background-position":"center center","background-size":"auto","background-attachment":"scroll","background-type":"","background-media":"","overlay-type":"","overlay-color":"","overlay-opacity":"","overlay-gradient":""},"mobile":{"background-color":"var(--ast-global-color-5)","background-image":"","background-repeat":"repeat","background-position":"center center","background-size":"auto","background-attachment":"scroll","background-type":"","background-media":"","overlay-type":"","overlay-color":"","overlay-opacity":"","overlay-gradient":""}},"footnotes":""},"categories":[1887],"tags":[],"servicio-asociado":[1858],"class_list":["post-52518","post","type-post","status-publish","format-standard","has-post-thumbnail","hentry","category-article","servicio-asociado-laboral-ca"],"acf":[],"yoast_head":"<!-- This site is optimized with the Yoast SEO plugin v27.4 - https:\/\/yoast.com\/product\/yoast-seo-wordpress\/ -->\n<title>Guerra de Ir\u00e1n y empleo: proteger al trabajador sin olvidar a la empresa - Augusta Abogados<\/title>\n<meta name=\"robots\" content=\"index, follow, max-snippet:-1, max-image-preview:large, max-video-preview:-1\" \/>\n<link rel=\"canonical\" href=\"https:\/\/augustaabogados.com\/guerra-de-iran-y-empleo-proteger-al-trabajador-sin-olvidar-a-la-empresa\/\" \/>\n<meta property=\"og:locale\" content=\"ca_ES\" \/>\n<meta property=\"og:type\" content=\"article\" \/>\n<meta property=\"og:title\" content=\"Guerra de Ir\u00e1n y empleo: proteger al trabajador sin olvidar a la empresa - Augusta Abogados\" \/>\n<meta property=\"og:description\" content=\"Cada gran crisis geopol\u00edtica de los \u00faltimos a\u00f1os ha venido acompa\u00f1ada, en Espa\u00f1a, de una respuesta laboral casi autom\u00e1tica basada en proteger el empleo a toda costa. La pandemia, la guerra de Ucrania, la crisis energ\u00e9tica y ahora el conflicto con Ir\u00e1n comparten un mismo patr\u00f3n de actuaci\u00f3n p\u00fablica. La pregunta, una vez m\u00e1s, no [&hellip;]\" \/>\n<meta property=\"og:url\" content=\"https:\/\/augustaabogados.com\/guerra-de-iran-y-empleo-proteger-al-trabajador-sin-olvidar-a-la-empresa\/\" \/>\n<meta property=\"og:site_name\" content=\"Augusta Abogados\" \/>\n<meta property=\"article:published_time\" content=\"2026-03-17T11:48:02+00:00\" \/>\n<meta property=\"og:image\" content=\"https:\/\/augustaabogados.com\/wp-content\/uploads\/2026\/03\/peggychoucair-game-3978841-scaled.jpg\" \/>\n\t<meta property=\"og:image:width\" content=\"2560\" \/>\n\t<meta property=\"og:image:height\" content=\"1568\" \/>\n\t<meta property=\"og:image:type\" content=\"image\/jpeg\" \/>\n<meta name=\"author\" content=\"Augusta Abogados\" \/>\n<meta name=\"twitter:card\" content=\"summary_large_image\" \/>\n<meta name=\"twitter:label1\" content=\"Escrit per\" \/>\n\t<meta name=\"twitter:data1\" content=\"Augusta Abogados\" \/>\n\t<meta name=\"twitter:label2\" content=\"Temps estimat de lectura\" \/>\n\t<meta name=\"twitter:data2\" content=\"4 minuts\" \/>\n<script type=\"application\/ld+json\" class=\"yoast-schema-graph\">{\"@context\":\"https:\\\/\\\/schema.org\",\"@graph\":[{\"@type\":\"Article\",\"@id\":\"https:\\\/\\\/augustaabogados.com\\\/guerra-de-iran-y-empleo-proteger-al-trabajador-sin-olvidar-a-la-empresa\\\/#article\",\"isPartOf\":{\"@id\":\"https:\\\/\\\/augustaabogados.com\\\/guerra-de-iran-y-empleo-proteger-al-trabajador-sin-olvidar-a-la-empresa\\\/\"},\"author\":{\"name\":\"Augusta Abogados\",\"@id\":\"https:\\\/\\\/augustaabogados.com\\\/#\\\/schema\\\/person\\\/8c5e230eb6ed47cdd14ee188eb04a753\"},\"headline\":\"Guerra de Ir\u00e1n y empleo: proteger al trabajador sin olvidar a la empresa\",\"datePublished\":\"2026-03-17T11:48:02+00:00\",\"mainEntityOfPage\":{\"@id\":\"https:\\\/\\\/augustaabogados.com\\\/guerra-de-iran-y-empleo-proteger-al-trabajador-sin-olvidar-a-la-empresa\\\/\"},\"wordCount\":876,\"publisher\":{\"@id\":\"https:\\\/\\\/augustaabogados.com\\\/#organization\"},\"image\":{\"@id\":\"https:\\\/\\\/augustaabogados.com\\\/guerra-de-iran-y-empleo-proteger-al-trabajador-sin-olvidar-a-la-empresa\\\/#primaryimage\"},\"thumbnailUrl\":\"https:\\\/\\\/augustaabogados.com\\\/wp-content\\\/uploads\\\/2026\\\/03\\\/peggychoucair-game-3978841-scaled.jpg\",\"articleSection\":[\"ARTICLE\"],\"inLanguage\":\"ca\"},{\"@type\":[\"WebPage\",\"ItemPage\"],\"@id\":\"https:\\\/\\\/augustaabogados.com\\\/guerra-de-iran-y-empleo-proteger-al-trabajador-sin-olvidar-a-la-empresa\\\/\",\"url\":\"https:\\\/\\\/augustaabogados.com\\\/guerra-de-iran-y-empleo-proteger-al-trabajador-sin-olvidar-a-la-empresa\\\/\",\"name\":\"Guerra de Ir\u00e1n y empleo: proteger al trabajador sin olvidar a la empresa - Augusta Abogados\",\"isPartOf\":{\"@id\":\"https:\\\/\\\/augustaabogados.com\\\/#website\"},\"primaryImageOfPage\":{\"@id\":\"https:\\\/\\\/augustaabogados.com\\\/guerra-de-iran-y-empleo-proteger-al-trabajador-sin-olvidar-a-la-empresa\\\/#primaryimage\"},\"image\":{\"@id\":\"https:\\\/\\\/augustaabogados.com\\\/guerra-de-iran-y-empleo-proteger-al-trabajador-sin-olvidar-a-la-empresa\\\/#primaryimage\"},\"thumbnailUrl\":\"https:\\\/\\\/augustaabogados.com\\\/wp-content\\\/uploads\\\/2026\\\/03\\\/peggychoucair-game-3978841-scaled.jpg\",\"datePublished\":\"2026-03-17T11:48:02+00:00\",\"breadcrumb\":{\"@id\":\"https:\\\/\\\/augustaabogados.com\\\/guerra-de-iran-y-empleo-proteger-al-trabajador-sin-olvidar-a-la-empresa\\\/#breadcrumb\"},\"inLanguage\":\"ca\",\"potentialAction\":[{\"@type\":\"ReadAction\",\"target\":[\"https:\\\/\\\/augustaabogados.com\\\/guerra-de-iran-y-empleo-proteger-al-trabajador-sin-olvidar-a-la-empresa\\\/\"]}]},{\"@type\":\"ImageObject\",\"inLanguage\":\"ca\",\"@id\":\"https:\\\/\\\/augustaabogados.com\\\/guerra-de-iran-y-empleo-proteger-al-trabajador-sin-olvidar-a-la-empresa\\\/#primaryimage\",\"url\":\"https:\\\/\\\/augustaabogados.com\\\/wp-content\\\/uploads\\\/2026\\\/03\\\/peggychoucair-game-3978841-scaled.jpg\",\"contentUrl\":\"https:\\\/\\\/augustaabogados.com\\\/wp-content\\\/uploads\\\/2026\\\/03\\\/peggychoucair-game-3978841-scaled.jpg\",\"width\":2560,\"height\":1568},{\"@type\":\"BreadcrumbList\",\"@id\":\"https:\\\/\\\/augustaabogados.com\\\/guerra-de-iran-y-empleo-proteger-al-trabajador-sin-olvidar-a-la-empresa\\\/#breadcrumb\",\"itemListElement\":[{\"@type\":\"ListItem\",\"position\":1,\"name\":\"Portada\",\"item\":\"https:\\\/\\\/augustaabogados.com\\\/ca\\\/\"},{\"@type\":\"ListItem\",\"position\":2,\"name\":\"Guerra de Ir\u00e1n y empleo: proteger al trabajador sin olvidar a la empresa\"}]},{\"@type\":\"WebSite\",\"@id\":\"https:\\\/\\\/augustaabogados.com\\\/#website\",\"url\":\"https:\\\/\\\/augustaabogados.com\\\/\",\"name\":\"Augusta Abogados\",\"description\":\"\",\"publisher\":{\"@id\":\"https:\\\/\\\/augustaabogados.com\\\/#organization\"},\"potentialAction\":[{\"@type\":\"SearchAction\",\"target\":{\"@type\":\"EntryPoint\",\"urlTemplate\":\"https:\\\/\\\/augustaabogados.com\\\/?s={search_term_string}\"},\"query-input\":{\"@type\":\"PropertyValueSpecification\",\"valueRequired\":true,\"valueName\":\"search_term_string\"}}],\"inLanguage\":\"ca\"},{\"@type\":\"Organization\",\"@id\":\"https:\\\/\\\/augustaabogados.com\\\/#organization\",\"name\":\"Augusta Abogados\",\"url\":\"https:\\\/\\\/augustaabogados.com\\\/\",\"logo\":{\"@type\":\"ImageObject\",\"inLanguage\":\"ca\",\"@id\":\"https:\\\/\\\/augustaabogados.com\\\/#\\\/schema\\\/logo\\\/image\\\/\",\"url\":\"https:\\\/\\\/augustaabogados.com\\\/wp-content\\\/uploads\\\/2023\\\/11\\\/LOGO-AUGUSTA.svg\",\"contentUrl\":\"https:\\\/\\\/augustaabogados.com\\\/wp-content\\\/uploads\\\/2023\\\/11\\\/LOGO-AUGUSTA.svg\",\"caption\":\"Augusta Abogados\"},\"image\":{\"@id\":\"https:\\\/\\\/augustaabogados.com\\\/#\\\/schema\\\/logo\\\/image\\\/\"}},{\"@type\":\"Person\",\"@id\":\"https:\\\/\\\/augustaabogados.com\\\/#\\\/schema\\\/person\\\/8c5e230eb6ed47cdd14ee188eb04a753\",\"name\":\"Augusta Abogados\",\"image\":{\"@type\":\"ImageObject\",\"inLanguage\":\"ca\",\"@id\":\"https:\\\/\\\/secure.gravatar.com\\\/avatar\\\/09e6ceb5fccff542915602bda752518fa959b0df2d103d929aefa74c2909a4bc?s=96&d=mm&r=g\",\"url\":\"https:\\\/\\\/secure.gravatar.com\\\/avatar\\\/09e6ceb5fccff542915602bda752518fa959b0df2d103d929aefa74c2909a4bc?s=96&d=mm&r=g\",\"contentUrl\":\"https:\\\/\\\/secure.gravatar.com\\\/avatar\\\/09e6ceb5fccff542915602bda752518fa959b0df2d103d929aefa74c2909a4bc?s=96&d=mm&r=g\",\"caption\":\"Augusta Abogados\"}}]}<\/script>\n<!-- \/ Yoast SEO plugin. -->","yoast_head_json":{"title":"Guerra de Ir\u00e1n y empleo: proteger al trabajador sin olvidar a la empresa - Augusta Abogados","robots":{"index":"index","follow":"follow","max-snippet":"max-snippet:-1","max-image-preview":"max-image-preview:large","max-video-preview":"max-video-preview:-1"},"canonical":"https:\/\/augustaabogados.com\/guerra-de-iran-y-empleo-proteger-al-trabajador-sin-olvidar-a-la-empresa\/","og_locale":"ca_ES","og_type":"article","og_title":"Guerra de Ir\u00e1n y empleo: proteger al trabajador sin olvidar a la empresa - Augusta Abogados","og_description":"Cada gran crisis geopol\u00edtica de los \u00faltimos a\u00f1os ha venido acompa\u00f1ada, en Espa\u00f1a, de una respuesta laboral casi autom\u00e1tica basada en proteger el empleo a toda costa. La pandemia, la guerra de Ucrania, la crisis energ\u00e9tica y ahora el conflicto con Ir\u00e1n comparten un mismo patr\u00f3n de actuaci\u00f3n p\u00fablica. La pregunta, una vez m\u00e1s, no [&hellip;]","og_url":"https:\/\/augustaabogados.com\/guerra-de-iran-y-empleo-proteger-al-trabajador-sin-olvidar-a-la-empresa\/","og_site_name":"Augusta Abogados","article_published_time":"2026-03-17T11:48:02+00:00","og_image":[{"width":2560,"height":1568,"url":"https:\/\/augustaabogados.com\/wp-content\/uploads\/2026\/03\/peggychoucair-game-3978841-scaled.jpg","type":"image\/jpeg"}],"author":"Augusta Abogados","twitter_card":"summary_large_image","twitter_misc":{"Escrit per":"Augusta Abogados","Temps estimat de lectura":"4 minuts"},"schema":{"@context":"https:\/\/schema.org","@graph":[{"@type":"Article","@id":"https:\/\/augustaabogados.com\/guerra-de-iran-y-empleo-proteger-al-trabajador-sin-olvidar-a-la-empresa\/#article","isPartOf":{"@id":"https:\/\/augustaabogados.com\/guerra-de-iran-y-empleo-proteger-al-trabajador-sin-olvidar-a-la-empresa\/"},"author":{"name":"Augusta Abogados","@id":"https:\/\/augustaabogados.com\/#\/schema\/person\/8c5e230eb6ed47cdd14ee188eb04a753"},"headline":"Guerra de Ir\u00e1n y empleo: proteger al trabajador sin olvidar a la empresa","datePublished":"2026-03-17T11:48:02+00:00","mainEntityOfPage":{"@id":"https:\/\/augustaabogados.com\/guerra-de-iran-y-empleo-proteger-al-trabajador-sin-olvidar-a-la-empresa\/"},"wordCount":876,"publisher":{"@id":"https:\/\/augustaabogados.com\/#organization"},"image":{"@id":"https:\/\/augustaabogados.com\/guerra-de-iran-y-empleo-proteger-al-trabajador-sin-olvidar-a-la-empresa\/#primaryimage"},"thumbnailUrl":"https:\/\/augustaabogados.com\/wp-content\/uploads\/2026\/03\/peggychoucair-game-3978841-scaled.jpg","articleSection":["ARTICLE"],"inLanguage":"ca"},{"@type":["WebPage","ItemPage"],"@id":"https:\/\/augustaabogados.com\/guerra-de-iran-y-empleo-proteger-al-trabajador-sin-olvidar-a-la-empresa\/","url":"https:\/\/augustaabogados.com\/guerra-de-iran-y-empleo-proteger-al-trabajador-sin-olvidar-a-la-empresa\/","name":"Guerra de Ir\u00e1n y empleo: proteger al trabajador sin olvidar a la empresa - Augusta Abogados","isPartOf":{"@id":"https:\/\/augustaabogados.com\/#website"},"primaryImageOfPage":{"@id":"https:\/\/augustaabogados.com\/guerra-de-iran-y-empleo-proteger-al-trabajador-sin-olvidar-a-la-empresa\/#primaryimage"},"image":{"@id":"https:\/\/augustaabogados.com\/guerra-de-iran-y-empleo-proteger-al-trabajador-sin-olvidar-a-la-empresa\/#primaryimage"},"thumbnailUrl":"https:\/\/augustaabogados.com\/wp-content\/uploads\/2026\/03\/peggychoucair-game-3978841-scaled.jpg","datePublished":"2026-03-17T11:48:02+00:00","breadcrumb":{"@id":"https:\/\/augustaabogados.com\/guerra-de-iran-y-empleo-proteger-al-trabajador-sin-olvidar-a-la-empresa\/#breadcrumb"},"inLanguage":"ca","potentialAction":[{"@type":"ReadAction","target":["https:\/\/augustaabogados.com\/guerra-de-iran-y-empleo-proteger-al-trabajador-sin-olvidar-a-la-empresa\/"]}]},{"@type":"ImageObject","inLanguage":"ca","@id":"https:\/\/augustaabogados.com\/guerra-de-iran-y-empleo-proteger-al-trabajador-sin-olvidar-a-la-empresa\/#primaryimage","url":"https:\/\/augustaabogados.com\/wp-content\/uploads\/2026\/03\/peggychoucair-game-3978841-scaled.jpg","contentUrl":"https:\/\/augustaabogados.com\/wp-content\/uploads\/2026\/03\/peggychoucair-game-3978841-scaled.jpg","width":2560,"height":1568},{"@type":"BreadcrumbList","@id":"https:\/\/augustaabogados.com\/guerra-de-iran-y-empleo-proteger-al-trabajador-sin-olvidar-a-la-empresa\/#breadcrumb","itemListElement":[{"@type":"ListItem","position":1,"name":"Portada","item":"https:\/\/augustaabogados.com\/ca\/"},{"@type":"ListItem","position":2,"name":"Guerra de Ir\u00e1n y empleo: proteger al trabajador sin olvidar a la empresa"}]},{"@type":"WebSite","@id":"https:\/\/augustaabogados.com\/#website","url":"https:\/\/augustaabogados.com\/","name":"Augusta Abogados","description":"","publisher":{"@id":"https:\/\/augustaabogados.com\/#organization"},"potentialAction":[{"@type":"SearchAction","target":{"@type":"EntryPoint","urlTemplate":"https:\/\/augustaabogados.com\/?s={search_term_string}"},"query-input":{"@type":"PropertyValueSpecification","valueRequired":true,"valueName":"search_term_string"}}],"inLanguage":"ca"},{"@type":"Organization","@id":"https:\/\/augustaabogados.com\/#organization","name":"Augusta Abogados","url":"https:\/\/augustaabogados.com\/","logo":{"@type":"ImageObject","inLanguage":"ca","@id":"https:\/\/augustaabogados.com\/#\/schema\/logo\/image\/","url":"https:\/\/augustaabogados.com\/wp-content\/uploads\/2023\/11\/LOGO-AUGUSTA.svg","contentUrl":"https:\/\/augustaabogados.com\/wp-content\/uploads\/2023\/11\/LOGO-AUGUSTA.svg","caption":"Augusta Abogados"},"image":{"@id":"https:\/\/augustaabogados.com\/#\/schema\/logo\/image\/"}},{"@type":"Person","@id":"https:\/\/augustaabogados.com\/#\/schema\/person\/8c5e230eb6ed47cdd14ee188eb04a753","name":"Augusta Abogados","image":{"@type":"ImageObject","inLanguage":"ca","@id":"https:\/\/secure.gravatar.com\/avatar\/09e6ceb5fccff542915602bda752518fa959b0df2d103d929aefa74c2909a4bc?s=96&d=mm&r=g","url":"https:\/\/secure.gravatar.com\/avatar\/09e6ceb5fccff542915602bda752518fa959b0df2d103d929aefa74c2909a4bc?s=96&d=mm&r=g","contentUrl":"https:\/\/secure.gravatar.com\/avatar\/09e6ceb5fccff542915602bda752518fa959b0df2d103d929aefa74c2909a4bc?s=96&d=mm&r=g","caption":"Augusta Abogados"}}]}},"_links":{"self":[{"href":"https:\/\/augustaabogados.com\/ca\/wp-json\/wp\/v2\/posts\/52518","targetHints":{"allow":["GET"]}}],"collection":[{"href":"https:\/\/augustaabogados.com\/ca\/wp-json\/wp\/v2\/posts"}],"about":[{"href":"https:\/\/augustaabogados.com\/ca\/wp-json\/wp\/v2\/types\/post"}],"author":[{"embeddable":true,"href":"https:\/\/augustaabogados.com\/ca\/wp-json\/wp\/v2\/users\/8"}],"replies":[{"embeddable":true,"href":"https:\/\/augustaabogados.com\/ca\/wp-json\/wp\/v2\/comments?post=52518"}],"version-history":[{"count":2,"href":"https:\/\/augustaabogados.com\/ca\/wp-json\/wp\/v2\/posts\/52518\/revisions"}],"predecessor-version":[{"id":52523,"href":"https:\/\/augustaabogados.com\/ca\/wp-json\/wp\/v2\/posts\/52518\/revisions\/52523"}],"wp:featuredmedia":[{"embeddable":true,"href":"https:\/\/augustaabogados.com\/ca\/wp-json\/wp\/v2\/media\/52519"}],"wp:attachment":[{"href":"https:\/\/augustaabogados.com\/ca\/wp-json\/wp\/v2\/media?parent=52518"}],"wp:term":[{"taxonomy":"category","embeddable":true,"href":"https:\/\/augustaabogados.com\/ca\/wp-json\/wp\/v2\/categories?post=52518"},{"taxonomy":"post_tag","embeddable":true,"href":"https:\/\/augustaabogados.com\/ca\/wp-json\/wp\/v2\/tags?post=52518"},{"taxonomy":"servicio-asociado","embeddable":true,"href":"https:\/\/augustaabogados.com\/ca\/wp-json\/wp\/v2\/servicio-asociado?post=52518"}],"curies":[{"name":"wp","href":"https:\/\/api.w.org\/{rel}","templated":true}]}}