{"id":3185,"date":"2021-05-31T15:22:04","date_gmt":"2021-05-31T15:22:04","guid":{"rendered":"https:\/\/augustaabogados.com\/club\/?p=3185"},"modified":"2024-07-23T10:39:02","modified_gmt":"2024-07-23T10:39:02","slug":"nueva-sesion-del-club-augusta-con-sebastian-ross-presidente-de-la-fundacion-espanola-de-capitalismo-consciente","status":"publish","type":"post","link":"https:\/\/augustaabogados.com\/club\/nueva-sesion-del-club-augusta-con-sebastian-ross-presidente-de-la-fundacion-espanola-de-capitalismo-consciente\/","title":{"rendered":"Nueva sesi\u00f3n del Club Augusta con Sebastian Ross, presidente de la Fundaci\u00f3n Espa\u00f1ola de Capitalismo Consciente"},"content":{"rendered":"<p>Sebastian Ross, empresario, emprendedor y presidente de la Fundaci\u00f3n Espa\u00f1ola de <a href=\"https:\/\/capitalismoconsciente.es\/\" target=\"_blank\" rel=\"noopener\">Capitalismo Consciente<\/a>, nos visit\u00f3 el pasado d\u00eda 21 de mayo para ofrecernos una charla sobre el contenido y el alcance de \u00e9ste.<\/p>\n<p><strong>Los pilares del Capitalismo Consciente son: <\/strong><\/p>\n<ul>\n<li>Prop\u00f3sito superior: El dinero no es el prop\u00f3sito \u00faltimo de la organizaci\u00f3n, sino un medio para alcanzar un prop\u00f3sito.<\/li>\n<li>Cultura Consciente: Una cultura orientada a las personas y a los valores colaborativos frente los competitivos.<\/li>\n<li>Liderazgo Consciente: El l\u00edder al servicio del equipo y no el equipo al servicio del l\u00edder.<\/li>\n<li>Integraci\u00f3n de los stakeholders: perspectiva sist\u00e9mica de todos los agentes implicados. Un negocio consciente no puede ser un juego de suma cero.<\/li>\n<\/ul>\n<p>&nbsp;<\/p>\n<p>Desde el Club Augusta queremos agradecer al Sr. Ross su participaci\u00f3n en esta sesi\u00f3n.<\/p>\n<p>&nbsp;<\/p>\n<p><img fetchpriority=\"high\" decoding=\"async\" class=\"aligncenter wp-image-16340 size-full\" src=\"https:\/\/augustaabogados.com\/club\/wp-content\/uploads\/2023\/12\/Foto-S.-Ross-Club-Augusta-6.png\" alt=\"\" width=\"500\" height=\"500\" \/><\/p>\n","protected":false},"excerpt":{"rendered":"<p>Sebastian Ross, empresario, emprendedor y presidente de la Fundaci\u00f3n Espa\u00f1ola de Capitalismo Consciente nos visit\u00f3 el pasado d\u00eda 21 de mayo.<\/p>\n","protected":false},"author":2,"featured_media":6296,"comment_status":"closed","ping_status":"open","sticky":false,"template":"","format":"standard","meta":{"site-sidebar-layout":"default","site-content-layout":"","ast-site-content-layout":"default","site-content-style":"default","site-sidebar-style":"default","ast-global-header-display":"","ast-banner-title-visibility":"","ast-main-header-display":"","ast-hfb-above-header-display":"","ast-hfb-below-header-display":"","ast-hfb-mobile-header-display":"","site-post-title":"","ast-breadcrumbs-content":"","ast-featured-img":"","footer-sml-layout":"","theme-transparent-header-meta":"default","adv-header-id-meta":"","stick-header-meta":"","header-above-stick-meta":"","header-main-stick-meta":"","header-below-stick-meta":"","astra-migrate-meta-layouts":"set","ast-page-background-enabled":"default","ast-page-background-meta":{"desktop":{"background-color":"var(--ast-global-color-4)","background-image":"","background-repeat":"repeat","background-position":"center center","background-size":"auto","background-attachment":"scroll","background-type":"","background-media":"","overlay-type":"","overlay-color":"","overlay-opacity":"","overlay-gradient":""},"tablet":{"background-color":"","background-image":"","background-repeat":"repeat","background-position":"center center","background-size":"auto","background-attachment":"scroll","background-type":"","background-media":"","overlay-type":"","overlay-color":"","overlay-opacity":"","overlay-gradient":""},"mobile":{"background-color":"","background-image":"","background-repeat":"repeat","background-position":"center center","background-size":"auto","background-attachment":"scroll","background-type":"","background-media":"","overlay-type":"","overlay-color":"","overlay-opacity":"","overlay-gradient":""}},"ast-content-background-meta":{"desktop":{"background-color":"var(--ast-global-color-5)","background-image":"","background-repeat":"repeat","background-position":"center center","background-size":"auto","background-attachment":"scroll","background-type":"","background-media":"","overlay-type":"","overlay-color":"","overlay-opacity":"","overlay-gradient":""},"tablet":{"background-color":"var(--ast-global-color-5)","background-image":"","background-repeat":"repeat","background-position":"center center","background-size":"auto","background-attachment":"scroll","background-type":"","background-media":"","overlay-type":"","overlay-color":"","overlay-opacity":"","overlay-gradient":""},"mobile":{"background-color":"var(--ast-global-color-5)","background-image":"","background-repeat":"repeat","background-position":"center center","background-size":"auto","background-attachment":"scroll","background-type":"","background-media":"","overlay-type":"","overlay-color":"","overlay-opacity":"","overlay-gradient":""}},"footnotes":""},"categories":[979,77],"tags":[786,787,268,788],"class_list":["post-3185","post","type-post","status-publish","format-standard","has-post-thumbnail","hentry","category-club-augusta","category-noticias","tag-agenda2030","tag-capitalismoconsciente","tag-economia","tag-liderazgo"],"acf":[],"yoast_head":"<!-- This site is optimized with the Yoast SEO plugin v27.1.1 - https:\/\/yoast.com\/product\/yoast-seo-wordpress\/ -->\n<title>Nueva sesi\u00f3n del Club Augusta con Sebastian Ross, presidente de la Fundaci\u00f3n Espa\u00f1ola de Capitalismo Consciente - Club Augusta<\/title>\n<meta name=\"description\" content=\"Sebastian Ross, empresario, emprendedor y presidente de la Fundaci\u00f3n Espa\u00f1ola de Capitalismo Consciente nos visit\u00f3 el pasado d\u00eda 21 de mayo.\" \/>\n<meta name=\"robots\" content=\"index, follow, max-snippet:-1, max-image-preview:large, max-video-preview:-1\" \/>\n<link rel=\"canonical\" href=\"https:\/\/augustaabogados.com\/club\/nueva-sesion-del-club-augusta-con-sebastian-ross-presidente-de-la-fundacion-espanola-de-capitalismo-consciente\/\" \/>\n<meta property=\"og:locale\" content=\"es_ES\" \/>\n<meta property=\"og:type\" content=\"article\" \/>\n<meta property=\"og:title\" content=\"Nueva sesi\u00f3n del Club Augusta con Sebastian Ross, presidente de la Fundaci\u00f3n Espa\u00f1ola de Capitalismo Consciente - Club Augusta\" \/>\n<meta property=\"og:description\" content=\"Sebastian Ross, empresario, emprendedor y presidente de la Fundaci\u00f3n Espa\u00f1ola de Capitalismo Consciente nos visit\u00f3 el pasado d\u00eda 21 de mayo.\" \/>\n<meta property=\"og:url\" content=\"https:\/\/augustaabogados.com\/club\/nueva-sesion-del-club-augusta-con-sebastian-ross-presidente-de-la-fundacion-espanola-de-capitalismo-consciente\/\" \/>\n<meta property=\"og:site_name\" content=\"Club Augusta\" \/>\n<meta property=\"article:published_time\" content=\"2021-05-31T15:22:04+00:00\" \/>\n<meta property=\"article:modified_time\" content=\"2024-07-23T10:39:02+00:00\" \/>\n<meta property=\"og:image\" content=\"https:\/\/augustaabogados.com\/club\/wp-content\/uploads\/2023\/12\/CabeceraClubAugusta-4-69.jpg\" \/>\n\t<meta property=\"og:image:width\" content=\"800\" \/>\n\t<meta property=\"og:image:height\" content=\"418\" \/>\n\t<meta property=\"og:image:type\" content=\"image\/jpeg\" \/>\n<meta name=\"author\" content=\"david\" \/>\n<meta name=\"twitter:card\" content=\"summary_large_image\" \/>\n<meta name=\"twitter:label1\" content=\"Escrito por\" \/>\n\t<meta name=\"twitter:data1\" content=\"david\" \/>\n\t<meta name=\"twitter:label2\" content=\"Tiempo de lectura\" \/>\n\t<meta name=\"twitter:data2\" content=\"1 minuto\" \/>\n<script type=\"application\/ld+json\" class=\"yoast-schema-graph\">{\"@context\":\"https:\/\/schema.org\",\"@graph\":[{\"@type\":\"Article\",\"@id\":\"https:\/\/augustaabogados.com\/club\/nueva-sesion-del-club-augusta-con-sebastian-ross-presidente-de-la-fundacion-espanola-de-capitalismo-consciente\/#article\",\"isPartOf\":{\"@id\":\"https:\/\/augustaabogados.com\/club\/nueva-sesion-del-club-augusta-con-sebastian-ross-presidente-de-la-fundacion-espanola-de-capitalismo-consciente\/\"},\"author\":{\"name\":\"david\",\"@id\":\"https:\/\/augustaabogados.com\/club\/#\/schema\/person\/3e8bd6f13a17bd1e6f0d109d606ba26c\"},\"headline\":\"Nueva sesi\u00f3n del Club Augusta con Sebastian Ross, presidente de la Fundaci\u00f3n Espa\u00f1ola de Capitalismo Consciente\",\"datePublished\":\"2021-05-31T15:22:04+00:00\",\"dateModified\":\"2024-07-23T10:39:02+00:00\",\"mainEntityOfPage\":{\"@id\":\"https:\/\/augustaabogados.com\/club\/nueva-sesion-del-club-augusta-con-sebastian-ross-presidente-de-la-fundacion-espanola-de-capitalismo-consciente\/\"},\"wordCount\":159,\"publisher\":{\"@id\":\"https:\/\/augustaabogados.com\/club\/#organization\"},\"image\":{\"@id\":\"https:\/\/augustaabogados.com\/club\/nueva-sesion-del-club-augusta-con-sebastian-ross-presidente-de-la-fundacion-espanola-de-capitalismo-consciente\/#primaryimage\"},\"thumbnailUrl\":\"https:\/\/augustaabogados.com\/club\/wp-content\/uploads\/2023\/12\/CabeceraClubAugusta-4-69.jpg\",\"keywords\":[\"Agenda2030\",\"Capitalismoconsciente\",\"Economia\",\"Liderazgo\"],\"articleSection\":[\"Club Augusta\",\"Noticias\"],\"inLanguage\":\"es\"},{\"@type\":\"WebPage\",\"@id\":\"https:\/\/augustaabogados.com\/club\/nueva-sesion-del-club-augusta-con-sebastian-ross-presidente-de-la-fundacion-espanola-de-capitalismo-consciente\/\",\"url\":\"https:\/\/augustaabogados.com\/club\/nueva-sesion-del-club-augusta-con-sebastian-ross-presidente-de-la-fundacion-espanola-de-capitalismo-consciente\/\",\"name\":\"Nueva sesi\u00f3n del Club Augusta con Sebastian Ross, presidente de la Fundaci\u00f3n Espa\u00f1ola de Capitalismo Consciente - Club Augusta\",\"isPartOf\":{\"@id\":\"https:\/\/augustaabogados.com\/club\/#website\"},\"primaryImageOfPage\":{\"@id\":\"https:\/\/augustaabogados.com\/club\/nueva-sesion-del-club-augusta-con-sebastian-ross-presidente-de-la-fundacion-espanola-de-capitalismo-consciente\/#primaryimage\"},\"image\":{\"@id\":\"https:\/\/augustaabogados.com\/club\/nueva-sesion-del-club-augusta-con-sebastian-ross-presidente-de-la-fundacion-espanola-de-capitalismo-consciente\/#primaryimage\"},\"thumbnailUrl\":\"https:\/\/augustaabogados.com\/club\/wp-content\/uploads\/2023\/12\/CabeceraClubAugusta-4-69.jpg\",\"datePublished\":\"2021-05-31T15:22:04+00:00\",\"dateModified\":\"2024-07-23T10:39:02+00:00\",\"description\":\"Sebastian Ross, empresario, emprendedor y presidente de la Fundaci\u00f3n Espa\u00f1ola de Capitalismo Consciente nos visit\u00f3 el pasado d\u00eda 21 de mayo.\",\"breadcrumb\":{\"@id\":\"https:\/\/augustaabogados.com\/club\/nueva-sesion-del-club-augusta-con-sebastian-ross-presidente-de-la-fundacion-espanola-de-capitalismo-consciente\/#breadcrumb\"},\"inLanguage\":\"es\",\"potentialAction\":[{\"@type\":\"ReadAction\",\"target\":[\"https:\/\/augustaabogados.com\/club\/nueva-sesion-del-club-augusta-con-sebastian-ross-presidente-de-la-fundacion-espanola-de-capitalismo-consciente\/\"]}]},{\"@type\":\"ImageObject\",\"inLanguage\":\"es\",\"@id\":\"https:\/\/augustaabogados.com\/club\/nueva-sesion-del-club-augusta-con-sebastian-ross-presidente-de-la-fundacion-espanola-de-capitalismo-consciente\/#primaryimage\",\"url\":\"https:\/\/augustaabogados.com\/club\/wp-content\/uploads\/2023\/12\/CabeceraClubAugusta-4-69.jpg\",\"contentUrl\":\"https:\/\/augustaabogados.com\/club\/wp-content\/uploads\/2023\/12\/CabeceraClubAugusta-4-69.jpg\",\"width\":800,\"height\":418},{\"@type\":\"BreadcrumbList\",\"@id\":\"https:\/\/augustaabogados.com\/club\/nueva-sesion-del-club-augusta-con-sebastian-ross-presidente-de-la-fundacion-espanola-de-capitalismo-consciente\/#breadcrumb\",\"itemListElement\":[{\"@type\":\"ListItem\",\"position\":1,\"name\":\"Portada\",\"item\":\"https:\/\/augustaabogados.com\/club\/\"},{\"@type\":\"ListItem\",\"position\":2,\"name\":\"Nueva sesi\u00f3n del Club Augusta con Sebastian Ross, presidente de la Fundaci\u00f3n Espa\u00f1ola de Capitalismo Consciente\"}]},{\"@type\":\"WebSite\",\"@id\":\"https:\/\/augustaabogados.com\/club\/#website\",\"url\":\"https:\/\/augustaabogados.com\/club\/\",\"name\":\"augusta abogados\",\"description\":\"\",\"publisher\":{\"@id\":\"https:\/\/augustaabogados.com\/club\/#organization\"},\"potentialAction\":[{\"@type\":\"SearchAction\",\"target\":{\"@type\":\"EntryPoint\",\"urlTemplate\":\"https:\/\/augustaabogados.com\/club\/?s={search_term_string}\"},\"query-input\":{\"@type\":\"PropertyValueSpecification\",\"valueRequired\":true,\"valueName\":\"search_term_string\"}}],\"inLanguage\":\"es\"},{\"@type\":\"Organization\",\"@id\":\"https:\/\/augustaabogados.com\/club\/#organization\",\"name\":\"augusta abogados\",\"url\":\"https:\/\/augustaabogados.com\/club\/\",\"logo\":{\"@type\":\"ImageObject\",\"inLanguage\":\"es\",\"@id\":\"https:\/\/augustaabogados.com\/club\/#\/schema\/logo\/image\/\",\"url\":\"https:\/\/augustaabogados.com\/club\/wp-content\/uploads\/2023\/12\/LOGO-CLUB-AUGUSTA.svg\",\"contentUrl\":\"https:\/\/augustaabogados.com\/club\/wp-content\/uploads\/2023\/12\/LOGO-CLUB-AUGUSTA.svg\",\"width\":288,\"height\":88,\"caption\":\"augusta abogados\"},\"image\":{\"@id\":\"https:\/\/augustaabogados.com\/club\/#\/schema\/logo\/image\/\"}},{\"@type\":\"Person\",\"@id\":\"https:\/\/augustaabogados.com\/club\/#\/schema\/person\/3e8bd6f13a17bd1e6f0d109d606ba26c\",\"name\":\"david\",\"image\":{\"@type\":\"ImageObject\",\"inLanguage\":\"es\",\"@id\":\"https:\/\/augustaabogados.com\/club\/#\/schema\/person\/image\/\",\"url\":\"https:\/\/secure.gravatar.com\/avatar\/7239c726335dbdff32790e5c7b8b984cbe00f5a1c2465bc42ab52343c935f3ed?s=96&d=mm&r=g\",\"contentUrl\":\"https:\/\/secure.gravatar.com\/avatar\/7239c726335dbdff32790e5c7b8b984cbe00f5a1c2465bc42ab52343c935f3ed?s=96&d=mm&r=g\",\"caption\":\"david\"},\"url\":\"https:\/\/augustaabogados.com\/club\/author\/david\/\"}]}<\/script>\n<!-- \/ Yoast SEO plugin. -->","yoast_head_json":{"title":"Nueva sesi\u00f3n del Club Augusta con Sebastian Ross, presidente de la Fundaci\u00f3n Espa\u00f1ola de Capitalismo Consciente - Club Augusta","description":"Sebastian Ross, empresario, emprendedor y presidente de la Fundaci\u00f3n Espa\u00f1ola de Capitalismo Consciente nos visit\u00f3 el pasado d\u00eda 21 de mayo.","robots":{"index":"index","follow":"follow","max-snippet":"max-snippet:-1","max-image-preview":"max-image-preview:large","max-video-preview":"max-video-preview:-1"},"canonical":"https:\/\/augustaabogados.com\/club\/nueva-sesion-del-club-augusta-con-sebastian-ross-presidente-de-la-fundacion-espanola-de-capitalismo-consciente\/","og_locale":"es_ES","og_type":"article","og_title":"Nueva sesi\u00f3n del Club Augusta con Sebastian Ross, presidente de la Fundaci\u00f3n Espa\u00f1ola de Capitalismo Consciente - Club Augusta","og_description":"Sebastian Ross, empresario, emprendedor y presidente de la Fundaci\u00f3n Espa\u00f1ola de Capitalismo Consciente nos visit\u00f3 el pasado d\u00eda 21 de mayo.","og_url":"https:\/\/augustaabogados.com\/club\/nueva-sesion-del-club-augusta-con-sebastian-ross-presidente-de-la-fundacion-espanola-de-capitalismo-consciente\/","og_site_name":"Club Augusta","article_published_time":"2021-05-31T15:22:04+00:00","article_modified_time":"2024-07-23T10:39:02+00:00","og_image":[{"width":800,"height":418,"url":"https:\/\/augustaabogados.com\/club\/wp-content\/uploads\/2023\/12\/CabeceraClubAugusta-4-69.jpg","type":"image\/jpeg"}],"author":"david","twitter_card":"summary_large_image","twitter_misc":{"Escrito por":"david","Tiempo de lectura":"1 minuto"},"schema":{"@context":"https:\/\/schema.org","@graph":[{"@type":"Article","@id":"https:\/\/augustaabogados.com\/club\/nueva-sesion-del-club-augusta-con-sebastian-ross-presidente-de-la-fundacion-espanola-de-capitalismo-consciente\/#article","isPartOf":{"@id":"https:\/\/augustaabogados.com\/club\/nueva-sesion-del-club-augusta-con-sebastian-ross-presidente-de-la-fundacion-espanola-de-capitalismo-consciente\/"},"author":{"name":"david","@id":"https:\/\/augustaabogados.com\/club\/#\/schema\/person\/3e8bd6f13a17bd1e6f0d109d606ba26c"},"headline":"Nueva sesi\u00f3n del Club Augusta con Sebastian Ross, presidente de la Fundaci\u00f3n Espa\u00f1ola de Capitalismo Consciente","datePublished":"2021-05-31T15:22:04+00:00","dateModified":"2024-07-23T10:39:02+00:00","mainEntityOfPage":{"@id":"https:\/\/augustaabogados.com\/club\/nueva-sesion-del-club-augusta-con-sebastian-ross-presidente-de-la-fundacion-espanola-de-capitalismo-consciente\/"},"wordCount":159,"publisher":{"@id":"https:\/\/augustaabogados.com\/club\/#organization"},"image":{"@id":"https:\/\/augustaabogados.com\/club\/nueva-sesion-del-club-augusta-con-sebastian-ross-presidente-de-la-fundacion-espanola-de-capitalismo-consciente\/#primaryimage"},"thumbnailUrl":"https:\/\/augustaabogados.com\/club\/wp-content\/uploads\/2023\/12\/CabeceraClubAugusta-4-69.jpg","keywords":["Agenda2030","Capitalismoconsciente","Economia","Liderazgo"],"articleSection":["Club Augusta","Noticias"],"inLanguage":"es"},{"@type":"WebPage","@id":"https:\/\/augustaabogados.com\/club\/nueva-sesion-del-club-augusta-con-sebastian-ross-presidente-de-la-fundacion-espanola-de-capitalismo-consciente\/","url":"https:\/\/augustaabogados.com\/club\/nueva-sesion-del-club-augusta-con-sebastian-ross-presidente-de-la-fundacion-espanola-de-capitalismo-consciente\/","name":"Nueva sesi\u00f3n del Club Augusta con Sebastian Ross, presidente de la Fundaci\u00f3n Espa\u00f1ola de Capitalismo Consciente - Club Augusta","isPartOf":{"@id":"https:\/\/augustaabogados.com\/club\/#website"},"primaryImageOfPage":{"@id":"https:\/\/augustaabogados.com\/club\/nueva-sesion-del-club-augusta-con-sebastian-ross-presidente-de-la-fundacion-espanola-de-capitalismo-consciente\/#primaryimage"},"image":{"@id":"https:\/\/augustaabogados.com\/club\/nueva-sesion-del-club-augusta-con-sebastian-ross-presidente-de-la-fundacion-espanola-de-capitalismo-consciente\/#primaryimage"},"thumbnailUrl":"https:\/\/augustaabogados.com\/club\/wp-content\/uploads\/2023\/12\/CabeceraClubAugusta-4-69.jpg","datePublished":"2021-05-31T15:22:04+00:00","dateModified":"2024-07-23T10:39:02+00:00","description":"Sebastian Ross, empresario, emprendedor y presidente de la Fundaci\u00f3n Espa\u00f1ola de Capitalismo Consciente nos visit\u00f3 el pasado d\u00eda 21 de mayo.","breadcrumb":{"@id":"https:\/\/augustaabogados.com\/club\/nueva-sesion-del-club-augusta-con-sebastian-ross-presidente-de-la-fundacion-espanola-de-capitalismo-consciente\/#breadcrumb"},"inLanguage":"es","potentialAction":[{"@type":"ReadAction","target":["https:\/\/augustaabogados.com\/club\/nueva-sesion-del-club-augusta-con-sebastian-ross-presidente-de-la-fundacion-espanola-de-capitalismo-consciente\/"]}]},{"@type":"ImageObject","inLanguage":"es","@id":"https:\/\/augustaabogados.com\/club\/nueva-sesion-del-club-augusta-con-sebastian-ross-presidente-de-la-fundacion-espanola-de-capitalismo-consciente\/#primaryimage","url":"https:\/\/augustaabogados.com\/club\/wp-content\/uploads\/2023\/12\/CabeceraClubAugusta-4-69.jpg","contentUrl":"https:\/\/augustaabogados.com\/club\/wp-content\/uploads\/2023\/12\/CabeceraClubAugusta-4-69.jpg","width":800,"height":418},{"@type":"BreadcrumbList","@id":"https:\/\/augustaabogados.com\/club\/nueva-sesion-del-club-augusta-con-sebastian-ross-presidente-de-la-fundacion-espanola-de-capitalismo-consciente\/#breadcrumb","itemListElement":[{"@type":"ListItem","position":1,"name":"Portada","item":"https:\/\/augustaabogados.com\/club\/"},{"@type":"ListItem","position":2,"name":"Nueva sesi\u00f3n del Club Augusta con Sebastian Ross, presidente de la Fundaci\u00f3n Espa\u00f1ola de Capitalismo Consciente"}]},{"@type":"WebSite","@id":"https:\/\/augustaabogados.com\/club\/#website","url":"https:\/\/augustaabogados.com\/club\/","name":"augusta abogados","description":"","publisher":{"@id":"https:\/\/augustaabogados.com\/club\/#organization"},"potentialAction":[{"@type":"SearchAction","target":{"@type":"EntryPoint","urlTemplate":"https:\/\/augustaabogados.com\/club\/?s={search_term_string}"},"query-input":{"@type":"PropertyValueSpecification","valueRequired":true,"valueName":"search_term_string"}}],"inLanguage":"es"},{"@type":"Organization","@id":"https:\/\/augustaabogados.com\/club\/#organization","name":"augusta abogados","url":"https:\/\/augustaabogados.com\/club\/","logo":{"@type":"ImageObject","inLanguage":"es","@id":"https:\/\/augustaabogados.com\/club\/#\/schema\/logo\/image\/","url":"https:\/\/augustaabogados.com\/club\/wp-content\/uploads\/2023\/12\/LOGO-CLUB-AUGUSTA.svg","contentUrl":"https:\/\/augustaabogados.com\/club\/wp-content\/uploads\/2023\/12\/LOGO-CLUB-AUGUSTA.svg","width":288,"height":88,"caption":"augusta abogados"},"image":{"@id":"https:\/\/augustaabogados.com\/club\/#\/schema\/logo\/image\/"}},{"@type":"Person","@id":"https:\/\/augustaabogados.com\/club\/#\/schema\/person\/3e8bd6f13a17bd1e6f0d109d606ba26c","name":"david","image":{"@type":"ImageObject","inLanguage":"es","@id":"https:\/\/augustaabogados.com\/club\/#\/schema\/person\/image\/","url":"https:\/\/secure.gravatar.com\/avatar\/7239c726335dbdff32790e5c7b8b984cbe00f5a1c2465bc42ab52343c935f3ed?s=96&d=mm&r=g","contentUrl":"https:\/\/secure.gravatar.com\/avatar\/7239c726335dbdff32790e5c7b8b984cbe00f5a1c2465bc42ab52343c935f3ed?s=96&d=mm&r=g","caption":"david"},"url":"https:\/\/augustaabogados.com\/club\/author\/david\/"}]}},"_links":{"self":[{"href":"https:\/\/augustaabogados.com\/club\/wp-json\/wp\/v2\/posts\/3185","targetHints":{"allow":["GET"]}}],"collection":[{"href":"https:\/\/augustaabogados.com\/club\/wp-json\/wp\/v2\/posts"}],"about":[{"href":"https:\/\/augustaabogados.com\/club\/wp-json\/wp\/v2\/types\/post"}],"author":[{"embeddable":true,"href":"https:\/\/augustaabogados.com\/club\/wp-json\/wp\/v2\/users\/2"}],"replies":[{"embeddable":true,"href":"https:\/\/augustaabogados.com\/club\/wp-json\/wp\/v2\/comments?post=3185"}],"version-history":[{"count":7,"href":"https:\/\/augustaabogados.com\/club\/wp-json\/wp\/v2\/posts\/3185\/revisions"}],"predecessor-version":[{"id":6295,"href":"https:\/\/augustaabogados.com\/club\/wp-json\/wp\/v2\/posts\/3185\/revisions\/6295"}],"wp:featuredmedia":[{"embeddable":true,"href":"https:\/\/augustaabogados.com\/club\/wp-json\/wp\/v2\/media\/6296"}],"wp:attachment":[{"href":"https:\/\/augustaabogados.com\/club\/wp-json\/wp\/v2\/media?parent=3185"}],"wp:term":[{"taxonomy":"category","embeddable":true,"href":"https:\/\/augustaabogados.com\/club\/wp-json\/wp\/v2\/categories?post=3185"},{"taxonomy":"post_tag","embeddable":true,"href":"https:\/\/augustaabogados.com\/club\/wp-json\/wp\/v2\/tags?post=3185"}],"curies":[{"name":"wp","href":"https:\/\/api.w.org\/{rel}","templated":true}]}}