{"id":38079,"date":"2016-05-18T00:00:00","date_gmt":"2016-05-18T00:00:00","guid":{"rendered":"https:\/\/augustaabogados.com\/carlos-valls-participa-como-moderador-en-sesion-sobre-litigios-de-disenos-industriales-en-la-inta\/"},"modified":"2024-02-06T11:30:31","modified_gmt":"2024-02-06T11:30:31","slug":"carlos-valls-participa-como-moderador-en-sesion-sobre-litigios-de-disenos-industriales-en-la-inta__trashed-2__trashed","status":"publish","type":"post","link":"https:\/\/augustaabogados.com\/en\/carlos-valls-participa-como-moderador-en-sesion-sobre-litigios-de-disenos-industriales-en-la-inta__trashed-2__trashed\/","title":{"rendered":"Carlos Valls participa como moderador en sesi\u00f3n sobre litigios de dise\u00f1os industriales en la INTA"},"content":{"rendered":"<p>Carlos Valls ser\u00e1 Moderador del Desayuno-Mesa Redonda del martes, 24 de mayo, a las 8:00, sobre el tema \u0093El mejor perito para un litigio de dise\u00f1os industriales tal vez no sea el que Ud est\u00e1 pensando\u0094, en la Reuni\u00f3n Anual de la INTA que tiene lugar este a\u00f1o en Orlando, Florida.<\/p>\n<div><\/div>\n","protected":false},"excerpt":{"rendered":"<p>Carlos Valls ser\u00e1 Moderador del Desayuno-Mesa Redonda del martes, 24 de mayo, a las 8:00, sobre el tema \u0093El mejor perito para un litigio de dise\u00f1os industriales tal vez no sea el que Ud est\u00e1 pensando\u0094, en la Reuni\u00f3n Anual de la INTA que tiene lugar este a\u00f1o en Orlando, Florida.<\/p>\n","protected":false},"author":8,"featured_media":0,"comment_status":"closed","ping_status":"open","sticky":false,"template":"","format":"standard","meta":{"content-type":"","site-sidebar-layout":"no-sidebar","site-content-layout":"page-builder","ast-site-content-layout":"default","site-content-style":"default","site-sidebar-style":"default","ast-global-header-display":"","ast-banner-title-visibility":"","ast-main-header-display":"","ast-hfb-above-header-display":"","ast-hfb-below-header-display":"","ast-hfb-mobile-header-display":"","site-post-title":"","ast-breadcrumbs-content":"","ast-featured-img":"","footer-sml-layout":"","ast-disable-related-posts":"","theme-transparent-header-meta":"disabled","adv-header-id-meta":"","stick-header-meta":"","header-above-stick-meta":"","header-main-stick-meta":"","header-below-stick-meta":"","astra-migrate-meta-layouts":"set","ast-page-background-enabled":"default","ast-page-background-meta":{"desktop":{"background-color":"var(--ast-global-color-4)","background-image":"","background-repeat":"repeat","background-position":"center center","background-size":"auto","background-attachment":"scroll","background-type":"","background-media":"","overlay-type":"","overlay-color":"","overlay-opacity":"","overlay-gradient":""},"tablet":{"background-color":"","background-image":"","background-repeat":"repeat","background-position":"center center","background-size":"auto","background-attachment":"scroll","background-type":"","background-media":"","overlay-type":"","overlay-color":"","overlay-opacity":"","overlay-gradient":""},"mobile":{"background-color":"","background-image":"","background-repeat":"repeat","background-position":"center center","background-size":"auto","background-attachment":"scroll","background-type":"","background-media":"","overlay-type":"","overlay-color":"","overlay-opacity":"","overlay-gradient":""}},"ast-content-background-meta":{"desktop":{"background-color":"var(--ast-global-color-5)","background-image":"","background-repeat":"repeat","background-position":"center center","background-size":"auto","background-attachment":"scroll","background-type":"","background-media":"","overlay-type":"","overlay-color":"","overlay-opacity":"","overlay-gradient":""},"tablet":{"background-color":"var(--ast-global-color-5)","background-image":"","background-repeat":"repeat","background-position":"center center","background-size":"auto","background-attachment":"scroll","background-type":"","background-media":"","overlay-type":"","overlay-color":"","overlay-opacity":"","overlay-gradient":""},"mobile":{"background-color":"var(--ast-global-color-5)","background-image":"","background-repeat":"repeat","background-position":"center center","background-size":"auto","background-attachment":"scroll","background-type":"","background-media":"","overlay-type":"","overlay-color":"","overlay-opacity":"","overlay-gradient":""}},"footnotes":""},"categories":[1],"tags":[164,165],"servicio-asociado":[],"class_list":["post-38079","post","type-post","status-publish","format-standard","hentry","category-sin-categorizar","tag-inta","tag-perito-disenos-industriales"],"acf":[],"yoast_head":"<!-- This site is optimized with the Yoast SEO plugin v27.4 - https:\/\/yoast.com\/product\/yoast-seo-wordpress\/ -->\n<title>Informaci\u00f3n sobre la modificaci\u00f3n de la Ley catalana del Impuesto sobre Sucesiones y Donaciones|Informaci\u00f3n sobre la modificaci\u00f3n de la Ley catalana del Impuesto sobre Sucesiones y Donaciones<\/title>\n<meta name=\"description\" content=\"La modificaci\u00f3n de la Ley catalana del Impuesto sobre Sucesiones y Donaciones obliga a reevaluar las planificaciones fiscales de la sucesi\u00f3n familiar y empresarial.|La modificaci\u00f3n de la Ley catalana del Impuesto sobre Sucesiones y Donaciones obliga a reevaluar las planificaciones fiscales de la sucesi\u00f3n familiar y empresarial.\" \/>\n<meta name=\"robots\" content=\"index, follow, max-snippet:-1, max-image-preview:large, max-video-preview:-1\" \/>\n<link rel=\"canonical\" href=\"https:\/\/augustaabogados.com\/en\/carlos-valls-participa-como-moderador-en-sesion-sobre-litigios-de-disenos-industriales-en-la-inta__trashed-2__trashed\/\" \/>\n<meta property=\"og:locale\" content=\"en_US\" \/>\n<meta property=\"og:type\" content=\"article\" \/>\n<meta property=\"og:title\" content=\"Informaci\u00f3n sobre la modificaci\u00f3n de la Ley catalana del Impuesto sobre Sucesiones y Donaciones|Informaci\u00f3n sobre la modificaci\u00f3n de la Ley catalana del Impuesto sobre Sucesiones y Donaciones\" \/>\n<meta property=\"og:description\" content=\"La modificaci\u00f3n de la Ley catalana del Impuesto sobre Sucesiones y Donaciones obliga a reevaluar las planificaciones fiscales de la sucesi\u00f3n familiar y empresarial.|La modificaci\u00f3n de la Ley catalana del Impuesto sobre Sucesiones y Donaciones obliga a reevaluar las planificaciones fiscales de la sucesi\u00f3n familiar y empresarial.\" \/>\n<meta property=\"og:url\" content=\"https:\/\/augustaabogados.com\/en\/carlos-valls-participa-como-moderador-en-sesion-sobre-litigios-de-disenos-industriales-en-la-inta__trashed-2__trashed\/\" \/>\n<meta property=\"og:site_name\" content=\"Augusta Abogados\" \/>\n<meta property=\"article:published_time\" content=\"2016-05-18T00:00:00+00:00\" \/>\n<meta property=\"article:modified_time\" content=\"2024-02-06T11:30:31+00:00\" \/>\n<meta name=\"author\" content=\"Augusta Abogados\" \/>\n<meta name=\"twitter:card\" content=\"summary_large_image\" \/>\n<meta name=\"twitter:label1\" content=\"Written by\" \/>\n\t<meta name=\"twitter:data1\" content=\"Augusta Abogados\" \/>\n\t<meta name=\"twitter:label2\" content=\"Est. reading time\" \/>\n\t<meta name=\"twitter:data2\" content=\"3 minutes\" \/>\n<script type=\"application\/ld+json\" class=\"yoast-schema-graph\">{\"@context\":\"https:\\\/\\\/schema.org\",\"@graph\":[{\"@type\":\"Article\",\"@id\":\"https:\\\/\\\/augustaabogados.com\\\/en\\\/carlos-valls-participa-como-moderador-en-sesion-sobre-litigios-de-disenos-industriales-en-la-inta__trashed-2__trashed\\\/#article\",\"isPartOf\":{\"@id\":\"https:\\\/\\\/augustaabogados.com\\\/en\\\/carlos-valls-participa-como-moderador-en-sesion-sobre-litigios-de-disenos-industriales-en-la-inta__trashed-2__trashed\\\/\"},\"author\":{\"name\":\"Augusta Abogados\",\"@id\":\"https:\\\/\\\/augustaabogados.com\\\/#\\\/schema\\\/person\\\/8c5e230eb6ed47cdd14ee188eb04a753\"},\"headline\":\"Carlos Valls participa como moderador en sesi\u00f3n sobre litigios de dise\u00f1os industriales en la INTA\",\"datePublished\":\"2016-05-18T00:00:00+00:00\",\"dateModified\":\"2024-02-06T11:30:31+00:00\",\"mainEntityOfPage\":{\"@id\":\"https:\\\/\\\/augustaabogados.com\\\/en\\\/carlos-valls-participa-como-moderador-en-sesion-sobre-litigios-de-disenos-industriales-en-la-inta__trashed-2__trashed\\\/\"},\"wordCount\":69,\"publisher\":{\"@id\":\"https:\\\/\\\/augustaabogados.com\\\/#organization\"},\"keywords\":[\"INTA\",\"perito dise\u00f1os industriales\"],\"articleSection\":[\"OTHERS\"],\"inLanguage\":\"en-US\"},{\"@type\":[\"WebPage\",\"ItemPage\"],\"@id\":\"https:\\\/\\\/augustaabogados.com\\\/en\\\/carlos-valls-participa-como-moderador-en-sesion-sobre-litigios-de-disenos-industriales-en-la-inta__trashed-2__trashed\\\/\",\"url\":\"https:\\\/\\\/augustaabogados.com\\\/en\\\/carlos-valls-participa-como-moderador-en-sesion-sobre-litigios-de-disenos-industriales-en-la-inta__trashed-2__trashed\\\/\",\"name\":\"Informaci\u00f3n sobre la modificaci\u00f3n de la Ley catalana del Impuesto sobre Sucesiones y Donaciones|Informaci\u00f3n sobre la modificaci\u00f3n de la Ley catalana del Impuesto sobre Sucesiones y Donaciones\",\"isPartOf\":{\"@id\":\"https:\\\/\\\/augustaabogados.com\\\/#website\"},\"datePublished\":\"2016-05-18T00:00:00+00:00\",\"dateModified\":\"2024-02-06T11:30:31+00:00\",\"description\":\"La modificaci\u00f3n de la Ley catalana del Impuesto sobre Sucesiones y Donaciones obliga a reevaluar las planificaciones fiscales de la sucesi\u00f3n familiar y empresarial.|La modificaci\u00f3n de la Ley catalana del Impuesto sobre Sucesiones y Donaciones obliga a reevaluar las planificaciones fiscales de la sucesi\u00f3n familiar y empresarial.\",\"breadcrumb\":{\"@id\":\"https:\\\/\\\/augustaabogados.com\\\/en\\\/carlos-valls-participa-como-moderador-en-sesion-sobre-litigios-de-disenos-industriales-en-la-inta__trashed-2__trashed\\\/#breadcrumb\"},\"inLanguage\":\"en-US\",\"potentialAction\":[{\"@type\":\"ReadAction\",\"target\":[\"https:\\\/\\\/augustaabogados.com\\\/en\\\/carlos-valls-participa-como-moderador-en-sesion-sobre-litigios-de-disenos-industriales-en-la-inta__trashed-2__trashed\\\/\"]}]},{\"@type\":\"BreadcrumbList\",\"@id\":\"https:\\\/\\\/augustaabogados.com\\\/en\\\/carlos-valls-participa-como-moderador-en-sesion-sobre-litigios-de-disenos-industriales-en-la-inta__trashed-2__trashed\\\/#breadcrumb\",\"itemListElement\":[{\"@type\":\"ListItem\",\"position\":1,\"name\":\"Portada\",\"item\":\"https:\\\/\\\/augustaabogados.com\\\/en\\\/\"},{\"@type\":\"ListItem\",\"position\":2,\"name\":\"Carlos Valls participa como moderador en sesi\u00f3n sobre litigios de dise\u00f1os industriales en la INTA\"}]},{\"@type\":\"WebSite\",\"@id\":\"https:\\\/\\\/augustaabogados.com\\\/#website\",\"url\":\"https:\\\/\\\/augustaabogados.com\\\/\",\"name\":\"Augusta Abogados\",\"description\":\"\",\"publisher\":{\"@id\":\"https:\\\/\\\/augustaabogados.com\\\/#organization\"},\"potentialAction\":[{\"@type\":\"SearchAction\",\"target\":{\"@type\":\"EntryPoint\",\"urlTemplate\":\"https:\\\/\\\/augustaabogados.com\\\/?s={search_term_string}\"},\"query-input\":{\"@type\":\"PropertyValueSpecification\",\"valueRequired\":true,\"valueName\":\"search_term_string\"}}],\"inLanguage\":\"en-US\"},{\"@type\":\"Organization\",\"@id\":\"https:\\\/\\\/augustaabogados.com\\\/#organization\",\"name\":\"Augusta Abogados\",\"url\":\"https:\\\/\\\/augustaabogados.com\\\/\",\"logo\":{\"@type\":\"ImageObject\",\"inLanguage\":\"en-US\",\"@id\":\"https:\\\/\\\/augustaabogados.com\\\/#\\\/schema\\\/logo\\\/image\\\/\",\"url\":\"https:\\\/\\\/augustaabogados.com\\\/wp-content\\\/uploads\\\/2023\\\/11\\\/LOGO-AUGUSTA.svg\",\"contentUrl\":\"https:\\\/\\\/augustaabogados.com\\\/wp-content\\\/uploads\\\/2023\\\/11\\\/LOGO-AUGUSTA.svg\",\"caption\":\"Augusta Abogados\"},\"image\":{\"@id\":\"https:\\\/\\\/augustaabogados.com\\\/#\\\/schema\\\/logo\\\/image\\\/\"}},{\"@type\":\"Person\",\"@id\":\"https:\\\/\\\/augustaabogados.com\\\/#\\\/schema\\\/person\\\/8c5e230eb6ed47cdd14ee188eb04a753\",\"name\":\"Augusta Abogados\",\"image\":{\"@type\":\"ImageObject\",\"inLanguage\":\"en-US\",\"@id\":\"https:\\\/\\\/secure.gravatar.com\\\/avatar\\\/09e6ceb5fccff542915602bda752518fa959b0df2d103d929aefa74c2909a4bc?s=96&d=mm&r=g\",\"url\":\"https:\\\/\\\/secure.gravatar.com\\\/avatar\\\/09e6ceb5fccff542915602bda752518fa959b0df2d103d929aefa74c2909a4bc?s=96&d=mm&r=g\",\"contentUrl\":\"https:\\\/\\\/secure.gravatar.com\\\/avatar\\\/09e6ceb5fccff542915602bda752518fa959b0df2d103d929aefa74c2909a4bc?s=96&d=mm&r=g\",\"caption\":\"Augusta Abogados\"}}]}<\/script>\n<!-- \/ Yoast SEO plugin. -->","yoast_head_json":{"title":"Informaci\u00f3n sobre la modificaci\u00f3n de la Ley catalana del Impuesto sobre Sucesiones y Donaciones|Informaci\u00f3n sobre la modificaci\u00f3n de la Ley catalana del Impuesto sobre Sucesiones y Donaciones","description":"La modificaci\u00f3n de la Ley catalana del Impuesto sobre Sucesiones y Donaciones obliga a reevaluar las planificaciones fiscales de la sucesi\u00f3n familiar y empresarial.|La modificaci\u00f3n de la Ley catalana del Impuesto sobre Sucesiones y Donaciones obliga a reevaluar las planificaciones fiscales de la sucesi\u00f3n familiar y empresarial.","robots":{"index":"index","follow":"follow","max-snippet":"max-snippet:-1","max-image-preview":"max-image-preview:large","max-video-preview":"max-video-preview:-1"},"canonical":"https:\/\/augustaabogados.com\/en\/carlos-valls-participa-como-moderador-en-sesion-sobre-litigios-de-disenos-industriales-en-la-inta__trashed-2__trashed\/","og_locale":"en_US","og_type":"article","og_title":"Informaci\u00f3n sobre la modificaci\u00f3n de la Ley catalana del Impuesto sobre Sucesiones y Donaciones|Informaci\u00f3n sobre la modificaci\u00f3n de la Ley catalana del Impuesto sobre Sucesiones y Donaciones","og_description":"La modificaci\u00f3n de la Ley catalana del Impuesto sobre Sucesiones y Donaciones obliga a reevaluar las planificaciones fiscales de la sucesi\u00f3n familiar y empresarial.|La modificaci\u00f3n de la Ley catalana del Impuesto sobre Sucesiones y Donaciones obliga a reevaluar las planificaciones fiscales de la sucesi\u00f3n familiar y empresarial.","og_url":"https:\/\/augustaabogados.com\/en\/carlos-valls-participa-como-moderador-en-sesion-sobre-litigios-de-disenos-industriales-en-la-inta__trashed-2__trashed\/","og_site_name":"Augusta Abogados","article_published_time":"2016-05-18T00:00:00+00:00","article_modified_time":"2024-02-06T11:30:31+00:00","author":"Augusta Abogados","twitter_card":"summary_large_image","twitter_misc":{"Written by":"Augusta Abogados","Est. reading time":"3 minutes"},"schema":{"@context":"https:\/\/schema.org","@graph":[{"@type":"Article","@id":"https:\/\/augustaabogados.com\/en\/carlos-valls-participa-como-moderador-en-sesion-sobre-litigios-de-disenos-industriales-en-la-inta__trashed-2__trashed\/#article","isPartOf":{"@id":"https:\/\/augustaabogados.com\/en\/carlos-valls-participa-como-moderador-en-sesion-sobre-litigios-de-disenos-industriales-en-la-inta__trashed-2__trashed\/"},"author":{"name":"Augusta Abogados","@id":"https:\/\/augustaabogados.com\/#\/schema\/person\/8c5e230eb6ed47cdd14ee188eb04a753"},"headline":"Carlos Valls participa como moderador en sesi\u00f3n sobre litigios de dise\u00f1os industriales en la INTA","datePublished":"2016-05-18T00:00:00+00:00","dateModified":"2024-02-06T11:30:31+00:00","mainEntityOfPage":{"@id":"https:\/\/augustaabogados.com\/en\/carlos-valls-participa-como-moderador-en-sesion-sobre-litigios-de-disenos-industriales-en-la-inta__trashed-2__trashed\/"},"wordCount":69,"publisher":{"@id":"https:\/\/augustaabogados.com\/#organization"},"keywords":["INTA","perito dise\u00f1os industriales"],"articleSection":["OTHERS"],"inLanguage":"en-US"},{"@type":["WebPage","ItemPage"],"@id":"https:\/\/augustaabogados.com\/en\/carlos-valls-participa-como-moderador-en-sesion-sobre-litigios-de-disenos-industriales-en-la-inta__trashed-2__trashed\/","url":"https:\/\/augustaabogados.com\/en\/carlos-valls-participa-como-moderador-en-sesion-sobre-litigios-de-disenos-industriales-en-la-inta__trashed-2__trashed\/","name":"Informaci\u00f3n sobre la modificaci\u00f3n de la Ley catalana del Impuesto sobre Sucesiones y Donaciones|Informaci\u00f3n sobre la modificaci\u00f3n de la Ley catalana del Impuesto sobre Sucesiones y Donaciones","isPartOf":{"@id":"https:\/\/augustaabogados.com\/#website"},"datePublished":"2016-05-18T00:00:00+00:00","dateModified":"2024-02-06T11:30:31+00:00","description":"La modificaci\u00f3n de la Ley catalana del Impuesto sobre Sucesiones y Donaciones obliga a reevaluar las planificaciones fiscales de la sucesi\u00f3n familiar y empresarial.|La modificaci\u00f3n de la Ley catalana del Impuesto sobre Sucesiones y Donaciones obliga a reevaluar las planificaciones fiscales de la sucesi\u00f3n familiar y empresarial.","breadcrumb":{"@id":"https:\/\/augustaabogados.com\/en\/carlos-valls-participa-como-moderador-en-sesion-sobre-litigios-de-disenos-industriales-en-la-inta__trashed-2__trashed\/#breadcrumb"},"inLanguage":"en-US","potentialAction":[{"@type":"ReadAction","target":["https:\/\/augustaabogados.com\/en\/carlos-valls-participa-como-moderador-en-sesion-sobre-litigios-de-disenos-industriales-en-la-inta__trashed-2__trashed\/"]}]},{"@type":"BreadcrumbList","@id":"https:\/\/augustaabogados.com\/en\/carlos-valls-participa-como-moderador-en-sesion-sobre-litigios-de-disenos-industriales-en-la-inta__trashed-2__trashed\/#breadcrumb","itemListElement":[{"@type":"ListItem","position":1,"name":"Portada","item":"https:\/\/augustaabogados.com\/en\/"},{"@type":"ListItem","position":2,"name":"Carlos Valls participa como moderador en sesi\u00f3n sobre litigios de dise\u00f1os industriales en la INTA"}]},{"@type":"WebSite","@id":"https:\/\/augustaabogados.com\/#website","url":"https:\/\/augustaabogados.com\/","name":"Augusta Abogados","description":"","publisher":{"@id":"https:\/\/augustaabogados.com\/#organization"},"potentialAction":[{"@type":"SearchAction","target":{"@type":"EntryPoint","urlTemplate":"https:\/\/augustaabogados.com\/?s={search_term_string}"},"query-input":{"@type":"PropertyValueSpecification","valueRequired":true,"valueName":"search_term_string"}}],"inLanguage":"en-US"},{"@type":"Organization","@id":"https:\/\/augustaabogados.com\/#organization","name":"Augusta Abogados","url":"https:\/\/augustaabogados.com\/","logo":{"@type":"ImageObject","inLanguage":"en-US","@id":"https:\/\/augustaabogados.com\/#\/schema\/logo\/image\/","url":"https:\/\/augustaabogados.com\/wp-content\/uploads\/2023\/11\/LOGO-AUGUSTA.svg","contentUrl":"https:\/\/augustaabogados.com\/wp-content\/uploads\/2023\/11\/LOGO-AUGUSTA.svg","caption":"Augusta Abogados"},"image":{"@id":"https:\/\/augustaabogados.com\/#\/schema\/logo\/image\/"}},{"@type":"Person","@id":"https:\/\/augustaabogados.com\/#\/schema\/person\/8c5e230eb6ed47cdd14ee188eb04a753","name":"Augusta Abogados","image":{"@type":"ImageObject","inLanguage":"en-US","@id":"https:\/\/secure.gravatar.com\/avatar\/09e6ceb5fccff542915602bda752518fa959b0df2d103d929aefa74c2909a4bc?s=96&d=mm&r=g","url":"https:\/\/secure.gravatar.com\/avatar\/09e6ceb5fccff542915602bda752518fa959b0df2d103d929aefa74c2909a4bc?s=96&d=mm&r=g","contentUrl":"https:\/\/secure.gravatar.com\/avatar\/09e6ceb5fccff542915602bda752518fa959b0df2d103d929aefa74c2909a4bc?s=96&d=mm&r=g","caption":"Augusta Abogados"}}]}},"_links":{"self":[{"href":"https:\/\/augustaabogados.com\/en\/wp-json\/wp\/v2\/posts\/38079","targetHints":{"allow":["GET"]}}],"collection":[{"href":"https:\/\/augustaabogados.com\/en\/wp-json\/wp\/v2\/posts"}],"about":[{"href":"https:\/\/augustaabogados.com\/en\/wp-json\/wp\/v2\/types\/post"}],"author":[{"embeddable":true,"href":"https:\/\/augustaabogados.com\/en\/wp-json\/wp\/v2\/users\/8"}],"replies":[{"embeddable":true,"href":"https:\/\/augustaabogados.com\/en\/wp-json\/wp\/v2\/comments?post=38079"}],"version-history":[{"count":1,"href":"https:\/\/augustaabogados.com\/en\/wp-json\/wp\/v2\/posts\/38079\/revisions"}],"predecessor-version":[{"id":41037,"href":"https:\/\/augustaabogados.com\/en\/wp-json\/wp\/v2\/posts\/38079\/revisions\/41037"}],"wp:attachment":[{"href":"https:\/\/augustaabogados.com\/en\/wp-json\/wp\/v2\/media?parent=38079"}],"wp:term":[{"taxonomy":"category","embeddable":true,"href":"https:\/\/augustaabogados.com\/en\/wp-json\/wp\/v2\/categories?post=38079"},{"taxonomy":"post_tag","embeddable":true,"href":"https:\/\/augustaabogados.com\/en\/wp-json\/wp\/v2\/tags?post=38079"},{"taxonomy":"servicio-asociado","embeddable":true,"href":"https:\/\/augustaabogados.com\/en\/wp-json\/wp\/v2\/servicio-asociado?post=38079"}],"curies":[{"name":"wp","href":"https:\/\/api.w.org\/{rel}","templated":true}]}}